{"id":26708,"date":"2014-07-22T20:25:09","date_gmt":"2014-07-22T23:25:09","guid":{"rendered":"http:\/\/www.inclusive.org.br\/?p=26708"},"modified":"2014-07-22T20:25:09","modified_gmt":"2014-07-22T23:25:09","slug":"penurias-do-magisterio-brasileiro","status":"publish","type":"post","link":"https:\/\/inclusivenews.com.br\/?p=26708","title":{"rendered":"Pen\u00farias do magist\u00e9rio brasileiro"},"content":{"rendered":"<p><a href=\"http:\/\/contee.org.br\/contee\/index.php\/2014\/07\/penurias-do-magisterio-brasileiro\/\" target=\"_blank\" rel=\"noopener\"><img loading=\"lazy\" decoding=\"async\" class=\"size-full wp-image-19202 alignleft\" alt=\"Desenho de professora com uma ma\u00e7\u00e3 na m\u00e3o\" src=\"http:\/\/inclusivenews.com.br\/wp-content\/uploads\/2011\/04\/professor-maca.jpg\" width=\"215\" height=\"203\" \/><\/a><\/p>\n<p><em>Da <a href=\"http:\/\/contee.org.br\/contee\/index.php\/2014\/07\/penurias-do-magisterio-brasileiro\/\" target=\"_blank\" rel=\"noopener\">CONTEE<\/a><\/em><\/p>\n<p>Recente pesquisa realizada pela Organiza\u00e7\u00e3o para Coopera\u00e7\u00e3o e Desenvolvimento Econ\u00f4mico \u2013 OCDE com membros do magist\u00e9rio da educa\u00e7\u00e3o b\u00e1sica de pa\u00edses ricos, subdesenvolvidos e em desenvolvimento, entre eles o Brasil, revelou que as professoras e os professores brasileiros est\u00e3o entre os que mais trabalham no mundo. O trabalho em sala de aula no Brasil gira em torno de 25 horas semanais contra 19 horas na m\u00e9dia dos pa\u00edses entrevistados. S\u00f3 o Chile encontra-se acima do Brasil com 27 horas de trabalho em sala.<\/p>\n<p>Outros dados preocupantes: em m\u00e9dia, no Brasil, 20% do tempo das aulas s\u00e3o dedicados para conter a \u201cbagun\u00e7a\u201d dos estudantes, 13% para atividades administrativas, sem contar que nossos\/as professores\/as gastam 22% de tempo a mais com atividades extraclasses, 40% d\u00e3o aulas em cinco ou mais turmas e 20% atuam em mais de uma escola, segundo o censo escolar de 2013.<\/p>\n<p>As informa\u00e7\u00f5es at\u00e9 agora disponibilizadas pela OCDE n\u00e3o d\u00e3o conta das condi\u00e7\u00f5es de trabalho \u201cin loco\u201d nem sobre os sal\u00e1rios do magist\u00e9rio. Mas \u00e9 muito prov\u00e1vel que o Brasil se mantenha entre os \u00faltimos colocados nestes quesitos. Em termos salariais, por exemplo, est\u00e1vamos na quarta pior posi\u00e7\u00e3o no \u00faltimo ranking da OCDE.<\/p>\n<p>A CNTE e seus sindicatos filiados atuam na den\u00fancia das p\u00e9ssimas condi\u00e7\u00f5es de trabalho dos educadores \u2013 professores, funcion\u00e1rios e especialistas \u2013 e em prol do direito \u00e0 educa\u00e7\u00e3o p\u00fabica, gratuita, democr\u00e1tica, laica e de qualidade socialmente referenciada para todos e todas.<\/p>\n<p>Neste contexto de lutas, a lei do piso salarial nacional do magist\u00e9rio \u2013 que, necessariamente, precisa se vincular a uma estrutura de carreira atraente e digna \u2013 \u00e9 condi\u00e7\u00e3o essencial para melhorar as condi\u00e7\u00f5es de vida e trabalho dos\/as professores\/as e demais profissionais escolares, que esperam a regulamenta\u00e7\u00e3o do piso previsto no art. 206, VIII da Constitui\u00e7\u00e3o Federal.<\/p>\n<p>Outro alento para transpor a triste realidade dos educadores e dos estudantes, sobretudo das redes p\u00fablicas, diz respeito \u00e0s 20 metas e 254 estrat\u00e9gias do novo Plano Nacional de Educa\u00e7\u00e3o, aprovado na forma da Lei 13.005. Entre os compromissos do PNE est\u00e3o: a garantia do acesso universal \u00e0 escola de crian\u00e7as e jovens de 4 a 17 anos, al\u00e9m da amplia\u00e7\u00e3o de creches e do fim do analfabetismo da popula\u00e7\u00e3o adulta, a amplia\u00e7\u00e3o das vagas p\u00fablicas nos cursos t\u00e9cnico-profissionais e no ensino superior, a equipara\u00e7\u00e3o da remunera\u00e7\u00e3o m\u00e9dia do magist\u00e9rio da educa\u00e7\u00e3o b\u00e1sica \u00e0 de outros profissionais com mesmo n\u00edvel de escolaridade e a amplia\u00e7\u00e3o do financiamento educacional para 10% do PIB, tendo como refer\u00eancia o Custo Aluno Qualidade.<\/p>\n<p>Por outro lado, a pesquisa da OCDE ajuda a desmascarar parte dos gestores p\u00fablicos e de articulistas da grande imprensa, que tentam culpar os professores e as professoras do Brasil pelo insucesso escolar de milhares de crian\u00e7as e jovens que ainda n\u00e3o contam com a devida aten\u00e7\u00e3o do Estado para terem seu direito \u00e0 educa\u00e7\u00e3o respeitado. Trata-se de gente que, al\u00e9m de pisar longe do ch\u00e3o da escola p\u00fablica, tenta confundir a opini\u00e3o p\u00fablica com o objetivo de beneficiar grupos privados na disputa dos recursos p\u00fablicos e dos curr\u00edculos e modelos de gest\u00e3o que priorizem os interesses do mercado.<\/p>\n<p>Para essas pessoas, em especial, recomendamos a leitura da pesquisa da OCDE.<\/p>\n","protected":false},"excerpt":{"rendered":"<p>Recente pesquisa realizada pela Organiza\u00e7\u00e3o para Coopera\u00e7\u00e3o e Desenvolvimento Econ\u00f4mico \u2013 OCDE com membros do magist\u00e9rio da educa\u00e7\u00e3o b\u00e1sica de pa\u00edses ricos, subdesenvolvidos e em desenvolvimento, entre eles o Brasil, revelou que as professoras e os professores brasileiros est\u00e3o entre os que mais trabalham no mundo. O trabalho em sala de aula no Brasil gira em torno de 25 horas semanais contra 19 horas na m\u00e9dia dos pa\u00edses entrevistados. Informa\u00e7\u00e3o vem da CONTEE.<\/p>\n","protected":false},"author":1,"featured_media":0,"comment_status":"open","ping_status":"open","sticky":false,"template":"","format":"standard","meta":{"site-container-style":"default","site-container-layout":"default","site-sidebar-layout":"default","disable-article-header":"default","disable-site-header":"default","disable-site-footer":"default","disable-content-area-spacing":"default","footnotes":""},"categories":[6],"tags":[],"class_list":["post-26708","post","type-post","status-publish","format-standard","hentry","category-educacao"],"yoast_head":"<!-- This site is optimized with the Yoast SEO plugin v27.4 - https:\/\/yoast.com\/product\/yoast-seo-wordpress\/ -->\n<title>Pen\u00farias do magist\u00e9rio brasileiro -<\/title>\n<meta name=\"robots\" content=\"index, follow, max-snippet:-1, max-image-preview:large, max-video-preview:-1\" \/>\n<link rel=\"canonical\" href=\"https:\/\/inclusivenews.com.br\/?p=26708\" \/>\n<meta property=\"og:locale\" content=\"pt_PT\" \/>\n<meta property=\"og:type\" content=\"article\" \/>\n<meta property=\"og:title\" content=\"Pen\u00farias do magist\u00e9rio brasileiro -\" \/>\n<meta property=\"og:description\" content=\"Recente pesquisa realizada pela Organiza\u00e7\u00e3o para Coopera\u00e7\u00e3o e Desenvolvimento Econ\u00f4mico \u2013 OCDE com membros do magist\u00e9rio da educa\u00e7\u00e3o b\u00e1sica de pa\u00edses ricos, subdesenvolvidos e em desenvolvimento, entre eles o Brasil, revelou que as professoras e os professores brasileiros est\u00e3o entre os que mais trabalham no mundo. O trabalho em sala de aula no Brasil gira em torno de 25 horas semanais contra 19 horas na m\u00e9dia dos pa\u00edses entrevistados. Informa\u00e7\u00e3o vem da CONTEE.\" \/>\n<meta property=\"og:url\" content=\"https:\/\/inclusivenews.com.br\/?p=26708\" \/>\n<meta property=\"article:publisher\" content=\"https:\/\/www.facebook.com\/agenciainclusive\/\" \/>\n<meta property=\"article:published_time\" content=\"2014-07-22T23:25:09+00:00\" \/>\n<meta property=\"og:image\" content=\"http:\/\/inclusivenews.com.br\/wp-content\/uploads\/2011\/04\/professor-maca.jpg\" \/>\n<meta name=\"author\" content=\"inclusivenews2024\" \/>\n<meta name=\"twitter:card\" content=\"summary_large_image\" \/>\n<meta name=\"twitter:label1\" content=\"Escrito por\" \/>\n\t<meta name=\"twitter:data1\" content=\"inclusivenews2024\" \/>\n\t<meta name=\"twitter:label2\" content=\"Tempo estimado de leitura\" \/>\n\t<meta name=\"twitter:data2\" content=\"3 minutos\" \/>\n<script type=\"application\/ld+json\" class=\"yoast-schema-graph\">{\"@context\":\"https:\\\/\\\/schema.org\",\"@graph\":[{\"@type\":\"Article\",\"@id\":\"https:\\\/\\\/inclusivenews.com.br\\\/?p=26708#article\",\"isPartOf\":{\"@id\":\"https:\\\/\\\/inclusivenews.com.br\\\/?p=26708\"},\"author\":{\"name\":\"inclusivenews2024\",\"@id\":\"https:\\\/\\\/inclusivenews.com.br\\\/#\\\/schema\\\/person\\\/ae4ec7087559b8692fb33b6fffd2273b\"},\"headline\":\"Pen\u00farias do magist\u00e9rio brasileiro\",\"datePublished\":\"2014-07-22T23:25:09+00:00\",\"mainEntityOfPage\":{\"@id\":\"https:\\\/\\\/inclusivenews.com.br\\\/?p=26708\"},\"wordCount\":578,\"commentCount\":0,\"publisher\":{\"@id\":\"https:\\\/\\\/inclusivenews.com.br\\\/#organization\"},\"image\":{\"@id\":\"https:\\\/\\\/inclusivenews.com.br\\\/?p=26708#primaryimage\"},\"thumbnailUrl\":\"http:\\\/\\\/inclusivenews.com.br\\\/wp-content\\\/uploads\\\/2011\\\/04\\\/professor-maca.jpg\",\"articleSection\":[\"EDUCA\u00c7\u00c3O\"],\"inLanguage\":\"pt-PT\",\"potentialAction\":[{\"@type\":\"CommentAction\",\"name\":\"Comment\",\"target\":[\"https:\\\/\\\/inclusivenews.com.br\\\/?p=26708#respond\"]}]},{\"@type\":\"WebPage\",\"@id\":\"https:\\\/\\\/inclusivenews.com.br\\\/?p=26708\",\"url\":\"https:\\\/\\\/inclusivenews.com.br\\\/?p=26708\",\"name\":\"Pen\u00farias do magist\u00e9rio brasileiro -\",\"isPartOf\":{\"@id\":\"https:\\\/\\\/inclusivenews.com.br\\\/#website\"},\"primaryImageOfPage\":{\"@id\":\"https:\\\/\\\/inclusivenews.com.br\\\/?p=26708#primaryimage\"},\"image\":{\"@id\":\"https:\\\/\\\/inclusivenews.com.br\\\/?p=26708#primaryimage\"},\"thumbnailUrl\":\"http:\\\/\\\/inclusivenews.com.br\\\/wp-content\\\/uploads\\\/2011\\\/04\\\/professor-maca.jpg\",\"datePublished\":\"2014-07-22T23:25:09+00:00\",\"breadcrumb\":{\"@id\":\"https:\\\/\\\/inclusivenews.com.br\\\/?p=26708#breadcrumb\"},\"inLanguage\":\"pt-PT\",\"potentialAction\":[{\"@type\":\"ReadAction\",\"target\":[\"https:\\\/\\\/inclusivenews.com.br\\\/?p=26708\"]}]},{\"@type\":\"ImageObject\",\"inLanguage\":\"pt-PT\",\"@id\":\"https:\\\/\\\/inclusivenews.com.br\\\/?p=26708#primaryimage\",\"url\":\"\",\"contentUrl\":\"\"},{\"@type\":\"BreadcrumbList\",\"@id\":\"https:\\\/\\\/inclusivenews.com.br\\\/?p=26708#breadcrumb\",\"itemListElement\":[{\"@type\":\"ListItem\",\"position\":1,\"name\":\"In\u00edcio\",\"item\":\"https:\\\/\\\/inclusivenews.com.br\\\/\"},{\"@type\":\"ListItem\",\"position\":2,\"name\":\"Pen\u00farias do magist\u00e9rio brasileiro\"}]},{\"@type\":\"WebSite\",\"@id\":\"https:\\\/\\\/inclusivenews.com.br\\\/#website\",\"url\":\"https:\\\/\\\/inclusivenews.com.br\\\/\",\"name\":\"Inclusive News\",\"description\":\"Inclusive News\",\"publisher\":{\"@id\":\"https:\\\/\\\/inclusivenews.com.br\\\/#organization\"},\"potentialAction\":[{\"@type\":\"SearchAction\",\"target\":{\"@type\":\"EntryPoint\",\"urlTemplate\":\"https:\\\/\\\/inclusivenews.com.br\\\/?s={search_term_string}\"},\"query-input\":{\"@type\":\"PropertyValueSpecification\",\"valueRequired\":true,\"valueName\":\"search_term_string\"}}],\"inLanguage\":\"pt-PT\"},{\"@type\":\"Organization\",\"@id\":\"https:\\\/\\\/inclusivenews.com.br\\\/#organization\",\"name\":\"Inclusive - inclus\u00e3o e cidadania\",\"url\":\"https:\\\/\\\/inclusivenews.com.br\\\/\",\"logo\":{\"@type\":\"ImageObject\",\"inLanguage\":\"pt-PT\",\"@id\":\"https:\\\/\\\/inclusivenews.com.br\\\/#\\\/schema\\\/logo\\\/image\\\/\",\"url\":\"https:\\\/\\\/inclusivenews.com.br\\\/wp-content\\\/uploads\\\/2024\\\/03\\\/@grandesite.png\",\"contentUrl\":\"https:\\\/\\\/inclusivenews.com.br\\\/wp-content\\\/uploads\\\/2024\\\/03\\\/@grandesite.png\",\"width\":1080,\"height\":1080,\"caption\":\"Inclusive - inclus\u00e3o e cidadania\"},\"image\":{\"@id\":\"https:\\\/\\\/inclusivenews.com.br\\\/#\\\/schema\\\/logo\\\/image\\\/\"},\"sameAs\":[\"https:\\\/\\\/www.facebook.com\\\/agenciainclusive\\\/\",\"https:\\\/\\\/www.instagram.com\\\/newsinclusive\\\/\"]},{\"@type\":\"Person\",\"@id\":\"https:\\\/\\\/inclusivenews.com.br\\\/#\\\/schema\\\/person\\\/ae4ec7087559b8692fb33b6fffd2273b\",\"name\":\"inclusivenews2024\",\"image\":{\"@type\":\"ImageObject\",\"inLanguage\":\"pt-PT\",\"@id\":\"https:\\\/\\\/secure.gravatar.com\\\/avatar\\\/c5a7ef84c66fa914f55bc4f7ce26cfa275a3b9a1c5568b907bd184fb4dde7b40?s=96&d=mm&r=g\",\"url\":\"https:\\\/\\\/secure.gravatar.com\\\/avatar\\\/c5a7ef84c66fa914f55bc4f7ce26cfa275a3b9a1c5568b907bd184fb4dde7b40?s=96&d=mm&r=g\",\"contentUrl\":\"https:\\\/\\\/secure.gravatar.com\\\/avatar\\\/c5a7ef84c66fa914f55bc4f7ce26cfa275a3b9a1c5568b907bd184fb4dde7b40?s=96&d=mm&r=g\",\"caption\":\"inclusivenews2024\"},\"sameAs\":[\"https:\\\/\\\/inclusivenews.com.br\"],\"url\":\"https:\\\/\\\/inclusivenews.com.br\\\/?author=1\"}]}<\/script>\n<!-- \/ Yoast SEO plugin. -->","yoast_head_json":{"title":"Pen\u00farias do magist\u00e9rio brasileiro -","robots":{"index":"index","follow":"follow","max-snippet":"max-snippet:-1","max-image-preview":"max-image-preview:large","max-video-preview":"max-video-preview:-1"},"canonical":"https:\/\/inclusivenews.com.br\/?p=26708","og_locale":"pt_PT","og_type":"article","og_title":"Pen\u00farias do magist\u00e9rio brasileiro -","og_description":"Recente pesquisa realizada pela Organiza\u00e7\u00e3o para Coopera\u00e7\u00e3o e Desenvolvimento Econ\u00f4mico \u2013 OCDE com membros do magist\u00e9rio da educa\u00e7\u00e3o b\u00e1sica de pa\u00edses ricos, subdesenvolvidos e em desenvolvimento, entre eles o Brasil, revelou que as professoras e os professores brasileiros est\u00e3o entre os que mais trabalham no mundo. O trabalho em sala de aula no Brasil gira em torno de 25 horas semanais contra 19 horas na m\u00e9dia dos pa\u00edses entrevistados. Informa\u00e7\u00e3o vem da CONTEE.","og_url":"https:\/\/inclusivenews.com.br\/?p=26708","article_publisher":"https:\/\/www.facebook.com\/agenciainclusive\/","article_published_time":"2014-07-22T23:25:09+00:00","og_image":[{"url":"http:\/\/inclusivenews.com.br\/wp-content\/uploads\/2011\/04\/professor-maca.jpg","type":"","width":"","height":""}],"author":"inclusivenews2024","twitter_card":"summary_large_image","twitter_misc":{"Escrito por":"inclusivenews2024","Tempo estimado de leitura":"3 minutos"},"schema":{"@context":"https:\/\/schema.org","@graph":[{"@type":"Article","@id":"https:\/\/inclusivenews.com.br\/?p=26708#article","isPartOf":{"@id":"https:\/\/inclusivenews.com.br\/?p=26708"},"author":{"name":"inclusivenews2024","@id":"https:\/\/inclusivenews.com.br\/#\/schema\/person\/ae4ec7087559b8692fb33b6fffd2273b"},"headline":"Pen\u00farias do magist\u00e9rio brasileiro","datePublished":"2014-07-22T23:25:09+00:00","mainEntityOfPage":{"@id":"https:\/\/inclusivenews.com.br\/?p=26708"},"wordCount":578,"commentCount":0,"publisher":{"@id":"https:\/\/inclusivenews.com.br\/#organization"},"image":{"@id":"https:\/\/inclusivenews.com.br\/?p=26708#primaryimage"},"thumbnailUrl":"http:\/\/inclusivenews.com.br\/wp-content\/uploads\/2011\/04\/professor-maca.jpg","articleSection":["EDUCA\u00c7\u00c3O"],"inLanguage":"pt-PT","potentialAction":[{"@type":"CommentAction","name":"Comment","target":["https:\/\/inclusivenews.com.br\/?p=26708#respond"]}]},{"@type":"WebPage","@id":"https:\/\/inclusivenews.com.br\/?p=26708","url":"https:\/\/inclusivenews.com.br\/?p=26708","name":"Pen\u00farias do magist\u00e9rio brasileiro -","isPartOf":{"@id":"https:\/\/inclusivenews.com.br\/#website"},"primaryImageOfPage":{"@id":"https:\/\/inclusivenews.com.br\/?p=26708#primaryimage"},"image":{"@id":"https:\/\/inclusivenews.com.br\/?p=26708#primaryimage"},"thumbnailUrl":"http:\/\/inclusivenews.com.br\/wp-content\/uploads\/2011\/04\/professor-maca.jpg","datePublished":"2014-07-22T23:25:09+00:00","breadcrumb":{"@id":"https:\/\/inclusivenews.com.br\/?p=26708#breadcrumb"},"inLanguage":"pt-PT","potentialAction":[{"@type":"ReadAction","target":["https:\/\/inclusivenews.com.br\/?p=26708"]}]},{"@type":"ImageObject","inLanguage":"pt-PT","@id":"https:\/\/inclusivenews.com.br\/?p=26708#primaryimage","url":"","contentUrl":""},{"@type":"BreadcrumbList","@id":"https:\/\/inclusivenews.com.br\/?p=26708#breadcrumb","itemListElement":[{"@type":"ListItem","position":1,"name":"In\u00edcio","item":"https:\/\/inclusivenews.com.br\/"},{"@type":"ListItem","position":2,"name":"Pen\u00farias do magist\u00e9rio brasileiro"}]},{"@type":"WebSite","@id":"https:\/\/inclusivenews.com.br\/#website","url":"https:\/\/inclusivenews.com.br\/","name":"Inclusive News","description":"Inclusive News","publisher":{"@id":"https:\/\/inclusivenews.com.br\/#organization"},"potentialAction":[{"@type":"SearchAction","target":{"@type":"EntryPoint","urlTemplate":"https:\/\/inclusivenews.com.br\/?s={search_term_string}"},"query-input":{"@type":"PropertyValueSpecification","valueRequired":true,"valueName":"search_term_string"}}],"inLanguage":"pt-PT"},{"@type":"Organization","@id":"https:\/\/inclusivenews.com.br\/#organization","name":"Inclusive - inclus\u00e3o e cidadania","url":"https:\/\/inclusivenews.com.br\/","logo":{"@type":"ImageObject","inLanguage":"pt-PT","@id":"https:\/\/inclusivenews.com.br\/#\/schema\/logo\/image\/","url":"https:\/\/inclusivenews.com.br\/wp-content\/uploads\/2024\/03\/@grandesite.png","contentUrl":"https:\/\/inclusivenews.com.br\/wp-content\/uploads\/2024\/03\/@grandesite.png","width":1080,"height":1080,"caption":"Inclusive - inclus\u00e3o e cidadania"},"image":{"@id":"https:\/\/inclusivenews.com.br\/#\/schema\/logo\/image\/"},"sameAs":["https:\/\/www.facebook.com\/agenciainclusive\/","https:\/\/www.instagram.com\/newsinclusive\/"]},{"@type":"Person","@id":"https:\/\/inclusivenews.com.br\/#\/schema\/person\/ae4ec7087559b8692fb33b6fffd2273b","name":"inclusivenews2024","image":{"@type":"ImageObject","inLanguage":"pt-PT","@id":"https:\/\/secure.gravatar.com\/avatar\/c5a7ef84c66fa914f55bc4f7ce26cfa275a3b9a1c5568b907bd184fb4dde7b40?s=96&d=mm&r=g","url":"https:\/\/secure.gravatar.com\/avatar\/c5a7ef84c66fa914f55bc4f7ce26cfa275a3b9a1c5568b907bd184fb4dde7b40?s=96&d=mm&r=g","contentUrl":"https:\/\/secure.gravatar.com\/avatar\/c5a7ef84c66fa914f55bc4f7ce26cfa275a3b9a1c5568b907bd184fb4dde7b40?s=96&d=mm&r=g","caption":"inclusivenews2024"},"sameAs":["https:\/\/inclusivenews.com.br"],"url":"https:\/\/inclusivenews.com.br\/?author=1"}]}},"_links":{"self":[{"href":"https:\/\/inclusivenews.com.br\/index.php?rest_route=\/wp\/v2\/posts\/26708","targetHints":{"allow":["GET"]}}],"collection":[{"href":"https:\/\/inclusivenews.com.br\/index.php?rest_route=\/wp\/v2\/posts"}],"about":[{"href":"https:\/\/inclusivenews.com.br\/index.php?rest_route=\/wp\/v2\/types\/post"}],"author":[{"embeddable":true,"href":"https:\/\/inclusivenews.com.br\/index.php?rest_route=\/wp\/v2\/users\/1"}],"replies":[{"embeddable":true,"href":"https:\/\/inclusivenews.com.br\/index.php?rest_route=%2Fwp%2Fv2%2Fcomments&post=26708"}],"version-history":[{"count":0,"href":"https:\/\/inclusivenews.com.br\/index.php?rest_route=\/wp\/v2\/posts\/26708\/revisions"}],"wp:attachment":[{"href":"https:\/\/inclusivenews.com.br\/index.php?rest_route=%2Fwp%2Fv2%2Fmedia&parent=26708"}],"wp:term":[{"taxonomy":"category","embeddable":true,"href":"https:\/\/inclusivenews.com.br\/index.php?rest_route=%2Fwp%2Fv2%2Fcategories&post=26708"},{"taxonomy":"post_tag","embeddable":true,"href":"https:\/\/inclusivenews.com.br\/index.php?rest_route=%2Fwp%2Fv2%2Ftags&post=26708"}],"curies":[{"name":"wp","href":"https:\/\/api.w.org\/{rel}","templated":true}]}}