{"id":26710,"date":"2014-07-22T20:24:07","date_gmt":"2014-07-22T23:24:07","guid":{"rendered":"http:\/\/www.inclusive.org.br\/?p=26710"},"modified":"2014-07-22T20:24:07","modified_gmt":"2014-07-22T23:24:07","slug":"lesao-medular-para-alem-do-chute-da-copa","status":"publish","type":"post","link":"https:\/\/inclusivenews.com.br\/?p=26710","title":{"rendered":"Les\u00e3o medular: para al\u00e9m do chute da copa"},"content":{"rendered":"<p><img loading=\"lazy\" decoding=\"async\" class=\"alignnone\" alt=\"Exibi\u00e7\u00e3o do exoesqueleto na abertura da Copa. Um juiz segura agachado uma bola que ser\u00e1 chutada por pessoa utilizando o exoesqueleto.\" src=\"http:\/\/aovivo.ducker.com.br\/wp-content\/uploads\/2014\/06\/Copa-exoesqueleto.png\" width=\"274\" height=\"153\" \/><\/p>\n<p><em>Por Marina Gomes, na Ci\u00eancia e Cultura<\/em><\/p>\n<p style=\"text-align: right;\">GOMES, Marina. Les\u00e3o medular: para al\u00e9m do chute da copa. Cienc. Cult. [online]. 2014, vol.66, n.2, pp. 8-10. ISSN 2317-6660.<\/p>\n<p>&#8220;Voc\u00ea j\u00e1 andou hoje?&#8221;, essa \u00e9 uma das perguntas que mais se ouve no Laborat\u00f3rio de Biomec\u00e2nica e Reabilita\u00e7\u00e3o do Aparelho Locomotor, do Hospital das Cl\u00ednicas da Universidade Estadual de Campinas (Unicamp). A frequ\u00eancia do questionamento n\u00e3o causaria espanto se a sala, quase escondida ao fim do longo corredor, n\u00e3o fosse o local de tratamento de pacientes com les\u00e3o medular.<\/p>\n<p>L\u00e1, cem cadeirantes recebem tratamento com eletroestimula\u00e7\u00e3o neuronal, t\u00e9cnica que consiste em ligar eletrodos que transmitem pequenos choques ao m\u00fasculo paralisado, provocando contra\u00e7\u00e3o muscular. A partir desses est\u00edmulos, &#8220;eles apresentam movimentos involunt\u00e1rios e depois, de forma ainda n\u00e3o completamente compreendida, \u00e9 reestabelecida a conex\u00e3o com o c\u00e9rebro&#8221;, explica Alberto Cliquet J\u00fanior, professor do Departamento de Ortopedia e Traumatologia da Faculdade de Ci\u00eancias M\u00e9dicas da Unicamp e do Departamento de Engenharia Eletr\u00f4nica da Universidade de S\u00e3o Paulo (USP).<\/p>\n<p>Les\u00f5es na medula, se graves, interrompem a comunica\u00e7\u00e3o, via impulsos nervosos, entre o c\u00e9rebro e as partes do corpo abaixo da \u00e1rea lesionada. Com a eletroestimula\u00e7\u00e3o esses impulsos, \u00e0s vezes, encontram um caminho alternativo e restabelecem a conex\u00e3o. O tratamento envolve uma equipe multidisciplinar com fisioterapeutas, psic\u00f3logos, ortopedistas e urologistas, o que permite uma an\u00e1lise integral do paciente. O laborat\u00f3rio da Unicamp \u00e9 o \u00fanico no Hemisf\u00e9rio Sul dedicado a esse tipo de pesquisa e um dos tr\u00eas no mundo &#8211; os outros dois ficam na Alemanha e nos Estados Unidos &#8211; que s\u00e3o refer\u00eancia na \u00e1rea. Apesar de serem poucos os casos em que \u00e9 poss\u00edvel retomar movimentos completos, de forma volunt\u00e1ria, todos os pacientes apresentam benef\u00edcios no controle de comorbidades relacionadas \u00e0 les\u00e3o medular, como obesidade, osteoporose, doen\u00e7as cardiovasculares, infec\u00e7\u00f5es no trato urin\u00e1rio e diabetes. Com a estimula\u00e7\u00e3o, a massa \u00f3ssea aumenta, melhora a fun\u00e7\u00e3o cardiopulmonar e a percep\u00e7\u00e3o do pr\u00f3prio corpo (propriocep\u00e7\u00e3o). Em alguns pacientes, o ganho de firmeza nas pernas possibilita que eles consigam se levantar e dar alguns passos com o aux\u00edlio de um andador. &#8220;A estimula\u00e7\u00e3o el\u00e9trica associada a um treinamento funcional facilitou a plasticidade neuronal para o reaprendizado de tarefas da vida di\u00e1ria. Isso ocorreu em 16 sess\u00f5es com todos os participantes&#8221;, conta Karina C. Alonso, fisioterapeuta especialista em ortopedia e traumatologia, da Faculdade de Ci\u00eancias M\u00e9dicas da Unicamp. A cada hora, tr\u00eas brasileiros entram na lista de pessoas com les\u00e3o medular. 40% dessas les\u00f5es s\u00e3o causadas por acidentes de tr\u00e2nsito (veja box). O relat\u00f3rio &#8220;Diretrizes de aten\u00e7\u00e3o \u00e0 pessoa com les\u00e3o medular&#8221;, do Minist\u00e9rio da Sa\u00fade, de 2013, revelou que surgem anualmente 10 mil casos novos no Brasil. A imensa maioria dessas pessoas, no entanto, n\u00e3o tem acesso a um centro de tratamento de ponta.<\/p>\n<p>NO CENTRO DAS ATEN\u00c7\u00d5ES<\/p>\n<p>Devolver a capacidade de se movimentar a pessoas com les\u00f5es medulares e com outros tipos de restri\u00e7\u00f5es de locomo\u00e7\u00e3o \u00e9 um dos grandes desafios para m\u00e9dicos e pesquisadores. Este ano ao menos uma dessas pesquisas ganhar\u00e1 as aten\u00e7\u00f5es do mundo quando uma pessoa parapl\u00e9gica vai usar um exoesqueleto para caminhar e dar o chute inicial da Copa do Mundo da Fifa. O prot\u00f3tipo \u00e9 resultado do esfor\u00e7o de um cons\u00f3rcio internacional de pesquisas liderado pelo neurocientista Miguel Nicolelis. A interface c\u00e9rebro-computador \u00e9 uma das vertentes de pesquisa para auxiliar na reabilita\u00e7\u00e3o de pacientes com les\u00e3o medular. &#8220;As pessoas com les\u00e3o muitas vezes n\u00e3o conseguem ativar o teclado de um computador porque n\u00e3o t\u00eam movimento nos dedos. No entanto, a inten\u00e7\u00e3o est\u00e1 no c\u00e9rebro, falta apenas fazer a &#8220;liga\u00e7\u00e3o&#8221; entre os dois&#8221;, afirma Jana\u00edna Vall, professora do Departamento de Enfermagem da Universidade Federal do Cear\u00e1 (UFC). Outra \u00e1rea promissora para novos tratamentos \u00e9 a de desenvolvimento de membros rob\u00f3ticos e pr\u00f3teses neurais. Existe tamb\u00e9m grande expectativa em rela\u00e7\u00e3o \u00e0s c\u00e9lulas-tronco ou terapia celular. No Brasil h\u00e1 um projeto sendo desenvolvido em Salvador (Bahia) com 19 pacientes. &#8220;Precisamos aguardar o final da pesquisa, mas, de forma geral, avaliando o uso das c\u00e9lulas-tronco no mundo, os resultados ainda s\u00e3o muito discretos se comparados a terapias celulares para outras doen\u00e7as&#8221;, exp\u00f5e a professora. O SUS n\u00e3o tem um programa espec\u00edfico para tratamento de pessoas com les\u00e3o medular. Esses pacientes s\u00e3o tratados como politraumatizados e, em muitos casos, demoram a serem operados.<\/p>\n<p>PRIMEIROS SOCORROS<\/p>\n<p>A reabilita\u00e7\u00e3o est\u00e1 intimamente ligada aos cuidados recebidos no in\u00edcio do tratamento. Segundo Jana\u00edna Vall, o atendimento adequado para uma pessoa com les\u00e3o medular inclui estabilizar a coluna e manter o p\u00e9 em posi\u00e7\u00e3o correta. &#8220;Se esses cuidados n\u00e3o forem tomados, pode acontecer o que chamamos de &#8216;p\u00e9 equino&#8217;, que \u00e9 irrevers\u00edvel e impossibilita depois o bom posicionamento na cadeira de rodas&#8221;, explica ela. &#8220;O uso prolongado da sonda, quando o paciente fica muito tempo na Unidade de Terapia Intensiva (UTI), pode ter consequ\u00eancias no trato urin\u00e1rio. Esses fatores, que ocorrem no in\u00edcio da les\u00e3o, t\u00eam impacto direto e repercutem por toda a vida&#8221;, afirma a professora. Pacientes com les\u00e3o medular perdem entre 30 e 60% da densidade mineral \u00f3ssea do f\u00eamur e da t\u00edbia nos primeiros dois anos de les\u00e3o, o que os predisp\u00f5e a sofrerem fraturas. Infec\u00e7\u00f5es do trato urin\u00e1rio e fal\u00eancia renal s\u00e3o as maiores causas de morte.<\/p>\n<p>ESPORTE E QUALIDADE DE VIDA<\/p>\n<p>Marcelo Ares, gerente m\u00e9dico do Centro de Reabilita\u00e7\u00e3o da Associa\u00e7\u00e3o de Assist\u00eancia \u00e0 Crian\u00e7a Deficiente (AACD), afirma que a qualidade de vida de um lesionado medular que realiza acompanhamento m\u00e9dico peri\u00f3dico e adota medidas preventivas para as complica\u00e7\u00f5es pertinentes \u00e0 les\u00e3o \u00e9 muito boa. &#8220;A tecnologia pode ajudar se associada aos m\u00e9todos terap\u00eauticos convencionais com objetivos funcionais e no aux\u00edlio na execu\u00e7\u00e3o das atividades de vida di\u00e1ria&#8221;, diz.<\/p>\n<p>O tratamento correto e medidas de reabilita\u00e7\u00e3o permitem que muitas pessoas com les\u00e3o medular tenham uma vida produtiva e independente, com inser\u00e7\u00e3o no mercado de trabalho. Uma parcela dessas pessoas tamb\u00e9m se realiza por meio da pr\u00e1tica de esportes. \u00c9 o caso de Yves Carbinatti, 27 anos, de Rio Claro, interior de S\u00e3o Paulo, que, em 2008, sofreu um acidente de tr\u00e2nsito. Hoje ele pratica jiu jitsu e \u00e9 piloto de kart. A maior dificuldade, segundo ele, \u00e9 conscientizar a sociedade sobre a inclus\u00e3o de pessoas com defici\u00eancia. &#8220;Eu sou embaixador da categoria de deficientes f\u00edsicos no jiu jitsu e trabalho em um projeto de boxe adaptado para cadeirantes. O esporte contribui para uma vida saud\u00e1vel, inclus\u00e3o social e a motiva\u00e7\u00e3o, essencial para melhorar e vencer sempre&#8221;, afirma ele, que foi o \u00fanico piloto com mobilidade reduzida a disputar a Stock Car Junior. E promete muito mais.<\/p>\n","protected":false},"excerpt":{"rendered":"<p>A cada hora, tr\u00eas brasileiros entram na lista de pessoas com les\u00e3o medular. 40% dessas les\u00f5es s\u00e3o causadas por acidentes de tr\u00e2nsito (veja box). O relat\u00f3rio &#8220;Diretrizes de aten\u00e7\u00e3o \u00e0 pessoa com les\u00e3o medular&#8221;, do Minist\u00e9rio da Sa\u00fade, de 2013, revelou que surgem anualmente 10 mil casos novos no Brasil. A imensa maioria dessas pessoas, no entanto, n\u00e3o tem acesso a um centro de tratamento de ponta. Artigo \u00e9 de Marina Gomes.<\/p>\n","protected":false},"author":1,"featured_media":0,"comment_status":"open","ping_status":"open","sticky":false,"template":"","format":"standard","meta":{"site-container-style":"default","site-container-layout":"default","site-sidebar-layout":"default","disable-article-header":"default","disable-site-header":"default","disable-site-footer":"default","disable-content-area-spacing":"default","footnotes":""},"categories":[24],"tags":[],"class_list":["post-26710","post","type-post","status-publish","format-standard","hentry","category-producao-academica"],"yoast_head":"<!-- This site is optimized with the Yoast SEO plugin v27.4 - https:\/\/yoast.com\/product\/yoast-seo-wordpress\/ -->\n<title>Les\u00e3o medular: para al\u00e9m do chute da copa -<\/title>\n<meta name=\"robots\" content=\"index, follow, max-snippet:-1, max-image-preview:large, max-video-preview:-1\" \/>\n<link rel=\"canonical\" href=\"https:\/\/inclusivenews.com.br\/?p=26710\" \/>\n<meta property=\"og:locale\" content=\"pt_PT\" \/>\n<meta property=\"og:type\" content=\"article\" \/>\n<meta property=\"og:title\" content=\"Les\u00e3o medular: para al\u00e9m do chute da copa -\" \/>\n<meta property=\"og:description\" content=\"A cada hora, tr\u00eas brasileiros entram na lista de pessoas com les\u00e3o medular. 40% dessas les\u00f5es s\u00e3o causadas por acidentes de tr\u00e2nsito (veja box). O relat\u00f3rio &quot;Diretrizes de aten\u00e7\u00e3o \u00e0 pessoa com les\u00e3o medular&quot;, do Minist\u00e9rio da Sa\u00fade, de 2013, revelou que surgem anualmente 10 mil casos novos no Brasil. A imensa maioria dessas pessoas, no entanto, n\u00e3o tem acesso a um centro de tratamento de ponta. Artigo \u00e9 de Marina Gomes.\" \/>\n<meta property=\"og:url\" content=\"https:\/\/inclusivenews.com.br\/?p=26710\" \/>\n<meta property=\"article:publisher\" content=\"https:\/\/www.facebook.com\/agenciainclusive\/\" \/>\n<meta property=\"article:published_time\" content=\"2014-07-22T23:24:07+00:00\" \/>\n<meta property=\"og:image\" content=\"http:\/\/aovivo.ducker.com.br\/wp-content\/uploads\/2014\/06\/Copa-exoesqueleto.png\" \/>\n<meta name=\"author\" content=\"inclusivenews2024\" \/>\n<meta name=\"twitter:card\" content=\"summary_large_image\" \/>\n<meta name=\"twitter:label1\" content=\"Escrito por\" \/>\n\t<meta name=\"twitter:data1\" content=\"inclusivenews2024\" \/>\n\t<meta name=\"twitter:label2\" content=\"Tempo estimado de leitura\" \/>\n\t<meta name=\"twitter:data2\" content=\"6 minutos\" \/>\n<script type=\"application\/ld+json\" class=\"yoast-schema-graph\">{\"@context\":\"https:\\\/\\\/schema.org\",\"@graph\":[{\"@type\":\"Article\",\"@id\":\"https:\\\/\\\/inclusivenews.com.br\\\/?p=26710#article\",\"isPartOf\":{\"@id\":\"https:\\\/\\\/inclusivenews.com.br\\\/?p=26710\"},\"author\":{\"name\":\"inclusivenews2024\",\"@id\":\"https:\\\/\\\/inclusivenews.com.br\\\/#\\\/schema\\\/person\\\/ae4ec7087559b8692fb33b6fffd2273b\"},\"headline\":\"Les\u00e3o medular: para al\u00e9m do chute da copa\",\"datePublished\":\"2014-07-22T23:24:07+00:00\",\"mainEntityOfPage\":{\"@id\":\"https:\\\/\\\/inclusivenews.com.br\\\/?p=26710\"},\"wordCount\":1213,\"commentCount\":0,\"publisher\":{\"@id\":\"https:\\\/\\\/inclusivenews.com.br\\\/#organization\"},\"image\":{\"@id\":\"https:\\\/\\\/inclusivenews.com.br\\\/?p=26710#primaryimage\"},\"thumbnailUrl\":\"http:\\\/\\\/aovivo.ducker.com.br\\\/wp-content\\\/uploads\\\/2014\\\/06\\\/Copa-exoesqueleto.png\",\"articleSection\":[\"Produ\u00e7\u00e3o acad\u00eamica\"],\"inLanguage\":\"pt-PT\",\"potentialAction\":[{\"@type\":\"CommentAction\",\"name\":\"Comment\",\"target\":[\"https:\\\/\\\/inclusivenews.com.br\\\/?p=26710#respond\"]}]},{\"@type\":\"WebPage\",\"@id\":\"https:\\\/\\\/inclusivenews.com.br\\\/?p=26710\",\"url\":\"https:\\\/\\\/inclusivenews.com.br\\\/?p=26710\",\"name\":\"Les\u00e3o medular: para al\u00e9m do chute da copa -\",\"isPartOf\":{\"@id\":\"https:\\\/\\\/inclusivenews.com.br\\\/#website\"},\"primaryImageOfPage\":{\"@id\":\"https:\\\/\\\/inclusivenews.com.br\\\/?p=26710#primaryimage\"},\"image\":{\"@id\":\"https:\\\/\\\/inclusivenews.com.br\\\/?p=26710#primaryimage\"},\"thumbnailUrl\":\"http:\\\/\\\/aovivo.ducker.com.br\\\/wp-content\\\/uploads\\\/2014\\\/06\\\/Copa-exoesqueleto.png\",\"datePublished\":\"2014-07-22T23:24:07+00:00\",\"breadcrumb\":{\"@id\":\"https:\\\/\\\/inclusivenews.com.br\\\/?p=26710#breadcrumb\"},\"inLanguage\":\"pt-PT\",\"potentialAction\":[{\"@type\":\"ReadAction\",\"target\":[\"https:\\\/\\\/inclusivenews.com.br\\\/?p=26710\"]}]},{\"@type\":\"ImageObject\",\"inLanguage\":\"pt-PT\",\"@id\":\"https:\\\/\\\/inclusivenews.com.br\\\/?p=26710#primaryimage\",\"url\":\"http:\\\/\\\/aovivo.ducker.com.br\\\/wp-content\\\/uploads\\\/2014\\\/06\\\/Copa-exoesqueleto.png\",\"contentUrl\":\"http:\\\/\\\/aovivo.ducker.com.br\\\/wp-content\\\/uploads\\\/2014\\\/06\\\/Copa-exoesqueleto.png\"},{\"@type\":\"BreadcrumbList\",\"@id\":\"https:\\\/\\\/inclusivenews.com.br\\\/?p=26710#breadcrumb\",\"itemListElement\":[{\"@type\":\"ListItem\",\"position\":1,\"name\":\"In\u00edcio\",\"item\":\"https:\\\/\\\/inclusivenews.com.br\\\/\"},{\"@type\":\"ListItem\",\"position\":2,\"name\":\"Les\u00e3o medular: para al\u00e9m do chute da copa\"}]},{\"@type\":\"WebSite\",\"@id\":\"https:\\\/\\\/inclusivenews.com.br\\\/#website\",\"url\":\"https:\\\/\\\/inclusivenews.com.br\\\/\",\"name\":\"Inclusive News\",\"description\":\"Inclusive News\",\"publisher\":{\"@id\":\"https:\\\/\\\/inclusivenews.com.br\\\/#organization\"},\"potentialAction\":[{\"@type\":\"SearchAction\",\"target\":{\"@type\":\"EntryPoint\",\"urlTemplate\":\"https:\\\/\\\/inclusivenews.com.br\\\/?s={search_term_string}\"},\"query-input\":{\"@type\":\"PropertyValueSpecification\",\"valueRequired\":true,\"valueName\":\"search_term_string\"}}],\"inLanguage\":\"pt-PT\"},{\"@type\":\"Organization\",\"@id\":\"https:\\\/\\\/inclusivenews.com.br\\\/#organization\",\"name\":\"Inclusive - inclus\u00e3o e cidadania\",\"url\":\"https:\\\/\\\/inclusivenews.com.br\\\/\",\"logo\":{\"@type\":\"ImageObject\",\"inLanguage\":\"pt-PT\",\"@id\":\"https:\\\/\\\/inclusivenews.com.br\\\/#\\\/schema\\\/logo\\\/image\\\/\",\"url\":\"https:\\\/\\\/inclusivenews.com.br\\\/wp-content\\\/uploads\\\/2024\\\/03\\\/@grandesite.png\",\"contentUrl\":\"https:\\\/\\\/inclusivenews.com.br\\\/wp-content\\\/uploads\\\/2024\\\/03\\\/@grandesite.png\",\"width\":1080,\"height\":1080,\"caption\":\"Inclusive - inclus\u00e3o e cidadania\"},\"image\":{\"@id\":\"https:\\\/\\\/inclusivenews.com.br\\\/#\\\/schema\\\/logo\\\/image\\\/\"},\"sameAs\":[\"https:\\\/\\\/www.facebook.com\\\/agenciainclusive\\\/\",\"https:\\\/\\\/www.instagram.com\\\/newsinclusive\\\/\"]},{\"@type\":\"Person\",\"@id\":\"https:\\\/\\\/inclusivenews.com.br\\\/#\\\/schema\\\/person\\\/ae4ec7087559b8692fb33b6fffd2273b\",\"name\":\"inclusivenews2024\",\"image\":{\"@type\":\"ImageObject\",\"inLanguage\":\"pt-PT\",\"@id\":\"https:\\\/\\\/secure.gravatar.com\\\/avatar\\\/c5a7ef84c66fa914f55bc4f7ce26cfa275a3b9a1c5568b907bd184fb4dde7b40?s=96&d=mm&r=g\",\"url\":\"https:\\\/\\\/secure.gravatar.com\\\/avatar\\\/c5a7ef84c66fa914f55bc4f7ce26cfa275a3b9a1c5568b907bd184fb4dde7b40?s=96&d=mm&r=g\",\"contentUrl\":\"https:\\\/\\\/secure.gravatar.com\\\/avatar\\\/c5a7ef84c66fa914f55bc4f7ce26cfa275a3b9a1c5568b907bd184fb4dde7b40?s=96&d=mm&r=g\",\"caption\":\"inclusivenews2024\"},\"sameAs\":[\"https:\\\/\\\/inclusivenews.com.br\"],\"url\":\"https:\\\/\\\/inclusivenews.com.br\\\/?author=1\"}]}<\/script>\n<!-- \/ Yoast SEO plugin. -->","yoast_head_json":{"title":"Les\u00e3o medular: para al\u00e9m do chute da copa -","robots":{"index":"index","follow":"follow","max-snippet":"max-snippet:-1","max-image-preview":"max-image-preview:large","max-video-preview":"max-video-preview:-1"},"canonical":"https:\/\/inclusivenews.com.br\/?p=26710","og_locale":"pt_PT","og_type":"article","og_title":"Les\u00e3o medular: para al\u00e9m do chute da copa -","og_description":"A cada hora, tr\u00eas brasileiros entram na lista de pessoas com les\u00e3o medular. 40% dessas les\u00f5es s\u00e3o causadas por acidentes de tr\u00e2nsito (veja box). O relat\u00f3rio \"Diretrizes de aten\u00e7\u00e3o \u00e0 pessoa com les\u00e3o medular\", do Minist\u00e9rio da Sa\u00fade, de 2013, revelou que surgem anualmente 10 mil casos novos no Brasil. A imensa maioria dessas pessoas, no entanto, n\u00e3o tem acesso a um centro de tratamento de ponta. Artigo \u00e9 de Marina Gomes.","og_url":"https:\/\/inclusivenews.com.br\/?p=26710","article_publisher":"https:\/\/www.facebook.com\/agenciainclusive\/","article_published_time":"2014-07-22T23:24:07+00:00","og_image":[{"url":"http:\/\/aovivo.ducker.com.br\/wp-content\/uploads\/2014\/06\/Copa-exoesqueleto.png","type":"","width":"","height":""}],"author":"inclusivenews2024","twitter_card":"summary_large_image","twitter_misc":{"Escrito por":"inclusivenews2024","Tempo estimado de leitura":"6 minutos"},"schema":{"@context":"https:\/\/schema.org","@graph":[{"@type":"Article","@id":"https:\/\/inclusivenews.com.br\/?p=26710#article","isPartOf":{"@id":"https:\/\/inclusivenews.com.br\/?p=26710"},"author":{"name":"inclusivenews2024","@id":"https:\/\/inclusivenews.com.br\/#\/schema\/person\/ae4ec7087559b8692fb33b6fffd2273b"},"headline":"Les\u00e3o medular: para al\u00e9m do chute da copa","datePublished":"2014-07-22T23:24:07+00:00","mainEntityOfPage":{"@id":"https:\/\/inclusivenews.com.br\/?p=26710"},"wordCount":1213,"commentCount":0,"publisher":{"@id":"https:\/\/inclusivenews.com.br\/#organization"},"image":{"@id":"https:\/\/inclusivenews.com.br\/?p=26710#primaryimage"},"thumbnailUrl":"http:\/\/aovivo.ducker.com.br\/wp-content\/uploads\/2014\/06\/Copa-exoesqueleto.png","articleSection":["Produ\u00e7\u00e3o acad\u00eamica"],"inLanguage":"pt-PT","potentialAction":[{"@type":"CommentAction","name":"Comment","target":["https:\/\/inclusivenews.com.br\/?p=26710#respond"]}]},{"@type":"WebPage","@id":"https:\/\/inclusivenews.com.br\/?p=26710","url":"https:\/\/inclusivenews.com.br\/?p=26710","name":"Les\u00e3o medular: para al\u00e9m do chute da copa -","isPartOf":{"@id":"https:\/\/inclusivenews.com.br\/#website"},"primaryImageOfPage":{"@id":"https:\/\/inclusivenews.com.br\/?p=26710#primaryimage"},"image":{"@id":"https:\/\/inclusivenews.com.br\/?p=26710#primaryimage"},"thumbnailUrl":"http:\/\/aovivo.ducker.com.br\/wp-content\/uploads\/2014\/06\/Copa-exoesqueleto.png","datePublished":"2014-07-22T23:24:07+00:00","breadcrumb":{"@id":"https:\/\/inclusivenews.com.br\/?p=26710#breadcrumb"},"inLanguage":"pt-PT","potentialAction":[{"@type":"ReadAction","target":["https:\/\/inclusivenews.com.br\/?p=26710"]}]},{"@type":"ImageObject","inLanguage":"pt-PT","@id":"https:\/\/inclusivenews.com.br\/?p=26710#primaryimage","url":"http:\/\/aovivo.ducker.com.br\/wp-content\/uploads\/2014\/06\/Copa-exoesqueleto.png","contentUrl":"http:\/\/aovivo.ducker.com.br\/wp-content\/uploads\/2014\/06\/Copa-exoesqueleto.png"},{"@type":"BreadcrumbList","@id":"https:\/\/inclusivenews.com.br\/?p=26710#breadcrumb","itemListElement":[{"@type":"ListItem","position":1,"name":"In\u00edcio","item":"https:\/\/inclusivenews.com.br\/"},{"@type":"ListItem","position":2,"name":"Les\u00e3o medular: para al\u00e9m do chute da copa"}]},{"@type":"WebSite","@id":"https:\/\/inclusivenews.com.br\/#website","url":"https:\/\/inclusivenews.com.br\/","name":"Inclusive News","description":"Inclusive News","publisher":{"@id":"https:\/\/inclusivenews.com.br\/#organization"},"potentialAction":[{"@type":"SearchAction","target":{"@type":"EntryPoint","urlTemplate":"https:\/\/inclusivenews.com.br\/?s={search_term_string}"},"query-input":{"@type":"PropertyValueSpecification","valueRequired":true,"valueName":"search_term_string"}}],"inLanguage":"pt-PT"},{"@type":"Organization","@id":"https:\/\/inclusivenews.com.br\/#organization","name":"Inclusive - inclus\u00e3o e cidadania","url":"https:\/\/inclusivenews.com.br\/","logo":{"@type":"ImageObject","inLanguage":"pt-PT","@id":"https:\/\/inclusivenews.com.br\/#\/schema\/logo\/image\/","url":"https:\/\/inclusivenews.com.br\/wp-content\/uploads\/2024\/03\/@grandesite.png","contentUrl":"https:\/\/inclusivenews.com.br\/wp-content\/uploads\/2024\/03\/@grandesite.png","width":1080,"height":1080,"caption":"Inclusive - inclus\u00e3o e cidadania"},"image":{"@id":"https:\/\/inclusivenews.com.br\/#\/schema\/logo\/image\/"},"sameAs":["https:\/\/www.facebook.com\/agenciainclusive\/","https:\/\/www.instagram.com\/newsinclusive\/"]},{"@type":"Person","@id":"https:\/\/inclusivenews.com.br\/#\/schema\/person\/ae4ec7087559b8692fb33b6fffd2273b","name":"inclusivenews2024","image":{"@type":"ImageObject","inLanguage":"pt-PT","@id":"https:\/\/secure.gravatar.com\/avatar\/c5a7ef84c66fa914f55bc4f7ce26cfa275a3b9a1c5568b907bd184fb4dde7b40?s=96&d=mm&r=g","url":"https:\/\/secure.gravatar.com\/avatar\/c5a7ef84c66fa914f55bc4f7ce26cfa275a3b9a1c5568b907bd184fb4dde7b40?s=96&d=mm&r=g","contentUrl":"https:\/\/secure.gravatar.com\/avatar\/c5a7ef84c66fa914f55bc4f7ce26cfa275a3b9a1c5568b907bd184fb4dde7b40?s=96&d=mm&r=g","caption":"inclusivenews2024"},"sameAs":["https:\/\/inclusivenews.com.br"],"url":"https:\/\/inclusivenews.com.br\/?author=1"}]}},"_links":{"self":[{"href":"https:\/\/inclusivenews.com.br\/index.php?rest_route=\/wp\/v2\/posts\/26710","targetHints":{"allow":["GET"]}}],"collection":[{"href":"https:\/\/inclusivenews.com.br\/index.php?rest_route=\/wp\/v2\/posts"}],"about":[{"href":"https:\/\/inclusivenews.com.br\/index.php?rest_route=\/wp\/v2\/types\/post"}],"author":[{"embeddable":true,"href":"https:\/\/inclusivenews.com.br\/index.php?rest_route=\/wp\/v2\/users\/1"}],"replies":[{"embeddable":true,"href":"https:\/\/inclusivenews.com.br\/index.php?rest_route=%2Fwp%2Fv2%2Fcomments&post=26710"}],"version-history":[{"count":0,"href":"https:\/\/inclusivenews.com.br\/index.php?rest_route=\/wp\/v2\/posts\/26710\/revisions"}],"wp:attachment":[{"href":"https:\/\/inclusivenews.com.br\/index.php?rest_route=%2Fwp%2Fv2%2Fmedia&parent=26710"}],"wp:term":[{"taxonomy":"category","embeddable":true,"href":"https:\/\/inclusivenews.com.br\/index.php?rest_route=%2Fwp%2Fv2%2Fcategories&post=26710"},{"taxonomy":"post_tag","embeddable":true,"href":"https:\/\/inclusivenews.com.br\/index.php?rest_route=%2Fwp%2Fv2%2Ftags&post=26710"}],"curies":[{"name":"wp","href":"https:\/\/api.w.org\/{rel}","templated":true}]}}