{"id":26732,"date":"2014-07-28T14:10:02","date_gmt":"2014-07-28T17:10:02","guid":{"rendered":"http:\/\/www.inclusive.org.br\/?p=26732"},"modified":"2014-07-28T14:10:02","modified_gmt":"2014-07-28T17:10:02","slug":"perfil-social-das-pessoas-com-deficiencia-no-brasil","status":"publish","type":"post","link":"https:\/\/inclusivenews.com.br\/?p=26732","title":{"rendered":"Perfil social das pessoas com defici\u00eancia no Brasil"},"content":{"rendered":"<p><img loading=\"lazy\" decoding=\"async\" class=\"size-full wp-image-17104 alignleft\" alt=\"Logotipo do programa Quest\u00e3o P\u00fablica, um ponto de interroga\u00e7\u00e3o formado por v\u00e1rias pessoas\" src=\"http:\/\/inclusivenews.com.br\/wp-content\/uploads\/2010\/08\/questao_publica.jpg\" width=\"172\" height=\"121\" \/><\/p>\n<p>O site: \u201cPerfil Social das Pessoas com defici\u00eancia no Brasil\u201d foi desenvolvido com o objetivo de facilitar o acesso aos dados do \u00faltimo Censo Demogr\u00e1fico que se referem \u00e0s pessoas com defici\u00eancia e\/ou limita\u00e7\u00e3o funcional. Particularmente, destacam-se as informa\u00e7\u00f5es de car\u00e1ter regional, no agregado dos Estados e em cada um dos munic\u00edpios, uma vez que estas s\u00e3o relativamente pouco conhecidas e exploradas tanto pelo Poder P\u00fablico como entidades privadas.<\/p>\n<p>Al\u00e9m do perfil social das pessoas com defici\u00eancia, com a apresenta\u00e7\u00e3o de vari\u00e1veis que tratam do sexo, cor, escolaridade e tipo de defici\u00eancia, o site disponibiliza a metodologia desenvolvida pelo prof. Waldir Quadros do Instituto de Economia da Unicamp e da Facamp. Ela permite que a popula\u00e7\u00e3o com defici\u00eancia seja estratificada socialmente em cincos camadas: alta classe m\u00e9dia, m\u00e9dia classe m\u00e9dia, baixa classe m\u00e9dia, massa trabalhadora (pobre) e extremamente pobres. Os dados podem ser comparados com aqueles observados para as pessoas sem defici\u00eancia declarada, identificando assim eventuais distor\u00e7\u00f5es e caracter\u00edsticas marcantes no perfil social das pessoas com defici\u00eancia.<\/p>\n<p>Em s\u00edntese, busca-se ampliar e difundir o conhecimento sobre a realidade social deste contingente populacional, principalmente nos munic\u00edpios brasileiros. Vale ressaltar que esta ferramenta ainda est\u00e1 em processo de aprimoramento, de maneira que s\u00e3o muito bem vindas observa\u00e7\u00f5es, d\u00favidas, coment\u00e1rios e cr\u00edticas. Al\u00e9m deste aperfei\u00e7oamento, ao longo do tempo ser\u00e3o incorporadas novas vari\u00e1veis e dimens\u00f5es de an\u00e1lise, enriquecendo assim o site.<\/p>\n<p>Para acess\u00e1-lo, basta clicar no link abaixo:<\/p>\n<p><a href=\"http:\/\/www.perfilsocial.com.br\/dologin.php?superacesso=DEFIC-1234\" target=\"_blank\" rel=\"noopener\">http:\/\/www.perfilsocial.com.br\/dologin.php?superacesso=DEFIC-1234<\/a><\/p>\n<p>&nbsp;<\/p>\n","protected":false},"excerpt":{"rendered":"<p>O site: \u201cPerfil Social das Pessoas com defici\u00eancia no Brasil\u201d foi desenvolvido com o objetivo de facilitar o acesso aos dados do \u00faltimo Censo Demogr\u00e1fico que se referem \u00e0s pessoas com defici\u00eancia e\/ou limita\u00e7\u00e3o funcional. Particularmente, destacam-se as informa\u00e7\u00f5es de car\u00e1ter regional, no agregado dos Estados e em cada um dos munic\u00edpios, uma vez que estas s\u00e3o relativamente pouco conhecidas e exploradas tanto pelo Poder P\u00fablico como entidades privadas.<\/p>\n","protected":false},"author":1,"featured_media":0,"comment_status":"open","ping_status":"open","sticky":false,"template":"","format":"standard","meta":{"site-container-style":"default","site-container-layout":"default","site-sidebar-layout":"default","disable-article-header":"default","disable-site-header":"default","disable-site-footer":"default","disable-content-area-spacing":"default","footnotes":""},"categories":[38,48],"tags":[],"class_list":["post-26732","post","type-post","status-publish","format-standard","hentry","category-deficiencia","category-inclusao"],"yoast_head":"<!-- This site is optimized with the Yoast SEO plugin v27.4 - https:\/\/yoast.com\/product\/yoast-seo-wordpress\/ -->\n<title>Perfil social das pessoas com defici\u00eancia no Brasil -<\/title>\n<meta name=\"robots\" content=\"index, follow, max-snippet:-1, max-image-preview:large, max-video-preview:-1\" \/>\n<link rel=\"canonical\" href=\"https:\/\/inclusivenews.com.br\/?p=26732\" \/>\n<meta property=\"og:locale\" content=\"pt_PT\" \/>\n<meta property=\"og:type\" content=\"article\" \/>\n<meta property=\"og:title\" content=\"Perfil social das pessoas com defici\u00eancia no Brasil -\" \/>\n<meta property=\"og:description\" content=\"O site: \u201cPerfil Social das Pessoas com defici\u00eancia no Brasil\u201d foi desenvolvido com o objetivo de facilitar o acesso aos dados do \u00faltimo Censo Demogr\u00e1fico que se referem \u00e0s pessoas com defici\u00eancia e\/ou limita\u00e7\u00e3o funcional. Particularmente, destacam-se as informa\u00e7\u00f5es de car\u00e1ter regional, no agregado dos Estados e em cada um dos munic\u00edpios, uma vez que estas s\u00e3o relativamente pouco conhecidas e exploradas tanto pelo Poder P\u00fablico como entidades privadas.\" \/>\n<meta property=\"og:url\" content=\"https:\/\/inclusivenews.com.br\/?p=26732\" \/>\n<meta property=\"article:publisher\" content=\"https:\/\/www.facebook.com\/agenciainclusive\/\" \/>\n<meta property=\"article:published_time\" content=\"2014-07-28T17:10:02+00:00\" \/>\n<meta property=\"og:image\" content=\"http:\/\/inclusivenews.com.br\/wp-content\/uploads\/2010\/08\/questao_publica.jpg\" \/>\n<meta name=\"author\" content=\"inclusivenews2024\" \/>\n<meta name=\"twitter:card\" content=\"summary_large_image\" \/>\n<meta name=\"twitter:label1\" content=\"Escrito por\" \/>\n\t<meta name=\"twitter:data1\" content=\"inclusivenews2024\" \/>\n\t<meta name=\"twitter:label2\" content=\"Tempo estimado de leitura\" \/>\n\t<meta name=\"twitter:data2\" content=\"1 minuto\" \/>\n<script type=\"application\/ld+json\" class=\"yoast-schema-graph\">{\"@context\":\"https:\\\/\\\/schema.org\",\"@graph\":[{\"@type\":\"Article\",\"@id\":\"https:\\\/\\\/inclusivenews.com.br\\\/?p=26732#article\",\"isPartOf\":{\"@id\":\"https:\\\/\\\/inclusivenews.com.br\\\/?p=26732\"},\"author\":{\"name\":\"inclusivenews2024\",\"@id\":\"https:\\\/\\\/inclusivenews.com.br\\\/#\\\/schema\\\/person\\\/ae4ec7087559b8692fb33b6fffd2273b\"},\"headline\":\"Perfil social das pessoas com defici\u00eancia no Brasil\",\"datePublished\":\"2014-07-28T17:10:02+00:00\",\"mainEntityOfPage\":{\"@id\":\"https:\\\/\\\/inclusivenews.com.br\\\/?p=26732\"},\"wordCount\":293,\"commentCount\":1,\"publisher\":{\"@id\":\"https:\\\/\\\/inclusivenews.com.br\\\/#organization\"},\"image\":{\"@id\":\"https:\\\/\\\/inclusivenews.com.br\\\/?p=26732#primaryimage\"},\"thumbnailUrl\":\"http:\\\/\\\/inclusivenews.com.br\\\/wp-content\\\/uploads\\\/2010\\\/08\\\/questao_publica.jpg\",\"articleSection\":[\"Defici\u00eancia\",\"INCLUS\u00c3O SOCIAL\"],\"inLanguage\":\"pt-PT\",\"potentialAction\":[{\"@type\":\"CommentAction\",\"name\":\"Comment\",\"target\":[\"https:\\\/\\\/inclusivenews.com.br\\\/?p=26732#respond\"]}]},{\"@type\":\"WebPage\",\"@id\":\"https:\\\/\\\/inclusivenews.com.br\\\/?p=26732\",\"url\":\"https:\\\/\\\/inclusivenews.com.br\\\/?p=26732\",\"name\":\"Perfil social das pessoas com defici\u00eancia no Brasil -\",\"isPartOf\":{\"@id\":\"https:\\\/\\\/inclusivenews.com.br\\\/#website\"},\"primaryImageOfPage\":{\"@id\":\"https:\\\/\\\/inclusivenews.com.br\\\/?p=26732#primaryimage\"},\"image\":{\"@id\":\"https:\\\/\\\/inclusivenews.com.br\\\/?p=26732#primaryimage\"},\"thumbnailUrl\":\"http:\\\/\\\/inclusivenews.com.br\\\/wp-content\\\/uploads\\\/2010\\\/08\\\/questao_publica.jpg\",\"datePublished\":\"2014-07-28T17:10:02+00:00\",\"breadcrumb\":{\"@id\":\"https:\\\/\\\/inclusivenews.com.br\\\/?p=26732#breadcrumb\"},\"inLanguage\":\"pt-PT\",\"potentialAction\":[{\"@type\":\"ReadAction\",\"target\":[\"https:\\\/\\\/inclusivenews.com.br\\\/?p=26732\"]}]},{\"@type\":\"ImageObject\",\"inLanguage\":\"pt-PT\",\"@id\":\"https:\\\/\\\/inclusivenews.com.br\\\/?p=26732#primaryimage\",\"url\":\"\",\"contentUrl\":\"\"},{\"@type\":\"BreadcrumbList\",\"@id\":\"https:\\\/\\\/inclusivenews.com.br\\\/?p=26732#breadcrumb\",\"itemListElement\":[{\"@type\":\"ListItem\",\"position\":1,\"name\":\"In\u00edcio\",\"item\":\"https:\\\/\\\/inclusivenews.com.br\\\/\"},{\"@type\":\"ListItem\",\"position\":2,\"name\":\"Perfil social das pessoas com defici\u00eancia no Brasil\"}]},{\"@type\":\"WebSite\",\"@id\":\"https:\\\/\\\/inclusivenews.com.br\\\/#website\",\"url\":\"https:\\\/\\\/inclusivenews.com.br\\\/\",\"name\":\"Inclusive News\",\"description\":\"Inclusive News\",\"publisher\":{\"@id\":\"https:\\\/\\\/inclusivenews.com.br\\\/#organization\"},\"potentialAction\":[{\"@type\":\"SearchAction\",\"target\":{\"@type\":\"EntryPoint\",\"urlTemplate\":\"https:\\\/\\\/inclusivenews.com.br\\\/?s={search_term_string}\"},\"query-input\":{\"@type\":\"PropertyValueSpecification\",\"valueRequired\":true,\"valueName\":\"search_term_string\"}}],\"inLanguage\":\"pt-PT\"},{\"@type\":\"Organization\",\"@id\":\"https:\\\/\\\/inclusivenews.com.br\\\/#organization\",\"name\":\"Inclusive - inclus\u00e3o e cidadania\",\"url\":\"https:\\\/\\\/inclusivenews.com.br\\\/\",\"logo\":{\"@type\":\"ImageObject\",\"inLanguage\":\"pt-PT\",\"@id\":\"https:\\\/\\\/inclusivenews.com.br\\\/#\\\/schema\\\/logo\\\/image\\\/\",\"url\":\"https:\\\/\\\/inclusivenews.com.br\\\/wp-content\\\/uploads\\\/2024\\\/03\\\/@grandesite.png\",\"contentUrl\":\"https:\\\/\\\/inclusivenews.com.br\\\/wp-content\\\/uploads\\\/2024\\\/03\\\/@grandesite.png\",\"width\":1080,\"height\":1080,\"caption\":\"Inclusive - inclus\u00e3o e cidadania\"},\"image\":{\"@id\":\"https:\\\/\\\/inclusivenews.com.br\\\/#\\\/schema\\\/logo\\\/image\\\/\"},\"sameAs\":[\"https:\\\/\\\/www.facebook.com\\\/agenciainclusive\\\/\",\"https:\\\/\\\/www.instagram.com\\\/newsinclusive\\\/\"]},{\"@type\":\"Person\",\"@id\":\"https:\\\/\\\/inclusivenews.com.br\\\/#\\\/schema\\\/person\\\/ae4ec7087559b8692fb33b6fffd2273b\",\"name\":\"inclusivenews2024\",\"image\":{\"@type\":\"ImageObject\",\"inLanguage\":\"pt-PT\",\"@id\":\"https:\\\/\\\/secure.gravatar.com\\\/avatar\\\/c5a7ef84c66fa914f55bc4f7ce26cfa275a3b9a1c5568b907bd184fb4dde7b40?s=96&d=mm&r=g\",\"url\":\"https:\\\/\\\/secure.gravatar.com\\\/avatar\\\/c5a7ef84c66fa914f55bc4f7ce26cfa275a3b9a1c5568b907bd184fb4dde7b40?s=96&d=mm&r=g\",\"contentUrl\":\"https:\\\/\\\/secure.gravatar.com\\\/avatar\\\/c5a7ef84c66fa914f55bc4f7ce26cfa275a3b9a1c5568b907bd184fb4dde7b40?s=96&d=mm&r=g\",\"caption\":\"inclusivenews2024\"},\"sameAs\":[\"https:\\\/\\\/inclusivenews.com.br\"],\"url\":\"https:\\\/\\\/inclusivenews.com.br\\\/?author=1\"}]}<\/script>\n<!-- \/ Yoast SEO plugin. -->","yoast_head_json":{"title":"Perfil social das pessoas com defici\u00eancia no Brasil -","robots":{"index":"index","follow":"follow","max-snippet":"max-snippet:-1","max-image-preview":"max-image-preview:large","max-video-preview":"max-video-preview:-1"},"canonical":"https:\/\/inclusivenews.com.br\/?p=26732","og_locale":"pt_PT","og_type":"article","og_title":"Perfil social das pessoas com defici\u00eancia no Brasil -","og_description":"O site: \u201cPerfil Social das Pessoas com defici\u00eancia no Brasil\u201d foi desenvolvido com o objetivo de facilitar o acesso aos dados do \u00faltimo Censo Demogr\u00e1fico que se referem \u00e0s pessoas com defici\u00eancia e\/ou limita\u00e7\u00e3o funcional. Particularmente, destacam-se as informa\u00e7\u00f5es de car\u00e1ter regional, no agregado dos Estados e em cada um dos munic\u00edpios, uma vez que estas s\u00e3o relativamente pouco conhecidas e exploradas tanto pelo Poder P\u00fablico como entidades privadas.","og_url":"https:\/\/inclusivenews.com.br\/?p=26732","article_publisher":"https:\/\/www.facebook.com\/agenciainclusive\/","article_published_time":"2014-07-28T17:10:02+00:00","og_image":[{"url":"http:\/\/inclusivenews.com.br\/wp-content\/uploads\/2010\/08\/questao_publica.jpg","type":"","width":"","height":""}],"author":"inclusivenews2024","twitter_card":"summary_large_image","twitter_misc":{"Escrito por":"inclusivenews2024","Tempo estimado de leitura":"1 minuto"},"schema":{"@context":"https:\/\/schema.org","@graph":[{"@type":"Article","@id":"https:\/\/inclusivenews.com.br\/?p=26732#article","isPartOf":{"@id":"https:\/\/inclusivenews.com.br\/?p=26732"},"author":{"name":"inclusivenews2024","@id":"https:\/\/inclusivenews.com.br\/#\/schema\/person\/ae4ec7087559b8692fb33b6fffd2273b"},"headline":"Perfil social das pessoas com defici\u00eancia no Brasil","datePublished":"2014-07-28T17:10:02+00:00","mainEntityOfPage":{"@id":"https:\/\/inclusivenews.com.br\/?p=26732"},"wordCount":293,"commentCount":1,"publisher":{"@id":"https:\/\/inclusivenews.com.br\/#organization"},"image":{"@id":"https:\/\/inclusivenews.com.br\/?p=26732#primaryimage"},"thumbnailUrl":"http:\/\/inclusivenews.com.br\/wp-content\/uploads\/2010\/08\/questao_publica.jpg","articleSection":["Defici\u00eancia","INCLUS\u00c3O SOCIAL"],"inLanguage":"pt-PT","potentialAction":[{"@type":"CommentAction","name":"Comment","target":["https:\/\/inclusivenews.com.br\/?p=26732#respond"]}]},{"@type":"WebPage","@id":"https:\/\/inclusivenews.com.br\/?p=26732","url":"https:\/\/inclusivenews.com.br\/?p=26732","name":"Perfil social das pessoas com defici\u00eancia no Brasil -","isPartOf":{"@id":"https:\/\/inclusivenews.com.br\/#website"},"primaryImageOfPage":{"@id":"https:\/\/inclusivenews.com.br\/?p=26732#primaryimage"},"image":{"@id":"https:\/\/inclusivenews.com.br\/?p=26732#primaryimage"},"thumbnailUrl":"http:\/\/inclusivenews.com.br\/wp-content\/uploads\/2010\/08\/questao_publica.jpg","datePublished":"2014-07-28T17:10:02+00:00","breadcrumb":{"@id":"https:\/\/inclusivenews.com.br\/?p=26732#breadcrumb"},"inLanguage":"pt-PT","potentialAction":[{"@type":"ReadAction","target":["https:\/\/inclusivenews.com.br\/?p=26732"]}]},{"@type":"ImageObject","inLanguage":"pt-PT","@id":"https:\/\/inclusivenews.com.br\/?p=26732#primaryimage","url":"","contentUrl":""},{"@type":"BreadcrumbList","@id":"https:\/\/inclusivenews.com.br\/?p=26732#breadcrumb","itemListElement":[{"@type":"ListItem","position":1,"name":"In\u00edcio","item":"https:\/\/inclusivenews.com.br\/"},{"@type":"ListItem","position":2,"name":"Perfil social das pessoas com defici\u00eancia no Brasil"}]},{"@type":"WebSite","@id":"https:\/\/inclusivenews.com.br\/#website","url":"https:\/\/inclusivenews.com.br\/","name":"Inclusive News","description":"Inclusive News","publisher":{"@id":"https:\/\/inclusivenews.com.br\/#organization"},"potentialAction":[{"@type":"SearchAction","target":{"@type":"EntryPoint","urlTemplate":"https:\/\/inclusivenews.com.br\/?s={search_term_string}"},"query-input":{"@type":"PropertyValueSpecification","valueRequired":true,"valueName":"search_term_string"}}],"inLanguage":"pt-PT"},{"@type":"Organization","@id":"https:\/\/inclusivenews.com.br\/#organization","name":"Inclusive - inclus\u00e3o e cidadania","url":"https:\/\/inclusivenews.com.br\/","logo":{"@type":"ImageObject","inLanguage":"pt-PT","@id":"https:\/\/inclusivenews.com.br\/#\/schema\/logo\/image\/","url":"https:\/\/inclusivenews.com.br\/wp-content\/uploads\/2024\/03\/@grandesite.png","contentUrl":"https:\/\/inclusivenews.com.br\/wp-content\/uploads\/2024\/03\/@grandesite.png","width":1080,"height":1080,"caption":"Inclusive - inclus\u00e3o e cidadania"},"image":{"@id":"https:\/\/inclusivenews.com.br\/#\/schema\/logo\/image\/"},"sameAs":["https:\/\/www.facebook.com\/agenciainclusive\/","https:\/\/www.instagram.com\/newsinclusive\/"]},{"@type":"Person","@id":"https:\/\/inclusivenews.com.br\/#\/schema\/person\/ae4ec7087559b8692fb33b6fffd2273b","name":"inclusivenews2024","image":{"@type":"ImageObject","inLanguage":"pt-PT","@id":"https:\/\/secure.gravatar.com\/avatar\/c5a7ef84c66fa914f55bc4f7ce26cfa275a3b9a1c5568b907bd184fb4dde7b40?s=96&d=mm&r=g","url":"https:\/\/secure.gravatar.com\/avatar\/c5a7ef84c66fa914f55bc4f7ce26cfa275a3b9a1c5568b907bd184fb4dde7b40?s=96&d=mm&r=g","contentUrl":"https:\/\/secure.gravatar.com\/avatar\/c5a7ef84c66fa914f55bc4f7ce26cfa275a3b9a1c5568b907bd184fb4dde7b40?s=96&d=mm&r=g","caption":"inclusivenews2024"},"sameAs":["https:\/\/inclusivenews.com.br"],"url":"https:\/\/inclusivenews.com.br\/?author=1"}]}},"_links":{"self":[{"href":"https:\/\/inclusivenews.com.br\/index.php?rest_route=\/wp\/v2\/posts\/26732","targetHints":{"allow":["GET"]}}],"collection":[{"href":"https:\/\/inclusivenews.com.br\/index.php?rest_route=\/wp\/v2\/posts"}],"about":[{"href":"https:\/\/inclusivenews.com.br\/index.php?rest_route=\/wp\/v2\/types\/post"}],"author":[{"embeddable":true,"href":"https:\/\/inclusivenews.com.br\/index.php?rest_route=\/wp\/v2\/users\/1"}],"replies":[{"embeddable":true,"href":"https:\/\/inclusivenews.com.br\/index.php?rest_route=%2Fwp%2Fv2%2Fcomments&post=26732"}],"version-history":[{"count":0,"href":"https:\/\/inclusivenews.com.br\/index.php?rest_route=\/wp\/v2\/posts\/26732\/revisions"}],"wp:attachment":[{"href":"https:\/\/inclusivenews.com.br\/index.php?rest_route=%2Fwp%2Fv2%2Fmedia&parent=26732"}],"wp:term":[{"taxonomy":"category","embeddable":true,"href":"https:\/\/inclusivenews.com.br\/index.php?rest_route=%2Fwp%2Fv2%2Fcategories&post=26732"},{"taxonomy":"post_tag","embeddable":true,"href":"https:\/\/inclusivenews.com.br\/index.php?rest_route=%2Fwp%2Fv2%2Ftags&post=26732"}],"curies":[{"name":"wp","href":"https:\/\/api.w.org\/{rel}","templated":true}]}}