{"id":26845,"date":"2014-08-27T21:28:18","date_gmt":"2014-08-28T00:28:18","guid":{"rendered":"http:\/\/www.inclusive.org.br\/?p=26845"},"modified":"2014-08-27T21:28:18","modified_gmt":"2014-08-28T00:28:18","slug":"dados-do-censo-escolar-2013-estao-disponiveis-para-consulta","status":"publish","type":"post","link":"https:\/\/inclusivenews.com.br\/?p=26845","title":{"rendered":"Dados do Censo Escolar 2013 est\u00e3o dispon\u00edveis para consulta"},"content":{"rendered":"<p><em>Os microdados do Censo Escolar 2013 est\u00e3o dispon\u00edveis para consulta desde a \u00faltima sexta-feira (21). Nesta \u00faltima edi\u00e7\u00e3o h\u00e1 duas novidades: a idade dos estudantes na data de refer\u00eancia do Censo e dados sobre alunos com defici\u00eancia que precisariam de algum recurso espec\u00edfico durante a aplica\u00e7\u00e3o das provas do Sistema de Avalia\u00e7\u00e3o da Educa\u00e7\u00e3o B\u00e1sica (Saeb).<\/em><\/p>\n<p><img loading=\"lazy\" decoding=\"async\" class=\"alignnone size-full wp-image-17819\" alt=\"Inclusive - l\u00e1pis coloridos\" src=\"http:\/\/inclusivenews.com.br\/wp-content\/uploads\/2010\/10\/lapiscoloridos.jpg\" width=\"250\" height=\"240\" \/><\/p>\n<p><em>Do Portal Brasil<\/em><\/p>\n<p><a href=\"http:\/\/download.inep.gov.br\/educacao_basica\/censo_escolar\/resultado\/2013\/dados_finais_censo_escolar_2013_anexo_II.xlsx\" target=\"_blank\" rel=\"noopener\">Acesse o Censo Escolar 2013 atrav\u00e9s deste link.<\/a><\/p>\n<p>O Instituto Nacional de Estudos e Pesquisas Educacionais An\u00edsio Teixeira (Inep) sempre divulgou a idade com base no ano em que o aluno a completaria. Nesta edi\u00e7\u00e3o, al\u00e9m dessa informa\u00e7\u00e3o, haver\u00e1 a idade na data de refer\u00eancia do Censo. \u201cComo temos uma data de refer\u00eancia para o Censo Escolar, decidimos utiliz\u00e1-la no c\u00e1lculo desta vari\u00e1vel\u201d, explica o diretor de estat\u00edsticas educacionais do Inep, Carlos Eduardo Moreno Sampaio. Em 2013, a data foi 31 de maio.<\/p>\n<p>\u201cO que observamos nos dados foi que a distribui\u00e7\u00e3o de matr\u00edculas por idade em uma determinada etapa de ensino \u00e9 sens\u00edvel \u00e0 data com a qual calculamos a idade\u201d, explica F\u00e1bio Bravin, pesquisador da Diretoria de Estat\u00edsticas Educacionais do Inep.<\/p>\n<p>A distribui\u00e7\u00e3o de matr\u00edculas por idade em uma etapa de ensino varia de acordo com a op\u00e7\u00e3o de data escolhida para o seu c\u00e1lculo. Por exemplo, o n\u00famero de alunos com seis anos de idade em 2013, no primeiro ano do ensino fundamental, de acordo com a data de refer\u00eancia do Censo, 31 de maio, foi de 2.278.230. Considerando o m\u00eas de dezembro, seriam registradas 1.049.650 matr\u00edculas de estudantes com essa idade.<\/p>\n<p>A diferen\u00e7a ocorre porque se a refer\u00eancia for a idade que o aluno completa no ano, muitos alunos com seis anos na data de refer\u00eancia da pesquisa j\u00e1 teriam completado sete anos no final do ano.<\/p>\n<p>Um alerta importante para o pesquisador que vai utilizar os dados do Censo, destaca Fabio, \u00e9 a necessidade de que, quando houver c\u00e1lculo utilizando outras bases de dados que contenham a vari\u00e1vel idade, a data de refer\u00eancia utilizada para o c\u00e1lculo da idade seja compatibilizada. \u201cIsso torna as bases de dados compar\u00e1veis\u201d.<\/p>\n<p>Inclus\u00e3o<\/p>\n<p>A cada ano, o Inep faz uma consulta aos principais usu\u00e1rios dos dados do Censo, como o Minist\u00e9rio da Educa\u00e7\u00e3o e suas autarquias, sobre a necessidade de coleta de novas informa\u00e7\u00f5es. Para a \u00faltima edi\u00e7\u00e3o, a diretoria de avalia\u00e7\u00e3o de educa\u00e7\u00e3o b\u00e1sica do Inep pediu que o Censo Escolar apontasse dados de estudantes com defici\u00eancia que precisariam de algum atendimento especial durante a aplica\u00e7\u00e3o das provas do Sistema de Avalia\u00e7\u00e3o da Educa\u00e7\u00e3o B\u00e1sica (Saeb). Os dados j\u00e1 foram utilizados pelo Inep na aplica\u00e7\u00e3o da Prova Brasil, da Avalia\u00e7\u00e3o Nacional de Alfabetiza\u00e7\u00e3o (ANA) e da Avalia\u00e7\u00e3o Nacional da Educa\u00e7\u00e3o B\u00e1sica (Aneb) em 2013.<\/p>\n<p>O diretor de avalia\u00e7\u00e3o da educa\u00e7\u00e3o b\u00e1sica, Alexandre Andr\u00e9 dos Santos, explica que al\u00e9m de permitir uma melhor estimativa de recursos para aplica\u00e7\u00e3o das avalia\u00e7\u00f5es no \u00faltimo ano, o levantamento ajudar\u00e1 o Inep a qualificar a informa\u00e7\u00e3o existente em avalia\u00e7\u00f5es aplicadas para estudantes com defici\u00eancia. \u201cPoderemos calcular dados espec\u00edficos relacionados a estudantes com defici\u00eancia e qualificar ainda mais o debate sobre educa\u00e7\u00e3o especial\u201d, afirma.<\/p>\n<p>Sinopses<\/p>\n<p>Tamb\u00e9m est\u00e3o dispon\u00edveis no portal do Inep as sinopses estat\u00edsticas do Censo Escolar, que cont\u00eam informa\u00e7\u00f5es calculadas pelo \u00f3rg\u00e3o, como subs\u00eddio e guia para pesquisadores, imprensa e sociedade.<\/p>\n<p>O Censo Escolar \u00e9 o principal e mais completo levantamento de dados estat\u00edstico-educacionais de \u00e2mbito nacional realizado todos os anos e coordenado pelo Inep. As informa\u00e7\u00f5es coletadas permitem tra\u00e7ar um panorama nacional da educa\u00e7\u00e3o b\u00e1sica, refer\u00eancia para a formula\u00e7\u00e3o de pol\u00edticas p\u00fablicas e execu\u00e7\u00e3o de programas na \u00e1rea da educa\u00e7\u00e3o.<\/p>\n","protected":false},"excerpt":{"rendered":"<p>Os microdados do Censo Escolar 2013 est\u00e3o dispon\u00edveis para consulta. Nesta \u00faltima edi\u00e7\u00e3o h\u00e1 duas novidades: a idade dos estudantes na data de refer\u00eancia do Censo e dados sobre alunos com defici\u00eancia que precisariam de algum recurso espec\u00edfico durante a aplica\u00e7\u00e3o das provas do Sistema de Avalia\u00e7\u00e3o da Educa\u00e7\u00e3o B\u00e1sica (Saeb).<\/p>\n","protected":false},"author":1,"featured_media":0,"comment_status":"open","ping_status":"open","sticky":false,"template":"","format":"standard","meta":{"site-container-style":"default","site-container-layout":"default","site-sidebar-layout":"default","disable-article-header":"default","disable-site-header":"default","disable-site-footer":"default","disable-content-area-spacing":"default","footnotes":""},"categories":[38,52,6,10,117],"tags":[],"class_list":["post-26845","post","type-post","status-publish","format-standard","hentry","category-deficiencia","category-downloadables","category-educacao","category-publicacoes","category-relatorios"],"yoast_head":"<!-- This site is optimized with the Yoast SEO plugin v27.4 - https:\/\/yoast.com\/product\/yoast-seo-wordpress\/ -->\n<title>Dados do Censo Escolar 2013 est\u00e3o dispon\u00edveis para consulta -<\/title>\n<meta name=\"robots\" content=\"index, follow, max-snippet:-1, max-image-preview:large, max-video-preview:-1\" \/>\n<link rel=\"canonical\" href=\"https:\/\/inclusivenews.com.br\/?p=26845\" \/>\n<meta property=\"og:locale\" content=\"pt_PT\" \/>\n<meta property=\"og:type\" content=\"article\" \/>\n<meta property=\"og:title\" content=\"Dados do Censo Escolar 2013 est\u00e3o dispon\u00edveis para consulta -\" \/>\n<meta property=\"og:description\" content=\"Os microdados do Censo Escolar 2013 est\u00e3o dispon\u00edveis para consulta. Nesta \u00faltima edi\u00e7\u00e3o h\u00e1 duas novidades: a idade dos estudantes na data de refer\u00eancia do Censo e dados sobre alunos com defici\u00eancia que precisariam de algum recurso espec\u00edfico durante a aplica\u00e7\u00e3o das provas do Sistema de Avalia\u00e7\u00e3o da Educa\u00e7\u00e3o B\u00e1sica (Saeb).\" \/>\n<meta property=\"og:url\" content=\"https:\/\/inclusivenews.com.br\/?p=26845\" \/>\n<meta property=\"article:publisher\" content=\"https:\/\/www.facebook.com\/agenciainclusive\/\" \/>\n<meta property=\"article:published_time\" content=\"2014-08-28T00:28:18+00:00\" \/>\n<meta property=\"og:image\" content=\"http:\/\/inclusivenews.com.br\/wp-content\/uploads\/2010\/10\/lapiscoloridos.jpg\" \/>\n<meta name=\"author\" content=\"inclusivenews2024\" \/>\n<meta name=\"twitter:card\" content=\"summary_large_image\" \/>\n<meta name=\"twitter:label1\" content=\"Escrito por\" \/>\n\t<meta name=\"twitter:data1\" content=\"inclusivenews2024\" \/>\n\t<meta name=\"twitter:label2\" content=\"Tempo estimado de leitura\" \/>\n\t<meta name=\"twitter:data2\" content=\"3 minutos\" \/>\n<script type=\"application\/ld+json\" class=\"yoast-schema-graph\">{\"@context\":\"https:\\\/\\\/schema.org\",\"@graph\":[{\"@type\":\"Article\",\"@id\":\"https:\\\/\\\/inclusivenews.com.br\\\/?p=26845#article\",\"isPartOf\":{\"@id\":\"https:\\\/\\\/inclusivenews.com.br\\\/?p=26845\"},\"author\":{\"name\":\"inclusivenews2024\",\"@id\":\"https:\\\/\\\/inclusivenews.com.br\\\/#\\\/schema\\\/person\\\/ae4ec7087559b8692fb33b6fffd2273b\"},\"headline\":\"Dados do Censo Escolar 2013 est\u00e3o dispon\u00edveis para consulta\",\"datePublished\":\"2014-08-28T00:28:18+00:00\",\"mainEntityOfPage\":{\"@id\":\"https:\\\/\\\/inclusivenews.com.br\\\/?p=26845\"},\"wordCount\":677,\"commentCount\":0,\"publisher\":{\"@id\":\"https:\\\/\\\/inclusivenews.com.br\\\/#organization\"},\"image\":{\"@id\":\"https:\\\/\\\/inclusivenews.com.br\\\/?p=26845#primaryimage\"},\"thumbnailUrl\":\"http:\\\/\\\/inclusivenews.com.br\\\/wp-content\\\/uploads\\\/2010\\\/10\\\/lapiscoloridos.jpg\",\"articleSection\":[\"Defici\u00eancia\",\"Downloadables\",\"EDUCA\u00c7\u00c3O\",\"PUBLICA\u00c7\u00d5ES\",\"Relat\u00f3rios\"],\"inLanguage\":\"pt-PT\",\"potentialAction\":[{\"@type\":\"CommentAction\",\"name\":\"Comment\",\"target\":[\"https:\\\/\\\/inclusivenews.com.br\\\/?p=26845#respond\"]}]},{\"@type\":\"WebPage\",\"@id\":\"https:\\\/\\\/inclusivenews.com.br\\\/?p=26845\",\"url\":\"https:\\\/\\\/inclusivenews.com.br\\\/?p=26845\",\"name\":\"Dados do Censo Escolar 2013 est\u00e3o dispon\u00edveis para consulta -\",\"isPartOf\":{\"@id\":\"https:\\\/\\\/inclusivenews.com.br\\\/#website\"},\"primaryImageOfPage\":{\"@id\":\"https:\\\/\\\/inclusivenews.com.br\\\/?p=26845#primaryimage\"},\"image\":{\"@id\":\"https:\\\/\\\/inclusivenews.com.br\\\/?p=26845#primaryimage\"},\"thumbnailUrl\":\"http:\\\/\\\/inclusivenews.com.br\\\/wp-content\\\/uploads\\\/2010\\\/10\\\/lapiscoloridos.jpg\",\"datePublished\":\"2014-08-28T00:28:18+00:00\",\"breadcrumb\":{\"@id\":\"https:\\\/\\\/inclusivenews.com.br\\\/?p=26845#breadcrumb\"},\"inLanguage\":\"pt-PT\",\"potentialAction\":[{\"@type\":\"ReadAction\",\"target\":[\"https:\\\/\\\/inclusivenews.com.br\\\/?p=26845\"]}]},{\"@type\":\"ImageObject\",\"inLanguage\":\"pt-PT\",\"@id\":\"https:\\\/\\\/inclusivenews.com.br\\\/?p=26845#primaryimage\",\"url\":\"\",\"contentUrl\":\"\"},{\"@type\":\"BreadcrumbList\",\"@id\":\"https:\\\/\\\/inclusivenews.com.br\\\/?p=26845#breadcrumb\",\"itemListElement\":[{\"@type\":\"ListItem\",\"position\":1,\"name\":\"In\u00edcio\",\"item\":\"https:\\\/\\\/inclusivenews.com.br\\\/\"},{\"@type\":\"ListItem\",\"position\":2,\"name\":\"Dados do Censo Escolar 2013 est\u00e3o dispon\u00edveis para consulta\"}]},{\"@type\":\"WebSite\",\"@id\":\"https:\\\/\\\/inclusivenews.com.br\\\/#website\",\"url\":\"https:\\\/\\\/inclusivenews.com.br\\\/\",\"name\":\"Inclusive News\",\"description\":\"Inclusive News\",\"publisher\":{\"@id\":\"https:\\\/\\\/inclusivenews.com.br\\\/#organization\"},\"potentialAction\":[{\"@type\":\"SearchAction\",\"target\":{\"@type\":\"EntryPoint\",\"urlTemplate\":\"https:\\\/\\\/inclusivenews.com.br\\\/?s={search_term_string}\"},\"query-input\":{\"@type\":\"PropertyValueSpecification\",\"valueRequired\":true,\"valueName\":\"search_term_string\"}}],\"inLanguage\":\"pt-PT\"},{\"@type\":\"Organization\",\"@id\":\"https:\\\/\\\/inclusivenews.com.br\\\/#organization\",\"name\":\"Inclusive - inclus\u00e3o e cidadania\",\"url\":\"https:\\\/\\\/inclusivenews.com.br\\\/\",\"logo\":{\"@type\":\"ImageObject\",\"inLanguage\":\"pt-PT\",\"@id\":\"https:\\\/\\\/inclusivenews.com.br\\\/#\\\/schema\\\/logo\\\/image\\\/\",\"url\":\"https:\\\/\\\/inclusivenews.com.br\\\/wp-content\\\/uploads\\\/2024\\\/03\\\/@grandesite.png\",\"contentUrl\":\"https:\\\/\\\/inclusivenews.com.br\\\/wp-content\\\/uploads\\\/2024\\\/03\\\/@grandesite.png\",\"width\":1080,\"height\":1080,\"caption\":\"Inclusive - inclus\u00e3o e cidadania\"},\"image\":{\"@id\":\"https:\\\/\\\/inclusivenews.com.br\\\/#\\\/schema\\\/logo\\\/image\\\/\"},\"sameAs\":[\"https:\\\/\\\/www.facebook.com\\\/agenciainclusive\\\/\",\"https:\\\/\\\/www.instagram.com\\\/newsinclusive\\\/\"]},{\"@type\":\"Person\",\"@id\":\"https:\\\/\\\/inclusivenews.com.br\\\/#\\\/schema\\\/person\\\/ae4ec7087559b8692fb33b6fffd2273b\",\"name\":\"inclusivenews2024\",\"image\":{\"@type\":\"ImageObject\",\"inLanguage\":\"pt-PT\",\"@id\":\"https:\\\/\\\/secure.gravatar.com\\\/avatar\\\/c5a7ef84c66fa914f55bc4f7ce26cfa275a3b9a1c5568b907bd184fb4dde7b40?s=96&d=mm&r=g\",\"url\":\"https:\\\/\\\/secure.gravatar.com\\\/avatar\\\/c5a7ef84c66fa914f55bc4f7ce26cfa275a3b9a1c5568b907bd184fb4dde7b40?s=96&d=mm&r=g\",\"contentUrl\":\"https:\\\/\\\/secure.gravatar.com\\\/avatar\\\/c5a7ef84c66fa914f55bc4f7ce26cfa275a3b9a1c5568b907bd184fb4dde7b40?s=96&d=mm&r=g\",\"caption\":\"inclusivenews2024\"},\"sameAs\":[\"https:\\\/\\\/inclusivenews.com.br\"],\"url\":\"https:\\\/\\\/inclusivenews.com.br\\\/?author=1\"}]}<\/script>\n<!-- \/ Yoast SEO plugin. -->","yoast_head_json":{"title":"Dados do Censo Escolar 2013 est\u00e3o dispon\u00edveis para consulta -","robots":{"index":"index","follow":"follow","max-snippet":"max-snippet:-1","max-image-preview":"max-image-preview:large","max-video-preview":"max-video-preview:-1"},"canonical":"https:\/\/inclusivenews.com.br\/?p=26845","og_locale":"pt_PT","og_type":"article","og_title":"Dados do Censo Escolar 2013 est\u00e3o dispon\u00edveis para consulta -","og_description":"Os microdados do Censo Escolar 2013 est\u00e3o dispon\u00edveis para consulta. Nesta \u00faltima edi\u00e7\u00e3o h\u00e1 duas novidades: a idade dos estudantes na data de refer\u00eancia do Censo e dados sobre alunos com defici\u00eancia que precisariam de algum recurso espec\u00edfico durante a aplica\u00e7\u00e3o das provas do Sistema de Avalia\u00e7\u00e3o da Educa\u00e7\u00e3o B\u00e1sica (Saeb).","og_url":"https:\/\/inclusivenews.com.br\/?p=26845","article_publisher":"https:\/\/www.facebook.com\/agenciainclusive\/","article_published_time":"2014-08-28T00:28:18+00:00","og_image":[{"url":"http:\/\/inclusivenews.com.br\/wp-content\/uploads\/2010\/10\/lapiscoloridos.jpg","type":"","width":"","height":""}],"author":"inclusivenews2024","twitter_card":"summary_large_image","twitter_misc":{"Escrito por":"inclusivenews2024","Tempo estimado de leitura":"3 minutos"},"schema":{"@context":"https:\/\/schema.org","@graph":[{"@type":"Article","@id":"https:\/\/inclusivenews.com.br\/?p=26845#article","isPartOf":{"@id":"https:\/\/inclusivenews.com.br\/?p=26845"},"author":{"name":"inclusivenews2024","@id":"https:\/\/inclusivenews.com.br\/#\/schema\/person\/ae4ec7087559b8692fb33b6fffd2273b"},"headline":"Dados do Censo Escolar 2013 est\u00e3o dispon\u00edveis para consulta","datePublished":"2014-08-28T00:28:18+00:00","mainEntityOfPage":{"@id":"https:\/\/inclusivenews.com.br\/?p=26845"},"wordCount":677,"commentCount":0,"publisher":{"@id":"https:\/\/inclusivenews.com.br\/#organization"},"image":{"@id":"https:\/\/inclusivenews.com.br\/?p=26845#primaryimage"},"thumbnailUrl":"http:\/\/inclusivenews.com.br\/wp-content\/uploads\/2010\/10\/lapiscoloridos.jpg","articleSection":["Defici\u00eancia","Downloadables","EDUCA\u00c7\u00c3O","PUBLICA\u00c7\u00d5ES","Relat\u00f3rios"],"inLanguage":"pt-PT","potentialAction":[{"@type":"CommentAction","name":"Comment","target":["https:\/\/inclusivenews.com.br\/?p=26845#respond"]}]},{"@type":"WebPage","@id":"https:\/\/inclusivenews.com.br\/?p=26845","url":"https:\/\/inclusivenews.com.br\/?p=26845","name":"Dados do Censo Escolar 2013 est\u00e3o dispon\u00edveis para consulta -","isPartOf":{"@id":"https:\/\/inclusivenews.com.br\/#website"},"primaryImageOfPage":{"@id":"https:\/\/inclusivenews.com.br\/?p=26845#primaryimage"},"image":{"@id":"https:\/\/inclusivenews.com.br\/?p=26845#primaryimage"},"thumbnailUrl":"http:\/\/inclusivenews.com.br\/wp-content\/uploads\/2010\/10\/lapiscoloridos.jpg","datePublished":"2014-08-28T00:28:18+00:00","breadcrumb":{"@id":"https:\/\/inclusivenews.com.br\/?p=26845#breadcrumb"},"inLanguage":"pt-PT","potentialAction":[{"@type":"ReadAction","target":["https:\/\/inclusivenews.com.br\/?p=26845"]}]},{"@type":"ImageObject","inLanguage":"pt-PT","@id":"https:\/\/inclusivenews.com.br\/?p=26845#primaryimage","url":"","contentUrl":""},{"@type":"BreadcrumbList","@id":"https:\/\/inclusivenews.com.br\/?p=26845#breadcrumb","itemListElement":[{"@type":"ListItem","position":1,"name":"In\u00edcio","item":"https:\/\/inclusivenews.com.br\/"},{"@type":"ListItem","position":2,"name":"Dados do Censo Escolar 2013 est\u00e3o dispon\u00edveis para consulta"}]},{"@type":"WebSite","@id":"https:\/\/inclusivenews.com.br\/#website","url":"https:\/\/inclusivenews.com.br\/","name":"Inclusive News","description":"Inclusive News","publisher":{"@id":"https:\/\/inclusivenews.com.br\/#organization"},"potentialAction":[{"@type":"SearchAction","target":{"@type":"EntryPoint","urlTemplate":"https:\/\/inclusivenews.com.br\/?s={search_term_string}"},"query-input":{"@type":"PropertyValueSpecification","valueRequired":true,"valueName":"search_term_string"}}],"inLanguage":"pt-PT"},{"@type":"Organization","@id":"https:\/\/inclusivenews.com.br\/#organization","name":"Inclusive - inclus\u00e3o e cidadania","url":"https:\/\/inclusivenews.com.br\/","logo":{"@type":"ImageObject","inLanguage":"pt-PT","@id":"https:\/\/inclusivenews.com.br\/#\/schema\/logo\/image\/","url":"https:\/\/inclusivenews.com.br\/wp-content\/uploads\/2024\/03\/@grandesite.png","contentUrl":"https:\/\/inclusivenews.com.br\/wp-content\/uploads\/2024\/03\/@grandesite.png","width":1080,"height":1080,"caption":"Inclusive - inclus\u00e3o e cidadania"},"image":{"@id":"https:\/\/inclusivenews.com.br\/#\/schema\/logo\/image\/"},"sameAs":["https:\/\/www.facebook.com\/agenciainclusive\/","https:\/\/www.instagram.com\/newsinclusive\/"]},{"@type":"Person","@id":"https:\/\/inclusivenews.com.br\/#\/schema\/person\/ae4ec7087559b8692fb33b6fffd2273b","name":"inclusivenews2024","image":{"@type":"ImageObject","inLanguage":"pt-PT","@id":"https:\/\/secure.gravatar.com\/avatar\/c5a7ef84c66fa914f55bc4f7ce26cfa275a3b9a1c5568b907bd184fb4dde7b40?s=96&d=mm&r=g","url":"https:\/\/secure.gravatar.com\/avatar\/c5a7ef84c66fa914f55bc4f7ce26cfa275a3b9a1c5568b907bd184fb4dde7b40?s=96&d=mm&r=g","contentUrl":"https:\/\/secure.gravatar.com\/avatar\/c5a7ef84c66fa914f55bc4f7ce26cfa275a3b9a1c5568b907bd184fb4dde7b40?s=96&d=mm&r=g","caption":"inclusivenews2024"},"sameAs":["https:\/\/inclusivenews.com.br"],"url":"https:\/\/inclusivenews.com.br\/?author=1"}]}},"_links":{"self":[{"href":"https:\/\/inclusivenews.com.br\/index.php?rest_route=\/wp\/v2\/posts\/26845","targetHints":{"allow":["GET"]}}],"collection":[{"href":"https:\/\/inclusivenews.com.br\/index.php?rest_route=\/wp\/v2\/posts"}],"about":[{"href":"https:\/\/inclusivenews.com.br\/index.php?rest_route=\/wp\/v2\/types\/post"}],"author":[{"embeddable":true,"href":"https:\/\/inclusivenews.com.br\/index.php?rest_route=\/wp\/v2\/users\/1"}],"replies":[{"embeddable":true,"href":"https:\/\/inclusivenews.com.br\/index.php?rest_route=%2Fwp%2Fv2%2Fcomments&post=26845"}],"version-history":[{"count":0,"href":"https:\/\/inclusivenews.com.br\/index.php?rest_route=\/wp\/v2\/posts\/26845\/revisions"}],"wp:attachment":[{"href":"https:\/\/inclusivenews.com.br\/index.php?rest_route=%2Fwp%2Fv2%2Fmedia&parent=26845"}],"wp:term":[{"taxonomy":"category","embeddable":true,"href":"https:\/\/inclusivenews.com.br\/index.php?rest_route=%2Fwp%2Fv2%2Fcategories&post=26845"},{"taxonomy":"post_tag","embeddable":true,"href":"https:\/\/inclusivenews.com.br\/index.php?rest_route=%2Fwp%2Fv2%2Ftags&post=26845"}],"curies":[{"name":"wp","href":"https:\/\/api.w.org\/{rel}","templated":true}]}}