{"id":26897,"date":"2014-09-03T15:34:36","date_gmt":"2014-09-03T18:34:36","guid":{"rendered":"http:\/\/www.inclusive.org.br\/?p=26897"},"modified":"2014-09-03T15:34:36","modified_gmt":"2014-09-03T18:34:36","slug":"projeto-usa-arte-para-lidar-com-diferencas","status":"publish","type":"post","link":"https:\/\/inclusivenews.com.br\/?p=26897","title":{"rendered":"Projeto usa arte para lidar com diferen\u00e7as"},"content":{"rendered":"<p>Figuras desproporcionais, cabelos diferentes e peles coloridas. Com desenhos que fogem do comum, a artista pl\u00e1stica Carla Douglass utiliza a arte como ferramenta para lidar com as diferen\u00e7as. Ap\u00f3s percorrer por diferentes institui\u00e7\u00f5es de ensino para levar o mundo de <a href=\"http:\/\/porvir.org\/porfazer\/projeto-usa-arte-para-falar-sobre-respeito\/20130424\" target=\"_blank\" rel=\"noopener\">Carlotas<\/a>, um lugar onde todos s\u00e3o imperfeitos, a ideia agora \u00e9 desenvolver o projeto de um portal com recursos para educadores trabalharem os temas imperfei\u00e7\u00e3o, respeito e empatia. Tudo isso com uma linguagem l\u00fadica e bem humorada.<\/p>\n<p><em><a href=\"http:\/\/porvir.org\/porcriar\/projeto-usa-arte-para-lidar-diferencas\/20140902\" target=\"_blank\" rel=\"noopener\">Do Porvir<\/a><\/em><\/p>\n<p>Os conte\u00fados ser\u00e3o direcionados para crian\u00e7as e adolescentes, com faixa et\u00e1ria entre 6 e 18 anos. Em uma \u00e1rea exclusiva, os educadores ter\u00e3o acesso a v\u00eddeos explicativos e materiais para download. Em cada atividade, eles poder\u00e3o contar com um roteiro de apoio que indica os objetivos da proposta, desenvolvimento e idade recomendada, sempre respeitando a autonomia do professor para criar em cima das atividades.<\/p>\n<div class=\"media-credit-container alignleft\" style=\"width: 594px;\"><span class=\"media-credit\">\u00a0<\/span><a onclick=\"javascript:pageTracker._trackPageview('\/downloads\/wp-content\/uploads\/2014\/09\/Portal-Carlotas_interna2.jpg');\" href=\"http:\/\/porvir.org\/wp-content\/uploads\/2014\/09\/Portal-Carlotas_interna2.jpg\" rel=\"lightbox[38080]\"><img loading=\"lazy\" decoding=\"async\" class=\"size-large wp-image-38093\" title=\"Portal Carlotas ir\u00e1 oferecer atividades para que os professores trabalhem imperfei\u00e7\u00e3o, respeito e empatia na escola\" alt=\"\" src=\"http:\/\/porvir.org\/wp-content\/uploads\/2014\/09\/Portal-Carlotas_interna2-601x275.jpg\" width=\"584\" height=\"267\" \/><\/a><\/div>\n<p>&nbsp;<\/p>\n<p>\u201cAs pessoas sempre buscam a faculdade perfeita, o emprego perfeito. A gente tenta viver em um mundo perfeito\u201d, afirma Carla. Segundo ela, ao utilizar imagens imperfeitas para descontruir essa idealiza\u00e7\u00e3o, \u00e9 poss\u00edvel abrir espa\u00e7o para que os alunos sejam pessoas muito mais cooperativas e capazes de aceitar o outro. \u201cEles se transformar em adultos livres de censuras e dos limites impostos por uma sociedade que \u00e9 focada no perfeito.\u201d<\/p>\n<p>Para Carla, o car\u00e1ter l\u00fadico da arte ajuda a transmitir a mensagem com muito mais facilidade. \u201c\u00c9 uma linguagem global e n\u00e3o existe uma barreira social\u201d, pontua. Em uma das atividades por exemplo, os alunos ser\u00e3o estimulados a formar duplas para pintar uma folha inteira com grafite. De olhos vendados, eles dever\u00e3o utilizar a borracha para criar tra\u00e7os e formar um desenho imperfeito. \u201cEm uma atividade como essa, voc\u00ea tamb\u00e9m esbarra muito na quest\u00e3o do respeito. O seu tra\u00e7o \u00e9 livre, mas vai apenas at\u00e9 onde come\u00e7a o do outro\u201d, explica a pedagoga Joice Risnic, ao mencionar a import\u00e2ncia dos alunos entrarem em acordo ao dividir espa\u00e7o em um mesmo papel.<\/p>\n<p>O site tamb\u00e9m vai propor aos educadores a cria\u00e7\u00e3o de um portf\u00f3lio com os alunos. \u201cEle vai receber todas as atividades e representar a hist\u00f3ria daquele grupo se relacionando com mundo de Carlotas\u201d, conta a pedagoga. Por\u00e9m, longe de ficar arquivado em uma gaveta, a ideia \u00e9 que todos os trabalhos sejam expostos. \u201cQuando a sua arte fica exposta, ela n\u00e3o \u00e9 mais sua. Ela se torna de todo mundo\u201d, destaca Joice.<\/p>\n<div class=\"media-credit-container alignleft\" style=\"width: 594px;\"><span class=\"media-credit\">Divulga\u00e7\u00e3o <\/span><a onclick=\"javascript:pageTracker._trackPageview('\/downloads\/wp-content\/uploads\/2014\/09\/Portal-Carlotas_interna.jpg');\" href=\"http:\/\/porvir.org\/wp-content\/uploads\/2014\/09\/Portal-Carlotas_interna.jpg\" rel=\"lightbox[38080]\"><img loading=\"lazy\" decoding=\"async\" class=\"size-large wp-image-38082\" title=\"Portal Carlotas ir\u00e1 oferecer atividades para que os professores trabalhem imperfei\u00e7\u00e3o, respeito e empatia na escola\" alt=\"\" src=\"http:\/\/porvir.org\/wp-content\/uploads\/2014\/09\/Portal-Carlotas_interna-601x275.jpg\" width=\"584\" height=\"267\" \/><\/a><\/div>\n<p>&nbsp;<\/p>\n<p><strong>Financiamento coletivo<\/strong><\/p>\n<p>Para viabilizar os recursos necess\u00e1rios para o site, o projeto do Portal Carlotas est\u00e1 em financiamento coletivo no site <a onclick=\"javascript:pageTracker._trackPageview('\/outgoing\/partio.com.br\/projeto\/portalcarlotas\/');\" href=\"https:\/\/partio.com.br\/projeto\/portalcarlotas\/\" target=\"_blank\" rel=\"noopener\">Partio<\/a>, que apoia projetos culturais. A campanha de arrecada\u00e7\u00e3o est\u00e1 dividida em tr\u00eas fases. Na primeira, o projeto tem at\u00e9 o dia 3 de outubro para arrecadar R$ 22 mil no financiamento coletivo, o que garante o desenvolvimento do portal e a disponibiliza\u00e7\u00e3o de atividades. Se atingir a meta inicial, com R$ 44 mil o portal tamb\u00e9m estar\u00e1 pronto para oferecer f\u00f3runs de interatividade e com R$ 66 mil uma loja virtual para vender os produtos de Carlotas. Os apoiadores podem contribuir com valores a partir de R$ 25. Cada doa\u00e7\u00e3o ter\u00e1 uma contrapartida, que pode vir na forma de cadernos personalizados, ilustra\u00e7\u00f5es e telas exclusivas. Todos pintados pela artista pl\u00e1stica Carla Douglass.<\/p>\n","protected":false},"excerpt":{"rendered":"<p>Figuras desproporcionais, cabelos diferentes e peles coloridas. Com desenhos que fogem do comum, a artista pl\u00e1stica Carla Douglass utiliza a arte como ferramenta para lidar com as diferen\u00e7as. Ap\u00f3s percorrer por diferentes institui\u00e7\u00f5es de ensino para levar o mundo de Carlotas, um lugar onde todos s\u00e3o imperfeitos, a ideia agora \u00e9 desenvolver o projeto de um portal com recursos para educadores trabalharem os temas imperfei\u00e7\u00e3o, respeito e empatia. Tudo isso com uma linguagem l\u00fadica e bem humorada. Do Porvir.<\/p>\n","protected":false},"author":1,"featured_media":0,"comment_status":"open","ping_status":"open","sticky":false,"template":"","format":"standard","meta":{"site-container-style":"default","site-container-layout":"default","site-sidebar-layout":"default","disable-article-header":"default","disable-site-header":"default","disable-site-footer":"default","disable-content-area-spacing":"default","footnotes":""},"categories":[6,48],"tags":[126],"class_list":["post-26897","post","type-post","status-publish","format-standard","hentry","category-educacao","category-inclusao","tag-educacao-inclusiva"],"yoast_head":"<!-- This site is optimized with the Yoast SEO plugin v27.4 - https:\/\/yoast.com\/product\/yoast-seo-wordpress\/ -->\n<title>Projeto usa arte para lidar com diferen\u00e7as -<\/title>\n<meta name=\"robots\" content=\"index, follow, max-snippet:-1, max-image-preview:large, max-video-preview:-1\" \/>\n<link rel=\"canonical\" href=\"https:\/\/inclusivenews.com.br\/?p=26897\" \/>\n<meta property=\"og:locale\" content=\"pt_PT\" \/>\n<meta property=\"og:type\" content=\"article\" \/>\n<meta property=\"og:title\" content=\"Projeto usa arte para lidar com diferen\u00e7as -\" \/>\n<meta property=\"og:description\" content=\"Figuras desproporcionais, cabelos diferentes e peles coloridas. Com desenhos que fogem do comum, a artista pl\u00e1stica Carla Douglass utiliza a arte como ferramenta para lidar com as diferen\u00e7as. Ap\u00f3s percorrer por diferentes institui\u00e7\u00f5es de ensino para levar o mundo de Carlotas, um lugar onde todos s\u00e3o imperfeitos, a ideia agora \u00e9 desenvolver o projeto de um portal com recursos para educadores trabalharem os temas imperfei\u00e7\u00e3o, respeito e empatia. Tudo isso com uma linguagem l\u00fadica e bem humorada. Do Porvir.\" \/>\n<meta property=\"og:url\" content=\"https:\/\/inclusivenews.com.br\/?p=26897\" \/>\n<meta property=\"article:publisher\" content=\"https:\/\/www.facebook.com\/agenciainclusive\/\" \/>\n<meta property=\"article:published_time\" content=\"2014-09-03T18:34:36+00:00\" \/>\n<meta property=\"og:image\" content=\"http:\/\/porvir.org\/wp-content\/uploads\/2014\/09\/Portal-Carlotas_interna2-601x275.jpg\" \/>\n<meta name=\"author\" content=\"inclusivenews2024\" \/>\n<meta name=\"twitter:card\" content=\"summary_large_image\" \/>\n<meta name=\"twitter:label1\" content=\"Escrito por\" \/>\n\t<meta name=\"twitter:data1\" content=\"inclusivenews2024\" \/>\n\t<meta name=\"twitter:label2\" content=\"Tempo estimado de leitura\" \/>\n\t<meta name=\"twitter:data2\" content=\"3 minutos\" \/>\n<script type=\"application\/ld+json\" class=\"yoast-schema-graph\">{\"@context\":\"https:\\\/\\\/schema.org\",\"@graph\":[{\"@type\":\"Article\",\"@id\":\"https:\\\/\\\/inclusivenews.com.br\\\/?p=26897#article\",\"isPartOf\":{\"@id\":\"https:\\\/\\\/inclusivenews.com.br\\\/?p=26897\"},\"author\":{\"name\":\"inclusivenews2024\",\"@id\":\"https:\\\/\\\/inclusivenews.com.br\\\/#\\\/schema\\\/person\\\/ae4ec7087559b8692fb33b6fffd2273b\"},\"headline\":\"Projeto usa arte para lidar com diferen\u00e7as\",\"datePublished\":\"2014-09-03T18:34:36+00:00\",\"mainEntityOfPage\":{\"@id\":\"https:\\\/\\\/inclusivenews.com.br\\\/?p=26897\"},\"wordCount\":571,\"commentCount\":1,\"publisher\":{\"@id\":\"https:\\\/\\\/inclusivenews.com.br\\\/#organization\"},\"image\":{\"@id\":\"https:\\\/\\\/inclusivenews.com.br\\\/?p=26897#primaryimage\"},\"thumbnailUrl\":\"http:\\\/\\\/porvir.org\\\/wp-content\\\/uploads\\\/2014\\\/09\\\/Portal-Carlotas_interna2-601x275.jpg\",\"keywords\":[\"Educa\u00e7\u00e3o inclusiva\"],\"articleSection\":[\"EDUCA\u00c7\u00c3O\",\"INCLUS\u00c3O SOCIAL\"],\"inLanguage\":\"pt-PT\",\"potentialAction\":[{\"@type\":\"CommentAction\",\"name\":\"Comment\",\"target\":[\"https:\\\/\\\/inclusivenews.com.br\\\/?p=26897#respond\"]}]},{\"@type\":\"WebPage\",\"@id\":\"https:\\\/\\\/inclusivenews.com.br\\\/?p=26897\",\"url\":\"https:\\\/\\\/inclusivenews.com.br\\\/?p=26897\",\"name\":\"Projeto usa arte para lidar com diferen\u00e7as -\",\"isPartOf\":{\"@id\":\"https:\\\/\\\/inclusivenews.com.br\\\/#website\"},\"primaryImageOfPage\":{\"@id\":\"https:\\\/\\\/inclusivenews.com.br\\\/?p=26897#primaryimage\"},\"image\":{\"@id\":\"https:\\\/\\\/inclusivenews.com.br\\\/?p=26897#primaryimage\"},\"thumbnailUrl\":\"http:\\\/\\\/porvir.org\\\/wp-content\\\/uploads\\\/2014\\\/09\\\/Portal-Carlotas_interna2-601x275.jpg\",\"datePublished\":\"2014-09-03T18:34:36+00:00\",\"breadcrumb\":{\"@id\":\"https:\\\/\\\/inclusivenews.com.br\\\/?p=26897#breadcrumb\"},\"inLanguage\":\"pt-PT\",\"potentialAction\":[{\"@type\":\"ReadAction\",\"target\":[\"https:\\\/\\\/inclusivenews.com.br\\\/?p=26897\"]}]},{\"@type\":\"ImageObject\",\"inLanguage\":\"pt-PT\",\"@id\":\"https:\\\/\\\/inclusivenews.com.br\\\/?p=26897#primaryimage\",\"url\":\"http:\\\/\\\/porvir.org\\\/wp-content\\\/uploads\\\/2014\\\/09\\\/Portal-Carlotas_interna2-601x275.jpg\",\"contentUrl\":\"http:\\\/\\\/porvir.org\\\/wp-content\\\/uploads\\\/2014\\\/09\\\/Portal-Carlotas_interna2-601x275.jpg\"},{\"@type\":\"BreadcrumbList\",\"@id\":\"https:\\\/\\\/inclusivenews.com.br\\\/?p=26897#breadcrumb\",\"itemListElement\":[{\"@type\":\"ListItem\",\"position\":1,\"name\":\"In\u00edcio\",\"item\":\"https:\\\/\\\/inclusivenews.com.br\\\/\"},{\"@type\":\"ListItem\",\"position\":2,\"name\":\"Projeto usa arte para lidar com diferen\u00e7as\"}]},{\"@type\":\"WebSite\",\"@id\":\"https:\\\/\\\/inclusivenews.com.br\\\/#website\",\"url\":\"https:\\\/\\\/inclusivenews.com.br\\\/\",\"name\":\"Inclusive News\",\"description\":\"Inclusive News\",\"publisher\":{\"@id\":\"https:\\\/\\\/inclusivenews.com.br\\\/#organization\"},\"potentialAction\":[{\"@type\":\"SearchAction\",\"target\":{\"@type\":\"EntryPoint\",\"urlTemplate\":\"https:\\\/\\\/inclusivenews.com.br\\\/?s={search_term_string}\"},\"query-input\":{\"@type\":\"PropertyValueSpecification\",\"valueRequired\":true,\"valueName\":\"search_term_string\"}}],\"inLanguage\":\"pt-PT\"},{\"@type\":\"Organization\",\"@id\":\"https:\\\/\\\/inclusivenews.com.br\\\/#organization\",\"name\":\"Inclusive - inclus\u00e3o e cidadania\",\"url\":\"https:\\\/\\\/inclusivenews.com.br\\\/\",\"logo\":{\"@type\":\"ImageObject\",\"inLanguage\":\"pt-PT\",\"@id\":\"https:\\\/\\\/inclusivenews.com.br\\\/#\\\/schema\\\/logo\\\/image\\\/\",\"url\":\"https:\\\/\\\/inclusivenews.com.br\\\/wp-content\\\/uploads\\\/2024\\\/03\\\/@grandesite.png\",\"contentUrl\":\"https:\\\/\\\/inclusivenews.com.br\\\/wp-content\\\/uploads\\\/2024\\\/03\\\/@grandesite.png\",\"width\":1080,\"height\":1080,\"caption\":\"Inclusive - inclus\u00e3o e cidadania\"},\"image\":{\"@id\":\"https:\\\/\\\/inclusivenews.com.br\\\/#\\\/schema\\\/logo\\\/image\\\/\"},\"sameAs\":[\"https:\\\/\\\/www.facebook.com\\\/agenciainclusive\\\/\",\"https:\\\/\\\/www.instagram.com\\\/newsinclusive\\\/\"]},{\"@type\":\"Person\",\"@id\":\"https:\\\/\\\/inclusivenews.com.br\\\/#\\\/schema\\\/person\\\/ae4ec7087559b8692fb33b6fffd2273b\",\"name\":\"inclusivenews2024\",\"image\":{\"@type\":\"ImageObject\",\"inLanguage\":\"pt-PT\",\"@id\":\"https:\\\/\\\/secure.gravatar.com\\\/avatar\\\/c5a7ef84c66fa914f55bc4f7ce26cfa275a3b9a1c5568b907bd184fb4dde7b40?s=96&d=mm&r=g\",\"url\":\"https:\\\/\\\/secure.gravatar.com\\\/avatar\\\/c5a7ef84c66fa914f55bc4f7ce26cfa275a3b9a1c5568b907bd184fb4dde7b40?s=96&d=mm&r=g\",\"contentUrl\":\"https:\\\/\\\/secure.gravatar.com\\\/avatar\\\/c5a7ef84c66fa914f55bc4f7ce26cfa275a3b9a1c5568b907bd184fb4dde7b40?s=96&d=mm&r=g\",\"caption\":\"inclusivenews2024\"},\"sameAs\":[\"https:\\\/\\\/inclusivenews.com.br\"],\"url\":\"https:\\\/\\\/inclusivenews.com.br\\\/?author=1\"}]}<\/script>\n<!-- \/ Yoast SEO plugin. -->","yoast_head_json":{"title":"Projeto usa arte para lidar com diferen\u00e7as -","robots":{"index":"index","follow":"follow","max-snippet":"max-snippet:-1","max-image-preview":"max-image-preview:large","max-video-preview":"max-video-preview:-1"},"canonical":"https:\/\/inclusivenews.com.br\/?p=26897","og_locale":"pt_PT","og_type":"article","og_title":"Projeto usa arte para lidar com diferen\u00e7as -","og_description":"Figuras desproporcionais, cabelos diferentes e peles coloridas. Com desenhos que fogem do comum, a artista pl\u00e1stica Carla Douglass utiliza a arte como ferramenta para lidar com as diferen\u00e7as. Ap\u00f3s percorrer por diferentes institui\u00e7\u00f5es de ensino para levar o mundo de Carlotas, um lugar onde todos s\u00e3o imperfeitos, a ideia agora \u00e9 desenvolver o projeto de um portal com recursos para educadores trabalharem os temas imperfei\u00e7\u00e3o, respeito e empatia. Tudo isso com uma linguagem l\u00fadica e bem humorada. Do Porvir.","og_url":"https:\/\/inclusivenews.com.br\/?p=26897","article_publisher":"https:\/\/www.facebook.com\/agenciainclusive\/","article_published_time":"2014-09-03T18:34:36+00:00","og_image":[{"url":"http:\/\/porvir.org\/wp-content\/uploads\/2014\/09\/Portal-Carlotas_interna2-601x275.jpg","type":"","width":"","height":""}],"author":"inclusivenews2024","twitter_card":"summary_large_image","twitter_misc":{"Escrito por":"inclusivenews2024","Tempo estimado de leitura":"3 minutos"},"schema":{"@context":"https:\/\/schema.org","@graph":[{"@type":"Article","@id":"https:\/\/inclusivenews.com.br\/?p=26897#article","isPartOf":{"@id":"https:\/\/inclusivenews.com.br\/?p=26897"},"author":{"name":"inclusivenews2024","@id":"https:\/\/inclusivenews.com.br\/#\/schema\/person\/ae4ec7087559b8692fb33b6fffd2273b"},"headline":"Projeto usa arte para lidar com diferen\u00e7as","datePublished":"2014-09-03T18:34:36+00:00","mainEntityOfPage":{"@id":"https:\/\/inclusivenews.com.br\/?p=26897"},"wordCount":571,"commentCount":1,"publisher":{"@id":"https:\/\/inclusivenews.com.br\/#organization"},"image":{"@id":"https:\/\/inclusivenews.com.br\/?p=26897#primaryimage"},"thumbnailUrl":"http:\/\/porvir.org\/wp-content\/uploads\/2014\/09\/Portal-Carlotas_interna2-601x275.jpg","keywords":["Educa\u00e7\u00e3o inclusiva"],"articleSection":["EDUCA\u00c7\u00c3O","INCLUS\u00c3O SOCIAL"],"inLanguage":"pt-PT","potentialAction":[{"@type":"CommentAction","name":"Comment","target":["https:\/\/inclusivenews.com.br\/?p=26897#respond"]}]},{"@type":"WebPage","@id":"https:\/\/inclusivenews.com.br\/?p=26897","url":"https:\/\/inclusivenews.com.br\/?p=26897","name":"Projeto usa arte para lidar com diferen\u00e7as -","isPartOf":{"@id":"https:\/\/inclusivenews.com.br\/#website"},"primaryImageOfPage":{"@id":"https:\/\/inclusivenews.com.br\/?p=26897#primaryimage"},"image":{"@id":"https:\/\/inclusivenews.com.br\/?p=26897#primaryimage"},"thumbnailUrl":"http:\/\/porvir.org\/wp-content\/uploads\/2014\/09\/Portal-Carlotas_interna2-601x275.jpg","datePublished":"2014-09-03T18:34:36+00:00","breadcrumb":{"@id":"https:\/\/inclusivenews.com.br\/?p=26897#breadcrumb"},"inLanguage":"pt-PT","potentialAction":[{"@type":"ReadAction","target":["https:\/\/inclusivenews.com.br\/?p=26897"]}]},{"@type":"ImageObject","inLanguage":"pt-PT","@id":"https:\/\/inclusivenews.com.br\/?p=26897#primaryimage","url":"http:\/\/porvir.org\/wp-content\/uploads\/2014\/09\/Portal-Carlotas_interna2-601x275.jpg","contentUrl":"http:\/\/porvir.org\/wp-content\/uploads\/2014\/09\/Portal-Carlotas_interna2-601x275.jpg"},{"@type":"BreadcrumbList","@id":"https:\/\/inclusivenews.com.br\/?p=26897#breadcrumb","itemListElement":[{"@type":"ListItem","position":1,"name":"In\u00edcio","item":"https:\/\/inclusivenews.com.br\/"},{"@type":"ListItem","position":2,"name":"Projeto usa arte para lidar com diferen\u00e7as"}]},{"@type":"WebSite","@id":"https:\/\/inclusivenews.com.br\/#website","url":"https:\/\/inclusivenews.com.br\/","name":"Inclusive News","description":"Inclusive News","publisher":{"@id":"https:\/\/inclusivenews.com.br\/#organization"},"potentialAction":[{"@type":"SearchAction","target":{"@type":"EntryPoint","urlTemplate":"https:\/\/inclusivenews.com.br\/?s={search_term_string}"},"query-input":{"@type":"PropertyValueSpecification","valueRequired":true,"valueName":"search_term_string"}}],"inLanguage":"pt-PT"},{"@type":"Organization","@id":"https:\/\/inclusivenews.com.br\/#organization","name":"Inclusive - inclus\u00e3o e cidadania","url":"https:\/\/inclusivenews.com.br\/","logo":{"@type":"ImageObject","inLanguage":"pt-PT","@id":"https:\/\/inclusivenews.com.br\/#\/schema\/logo\/image\/","url":"https:\/\/inclusivenews.com.br\/wp-content\/uploads\/2024\/03\/@grandesite.png","contentUrl":"https:\/\/inclusivenews.com.br\/wp-content\/uploads\/2024\/03\/@grandesite.png","width":1080,"height":1080,"caption":"Inclusive - inclus\u00e3o e cidadania"},"image":{"@id":"https:\/\/inclusivenews.com.br\/#\/schema\/logo\/image\/"},"sameAs":["https:\/\/www.facebook.com\/agenciainclusive\/","https:\/\/www.instagram.com\/newsinclusive\/"]},{"@type":"Person","@id":"https:\/\/inclusivenews.com.br\/#\/schema\/person\/ae4ec7087559b8692fb33b6fffd2273b","name":"inclusivenews2024","image":{"@type":"ImageObject","inLanguage":"pt-PT","@id":"https:\/\/secure.gravatar.com\/avatar\/c5a7ef84c66fa914f55bc4f7ce26cfa275a3b9a1c5568b907bd184fb4dde7b40?s=96&d=mm&r=g","url":"https:\/\/secure.gravatar.com\/avatar\/c5a7ef84c66fa914f55bc4f7ce26cfa275a3b9a1c5568b907bd184fb4dde7b40?s=96&d=mm&r=g","contentUrl":"https:\/\/secure.gravatar.com\/avatar\/c5a7ef84c66fa914f55bc4f7ce26cfa275a3b9a1c5568b907bd184fb4dde7b40?s=96&d=mm&r=g","caption":"inclusivenews2024"},"sameAs":["https:\/\/inclusivenews.com.br"],"url":"https:\/\/inclusivenews.com.br\/?author=1"}]}},"_links":{"self":[{"href":"https:\/\/inclusivenews.com.br\/index.php?rest_route=\/wp\/v2\/posts\/26897","targetHints":{"allow":["GET"]}}],"collection":[{"href":"https:\/\/inclusivenews.com.br\/index.php?rest_route=\/wp\/v2\/posts"}],"about":[{"href":"https:\/\/inclusivenews.com.br\/index.php?rest_route=\/wp\/v2\/types\/post"}],"author":[{"embeddable":true,"href":"https:\/\/inclusivenews.com.br\/index.php?rest_route=\/wp\/v2\/users\/1"}],"replies":[{"embeddable":true,"href":"https:\/\/inclusivenews.com.br\/index.php?rest_route=%2Fwp%2Fv2%2Fcomments&post=26897"}],"version-history":[{"count":0,"href":"https:\/\/inclusivenews.com.br\/index.php?rest_route=\/wp\/v2\/posts\/26897\/revisions"}],"wp:attachment":[{"href":"https:\/\/inclusivenews.com.br\/index.php?rest_route=%2Fwp%2Fv2%2Fmedia&parent=26897"}],"wp:term":[{"taxonomy":"category","embeddable":true,"href":"https:\/\/inclusivenews.com.br\/index.php?rest_route=%2Fwp%2Fv2%2Fcategories&post=26897"},{"taxonomy":"post_tag","embeddable":true,"href":"https:\/\/inclusivenews.com.br\/index.php?rest_route=%2Fwp%2Fv2%2Ftags&post=26897"}],"curies":[{"name":"wp","href":"https:\/\/api.w.org\/{rel}","templated":true}]}}