{"id":26901,"date":"2014-09-03T15:41:29","date_gmt":"2014-09-03T18:41:29","guid":{"rendered":"http:\/\/www.inclusive.org.br\/?p=26901"},"modified":"2014-09-03T15:41:29","modified_gmt":"2014-09-03T18:41:29","slug":"detentas-poderao-ter-reducao-de-pena-em-troca-de-leitura-em-mato-grosso","status":"publish","type":"post","link":"https:\/\/inclusivenews.com.br\/?p=26901","title":{"rendered":"Detentas poder\u00e3o ter redu\u00e7\u00e3o de pena em troca de leitura em Mato Grosso"},"content":{"rendered":"<p>A cada livro lido, quatro dias a menos na pena. Este \u00e9 o incentivo que as detentas da Cadeia P\u00fablica de Col\u00edder, distante 648 km de Cuiab\u00e1, est\u00e3o recebendo para que se dediquem \u00e0 leitura. At\u00e9 uma campanha de arrecada\u00e7\u00e3o de livros foi feita pela comarca do munic\u00edpio para conseguir mais exemplares para a biblioteca da cadeia.<\/p>\n<figure style=\"width: 344px\" class=\"wp-caption alignnone\"><img loading=\"lazy\" decoding=\"async\" alt=\"Mulher lendo livro.\" src=\"http:\/\/www.blogdogaleno.com.br\/img\/uploads\/presas_leitura_mt.jpg\" width=\"344\" height=\"257\" \/><figcaption class=\"wp-caption-text\">Foto: G1<\/figcaption><\/figure>\n<p>A campanha pretende beneficiar cerca de 60 detentas por meio do Programa Remi\u00e7\u00e3o pela Leitura na Pris\u00e3o, da Corregedoria Geral da Justi\u00e7a de Mato Grosso, e consequente reinser\u00e7\u00e3o social. Na cadeia p\u00fablica da cidade est\u00e3o detidas 62 mulheres, sendo apenas 18 condenadas e 42 com pris\u00e3o provis\u00f3ria. Para a campanha pode ser doado qualquer tipo de obra e qualquer quantidade de livros por qualquer pessoa.<\/p>\n<p>As mulheres ter\u00e3o de 21 a 30 dias para ler um livro e, ao final deste per\u00edodo, ter\u00e3o que escrever uma resenha de pr\u00f3prio punho sobre o assunto, que ser\u00e1 avaliada por professora da rede estadual de Col\u00edder e por uma assistente social. Depois do livro lido, resenhado e avaliado, a detenta poder\u00e1 ter a diminui\u00e7\u00e3o de quatro dias de sua pena.<\/p>\n<p>O projeto prev\u00ea que cada presa poder\u00e1 ler at\u00e9 12 obras, com isso ela ter\u00e1 a oportunidade de retirar da sua pena at\u00e9 48 dias, no prazo de um ano, conforme consta do Provimento 24\/2013 da CGJ. Segundo a ju\u00edza Paula Saide Biagi Messen Mussi Casagrande, da Comarca de Col\u00edder, o objetivo \u00e9 montar uma biblioteca na unidade prisional. Por\u00e9m, ela destaca que faltam computadores, cadeiras, dentre outros objetos, para a biblioteca. Dessa forma, inicialmente, as detentas ir\u00e3o ler os livros dentro das celas.<\/p>\n<p>\u201cA campanha tamb\u00e9m tem a finalidade de preparar a reeducanda para o conv\u00edvio social e a reinser\u00e7\u00e3o dela na sociedade. Acreditamos que atrav\u00e9s da leitura \u00e9 poss\u00edvel mudar essa realidade e oportunizar novas chances\u201d, afirma a magistrada. O diretor da Cadeia P\u00fablica de Col\u00edder, Julio C\u00e9sar Silva Pereira, disse que dever\u00e1 ser realizada uma reuni\u00e3o no pr\u00f3ximo dia 25 para definir o m\u00eas que iniciar\u00e1 o projeto na unidade.<\/p>\n<p>As doa\u00e7\u00f5es podem ser feitas na pr\u00f3pria cadeia, no F\u00f3rum da cidade, na Defensoria P\u00fablica e na Promotoria de Justi\u00e7a. Tamb\u00e9m s\u00e3o pontos de arrecada\u00e7\u00e3o dois supermercados, sendo um localizado na Avenida Marechal Rondon, no Centro, e o outro, na Avenida Machado de Assis, no Bairro Nossa Senhora da Guia.<\/p>\n<p>Reportagem est\u00e1 no G1.<\/p>\n","protected":false},"excerpt":{"rendered":"<p>A campanha pretende beneficiar cerca de 60 detentas por meio do Programa Remi\u00e7\u00e3o pela Leitura na Pris\u00e3o, da Corregedoria Geral da Justi\u00e7a de Mato Grosso, e consequente reinser\u00e7\u00e3o social. Na cadeia p\u00fablica da cidade est\u00e3o detidas 62 mulheres, sendo apenas 18 condenadas e 42 com pris\u00e3o provis\u00f3ria. Para a campanha pode ser doado qualquer tipo de obra e qualquer quantidade de livros por qualquer pessoa. Reportagem \u00e9 do G1.<\/p>\n","protected":false},"author":1,"featured_media":0,"comment_status":"open","ping_status":"open","sticky":false,"template":"","format":"standard","meta":{"site-container-style":"default","site-container-layout":"default","site-sidebar-layout":"default","disable-article-header":"default","disable-site-header":"default","disable-site-footer":"default","disable-content-area-spacing":"default","footnotes":""},"categories":[11],"tags":[154],"class_list":["post-26901","post","type-post","status-publish","format-standard","hentry","category-direitos-humanos","tag-educacao-prisional"],"yoast_head":"<!-- This site is optimized with the Yoast SEO plugin v27.4 - https:\/\/yoast.com\/product\/yoast-seo-wordpress\/ -->\n<title>Detentas poder\u00e3o ter redu\u00e7\u00e3o de pena em troca de leitura em Mato Grosso -<\/title>\n<meta name=\"robots\" content=\"index, follow, max-snippet:-1, max-image-preview:large, max-video-preview:-1\" \/>\n<link rel=\"canonical\" href=\"https:\/\/inclusivenews.com.br\/?p=26901\" \/>\n<meta property=\"og:locale\" content=\"pt_PT\" \/>\n<meta property=\"og:type\" content=\"article\" \/>\n<meta property=\"og:title\" content=\"Detentas poder\u00e3o ter redu\u00e7\u00e3o de pena em troca de leitura em Mato Grosso -\" \/>\n<meta property=\"og:description\" content=\"A campanha pretende beneficiar cerca de 60 detentas por meio do Programa Remi\u00e7\u00e3o pela Leitura na Pris\u00e3o, da Corregedoria Geral da Justi\u00e7a de Mato Grosso, e consequente reinser\u00e7\u00e3o social. Na cadeia p\u00fablica da cidade est\u00e3o detidas 62 mulheres, sendo apenas 18 condenadas e 42 com pris\u00e3o provis\u00f3ria. Para a campanha pode ser doado qualquer tipo de obra e qualquer quantidade de livros por qualquer pessoa. Reportagem \u00e9 do G1.\" \/>\n<meta property=\"og:url\" content=\"https:\/\/inclusivenews.com.br\/?p=26901\" \/>\n<meta property=\"article:publisher\" content=\"https:\/\/www.facebook.com\/agenciainclusive\/\" \/>\n<meta property=\"article:published_time\" content=\"2014-09-03T18:41:29+00:00\" \/>\n<meta property=\"og:image\" content=\"http:\/\/www.blogdogaleno.com.br\/img\/uploads\/presas_leitura_mt.jpg\" \/>\n<meta name=\"author\" content=\"inclusivenews2024\" \/>\n<meta name=\"twitter:card\" content=\"summary_large_image\" \/>\n<meta name=\"twitter:label1\" content=\"Escrito por\" \/>\n\t<meta name=\"twitter:data1\" content=\"inclusivenews2024\" \/>\n\t<meta name=\"twitter:label2\" content=\"Tempo estimado de leitura\" \/>\n\t<meta name=\"twitter:data2\" content=\"2 minutos\" \/>\n<script type=\"application\/ld+json\" class=\"yoast-schema-graph\">{\"@context\":\"https:\\\/\\\/schema.org\",\"@graph\":[{\"@type\":\"Article\",\"@id\":\"https:\\\/\\\/inclusivenews.com.br\\\/?p=26901#article\",\"isPartOf\":{\"@id\":\"https:\\\/\\\/inclusivenews.com.br\\\/?p=26901\"},\"author\":{\"name\":\"inclusivenews2024\",\"@id\":\"https:\\\/\\\/inclusivenews.com.br\\\/#\\\/schema\\\/person\\\/ae4ec7087559b8692fb33b6fffd2273b\"},\"headline\":\"Detentas poder\u00e3o ter redu\u00e7\u00e3o de pena em troca de leitura em Mato Grosso\",\"datePublished\":\"2014-09-03T18:41:29+00:00\",\"mainEntityOfPage\":{\"@id\":\"https:\\\/\\\/inclusivenews.com.br\\\/?p=26901\"},\"wordCount\":441,\"commentCount\":0,\"publisher\":{\"@id\":\"https:\\\/\\\/inclusivenews.com.br\\\/#organization\"},\"image\":{\"@id\":\"https:\\\/\\\/inclusivenews.com.br\\\/?p=26901#primaryimage\"},\"thumbnailUrl\":\"http:\\\/\\\/www.blogdogaleno.com.br\\\/img\\\/uploads\\\/presas_leitura_mt.jpg\",\"keywords\":[\"Educa\u00e7\u00e3o prisional\"],\"articleSection\":[\"DIREITOS HUMANOS\"],\"inLanguage\":\"pt-PT\",\"potentialAction\":[{\"@type\":\"CommentAction\",\"name\":\"Comment\",\"target\":[\"https:\\\/\\\/inclusivenews.com.br\\\/?p=26901#respond\"]}]},{\"@type\":\"WebPage\",\"@id\":\"https:\\\/\\\/inclusivenews.com.br\\\/?p=26901\",\"url\":\"https:\\\/\\\/inclusivenews.com.br\\\/?p=26901\",\"name\":\"Detentas poder\u00e3o ter redu\u00e7\u00e3o de pena em troca de leitura em Mato Grosso -\",\"isPartOf\":{\"@id\":\"https:\\\/\\\/inclusivenews.com.br\\\/#website\"},\"primaryImageOfPage\":{\"@id\":\"https:\\\/\\\/inclusivenews.com.br\\\/?p=26901#primaryimage\"},\"image\":{\"@id\":\"https:\\\/\\\/inclusivenews.com.br\\\/?p=26901#primaryimage\"},\"thumbnailUrl\":\"http:\\\/\\\/www.blogdogaleno.com.br\\\/img\\\/uploads\\\/presas_leitura_mt.jpg\",\"datePublished\":\"2014-09-03T18:41:29+00:00\",\"breadcrumb\":{\"@id\":\"https:\\\/\\\/inclusivenews.com.br\\\/?p=26901#breadcrumb\"},\"inLanguage\":\"pt-PT\",\"potentialAction\":[{\"@type\":\"ReadAction\",\"target\":[\"https:\\\/\\\/inclusivenews.com.br\\\/?p=26901\"]}]},{\"@type\":\"ImageObject\",\"inLanguage\":\"pt-PT\",\"@id\":\"https:\\\/\\\/inclusivenews.com.br\\\/?p=26901#primaryimage\",\"url\":\"http:\\\/\\\/www.blogdogaleno.com.br\\\/img\\\/uploads\\\/presas_leitura_mt.jpg\",\"contentUrl\":\"http:\\\/\\\/www.blogdogaleno.com.br\\\/img\\\/uploads\\\/presas_leitura_mt.jpg\"},{\"@type\":\"BreadcrumbList\",\"@id\":\"https:\\\/\\\/inclusivenews.com.br\\\/?p=26901#breadcrumb\",\"itemListElement\":[{\"@type\":\"ListItem\",\"position\":1,\"name\":\"In\u00edcio\",\"item\":\"https:\\\/\\\/inclusivenews.com.br\\\/\"},{\"@type\":\"ListItem\",\"position\":2,\"name\":\"Detentas poder\u00e3o ter redu\u00e7\u00e3o de pena em troca de leitura em Mato Grosso\"}]},{\"@type\":\"WebSite\",\"@id\":\"https:\\\/\\\/inclusivenews.com.br\\\/#website\",\"url\":\"https:\\\/\\\/inclusivenews.com.br\\\/\",\"name\":\"Inclusive News\",\"description\":\"Inclusive News\",\"publisher\":{\"@id\":\"https:\\\/\\\/inclusivenews.com.br\\\/#organization\"},\"potentialAction\":[{\"@type\":\"SearchAction\",\"target\":{\"@type\":\"EntryPoint\",\"urlTemplate\":\"https:\\\/\\\/inclusivenews.com.br\\\/?s={search_term_string}\"},\"query-input\":{\"@type\":\"PropertyValueSpecification\",\"valueRequired\":true,\"valueName\":\"search_term_string\"}}],\"inLanguage\":\"pt-PT\"},{\"@type\":\"Organization\",\"@id\":\"https:\\\/\\\/inclusivenews.com.br\\\/#organization\",\"name\":\"Inclusive - inclus\u00e3o e cidadania\",\"url\":\"https:\\\/\\\/inclusivenews.com.br\\\/\",\"logo\":{\"@type\":\"ImageObject\",\"inLanguage\":\"pt-PT\",\"@id\":\"https:\\\/\\\/inclusivenews.com.br\\\/#\\\/schema\\\/logo\\\/image\\\/\",\"url\":\"https:\\\/\\\/inclusivenews.com.br\\\/wp-content\\\/uploads\\\/2024\\\/03\\\/@grandesite.png\",\"contentUrl\":\"https:\\\/\\\/inclusivenews.com.br\\\/wp-content\\\/uploads\\\/2024\\\/03\\\/@grandesite.png\",\"width\":1080,\"height\":1080,\"caption\":\"Inclusive - inclus\u00e3o e cidadania\"},\"image\":{\"@id\":\"https:\\\/\\\/inclusivenews.com.br\\\/#\\\/schema\\\/logo\\\/image\\\/\"},\"sameAs\":[\"https:\\\/\\\/www.facebook.com\\\/agenciainclusive\\\/\",\"https:\\\/\\\/www.instagram.com\\\/newsinclusive\\\/\"]},{\"@type\":\"Person\",\"@id\":\"https:\\\/\\\/inclusivenews.com.br\\\/#\\\/schema\\\/person\\\/ae4ec7087559b8692fb33b6fffd2273b\",\"name\":\"inclusivenews2024\",\"image\":{\"@type\":\"ImageObject\",\"inLanguage\":\"pt-PT\",\"@id\":\"https:\\\/\\\/secure.gravatar.com\\\/avatar\\\/c5a7ef84c66fa914f55bc4f7ce26cfa275a3b9a1c5568b907bd184fb4dde7b40?s=96&d=mm&r=g\",\"url\":\"https:\\\/\\\/secure.gravatar.com\\\/avatar\\\/c5a7ef84c66fa914f55bc4f7ce26cfa275a3b9a1c5568b907bd184fb4dde7b40?s=96&d=mm&r=g\",\"contentUrl\":\"https:\\\/\\\/secure.gravatar.com\\\/avatar\\\/c5a7ef84c66fa914f55bc4f7ce26cfa275a3b9a1c5568b907bd184fb4dde7b40?s=96&d=mm&r=g\",\"caption\":\"inclusivenews2024\"},\"sameAs\":[\"https:\\\/\\\/inclusivenews.com.br\"],\"url\":\"https:\\\/\\\/inclusivenews.com.br\\\/?author=1\"}]}<\/script>\n<!-- \/ Yoast SEO plugin. -->","yoast_head_json":{"title":"Detentas poder\u00e3o ter redu\u00e7\u00e3o de pena em troca de leitura em Mato Grosso -","robots":{"index":"index","follow":"follow","max-snippet":"max-snippet:-1","max-image-preview":"max-image-preview:large","max-video-preview":"max-video-preview:-1"},"canonical":"https:\/\/inclusivenews.com.br\/?p=26901","og_locale":"pt_PT","og_type":"article","og_title":"Detentas poder\u00e3o ter redu\u00e7\u00e3o de pena em troca de leitura em Mato Grosso -","og_description":"A campanha pretende beneficiar cerca de 60 detentas por meio do Programa Remi\u00e7\u00e3o pela Leitura na Pris\u00e3o, da Corregedoria Geral da Justi\u00e7a de Mato Grosso, e consequente reinser\u00e7\u00e3o social. Na cadeia p\u00fablica da cidade est\u00e3o detidas 62 mulheres, sendo apenas 18 condenadas e 42 com pris\u00e3o provis\u00f3ria. Para a campanha pode ser doado qualquer tipo de obra e qualquer quantidade de livros por qualquer pessoa. Reportagem \u00e9 do G1.","og_url":"https:\/\/inclusivenews.com.br\/?p=26901","article_publisher":"https:\/\/www.facebook.com\/agenciainclusive\/","article_published_time":"2014-09-03T18:41:29+00:00","og_image":[{"url":"http:\/\/www.blogdogaleno.com.br\/img\/uploads\/presas_leitura_mt.jpg","type":"","width":"","height":""}],"author":"inclusivenews2024","twitter_card":"summary_large_image","twitter_misc":{"Escrito por":"inclusivenews2024","Tempo estimado de leitura":"2 minutos"},"schema":{"@context":"https:\/\/schema.org","@graph":[{"@type":"Article","@id":"https:\/\/inclusivenews.com.br\/?p=26901#article","isPartOf":{"@id":"https:\/\/inclusivenews.com.br\/?p=26901"},"author":{"name":"inclusivenews2024","@id":"https:\/\/inclusivenews.com.br\/#\/schema\/person\/ae4ec7087559b8692fb33b6fffd2273b"},"headline":"Detentas poder\u00e3o ter redu\u00e7\u00e3o de pena em troca de leitura em Mato Grosso","datePublished":"2014-09-03T18:41:29+00:00","mainEntityOfPage":{"@id":"https:\/\/inclusivenews.com.br\/?p=26901"},"wordCount":441,"commentCount":0,"publisher":{"@id":"https:\/\/inclusivenews.com.br\/#organization"},"image":{"@id":"https:\/\/inclusivenews.com.br\/?p=26901#primaryimage"},"thumbnailUrl":"http:\/\/www.blogdogaleno.com.br\/img\/uploads\/presas_leitura_mt.jpg","keywords":["Educa\u00e7\u00e3o prisional"],"articleSection":["DIREITOS HUMANOS"],"inLanguage":"pt-PT","potentialAction":[{"@type":"CommentAction","name":"Comment","target":["https:\/\/inclusivenews.com.br\/?p=26901#respond"]}]},{"@type":"WebPage","@id":"https:\/\/inclusivenews.com.br\/?p=26901","url":"https:\/\/inclusivenews.com.br\/?p=26901","name":"Detentas poder\u00e3o ter redu\u00e7\u00e3o de pena em troca de leitura em Mato Grosso -","isPartOf":{"@id":"https:\/\/inclusivenews.com.br\/#website"},"primaryImageOfPage":{"@id":"https:\/\/inclusivenews.com.br\/?p=26901#primaryimage"},"image":{"@id":"https:\/\/inclusivenews.com.br\/?p=26901#primaryimage"},"thumbnailUrl":"http:\/\/www.blogdogaleno.com.br\/img\/uploads\/presas_leitura_mt.jpg","datePublished":"2014-09-03T18:41:29+00:00","breadcrumb":{"@id":"https:\/\/inclusivenews.com.br\/?p=26901#breadcrumb"},"inLanguage":"pt-PT","potentialAction":[{"@type":"ReadAction","target":["https:\/\/inclusivenews.com.br\/?p=26901"]}]},{"@type":"ImageObject","inLanguage":"pt-PT","@id":"https:\/\/inclusivenews.com.br\/?p=26901#primaryimage","url":"http:\/\/www.blogdogaleno.com.br\/img\/uploads\/presas_leitura_mt.jpg","contentUrl":"http:\/\/www.blogdogaleno.com.br\/img\/uploads\/presas_leitura_mt.jpg"},{"@type":"BreadcrumbList","@id":"https:\/\/inclusivenews.com.br\/?p=26901#breadcrumb","itemListElement":[{"@type":"ListItem","position":1,"name":"In\u00edcio","item":"https:\/\/inclusivenews.com.br\/"},{"@type":"ListItem","position":2,"name":"Detentas poder\u00e3o ter redu\u00e7\u00e3o de pena em troca de leitura em Mato Grosso"}]},{"@type":"WebSite","@id":"https:\/\/inclusivenews.com.br\/#website","url":"https:\/\/inclusivenews.com.br\/","name":"Inclusive News","description":"Inclusive News","publisher":{"@id":"https:\/\/inclusivenews.com.br\/#organization"},"potentialAction":[{"@type":"SearchAction","target":{"@type":"EntryPoint","urlTemplate":"https:\/\/inclusivenews.com.br\/?s={search_term_string}"},"query-input":{"@type":"PropertyValueSpecification","valueRequired":true,"valueName":"search_term_string"}}],"inLanguage":"pt-PT"},{"@type":"Organization","@id":"https:\/\/inclusivenews.com.br\/#organization","name":"Inclusive - inclus\u00e3o e cidadania","url":"https:\/\/inclusivenews.com.br\/","logo":{"@type":"ImageObject","inLanguage":"pt-PT","@id":"https:\/\/inclusivenews.com.br\/#\/schema\/logo\/image\/","url":"https:\/\/inclusivenews.com.br\/wp-content\/uploads\/2024\/03\/@grandesite.png","contentUrl":"https:\/\/inclusivenews.com.br\/wp-content\/uploads\/2024\/03\/@grandesite.png","width":1080,"height":1080,"caption":"Inclusive - inclus\u00e3o e cidadania"},"image":{"@id":"https:\/\/inclusivenews.com.br\/#\/schema\/logo\/image\/"},"sameAs":["https:\/\/www.facebook.com\/agenciainclusive\/","https:\/\/www.instagram.com\/newsinclusive\/"]},{"@type":"Person","@id":"https:\/\/inclusivenews.com.br\/#\/schema\/person\/ae4ec7087559b8692fb33b6fffd2273b","name":"inclusivenews2024","image":{"@type":"ImageObject","inLanguage":"pt-PT","@id":"https:\/\/secure.gravatar.com\/avatar\/c5a7ef84c66fa914f55bc4f7ce26cfa275a3b9a1c5568b907bd184fb4dde7b40?s=96&d=mm&r=g","url":"https:\/\/secure.gravatar.com\/avatar\/c5a7ef84c66fa914f55bc4f7ce26cfa275a3b9a1c5568b907bd184fb4dde7b40?s=96&d=mm&r=g","contentUrl":"https:\/\/secure.gravatar.com\/avatar\/c5a7ef84c66fa914f55bc4f7ce26cfa275a3b9a1c5568b907bd184fb4dde7b40?s=96&d=mm&r=g","caption":"inclusivenews2024"},"sameAs":["https:\/\/inclusivenews.com.br"],"url":"https:\/\/inclusivenews.com.br\/?author=1"}]}},"_links":{"self":[{"href":"https:\/\/inclusivenews.com.br\/index.php?rest_route=\/wp\/v2\/posts\/26901","targetHints":{"allow":["GET"]}}],"collection":[{"href":"https:\/\/inclusivenews.com.br\/index.php?rest_route=\/wp\/v2\/posts"}],"about":[{"href":"https:\/\/inclusivenews.com.br\/index.php?rest_route=\/wp\/v2\/types\/post"}],"author":[{"embeddable":true,"href":"https:\/\/inclusivenews.com.br\/index.php?rest_route=\/wp\/v2\/users\/1"}],"replies":[{"embeddable":true,"href":"https:\/\/inclusivenews.com.br\/index.php?rest_route=%2Fwp%2Fv2%2Fcomments&post=26901"}],"version-history":[{"count":0,"href":"https:\/\/inclusivenews.com.br\/index.php?rest_route=\/wp\/v2\/posts\/26901\/revisions"}],"wp:attachment":[{"href":"https:\/\/inclusivenews.com.br\/index.php?rest_route=%2Fwp%2Fv2%2Fmedia&parent=26901"}],"wp:term":[{"taxonomy":"category","embeddable":true,"href":"https:\/\/inclusivenews.com.br\/index.php?rest_route=%2Fwp%2Fv2%2Fcategories&post=26901"},{"taxonomy":"post_tag","embeddable":true,"href":"https:\/\/inclusivenews.com.br\/index.php?rest_route=%2Fwp%2Fv2%2Ftags&post=26901"}],"curies":[{"name":"wp","href":"https:\/\/api.w.org\/{rel}","templated":true}]}}