{"id":26907,"date":"2014-09-05T07:19:10","date_gmt":"2014-09-05T10:19:10","guid":{"rendered":"http:\/\/www.inclusive.org.br\/?p=26907"},"modified":"2014-09-05T07:19:10","modified_gmt":"2014-09-05T10:19:10","slug":"politica-publica-inclusiva-e-acessibilidade-na-comunicacao","status":"publish","type":"post","link":"https:\/\/inclusivenews.com.br\/?p=26907","title":{"rendered":"Pol\u00edtica p\u00fablica inclusiva e acessibilidade na comunica\u00e7\u00e3o"},"content":{"rendered":"<p><img loading=\"lazy\" decoding=\"async\" class=\"alignnone size-full wp-image-26908\" alt=\"Evento Pol\u00edtica P\u00fablica Inclusiva e Acessibilidade\" src=\"http:\/\/inclusivenews.com.br\/wp-content\/uploads\/Evento-Pol\u00edtica-P\u00fablica-Inclusiva-e-Acessibilidade.jpg\" width=\"702\" height=\"992\" \/><\/p>\n<p>Convite em formato retangular com fundo branco e margem direita com uma faixa azul e, \u00e0 esquerda, fotos dos palestrantes junto aos seus nomes. No alto a esquerda est\u00e1 a logomarca do COMDEF-Rio. Logo abaixo grafado na cor azul est\u00e1 o t\u00edtulo do evento, seguido das outras informa\u00e7\u00f5es:<\/p>\n<p><b>Pol\u00edtica P\u00fablica Inclusiva e Acessibilidade na Comunica\u00e7\u00e3o<\/b><\/p>\n<p><i>Ciclo de Debates Comdef-Rio &#8211; 2014<\/i><\/p>\n<p><b>PALESTRANTES<\/b><\/p>\n<p><b>Antonio Figueira de Mello<\/b><\/p>\n<p>Foi diretor de eventos na Barra da Tijuca e diretor do Parque Nacional da Tijuca, no Rio de Janeiro. Tem grande experi\u00eancia com turismo e natureza e \u00e9 secret\u00e1rio municipal especial de Turismo do Rio.<\/p>\n<p><b>Itamar Kalil<\/b><\/p>\n<p>Arquiteto e urbanista, pela Universidade Federal da Bahia, mestre em Planejamento Urbano e Regional pela Universidade da California, Berkeley \u2013 USA. T\u00e9cnico Pericial do Minist\u00e9rio P\u00fablico \/ RJ.<\/p>\n<p><b>Claudia Jacob<\/b><\/p>\n<p>Jornalista e Psicopedagoga (Univ. C\u00e2ndido Mendes &#8211; RJ), edita e apresenta o Jornal Visual, telejornal para surdos, da TV Brasil. Ganhou o Pr\u00eamio Brasil de Esporte e Lazer de Inclus\u00e3o Social &#8211; Telejornalismo e o Pr\u00eamio Mobilidade Urbana da Fetranspor.<\/p>\n<p><b>Antonio Borges<\/b><\/p>\n<p>Inform\u00e1tico pela UFRJ, com mestrado e doutorado em Engenharia de Sistemas e Computa\u00e7\u00e3o pela COPPE-UFRJ, trabalha no N\u00facleo de Computa\u00e7\u00e3o Eletr\u00f4nica da Universidade Federal do Rio de Janeiro.<\/p>\n<p>***<\/p>\n<p><b>PROGRAMA<\/b><\/p>\n<p><b>Dia 18 de setembro, quinta-feira<\/b><\/p>\n<p><b>14h<\/b> &#8211; Antonio Figueira de Mello<\/p>\n<p><b>14h30m<\/b> &#8211; Itamar Kalil<\/p>\n<p><b>15h <\/b>&#8211; Debate<\/p>\n<p><b>15h30m<\/b> &#8211; Claudia Jacob<\/p>\n<p><b>16h<\/b> &#8211; Antonio Borges<\/p>\n<p><b>16h30m<\/b> &#8211; Debate<\/p>\n<p><b>17h<\/b> &#8211; Encerramento<\/p>\n<p>***<\/p>\n<p>Av. Presidente Vargas, 1997, 3\u00ba andar, Audit\u00f3rio 311<\/p>\n<p>Centro &#8211; Rio de Janeiro\/RJ &#8211; Tel.: (21) 2224-1200<\/p>\n","protected":false},"excerpt":{"rendered":"<p>O Ciclo de Debates Comdef-Rio &#8211; 2014 convida para o debate &#8220;Pol\u00edtica P\u00fablica Inclusiva e Acessibilidade na Comunica\u00e7\u00e3o&#8221;, no pr\u00f3ximo 18 de setembro.<\/p>\n","protected":false},"author":1,"featured_media":0,"comment_status":"open","ping_status":"open","sticky":false,"template":"","format":"standard","meta":{"site-container-style":"default","site-container-layout":"default","site-sidebar-layout":"default","disable-article-header":"default","disable-site-header":"default","disable-site-footer":"default","disable-content-area-spacing":"default","footnotes":""},"categories":[12,38,48,4],"tags":[],"class_list":["post-26907","post","type-post","status-publish","format-standard","hentry","category-cursos-e-eventos","category-deficiencia","category-inclusao","category-noticias"],"yoast_head":"<!-- This site is optimized with the Yoast SEO plugin v27.4 - https:\/\/yoast.com\/product\/yoast-seo-wordpress\/ -->\n<title>Pol\u00edtica p\u00fablica inclusiva e acessibilidade na comunica\u00e7\u00e3o -<\/title>\n<meta name=\"robots\" content=\"index, follow, max-snippet:-1, max-image-preview:large, max-video-preview:-1\" \/>\n<link rel=\"canonical\" href=\"https:\/\/inclusivenews.com.br\/?p=26907\" \/>\n<meta property=\"og:locale\" content=\"pt_PT\" \/>\n<meta property=\"og:type\" content=\"article\" \/>\n<meta property=\"og:title\" content=\"Pol\u00edtica p\u00fablica inclusiva e acessibilidade na comunica\u00e7\u00e3o -\" \/>\n<meta property=\"og:description\" content=\"O Ciclo de Debates Comdef-Rio - 2014 convida para o debate &quot;Pol\u00edtica P\u00fablica Inclusiva e Acessibilidade na Comunica\u00e7\u00e3o&quot;, no pr\u00f3ximo 18 de setembro.\" \/>\n<meta property=\"og:url\" content=\"https:\/\/inclusivenews.com.br\/?p=26907\" \/>\n<meta property=\"article:publisher\" content=\"https:\/\/www.facebook.com\/agenciainclusive\/\" \/>\n<meta property=\"article:published_time\" content=\"2014-09-05T10:19:10+00:00\" \/>\n<meta name=\"author\" content=\"inclusivenews2024\" \/>\n<meta name=\"twitter:card\" content=\"summary_large_image\" \/>\n<meta name=\"twitter:label1\" content=\"Escrito por\" \/>\n\t<meta name=\"twitter:data1\" content=\"inclusivenews2024\" \/>\n\t<meta name=\"twitter:label2\" content=\"Tempo estimado de leitura\" \/>\n\t<meta name=\"twitter:data2\" content=\"1 minuto\" \/>\n<script type=\"application\/ld+json\" class=\"yoast-schema-graph\">{\"@context\":\"https:\\\/\\\/schema.org\",\"@graph\":[{\"@type\":\"Article\",\"@id\":\"https:\\\/\\\/inclusivenews.com.br\\\/?p=26907#article\",\"isPartOf\":{\"@id\":\"https:\\\/\\\/inclusivenews.com.br\\\/?p=26907\"},\"author\":{\"name\":\"inclusivenews2024\",\"@id\":\"https:\\\/\\\/inclusivenews.com.br\\\/#\\\/schema\\\/person\\\/ae4ec7087559b8692fb33b6fffd2273b\"},\"headline\":\"Pol\u00edtica p\u00fablica inclusiva e acessibilidade na comunica\u00e7\u00e3o\",\"datePublished\":\"2014-09-05T10:19:10+00:00\",\"mainEntityOfPage\":{\"@id\":\"https:\\\/\\\/inclusivenews.com.br\\\/?p=26907\"},\"wordCount\":277,\"commentCount\":3,\"publisher\":{\"@id\":\"https:\\\/\\\/inclusivenews.com.br\\\/#organization\"},\"articleSection\":[\"Cursos e eventos\",\"Defici\u00eancia\",\"INCLUS\u00c3O SOCIAL\",\"NOT\u00cdCIAS\"],\"inLanguage\":\"pt-PT\",\"potentialAction\":[{\"@type\":\"CommentAction\",\"name\":\"Comment\",\"target\":[\"https:\\\/\\\/inclusivenews.com.br\\\/?p=26907#respond\"]}]},{\"@type\":\"WebPage\",\"@id\":\"https:\\\/\\\/inclusivenews.com.br\\\/?p=26907\",\"url\":\"https:\\\/\\\/inclusivenews.com.br\\\/?p=26907\",\"name\":\"Pol\u00edtica p\u00fablica inclusiva e acessibilidade na comunica\u00e7\u00e3o -\",\"isPartOf\":{\"@id\":\"https:\\\/\\\/inclusivenews.com.br\\\/#website\"},\"datePublished\":\"2014-09-05T10:19:10+00:00\",\"breadcrumb\":{\"@id\":\"https:\\\/\\\/inclusivenews.com.br\\\/?p=26907#breadcrumb\"},\"inLanguage\":\"pt-PT\",\"potentialAction\":[{\"@type\":\"ReadAction\",\"target\":[\"https:\\\/\\\/inclusivenews.com.br\\\/?p=26907\"]}]},{\"@type\":\"BreadcrumbList\",\"@id\":\"https:\\\/\\\/inclusivenews.com.br\\\/?p=26907#breadcrumb\",\"itemListElement\":[{\"@type\":\"ListItem\",\"position\":1,\"name\":\"In\u00edcio\",\"item\":\"https:\\\/\\\/inclusivenews.com.br\\\/\"},{\"@type\":\"ListItem\",\"position\":2,\"name\":\"Pol\u00edtica p\u00fablica inclusiva e acessibilidade na comunica\u00e7\u00e3o\"}]},{\"@type\":\"WebSite\",\"@id\":\"https:\\\/\\\/inclusivenews.com.br\\\/#website\",\"url\":\"https:\\\/\\\/inclusivenews.com.br\\\/\",\"name\":\"Inclusive News\",\"description\":\"Inclusive News\",\"publisher\":{\"@id\":\"https:\\\/\\\/inclusivenews.com.br\\\/#organization\"},\"potentialAction\":[{\"@type\":\"SearchAction\",\"target\":{\"@type\":\"EntryPoint\",\"urlTemplate\":\"https:\\\/\\\/inclusivenews.com.br\\\/?s={search_term_string}\"},\"query-input\":{\"@type\":\"PropertyValueSpecification\",\"valueRequired\":true,\"valueName\":\"search_term_string\"}}],\"inLanguage\":\"pt-PT\"},{\"@type\":\"Organization\",\"@id\":\"https:\\\/\\\/inclusivenews.com.br\\\/#organization\",\"name\":\"Inclusive - inclus\u00e3o e cidadania\",\"url\":\"https:\\\/\\\/inclusivenews.com.br\\\/\",\"logo\":{\"@type\":\"ImageObject\",\"inLanguage\":\"pt-PT\",\"@id\":\"https:\\\/\\\/inclusivenews.com.br\\\/#\\\/schema\\\/logo\\\/image\\\/\",\"url\":\"https:\\\/\\\/inclusivenews.com.br\\\/wp-content\\\/uploads\\\/2024\\\/03\\\/@grandesite.png\",\"contentUrl\":\"https:\\\/\\\/inclusivenews.com.br\\\/wp-content\\\/uploads\\\/2024\\\/03\\\/@grandesite.png\",\"width\":1080,\"height\":1080,\"caption\":\"Inclusive - inclus\u00e3o e cidadania\"},\"image\":{\"@id\":\"https:\\\/\\\/inclusivenews.com.br\\\/#\\\/schema\\\/logo\\\/image\\\/\"},\"sameAs\":[\"https:\\\/\\\/www.facebook.com\\\/agenciainclusive\\\/\",\"https:\\\/\\\/www.instagram.com\\\/newsinclusive\\\/\"]},{\"@type\":\"Person\",\"@id\":\"https:\\\/\\\/inclusivenews.com.br\\\/#\\\/schema\\\/person\\\/ae4ec7087559b8692fb33b6fffd2273b\",\"name\":\"inclusivenews2024\",\"image\":{\"@type\":\"ImageObject\",\"inLanguage\":\"pt-PT\",\"@id\":\"https:\\\/\\\/secure.gravatar.com\\\/avatar\\\/c5a7ef84c66fa914f55bc4f7ce26cfa275a3b9a1c5568b907bd184fb4dde7b40?s=96&d=mm&r=g\",\"url\":\"https:\\\/\\\/secure.gravatar.com\\\/avatar\\\/c5a7ef84c66fa914f55bc4f7ce26cfa275a3b9a1c5568b907bd184fb4dde7b40?s=96&d=mm&r=g\",\"contentUrl\":\"https:\\\/\\\/secure.gravatar.com\\\/avatar\\\/c5a7ef84c66fa914f55bc4f7ce26cfa275a3b9a1c5568b907bd184fb4dde7b40?s=96&d=mm&r=g\",\"caption\":\"inclusivenews2024\"},\"sameAs\":[\"https:\\\/\\\/inclusivenews.com.br\"],\"url\":\"https:\\\/\\\/inclusivenews.com.br\\\/?author=1\"}]}<\/script>\n<!-- \/ Yoast SEO plugin. -->","yoast_head_json":{"title":"Pol\u00edtica p\u00fablica inclusiva e acessibilidade na comunica\u00e7\u00e3o -","robots":{"index":"index","follow":"follow","max-snippet":"max-snippet:-1","max-image-preview":"max-image-preview:large","max-video-preview":"max-video-preview:-1"},"canonical":"https:\/\/inclusivenews.com.br\/?p=26907","og_locale":"pt_PT","og_type":"article","og_title":"Pol\u00edtica p\u00fablica inclusiva e acessibilidade na comunica\u00e7\u00e3o -","og_description":"O Ciclo de Debates Comdef-Rio - 2014 convida para o debate \"Pol\u00edtica P\u00fablica Inclusiva e Acessibilidade na Comunica\u00e7\u00e3o\", no pr\u00f3ximo 18 de setembro.","og_url":"https:\/\/inclusivenews.com.br\/?p=26907","article_publisher":"https:\/\/www.facebook.com\/agenciainclusive\/","article_published_time":"2014-09-05T10:19:10+00:00","author":"inclusivenews2024","twitter_card":"summary_large_image","twitter_misc":{"Escrito por":"inclusivenews2024","Tempo estimado de leitura":"1 minuto"},"schema":{"@context":"https:\/\/schema.org","@graph":[{"@type":"Article","@id":"https:\/\/inclusivenews.com.br\/?p=26907#article","isPartOf":{"@id":"https:\/\/inclusivenews.com.br\/?p=26907"},"author":{"name":"inclusivenews2024","@id":"https:\/\/inclusivenews.com.br\/#\/schema\/person\/ae4ec7087559b8692fb33b6fffd2273b"},"headline":"Pol\u00edtica p\u00fablica inclusiva e acessibilidade na comunica\u00e7\u00e3o","datePublished":"2014-09-05T10:19:10+00:00","mainEntityOfPage":{"@id":"https:\/\/inclusivenews.com.br\/?p=26907"},"wordCount":277,"commentCount":3,"publisher":{"@id":"https:\/\/inclusivenews.com.br\/#organization"},"articleSection":["Cursos e eventos","Defici\u00eancia","INCLUS\u00c3O SOCIAL","NOT\u00cdCIAS"],"inLanguage":"pt-PT","potentialAction":[{"@type":"CommentAction","name":"Comment","target":["https:\/\/inclusivenews.com.br\/?p=26907#respond"]}]},{"@type":"WebPage","@id":"https:\/\/inclusivenews.com.br\/?p=26907","url":"https:\/\/inclusivenews.com.br\/?p=26907","name":"Pol\u00edtica p\u00fablica inclusiva e acessibilidade na comunica\u00e7\u00e3o -","isPartOf":{"@id":"https:\/\/inclusivenews.com.br\/#website"},"datePublished":"2014-09-05T10:19:10+00:00","breadcrumb":{"@id":"https:\/\/inclusivenews.com.br\/?p=26907#breadcrumb"},"inLanguage":"pt-PT","potentialAction":[{"@type":"ReadAction","target":["https:\/\/inclusivenews.com.br\/?p=26907"]}]},{"@type":"BreadcrumbList","@id":"https:\/\/inclusivenews.com.br\/?p=26907#breadcrumb","itemListElement":[{"@type":"ListItem","position":1,"name":"In\u00edcio","item":"https:\/\/inclusivenews.com.br\/"},{"@type":"ListItem","position":2,"name":"Pol\u00edtica p\u00fablica inclusiva e acessibilidade na comunica\u00e7\u00e3o"}]},{"@type":"WebSite","@id":"https:\/\/inclusivenews.com.br\/#website","url":"https:\/\/inclusivenews.com.br\/","name":"Inclusive News","description":"Inclusive News","publisher":{"@id":"https:\/\/inclusivenews.com.br\/#organization"},"potentialAction":[{"@type":"SearchAction","target":{"@type":"EntryPoint","urlTemplate":"https:\/\/inclusivenews.com.br\/?s={search_term_string}"},"query-input":{"@type":"PropertyValueSpecification","valueRequired":true,"valueName":"search_term_string"}}],"inLanguage":"pt-PT"},{"@type":"Organization","@id":"https:\/\/inclusivenews.com.br\/#organization","name":"Inclusive - inclus\u00e3o e cidadania","url":"https:\/\/inclusivenews.com.br\/","logo":{"@type":"ImageObject","inLanguage":"pt-PT","@id":"https:\/\/inclusivenews.com.br\/#\/schema\/logo\/image\/","url":"https:\/\/inclusivenews.com.br\/wp-content\/uploads\/2024\/03\/@grandesite.png","contentUrl":"https:\/\/inclusivenews.com.br\/wp-content\/uploads\/2024\/03\/@grandesite.png","width":1080,"height":1080,"caption":"Inclusive - inclus\u00e3o e cidadania"},"image":{"@id":"https:\/\/inclusivenews.com.br\/#\/schema\/logo\/image\/"},"sameAs":["https:\/\/www.facebook.com\/agenciainclusive\/","https:\/\/www.instagram.com\/newsinclusive\/"]},{"@type":"Person","@id":"https:\/\/inclusivenews.com.br\/#\/schema\/person\/ae4ec7087559b8692fb33b6fffd2273b","name":"inclusivenews2024","image":{"@type":"ImageObject","inLanguage":"pt-PT","@id":"https:\/\/secure.gravatar.com\/avatar\/c5a7ef84c66fa914f55bc4f7ce26cfa275a3b9a1c5568b907bd184fb4dde7b40?s=96&d=mm&r=g","url":"https:\/\/secure.gravatar.com\/avatar\/c5a7ef84c66fa914f55bc4f7ce26cfa275a3b9a1c5568b907bd184fb4dde7b40?s=96&d=mm&r=g","contentUrl":"https:\/\/secure.gravatar.com\/avatar\/c5a7ef84c66fa914f55bc4f7ce26cfa275a3b9a1c5568b907bd184fb4dde7b40?s=96&d=mm&r=g","caption":"inclusivenews2024"},"sameAs":["https:\/\/inclusivenews.com.br"],"url":"https:\/\/inclusivenews.com.br\/?author=1"}]}},"_links":{"self":[{"href":"https:\/\/inclusivenews.com.br\/index.php?rest_route=\/wp\/v2\/posts\/26907","targetHints":{"allow":["GET"]}}],"collection":[{"href":"https:\/\/inclusivenews.com.br\/index.php?rest_route=\/wp\/v2\/posts"}],"about":[{"href":"https:\/\/inclusivenews.com.br\/index.php?rest_route=\/wp\/v2\/types\/post"}],"author":[{"embeddable":true,"href":"https:\/\/inclusivenews.com.br\/index.php?rest_route=\/wp\/v2\/users\/1"}],"replies":[{"embeddable":true,"href":"https:\/\/inclusivenews.com.br\/index.php?rest_route=%2Fwp%2Fv2%2Fcomments&post=26907"}],"version-history":[{"count":0,"href":"https:\/\/inclusivenews.com.br\/index.php?rest_route=\/wp\/v2\/posts\/26907\/revisions"}],"wp:attachment":[{"href":"https:\/\/inclusivenews.com.br\/index.php?rest_route=%2Fwp%2Fv2%2Fmedia&parent=26907"}],"wp:term":[{"taxonomy":"category","embeddable":true,"href":"https:\/\/inclusivenews.com.br\/index.php?rest_route=%2Fwp%2Fv2%2Fcategories&post=26907"},{"taxonomy":"post_tag","embeddable":true,"href":"https:\/\/inclusivenews.com.br\/index.php?rest_route=%2Fwp%2Fv2%2Ftags&post=26907"}],"curies":[{"name":"wp","href":"https:\/\/api.w.org\/{rel}","templated":true}]}}