{"id":26914,"date":"2014-09-05T07:33:02","date_gmt":"2014-09-05T10:33:02","guid":{"rendered":"http:\/\/www.inclusive.org.br\/?p=26914"},"modified":"2014-09-05T07:33:02","modified_gmt":"2014-09-05T10:33:02","slug":"voto-livre-do-eleitor-com-deficiencia","status":"publish","type":"post","link":"https:\/\/inclusivenews.com.br\/?p=26914","title":{"rendered":"Voto livre do eleitor com defici\u00eancia"},"content":{"rendered":"<p><img loading=\"lazy\" decoding=\"async\" class=\" wp-image-14954 alignnone\" title=\"Dedo prestes a apertar a tecla confirma em urna eletr\u00f4nica de vota\u00e7\u00e3o\" alt=\"Dedo prestes a apertar a tecla confirma em urna eletr\u00f4nica de vota\u00e7\u00e3o\" src=\"http:\/\/inclusivenews.com.br\/wp-content\/uploads\/2010\/04\/urnaeletronica.jpg\" width=\"280\" height=\"210\" \/><\/p>\n<p><em>Por Izabel Maior *<\/em><\/p>\n<p>Estamos em mais um importante ano para a democracia brasileira, no qual, pelo voto direto, a popula\u00e7\u00e3o pode fazer escolhas e mudar os rumos da sua pr\u00f3pria vida. Cada cidad\u00e3 e cada cidad\u00e3o tem a responsabilidade de confrontar pros e contras das propostas dos partidos pol\u00edticos e de seus candidatos. No entanto, a pol\u00edtica partid\u00e1ria est\u00e1 t\u00e3o desgastada por promessas n\u00e3o cumpridas que muitos eleitores preferem alienar-se do debate, deixando para outros a possibilidade de decidirem em seu nome. N\u00e3o concordo com essa atitude. Desejo participar e definir quais ser\u00e3o os deputados, no \u00e2mbito estadual e federal, e quais os senadores que defender\u00e3o as principais quest\u00f5es no legislativo. Da mesma forma, em 2014, vamos votar em governadores e para o cargo de presidente. Muitas novas ideias podem merecer nossa escolha, assim como, iremos dar outro cr\u00e9dito aos parlamentares e pol\u00edticos do executivo que agiram corretamente com o povo, transformando as promessas em a\u00e7\u00f5es concretas.<\/p>\n<p>Ano de elei\u00e7\u00e3o \u00e9 aquele momento em que fotos sorridentes, apertos de m\u00e3o e beijos em criancinhas dominam o notici\u00e1rio. Quem deseja ser visto ao lado de um pol\u00edtico precisa se apressar, pois \u00e9 agora ou quase certamente n\u00e3o mais ter\u00e1 a mesma oportunidade. Depois de tomar posse, o acesso a quem voc\u00ea elegeu sem bons crit\u00e9rios ser\u00e1 quase imposs\u00edvel pelas mais diferentes raz\u00f5es. S\u00f3 restar\u00e1 lamentar e culpar a democracia? Errado! Votar \u00e9 um direito importante que n\u00e3o pode ser tirado de nenhum de n\u00f3s. Houve muita luta em passado recente para acabarmos com o regime de ditadura militar (1964 a 1985), no qual o eleitor foi engavetado, silenciado, sem direito \u00e0 voz e a voto direto. N\u00e3o havia liberdade de express\u00e3o.<\/p>\n<p>Penso que voc\u00ea j\u00e1 sabe de quase tudo isso, mas talvez n\u00e3o saiba que garantir os direitos de inclus\u00e3o social das pessoas com defici\u00eancia \u00e9 uma batalha ainda mais \u00e1rdua e essencial. S\u00e3o muitas as armadilhas preparadas para os eleitores com defici\u00eancia, suas fam\u00edlias, amigos, profissionais da \u00e1rea e simpatizantes da causa. Muitos candidatos se dir\u00e3o defensores dos nossos direitos.<\/p>\n<p>Vamos tentar demonstrar como precaver-se da maioria deles, com o objetivo de valorizar o seu voto, sem defender partidos ou candidatos, sem estabelecer ju\u00edzo de valor para influenciar a sua op\u00e7\u00e3o. Estamos tratando da import\u00e2ncia da democracia, da liberdade de escolha e da participa\u00e7\u00e3o na vida pol\u00edtica a que todos temos o direito individual, garantido pela Constitui\u00e7\u00e3o Federal de 1988. Com o advento da Conven\u00e7\u00e3o sobre os Direitos das Pessoas com Defici\u00eancia, ratificada como emenda constitucional em 2008 e promulgada em 2009, pelo Decreto n\u00ba 6.949, dispomos do artigo 29 &#8211; participa\u00e7\u00e3o na vida pol\u00edtica e p\u00fablica. O texto \u00e9: \u201cassegurar que as pessoas com defici\u00eancia possam participar efetiva e plenamente na vida pol\u00edtica e p\u00fablica, em igualdade de oportunidades com as demais pessoas, diretamente ou por meio de representantes livremente escolhidos, incluindo o direito e a oportunidade de votarem e serem votadas\u201d.<\/p>\n<p>Para que voc\u00ea e eu possamos ser eleitores conscientes e libertos, a justi\u00e7a eleitoral, os partidos pol\u00edticos, os candidatos e os meios de comunica\u00e7\u00e3o t\u00eam de cumprir com a obriga\u00e7\u00e3o de apresentar as suas propostas com acessibilidade adequada a todos os tipos de defici\u00eancia, contemplando as especifica\u00e7\u00f5es que o segmento requer. A propaganda gratuita definida pela lei eleitoral \u00e9 financiada pelo dinheiro p\u00fablico, portanto do pagamento que fazemos via impostos e taxas. A propaganda \u00e9 t\u00e3o essencial \u00e0 elei\u00e7\u00e3o dos candidatos que os partidos pol\u00edticos fazem de tudo para conseguir mais alguns minutos na televis\u00e3o e no r\u00e1dio. O candidato que passa mais tempo sendo visto e ouvido, em tese, ter\u00e1 maior chance de ser escolhido pelo eleitor. A nossa aten\u00e7\u00e3o deve voltar-se para \u00a0conte\u00fado das propostas e a necess\u00e1ria explica\u00e7\u00e3o.<\/p>\n<p>Acostumamo-nos com a desobedi\u00eancia legal e muitos pol\u00edticos n\u00e3o ir\u00e3o se preocupar com o eleitor surdo e sua forma espec\u00edfica de acessar a informa\u00e7\u00e3o: legenda com caracteres no padr\u00e3o de visibilidade e Libras. Muitos deixar\u00e3o de lado o fato de o eleitor cego n\u00e3o ter acesso\u00a0 \u00e0s imagens do programa partid\u00e1rio, quest\u00e3o que deve ser resolvida com a audiodescri\u00e7\u00e3o. A grande maioria tampouco dar\u00e1 aten\u00e7\u00e3o aos eleitores com defici\u00eancia intelectual. As propostas devem ser apresentadas em linguagem e texto com leitura f\u00e1cil, o recurso de acessibilidade indicado. Por sinal, quando se \u00e9 capaz de expor ideias de maneira a serem facilmente absorvidas, significa que t\u00eam coer\u00eancia, que n\u00e3o h\u00e1 subterf\u00fagios e floreios a mascarar o conte\u00fado d\u00fabio e vazio. Comunica\u00e7\u00e3o f\u00e1cil e direta \u00e9 um ponto a favor dos candidatos que querem verdadeiramente prestar contas e expor novas propostas aos eleitores.<\/p>\n<p>Em campanhas eleitorais anteriores, os partidos e os candidatos, com algumas exce\u00e7\u00f5es, nada fizeram para a \u201cgarantia de que os procedimentos, instala\u00e7\u00f5es, materiais e equipamentos para vota\u00e7\u00e3o ser\u00e3o apropriados, acess\u00edveis e de f\u00e1cil compreens\u00e3o\u201d para os eleitores com defici\u00eancia, como a legisla\u00e7\u00e3o determina.<\/p>\n<p>Os partidos pol\u00edticos mantem fiscais devidamente credenciados para acompanhar o processo de vota\u00e7\u00e3o nas se\u00e7\u00f5es eleitorais, portanto podem e devem tamb\u00e9m fiscalizar se a justi\u00e7a eleitoral fornece a tecnologia assistida para os eleitores que necessitam de, por exemplo, fones para retorno do \u00e1udio da urna eletr\u00f4nica. Da mesma maneira devem se certificar se o eleitor vai exercer o voto com liberdade, seguran\u00e7a e sem discrimina\u00e7\u00e3o. A proibi\u00e7\u00e3o de o c\u00e3o-guia acompanhar seu dono at\u00e9 a cabine de vota\u00e7\u00e3o representa crime de discrimina\u00e7\u00e3o e os partidos pol\u00edticos n\u00e3o podem se omitir nessas circunst\u00e2ncias. As dificuldades de acesso f\u00edsico \u00e0s se\u00e7\u00f5es eleitorais tamb\u00e9m dizem respeito aos partidos pol\u00edticos na defesa do direito dos eleitores com defici\u00eancia. Esses s\u00e3o alguns exemplos que acontecem no dia da vota\u00e7\u00e3o.<\/p>\n<p>O eleitor precisa ser atento e s\u00e1bio para discernir entre as plataformas pol\u00edticas e as formas de atuar no legislativo ou nos cargos executivos &#8211; governos dos estados e da condu\u00e7\u00e3o do pa\u00eds. H\u00e1 atribui\u00e7\u00f5es pr\u00f3prias e muitos tentam confundir o eleitor ao dizer que podem realizar tudo indiscriminadamente.<\/p>\n<p>Sabemos que a inclus\u00e3o das pessoas com defici\u00eancia faz parte do conjunto de a\u00e7\u00f5es para o desenvolvimento e o crescimento do pa\u00eds, como o combate \u00e0 mis\u00e9ria, as obras de infraestrutura, o acesso \u00e0 \u00e1gua, \u00e0 moradia, etc. Somente com a solu\u00e7\u00e3o dessas mazelas acontecer\u00e1 a igualdade de oportunidades e o t\u00e9rmino da discrimina\u00e7\u00e3o.<\/p>\n<p>Temos consci\u00eancia da grave situa\u00e7\u00e3o de corrup\u00e7\u00e3o, sonega\u00e7\u00e3o de impostos, bem como o esgotamento das institui\u00e7\u00f5es respons\u00e1veis pela seguran\u00e7a p\u00fablica. Para a preven\u00e7\u00e3o e controle da viol\u00eancia \u00e9 indispens\u00e1vel haver pol\u00edcias efetivas e atuantes, com intelig\u00eancia e tecnologia, capacita\u00e7\u00e3o dos profissionais e acompanhamento de sua conduta para com a popula\u00e7\u00e3o.<\/p>\n<p>O que os candidatos t\u00eam a propor para a garantia da integridade f\u00edsica, preven\u00e7\u00e3o do abuso, da viol\u00eancia e explora\u00e7\u00e3o das pessoas com defici\u00eancia? Sem conhecerem e usarem as formas de comunica\u00e7\u00e3o corretas, os agentes da seguran\u00e7a p\u00fablica continuar\u00e3o a\u00a0 torturar e at\u00e9 matar surdos que n\u00e3o respondem quando s\u00e3o abordados. Parece absurdo, mas acontece. Este \u00e9 um exemplo da aten\u00e7\u00e3o do eleitor ao analisar uma quest\u00e3o geral \u2013 a garantia da seguran\u00e7a p\u00fablica para todos, com a especificidade que \u00e9 um direito do cidad\u00e3o surdo \u2013 ter seguran\u00e7a e utilizar a Libras em abordagens, interrogat\u00f3rios, depoimentos e outras a\u00e7\u00f5es.<\/p>\n<p>A condu\u00e7\u00e3o correta da economia para impedir a infla\u00e7\u00e3o \u00e9 outro aspecto indispens\u00e1vel para assegurar a capacidade de o poder p\u00fablico investir nas pessoas. O aumento da infla\u00e7\u00e3o prejudica diretamente o investimento em sa\u00fade e reabilita\u00e7\u00e3o, equipamentos de suporte \u00e0 vida, medicamentos, tecnologia assistiva, recursos para a educa\u00e7\u00e3o inclusiva, oportunidades de trabalho digno, prote\u00e7\u00e3o social e previdenci\u00e1ria, al\u00e9m de tantas outras obriga\u00e7\u00f5es e direitos do povo. Entretanto, sem previs\u00e3o no planejamento dos governos e nos or\u00e7amentos n\u00e3o se fazem as interven\u00e7\u00f5es diretas ou o repasse de verbas para a acessibilidade, a sa\u00fade, a educa\u00e7\u00e3o e outros.<\/p>\n<p>Quando os pol\u00edticos eleitos devem favores de campanhas ao lado obscuro do empresariado, por exemplo, de obras e de transportes, dificilmente a fiscaliza\u00e7\u00e3o da exist\u00eancia de acessibilidade ser\u00e1 realizada. Portanto, mais um aspecto importante para a decis\u00e3o do eleitor com defici\u00eancia \u00e9 conhecer a lista de financiadores das campanhas dos partidos pol\u00edticos, pois algumas empresas s\u00e3o contumazes descumpridoras da legisla\u00e7\u00e3o de cotas para trabalhadores com defici\u00eancia e tamb\u00e9m n\u00e3o cumprem as medidas de acessibilidade.<\/p>\n<p>Como alertas a serem\u00a0 usados destaco: candidatos que falam \u201cvou trabalhar pelos deficientes f\u00edsicos\u201d ou \u201cdefendo as pessoas especiais\u201d, ou ainda \u201cvou doar cadeira de rodas\u201d. Nesses casos o discurso demonstra o desconhecimento b\u00e1sico dos direitos.<\/p>\n<p>Assim, a an\u00e1lise dos programas de governo dos partidos, promessas fact\u00edveis dos candidatos, a maneira como comunicam suas ideias (com acessibilidade), e a conduta pr\u00f3-inclus\u00e3o de seus apoiadores de campanha s\u00e3o \u00f3timos indicadores para a decis\u00e3o do eleitor com defici\u00eancia.<\/p>\n<p>Indico a leitura do artigo 29 da Conven\u00e7\u00e3o da ONU sobre nossos direitos de participa\u00e7\u00e3o na vida pol\u00edtica e p\u00fablica. Vamos usar o nosso voto e a nossa for\u00e7a de eleitores e desse modo apressar a inclus\u00e3o de todas as pessoas.<\/p>\n<p><em>*Izabel Maior \u00e9 m\u00e9dica, eleitora carioca, militante hist\u00f3rica do movimento de inclus\u00e3o, atuou na ratifica\u00e7\u00e3o da Conven\u00e7\u00e3o e \u00e9 ex-secret\u00e1ria nacional de promo\u00e7\u00e3o dos direitos das pessoas com defici\u00eancia. \u00c9 conselheira do Comdef Rio representando o S\u00f3Lazer.<\/em><\/p>\n","protected":false},"excerpt":{"rendered":"<p>S\u00e3o muitas as armadilhas preparadas para os eleitores com defici\u00eancia, suas fam\u00edlias, amigos, profissionais da \u00e1rea e simpatizantes da causa. Muitos candidatos se dir\u00e3o defensores dos nossos direitos. Opini\u00e3o \u00e9 de Izabel Maior.<\/p>\n","protected":false},"author":1,"featured_media":0,"comment_status":"open","ping_status":"open","sticky":false,"template":"","format":"standard","meta":{"site-container-style":"default","site-container-layout":"default","site-sidebar-layout":"default","disable-article-header":"default","disable-site-header":"default","disable-site-footer":"default","disable-content-area-spacing":"default","footnotes":""},"categories":[38,48,8],"tags":[283,288,272],"class_list":["post-26914","post","type-post","status-publish","format-standard","hentry","category-deficiencia","category-inclusao","category-textos-e-artigos","tag-eleicoes-2014","tag-opiniao","tag-pessoas-com-deficiencia"],"yoast_head":"<!-- This site is optimized with the Yoast SEO plugin v27.4 - https:\/\/yoast.com\/product\/yoast-seo-wordpress\/ -->\n<title>Voto livre do eleitor com defici\u00eancia -<\/title>\n<meta name=\"robots\" content=\"index, follow, max-snippet:-1, max-image-preview:large, max-video-preview:-1\" \/>\n<link rel=\"canonical\" href=\"https:\/\/inclusivenews.com.br\/?p=26914\" \/>\n<meta property=\"og:locale\" content=\"pt_PT\" \/>\n<meta property=\"og:type\" content=\"article\" \/>\n<meta property=\"og:title\" content=\"Voto livre do eleitor com defici\u00eancia -\" \/>\n<meta property=\"og:description\" content=\"S\u00e3o muitas as armadilhas preparadas para os eleitores com defici\u00eancia, suas fam\u00edlias, amigos, profissionais da \u00e1rea e simpatizantes da causa. Muitos candidatos se dir\u00e3o defensores dos nossos direitos. Opini\u00e3o \u00e9 de Izabel Maior.\" \/>\n<meta property=\"og:url\" content=\"https:\/\/inclusivenews.com.br\/?p=26914\" \/>\n<meta property=\"article:publisher\" content=\"https:\/\/www.facebook.com\/agenciainclusive\/\" \/>\n<meta property=\"article:published_time\" content=\"2014-09-05T10:33:02+00:00\" \/>\n<meta property=\"og:image\" content=\"http:\/\/inclusivenews.com.br\/wp-content\/uploads\/2010\/04\/urnaeletronica.jpg\" \/>\n<meta name=\"author\" content=\"inclusivenews2024\" \/>\n<meta name=\"twitter:card\" content=\"summary_large_image\" \/>\n<meta name=\"twitter:label1\" content=\"Escrito por\" \/>\n\t<meta name=\"twitter:data1\" content=\"inclusivenews2024\" \/>\n\t<meta name=\"twitter:label2\" content=\"Tempo estimado de leitura\" \/>\n\t<meta name=\"twitter:data2\" content=\"8 minutos\" \/>\n<script type=\"application\/ld+json\" class=\"yoast-schema-graph\">{\"@context\":\"https:\\\/\\\/schema.org\",\"@graph\":[{\"@type\":\"Article\",\"@id\":\"https:\\\/\\\/inclusivenews.com.br\\\/?p=26914#article\",\"isPartOf\":{\"@id\":\"https:\\\/\\\/inclusivenews.com.br\\\/?p=26914\"},\"author\":{\"name\":\"inclusivenews2024\",\"@id\":\"https:\\\/\\\/inclusivenews.com.br\\\/#\\\/schema\\\/person\\\/ae4ec7087559b8692fb33b6fffd2273b\"},\"headline\":\"Voto livre do eleitor com defici\u00eancia\",\"datePublished\":\"2014-09-05T10:33:02+00:00\",\"mainEntityOfPage\":{\"@id\":\"https:\\\/\\\/inclusivenews.com.br\\\/?p=26914\"},\"wordCount\":1693,\"commentCount\":0,\"publisher\":{\"@id\":\"https:\\\/\\\/inclusivenews.com.br\\\/#organization\"},\"image\":{\"@id\":\"https:\\\/\\\/inclusivenews.com.br\\\/?p=26914#primaryimage\"},\"thumbnailUrl\":\"http:\\\/\\\/inclusivenews.com.br\\\/wp-content\\\/uploads\\\/2010\\\/04\\\/urnaeletronica.jpg\",\"keywords\":[\"elei\u00e7\u00f5es 2014\",\"opini\u00e3o\",\"pessoas com defici\u00eancia\"],\"articleSection\":[\"Defici\u00eancia\",\"INCLUS\u00c3O SOCIAL\",\"OPINI\u00c3O\"],\"inLanguage\":\"pt-PT\",\"potentialAction\":[{\"@type\":\"CommentAction\",\"name\":\"Comment\",\"target\":[\"https:\\\/\\\/inclusivenews.com.br\\\/?p=26914#respond\"]}]},{\"@type\":\"WebPage\",\"@id\":\"https:\\\/\\\/inclusivenews.com.br\\\/?p=26914\",\"url\":\"https:\\\/\\\/inclusivenews.com.br\\\/?p=26914\",\"name\":\"Voto livre do eleitor com defici\u00eancia -\",\"isPartOf\":{\"@id\":\"https:\\\/\\\/inclusivenews.com.br\\\/#website\"},\"primaryImageOfPage\":{\"@id\":\"https:\\\/\\\/inclusivenews.com.br\\\/?p=26914#primaryimage\"},\"image\":{\"@id\":\"https:\\\/\\\/inclusivenews.com.br\\\/?p=26914#primaryimage\"},\"thumbnailUrl\":\"http:\\\/\\\/inclusivenews.com.br\\\/wp-content\\\/uploads\\\/2010\\\/04\\\/urnaeletronica.jpg\",\"datePublished\":\"2014-09-05T10:33:02+00:00\",\"breadcrumb\":{\"@id\":\"https:\\\/\\\/inclusivenews.com.br\\\/?p=26914#breadcrumb\"},\"inLanguage\":\"pt-PT\",\"potentialAction\":[{\"@type\":\"ReadAction\",\"target\":[\"https:\\\/\\\/inclusivenews.com.br\\\/?p=26914\"]}]},{\"@type\":\"ImageObject\",\"inLanguage\":\"pt-PT\",\"@id\":\"https:\\\/\\\/inclusivenews.com.br\\\/?p=26914#primaryimage\",\"url\":\"\",\"contentUrl\":\"\"},{\"@type\":\"BreadcrumbList\",\"@id\":\"https:\\\/\\\/inclusivenews.com.br\\\/?p=26914#breadcrumb\",\"itemListElement\":[{\"@type\":\"ListItem\",\"position\":1,\"name\":\"In\u00edcio\",\"item\":\"https:\\\/\\\/inclusivenews.com.br\\\/\"},{\"@type\":\"ListItem\",\"position\":2,\"name\":\"Voto livre do eleitor com defici\u00eancia\"}]},{\"@type\":\"WebSite\",\"@id\":\"https:\\\/\\\/inclusivenews.com.br\\\/#website\",\"url\":\"https:\\\/\\\/inclusivenews.com.br\\\/\",\"name\":\"Inclusive News\",\"description\":\"Inclusive News\",\"publisher\":{\"@id\":\"https:\\\/\\\/inclusivenews.com.br\\\/#organization\"},\"potentialAction\":[{\"@type\":\"SearchAction\",\"target\":{\"@type\":\"EntryPoint\",\"urlTemplate\":\"https:\\\/\\\/inclusivenews.com.br\\\/?s={search_term_string}\"},\"query-input\":{\"@type\":\"PropertyValueSpecification\",\"valueRequired\":true,\"valueName\":\"search_term_string\"}}],\"inLanguage\":\"pt-PT\"},{\"@type\":\"Organization\",\"@id\":\"https:\\\/\\\/inclusivenews.com.br\\\/#organization\",\"name\":\"Inclusive - inclus\u00e3o e cidadania\",\"url\":\"https:\\\/\\\/inclusivenews.com.br\\\/\",\"logo\":{\"@type\":\"ImageObject\",\"inLanguage\":\"pt-PT\",\"@id\":\"https:\\\/\\\/inclusivenews.com.br\\\/#\\\/schema\\\/logo\\\/image\\\/\",\"url\":\"https:\\\/\\\/inclusivenews.com.br\\\/wp-content\\\/uploads\\\/2024\\\/03\\\/@grandesite.png\",\"contentUrl\":\"https:\\\/\\\/inclusivenews.com.br\\\/wp-content\\\/uploads\\\/2024\\\/03\\\/@grandesite.png\",\"width\":1080,\"height\":1080,\"caption\":\"Inclusive - inclus\u00e3o e cidadania\"},\"image\":{\"@id\":\"https:\\\/\\\/inclusivenews.com.br\\\/#\\\/schema\\\/logo\\\/image\\\/\"},\"sameAs\":[\"https:\\\/\\\/www.facebook.com\\\/agenciainclusive\\\/\",\"https:\\\/\\\/www.instagram.com\\\/newsinclusive\\\/\"]},{\"@type\":\"Person\",\"@id\":\"https:\\\/\\\/inclusivenews.com.br\\\/#\\\/schema\\\/person\\\/ae4ec7087559b8692fb33b6fffd2273b\",\"name\":\"inclusivenews2024\",\"image\":{\"@type\":\"ImageObject\",\"inLanguage\":\"pt-PT\",\"@id\":\"https:\\\/\\\/secure.gravatar.com\\\/avatar\\\/c5a7ef84c66fa914f55bc4f7ce26cfa275a3b9a1c5568b907bd184fb4dde7b40?s=96&d=mm&r=g\",\"url\":\"https:\\\/\\\/secure.gravatar.com\\\/avatar\\\/c5a7ef84c66fa914f55bc4f7ce26cfa275a3b9a1c5568b907bd184fb4dde7b40?s=96&d=mm&r=g\",\"contentUrl\":\"https:\\\/\\\/secure.gravatar.com\\\/avatar\\\/c5a7ef84c66fa914f55bc4f7ce26cfa275a3b9a1c5568b907bd184fb4dde7b40?s=96&d=mm&r=g\",\"caption\":\"inclusivenews2024\"},\"sameAs\":[\"https:\\\/\\\/inclusivenews.com.br\"],\"url\":\"https:\\\/\\\/inclusivenews.com.br\\\/?author=1\"}]}<\/script>\n<!-- \/ Yoast SEO plugin. -->","yoast_head_json":{"title":"Voto livre do eleitor com defici\u00eancia -","robots":{"index":"index","follow":"follow","max-snippet":"max-snippet:-1","max-image-preview":"max-image-preview:large","max-video-preview":"max-video-preview:-1"},"canonical":"https:\/\/inclusivenews.com.br\/?p=26914","og_locale":"pt_PT","og_type":"article","og_title":"Voto livre do eleitor com defici\u00eancia -","og_description":"S\u00e3o muitas as armadilhas preparadas para os eleitores com defici\u00eancia, suas fam\u00edlias, amigos, profissionais da \u00e1rea e simpatizantes da causa. Muitos candidatos se dir\u00e3o defensores dos nossos direitos. Opini\u00e3o \u00e9 de Izabel Maior.","og_url":"https:\/\/inclusivenews.com.br\/?p=26914","article_publisher":"https:\/\/www.facebook.com\/agenciainclusive\/","article_published_time":"2014-09-05T10:33:02+00:00","og_image":[{"url":"http:\/\/inclusivenews.com.br\/wp-content\/uploads\/2010\/04\/urnaeletronica.jpg","type":"","width":"","height":""}],"author":"inclusivenews2024","twitter_card":"summary_large_image","twitter_misc":{"Escrito por":"inclusivenews2024","Tempo estimado de leitura":"8 minutos"},"schema":{"@context":"https:\/\/schema.org","@graph":[{"@type":"Article","@id":"https:\/\/inclusivenews.com.br\/?p=26914#article","isPartOf":{"@id":"https:\/\/inclusivenews.com.br\/?p=26914"},"author":{"name":"inclusivenews2024","@id":"https:\/\/inclusivenews.com.br\/#\/schema\/person\/ae4ec7087559b8692fb33b6fffd2273b"},"headline":"Voto livre do eleitor com defici\u00eancia","datePublished":"2014-09-05T10:33:02+00:00","mainEntityOfPage":{"@id":"https:\/\/inclusivenews.com.br\/?p=26914"},"wordCount":1693,"commentCount":0,"publisher":{"@id":"https:\/\/inclusivenews.com.br\/#organization"},"image":{"@id":"https:\/\/inclusivenews.com.br\/?p=26914#primaryimage"},"thumbnailUrl":"http:\/\/inclusivenews.com.br\/wp-content\/uploads\/2010\/04\/urnaeletronica.jpg","keywords":["elei\u00e7\u00f5es 2014","opini\u00e3o","pessoas com defici\u00eancia"],"articleSection":["Defici\u00eancia","INCLUS\u00c3O SOCIAL","OPINI\u00c3O"],"inLanguage":"pt-PT","potentialAction":[{"@type":"CommentAction","name":"Comment","target":["https:\/\/inclusivenews.com.br\/?p=26914#respond"]}]},{"@type":"WebPage","@id":"https:\/\/inclusivenews.com.br\/?p=26914","url":"https:\/\/inclusivenews.com.br\/?p=26914","name":"Voto livre do eleitor com defici\u00eancia -","isPartOf":{"@id":"https:\/\/inclusivenews.com.br\/#website"},"primaryImageOfPage":{"@id":"https:\/\/inclusivenews.com.br\/?p=26914#primaryimage"},"image":{"@id":"https:\/\/inclusivenews.com.br\/?p=26914#primaryimage"},"thumbnailUrl":"http:\/\/inclusivenews.com.br\/wp-content\/uploads\/2010\/04\/urnaeletronica.jpg","datePublished":"2014-09-05T10:33:02+00:00","breadcrumb":{"@id":"https:\/\/inclusivenews.com.br\/?p=26914#breadcrumb"},"inLanguage":"pt-PT","potentialAction":[{"@type":"ReadAction","target":["https:\/\/inclusivenews.com.br\/?p=26914"]}]},{"@type":"ImageObject","inLanguage":"pt-PT","@id":"https:\/\/inclusivenews.com.br\/?p=26914#primaryimage","url":"","contentUrl":""},{"@type":"BreadcrumbList","@id":"https:\/\/inclusivenews.com.br\/?p=26914#breadcrumb","itemListElement":[{"@type":"ListItem","position":1,"name":"In\u00edcio","item":"https:\/\/inclusivenews.com.br\/"},{"@type":"ListItem","position":2,"name":"Voto livre do eleitor com defici\u00eancia"}]},{"@type":"WebSite","@id":"https:\/\/inclusivenews.com.br\/#website","url":"https:\/\/inclusivenews.com.br\/","name":"Inclusive News","description":"Inclusive News","publisher":{"@id":"https:\/\/inclusivenews.com.br\/#organization"},"potentialAction":[{"@type":"SearchAction","target":{"@type":"EntryPoint","urlTemplate":"https:\/\/inclusivenews.com.br\/?s={search_term_string}"},"query-input":{"@type":"PropertyValueSpecification","valueRequired":true,"valueName":"search_term_string"}}],"inLanguage":"pt-PT"},{"@type":"Organization","@id":"https:\/\/inclusivenews.com.br\/#organization","name":"Inclusive - inclus\u00e3o e cidadania","url":"https:\/\/inclusivenews.com.br\/","logo":{"@type":"ImageObject","inLanguage":"pt-PT","@id":"https:\/\/inclusivenews.com.br\/#\/schema\/logo\/image\/","url":"https:\/\/inclusivenews.com.br\/wp-content\/uploads\/2024\/03\/@grandesite.png","contentUrl":"https:\/\/inclusivenews.com.br\/wp-content\/uploads\/2024\/03\/@grandesite.png","width":1080,"height":1080,"caption":"Inclusive - inclus\u00e3o e cidadania"},"image":{"@id":"https:\/\/inclusivenews.com.br\/#\/schema\/logo\/image\/"},"sameAs":["https:\/\/www.facebook.com\/agenciainclusive\/","https:\/\/www.instagram.com\/newsinclusive\/"]},{"@type":"Person","@id":"https:\/\/inclusivenews.com.br\/#\/schema\/person\/ae4ec7087559b8692fb33b6fffd2273b","name":"inclusivenews2024","image":{"@type":"ImageObject","inLanguage":"pt-PT","@id":"https:\/\/secure.gravatar.com\/avatar\/c5a7ef84c66fa914f55bc4f7ce26cfa275a3b9a1c5568b907bd184fb4dde7b40?s=96&d=mm&r=g","url":"https:\/\/secure.gravatar.com\/avatar\/c5a7ef84c66fa914f55bc4f7ce26cfa275a3b9a1c5568b907bd184fb4dde7b40?s=96&d=mm&r=g","contentUrl":"https:\/\/secure.gravatar.com\/avatar\/c5a7ef84c66fa914f55bc4f7ce26cfa275a3b9a1c5568b907bd184fb4dde7b40?s=96&d=mm&r=g","caption":"inclusivenews2024"},"sameAs":["https:\/\/inclusivenews.com.br"],"url":"https:\/\/inclusivenews.com.br\/?author=1"}]}},"_links":{"self":[{"href":"https:\/\/inclusivenews.com.br\/index.php?rest_route=\/wp\/v2\/posts\/26914","targetHints":{"allow":["GET"]}}],"collection":[{"href":"https:\/\/inclusivenews.com.br\/index.php?rest_route=\/wp\/v2\/posts"}],"about":[{"href":"https:\/\/inclusivenews.com.br\/index.php?rest_route=\/wp\/v2\/types\/post"}],"author":[{"embeddable":true,"href":"https:\/\/inclusivenews.com.br\/index.php?rest_route=\/wp\/v2\/users\/1"}],"replies":[{"embeddable":true,"href":"https:\/\/inclusivenews.com.br\/index.php?rest_route=%2Fwp%2Fv2%2Fcomments&post=26914"}],"version-history":[{"count":0,"href":"https:\/\/inclusivenews.com.br\/index.php?rest_route=\/wp\/v2\/posts\/26914\/revisions"}],"wp:attachment":[{"href":"https:\/\/inclusivenews.com.br\/index.php?rest_route=%2Fwp%2Fv2%2Fmedia&parent=26914"}],"wp:term":[{"taxonomy":"category","embeddable":true,"href":"https:\/\/inclusivenews.com.br\/index.php?rest_route=%2Fwp%2Fv2%2Fcategories&post=26914"},{"taxonomy":"post_tag","embeddable":true,"href":"https:\/\/inclusivenews.com.br\/index.php?rest_route=%2Fwp%2Fv2%2Ftags&post=26914"}],"curies":[{"name":"wp","href":"https:\/\/api.w.org\/{rel}","templated":true}]}}