{"id":26916,"date":"2014-09-10T15:27:50","date_gmt":"2014-09-10T18:27:50","guid":{"rendered":"http:\/\/www.inclusive.org.br\/?p=26916"},"modified":"2014-09-10T15:27:50","modified_gmt":"2014-09-10T18:27:50","slug":"ifce-lanca-ferramenta-de-autodescricao-para-deficientes-visuais","status":"publish","type":"post","link":"https:\/\/inclusivenews.com.br\/?p=26916","title":{"rendered":"IFCE lan\u00e7a ferramenta de autodescri\u00e7\u00e3o para deficientes visuais"},"content":{"rendered":"<p><em>Programa amplia a oferta de v\u00eddeos adequados para deficientes visuais. Ferramenta j\u00e1 \u00e9 desenvolvida h\u00e1 dois anos.<\/em><\/p>\n<p>Not\u00edcia \u00e9 do G1<\/p>\n<figure style=\"width: 300px\" class=\"wp-caption alignnone\"><img loading=\"lazy\" decoding=\"async\" title=\"Pessoa usa computador e fones de ouvido.\" alt=\"Pessoa usa computador e fones de ouvido.\" src=\"http:\/\/s2.glbimg.com\/21_EOID7-TCVKU7vrWfTv26_s5w=\/300x225\/s.glbimg.com\/jo\/g1\/f\/original\/2014\/08\/30\/audiodescricao.jpg\" width=\"300\" height=\"225\" \/><figcaption class=\"wp-caption-text\">Foto: Instituto Federal de Educa\u00e7\u00e3o, Ci\u00eancia e<br \/>Tecnologia do Cear\u00e1 \/ Divulga\u00e7\u00e3o)<\/figcaption><\/figure>\n<p>O Instituto Federal de Educa\u00e7\u00e3o, Ci\u00eancia e Tecnologia do Cear\u00e1 (IFCE) lan\u00e7ou nesta quinta-feira (28) um programa de autodescri\u00e7\u00e3o para deficientes visuais. A ferramenta amplia a oferta de v\u00eddeos adequados aos deficientes visuais. Tamb\u00e9m foi apresentado pela institui\u00e7\u00e3o um mouse acess\u00edvel, que permite a melhoria de navega\u00e7\u00e3o na internet para pessoas com limita\u00e7\u00e3o motora.<\/p>\n<p>Segundo o coordenador do N\u00facleo de Tecnologias Assistivas do IFCE, Agebson Rocha, o programa de audiodescri\u00e7\u00e3o virtual j\u00e1 \u00e9 desenvolvido e testado h\u00e1 dois anos e tem o objetivo facilitar \u00e0 vida de pessoas que t\u00eam defici\u00eancia visual. \u201cA t\u00e9cnica de audiodescri\u00e7\u00e3o j\u00e1 est\u00e1 bastante difundida com uso de voz humana. No entanto, a inova\u00e7\u00e3o deste projeto reside no fato de, ao inserir voz sintetizada, possibilitar a produ\u00e7\u00e3o em menor tempo e, naturalmente, diminuir os custos, democratizando o acesso aos filmes\u201d.<\/p>\n","protected":false},"excerpt":{"rendered":"<p>Programa amplia a oferta de v\u00eddeos adequados para deficientes visuais. Ferramenta j\u00e1 \u00e9 desenvolvida h\u00e1 dois anos.<\/p>\n<p>da Reda\u00e7\u00e3o<\/p>\n<p>O Instituto Federal de Educa\u00e7\u00e3o, Ci\u00eancia e Tecnologia do Cear\u00e1 (IFCE) lan\u00e7ou nesta quinta-feira (28) um programa de autodescri\u00e7\u00e3o para deficientes visuais. A ferramenta amplia a oferta de v\u00eddeos adequados aos deficientes visuais. Tamb\u00e9m foi apresentado pela institui\u00e7\u00e3o um mouse acess\u00edvel, que permite a melhoria de navega\u00e7\u00e3o na internet para pessoas com limita\u00e7\u00e3o motora.<\/p>\n<p>Segundo o coordenador do N\u00facleo de Tecnologias Assistivas do IFCE, Agebson Rocha, o programa de audiodescri\u00e7\u00e3o virtual j\u00e1 \u00e9 desenvolvido e testado h\u00e1 dois anos e tem o objetivo facilitar \u00e0 vida de pessoas que t\u00eam defici\u00eancia visual. \u201cA t\u00e9cnica de audiodescri\u00e7\u00e3o j\u00e1 est\u00e1 bastante difundida com uso de voz humana. No entanto, a inova\u00e7\u00e3o deste projeto reside no fato de, ao inserir voz sintetizada, possibilitar a produ\u00e7\u00e3o em menor tempo e, naturalmente, diminuir os custos, democratizando o acesso aos filmes\u201d. Not\u00edcia \u00e9 do G1.<\/p>\n","protected":false},"author":1,"featured_media":0,"comment_status":"open","ping_status":"open","sticky":false,"template":"","format":"standard","meta":{"site-container-style":"default","site-container-layout":"default","site-sidebar-layout":"default","disable-article-header":"default","disable-site-header":"default","disable-site-footer":"default","disable-content-area-spacing":"default","footnotes":""},"categories":[44,48],"tags":[],"class_list":["post-26916","post","type-post","status-publish","format-standard","hentry","category-acessibilidade","category-inclusao"],"yoast_head":"<!-- This site is optimized with the Yoast SEO plugin v27.4 - https:\/\/yoast.com\/product\/yoast-seo-wordpress\/ -->\n<title>IFCE lan\u00e7a ferramenta de autodescri\u00e7\u00e3o para deficientes visuais -<\/title>\n<meta name=\"robots\" content=\"index, follow, max-snippet:-1, max-image-preview:large, max-video-preview:-1\" \/>\n<link rel=\"canonical\" href=\"https:\/\/inclusivenews.com.br\/?p=26916\" \/>\n<meta property=\"og:locale\" content=\"pt_PT\" \/>\n<meta property=\"og:type\" content=\"article\" \/>\n<meta property=\"og:title\" content=\"IFCE lan\u00e7a ferramenta de autodescri\u00e7\u00e3o para deficientes visuais -\" \/>\n<meta property=\"og:description\" content=\"Programa amplia a oferta de v\u00eddeos adequados para deficientes visuais. Ferramenta j\u00e1 \u00e9 desenvolvida h\u00e1 dois anos. da Reda\u00e7\u00e3o O Instituto Federal de Educa\u00e7\u00e3o, Ci\u00eancia e Tecnologia do Cear\u00e1 (IFCE) lan\u00e7ou nesta quinta-feira (28) um programa de autodescri\u00e7\u00e3o para deficientes visuais. A ferramenta amplia a oferta de v\u00eddeos adequados aos deficientes visuais. Tamb\u00e9m foi apresentado pela institui\u00e7\u00e3o um mouse acess\u00edvel, que permite a melhoria de navega\u00e7\u00e3o na internet para pessoas com limita\u00e7\u00e3o motora. Segundo o coordenador do N\u00facleo de Tecnologias Assistivas do IFCE, Agebson Rocha, o programa de audiodescri\u00e7\u00e3o virtual j\u00e1 \u00e9 desenvolvido e testado h\u00e1 dois anos e tem o objetivo facilitar \u00e0 vida de pessoas que t\u00eam defici\u00eancia visual. \u201cA t\u00e9cnica de audiodescri\u00e7\u00e3o j\u00e1 est\u00e1 bastante difundida com uso de voz humana. No entanto, a inova\u00e7\u00e3o deste projeto reside no fato de, ao inserir voz sintetizada, possibilitar a produ\u00e7\u00e3o em menor tempo e, naturalmente, diminuir os custos, democratizando o acesso aos filmes\u201d. Not\u00edcia \u00e9 do G1.\" \/>\n<meta property=\"og:url\" content=\"https:\/\/inclusivenews.com.br\/?p=26916\" \/>\n<meta property=\"article:publisher\" content=\"https:\/\/www.facebook.com\/agenciainclusive\/\" \/>\n<meta property=\"article:published_time\" content=\"2014-09-10T18:27:50+00:00\" \/>\n<meta property=\"og:image\" content=\"http:\/\/s2.glbimg.com\/21_EOID7-TCVKU7vrWfTv26_s5w=\/300x225\/s.glbimg.com\/jo\/g1\/f\/original\/2014\/08\/30\/audiodescricao.jpg\" \/>\n<meta name=\"author\" content=\"inclusivenews2024\" \/>\n<meta name=\"twitter:card\" content=\"summary_large_image\" \/>\n<meta name=\"twitter:label1\" content=\"Escrito por\" \/>\n\t<meta name=\"twitter:data1\" content=\"inclusivenews2024\" \/>\n\t<meta name=\"twitter:label2\" content=\"Tempo estimado de leitura\" \/>\n\t<meta name=\"twitter:data2\" content=\"1 minuto\" \/>\n<script type=\"application\/ld+json\" class=\"yoast-schema-graph\">{\"@context\":\"https:\\\/\\\/schema.org\",\"@graph\":[{\"@type\":\"Article\",\"@id\":\"https:\\\/\\\/inclusivenews.com.br\\\/?p=26916#article\",\"isPartOf\":{\"@id\":\"https:\\\/\\\/inclusivenews.com.br\\\/?p=26916\"},\"author\":{\"name\":\"inclusivenews2024\",\"@id\":\"https:\\\/\\\/inclusivenews.com.br\\\/#\\\/schema\\\/person\\\/ae4ec7087559b8692fb33b6fffd2273b\"},\"headline\":\"IFCE lan\u00e7a ferramenta de autodescri\u00e7\u00e3o para deficientes visuais\",\"datePublished\":\"2014-09-10T18:27:50+00:00\",\"mainEntityOfPage\":{\"@id\":\"https:\\\/\\\/inclusivenews.com.br\\\/?p=26916\"},\"wordCount\":200,\"commentCount\":0,\"publisher\":{\"@id\":\"https:\\\/\\\/inclusivenews.com.br\\\/#organization\"},\"image\":{\"@id\":\"https:\\\/\\\/inclusivenews.com.br\\\/?p=26916#primaryimage\"},\"thumbnailUrl\":\"http:\\\/\\\/s2.glbimg.com\\\/21_EOID7-TCVKU7vrWfTv26_s5w=\\\/300x225\\\/s.glbimg.com\\\/jo\\\/g1\\\/f\\\/original\\\/2014\\\/08\\\/30\\\/audiodescricao.jpg\",\"articleSection\":[\"ACESSIBILIDADE\",\"INCLUS\u00c3O SOCIAL\"],\"inLanguage\":\"pt-PT\",\"potentialAction\":[{\"@type\":\"CommentAction\",\"name\":\"Comment\",\"target\":[\"https:\\\/\\\/inclusivenews.com.br\\\/?p=26916#respond\"]}]},{\"@type\":\"WebPage\",\"@id\":\"https:\\\/\\\/inclusivenews.com.br\\\/?p=26916\",\"url\":\"https:\\\/\\\/inclusivenews.com.br\\\/?p=26916\",\"name\":\"IFCE lan\u00e7a ferramenta de autodescri\u00e7\u00e3o para deficientes visuais -\",\"isPartOf\":{\"@id\":\"https:\\\/\\\/inclusivenews.com.br\\\/#website\"},\"primaryImageOfPage\":{\"@id\":\"https:\\\/\\\/inclusivenews.com.br\\\/?p=26916#primaryimage\"},\"image\":{\"@id\":\"https:\\\/\\\/inclusivenews.com.br\\\/?p=26916#primaryimage\"},\"thumbnailUrl\":\"http:\\\/\\\/s2.glbimg.com\\\/21_EOID7-TCVKU7vrWfTv26_s5w=\\\/300x225\\\/s.glbimg.com\\\/jo\\\/g1\\\/f\\\/original\\\/2014\\\/08\\\/30\\\/audiodescricao.jpg\",\"datePublished\":\"2014-09-10T18:27:50+00:00\",\"breadcrumb\":{\"@id\":\"https:\\\/\\\/inclusivenews.com.br\\\/?p=26916#breadcrumb\"},\"inLanguage\":\"pt-PT\",\"potentialAction\":[{\"@type\":\"ReadAction\",\"target\":[\"https:\\\/\\\/inclusivenews.com.br\\\/?p=26916\"]}]},{\"@type\":\"ImageObject\",\"inLanguage\":\"pt-PT\",\"@id\":\"https:\\\/\\\/inclusivenews.com.br\\\/?p=26916#primaryimage\",\"url\":\"http:\\\/\\\/s2.glbimg.com\\\/21_EOID7-TCVKU7vrWfTv26_s5w=\\\/300x225\\\/s.glbimg.com\\\/jo\\\/g1\\\/f\\\/original\\\/2014\\\/08\\\/30\\\/audiodescricao.jpg\",\"contentUrl\":\"http:\\\/\\\/s2.glbimg.com\\\/21_EOID7-TCVKU7vrWfTv26_s5w=\\\/300x225\\\/s.glbimg.com\\\/jo\\\/g1\\\/f\\\/original\\\/2014\\\/08\\\/30\\\/audiodescricao.jpg\"},{\"@type\":\"BreadcrumbList\",\"@id\":\"https:\\\/\\\/inclusivenews.com.br\\\/?p=26916#breadcrumb\",\"itemListElement\":[{\"@type\":\"ListItem\",\"position\":1,\"name\":\"In\u00edcio\",\"item\":\"https:\\\/\\\/inclusivenews.com.br\\\/\"},{\"@type\":\"ListItem\",\"position\":2,\"name\":\"IFCE lan\u00e7a ferramenta de autodescri\u00e7\u00e3o para deficientes visuais\"}]},{\"@type\":\"WebSite\",\"@id\":\"https:\\\/\\\/inclusivenews.com.br\\\/#website\",\"url\":\"https:\\\/\\\/inclusivenews.com.br\\\/\",\"name\":\"Inclusive News\",\"description\":\"Inclusive News\",\"publisher\":{\"@id\":\"https:\\\/\\\/inclusivenews.com.br\\\/#organization\"},\"potentialAction\":[{\"@type\":\"SearchAction\",\"target\":{\"@type\":\"EntryPoint\",\"urlTemplate\":\"https:\\\/\\\/inclusivenews.com.br\\\/?s={search_term_string}\"},\"query-input\":{\"@type\":\"PropertyValueSpecification\",\"valueRequired\":true,\"valueName\":\"search_term_string\"}}],\"inLanguage\":\"pt-PT\"},{\"@type\":\"Organization\",\"@id\":\"https:\\\/\\\/inclusivenews.com.br\\\/#organization\",\"name\":\"Inclusive - inclus\u00e3o e cidadania\",\"url\":\"https:\\\/\\\/inclusivenews.com.br\\\/\",\"logo\":{\"@type\":\"ImageObject\",\"inLanguage\":\"pt-PT\",\"@id\":\"https:\\\/\\\/inclusivenews.com.br\\\/#\\\/schema\\\/logo\\\/image\\\/\",\"url\":\"https:\\\/\\\/inclusivenews.com.br\\\/wp-content\\\/uploads\\\/2024\\\/03\\\/@grandesite.png\",\"contentUrl\":\"https:\\\/\\\/inclusivenews.com.br\\\/wp-content\\\/uploads\\\/2024\\\/03\\\/@grandesite.png\",\"width\":1080,\"height\":1080,\"caption\":\"Inclusive - inclus\u00e3o e cidadania\"},\"image\":{\"@id\":\"https:\\\/\\\/inclusivenews.com.br\\\/#\\\/schema\\\/logo\\\/image\\\/\"},\"sameAs\":[\"https:\\\/\\\/www.facebook.com\\\/agenciainclusive\\\/\",\"https:\\\/\\\/www.instagram.com\\\/newsinclusive\\\/\"]},{\"@type\":\"Person\",\"@id\":\"https:\\\/\\\/inclusivenews.com.br\\\/#\\\/schema\\\/person\\\/ae4ec7087559b8692fb33b6fffd2273b\",\"name\":\"inclusivenews2024\",\"image\":{\"@type\":\"ImageObject\",\"inLanguage\":\"pt-PT\",\"@id\":\"https:\\\/\\\/secure.gravatar.com\\\/avatar\\\/c5a7ef84c66fa914f55bc4f7ce26cfa275a3b9a1c5568b907bd184fb4dde7b40?s=96&d=mm&r=g\",\"url\":\"https:\\\/\\\/secure.gravatar.com\\\/avatar\\\/c5a7ef84c66fa914f55bc4f7ce26cfa275a3b9a1c5568b907bd184fb4dde7b40?s=96&d=mm&r=g\",\"contentUrl\":\"https:\\\/\\\/secure.gravatar.com\\\/avatar\\\/c5a7ef84c66fa914f55bc4f7ce26cfa275a3b9a1c5568b907bd184fb4dde7b40?s=96&d=mm&r=g\",\"caption\":\"inclusivenews2024\"},\"sameAs\":[\"https:\\\/\\\/inclusivenews.com.br\"],\"url\":\"https:\\\/\\\/inclusivenews.com.br\\\/?author=1\"}]}<\/script>\n<!-- \/ Yoast SEO plugin. -->","yoast_head_json":{"title":"IFCE lan\u00e7a ferramenta de autodescri\u00e7\u00e3o para deficientes visuais -","robots":{"index":"index","follow":"follow","max-snippet":"max-snippet:-1","max-image-preview":"max-image-preview:large","max-video-preview":"max-video-preview:-1"},"canonical":"https:\/\/inclusivenews.com.br\/?p=26916","og_locale":"pt_PT","og_type":"article","og_title":"IFCE lan\u00e7a ferramenta de autodescri\u00e7\u00e3o para deficientes visuais -","og_description":"Programa amplia a oferta de v\u00eddeos adequados para deficientes visuais. Ferramenta j\u00e1 \u00e9 desenvolvida h\u00e1 dois anos. da Reda\u00e7\u00e3o O Instituto Federal de Educa\u00e7\u00e3o, Ci\u00eancia e Tecnologia do Cear\u00e1 (IFCE) lan\u00e7ou nesta quinta-feira (28) um programa de autodescri\u00e7\u00e3o para deficientes visuais. A ferramenta amplia a oferta de v\u00eddeos adequados aos deficientes visuais. Tamb\u00e9m foi apresentado pela institui\u00e7\u00e3o um mouse acess\u00edvel, que permite a melhoria de navega\u00e7\u00e3o na internet para pessoas com limita\u00e7\u00e3o motora. Segundo o coordenador do N\u00facleo de Tecnologias Assistivas do IFCE, Agebson Rocha, o programa de audiodescri\u00e7\u00e3o virtual j\u00e1 \u00e9 desenvolvido e testado h\u00e1 dois anos e tem o objetivo facilitar \u00e0 vida de pessoas que t\u00eam defici\u00eancia visual. \u201cA t\u00e9cnica de audiodescri\u00e7\u00e3o j\u00e1 est\u00e1 bastante difundida com uso de voz humana. No entanto, a inova\u00e7\u00e3o deste projeto reside no fato de, ao inserir voz sintetizada, possibilitar a produ\u00e7\u00e3o em menor tempo e, naturalmente, diminuir os custos, democratizando o acesso aos filmes\u201d. Not\u00edcia \u00e9 do G1.","og_url":"https:\/\/inclusivenews.com.br\/?p=26916","article_publisher":"https:\/\/www.facebook.com\/agenciainclusive\/","article_published_time":"2014-09-10T18:27:50+00:00","og_image":[{"url":"http:\/\/s2.glbimg.com\/21_EOID7-TCVKU7vrWfTv26_s5w=\/300x225\/s.glbimg.com\/jo\/g1\/f\/original\/2014\/08\/30\/audiodescricao.jpg","type":"","width":"","height":""}],"author":"inclusivenews2024","twitter_card":"summary_large_image","twitter_misc":{"Escrito por":"inclusivenews2024","Tempo estimado de leitura":"1 minuto"},"schema":{"@context":"https:\/\/schema.org","@graph":[{"@type":"Article","@id":"https:\/\/inclusivenews.com.br\/?p=26916#article","isPartOf":{"@id":"https:\/\/inclusivenews.com.br\/?p=26916"},"author":{"name":"inclusivenews2024","@id":"https:\/\/inclusivenews.com.br\/#\/schema\/person\/ae4ec7087559b8692fb33b6fffd2273b"},"headline":"IFCE lan\u00e7a ferramenta de autodescri\u00e7\u00e3o para deficientes visuais","datePublished":"2014-09-10T18:27:50+00:00","mainEntityOfPage":{"@id":"https:\/\/inclusivenews.com.br\/?p=26916"},"wordCount":200,"commentCount":0,"publisher":{"@id":"https:\/\/inclusivenews.com.br\/#organization"},"image":{"@id":"https:\/\/inclusivenews.com.br\/?p=26916#primaryimage"},"thumbnailUrl":"http:\/\/s2.glbimg.com\/21_EOID7-TCVKU7vrWfTv26_s5w=\/300x225\/s.glbimg.com\/jo\/g1\/f\/original\/2014\/08\/30\/audiodescricao.jpg","articleSection":["ACESSIBILIDADE","INCLUS\u00c3O SOCIAL"],"inLanguage":"pt-PT","potentialAction":[{"@type":"CommentAction","name":"Comment","target":["https:\/\/inclusivenews.com.br\/?p=26916#respond"]}]},{"@type":"WebPage","@id":"https:\/\/inclusivenews.com.br\/?p=26916","url":"https:\/\/inclusivenews.com.br\/?p=26916","name":"IFCE lan\u00e7a ferramenta de autodescri\u00e7\u00e3o para deficientes visuais -","isPartOf":{"@id":"https:\/\/inclusivenews.com.br\/#website"},"primaryImageOfPage":{"@id":"https:\/\/inclusivenews.com.br\/?p=26916#primaryimage"},"image":{"@id":"https:\/\/inclusivenews.com.br\/?p=26916#primaryimage"},"thumbnailUrl":"http:\/\/s2.glbimg.com\/21_EOID7-TCVKU7vrWfTv26_s5w=\/300x225\/s.glbimg.com\/jo\/g1\/f\/original\/2014\/08\/30\/audiodescricao.jpg","datePublished":"2014-09-10T18:27:50+00:00","breadcrumb":{"@id":"https:\/\/inclusivenews.com.br\/?p=26916#breadcrumb"},"inLanguage":"pt-PT","potentialAction":[{"@type":"ReadAction","target":["https:\/\/inclusivenews.com.br\/?p=26916"]}]},{"@type":"ImageObject","inLanguage":"pt-PT","@id":"https:\/\/inclusivenews.com.br\/?p=26916#primaryimage","url":"http:\/\/s2.glbimg.com\/21_EOID7-TCVKU7vrWfTv26_s5w=\/300x225\/s.glbimg.com\/jo\/g1\/f\/original\/2014\/08\/30\/audiodescricao.jpg","contentUrl":"http:\/\/s2.glbimg.com\/21_EOID7-TCVKU7vrWfTv26_s5w=\/300x225\/s.glbimg.com\/jo\/g1\/f\/original\/2014\/08\/30\/audiodescricao.jpg"},{"@type":"BreadcrumbList","@id":"https:\/\/inclusivenews.com.br\/?p=26916#breadcrumb","itemListElement":[{"@type":"ListItem","position":1,"name":"In\u00edcio","item":"https:\/\/inclusivenews.com.br\/"},{"@type":"ListItem","position":2,"name":"IFCE lan\u00e7a ferramenta de autodescri\u00e7\u00e3o para deficientes visuais"}]},{"@type":"WebSite","@id":"https:\/\/inclusivenews.com.br\/#website","url":"https:\/\/inclusivenews.com.br\/","name":"Inclusive News","description":"Inclusive News","publisher":{"@id":"https:\/\/inclusivenews.com.br\/#organization"},"potentialAction":[{"@type":"SearchAction","target":{"@type":"EntryPoint","urlTemplate":"https:\/\/inclusivenews.com.br\/?s={search_term_string}"},"query-input":{"@type":"PropertyValueSpecification","valueRequired":true,"valueName":"search_term_string"}}],"inLanguage":"pt-PT"},{"@type":"Organization","@id":"https:\/\/inclusivenews.com.br\/#organization","name":"Inclusive - inclus\u00e3o e cidadania","url":"https:\/\/inclusivenews.com.br\/","logo":{"@type":"ImageObject","inLanguage":"pt-PT","@id":"https:\/\/inclusivenews.com.br\/#\/schema\/logo\/image\/","url":"https:\/\/inclusivenews.com.br\/wp-content\/uploads\/2024\/03\/@grandesite.png","contentUrl":"https:\/\/inclusivenews.com.br\/wp-content\/uploads\/2024\/03\/@grandesite.png","width":1080,"height":1080,"caption":"Inclusive - inclus\u00e3o e cidadania"},"image":{"@id":"https:\/\/inclusivenews.com.br\/#\/schema\/logo\/image\/"},"sameAs":["https:\/\/www.facebook.com\/agenciainclusive\/","https:\/\/www.instagram.com\/newsinclusive\/"]},{"@type":"Person","@id":"https:\/\/inclusivenews.com.br\/#\/schema\/person\/ae4ec7087559b8692fb33b6fffd2273b","name":"inclusivenews2024","image":{"@type":"ImageObject","inLanguage":"pt-PT","@id":"https:\/\/secure.gravatar.com\/avatar\/c5a7ef84c66fa914f55bc4f7ce26cfa275a3b9a1c5568b907bd184fb4dde7b40?s=96&d=mm&r=g","url":"https:\/\/secure.gravatar.com\/avatar\/c5a7ef84c66fa914f55bc4f7ce26cfa275a3b9a1c5568b907bd184fb4dde7b40?s=96&d=mm&r=g","contentUrl":"https:\/\/secure.gravatar.com\/avatar\/c5a7ef84c66fa914f55bc4f7ce26cfa275a3b9a1c5568b907bd184fb4dde7b40?s=96&d=mm&r=g","caption":"inclusivenews2024"},"sameAs":["https:\/\/inclusivenews.com.br"],"url":"https:\/\/inclusivenews.com.br\/?author=1"}]}},"_links":{"self":[{"href":"https:\/\/inclusivenews.com.br\/index.php?rest_route=\/wp\/v2\/posts\/26916","targetHints":{"allow":["GET"]}}],"collection":[{"href":"https:\/\/inclusivenews.com.br\/index.php?rest_route=\/wp\/v2\/posts"}],"about":[{"href":"https:\/\/inclusivenews.com.br\/index.php?rest_route=\/wp\/v2\/types\/post"}],"author":[{"embeddable":true,"href":"https:\/\/inclusivenews.com.br\/index.php?rest_route=\/wp\/v2\/users\/1"}],"replies":[{"embeddable":true,"href":"https:\/\/inclusivenews.com.br\/index.php?rest_route=%2Fwp%2Fv2%2Fcomments&post=26916"}],"version-history":[{"count":0,"href":"https:\/\/inclusivenews.com.br\/index.php?rest_route=\/wp\/v2\/posts\/26916\/revisions"}],"wp:attachment":[{"href":"https:\/\/inclusivenews.com.br\/index.php?rest_route=%2Fwp%2Fv2%2Fmedia&parent=26916"}],"wp:term":[{"taxonomy":"category","embeddable":true,"href":"https:\/\/inclusivenews.com.br\/index.php?rest_route=%2Fwp%2Fv2%2Fcategories&post=26916"},{"taxonomy":"post_tag","embeddable":true,"href":"https:\/\/inclusivenews.com.br\/index.php?rest_route=%2Fwp%2Fv2%2Ftags&post=26916"}],"curies":[{"name":"wp","href":"https:\/\/api.w.org\/{rel}","templated":true}]}}