{"id":26920,"date":"2014-09-10T15:34:44","date_gmt":"2014-09-10T18:34:44","guid":{"rendered":"http:\/\/www.inclusive.org.br\/?p=26920"},"modified":"2014-09-10T15:34:44","modified_gmt":"2014-09-10T18:34:44","slug":"reuniao-debate-elaboracao-do-plano-de-educacao-em-direitos-humanos-do-mercosul","status":"publish","type":"post","link":"https:\/\/inclusivenews.com.br\/?p=26920","title":{"rendered":"Reuni\u00e3o debate elabora\u00e7\u00e3o do Plano de Educa\u00e7\u00e3o em Direitos Humanos do Mercosul"},"content":{"rendered":"<p><em>Intuito \u00e9 buscar articula\u00e7\u00e3o da constru\u00e7\u00e3o de um documento a ser apresentado na pr\u00f3xima Reuni\u00e3o de Altas Autoridades em Direitos Humanos do Mercosul<\/em><\/p>\n<p><img loading=\"lazy\" decoding=\"async\" class=\"alignnone size-full wp-image-14676\" alt=\"Pomba, preenchida com o quadro de Picasso Guernica, representando os Direitos Humanos\" src=\"http:\/\/inclusivenews.com.br\/wp-content\/uploads\/2010\/03\/direitos-humanos.jpg\" width=\"288\" height=\"239\" \/><\/p>\n<p>Foi realizada na \u00faltima ter\u00e7a feira (2), Reuni\u00e3o Estrat\u00e9gica para a elabora\u00e7\u00e3o do Plano de Educa\u00e7\u00e3o em Direitos Humanos do Mercosul. A ministra Ideli Salvatti, da Secretaria de Direitos Humanos da Presid\u00eancia da Rep\u00fablica (SDH\/PR), abriu o evento que tem o objetivo de discutir educa\u00e7\u00e3o em direitos humanos.<\/p>\n<p>E reuni\u00e3o foi promovida pelo Instituto de Desenvolvimento e Direitos Humanos.Entre as metas, est\u00e1 a articula\u00e7\u00e3o da constru\u00e7\u00e3o de um documento que ser\u00e1 apresentado na pr\u00f3xima Reuni\u00e3o de Altas Autoridades em Direitos Humanos do Mercosul ( RAADH), prevista para novembro na Argentina.<\/p>\n<p>A ministra parabenizou o trabalho dos envolvidos no projeto e o destacou como de extrema import\u00e2ncia para a educa\u00e7\u00e3o. Informou ainda que esta semana ser\u00e1 escolhia a pessoa que ir\u00e1 representar o Brasil no Instituto de Pol\u00edticas P\u00fablicas em Direitos Humanos no Mercosul.<\/p>\n<p>\u201cPrecisamos avan\u00e7ar nos trabalhos que fazemos no Brasil complementando com os pa\u00edses irm\u00e3os. Para n\u00f3s, a educa\u00e7\u00e3o em Direitos Humanos tem como premissa a educa\u00e7\u00e3o que vai al\u00e9m da formal. Vamos somar com a educa\u00e7\u00e3o realizada pela sociedade civil, pelas entidades, pelas organiza\u00e7\u00f5es n\u00e3o governamentais e pela educa\u00e7\u00e3o popular\u201d, refor\u00e7a Ideli Salvatti.<\/p>\n<p>Plano de Educa\u00e7\u00e3o<\/p>\n<p>A iniciativa tem o objetivo de provocar articula\u00e7\u00e3o entre as organiza\u00e7\u00f5es da sociedade civil dos pa\u00edses do Mercosul visando o fortalecimento do debate sobre a educa\u00e7\u00e3o em direitos humanos na regi\u00e3o. Pretende ainda subsidiar a constru\u00e7\u00e3o das diretrizes m\u00ednimas para uma educa\u00e7\u00e3o em direitos humanos considerando, inclusive, ser esta uma atividade do plano de trabalho da Comiss\u00e3o Permanente de Educa\u00e7\u00e3o e Cultura em Direitos Humanos, al\u00e9m de incentivar que os estados que j\u00e1 possuem planos nacionais de educa\u00e7\u00e3o em direitos humanos elaborem relat\u00f3rios de avalia\u00e7\u00e3o sobre seu cumprimento.<\/p>\n<p>Os estados que ainda n\u00e3o possuem planos ou pol\u00edticas nacionais espec\u00edficas de educa\u00e7\u00e3o em direitos humanos tamb\u00e9m ser\u00e3o incentivados. Dentro das metas do Plano de Educa\u00e7\u00e3o tamb\u00e9m est\u00e1 a provoca\u00e7\u00e3o para que todos os estados do bloco, tanto os que j\u00e1 possuem planos ou pol\u00edticas nacionais como os que ainda n\u00e3o, complementem suas pol\u00edticas de educa\u00e7\u00e3o em direitos humanos, utilizando as diretrizes regionais constru\u00eddas no \u00e2mbito do Mercosul.<\/p>\n<p>Os grandes eixos do programa pretendem contemplar em pol\u00edticas nacionais a educa\u00e7\u00e3o formal (ensino b\u00e1sico e superior), a educa\u00e7\u00e3o n\u00e3o formal (educa\u00e7\u00e3o popular), a m\u00eddia (meios de comunica\u00e7\u00e3o), os agentes governamentais (Executivo, Legislativo e Judici\u00e1rio) e os agentes de seguran\u00e7a p\u00fablica (pol\u00edcia e ex\u00e9rcito).<\/p>\n","protected":false},"excerpt":{"rendered":"<p>Intuito \u00e9 buscar articula\u00e7\u00e3o da constru\u00e7\u00e3o de um documento a ser apresentado na pr\u00f3xima Reuni\u00e3o de Altas Autoridades em Direitos Humanos do Mercosul.<\/p>\n","protected":false},"author":1,"featured_media":0,"comment_status":"open","ping_status":"open","sticky":false,"template":"","format":"standard","meta":{"site-container-style":"default","site-container-layout":"default","site-sidebar-layout":"default","disable-article-header":"default","disable-site-header":"default","disable-site-footer":"default","disable-content-area-spacing":"default","footnotes":""},"categories":[11],"tags":[],"class_list":["post-26920","post","type-post","status-publish","format-standard","hentry","category-direitos-humanos"],"yoast_head":"<!-- This site is optimized with the Yoast SEO plugin v27.4 - https:\/\/yoast.com\/product\/yoast-seo-wordpress\/ -->\n<title>Reuni\u00e3o debate elabora\u00e7\u00e3o do Plano de Educa\u00e7\u00e3o em Direitos Humanos do Mercosul -<\/title>\n<meta name=\"robots\" content=\"index, follow, max-snippet:-1, max-image-preview:large, max-video-preview:-1\" \/>\n<link rel=\"canonical\" href=\"https:\/\/inclusivenews.com.br\/?p=26920\" \/>\n<meta property=\"og:locale\" content=\"pt_PT\" \/>\n<meta property=\"og:type\" content=\"article\" \/>\n<meta property=\"og:title\" content=\"Reuni\u00e3o debate elabora\u00e7\u00e3o do Plano de Educa\u00e7\u00e3o em Direitos Humanos do Mercosul -\" \/>\n<meta property=\"og:description\" content=\"Intuito \u00e9 buscar articula\u00e7\u00e3o da constru\u00e7\u00e3o de um documento a ser apresentado na pr\u00f3xima Reuni\u00e3o de Altas Autoridades em Direitos Humanos do Mercosul.\" \/>\n<meta property=\"og:url\" content=\"https:\/\/inclusivenews.com.br\/?p=26920\" \/>\n<meta property=\"article:publisher\" content=\"https:\/\/www.facebook.com\/agenciainclusive\/\" \/>\n<meta property=\"article:published_time\" content=\"2014-09-10T18:34:44+00:00\" \/>\n<meta property=\"og:image\" content=\"http:\/\/inclusivenews.com.br\/wp-content\/uploads\/2010\/03\/direitos-humanos.jpg\" \/>\n<meta name=\"author\" content=\"inclusivenews2024\" \/>\n<meta name=\"twitter:card\" content=\"summary_large_image\" \/>\n<meta name=\"twitter:label1\" content=\"Escrito por\" \/>\n\t<meta name=\"twitter:data1\" content=\"inclusivenews2024\" \/>\n\t<meta name=\"twitter:label2\" content=\"Tempo estimado de leitura\" \/>\n\t<meta name=\"twitter:data2\" content=\"2 minutos\" \/>\n<script type=\"application\/ld+json\" class=\"yoast-schema-graph\">{\"@context\":\"https:\\\/\\\/schema.org\",\"@graph\":[{\"@type\":\"Article\",\"@id\":\"https:\\\/\\\/inclusivenews.com.br\\\/?p=26920#article\",\"isPartOf\":{\"@id\":\"https:\\\/\\\/inclusivenews.com.br\\\/?p=26920\"},\"author\":{\"name\":\"inclusivenews2024\",\"@id\":\"https:\\\/\\\/inclusivenews.com.br\\\/#\\\/schema\\\/person\\\/ae4ec7087559b8692fb33b6fffd2273b\"},\"headline\":\"Reuni\u00e3o debate elabora\u00e7\u00e3o do Plano de Educa\u00e7\u00e3o em Direitos Humanos do Mercosul\",\"datePublished\":\"2014-09-10T18:34:44+00:00\",\"mainEntityOfPage\":{\"@id\":\"https:\\\/\\\/inclusivenews.com.br\\\/?p=26920\"},\"wordCount\":500,\"commentCount\":0,\"publisher\":{\"@id\":\"https:\\\/\\\/inclusivenews.com.br\\\/#organization\"},\"image\":{\"@id\":\"https:\\\/\\\/inclusivenews.com.br\\\/?p=26920#primaryimage\"},\"thumbnailUrl\":\"http:\\\/\\\/inclusivenews.com.br\\\/wp-content\\\/uploads\\\/2010\\\/03\\\/direitos-humanos.jpg\",\"articleSection\":[\"DIREITOS HUMANOS\"],\"inLanguage\":\"pt-PT\",\"potentialAction\":[{\"@type\":\"CommentAction\",\"name\":\"Comment\",\"target\":[\"https:\\\/\\\/inclusivenews.com.br\\\/?p=26920#respond\"]}]},{\"@type\":\"WebPage\",\"@id\":\"https:\\\/\\\/inclusivenews.com.br\\\/?p=26920\",\"url\":\"https:\\\/\\\/inclusivenews.com.br\\\/?p=26920\",\"name\":\"Reuni\u00e3o debate elabora\u00e7\u00e3o do Plano de Educa\u00e7\u00e3o em Direitos Humanos do Mercosul -\",\"isPartOf\":{\"@id\":\"https:\\\/\\\/inclusivenews.com.br\\\/#website\"},\"primaryImageOfPage\":{\"@id\":\"https:\\\/\\\/inclusivenews.com.br\\\/?p=26920#primaryimage\"},\"image\":{\"@id\":\"https:\\\/\\\/inclusivenews.com.br\\\/?p=26920#primaryimage\"},\"thumbnailUrl\":\"http:\\\/\\\/inclusivenews.com.br\\\/wp-content\\\/uploads\\\/2010\\\/03\\\/direitos-humanos.jpg\",\"datePublished\":\"2014-09-10T18:34:44+00:00\",\"breadcrumb\":{\"@id\":\"https:\\\/\\\/inclusivenews.com.br\\\/?p=26920#breadcrumb\"},\"inLanguage\":\"pt-PT\",\"potentialAction\":[{\"@type\":\"ReadAction\",\"target\":[\"https:\\\/\\\/inclusivenews.com.br\\\/?p=26920\"]}]},{\"@type\":\"ImageObject\",\"inLanguage\":\"pt-PT\",\"@id\":\"https:\\\/\\\/inclusivenews.com.br\\\/?p=26920#primaryimage\",\"url\":\"\",\"contentUrl\":\"\"},{\"@type\":\"BreadcrumbList\",\"@id\":\"https:\\\/\\\/inclusivenews.com.br\\\/?p=26920#breadcrumb\",\"itemListElement\":[{\"@type\":\"ListItem\",\"position\":1,\"name\":\"In\u00edcio\",\"item\":\"https:\\\/\\\/inclusivenews.com.br\\\/\"},{\"@type\":\"ListItem\",\"position\":2,\"name\":\"Reuni\u00e3o debate elabora\u00e7\u00e3o do Plano de Educa\u00e7\u00e3o em Direitos Humanos do Mercosul\"}]},{\"@type\":\"WebSite\",\"@id\":\"https:\\\/\\\/inclusivenews.com.br\\\/#website\",\"url\":\"https:\\\/\\\/inclusivenews.com.br\\\/\",\"name\":\"Inclusive News\",\"description\":\"Inclusive News\",\"publisher\":{\"@id\":\"https:\\\/\\\/inclusivenews.com.br\\\/#organization\"},\"potentialAction\":[{\"@type\":\"SearchAction\",\"target\":{\"@type\":\"EntryPoint\",\"urlTemplate\":\"https:\\\/\\\/inclusivenews.com.br\\\/?s={search_term_string}\"},\"query-input\":{\"@type\":\"PropertyValueSpecification\",\"valueRequired\":true,\"valueName\":\"search_term_string\"}}],\"inLanguage\":\"pt-PT\"},{\"@type\":\"Organization\",\"@id\":\"https:\\\/\\\/inclusivenews.com.br\\\/#organization\",\"name\":\"Inclusive - inclus\u00e3o e cidadania\",\"url\":\"https:\\\/\\\/inclusivenews.com.br\\\/\",\"logo\":{\"@type\":\"ImageObject\",\"inLanguage\":\"pt-PT\",\"@id\":\"https:\\\/\\\/inclusivenews.com.br\\\/#\\\/schema\\\/logo\\\/image\\\/\",\"url\":\"https:\\\/\\\/inclusivenews.com.br\\\/wp-content\\\/uploads\\\/2024\\\/03\\\/@grandesite.png\",\"contentUrl\":\"https:\\\/\\\/inclusivenews.com.br\\\/wp-content\\\/uploads\\\/2024\\\/03\\\/@grandesite.png\",\"width\":1080,\"height\":1080,\"caption\":\"Inclusive - inclus\u00e3o e cidadania\"},\"image\":{\"@id\":\"https:\\\/\\\/inclusivenews.com.br\\\/#\\\/schema\\\/logo\\\/image\\\/\"},\"sameAs\":[\"https:\\\/\\\/www.facebook.com\\\/agenciainclusive\\\/\",\"https:\\\/\\\/www.instagram.com\\\/newsinclusive\\\/\"]},{\"@type\":\"Person\",\"@id\":\"https:\\\/\\\/inclusivenews.com.br\\\/#\\\/schema\\\/person\\\/ae4ec7087559b8692fb33b6fffd2273b\",\"name\":\"inclusivenews2024\",\"image\":{\"@type\":\"ImageObject\",\"inLanguage\":\"pt-PT\",\"@id\":\"https:\\\/\\\/secure.gravatar.com\\\/avatar\\\/c5a7ef84c66fa914f55bc4f7ce26cfa275a3b9a1c5568b907bd184fb4dde7b40?s=96&d=mm&r=g\",\"url\":\"https:\\\/\\\/secure.gravatar.com\\\/avatar\\\/c5a7ef84c66fa914f55bc4f7ce26cfa275a3b9a1c5568b907bd184fb4dde7b40?s=96&d=mm&r=g\",\"contentUrl\":\"https:\\\/\\\/secure.gravatar.com\\\/avatar\\\/c5a7ef84c66fa914f55bc4f7ce26cfa275a3b9a1c5568b907bd184fb4dde7b40?s=96&d=mm&r=g\",\"caption\":\"inclusivenews2024\"},\"sameAs\":[\"https:\\\/\\\/inclusivenews.com.br\"],\"url\":\"https:\\\/\\\/inclusivenews.com.br\\\/?author=1\"}]}<\/script>\n<!-- \/ Yoast SEO plugin. -->","yoast_head_json":{"title":"Reuni\u00e3o debate elabora\u00e7\u00e3o do Plano de Educa\u00e7\u00e3o em Direitos Humanos do Mercosul -","robots":{"index":"index","follow":"follow","max-snippet":"max-snippet:-1","max-image-preview":"max-image-preview:large","max-video-preview":"max-video-preview:-1"},"canonical":"https:\/\/inclusivenews.com.br\/?p=26920","og_locale":"pt_PT","og_type":"article","og_title":"Reuni\u00e3o debate elabora\u00e7\u00e3o do Plano de Educa\u00e7\u00e3o em Direitos Humanos do Mercosul -","og_description":"Intuito \u00e9 buscar articula\u00e7\u00e3o da constru\u00e7\u00e3o de um documento a ser apresentado na pr\u00f3xima Reuni\u00e3o de Altas Autoridades em Direitos Humanos do Mercosul.","og_url":"https:\/\/inclusivenews.com.br\/?p=26920","article_publisher":"https:\/\/www.facebook.com\/agenciainclusive\/","article_published_time":"2014-09-10T18:34:44+00:00","og_image":[{"url":"http:\/\/inclusivenews.com.br\/wp-content\/uploads\/2010\/03\/direitos-humanos.jpg","type":"","width":"","height":""}],"author":"inclusivenews2024","twitter_card":"summary_large_image","twitter_misc":{"Escrito por":"inclusivenews2024","Tempo estimado de leitura":"2 minutos"},"schema":{"@context":"https:\/\/schema.org","@graph":[{"@type":"Article","@id":"https:\/\/inclusivenews.com.br\/?p=26920#article","isPartOf":{"@id":"https:\/\/inclusivenews.com.br\/?p=26920"},"author":{"name":"inclusivenews2024","@id":"https:\/\/inclusivenews.com.br\/#\/schema\/person\/ae4ec7087559b8692fb33b6fffd2273b"},"headline":"Reuni\u00e3o debate elabora\u00e7\u00e3o do Plano de Educa\u00e7\u00e3o em Direitos Humanos do Mercosul","datePublished":"2014-09-10T18:34:44+00:00","mainEntityOfPage":{"@id":"https:\/\/inclusivenews.com.br\/?p=26920"},"wordCount":500,"commentCount":0,"publisher":{"@id":"https:\/\/inclusivenews.com.br\/#organization"},"image":{"@id":"https:\/\/inclusivenews.com.br\/?p=26920#primaryimage"},"thumbnailUrl":"http:\/\/inclusivenews.com.br\/wp-content\/uploads\/2010\/03\/direitos-humanos.jpg","articleSection":["DIREITOS HUMANOS"],"inLanguage":"pt-PT","potentialAction":[{"@type":"CommentAction","name":"Comment","target":["https:\/\/inclusivenews.com.br\/?p=26920#respond"]}]},{"@type":"WebPage","@id":"https:\/\/inclusivenews.com.br\/?p=26920","url":"https:\/\/inclusivenews.com.br\/?p=26920","name":"Reuni\u00e3o debate elabora\u00e7\u00e3o do Plano de Educa\u00e7\u00e3o em Direitos Humanos do Mercosul -","isPartOf":{"@id":"https:\/\/inclusivenews.com.br\/#website"},"primaryImageOfPage":{"@id":"https:\/\/inclusivenews.com.br\/?p=26920#primaryimage"},"image":{"@id":"https:\/\/inclusivenews.com.br\/?p=26920#primaryimage"},"thumbnailUrl":"http:\/\/inclusivenews.com.br\/wp-content\/uploads\/2010\/03\/direitos-humanos.jpg","datePublished":"2014-09-10T18:34:44+00:00","breadcrumb":{"@id":"https:\/\/inclusivenews.com.br\/?p=26920#breadcrumb"},"inLanguage":"pt-PT","potentialAction":[{"@type":"ReadAction","target":["https:\/\/inclusivenews.com.br\/?p=26920"]}]},{"@type":"ImageObject","inLanguage":"pt-PT","@id":"https:\/\/inclusivenews.com.br\/?p=26920#primaryimage","url":"","contentUrl":""},{"@type":"BreadcrumbList","@id":"https:\/\/inclusivenews.com.br\/?p=26920#breadcrumb","itemListElement":[{"@type":"ListItem","position":1,"name":"In\u00edcio","item":"https:\/\/inclusivenews.com.br\/"},{"@type":"ListItem","position":2,"name":"Reuni\u00e3o debate elabora\u00e7\u00e3o do Plano de Educa\u00e7\u00e3o em Direitos Humanos do Mercosul"}]},{"@type":"WebSite","@id":"https:\/\/inclusivenews.com.br\/#website","url":"https:\/\/inclusivenews.com.br\/","name":"Inclusive News","description":"Inclusive News","publisher":{"@id":"https:\/\/inclusivenews.com.br\/#organization"},"potentialAction":[{"@type":"SearchAction","target":{"@type":"EntryPoint","urlTemplate":"https:\/\/inclusivenews.com.br\/?s={search_term_string}"},"query-input":{"@type":"PropertyValueSpecification","valueRequired":true,"valueName":"search_term_string"}}],"inLanguage":"pt-PT"},{"@type":"Organization","@id":"https:\/\/inclusivenews.com.br\/#organization","name":"Inclusive - inclus\u00e3o e cidadania","url":"https:\/\/inclusivenews.com.br\/","logo":{"@type":"ImageObject","inLanguage":"pt-PT","@id":"https:\/\/inclusivenews.com.br\/#\/schema\/logo\/image\/","url":"https:\/\/inclusivenews.com.br\/wp-content\/uploads\/2024\/03\/@grandesite.png","contentUrl":"https:\/\/inclusivenews.com.br\/wp-content\/uploads\/2024\/03\/@grandesite.png","width":1080,"height":1080,"caption":"Inclusive - inclus\u00e3o e cidadania"},"image":{"@id":"https:\/\/inclusivenews.com.br\/#\/schema\/logo\/image\/"},"sameAs":["https:\/\/www.facebook.com\/agenciainclusive\/","https:\/\/www.instagram.com\/newsinclusive\/"]},{"@type":"Person","@id":"https:\/\/inclusivenews.com.br\/#\/schema\/person\/ae4ec7087559b8692fb33b6fffd2273b","name":"inclusivenews2024","image":{"@type":"ImageObject","inLanguage":"pt-PT","@id":"https:\/\/secure.gravatar.com\/avatar\/c5a7ef84c66fa914f55bc4f7ce26cfa275a3b9a1c5568b907bd184fb4dde7b40?s=96&d=mm&r=g","url":"https:\/\/secure.gravatar.com\/avatar\/c5a7ef84c66fa914f55bc4f7ce26cfa275a3b9a1c5568b907bd184fb4dde7b40?s=96&d=mm&r=g","contentUrl":"https:\/\/secure.gravatar.com\/avatar\/c5a7ef84c66fa914f55bc4f7ce26cfa275a3b9a1c5568b907bd184fb4dde7b40?s=96&d=mm&r=g","caption":"inclusivenews2024"},"sameAs":["https:\/\/inclusivenews.com.br"],"url":"https:\/\/inclusivenews.com.br\/?author=1"}]}},"_links":{"self":[{"href":"https:\/\/inclusivenews.com.br\/index.php?rest_route=\/wp\/v2\/posts\/26920","targetHints":{"allow":["GET"]}}],"collection":[{"href":"https:\/\/inclusivenews.com.br\/index.php?rest_route=\/wp\/v2\/posts"}],"about":[{"href":"https:\/\/inclusivenews.com.br\/index.php?rest_route=\/wp\/v2\/types\/post"}],"author":[{"embeddable":true,"href":"https:\/\/inclusivenews.com.br\/index.php?rest_route=\/wp\/v2\/users\/1"}],"replies":[{"embeddable":true,"href":"https:\/\/inclusivenews.com.br\/index.php?rest_route=%2Fwp%2Fv2%2Fcomments&post=26920"}],"version-history":[{"count":0,"href":"https:\/\/inclusivenews.com.br\/index.php?rest_route=\/wp\/v2\/posts\/26920\/revisions"}],"wp:attachment":[{"href":"https:\/\/inclusivenews.com.br\/index.php?rest_route=%2Fwp%2Fv2%2Fmedia&parent=26920"}],"wp:term":[{"taxonomy":"category","embeddable":true,"href":"https:\/\/inclusivenews.com.br\/index.php?rest_route=%2Fwp%2Fv2%2Fcategories&post=26920"},{"taxonomy":"post_tag","embeddable":true,"href":"https:\/\/inclusivenews.com.br\/index.php?rest_route=%2Fwp%2Fv2%2Ftags&post=26920"}],"curies":[{"name":"wp","href":"https:\/\/api.w.org\/{rel}","templated":true}]}}