{"id":26922,"date":"2014-09-10T15:38:02","date_gmt":"2014-09-10T18:38:02","guid":{"rendered":"http:\/\/www.inclusive.org.br\/?p=26922"},"modified":"2014-09-10T15:38:02","modified_gmt":"2014-09-10T18:38:02","slug":"premio-respostas-para-o-amanha","status":"publish","type":"post","link":"https:\/\/inclusivenews.com.br\/?p=26922","title":{"rendered":"Pr\u00eamio Respostas para o Amanh\u00e3"},"content":{"rendered":"<p><em>Concurso incentiva professores e jovens a mostrarem como as ci\u00eancias exatas podem melhorar a comunidade<\/em><\/p>\n<p>No CENPEC.<\/p>\n<p><img loading=\"lazy\" decoding=\"async\" class=\"alignnone\" title=\"Respostas para o futuro\" alt=\"Respostas para o futuro\" src=\"http:\/\/2.bp.blogspot.com\/-aGvapPrf2Ps\/U9ut1aOmldI\/AAAAAAAACpw\/tBukFXpvN88\/s1600\/Respostas+para+o+Amanh\u00e3.png\" width=\"385\" height=\"210\" \/><\/p>\n<p>O Pr\u00eamio Respostas para o Amanh\u00e3 \u00e9 uma iniciativa da Samsung, com coordena\u00e7\u00e3o t\u00e9cnica no Cenpec, que visa contribuir com a educa\u00e7\u00e3o, estimulando e divulgando novas pr\u00e1ticas educativas que dialoguem com os interesses da juventude. Em sua primeira edi\u00e7\u00e3o, o Pr\u00eamio tem como objetivos identificar, estimular e difundir pr\u00e1ticas educativas desenvolvidas com a participa\u00e7\u00e3o de alunos e alunas do Ensino M\u00e9dio das escolas p\u00fablicas do pa\u00eds. Essas pr\u00e1ticas devem estar relacionadas \u00e0s \u00e1reas das Ci\u00eancias da Natureza e da Matem\u00e1tica e suas tecnologias. As iniciativas dos estudantes devem propor solu\u00e7\u00f5es simples para problemas enfrentados pelas suas comunidades. A ideia \u00e9 que as a\u00e7\u00f5es desenvolvidas contribuam para transformar a realidade local.<\/p>\n<p>O Pr\u00eamio valoriza a escola como espa\u00e7o privilegiado de produ\u00e7\u00e3o do conhecimento. Ao incorporar conte\u00fados e metodologias que contribuem para constru\u00e7\u00e3o de uma sociedade sustent\u00e1vel, a escola estar\u00e1 cumprindo seu compromisso no desenvolvimento integral do ser humano e na garantia de direitos.<\/p>\n<p>De acordo com a coordenadora do projeto no Cenpec, Ana Cec\u00edlia Chaves, o Pr\u00eamio pretende servir de est\u00edmulo aos jovens que est\u00e3o no Ensino M\u00e9dio. &#8220;Queremos criar esta oportunidade de aplicar o conhecimento obtido em sala de aula em algo pr\u00e1tico e que envolva a comunidade do entorno escolar&#8221;, diz. Ela completa afirmando que tornar a escola mais atrativa para os jovens, principalmente em rela\u00e7\u00e3o ao conte\u00fado de exatas, \u00e9 um dos desafios a serem perseguidos. &#8220;\u00c9 muito importante criar op\u00e7\u00f5es que permitam a diminui\u00e7\u00e3o da evas\u00e3o nesta etapa de ensino. O Pr\u00eamio pretende apresentar formas de trabalhar os conte\u00fados da sala de aula, relacionados \u00e0 matem\u00e1tica e ci\u00eancias, de modo a atrair o interesse dos estudantes. A expectativa \u00e9 que os projetos apresentados por professores e alunos participantes desta edi\u00e7\u00e3o sirvam como ideias inspiradoras para a cria\u00e7\u00e3o de outros projetos&#8221;.<\/p>\n<p>Podem se inscrever no \u2018Respostas para o Amanh\u00e3\u2019 professores da rede p\u00fablica \u2013 municipal, estadual e federal \u2013 que lecionem as disciplinas do Ensino M\u00e9dio das \u00e1reas das Ci\u00eancias da Natureza e da Matem\u00e1tica e suas tecnologias, isto \u00e9, de Biologia, F\u00edsica, Qu\u00edmica ou Matem\u00e1tica.<\/p>\n<p>Devem ser inscritas pr\u00e1ticas educativas realizadas durante o ano letivo de 2014. Cada professor poder\u00e1 realizar mais de uma inscri\u00e7\u00e3o, podendo uma mesma escola participar com mais de um professor inscrito, desde que com salas diferentes. Cada inscri\u00e7\u00e3o corresponde a uma pr\u00e1tica educativa desenvolvida numa determinada sala de aula, que poder\u00e1 participar uma \u00fanica vez e com limite de 50 alunos por sala. O concurso \u00e9 composto por tr\u00eas etapas, sendo:<\/p>\n<p>Etapa 1: Cadastro do professor no site:<br \/>\nhttps:\/\/www.samsung.com\/br\/respostasparaoamanha<\/p>\n<p>Etapa 2: Inscri\u00e7\u00e3o da Pr\u00e1tica Educativa.<\/p>\n<p>Ap\u00f3s a confirma\u00e7\u00e3o do cadastro, o professor dever\u00e1 inscrever o plano de a\u00e7\u00e3o da pr\u00e1tica educativa. Prazo de inscri\u00e7\u00e3o: at\u00e9 14 de setembro de 2014.<\/p>\n<p>No per\u00edodo de 15 de setembro a 15 de outubro, a Comiss\u00e3o T\u00e9cnica de Avalia\u00e7\u00e3o \u2013 composta por profissionais multidisciplinares indicados pelo Cenpec, Samsung e institui\u00e7\u00f5es parceiras \u2013 indicar\u00e1 os 20 melhores trabalhos, finalistas em \u00e2mbito nacional, considerando quatro por regi\u00e3o geogr\u00e1fica: Norte, Sul, Sudeste, Nordeste e Centro-Oeste.<\/p>\n<p>Os grupos finalistas ser\u00e3o contemplados com um kit de edi\u00e7\u00e3o (composto por notebook, c\u00e2mera e software) para produzirem um v\u00eddeo de seus projetos.<\/p>\n<p>Produ\u00e7\u00e3o de v\u00eddeos das 20 pr\u00e1ticas finalistas<\/p>\n<p>Os pr\u00e9-selecionados dever\u00e3o produzir um v\u00eddeo de at\u00e9 3 minutos sobre o projeto. A Comiss\u00e3o Julgadora \u2013 representantes da Samsung, do Cenpec, da Unesco, da Reduca, do Consed e de outras institui\u00e7\u00f5es, como universidades e personalidades de not\u00e1vel experi\u00eancia na \u00e1rea da educa\u00e7\u00e3o \u2013 escolher\u00e1, dentre as 20 finalistas, as cinco pr\u00e1ticas educativas indicadas \u00e0 vencedoras do Pr\u00eamio \u201cRespostas para o Amanh\u00e3\u201d.<\/p>\n<p>Cada uma das cinco pr\u00e1ticas vencedoras nacionais receber\u00e1 a visita de um profissional da Comiss\u00e3o T\u00e9cnica, para ratificar a indica\u00e7\u00e3o da Comiss\u00e3o Julgadora.<\/p>\n<p>Etapa 3: Sele\u00e7\u00e3o da Grande Vencedora e da Vencedora pelo voto popular.<\/p>\n<p>A Comiss\u00e3o Julgadora escolher\u00e1 a Grande Vencedora dentre as cinco pr\u00e1ticas educativas vencedoras nacionais. Os v\u00eddeos das 5 pr\u00e1ticas vencedoras nacionais ser\u00e3o postados no site do programa para vota\u00e7\u00e3o popular, entre os dias 24 de novembro e 5 de dezembro. O v\u00eddeo mais votado receber\u00e1 o destaque como \u201cPr\u00e1tica Educativa Vencedora pelo J\u00fari Popular\u201d.<\/p>\n<p>Em dezembro, a Samsung anunciar\u00e1 os projetos vencedores em uma cerim\u00f4nia que contar\u00e1 com uma programa\u00e7\u00e3o especial em prol da educa\u00e7\u00e3o. Al\u00e9m do Brasil, a cerim\u00f4nia contar\u00e1 com a presen\u00e7a dos vencedores de outros seis pa\u00edses da Am\u00e9rica Latina: Argentina, Chile, Col\u00f4mbia, Panam\u00e1, Peru e M\u00e9xico.<\/p>\n","protected":false},"excerpt":{"rendered":"<p>Concurso incentiva professores e jovens a mostrarem como as ci\u00eancias exatas podem melhorar a comunidade.<\/p>\n","protected":false},"author":1,"featured_media":0,"comment_status":"open","ping_status":"open","sticky":false,"template":"","format":"standard","meta":{"site-container-style":"default","site-container-layout":"default","site-sidebar-layout":"default","disable-article-header":"default","disable-site-header":"default","disable-site-footer":"default","disable-content-area-spacing":"default","footnotes":""},"categories":[103,11,6,48],"tags":[],"class_list":["post-26922","post","type-post","status-publish","format-standard","hentry","category-comunidades","category-direitos-humanos","category-educacao","category-inclusao"],"yoast_head":"<!-- This site is optimized with the Yoast SEO plugin v27.4 - https:\/\/yoast.com\/product\/yoast-seo-wordpress\/ -->\n<title>Pr\u00eamio Respostas para o Amanh\u00e3 -<\/title>\n<meta name=\"robots\" content=\"index, follow, max-snippet:-1, max-image-preview:large, max-video-preview:-1\" \/>\n<link rel=\"canonical\" href=\"https:\/\/inclusivenews.com.br\/?p=26922\" \/>\n<meta property=\"og:locale\" content=\"pt_PT\" \/>\n<meta property=\"og:type\" content=\"article\" \/>\n<meta property=\"og:title\" content=\"Pr\u00eamio Respostas para o Amanh\u00e3 -\" \/>\n<meta property=\"og:description\" content=\"Concurso incentiva professores e jovens a mostrarem como as ci\u00eancias exatas podem melhorar a comunidade.\" \/>\n<meta property=\"og:url\" content=\"https:\/\/inclusivenews.com.br\/?p=26922\" \/>\n<meta property=\"article:publisher\" content=\"https:\/\/www.facebook.com\/agenciainclusive\/\" \/>\n<meta property=\"article:published_time\" content=\"2014-09-10T18:38:02+00:00\" \/>\n<meta name=\"author\" content=\"inclusivenews2024\" \/>\n<meta name=\"twitter:card\" content=\"summary_large_image\" \/>\n<meta name=\"twitter:label1\" content=\"Escrito por\" \/>\n\t<meta name=\"twitter:data1\" content=\"inclusivenews2024\" \/>\n\t<meta name=\"twitter:label2\" content=\"Tempo estimado de leitura\" \/>\n\t<meta name=\"twitter:data2\" content=\"4 minutos\" \/>\n<script type=\"application\/ld+json\" class=\"yoast-schema-graph\">{\"@context\":\"https:\\\/\\\/schema.org\",\"@graph\":[{\"@type\":\"Article\",\"@id\":\"https:\\\/\\\/inclusivenews.com.br\\\/?p=26922#article\",\"isPartOf\":{\"@id\":\"https:\\\/\\\/inclusivenews.com.br\\\/?p=26922\"},\"author\":{\"name\":\"inclusivenews2024\",\"@id\":\"https:\\\/\\\/inclusivenews.com.br\\\/#\\\/schema\\\/person\\\/ae4ec7087559b8692fb33b6fffd2273b\"},\"headline\":\"Pr\u00eamio Respostas para o Amanh\u00e3\",\"datePublished\":\"2014-09-10T18:38:02+00:00\",\"mainEntityOfPage\":{\"@id\":\"https:\\\/\\\/inclusivenews.com.br\\\/?p=26922\"},\"wordCount\":829,\"commentCount\":0,\"publisher\":{\"@id\":\"https:\\\/\\\/inclusivenews.com.br\\\/#organization\"},\"articleSection\":[\"Comunidades\",\"DIREITOS HUMANOS\",\"EDUCA\u00c7\u00c3O\",\"INCLUS\u00c3O SOCIAL\"],\"inLanguage\":\"pt-PT\",\"potentialAction\":[{\"@type\":\"CommentAction\",\"name\":\"Comment\",\"target\":[\"https:\\\/\\\/inclusivenews.com.br\\\/?p=26922#respond\"]}]},{\"@type\":\"WebPage\",\"@id\":\"https:\\\/\\\/inclusivenews.com.br\\\/?p=26922\",\"url\":\"https:\\\/\\\/inclusivenews.com.br\\\/?p=26922\",\"name\":\"Pr\u00eamio Respostas para o Amanh\u00e3 -\",\"isPartOf\":{\"@id\":\"https:\\\/\\\/inclusivenews.com.br\\\/#website\"},\"datePublished\":\"2014-09-10T18:38:02+00:00\",\"breadcrumb\":{\"@id\":\"https:\\\/\\\/inclusivenews.com.br\\\/?p=26922#breadcrumb\"},\"inLanguage\":\"pt-PT\",\"potentialAction\":[{\"@type\":\"ReadAction\",\"target\":[\"https:\\\/\\\/inclusivenews.com.br\\\/?p=26922\"]}]},{\"@type\":\"BreadcrumbList\",\"@id\":\"https:\\\/\\\/inclusivenews.com.br\\\/?p=26922#breadcrumb\",\"itemListElement\":[{\"@type\":\"ListItem\",\"position\":1,\"name\":\"In\u00edcio\",\"item\":\"https:\\\/\\\/inclusivenews.com.br\\\/\"},{\"@type\":\"ListItem\",\"position\":2,\"name\":\"Pr\u00eamio Respostas para o Amanh\u00e3\"}]},{\"@type\":\"WebSite\",\"@id\":\"https:\\\/\\\/inclusivenews.com.br\\\/#website\",\"url\":\"https:\\\/\\\/inclusivenews.com.br\\\/\",\"name\":\"Inclusive News\",\"description\":\"Inclusive News\",\"publisher\":{\"@id\":\"https:\\\/\\\/inclusivenews.com.br\\\/#organization\"},\"potentialAction\":[{\"@type\":\"SearchAction\",\"target\":{\"@type\":\"EntryPoint\",\"urlTemplate\":\"https:\\\/\\\/inclusivenews.com.br\\\/?s={search_term_string}\"},\"query-input\":{\"@type\":\"PropertyValueSpecification\",\"valueRequired\":true,\"valueName\":\"search_term_string\"}}],\"inLanguage\":\"pt-PT\"},{\"@type\":\"Organization\",\"@id\":\"https:\\\/\\\/inclusivenews.com.br\\\/#organization\",\"name\":\"Inclusive - inclus\u00e3o e cidadania\",\"url\":\"https:\\\/\\\/inclusivenews.com.br\\\/\",\"logo\":{\"@type\":\"ImageObject\",\"inLanguage\":\"pt-PT\",\"@id\":\"https:\\\/\\\/inclusivenews.com.br\\\/#\\\/schema\\\/logo\\\/image\\\/\",\"url\":\"https:\\\/\\\/inclusivenews.com.br\\\/wp-content\\\/uploads\\\/2024\\\/03\\\/@grandesite.png\",\"contentUrl\":\"https:\\\/\\\/inclusivenews.com.br\\\/wp-content\\\/uploads\\\/2024\\\/03\\\/@grandesite.png\",\"width\":1080,\"height\":1080,\"caption\":\"Inclusive - inclus\u00e3o e cidadania\"},\"image\":{\"@id\":\"https:\\\/\\\/inclusivenews.com.br\\\/#\\\/schema\\\/logo\\\/image\\\/\"},\"sameAs\":[\"https:\\\/\\\/www.facebook.com\\\/agenciainclusive\\\/\",\"https:\\\/\\\/www.instagram.com\\\/newsinclusive\\\/\"]},{\"@type\":\"Person\",\"@id\":\"https:\\\/\\\/inclusivenews.com.br\\\/#\\\/schema\\\/person\\\/ae4ec7087559b8692fb33b6fffd2273b\",\"name\":\"inclusivenews2024\",\"image\":{\"@type\":\"ImageObject\",\"inLanguage\":\"pt-PT\",\"@id\":\"https:\\\/\\\/secure.gravatar.com\\\/avatar\\\/c5a7ef84c66fa914f55bc4f7ce26cfa275a3b9a1c5568b907bd184fb4dde7b40?s=96&d=mm&r=g\",\"url\":\"https:\\\/\\\/secure.gravatar.com\\\/avatar\\\/c5a7ef84c66fa914f55bc4f7ce26cfa275a3b9a1c5568b907bd184fb4dde7b40?s=96&d=mm&r=g\",\"contentUrl\":\"https:\\\/\\\/secure.gravatar.com\\\/avatar\\\/c5a7ef84c66fa914f55bc4f7ce26cfa275a3b9a1c5568b907bd184fb4dde7b40?s=96&d=mm&r=g\",\"caption\":\"inclusivenews2024\"},\"sameAs\":[\"https:\\\/\\\/inclusivenews.com.br\"],\"url\":\"https:\\\/\\\/inclusivenews.com.br\\\/?author=1\"}]}<\/script>\n<!-- \/ Yoast SEO plugin. -->","yoast_head_json":{"title":"Pr\u00eamio Respostas para o Amanh\u00e3 -","robots":{"index":"index","follow":"follow","max-snippet":"max-snippet:-1","max-image-preview":"max-image-preview:large","max-video-preview":"max-video-preview:-1"},"canonical":"https:\/\/inclusivenews.com.br\/?p=26922","og_locale":"pt_PT","og_type":"article","og_title":"Pr\u00eamio Respostas para o Amanh\u00e3 -","og_description":"Concurso incentiva professores e jovens a mostrarem como as ci\u00eancias exatas podem melhorar a comunidade.","og_url":"https:\/\/inclusivenews.com.br\/?p=26922","article_publisher":"https:\/\/www.facebook.com\/agenciainclusive\/","article_published_time":"2014-09-10T18:38:02+00:00","author":"inclusivenews2024","twitter_card":"summary_large_image","twitter_misc":{"Escrito por":"inclusivenews2024","Tempo estimado de leitura":"4 minutos"},"schema":{"@context":"https:\/\/schema.org","@graph":[{"@type":"Article","@id":"https:\/\/inclusivenews.com.br\/?p=26922#article","isPartOf":{"@id":"https:\/\/inclusivenews.com.br\/?p=26922"},"author":{"name":"inclusivenews2024","@id":"https:\/\/inclusivenews.com.br\/#\/schema\/person\/ae4ec7087559b8692fb33b6fffd2273b"},"headline":"Pr\u00eamio Respostas para o Amanh\u00e3","datePublished":"2014-09-10T18:38:02+00:00","mainEntityOfPage":{"@id":"https:\/\/inclusivenews.com.br\/?p=26922"},"wordCount":829,"commentCount":0,"publisher":{"@id":"https:\/\/inclusivenews.com.br\/#organization"},"articleSection":["Comunidades","DIREITOS HUMANOS","EDUCA\u00c7\u00c3O","INCLUS\u00c3O SOCIAL"],"inLanguage":"pt-PT","potentialAction":[{"@type":"CommentAction","name":"Comment","target":["https:\/\/inclusivenews.com.br\/?p=26922#respond"]}]},{"@type":"WebPage","@id":"https:\/\/inclusivenews.com.br\/?p=26922","url":"https:\/\/inclusivenews.com.br\/?p=26922","name":"Pr\u00eamio Respostas para o Amanh\u00e3 -","isPartOf":{"@id":"https:\/\/inclusivenews.com.br\/#website"},"datePublished":"2014-09-10T18:38:02+00:00","breadcrumb":{"@id":"https:\/\/inclusivenews.com.br\/?p=26922#breadcrumb"},"inLanguage":"pt-PT","potentialAction":[{"@type":"ReadAction","target":["https:\/\/inclusivenews.com.br\/?p=26922"]}]},{"@type":"BreadcrumbList","@id":"https:\/\/inclusivenews.com.br\/?p=26922#breadcrumb","itemListElement":[{"@type":"ListItem","position":1,"name":"In\u00edcio","item":"https:\/\/inclusivenews.com.br\/"},{"@type":"ListItem","position":2,"name":"Pr\u00eamio Respostas para o Amanh\u00e3"}]},{"@type":"WebSite","@id":"https:\/\/inclusivenews.com.br\/#website","url":"https:\/\/inclusivenews.com.br\/","name":"Inclusive News","description":"Inclusive News","publisher":{"@id":"https:\/\/inclusivenews.com.br\/#organization"},"potentialAction":[{"@type":"SearchAction","target":{"@type":"EntryPoint","urlTemplate":"https:\/\/inclusivenews.com.br\/?s={search_term_string}"},"query-input":{"@type":"PropertyValueSpecification","valueRequired":true,"valueName":"search_term_string"}}],"inLanguage":"pt-PT"},{"@type":"Organization","@id":"https:\/\/inclusivenews.com.br\/#organization","name":"Inclusive - inclus\u00e3o e cidadania","url":"https:\/\/inclusivenews.com.br\/","logo":{"@type":"ImageObject","inLanguage":"pt-PT","@id":"https:\/\/inclusivenews.com.br\/#\/schema\/logo\/image\/","url":"https:\/\/inclusivenews.com.br\/wp-content\/uploads\/2024\/03\/@grandesite.png","contentUrl":"https:\/\/inclusivenews.com.br\/wp-content\/uploads\/2024\/03\/@grandesite.png","width":1080,"height":1080,"caption":"Inclusive - inclus\u00e3o e cidadania"},"image":{"@id":"https:\/\/inclusivenews.com.br\/#\/schema\/logo\/image\/"},"sameAs":["https:\/\/www.facebook.com\/agenciainclusive\/","https:\/\/www.instagram.com\/newsinclusive\/"]},{"@type":"Person","@id":"https:\/\/inclusivenews.com.br\/#\/schema\/person\/ae4ec7087559b8692fb33b6fffd2273b","name":"inclusivenews2024","image":{"@type":"ImageObject","inLanguage":"pt-PT","@id":"https:\/\/secure.gravatar.com\/avatar\/c5a7ef84c66fa914f55bc4f7ce26cfa275a3b9a1c5568b907bd184fb4dde7b40?s=96&d=mm&r=g","url":"https:\/\/secure.gravatar.com\/avatar\/c5a7ef84c66fa914f55bc4f7ce26cfa275a3b9a1c5568b907bd184fb4dde7b40?s=96&d=mm&r=g","contentUrl":"https:\/\/secure.gravatar.com\/avatar\/c5a7ef84c66fa914f55bc4f7ce26cfa275a3b9a1c5568b907bd184fb4dde7b40?s=96&d=mm&r=g","caption":"inclusivenews2024"},"sameAs":["https:\/\/inclusivenews.com.br"],"url":"https:\/\/inclusivenews.com.br\/?author=1"}]}},"_links":{"self":[{"href":"https:\/\/inclusivenews.com.br\/index.php?rest_route=\/wp\/v2\/posts\/26922","targetHints":{"allow":["GET"]}}],"collection":[{"href":"https:\/\/inclusivenews.com.br\/index.php?rest_route=\/wp\/v2\/posts"}],"about":[{"href":"https:\/\/inclusivenews.com.br\/index.php?rest_route=\/wp\/v2\/types\/post"}],"author":[{"embeddable":true,"href":"https:\/\/inclusivenews.com.br\/index.php?rest_route=\/wp\/v2\/users\/1"}],"replies":[{"embeddable":true,"href":"https:\/\/inclusivenews.com.br\/index.php?rest_route=%2Fwp%2Fv2%2Fcomments&post=26922"}],"version-history":[{"count":0,"href":"https:\/\/inclusivenews.com.br\/index.php?rest_route=\/wp\/v2\/posts\/26922\/revisions"}],"wp:attachment":[{"href":"https:\/\/inclusivenews.com.br\/index.php?rest_route=%2Fwp%2Fv2%2Fmedia&parent=26922"}],"wp:term":[{"taxonomy":"category","embeddable":true,"href":"https:\/\/inclusivenews.com.br\/index.php?rest_route=%2Fwp%2Fv2%2Fcategories&post=26922"},{"taxonomy":"post_tag","embeddable":true,"href":"https:\/\/inclusivenews.com.br\/index.php?rest_route=%2Fwp%2Fv2%2Ftags&post=26922"}],"curies":[{"name":"wp","href":"https:\/\/api.w.org\/{rel}","templated":true}]}}