{"id":26925,"date":"2014-09-10T15:39:58","date_gmt":"2014-09-10T18:39:58","guid":{"rendered":"http:\/\/www.inclusive.org.br\/?p=26925"},"modified":"2014-09-10T15:39:58","modified_gmt":"2014-09-10T18:39:58","slug":"premio-gandhi-de-comunicacao-2014-inscricoes-terminam-no-proximo-dia-19","status":"publish","type":"post","link":"https:\/\/inclusivenews.com.br\/?p=26925","title":{"rendered":"Pr\u00eamio Gandhi de Comunica\u00e7\u00e3o 2014: Inscri\u00e7\u00f5es terminam no pr\u00f3ximo dia 19"},"content":{"rendered":"<p><img loading=\"lazy\" decoding=\"async\" class=\"alignnone\" title=\"V\u00e1rios Trof\u00e9us Ganddhi sobre uma mesa\" alt=\"V\u00e1rios Trof\u00e9us Ganddhi sobre uma mesa\" src=\"http:\/\/www.boanoticia.org.br\/arquivos\/images\/noticias\/trofeugandhi1.jpg\" width=\"384\" height=\"269\" \/><\/p>\n<p>Quem ainda n\u00e3o se inscreveu, ainda tem dez dias, a partir de hoje, para se candidatar ao Pr\u00eamio Gandhi de Comunica\u00e7\u00e3o 2014. A iniciativa da Ag\u00eancia da Boa Not\u00edcia receber\u00e1 inscri\u00e7\u00f5es de profissionais e estudantes de Jornalismo e Publicidade at\u00e9 \u00e0s 18h, do pr\u00f3ximo dia 19. O tema geral do concurso \u00e9 \u201cCultura de Paz\u201d, podendo ser inscritos trabalhos que expressem iniciativas indutoras do desenvolvimento humano, como instrumento da harmonia social, nas mais diversas dimens\u00f5es: educa\u00e7\u00e3o, sa\u00fade, meio ambiente, esporte, economia, cultura, espiritualidade, seguran\u00e7a p\u00fablica, direito e tecnologia, dentre outras.<\/p>\n<p>O Pr\u00eamio Gandhi ir\u00e1 distribuir um total de R$ 48 mil entre os primeiros colocados em dez categorias, sendo os valores de R$ 6 mil (profissional) e R$ 3 mil (estudante). Podem ser inscritos trabalhos veiculados ou apresentados no per\u00edodo de 1\u00ba de julho de 2013 a 1\u00ba de julho de 2014.<\/p>\n<p>As categorias do Pr\u00eamio Gandhi s\u00e3o as seguintes:<\/p>\n<p>Profissional: Jornalismo Impresso; Telejornalismo; Radiojornalismo; Fotojornalismo; Publicidade e Propaganda (pe\u00e7a ou campanha publicit\u00e1ria); Jornalismo para Internet.<\/p>\n<p>Estudante: Trabalho de Conclus\u00e3o de Curso (TCC) em Comunica\u00e7\u00e3o Social (Jornalismo e Publicidade &amp; Propaganda), j\u00e1 defendido e aprovado por banca da IES, relativo aos per\u00edodos letivos de 2013.2 a 2014.1; Reportagem de m\u00eddia impressa produzida por aluno de Jornalismo e divulgada em jornais ou revistas-laborat\u00f3rio, de circula\u00e7\u00e3o no \u00e2mbito das IESs; Reportagem de m\u00eddia eletr\u00f4nica (r\u00e1dio, TV ou internet) produzida por aluno de jornalismo e divulgada em ve\u00edculos-laborat\u00f3rio, exibida no \u00e2mbito das Institui\u00e7\u00f5es de Ensino Superior (IESs); e Pe\u00e7a ou campanha produzida por aluno de Publicidade &amp; Propaganda, divulgada no \u00e2mbito das IESs.<\/p>\n<p>Para o Presidente da Ag\u00eancia da Boa Not\u00edcia, jornalista e professor Francisco Souto Paulino, \u201co Pr\u00eamio Gandhi, em sua s\u00e9tima edi\u00e7\u00e3o, continua fomentando a pr\u00e1tica das boas not\u00edcias atrav\u00e9s de trabalhos mais aprofundados, caracterizando maior conhecimento do que seja a responsabilidade dos profissionais e dos meios de comunica\u00e7\u00e3o\u201d. Ele comenta sobre a import\u00e2ncia do concurso tamb\u00e9m para os estudantes de jornalismo e publicidade. \u201cCom a mesma caracter\u00edstica, acreditamos que, j\u00e1 na academia, no processo de forma\u00e7\u00e3o, podemos estimular o surgimento de futuros profissionais com maior consci\u00eancia da sua fun\u00e7\u00e3o no contexto da Comunica\u00e7\u00e3o Social, refor\u00e7ando o objetivo maior que a sociedade exige que \u00e9 a paz e a n\u00e3o viol\u00eancia\u201d.<\/p>\n<p>Saiba mais sobre as inscri\u00e7\u00f5es<\/p>\n<p>O regulamento e a ficha de inscri\u00e7\u00e3o est\u00e3o dispon\u00edveis neste site &#8211; www.boanoticia.org.br &#8211; e na sede da Ag\u00eancia da Boa Not\u00edcia, na Avenida Desembargador Moreira 2120, sala 1307 \u2013 Aldeota \u2013 CEP 60170-002 \u2013 Fortaleza \u2013 Cear\u00e1. O funcionamento \u00e9 de segunda a sexta-feira, de 8h \u00e0s 12h e de 14h \u00e0s 18h. Os trabalhos de participantes de outras cidades do Cear\u00e1 ou outros Estados (que tenham como foco a\u00e7\u00f5es realizadas no Cear\u00e1) dever\u00e3o ser enviados pelos Correios para a sede da Ag\u00eancia da Boa Not\u00edcia, com data de postagem at\u00e9 o \u00faltimo dia de inscri\u00e7\u00e3o. O candidato deve enviar c\u00f3pia em PDF do Aviso de Recebimento (AR), emitido pelos Correios, bem como da ficha de inscri\u00e7\u00e3o para o e-mail boanoticia@boanoticia.org.br.<\/p>\n","protected":false},"excerpt":{"rendered":"<p>Quem ainda n\u00e3o se inscreveu, ainda tem dez dias, a partir de hoje, para se candidatar ao Pr\u00eamio Gandhi de Comunica\u00e7\u00e3o 2014. A iniciativa da Ag\u00eancia da Boa Not\u00edcia receber\u00e1 inscri\u00e7\u00f5es de profissionais e estudantes de Jornalismo e Publicidade at\u00e9 \u00e0s 18h, do pr\u00f3ximo dia 19.<\/p>\n","protected":false},"author":1,"featured_media":0,"comment_status":"open","ping_status":"open","sticky":false,"template":"","format":"standard","meta":{"site-container-style":"default","site-container-layout":"default","site-sidebar-layout":"default","disable-article-header":"default","disable-site-header":"default","disable-site-footer":"default","disable-content-area-spacing":"default","footnotes":""},"categories":[11],"tags":[289,290],"class_list":["post-26925","post","type-post","status-publish","format-standard","hentry","category-direitos-humanos","tag-cultura-de-paz","tag-premio-gandhi"],"yoast_head":"<!-- This site is optimized with the Yoast SEO plugin v27.4 - https:\/\/yoast.com\/product\/yoast-seo-wordpress\/ -->\n<title>Pr\u00eamio Gandhi de Comunica\u00e7\u00e3o 2014: Inscri\u00e7\u00f5es terminam no pr\u00f3ximo dia 19 -<\/title>\n<meta name=\"robots\" content=\"index, follow, max-snippet:-1, max-image-preview:large, max-video-preview:-1\" \/>\n<link rel=\"canonical\" href=\"https:\/\/inclusivenews.com.br\/?p=26925\" \/>\n<meta property=\"og:locale\" content=\"pt_PT\" \/>\n<meta property=\"og:type\" content=\"article\" \/>\n<meta property=\"og:title\" content=\"Pr\u00eamio Gandhi de Comunica\u00e7\u00e3o 2014: Inscri\u00e7\u00f5es terminam no pr\u00f3ximo dia 19 -\" \/>\n<meta property=\"og:description\" content=\"Quem ainda n\u00e3o se inscreveu, ainda tem dez dias, a partir de hoje, para se candidatar ao Pr\u00eamio Gandhi de Comunica\u00e7\u00e3o 2014. A iniciativa da Ag\u00eancia da Boa Not\u00edcia receber\u00e1 inscri\u00e7\u00f5es de profissionais e estudantes de Jornalismo e Publicidade at\u00e9 \u00e0s 18h, do pr\u00f3ximo dia 19.\" \/>\n<meta property=\"og:url\" content=\"https:\/\/inclusivenews.com.br\/?p=26925\" \/>\n<meta property=\"article:publisher\" content=\"https:\/\/www.facebook.com\/agenciainclusive\/\" \/>\n<meta property=\"article:published_time\" content=\"2014-09-10T18:39:58+00:00\" \/>\n<meta property=\"og:image\" content=\"http:\/\/www.boanoticia.org.br\/arquivos\/images\/noticias\/trofeugandhi1.jpg\" \/>\n<meta name=\"author\" content=\"inclusivenews2024\" \/>\n<meta name=\"twitter:card\" content=\"summary_large_image\" \/>\n<meta name=\"twitter:label1\" content=\"Escrito por\" \/>\n\t<meta name=\"twitter:data1\" content=\"inclusivenews2024\" \/>\n\t<meta name=\"twitter:label2\" content=\"Tempo estimado de leitura\" \/>\n\t<meta name=\"twitter:data2\" content=\"3 minutos\" \/>\n<script type=\"application\/ld+json\" class=\"yoast-schema-graph\">{\"@context\":\"https:\\\/\\\/schema.org\",\"@graph\":[{\"@type\":\"Article\",\"@id\":\"https:\\\/\\\/inclusivenews.com.br\\\/?p=26925#article\",\"isPartOf\":{\"@id\":\"https:\\\/\\\/inclusivenews.com.br\\\/?p=26925\"},\"author\":{\"name\":\"inclusivenews2024\",\"@id\":\"https:\\\/\\\/inclusivenews.com.br\\\/#\\\/schema\\\/person\\\/ae4ec7087559b8692fb33b6fffd2273b\"},\"headline\":\"Pr\u00eamio Gandhi de Comunica\u00e7\u00e3o 2014: Inscri\u00e7\u00f5es terminam no pr\u00f3ximo dia 19\",\"datePublished\":\"2014-09-10T18:39:58+00:00\",\"mainEntityOfPage\":{\"@id\":\"https:\\\/\\\/inclusivenews.com.br\\\/?p=26925\"},\"wordCount\":559,\"commentCount\":0,\"publisher\":{\"@id\":\"https:\\\/\\\/inclusivenews.com.br\\\/#organization\"},\"image\":{\"@id\":\"https:\\\/\\\/inclusivenews.com.br\\\/?p=26925#primaryimage\"},\"thumbnailUrl\":\"http:\\\/\\\/www.boanoticia.org.br\\\/arquivos\\\/images\\\/noticias\\\/trofeugandhi1.jpg\",\"keywords\":[\"cultura de paz\",\"Pr\u00eamio Gandhi\"],\"articleSection\":[\"DIREITOS HUMANOS\"],\"inLanguage\":\"pt-PT\",\"potentialAction\":[{\"@type\":\"CommentAction\",\"name\":\"Comment\",\"target\":[\"https:\\\/\\\/inclusivenews.com.br\\\/?p=26925#respond\"]}]},{\"@type\":\"WebPage\",\"@id\":\"https:\\\/\\\/inclusivenews.com.br\\\/?p=26925\",\"url\":\"https:\\\/\\\/inclusivenews.com.br\\\/?p=26925\",\"name\":\"Pr\u00eamio Gandhi de Comunica\u00e7\u00e3o 2014: Inscri\u00e7\u00f5es terminam no pr\u00f3ximo dia 19 -\",\"isPartOf\":{\"@id\":\"https:\\\/\\\/inclusivenews.com.br\\\/#website\"},\"primaryImageOfPage\":{\"@id\":\"https:\\\/\\\/inclusivenews.com.br\\\/?p=26925#primaryimage\"},\"image\":{\"@id\":\"https:\\\/\\\/inclusivenews.com.br\\\/?p=26925#primaryimage\"},\"thumbnailUrl\":\"http:\\\/\\\/www.boanoticia.org.br\\\/arquivos\\\/images\\\/noticias\\\/trofeugandhi1.jpg\",\"datePublished\":\"2014-09-10T18:39:58+00:00\",\"breadcrumb\":{\"@id\":\"https:\\\/\\\/inclusivenews.com.br\\\/?p=26925#breadcrumb\"},\"inLanguage\":\"pt-PT\",\"potentialAction\":[{\"@type\":\"ReadAction\",\"target\":[\"https:\\\/\\\/inclusivenews.com.br\\\/?p=26925\"]}]},{\"@type\":\"ImageObject\",\"inLanguage\":\"pt-PT\",\"@id\":\"https:\\\/\\\/inclusivenews.com.br\\\/?p=26925#primaryimage\",\"url\":\"http:\\\/\\\/www.boanoticia.org.br\\\/arquivos\\\/images\\\/noticias\\\/trofeugandhi1.jpg\",\"contentUrl\":\"http:\\\/\\\/www.boanoticia.org.br\\\/arquivos\\\/images\\\/noticias\\\/trofeugandhi1.jpg\"},{\"@type\":\"BreadcrumbList\",\"@id\":\"https:\\\/\\\/inclusivenews.com.br\\\/?p=26925#breadcrumb\",\"itemListElement\":[{\"@type\":\"ListItem\",\"position\":1,\"name\":\"In\u00edcio\",\"item\":\"https:\\\/\\\/inclusivenews.com.br\\\/\"},{\"@type\":\"ListItem\",\"position\":2,\"name\":\"Pr\u00eamio Gandhi de Comunica\u00e7\u00e3o 2014: Inscri\u00e7\u00f5es terminam no pr\u00f3ximo dia 19\"}]},{\"@type\":\"WebSite\",\"@id\":\"https:\\\/\\\/inclusivenews.com.br\\\/#website\",\"url\":\"https:\\\/\\\/inclusivenews.com.br\\\/\",\"name\":\"Inclusive News\",\"description\":\"Inclusive News\",\"publisher\":{\"@id\":\"https:\\\/\\\/inclusivenews.com.br\\\/#organization\"},\"potentialAction\":[{\"@type\":\"SearchAction\",\"target\":{\"@type\":\"EntryPoint\",\"urlTemplate\":\"https:\\\/\\\/inclusivenews.com.br\\\/?s={search_term_string}\"},\"query-input\":{\"@type\":\"PropertyValueSpecification\",\"valueRequired\":true,\"valueName\":\"search_term_string\"}}],\"inLanguage\":\"pt-PT\"},{\"@type\":\"Organization\",\"@id\":\"https:\\\/\\\/inclusivenews.com.br\\\/#organization\",\"name\":\"Inclusive - inclus\u00e3o e cidadania\",\"url\":\"https:\\\/\\\/inclusivenews.com.br\\\/\",\"logo\":{\"@type\":\"ImageObject\",\"inLanguage\":\"pt-PT\",\"@id\":\"https:\\\/\\\/inclusivenews.com.br\\\/#\\\/schema\\\/logo\\\/image\\\/\",\"url\":\"https:\\\/\\\/inclusivenews.com.br\\\/wp-content\\\/uploads\\\/2024\\\/03\\\/@grandesite.png\",\"contentUrl\":\"https:\\\/\\\/inclusivenews.com.br\\\/wp-content\\\/uploads\\\/2024\\\/03\\\/@grandesite.png\",\"width\":1080,\"height\":1080,\"caption\":\"Inclusive - inclus\u00e3o e cidadania\"},\"image\":{\"@id\":\"https:\\\/\\\/inclusivenews.com.br\\\/#\\\/schema\\\/logo\\\/image\\\/\"},\"sameAs\":[\"https:\\\/\\\/www.facebook.com\\\/agenciainclusive\\\/\",\"https:\\\/\\\/www.instagram.com\\\/newsinclusive\\\/\"]},{\"@type\":\"Person\",\"@id\":\"https:\\\/\\\/inclusivenews.com.br\\\/#\\\/schema\\\/person\\\/ae4ec7087559b8692fb33b6fffd2273b\",\"name\":\"inclusivenews2024\",\"image\":{\"@type\":\"ImageObject\",\"inLanguage\":\"pt-PT\",\"@id\":\"https:\\\/\\\/secure.gravatar.com\\\/avatar\\\/c5a7ef84c66fa914f55bc4f7ce26cfa275a3b9a1c5568b907bd184fb4dde7b40?s=96&d=mm&r=g\",\"url\":\"https:\\\/\\\/secure.gravatar.com\\\/avatar\\\/c5a7ef84c66fa914f55bc4f7ce26cfa275a3b9a1c5568b907bd184fb4dde7b40?s=96&d=mm&r=g\",\"contentUrl\":\"https:\\\/\\\/secure.gravatar.com\\\/avatar\\\/c5a7ef84c66fa914f55bc4f7ce26cfa275a3b9a1c5568b907bd184fb4dde7b40?s=96&d=mm&r=g\",\"caption\":\"inclusivenews2024\"},\"sameAs\":[\"https:\\\/\\\/inclusivenews.com.br\"],\"url\":\"https:\\\/\\\/inclusivenews.com.br\\\/?author=1\"}]}<\/script>\n<!-- \/ Yoast SEO plugin. -->","yoast_head_json":{"title":"Pr\u00eamio Gandhi de Comunica\u00e7\u00e3o 2014: Inscri\u00e7\u00f5es terminam no pr\u00f3ximo dia 19 -","robots":{"index":"index","follow":"follow","max-snippet":"max-snippet:-1","max-image-preview":"max-image-preview:large","max-video-preview":"max-video-preview:-1"},"canonical":"https:\/\/inclusivenews.com.br\/?p=26925","og_locale":"pt_PT","og_type":"article","og_title":"Pr\u00eamio Gandhi de Comunica\u00e7\u00e3o 2014: Inscri\u00e7\u00f5es terminam no pr\u00f3ximo dia 19 -","og_description":"Quem ainda n\u00e3o se inscreveu, ainda tem dez dias, a partir de hoje, para se candidatar ao Pr\u00eamio Gandhi de Comunica\u00e7\u00e3o 2014. A iniciativa da Ag\u00eancia da Boa Not\u00edcia receber\u00e1 inscri\u00e7\u00f5es de profissionais e estudantes de Jornalismo e Publicidade at\u00e9 \u00e0s 18h, do pr\u00f3ximo dia 19.","og_url":"https:\/\/inclusivenews.com.br\/?p=26925","article_publisher":"https:\/\/www.facebook.com\/agenciainclusive\/","article_published_time":"2014-09-10T18:39:58+00:00","og_image":[{"url":"http:\/\/www.boanoticia.org.br\/arquivos\/images\/noticias\/trofeugandhi1.jpg","type":"","width":"","height":""}],"author":"inclusivenews2024","twitter_card":"summary_large_image","twitter_misc":{"Escrito por":"inclusivenews2024","Tempo estimado de leitura":"3 minutos"},"schema":{"@context":"https:\/\/schema.org","@graph":[{"@type":"Article","@id":"https:\/\/inclusivenews.com.br\/?p=26925#article","isPartOf":{"@id":"https:\/\/inclusivenews.com.br\/?p=26925"},"author":{"name":"inclusivenews2024","@id":"https:\/\/inclusivenews.com.br\/#\/schema\/person\/ae4ec7087559b8692fb33b6fffd2273b"},"headline":"Pr\u00eamio Gandhi de Comunica\u00e7\u00e3o 2014: Inscri\u00e7\u00f5es terminam no pr\u00f3ximo dia 19","datePublished":"2014-09-10T18:39:58+00:00","mainEntityOfPage":{"@id":"https:\/\/inclusivenews.com.br\/?p=26925"},"wordCount":559,"commentCount":0,"publisher":{"@id":"https:\/\/inclusivenews.com.br\/#organization"},"image":{"@id":"https:\/\/inclusivenews.com.br\/?p=26925#primaryimage"},"thumbnailUrl":"http:\/\/www.boanoticia.org.br\/arquivos\/images\/noticias\/trofeugandhi1.jpg","keywords":["cultura de paz","Pr\u00eamio Gandhi"],"articleSection":["DIREITOS HUMANOS"],"inLanguage":"pt-PT","potentialAction":[{"@type":"CommentAction","name":"Comment","target":["https:\/\/inclusivenews.com.br\/?p=26925#respond"]}]},{"@type":"WebPage","@id":"https:\/\/inclusivenews.com.br\/?p=26925","url":"https:\/\/inclusivenews.com.br\/?p=26925","name":"Pr\u00eamio Gandhi de Comunica\u00e7\u00e3o 2014: Inscri\u00e7\u00f5es terminam no pr\u00f3ximo dia 19 -","isPartOf":{"@id":"https:\/\/inclusivenews.com.br\/#website"},"primaryImageOfPage":{"@id":"https:\/\/inclusivenews.com.br\/?p=26925#primaryimage"},"image":{"@id":"https:\/\/inclusivenews.com.br\/?p=26925#primaryimage"},"thumbnailUrl":"http:\/\/www.boanoticia.org.br\/arquivos\/images\/noticias\/trofeugandhi1.jpg","datePublished":"2014-09-10T18:39:58+00:00","breadcrumb":{"@id":"https:\/\/inclusivenews.com.br\/?p=26925#breadcrumb"},"inLanguage":"pt-PT","potentialAction":[{"@type":"ReadAction","target":["https:\/\/inclusivenews.com.br\/?p=26925"]}]},{"@type":"ImageObject","inLanguage":"pt-PT","@id":"https:\/\/inclusivenews.com.br\/?p=26925#primaryimage","url":"http:\/\/www.boanoticia.org.br\/arquivos\/images\/noticias\/trofeugandhi1.jpg","contentUrl":"http:\/\/www.boanoticia.org.br\/arquivos\/images\/noticias\/trofeugandhi1.jpg"},{"@type":"BreadcrumbList","@id":"https:\/\/inclusivenews.com.br\/?p=26925#breadcrumb","itemListElement":[{"@type":"ListItem","position":1,"name":"In\u00edcio","item":"https:\/\/inclusivenews.com.br\/"},{"@type":"ListItem","position":2,"name":"Pr\u00eamio Gandhi de Comunica\u00e7\u00e3o 2014: Inscri\u00e7\u00f5es terminam no pr\u00f3ximo dia 19"}]},{"@type":"WebSite","@id":"https:\/\/inclusivenews.com.br\/#website","url":"https:\/\/inclusivenews.com.br\/","name":"Inclusive News","description":"Inclusive News","publisher":{"@id":"https:\/\/inclusivenews.com.br\/#organization"},"potentialAction":[{"@type":"SearchAction","target":{"@type":"EntryPoint","urlTemplate":"https:\/\/inclusivenews.com.br\/?s={search_term_string}"},"query-input":{"@type":"PropertyValueSpecification","valueRequired":true,"valueName":"search_term_string"}}],"inLanguage":"pt-PT"},{"@type":"Organization","@id":"https:\/\/inclusivenews.com.br\/#organization","name":"Inclusive - inclus\u00e3o e cidadania","url":"https:\/\/inclusivenews.com.br\/","logo":{"@type":"ImageObject","inLanguage":"pt-PT","@id":"https:\/\/inclusivenews.com.br\/#\/schema\/logo\/image\/","url":"https:\/\/inclusivenews.com.br\/wp-content\/uploads\/2024\/03\/@grandesite.png","contentUrl":"https:\/\/inclusivenews.com.br\/wp-content\/uploads\/2024\/03\/@grandesite.png","width":1080,"height":1080,"caption":"Inclusive - inclus\u00e3o e cidadania"},"image":{"@id":"https:\/\/inclusivenews.com.br\/#\/schema\/logo\/image\/"},"sameAs":["https:\/\/www.facebook.com\/agenciainclusive\/","https:\/\/www.instagram.com\/newsinclusive\/"]},{"@type":"Person","@id":"https:\/\/inclusivenews.com.br\/#\/schema\/person\/ae4ec7087559b8692fb33b6fffd2273b","name":"inclusivenews2024","image":{"@type":"ImageObject","inLanguage":"pt-PT","@id":"https:\/\/secure.gravatar.com\/avatar\/c5a7ef84c66fa914f55bc4f7ce26cfa275a3b9a1c5568b907bd184fb4dde7b40?s=96&d=mm&r=g","url":"https:\/\/secure.gravatar.com\/avatar\/c5a7ef84c66fa914f55bc4f7ce26cfa275a3b9a1c5568b907bd184fb4dde7b40?s=96&d=mm&r=g","contentUrl":"https:\/\/secure.gravatar.com\/avatar\/c5a7ef84c66fa914f55bc4f7ce26cfa275a3b9a1c5568b907bd184fb4dde7b40?s=96&d=mm&r=g","caption":"inclusivenews2024"},"sameAs":["https:\/\/inclusivenews.com.br"],"url":"https:\/\/inclusivenews.com.br\/?author=1"}]}},"_links":{"self":[{"href":"https:\/\/inclusivenews.com.br\/index.php?rest_route=\/wp\/v2\/posts\/26925","targetHints":{"allow":["GET"]}}],"collection":[{"href":"https:\/\/inclusivenews.com.br\/index.php?rest_route=\/wp\/v2\/posts"}],"about":[{"href":"https:\/\/inclusivenews.com.br\/index.php?rest_route=\/wp\/v2\/types\/post"}],"author":[{"embeddable":true,"href":"https:\/\/inclusivenews.com.br\/index.php?rest_route=\/wp\/v2\/users\/1"}],"replies":[{"embeddable":true,"href":"https:\/\/inclusivenews.com.br\/index.php?rest_route=%2Fwp%2Fv2%2Fcomments&post=26925"}],"version-history":[{"count":0,"href":"https:\/\/inclusivenews.com.br\/index.php?rest_route=\/wp\/v2\/posts\/26925\/revisions"}],"wp:attachment":[{"href":"https:\/\/inclusivenews.com.br\/index.php?rest_route=%2Fwp%2Fv2%2Fmedia&parent=26925"}],"wp:term":[{"taxonomy":"category","embeddable":true,"href":"https:\/\/inclusivenews.com.br\/index.php?rest_route=%2Fwp%2Fv2%2Fcategories&post=26925"},{"taxonomy":"post_tag","embeddable":true,"href":"https:\/\/inclusivenews.com.br\/index.php?rest_route=%2Fwp%2Fv2%2Ftags&post=26925"}],"curies":[{"name":"wp","href":"https:\/\/api.w.org\/{rel}","templated":true}]}}