{"id":26951,"date":"2014-09-17T15:25:34","date_gmt":"2014-09-17T18:25:34","guid":{"rendered":"http:\/\/www.inclusive.org.br\/?p=26951"},"modified":"2014-09-17T15:25:34","modified_gmt":"2014-09-17T18:25:34","slug":"pnud-lanca-concurso-para-reconhecer-as-melhores-praticas-de-negocios-inclusivos-no-brasil","status":"publish","type":"post","link":"https:\/\/inclusivenews.com.br\/?p=26951","title":{"rendered":"PNUD lan\u00e7a concurso para reconhecer as melhores pr\u00e1ticas de neg\u00f3cios inclusivos no Brasil"},"content":{"rendered":"<p><img loading=\"lazy\" decoding=\"async\" class=\"alignnone\" title=\"A palavra incluir\" alt=\"A palavra incluir\" src=\"http:\/\/www.iniciativaincluir.org.br\/Public\/img\/layout\/logo_incluir_header.png\" width=\"326\" height=\"96\" \/><\/p>\n<p>\u201cA trajet\u00f3ria de crescimento e de competitividade do mercado brasileiro s\u00f3 pode ser sustent\u00e1vel no longo prazo se tomadores de decis\u00e3o no setor privado e na esfera das pol\u00edticas p\u00fablicas conseguirem lidar de maneira exitosa com a diminui\u00e7\u00e3o das desigualdades\u201d, resumiu a oficial de programa do Programa das Na\u00e7\u00f5es Unidas para o Desenvolvimento (<a href=\"http:\/\/www.pnud.org.br\/Default.aspx\" target=\"_blank\" rel=\"noopener\">PNUD<\/a>), Jenny Karlsen, ao explicar a ideia inicial para a cria\u00e7\u00e3o da\u00a0<a href=\"http:\/\/www.iniciativaincluir.org.br\/\" target=\"_blank\" rel=\"noopener\">Iniciativa Incluir<\/a>.<\/p>\n<p style=\"text-align: justify;\">Esta plataforma de di\u00e1logo e de troca de conhecimentos permitir\u00e1 que empresas, associa\u00e7\u00f5es empresariais, acad\u00eamicos e formuladores de pol\u00edticas p\u00fablicas se juntem e desenvolvam la\u00e7os \u00e0 favor das melhores pr\u00e1ticas de inclus\u00e3o por meio de seus neg\u00f3cios.<\/p>\n<p style=\"text-align: justify;\">Em sua primeira a\u00e7\u00e3o, a\u00a0Iniciativa pretende identificar os melhores exemplos de neg\u00f3cios empresariais inclusivos no Brasil, que forne\u00e7am bens, produtos, e servi\u00e7os, de forma sustent\u00e1vel do ponto de vista financeiro, ambiental e social. Para isso, promove um concurso para que empresas interessadas inscrevam sua experi\u00eancia, no per\u00edodo de 10 de setembro a 12 de outubro.<\/p>\n<p style=\"text-align: justify;\">O objetivo do concurso \u00e9\u00a0reconhecer os diversos modelos de neg\u00f3cios de sucesso no \u00e2mbito do desenvolvimento de m\u00e9todos inovadores e financeiramente sustent\u00e1veis de inclus\u00e3o das popula\u00e7\u00f5es mais vulner\u00e1veis. Por\u00e9m, ampliar esse modelo e replic\u00e1-lo em novos setores e mercados, e at\u00e9 mesmo em outros pa\u00edses, ainda \u00e9 um desafio que a Iniciativa visa a atingir.<\/p>\n<p style=\"text-align: justify;\">Centros acad\u00eamicos com profundo conhecimento do mundo empresarial e que j\u00e1 tenham identificado casos relevantes para esta Iniciativa tamb\u00e9m podem participar. No entanto, recomenda-se que tenham o consentimento da empresa analisada. As inscri\u00e7\u00f5es devem ser feitas pelo <a href=\"http:\/\/www.iniciativaincluir.org.br\/artigo\/71\/Inscreva-seu-caso\" target=\"_blank\" rel=\"noopener\">site da Iniciativa<\/a>.<\/p>\n<p style=\"text-align: justify;\">Os candidatos podem tratar de quest\u00f5es espec\u00edficas, tais como, melhorar o acesso aos servi\u00e7os b\u00e1sicos, ou integrar popula\u00e7\u00f5es vulner\u00e1veis em suas cadeias de produ\u00e7\u00e3o e\/ou distribui\u00e7\u00e3o, ou at\u00e9 mesmo prover oportunidades de emprego a pessoas em situa\u00e7\u00e3o de vulnerabilidade social.<\/p>\n<p style=\"text-align: justify;\">Vinte casos ser\u00e3o selecionados, apresentados e reconhecidos nacional e internacionalmente, como solu\u00e7\u00f5es brasileiras replic\u00e1veis em outras empresas\/setores no Brasil e em outros pa\u00edses, no contexto dos Objetivos de Desenvolvimento Sustent\u00e1veis e da agenda p\u00f3s-2015.<\/p>\n<p><strong> Divulga\u00e7\u00e3o dos casos <\/strong><\/p>\n<p style=\"text-align: justify;\">O conjunto de casos selecionados ser\u00e3o compilados em um relat\u00f3rio brasileiro de neg\u00f3cios e mercados inclusivos e sustent\u00e1veis que ser\u00e1 divulgado nas redes de todos os parceiros da Iniciativa, bem como em f\u00f3runs nacionais e internacionais de atua\u00e7\u00e3o do PNUD e de seus parceiros.<\/p>\n<p style=\"text-align: justify;\">O PNUD Brasil, por meio de sua parceria com o <a href=\"http:\/\/iicpsd.org\/\" target=\"_blank\" rel=\"noopener\">Centro Internacional do PNUD para o Setor Privado no Desenvolvimento<\/a>, ir\u00e1 compartilhar os casos selecionados e as li\u00e7\u00f5es aprendidas, com a sua rede de escrit\u00f3rios presentes em mais de 170 pa\u00edses e territ\u00f3rios como uma forma de proporcionar que modelos de neg\u00f3cios inclusivos brasileiros sejam replicados em outros lugares.<\/p>\n<p style=\"text-align: justify;\">A Iniciativa Incluir \u00e9 fruto de uma parceria do PNUD Brasil com organiza\u00e7\u00f5es como Sebrae, Confedera\u00e7\u00e3o Nacional da Ind\u00fastria (CNI), Sistema da Confedera\u00e7\u00e3o da Agricultura e Pecu\u00e1ria do Brasil (SENAR, CNA, ICNA), <a href=\"http:\/\/www.pactoglobal.org.br\/secao\/17\/Noticias\" target=\"_blank\" rel=\"noopener\">Rede Brasileira do Pacto Global<\/a>, Princ\u00edpios para a Educa\u00e7\u00e3o Executiva Respons\u00e1vel (PRME), e institui\u00e7\u00f5es acad\u00eamicas como a Funda\u00e7\u00e3o Dom Cabral (FDC), o Instituto Superior de Administra\u00e7\u00e3o e Economia (FGV\/ISAE) e a Escola Superior de Propaganda e Marketing (ESPM).<\/p>\n<p style=\"text-align: justify;\">Saiba mais sobre a <a href=\"http:\/\/www.iniciativaincluir.org.br\/artigo\/59\/A-Iniciativa-Incluir\" target=\"_blank\" rel=\"noopener\">Iniciativa Incluir<\/a>.<\/p>\n","protected":false},"excerpt":{"rendered":"<p>\u201cA trajet\u00f3ria de crescimento e de competitividade do mercado brasileiro s\u00f3 pode ser sustent\u00e1vel no longo prazo se tomadores de decis\u00e3o no setor privado e na esfera das pol\u00edticas p\u00fablicas conseguirem lidar de maneira exitosa com a diminui\u00e7\u00e3o das desigualdades\u201d, resumiu a oficial de programa do Programa das Na\u00e7\u00f5es Unidas para o Desenvolvimento (PNUD), Jenny Karlsen, ao explicar a ideia inicial para a cria\u00e7\u00e3o da Iniciativa Incluir.<\/p>\n","protected":false},"author":1,"featured_media":0,"comment_status":"open","ping_status":"open","sticky":false,"template":"","format":"standard","meta":{"site-container-style":"default","site-container-layout":"default","site-sidebar-layout":"default","disable-article-header":"default","disable-site-header":"default","disable-site-footer":"default","disable-content-area-spacing":"default","footnotes":""},"categories":[11],"tags":[],"class_list":["post-26951","post","type-post","status-publish","format-standard","hentry","category-direitos-humanos"],"yoast_head":"<!-- This site is optimized with the Yoast SEO plugin v27.4 - https:\/\/yoast.com\/product\/yoast-seo-wordpress\/ -->\n<title>PNUD lan\u00e7a concurso para reconhecer as melhores pr\u00e1ticas de neg\u00f3cios inclusivos no Brasil -<\/title>\n<meta name=\"robots\" content=\"index, follow, max-snippet:-1, max-image-preview:large, max-video-preview:-1\" \/>\n<link rel=\"canonical\" href=\"https:\/\/inclusivenews.com.br\/?p=26951\" \/>\n<meta property=\"og:locale\" content=\"pt_PT\" \/>\n<meta property=\"og:type\" content=\"article\" \/>\n<meta property=\"og:title\" content=\"PNUD lan\u00e7a concurso para reconhecer as melhores pr\u00e1ticas de neg\u00f3cios inclusivos no Brasil -\" \/>\n<meta property=\"og:description\" content=\"\u201cA trajet\u00f3ria de crescimento e de competitividade do mercado brasileiro s\u00f3 pode ser sustent\u00e1vel no longo prazo se tomadores de decis\u00e3o no setor privado e na esfera das pol\u00edticas p\u00fablicas conseguirem lidar de maneira exitosa com a diminui\u00e7\u00e3o das desigualdades\u201d, resumiu a oficial de programa do Programa das Na\u00e7\u00f5es Unidas para o Desenvolvimento (PNUD), Jenny Karlsen, ao explicar a ideia inicial para a cria\u00e7\u00e3o da Iniciativa Incluir.\" \/>\n<meta property=\"og:url\" content=\"https:\/\/inclusivenews.com.br\/?p=26951\" \/>\n<meta property=\"article:publisher\" content=\"https:\/\/www.facebook.com\/agenciainclusive\/\" \/>\n<meta property=\"article:published_time\" content=\"2014-09-17T18:25:34+00:00\" \/>\n<meta property=\"og:image\" content=\"http:\/\/www.iniciativaincluir.org.br\/Public\/img\/layout\/logo_incluir_header.png\" \/>\n<meta name=\"author\" content=\"inclusivenews2024\" \/>\n<meta name=\"twitter:card\" content=\"summary_large_image\" \/>\n<meta name=\"twitter:label1\" content=\"Escrito por\" \/>\n\t<meta name=\"twitter:data1\" content=\"inclusivenews2024\" \/>\n\t<meta name=\"twitter:label2\" content=\"Tempo estimado de leitura\" \/>\n\t<meta name=\"twitter:data2\" content=\"3 minutos\" \/>\n<script type=\"application\/ld+json\" class=\"yoast-schema-graph\">{\"@context\":\"https:\\\/\\\/schema.org\",\"@graph\":[{\"@type\":\"Article\",\"@id\":\"https:\\\/\\\/inclusivenews.com.br\\\/?p=26951#article\",\"isPartOf\":{\"@id\":\"https:\\\/\\\/inclusivenews.com.br\\\/?p=26951\"},\"author\":{\"name\":\"inclusivenews2024\",\"@id\":\"https:\\\/\\\/inclusivenews.com.br\\\/#\\\/schema\\\/person\\\/ae4ec7087559b8692fb33b6fffd2273b\"},\"headline\":\"PNUD lan\u00e7a concurso para reconhecer as melhores pr\u00e1ticas de neg\u00f3cios inclusivos no Brasil\",\"datePublished\":\"2014-09-17T18:25:34+00:00\",\"mainEntityOfPage\":{\"@id\":\"https:\\\/\\\/inclusivenews.com.br\\\/?p=26951\"},\"wordCount\":599,\"commentCount\":0,\"publisher\":{\"@id\":\"https:\\\/\\\/inclusivenews.com.br\\\/#organization\"},\"image\":{\"@id\":\"https:\\\/\\\/inclusivenews.com.br\\\/?p=26951#primaryimage\"},\"thumbnailUrl\":\"http:\\\/\\\/www.iniciativaincluir.org.br\\\/Public\\\/img\\\/layout\\\/logo_incluir_header.png\",\"articleSection\":[\"DIREITOS HUMANOS\"],\"inLanguage\":\"pt-PT\",\"potentialAction\":[{\"@type\":\"CommentAction\",\"name\":\"Comment\",\"target\":[\"https:\\\/\\\/inclusivenews.com.br\\\/?p=26951#respond\"]}]},{\"@type\":\"WebPage\",\"@id\":\"https:\\\/\\\/inclusivenews.com.br\\\/?p=26951\",\"url\":\"https:\\\/\\\/inclusivenews.com.br\\\/?p=26951\",\"name\":\"PNUD lan\u00e7a concurso para reconhecer as melhores pr\u00e1ticas de neg\u00f3cios inclusivos no Brasil -\",\"isPartOf\":{\"@id\":\"https:\\\/\\\/inclusivenews.com.br\\\/#website\"},\"primaryImageOfPage\":{\"@id\":\"https:\\\/\\\/inclusivenews.com.br\\\/?p=26951#primaryimage\"},\"image\":{\"@id\":\"https:\\\/\\\/inclusivenews.com.br\\\/?p=26951#primaryimage\"},\"thumbnailUrl\":\"http:\\\/\\\/www.iniciativaincluir.org.br\\\/Public\\\/img\\\/layout\\\/logo_incluir_header.png\",\"datePublished\":\"2014-09-17T18:25:34+00:00\",\"breadcrumb\":{\"@id\":\"https:\\\/\\\/inclusivenews.com.br\\\/?p=26951#breadcrumb\"},\"inLanguage\":\"pt-PT\",\"potentialAction\":[{\"@type\":\"ReadAction\",\"target\":[\"https:\\\/\\\/inclusivenews.com.br\\\/?p=26951\"]}]},{\"@type\":\"ImageObject\",\"inLanguage\":\"pt-PT\",\"@id\":\"https:\\\/\\\/inclusivenews.com.br\\\/?p=26951#primaryimage\",\"url\":\"http:\\\/\\\/www.iniciativaincluir.org.br\\\/Public\\\/img\\\/layout\\\/logo_incluir_header.png\",\"contentUrl\":\"http:\\\/\\\/www.iniciativaincluir.org.br\\\/Public\\\/img\\\/layout\\\/logo_incluir_header.png\"},{\"@type\":\"BreadcrumbList\",\"@id\":\"https:\\\/\\\/inclusivenews.com.br\\\/?p=26951#breadcrumb\",\"itemListElement\":[{\"@type\":\"ListItem\",\"position\":1,\"name\":\"In\u00edcio\",\"item\":\"https:\\\/\\\/inclusivenews.com.br\\\/\"},{\"@type\":\"ListItem\",\"position\":2,\"name\":\"PNUD lan\u00e7a concurso para reconhecer as melhores pr\u00e1ticas de neg\u00f3cios inclusivos no Brasil\"}]},{\"@type\":\"WebSite\",\"@id\":\"https:\\\/\\\/inclusivenews.com.br\\\/#website\",\"url\":\"https:\\\/\\\/inclusivenews.com.br\\\/\",\"name\":\"Inclusive News\",\"description\":\"Inclusive News\",\"publisher\":{\"@id\":\"https:\\\/\\\/inclusivenews.com.br\\\/#organization\"},\"potentialAction\":[{\"@type\":\"SearchAction\",\"target\":{\"@type\":\"EntryPoint\",\"urlTemplate\":\"https:\\\/\\\/inclusivenews.com.br\\\/?s={search_term_string}\"},\"query-input\":{\"@type\":\"PropertyValueSpecification\",\"valueRequired\":true,\"valueName\":\"search_term_string\"}}],\"inLanguage\":\"pt-PT\"},{\"@type\":\"Organization\",\"@id\":\"https:\\\/\\\/inclusivenews.com.br\\\/#organization\",\"name\":\"Inclusive - inclus\u00e3o e cidadania\",\"url\":\"https:\\\/\\\/inclusivenews.com.br\\\/\",\"logo\":{\"@type\":\"ImageObject\",\"inLanguage\":\"pt-PT\",\"@id\":\"https:\\\/\\\/inclusivenews.com.br\\\/#\\\/schema\\\/logo\\\/image\\\/\",\"url\":\"https:\\\/\\\/inclusivenews.com.br\\\/wp-content\\\/uploads\\\/2024\\\/03\\\/@grandesite.png\",\"contentUrl\":\"https:\\\/\\\/inclusivenews.com.br\\\/wp-content\\\/uploads\\\/2024\\\/03\\\/@grandesite.png\",\"width\":1080,\"height\":1080,\"caption\":\"Inclusive - inclus\u00e3o e cidadania\"},\"image\":{\"@id\":\"https:\\\/\\\/inclusivenews.com.br\\\/#\\\/schema\\\/logo\\\/image\\\/\"},\"sameAs\":[\"https:\\\/\\\/www.facebook.com\\\/agenciainclusive\\\/\",\"https:\\\/\\\/www.instagram.com\\\/newsinclusive\\\/\"]},{\"@type\":\"Person\",\"@id\":\"https:\\\/\\\/inclusivenews.com.br\\\/#\\\/schema\\\/person\\\/ae4ec7087559b8692fb33b6fffd2273b\",\"name\":\"inclusivenews2024\",\"image\":{\"@type\":\"ImageObject\",\"inLanguage\":\"pt-PT\",\"@id\":\"https:\\\/\\\/secure.gravatar.com\\\/avatar\\\/c5a7ef84c66fa914f55bc4f7ce26cfa275a3b9a1c5568b907bd184fb4dde7b40?s=96&d=mm&r=g\",\"url\":\"https:\\\/\\\/secure.gravatar.com\\\/avatar\\\/c5a7ef84c66fa914f55bc4f7ce26cfa275a3b9a1c5568b907bd184fb4dde7b40?s=96&d=mm&r=g\",\"contentUrl\":\"https:\\\/\\\/secure.gravatar.com\\\/avatar\\\/c5a7ef84c66fa914f55bc4f7ce26cfa275a3b9a1c5568b907bd184fb4dde7b40?s=96&d=mm&r=g\",\"caption\":\"inclusivenews2024\"},\"sameAs\":[\"https:\\\/\\\/inclusivenews.com.br\"],\"url\":\"https:\\\/\\\/inclusivenews.com.br\\\/?author=1\"}]}<\/script>\n<!-- \/ Yoast SEO plugin. -->","yoast_head_json":{"title":"PNUD lan\u00e7a concurso para reconhecer as melhores pr\u00e1ticas de neg\u00f3cios inclusivos no Brasil -","robots":{"index":"index","follow":"follow","max-snippet":"max-snippet:-1","max-image-preview":"max-image-preview:large","max-video-preview":"max-video-preview:-1"},"canonical":"https:\/\/inclusivenews.com.br\/?p=26951","og_locale":"pt_PT","og_type":"article","og_title":"PNUD lan\u00e7a concurso para reconhecer as melhores pr\u00e1ticas de neg\u00f3cios inclusivos no Brasil -","og_description":"\u201cA trajet\u00f3ria de crescimento e de competitividade do mercado brasileiro s\u00f3 pode ser sustent\u00e1vel no longo prazo se tomadores de decis\u00e3o no setor privado e na esfera das pol\u00edticas p\u00fablicas conseguirem lidar de maneira exitosa com a diminui\u00e7\u00e3o das desigualdades\u201d, resumiu a oficial de programa do Programa das Na\u00e7\u00f5es Unidas para o Desenvolvimento (PNUD), Jenny Karlsen, ao explicar a ideia inicial para a cria\u00e7\u00e3o da Iniciativa Incluir.","og_url":"https:\/\/inclusivenews.com.br\/?p=26951","article_publisher":"https:\/\/www.facebook.com\/agenciainclusive\/","article_published_time":"2014-09-17T18:25:34+00:00","og_image":[{"url":"http:\/\/www.iniciativaincluir.org.br\/Public\/img\/layout\/logo_incluir_header.png","type":"","width":"","height":""}],"author":"inclusivenews2024","twitter_card":"summary_large_image","twitter_misc":{"Escrito por":"inclusivenews2024","Tempo estimado de leitura":"3 minutos"},"schema":{"@context":"https:\/\/schema.org","@graph":[{"@type":"Article","@id":"https:\/\/inclusivenews.com.br\/?p=26951#article","isPartOf":{"@id":"https:\/\/inclusivenews.com.br\/?p=26951"},"author":{"name":"inclusivenews2024","@id":"https:\/\/inclusivenews.com.br\/#\/schema\/person\/ae4ec7087559b8692fb33b6fffd2273b"},"headline":"PNUD lan\u00e7a concurso para reconhecer as melhores pr\u00e1ticas de neg\u00f3cios inclusivos no Brasil","datePublished":"2014-09-17T18:25:34+00:00","mainEntityOfPage":{"@id":"https:\/\/inclusivenews.com.br\/?p=26951"},"wordCount":599,"commentCount":0,"publisher":{"@id":"https:\/\/inclusivenews.com.br\/#organization"},"image":{"@id":"https:\/\/inclusivenews.com.br\/?p=26951#primaryimage"},"thumbnailUrl":"http:\/\/www.iniciativaincluir.org.br\/Public\/img\/layout\/logo_incluir_header.png","articleSection":["DIREITOS HUMANOS"],"inLanguage":"pt-PT","potentialAction":[{"@type":"CommentAction","name":"Comment","target":["https:\/\/inclusivenews.com.br\/?p=26951#respond"]}]},{"@type":"WebPage","@id":"https:\/\/inclusivenews.com.br\/?p=26951","url":"https:\/\/inclusivenews.com.br\/?p=26951","name":"PNUD lan\u00e7a concurso para reconhecer as melhores pr\u00e1ticas de neg\u00f3cios inclusivos no Brasil -","isPartOf":{"@id":"https:\/\/inclusivenews.com.br\/#website"},"primaryImageOfPage":{"@id":"https:\/\/inclusivenews.com.br\/?p=26951#primaryimage"},"image":{"@id":"https:\/\/inclusivenews.com.br\/?p=26951#primaryimage"},"thumbnailUrl":"http:\/\/www.iniciativaincluir.org.br\/Public\/img\/layout\/logo_incluir_header.png","datePublished":"2014-09-17T18:25:34+00:00","breadcrumb":{"@id":"https:\/\/inclusivenews.com.br\/?p=26951#breadcrumb"},"inLanguage":"pt-PT","potentialAction":[{"@type":"ReadAction","target":["https:\/\/inclusivenews.com.br\/?p=26951"]}]},{"@type":"ImageObject","inLanguage":"pt-PT","@id":"https:\/\/inclusivenews.com.br\/?p=26951#primaryimage","url":"http:\/\/www.iniciativaincluir.org.br\/Public\/img\/layout\/logo_incluir_header.png","contentUrl":"http:\/\/www.iniciativaincluir.org.br\/Public\/img\/layout\/logo_incluir_header.png"},{"@type":"BreadcrumbList","@id":"https:\/\/inclusivenews.com.br\/?p=26951#breadcrumb","itemListElement":[{"@type":"ListItem","position":1,"name":"In\u00edcio","item":"https:\/\/inclusivenews.com.br\/"},{"@type":"ListItem","position":2,"name":"PNUD lan\u00e7a concurso para reconhecer as melhores pr\u00e1ticas de neg\u00f3cios inclusivos no Brasil"}]},{"@type":"WebSite","@id":"https:\/\/inclusivenews.com.br\/#website","url":"https:\/\/inclusivenews.com.br\/","name":"Inclusive News","description":"Inclusive News","publisher":{"@id":"https:\/\/inclusivenews.com.br\/#organization"},"potentialAction":[{"@type":"SearchAction","target":{"@type":"EntryPoint","urlTemplate":"https:\/\/inclusivenews.com.br\/?s={search_term_string}"},"query-input":{"@type":"PropertyValueSpecification","valueRequired":true,"valueName":"search_term_string"}}],"inLanguage":"pt-PT"},{"@type":"Organization","@id":"https:\/\/inclusivenews.com.br\/#organization","name":"Inclusive - inclus\u00e3o e cidadania","url":"https:\/\/inclusivenews.com.br\/","logo":{"@type":"ImageObject","inLanguage":"pt-PT","@id":"https:\/\/inclusivenews.com.br\/#\/schema\/logo\/image\/","url":"https:\/\/inclusivenews.com.br\/wp-content\/uploads\/2024\/03\/@grandesite.png","contentUrl":"https:\/\/inclusivenews.com.br\/wp-content\/uploads\/2024\/03\/@grandesite.png","width":1080,"height":1080,"caption":"Inclusive - inclus\u00e3o e cidadania"},"image":{"@id":"https:\/\/inclusivenews.com.br\/#\/schema\/logo\/image\/"},"sameAs":["https:\/\/www.facebook.com\/agenciainclusive\/","https:\/\/www.instagram.com\/newsinclusive\/"]},{"@type":"Person","@id":"https:\/\/inclusivenews.com.br\/#\/schema\/person\/ae4ec7087559b8692fb33b6fffd2273b","name":"inclusivenews2024","image":{"@type":"ImageObject","inLanguage":"pt-PT","@id":"https:\/\/secure.gravatar.com\/avatar\/c5a7ef84c66fa914f55bc4f7ce26cfa275a3b9a1c5568b907bd184fb4dde7b40?s=96&d=mm&r=g","url":"https:\/\/secure.gravatar.com\/avatar\/c5a7ef84c66fa914f55bc4f7ce26cfa275a3b9a1c5568b907bd184fb4dde7b40?s=96&d=mm&r=g","contentUrl":"https:\/\/secure.gravatar.com\/avatar\/c5a7ef84c66fa914f55bc4f7ce26cfa275a3b9a1c5568b907bd184fb4dde7b40?s=96&d=mm&r=g","caption":"inclusivenews2024"},"sameAs":["https:\/\/inclusivenews.com.br"],"url":"https:\/\/inclusivenews.com.br\/?author=1"}]}},"_links":{"self":[{"href":"https:\/\/inclusivenews.com.br\/index.php?rest_route=\/wp\/v2\/posts\/26951","targetHints":{"allow":["GET"]}}],"collection":[{"href":"https:\/\/inclusivenews.com.br\/index.php?rest_route=\/wp\/v2\/posts"}],"about":[{"href":"https:\/\/inclusivenews.com.br\/index.php?rest_route=\/wp\/v2\/types\/post"}],"author":[{"embeddable":true,"href":"https:\/\/inclusivenews.com.br\/index.php?rest_route=\/wp\/v2\/users\/1"}],"replies":[{"embeddable":true,"href":"https:\/\/inclusivenews.com.br\/index.php?rest_route=%2Fwp%2Fv2%2Fcomments&post=26951"}],"version-history":[{"count":0,"href":"https:\/\/inclusivenews.com.br\/index.php?rest_route=\/wp\/v2\/posts\/26951\/revisions"}],"wp:attachment":[{"href":"https:\/\/inclusivenews.com.br\/index.php?rest_route=%2Fwp%2Fv2%2Fmedia&parent=26951"}],"wp:term":[{"taxonomy":"category","embeddable":true,"href":"https:\/\/inclusivenews.com.br\/index.php?rest_route=%2Fwp%2Fv2%2Fcategories&post=26951"},{"taxonomy":"post_tag","embeddable":true,"href":"https:\/\/inclusivenews.com.br\/index.php?rest_route=%2Fwp%2Fv2%2Ftags&post=26951"}],"curies":[{"name":"wp","href":"https:\/\/api.w.org\/{rel}","templated":true}]}}