{"id":26953,"date":"2014-09-17T15:24:43","date_gmt":"2014-09-17T18:24:43","guid":{"rendered":"http:\/\/www.inclusive.org.br\/?p=26953"},"modified":"2014-09-17T15:24:43","modified_gmt":"2014-09-17T18:24:43","slug":"pesquisa-aponta-que-meninas-brasileiras-brincam-menos-e-fazem-mais-tarefas-domesticas","status":"publish","type":"post","link":"https:\/\/inclusivenews.com.br\/?p=26953","title":{"rendered":"Pesquisa aponta que meninas brasileiras brincam menos e fazem mais tarefas dom\u00e9sticas"},"content":{"rendered":"<figure style=\"width: 372px\" class=\"wp-caption alignnone\"><img loading=\"lazy\" decoding=\"async\" class=\" \" title=\"Menina de costas carrega caixote de papel\u00e3o na cabe\u00e7a\" alt=\"Menina de costas carrega caixote de papel\u00e3o na cabe\u00e7a\" src=\"http:\/\/www.adital.com.br\/arquivos2\/2014\/09\/2014_09_meninas_trabalham_reproducao.jpg\" width=\"372\" height=\"186\" \/><figcaption class=\"wp-caption-text\">Foto: Adital<\/figcaption><\/figure>\n<p><a href=\"http:\/\/site.adital.com.br\/site\/noticia.php?lang=PT&amp;cod=82486\" target=\"_blank\" rel=\"noopener\"><em>Por Marcela Belchior,<\/em><br \/>\n<em>na Adital<\/em><\/a><\/p>\n<p>Pesquisa in\u00e9dita da Plan International Brasil, organiza\u00e7\u00e3o de desenvolvimento internacional, denuncia o contexto gritante de desigualdade entre meninas e meninos no pa\u00eds. Cerca de 13% delas afirmam trabalhar ou terem trabalhado em atividade profissional. Como consequ\u00eancia do trabalho, essas meninas brincam menos do que os meninos e fazem mais tarefas dom\u00e9sticas.<\/p>\n<p>A pesquisa &#8220;Por ser menina no Brasil: crescendo entre direitos e viol\u00eancias\u201d teve como objetivo verificar o contexto de direitos, viol\u00eancias, barreiras, sonhos e supera\u00e7\u00f5es a partir do pr\u00f3prio olhar das meninas. Os resultados acabaram trazendo \u00e0 tona um contexto de evidentes desigualdades de g\u00eanero, que prejudicam o pleno desenvolvimento das suas habilidades para a vida. Realizada pela empresa Socializare, o estudo ouviu um total de 1.771 meninas entre seis e 14 anos de idade, que vivem nas cinco regi\u00f5es do Brasil.<\/p>\n<p>&#8220;Embora as mulheres e crian\u00e7as sejam reconhecidas em pol\u00edticas e planejamentos, as necessidades e direitos das meninas, frequentemente, s\u00e3o ignorados. Trabalhamos para que elas sejam as principais agentes transformadoras das suas realidades\u201d, afirma Anette Trompeter, diretora nacional da Plan International Brasil.<\/p>\n<p>Uma das se\u00e7\u00f5es da pesquisa verificou o cumprimento do Estatuto da Crian\u00e7a e do Adolescente (ECA) no que tange \u00e0 proibi\u00e7\u00e3o do trabalho de menores de 16 anos de idade, exceto na condi\u00e7\u00e3o de aprendiz para as maiores de 14 anos. A soma de meninas que trabalham com aquelas que j\u00e1 trabalharam representa 13,6% das garotas brasileiras de seis a 14 anos. &#8220;Esse dado chama a aten\u00e7\u00e3o para a total viola\u00e7\u00e3o dos direitos das crian\u00e7as e das meninas\u201d, destaca C\u00e9lia Bonilha, gerente t\u00e9cnica de Empoderamento Econ\u00f4mico e G\u00eanero da Plan.<\/p>\n<p>Outro destaque da pesquisa s\u00e3o os setores que mais empregam meninas e adolescentes. O maior percentual das entrevistadas afirmou realizar trabalho dom\u00e9stico na casa de outras pessoas (37,4%). O trabalho no com\u00e9rcio (lojas, mercados, dentre outros) figura em 2\u00b0 lugar de recorr\u00eancia laboral entre as meninas, com 16,5%.<\/p>\n<p>A quest\u00e3o do trabalho dom\u00e9stico em outras casas levanta a quest\u00e3o que envolve a quantidade de meninas que realizam tarefas tamb\u00e9m em sua resid\u00eancia, sendo, muitas vezes, as principais respons\u00e1veis pelo trabalho dom\u00e9stico em casa. Enquanto 81,4% das meninas arrumam sua pr\u00f3pria cama, 76,8% lavam lou\u00e7a e 65,6% limpam a casa, apenas 11,6% dos seus irm\u00e3os homens arrumam a sua pr\u00f3pria cama, 12,5% dos seus irm\u00e3os homens lavam a lou\u00e7a e 11,4% dos seus irm\u00e3os homens limpam a casa. Al\u00e9m disso, 31,7% de todas as meninas ouvidas informam que o tempo para brincarem, direito fundamental de todas as crian\u00e7as, \u00e9 insuficiente durante a semana.<\/p>\n<p>A linha que divide as brincadeiras convencionalmente femininas e masculinas parece se tornar cada vez mais t\u00eanue. Ao avaliarem divis\u00f5es cl\u00e1ssicas de comportamento de g\u00eanero, como brincar de boneca e de carrinho, 65,5% das entrevistadas disseram discordar da afirma\u00e7\u00e3o de que &#8220;meninas s\u00f3 devem brincar de boneca e meninos de carrinho\u201d. Nota-se que, desse percentual mencionado, 42,1% foram enf\u00e1ticas ao declararem que &#8220;discordam totalmente\u201d desse enunciado. De forma coerente, 52% das meninas n\u00e3o concordam que algumas brincadeiras de meninos n\u00e3o devem ser reproduzidas pelas meninas.<\/p>\n<p>&#8220;A divulga\u00e7\u00e3o dessa pesquisa pode ser um divisor de \u00e1guas e, ao trazermos a p\u00fablico informa\u00e7\u00f5es valiosas sobre a realidade, o comportamento e a percep\u00e7\u00e3o das meninas, pretendemos mobilizar a sociedade civil e o poder p\u00fablico para afirmarem os direitos e a equidade de g\u00eanero das meninas na sociedade brasileira. Esse movimento come\u00e7a agora\u201d, ressalta Anette.<\/p>\n<p>Metodologia da pesquisa<\/p>\n<p>As entrevistas foram realizadas entre os meses de julho e setembro de 2013, nos estados do Par\u00e1 (Regi\u00e3o Norte), Maranh\u00e3o (Regi\u00e3o Nordeste), S\u00e3o Paulo (Regi\u00e3o Sudeste), Mato Grosso (Regi\u00e3o Centro-Oeste) e Rio Grande do Sul (Regi\u00e3o Sul). As capitais desses estados foram escolhidas por sua representatividade nas respectivas regi\u00f5es, com potencial de indicarem tend\u00eancias regionais. A amostra de meninas e adolescentes participantes da pesquisa se divide em 1.609 nas escolas, 149 quilombolas e 13 fora da escola.<\/p>\n<p>Um total de 51,9% das garotas ouvidas possui entre 11 e 14 anos de idade e 47,6% tem idade entre 6 e 10 anos (0,58% n\u00e3o informou a idade). Da amostra de entrevistadas, 39,1% possui pele branca, 6,2% preta, 1,2% amarela, 53,2% parda e 0,3% ind\u00edgena, de acordo com crit\u00e9rios do Instituto Brasileiro de Geografia e Estat\u00edstica (IBGE). O maior contingente de participantes foi de meninas que estudam em escolas da zona urbana (76,5%), enquanto a zona rural foi representada por 23,5%. A pesquisa combinou a aplica\u00e7\u00e3o de um question\u00e1rio preenchido pelas meninas e adolescentes com entrevistas individuais e coletivas.<\/p>\n<p>Acesse aqui <a href=\"http:\/\/plan-international.org\/where-we-work\/americas\/brazil\/sobre-a-plan-no-brasil\/pesquisaporsermenina\/\" target=\"_blank\" rel=\"noopener\">a pesquisa na \u00edntegra<\/a>.<\/p>\n","protected":false},"excerpt":{"rendered":"<p>Pesquisa in\u00e9dita da Plan International Brasil, organiza\u00e7\u00e3o de desenvolvimento internacional, denuncia o contexto gritante de desigualdade entre meninas e meninos no pa\u00eds. Cerca de 13% delas afirmam trabalhar ou terem trabalhado em atividade profissional.  Da Adital.<\/p>\n","protected":false},"author":1,"featured_media":0,"comment_status":"open","ping_status":"open","sticky":false,"template":"","format":"standard","meta":{"site-container-style":"default","site-container-layout":"default","site-sidebar-layout":"default","disable-article-header":"default","disable-site-header":"default","disable-site-footer":"default","disable-content-area-spacing":"default","footnotes":""},"categories":[11],"tags":[],"class_list":["post-26953","post","type-post","status-publish","format-standard","hentry","category-direitos-humanos"],"yoast_head":"<!-- This site is optimized with the Yoast SEO plugin v27.4 - https:\/\/yoast.com\/product\/yoast-seo-wordpress\/ -->\n<title>Pesquisa aponta que meninas brasileiras brincam menos e fazem mais tarefas dom\u00e9sticas -<\/title>\n<meta name=\"robots\" content=\"index, follow, max-snippet:-1, max-image-preview:large, max-video-preview:-1\" \/>\n<link rel=\"canonical\" href=\"https:\/\/inclusivenews.com.br\/?p=26953\" \/>\n<meta property=\"og:locale\" content=\"pt_PT\" \/>\n<meta property=\"og:type\" content=\"article\" \/>\n<meta property=\"og:title\" content=\"Pesquisa aponta que meninas brasileiras brincam menos e fazem mais tarefas dom\u00e9sticas -\" \/>\n<meta property=\"og:description\" content=\"Pesquisa in\u00e9dita da Plan International Brasil, organiza\u00e7\u00e3o de desenvolvimento internacional, denuncia o contexto gritante de desigualdade entre meninas e meninos no pa\u00eds. Cerca de 13% delas afirmam trabalhar ou terem trabalhado em atividade profissional. Da Adital.\" \/>\n<meta property=\"og:url\" content=\"https:\/\/inclusivenews.com.br\/?p=26953\" \/>\n<meta property=\"article:publisher\" content=\"https:\/\/www.facebook.com\/agenciainclusive\/\" \/>\n<meta property=\"article:published_time\" content=\"2014-09-17T18:24:43+00:00\" \/>\n<meta property=\"og:image\" content=\"http:\/\/www.adital.com.br\/arquivos2\/2014\/09\/2014_09_meninas_trabalham_reproducao.jpg\" \/>\n<meta name=\"author\" content=\"inclusivenews2024\" \/>\n<meta name=\"twitter:card\" content=\"summary_large_image\" \/>\n<meta name=\"twitter:label1\" content=\"Escrito por\" \/>\n\t<meta name=\"twitter:data1\" content=\"inclusivenews2024\" \/>\n\t<meta name=\"twitter:label2\" content=\"Tempo estimado de leitura\" \/>\n\t<meta name=\"twitter:data2\" content=\"4 minutos\" \/>\n<script type=\"application\/ld+json\" class=\"yoast-schema-graph\">{\"@context\":\"https:\\\/\\\/schema.org\",\"@graph\":[{\"@type\":\"Article\",\"@id\":\"https:\\\/\\\/inclusivenews.com.br\\\/?p=26953#article\",\"isPartOf\":{\"@id\":\"https:\\\/\\\/inclusivenews.com.br\\\/?p=26953\"},\"author\":{\"name\":\"inclusivenews2024\",\"@id\":\"https:\\\/\\\/inclusivenews.com.br\\\/#\\\/schema\\\/person\\\/ae4ec7087559b8692fb33b6fffd2273b\"},\"headline\":\"Pesquisa aponta que meninas brasileiras brincam menos e fazem mais tarefas dom\u00e9sticas\",\"datePublished\":\"2014-09-17T18:24:43+00:00\",\"mainEntityOfPage\":{\"@id\":\"https:\\\/\\\/inclusivenews.com.br\\\/?p=26953\"},\"wordCount\":803,\"commentCount\":0,\"publisher\":{\"@id\":\"https:\\\/\\\/inclusivenews.com.br\\\/#organization\"},\"image\":{\"@id\":\"https:\\\/\\\/inclusivenews.com.br\\\/?p=26953#primaryimage\"},\"thumbnailUrl\":\"http:\\\/\\\/www.adital.com.br\\\/arquivos2\\\/2014\\\/09\\\/2014_09_meninas_trabalham_reproducao.jpg\",\"articleSection\":[\"DIREITOS HUMANOS\"],\"inLanguage\":\"pt-PT\",\"potentialAction\":[{\"@type\":\"CommentAction\",\"name\":\"Comment\",\"target\":[\"https:\\\/\\\/inclusivenews.com.br\\\/?p=26953#respond\"]}]},{\"@type\":\"WebPage\",\"@id\":\"https:\\\/\\\/inclusivenews.com.br\\\/?p=26953\",\"url\":\"https:\\\/\\\/inclusivenews.com.br\\\/?p=26953\",\"name\":\"Pesquisa aponta que meninas brasileiras brincam menos e fazem mais tarefas dom\u00e9sticas -\",\"isPartOf\":{\"@id\":\"https:\\\/\\\/inclusivenews.com.br\\\/#website\"},\"primaryImageOfPage\":{\"@id\":\"https:\\\/\\\/inclusivenews.com.br\\\/?p=26953#primaryimage\"},\"image\":{\"@id\":\"https:\\\/\\\/inclusivenews.com.br\\\/?p=26953#primaryimage\"},\"thumbnailUrl\":\"http:\\\/\\\/www.adital.com.br\\\/arquivos2\\\/2014\\\/09\\\/2014_09_meninas_trabalham_reproducao.jpg\",\"datePublished\":\"2014-09-17T18:24:43+00:00\",\"breadcrumb\":{\"@id\":\"https:\\\/\\\/inclusivenews.com.br\\\/?p=26953#breadcrumb\"},\"inLanguage\":\"pt-PT\",\"potentialAction\":[{\"@type\":\"ReadAction\",\"target\":[\"https:\\\/\\\/inclusivenews.com.br\\\/?p=26953\"]}]},{\"@type\":\"ImageObject\",\"inLanguage\":\"pt-PT\",\"@id\":\"https:\\\/\\\/inclusivenews.com.br\\\/?p=26953#primaryimage\",\"url\":\"http:\\\/\\\/www.adital.com.br\\\/arquivos2\\\/2014\\\/09\\\/2014_09_meninas_trabalham_reproducao.jpg\",\"contentUrl\":\"http:\\\/\\\/www.adital.com.br\\\/arquivos2\\\/2014\\\/09\\\/2014_09_meninas_trabalham_reproducao.jpg\"},{\"@type\":\"BreadcrumbList\",\"@id\":\"https:\\\/\\\/inclusivenews.com.br\\\/?p=26953#breadcrumb\",\"itemListElement\":[{\"@type\":\"ListItem\",\"position\":1,\"name\":\"In\u00edcio\",\"item\":\"https:\\\/\\\/inclusivenews.com.br\\\/\"},{\"@type\":\"ListItem\",\"position\":2,\"name\":\"Pesquisa aponta que meninas brasileiras brincam menos e fazem mais tarefas dom\u00e9sticas\"}]},{\"@type\":\"WebSite\",\"@id\":\"https:\\\/\\\/inclusivenews.com.br\\\/#website\",\"url\":\"https:\\\/\\\/inclusivenews.com.br\\\/\",\"name\":\"Inclusive News\",\"description\":\"Inclusive News\",\"publisher\":{\"@id\":\"https:\\\/\\\/inclusivenews.com.br\\\/#organization\"},\"potentialAction\":[{\"@type\":\"SearchAction\",\"target\":{\"@type\":\"EntryPoint\",\"urlTemplate\":\"https:\\\/\\\/inclusivenews.com.br\\\/?s={search_term_string}\"},\"query-input\":{\"@type\":\"PropertyValueSpecification\",\"valueRequired\":true,\"valueName\":\"search_term_string\"}}],\"inLanguage\":\"pt-PT\"},{\"@type\":\"Organization\",\"@id\":\"https:\\\/\\\/inclusivenews.com.br\\\/#organization\",\"name\":\"Inclusive - inclus\u00e3o e cidadania\",\"url\":\"https:\\\/\\\/inclusivenews.com.br\\\/\",\"logo\":{\"@type\":\"ImageObject\",\"inLanguage\":\"pt-PT\",\"@id\":\"https:\\\/\\\/inclusivenews.com.br\\\/#\\\/schema\\\/logo\\\/image\\\/\",\"url\":\"https:\\\/\\\/inclusivenews.com.br\\\/wp-content\\\/uploads\\\/2024\\\/03\\\/@grandesite.png\",\"contentUrl\":\"https:\\\/\\\/inclusivenews.com.br\\\/wp-content\\\/uploads\\\/2024\\\/03\\\/@grandesite.png\",\"width\":1080,\"height\":1080,\"caption\":\"Inclusive - inclus\u00e3o e cidadania\"},\"image\":{\"@id\":\"https:\\\/\\\/inclusivenews.com.br\\\/#\\\/schema\\\/logo\\\/image\\\/\"},\"sameAs\":[\"https:\\\/\\\/www.facebook.com\\\/agenciainclusive\\\/\",\"https:\\\/\\\/www.instagram.com\\\/newsinclusive\\\/\"]},{\"@type\":\"Person\",\"@id\":\"https:\\\/\\\/inclusivenews.com.br\\\/#\\\/schema\\\/person\\\/ae4ec7087559b8692fb33b6fffd2273b\",\"name\":\"inclusivenews2024\",\"image\":{\"@type\":\"ImageObject\",\"inLanguage\":\"pt-PT\",\"@id\":\"https:\\\/\\\/secure.gravatar.com\\\/avatar\\\/c5a7ef84c66fa914f55bc4f7ce26cfa275a3b9a1c5568b907bd184fb4dde7b40?s=96&d=mm&r=g\",\"url\":\"https:\\\/\\\/secure.gravatar.com\\\/avatar\\\/c5a7ef84c66fa914f55bc4f7ce26cfa275a3b9a1c5568b907bd184fb4dde7b40?s=96&d=mm&r=g\",\"contentUrl\":\"https:\\\/\\\/secure.gravatar.com\\\/avatar\\\/c5a7ef84c66fa914f55bc4f7ce26cfa275a3b9a1c5568b907bd184fb4dde7b40?s=96&d=mm&r=g\",\"caption\":\"inclusivenews2024\"},\"sameAs\":[\"https:\\\/\\\/inclusivenews.com.br\"],\"url\":\"https:\\\/\\\/inclusivenews.com.br\\\/?author=1\"}]}<\/script>\n<!-- \/ Yoast SEO plugin. -->","yoast_head_json":{"title":"Pesquisa aponta que meninas brasileiras brincam menos e fazem mais tarefas dom\u00e9sticas -","robots":{"index":"index","follow":"follow","max-snippet":"max-snippet:-1","max-image-preview":"max-image-preview:large","max-video-preview":"max-video-preview:-1"},"canonical":"https:\/\/inclusivenews.com.br\/?p=26953","og_locale":"pt_PT","og_type":"article","og_title":"Pesquisa aponta que meninas brasileiras brincam menos e fazem mais tarefas dom\u00e9sticas -","og_description":"Pesquisa in\u00e9dita da Plan International Brasil, organiza\u00e7\u00e3o de desenvolvimento internacional, denuncia o contexto gritante de desigualdade entre meninas e meninos no pa\u00eds. Cerca de 13% delas afirmam trabalhar ou terem trabalhado em atividade profissional. Da Adital.","og_url":"https:\/\/inclusivenews.com.br\/?p=26953","article_publisher":"https:\/\/www.facebook.com\/agenciainclusive\/","article_published_time":"2014-09-17T18:24:43+00:00","og_image":[{"url":"http:\/\/www.adital.com.br\/arquivos2\/2014\/09\/2014_09_meninas_trabalham_reproducao.jpg","type":"","width":"","height":""}],"author":"inclusivenews2024","twitter_card":"summary_large_image","twitter_misc":{"Escrito por":"inclusivenews2024","Tempo estimado de leitura":"4 minutos"},"schema":{"@context":"https:\/\/schema.org","@graph":[{"@type":"Article","@id":"https:\/\/inclusivenews.com.br\/?p=26953#article","isPartOf":{"@id":"https:\/\/inclusivenews.com.br\/?p=26953"},"author":{"name":"inclusivenews2024","@id":"https:\/\/inclusivenews.com.br\/#\/schema\/person\/ae4ec7087559b8692fb33b6fffd2273b"},"headline":"Pesquisa aponta que meninas brasileiras brincam menos e fazem mais tarefas dom\u00e9sticas","datePublished":"2014-09-17T18:24:43+00:00","mainEntityOfPage":{"@id":"https:\/\/inclusivenews.com.br\/?p=26953"},"wordCount":803,"commentCount":0,"publisher":{"@id":"https:\/\/inclusivenews.com.br\/#organization"},"image":{"@id":"https:\/\/inclusivenews.com.br\/?p=26953#primaryimage"},"thumbnailUrl":"http:\/\/www.adital.com.br\/arquivos2\/2014\/09\/2014_09_meninas_trabalham_reproducao.jpg","articleSection":["DIREITOS HUMANOS"],"inLanguage":"pt-PT","potentialAction":[{"@type":"CommentAction","name":"Comment","target":["https:\/\/inclusivenews.com.br\/?p=26953#respond"]}]},{"@type":"WebPage","@id":"https:\/\/inclusivenews.com.br\/?p=26953","url":"https:\/\/inclusivenews.com.br\/?p=26953","name":"Pesquisa aponta que meninas brasileiras brincam menos e fazem mais tarefas dom\u00e9sticas -","isPartOf":{"@id":"https:\/\/inclusivenews.com.br\/#website"},"primaryImageOfPage":{"@id":"https:\/\/inclusivenews.com.br\/?p=26953#primaryimage"},"image":{"@id":"https:\/\/inclusivenews.com.br\/?p=26953#primaryimage"},"thumbnailUrl":"http:\/\/www.adital.com.br\/arquivos2\/2014\/09\/2014_09_meninas_trabalham_reproducao.jpg","datePublished":"2014-09-17T18:24:43+00:00","breadcrumb":{"@id":"https:\/\/inclusivenews.com.br\/?p=26953#breadcrumb"},"inLanguage":"pt-PT","potentialAction":[{"@type":"ReadAction","target":["https:\/\/inclusivenews.com.br\/?p=26953"]}]},{"@type":"ImageObject","inLanguage":"pt-PT","@id":"https:\/\/inclusivenews.com.br\/?p=26953#primaryimage","url":"http:\/\/www.adital.com.br\/arquivos2\/2014\/09\/2014_09_meninas_trabalham_reproducao.jpg","contentUrl":"http:\/\/www.adital.com.br\/arquivos2\/2014\/09\/2014_09_meninas_trabalham_reproducao.jpg"},{"@type":"BreadcrumbList","@id":"https:\/\/inclusivenews.com.br\/?p=26953#breadcrumb","itemListElement":[{"@type":"ListItem","position":1,"name":"In\u00edcio","item":"https:\/\/inclusivenews.com.br\/"},{"@type":"ListItem","position":2,"name":"Pesquisa aponta que meninas brasileiras brincam menos e fazem mais tarefas dom\u00e9sticas"}]},{"@type":"WebSite","@id":"https:\/\/inclusivenews.com.br\/#website","url":"https:\/\/inclusivenews.com.br\/","name":"Inclusive News","description":"Inclusive News","publisher":{"@id":"https:\/\/inclusivenews.com.br\/#organization"},"potentialAction":[{"@type":"SearchAction","target":{"@type":"EntryPoint","urlTemplate":"https:\/\/inclusivenews.com.br\/?s={search_term_string}"},"query-input":{"@type":"PropertyValueSpecification","valueRequired":true,"valueName":"search_term_string"}}],"inLanguage":"pt-PT"},{"@type":"Organization","@id":"https:\/\/inclusivenews.com.br\/#organization","name":"Inclusive - inclus\u00e3o e cidadania","url":"https:\/\/inclusivenews.com.br\/","logo":{"@type":"ImageObject","inLanguage":"pt-PT","@id":"https:\/\/inclusivenews.com.br\/#\/schema\/logo\/image\/","url":"https:\/\/inclusivenews.com.br\/wp-content\/uploads\/2024\/03\/@grandesite.png","contentUrl":"https:\/\/inclusivenews.com.br\/wp-content\/uploads\/2024\/03\/@grandesite.png","width":1080,"height":1080,"caption":"Inclusive - inclus\u00e3o e cidadania"},"image":{"@id":"https:\/\/inclusivenews.com.br\/#\/schema\/logo\/image\/"},"sameAs":["https:\/\/www.facebook.com\/agenciainclusive\/","https:\/\/www.instagram.com\/newsinclusive\/"]},{"@type":"Person","@id":"https:\/\/inclusivenews.com.br\/#\/schema\/person\/ae4ec7087559b8692fb33b6fffd2273b","name":"inclusivenews2024","image":{"@type":"ImageObject","inLanguage":"pt-PT","@id":"https:\/\/secure.gravatar.com\/avatar\/c5a7ef84c66fa914f55bc4f7ce26cfa275a3b9a1c5568b907bd184fb4dde7b40?s=96&d=mm&r=g","url":"https:\/\/secure.gravatar.com\/avatar\/c5a7ef84c66fa914f55bc4f7ce26cfa275a3b9a1c5568b907bd184fb4dde7b40?s=96&d=mm&r=g","contentUrl":"https:\/\/secure.gravatar.com\/avatar\/c5a7ef84c66fa914f55bc4f7ce26cfa275a3b9a1c5568b907bd184fb4dde7b40?s=96&d=mm&r=g","caption":"inclusivenews2024"},"sameAs":["https:\/\/inclusivenews.com.br"],"url":"https:\/\/inclusivenews.com.br\/?author=1"}]}},"_links":{"self":[{"href":"https:\/\/inclusivenews.com.br\/index.php?rest_route=\/wp\/v2\/posts\/26953","targetHints":{"allow":["GET"]}}],"collection":[{"href":"https:\/\/inclusivenews.com.br\/index.php?rest_route=\/wp\/v2\/posts"}],"about":[{"href":"https:\/\/inclusivenews.com.br\/index.php?rest_route=\/wp\/v2\/types\/post"}],"author":[{"embeddable":true,"href":"https:\/\/inclusivenews.com.br\/index.php?rest_route=\/wp\/v2\/users\/1"}],"replies":[{"embeddable":true,"href":"https:\/\/inclusivenews.com.br\/index.php?rest_route=%2Fwp%2Fv2%2Fcomments&post=26953"}],"version-history":[{"count":0,"href":"https:\/\/inclusivenews.com.br\/index.php?rest_route=\/wp\/v2\/posts\/26953\/revisions"}],"wp:attachment":[{"href":"https:\/\/inclusivenews.com.br\/index.php?rest_route=%2Fwp%2Fv2%2Fmedia&parent=26953"}],"wp:term":[{"taxonomy":"category","embeddable":true,"href":"https:\/\/inclusivenews.com.br\/index.php?rest_route=%2Fwp%2Fv2%2Fcategories&post=26953"},{"taxonomy":"post_tag","embeddable":true,"href":"https:\/\/inclusivenews.com.br\/index.php?rest_route=%2Fwp%2Fv2%2Ftags&post=26953"}],"curies":[{"name":"wp","href":"https:\/\/api.w.org\/{rel}","templated":true}]}}