{"id":26955,"date":"2014-09-17T15:25:02","date_gmt":"2014-09-17T18:25:02","guid":{"rendered":"http:\/\/www.inclusive.org.br\/?p=26955"},"modified":"2014-09-17T15:25:02","modified_gmt":"2014-09-17T18:25:02","slug":"surdocegueira-empirica-e-cientifica-2","status":"publish","type":"post","link":"https:\/\/inclusivenews.com.br\/?p=26955","title":{"rendered":"Surdocegueira emp\u00edrica e cient\u00edfica"},"content":{"rendered":"<p><img loading=\"lazy\" decoding=\"async\" class=\"alignnone\" title=\"A capa do livro, com um rosto em perfil e o t\u00edtuo e nome do autor em destaque\" alt=\"A capa do livro, com um rosto em perfil e o t\u00edtuo e nome do autor em destaque\" src=\"http:\/\/www.agapasm.com.br\/surdocegueiraempiricaecientifica\/imagens\/livro_p.jpg\" width=\"66\" height=\"100\" \/><\/p>\n<p>&#8220;Mas por que escrever Surdocegueira: emp\u00edrica e cient\u00edfica? Primeiramente, \u00e9 claro, por quest\u00f5es estritamente pessoais, pela pr\u00f3pria experi\u00eancia de vida. Em segundo lugar, pela segrega\u00e7\u00e3o vivida pelas Pessoas Surdocegas ao longo dos tempos. Segrega\u00e7\u00e3o esta experimentada at\u00e9 mesmo nos modelos especiais de assist\u00eancia.\u00a0 \u201cSurdocegueira: Emp\u00edrica e Cient\u00edfica\u201d vem de encontro \u00e0 inexist\u00eancia de pol\u00edticas p\u00fablicas e de educa\u00e7\u00e3o que fomentem assist\u00eancia adequada a esta popula\u00e7\u00e3o de indiv\u00edduos respeitando suas caracter\u00edsticas \u00fanicas, espec\u00edficas e indivis\u00edveis de sua condi\u00e7\u00e3o. Caracter\u00edsticas estas que h\u00e1 algum tempo j\u00e1 foram reconhecidas, como demonstram os Direitos das Pessoas Surdocegas, Direitos das Crian\u00e7as Surdocegas e os Direitos dos Pais de Surdocegos e a Declara\u00e7\u00e3o de Salamanca e Linhas de A\u00e7\u00e3o. Os primeiros, promulgados em Estocolmo em 1991, durante a IV Confer\u00eancia Mundial Hellen Keller.<\/p>\n<p>Dessa forma, \u201cSurdocegueira: emp\u00edrica e cient\u00edfica\u201d ir\u00e1 abordar v\u00e1rias \u201cfaces\u201d desta condi\u00e7\u00e3o, tanto do ponto de vista cl\u00ednico &#8211; patol\u00f3gico quanto s\u00f3cio \u2013 educacional e de desenvolvimento. Com \u201cSurdocegueira emp\u00edrica e cient\u00edfica\u201d estaremos contribuindo para a estrutura\u00e7\u00e3o de trabalhos futuros; trabalhos estes que possibilitem aos Surdocegos crescerem em sua pr\u00f3pria exist\u00eancia, como tamb\u00e9m exercer plenamente sua cidadania visando a melhoria de sua qualidade de vida e uma emergente participa\u00e7\u00e3o e considera\u00e7\u00e3o social-humanit\u00e1ria do meio em que est\u00e3o inseridos<\/p>\n<p>Surdocegueira: emp\u00edrica e cient\u00edfica pretende ser um movimento de Inclus\u00e3o Social, desta forma, est\u00e1 dispon\u00edvel em dois formatos. Formato impresso e formato audio-livro, e assim tornar seus fundamentos acess\u00edveis a um maior n\u00famero de pessoas<\/p>\n<p>A obra cont\u00e9m cinco cap\u00edtulos, gloss\u00e1rio de termos, refer\u00eancias bibliogr\u00e1ficas e lista de anexos. Como anexo destaca-se uma PROPOSTA DISPONDO SOBRE SURDOCEGUEIRA, reflex\u00e3o do autor Alex Garcia e ideal para legisladores, autoridades p\u00fablicas e defensores de direitos. A obra possui um total de 150 p\u00e1ginas.&#8221;<\/p>\n<p><a href=\"http:\/\/www.agapasm.com.br\/surdocegueiraempiricaecientifica\/Surdocegueira%20Emp\u00edrica%20e%20Cient\u00edfica.pdf\" target=\"_blank\" rel=\"noopener\">Fa\u00e7a download do livro de Alex Garcia neste link.<\/a><\/p>\n<p>&nbsp;<\/p>\n","protected":false},"excerpt":{"rendered":"<p>Mas por que escrever Surdocegueira: emp\u00edrica e cient\u00edfica? Primeiramente, \u00e9 claro, por quest\u00f5es estritamente pessoais, pela pr\u00f3pria experi\u00eancia de vida. Em segundo lugar, pela segrega\u00e7\u00e3o vivida pelas Pessoas Surdocegas ao longo dos tempos. Fa\u00e7a download do livro de Alex Garcia.<\/p>\n","protected":false},"author":1,"featured_media":0,"comment_status":"open","ping_status":"open","sticky":false,"template":"","format":"standard","meta":{"site-container-style":"default","site-container-layout":"default","site-sidebar-layout":"default","disable-article-header":"default","disable-site-header":"default","disable-site-footer":"default","disable-content-area-spacing":"default","footnotes":""},"categories":[38,52,48,51,10],"tags":[291,292,268,293],"class_list":["post-26955","post","type-post","status-publish","format-standard","hentry","category-deficiencia","category-downloadables","category-inclusao","category-livros","category-publicacoes","tag-alex-garcia","tag-download","tag-livro","tag-surdocegueira"],"yoast_head":"<!-- This site is optimized with the Yoast SEO plugin v27.4 - https:\/\/yoast.com\/product\/yoast-seo-wordpress\/ -->\n<title>Surdocegueira emp\u00edrica e cient\u00edfica -<\/title>\n<meta name=\"robots\" content=\"index, follow, max-snippet:-1, max-image-preview:large, max-video-preview:-1\" \/>\n<link rel=\"canonical\" href=\"https:\/\/inclusivenews.com.br\/?p=26955\" \/>\n<meta property=\"og:locale\" content=\"pt_PT\" \/>\n<meta property=\"og:type\" content=\"article\" \/>\n<meta property=\"og:title\" content=\"Surdocegueira emp\u00edrica e cient\u00edfica -\" \/>\n<meta property=\"og:description\" content=\"Mas por que escrever Surdocegueira: emp\u00edrica e cient\u00edfica? Primeiramente, \u00e9 claro, por quest\u00f5es estritamente pessoais, pela pr\u00f3pria experi\u00eancia de vida. Em segundo lugar, pela segrega\u00e7\u00e3o vivida pelas Pessoas Surdocegas ao longo dos tempos. Fa\u00e7a download do livro de Alex Garcia.\" \/>\n<meta property=\"og:url\" content=\"https:\/\/inclusivenews.com.br\/?p=26955\" \/>\n<meta property=\"article:publisher\" content=\"https:\/\/www.facebook.com\/agenciainclusive\/\" \/>\n<meta property=\"article:published_time\" content=\"2014-09-17T18:25:02+00:00\" \/>\n<meta property=\"og:image\" content=\"http:\/\/www.agapasm.com.br\/surdocegueiraempiricaecientifica\/imagens\/livro_p.jpg\" \/>\n<meta name=\"author\" content=\"inclusivenews2024\" \/>\n<meta name=\"twitter:card\" content=\"summary_large_image\" \/>\n<meta name=\"twitter:label1\" content=\"Escrito por\" \/>\n\t<meta name=\"twitter:data1\" content=\"inclusivenews2024\" \/>\n\t<meta name=\"twitter:label2\" content=\"Tempo estimado de leitura\" \/>\n\t<meta name=\"twitter:data2\" content=\"2 minutos\" \/>\n<script type=\"application\/ld+json\" class=\"yoast-schema-graph\">{\"@context\":\"https:\\\/\\\/schema.org\",\"@graph\":[{\"@type\":\"Article\",\"@id\":\"https:\\\/\\\/inclusivenews.com.br\\\/?p=26955#article\",\"isPartOf\":{\"@id\":\"https:\\\/\\\/inclusivenews.com.br\\\/?p=26955\"},\"author\":{\"name\":\"inclusivenews2024\",\"@id\":\"https:\\\/\\\/inclusivenews.com.br\\\/#\\\/schema\\\/person\\\/ae4ec7087559b8692fb33b6fffd2273b\"},\"headline\":\"Surdocegueira emp\u00edrica e cient\u00edfica\",\"datePublished\":\"2014-09-17T18:25:02+00:00\",\"mainEntityOfPage\":{\"@id\":\"https:\\\/\\\/inclusivenews.com.br\\\/?p=26955\"},\"wordCount\":354,\"commentCount\":0,\"publisher\":{\"@id\":\"https:\\\/\\\/inclusivenews.com.br\\\/#organization\"},\"image\":{\"@id\":\"https:\\\/\\\/inclusivenews.com.br\\\/?p=26955#primaryimage\"},\"thumbnailUrl\":\"http:\\\/\\\/www.agapasm.com.br\\\/surdocegueiraempiricaecientifica\\\/imagens\\\/livro_p.jpg\",\"keywords\":[\"Alex Garcia\",\"download\",\"livro\",\"surdocegueira\"],\"articleSection\":[\"Defici\u00eancia\",\"Downloadables\",\"INCLUS\u00c3O SOCIAL\",\"Livros\",\"PUBLICA\u00c7\u00d5ES\"],\"inLanguage\":\"pt-PT\",\"potentialAction\":[{\"@type\":\"CommentAction\",\"name\":\"Comment\",\"target\":[\"https:\\\/\\\/inclusivenews.com.br\\\/?p=26955#respond\"]}]},{\"@type\":\"WebPage\",\"@id\":\"https:\\\/\\\/inclusivenews.com.br\\\/?p=26955\",\"url\":\"https:\\\/\\\/inclusivenews.com.br\\\/?p=26955\",\"name\":\"Surdocegueira emp\u00edrica e cient\u00edfica -\",\"isPartOf\":{\"@id\":\"https:\\\/\\\/inclusivenews.com.br\\\/#website\"},\"primaryImageOfPage\":{\"@id\":\"https:\\\/\\\/inclusivenews.com.br\\\/?p=26955#primaryimage\"},\"image\":{\"@id\":\"https:\\\/\\\/inclusivenews.com.br\\\/?p=26955#primaryimage\"},\"thumbnailUrl\":\"http:\\\/\\\/www.agapasm.com.br\\\/surdocegueiraempiricaecientifica\\\/imagens\\\/livro_p.jpg\",\"datePublished\":\"2014-09-17T18:25:02+00:00\",\"breadcrumb\":{\"@id\":\"https:\\\/\\\/inclusivenews.com.br\\\/?p=26955#breadcrumb\"},\"inLanguage\":\"pt-PT\",\"potentialAction\":[{\"@type\":\"ReadAction\",\"target\":[\"https:\\\/\\\/inclusivenews.com.br\\\/?p=26955\"]}]},{\"@type\":\"ImageObject\",\"inLanguage\":\"pt-PT\",\"@id\":\"https:\\\/\\\/inclusivenews.com.br\\\/?p=26955#primaryimage\",\"url\":\"http:\\\/\\\/www.agapasm.com.br\\\/surdocegueiraempiricaecientifica\\\/imagens\\\/livro_p.jpg\",\"contentUrl\":\"http:\\\/\\\/www.agapasm.com.br\\\/surdocegueiraempiricaecientifica\\\/imagens\\\/livro_p.jpg\"},{\"@type\":\"BreadcrumbList\",\"@id\":\"https:\\\/\\\/inclusivenews.com.br\\\/?p=26955#breadcrumb\",\"itemListElement\":[{\"@type\":\"ListItem\",\"position\":1,\"name\":\"In\u00edcio\",\"item\":\"https:\\\/\\\/inclusivenews.com.br\\\/\"},{\"@type\":\"ListItem\",\"position\":2,\"name\":\"Surdocegueira emp\u00edrica e cient\u00edfica\"}]},{\"@type\":\"WebSite\",\"@id\":\"https:\\\/\\\/inclusivenews.com.br\\\/#website\",\"url\":\"https:\\\/\\\/inclusivenews.com.br\\\/\",\"name\":\"Inclusive News\",\"description\":\"Inclusive News\",\"publisher\":{\"@id\":\"https:\\\/\\\/inclusivenews.com.br\\\/#organization\"},\"potentialAction\":[{\"@type\":\"SearchAction\",\"target\":{\"@type\":\"EntryPoint\",\"urlTemplate\":\"https:\\\/\\\/inclusivenews.com.br\\\/?s={search_term_string}\"},\"query-input\":{\"@type\":\"PropertyValueSpecification\",\"valueRequired\":true,\"valueName\":\"search_term_string\"}}],\"inLanguage\":\"pt-PT\"},{\"@type\":\"Organization\",\"@id\":\"https:\\\/\\\/inclusivenews.com.br\\\/#organization\",\"name\":\"Inclusive - inclus\u00e3o e cidadania\",\"url\":\"https:\\\/\\\/inclusivenews.com.br\\\/\",\"logo\":{\"@type\":\"ImageObject\",\"inLanguage\":\"pt-PT\",\"@id\":\"https:\\\/\\\/inclusivenews.com.br\\\/#\\\/schema\\\/logo\\\/image\\\/\",\"url\":\"https:\\\/\\\/inclusivenews.com.br\\\/wp-content\\\/uploads\\\/2024\\\/03\\\/@grandesite.png\",\"contentUrl\":\"https:\\\/\\\/inclusivenews.com.br\\\/wp-content\\\/uploads\\\/2024\\\/03\\\/@grandesite.png\",\"width\":1080,\"height\":1080,\"caption\":\"Inclusive - inclus\u00e3o e cidadania\"},\"image\":{\"@id\":\"https:\\\/\\\/inclusivenews.com.br\\\/#\\\/schema\\\/logo\\\/image\\\/\"},\"sameAs\":[\"https:\\\/\\\/www.facebook.com\\\/agenciainclusive\\\/\",\"https:\\\/\\\/www.instagram.com\\\/newsinclusive\\\/\"]},{\"@type\":\"Person\",\"@id\":\"https:\\\/\\\/inclusivenews.com.br\\\/#\\\/schema\\\/person\\\/ae4ec7087559b8692fb33b6fffd2273b\",\"name\":\"inclusivenews2024\",\"image\":{\"@type\":\"ImageObject\",\"inLanguage\":\"pt-PT\",\"@id\":\"https:\\\/\\\/secure.gravatar.com\\\/avatar\\\/c5a7ef84c66fa914f55bc4f7ce26cfa275a3b9a1c5568b907bd184fb4dde7b40?s=96&d=mm&r=g\",\"url\":\"https:\\\/\\\/secure.gravatar.com\\\/avatar\\\/c5a7ef84c66fa914f55bc4f7ce26cfa275a3b9a1c5568b907bd184fb4dde7b40?s=96&d=mm&r=g\",\"contentUrl\":\"https:\\\/\\\/secure.gravatar.com\\\/avatar\\\/c5a7ef84c66fa914f55bc4f7ce26cfa275a3b9a1c5568b907bd184fb4dde7b40?s=96&d=mm&r=g\",\"caption\":\"inclusivenews2024\"},\"sameAs\":[\"https:\\\/\\\/inclusivenews.com.br\"],\"url\":\"https:\\\/\\\/inclusivenews.com.br\\\/?author=1\"}]}<\/script>\n<!-- \/ Yoast SEO plugin. -->","yoast_head_json":{"title":"Surdocegueira emp\u00edrica e cient\u00edfica -","robots":{"index":"index","follow":"follow","max-snippet":"max-snippet:-1","max-image-preview":"max-image-preview:large","max-video-preview":"max-video-preview:-1"},"canonical":"https:\/\/inclusivenews.com.br\/?p=26955","og_locale":"pt_PT","og_type":"article","og_title":"Surdocegueira emp\u00edrica e cient\u00edfica -","og_description":"Mas por que escrever Surdocegueira: emp\u00edrica e cient\u00edfica? Primeiramente, \u00e9 claro, por quest\u00f5es estritamente pessoais, pela pr\u00f3pria experi\u00eancia de vida. Em segundo lugar, pela segrega\u00e7\u00e3o vivida pelas Pessoas Surdocegas ao longo dos tempos. Fa\u00e7a download do livro de Alex Garcia.","og_url":"https:\/\/inclusivenews.com.br\/?p=26955","article_publisher":"https:\/\/www.facebook.com\/agenciainclusive\/","article_published_time":"2014-09-17T18:25:02+00:00","og_image":[{"url":"http:\/\/www.agapasm.com.br\/surdocegueiraempiricaecientifica\/imagens\/livro_p.jpg","type":"","width":"","height":""}],"author":"inclusivenews2024","twitter_card":"summary_large_image","twitter_misc":{"Escrito por":"inclusivenews2024","Tempo estimado de leitura":"2 minutos"},"schema":{"@context":"https:\/\/schema.org","@graph":[{"@type":"Article","@id":"https:\/\/inclusivenews.com.br\/?p=26955#article","isPartOf":{"@id":"https:\/\/inclusivenews.com.br\/?p=26955"},"author":{"name":"inclusivenews2024","@id":"https:\/\/inclusivenews.com.br\/#\/schema\/person\/ae4ec7087559b8692fb33b6fffd2273b"},"headline":"Surdocegueira emp\u00edrica e cient\u00edfica","datePublished":"2014-09-17T18:25:02+00:00","mainEntityOfPage":{"@id":"https:\/\/inclusivenews.com.br\/?p=26955"},"wordCount":354,"commentCount":0,"publisher":{"@id":"https:\/\/inclusivenews.com.br\/#organization"},"image":{"@id":"https:\/\/inclusivenews.com.br\/?p=26955#primaryimage"},"thumbnailUrl":"http:\/\/www.agapasm.com.br\/surdocegueiraempiricaecientifica\/imagens\/livro_p.jpg","keywords":["Alex Garcia","download","livro","surdocegueira"],"articleSection":["Defici\u00eancia","Downloadables","INCLUS\u00c3O SOCIAL","Livros","PUBLICA\u00c7\u00d5ES"],"inLanguage":"pt-PT","potentialAction":[{"@type":"CommentAction","name":"Comment","target":["https:\/\/inclusivenews.com.br\/?p=26955#respond"]}]},{"@type":"WebPage","@id":"https:\/\/inclusivenews.com.br\/?p=26955","url":"https:\/\/inclusivenews.com.br\/?p=26955","name":"Surdocegueira emp\u00edrica e cient\u00edfica -","isPartOf":{"@id":"https:\/\/inclusivenews.com.br\/#website"},"primaryImageOfPage":{"@id":"https:\/\/inclusivenews.com.br\/?p=26955#primaryimage"},"image":{"@id":"https:\/\/inclusivenews.com.br\/?p=26955#primaryimage"},"thumbnailUrl":"http:\/\/www.agapasm.com.br\/surdocegueiraempiricaecientifica\/imagens\/livro_p.jpg","datePublished":"2014-09-17T18:25:02+00:00","breadcrumb":{"@id":"https:\/\/inclusivenews.com.br\/?p=26955#breadcrumb"},"inLanguage":"pt-PT","potentialAction":[{"@type":"ReadAction","target":["https:\/\/inclusivenews.com.br\/?p=26955"]}]},{"@type":"ImageObject","inLanguage":"pt-PT","@id":"https:\/\/inclusivenews.com.br\/?p=26955#primaryimage","url":"http:\/\/www.agapasm.com.br\/surdocegueiraempiricaecientifica\/imagens\/livro_p.jpg","contentUrl":"http:\/\/www.agapasm.com.br\/surdocegueiraempiricaecientifica\/imagens\/livro_p.jpg"},{"@type":"BreadcrumbList","@id":"https:\/\/inclusivenews.com.br\/?p=26955#breadcrumb","itemListElement":[{"@type":"ListItem","position":1,"name":"In\u00edcio","item":"https:\/\/inclusivenews.com.br\/"},{"@type":"ListItem","position":2,"name":"Surdocegueira emp\u00edrica e cient\u00edfica"}]},{"@type":"WebSite","@id":"https:\/\/inclusivenews.com.br\/#website","url":"https:\/\/inclusivenews.com.br\/","name":"Inclusive News","description":"Inclusive News","publisher":{"@id":"https:\/\/inclusivenews.com.br\/#organization"},"potentialAction":[{"@type":"SearchAction","target":{"@type":"EntryPoint","urlTemplate":"https:\/\/inclusivenews.com.br\/?s={search_term_string}"},"query-input":{"@type":"PropertyValueSpecification","valueRequired":true,"valueName":"search_term_string"}}],"inLanguage":"pt-PT"},{"@type":"Organization","@id":"https:\/\/inclusivenews.com.br\/#organization","name":"Inclusive - inclus\u00e3o e cidadania","url":"https:\/\/inclusivenews.com.br\/","logo":{"@type":"ImageObject","inLanguage":"pt-PT","@id":"https:\/\/inclusivenews.com.br\/#\/schema\/logo\/image\/","url":"https:\/\/inclusivenews.com.br\/wp-content\/uploads\/2024\/03\/@grandesite.png","contentUrl":"https:\/\/inclusivenews.com.br\/wp-content\/uploads\/2024\/03\/@grandesite.png","width":1080,"height":1080,"caption":"Inclusive - inclus\u00e3o e cidadania"},"image":{"@id":"https:\/\/inclusivenews.com.br\/#\/schema\/logo\/image\/"},"sameAs":["https:\/\/www.facebook.com\/agenciainclusive\/","https:\/\/www.instagram.com\/newsinclusive\/"]},{"@type":"Person","@id":"https:\/\/inclusivenews.com.br\/#\/schema\/person\/ae4ec7087559b8692fb33b6fffd2273b","name":"inclusivenews2024","image":{"@type":"ImageObject","inLanguage":"pt-PT","@id":"https:\/\/secure.gravatar.com\/avatar\/c5a7ef84c66fa914f55bc4f7ce26cfa275a3b9a1c5568b907bd184fb4dde7b40?s=96&d=mm&r=g","url":"https:\/\/secure.gravatar.com\/avatar\/c5a7ef84c66fa914f55bc4f7ce26cfa275a3b9a1c5568b907bd184fb4dde7b40?s=96&d=mm&r=g","contentUrl":"https:\/\/secure.gravatar.com\/avatar\/c5a7ef84c66fa914f55bc4f7ce26cfa275a3b9a1c5568b907bd184fb4dde7b40?s=96&d=mm&r=g","caption":"inclusivenews2024"},"sameAs":["https:\/\/inclusivenews.com.br"],"url":"https:\/\/inclusivenews.com.br\/?author=1"}]}},"_links":{"self":[{"href":"https:\/\/inclusivenews.com.br\/index.php?rest_route=\/wp\/v2\/posts\/26955","targetHints":{"allow":["GET"]}}],"collection":[{"href":"https:\/\/inclusivenews.com.br\/index.php?rest_route=\/wp\/v2\/posts"}],"about":[{"href":"https:\/\/inclusivenews.com.br\/index.php?rest_route=\/wp\/v2\/types\/post"}],"author":[{"embeddable":true,"href":"https:\/\/inclusivenews.com.br\/index.php?rest_route=\/wp\/v2\/users\/1"}],"replies":[{"embeddable":true,"href":"https:\/\/inclusivenews.com.br\/index.php?rest_route=%2Fwp%2Fv2%2Fcomments&post=26955"}],"version-history":[{"count":0,"href":"https:\/\/inclusivenews.com.br\/index.php?rest_route=\/wp\/v2\/posts\/26955\/revisions"}],"wp:attachment":[{"href":"https:\/\/inclusivenews.com.br\/index.php?rest_route=%2Fwp%2Fv2%2Fmedia&parent=26955"}],"wp:term":[{"taxonomy":"category","embeddable":true,"href":"https:\/\/inclusivenews.com.br\/index.php?rest_route=%2Fwp%2Fv2%2Fcategories&post=26955"},{"taxonomy":"post_tag","embeddable":true,"href":"https:\/\/inclusivenews.com.br\/index.php?rest_route=%2Fwp%2Fv2%2Ftags&post=26955"}],"curies":[{"name":"wp","href":"https:\/\/api.w.org\/{rel}","templated":true}]}}