{"id":26966,"date":"2014-09-18T11:34:44","date_gmt":"2014-09-18T14:34:44","guid":{"rendered":"http:\/\/www.inclusive.org.br\/?p=26966"},"modified":"2014-09-18T11:34:44","modified_gmt":"2014-09-18T14:34:44","slug":"seminario-nacional-desafios-para-a-garantia-do-direito-a-educacao-inclusiva-no-brasil","status":"publish","type":"post","link":"https:\/\/inclusivenews.com.br\/?p=26966","title":{"rendered":"Semin\u00e1rio Nacional \u2013 desafios para a garantia do direito \u00e0 educa\u00e7\u00e3o inclusiva no Brasil"},"content":{"rendered":"<p><img loading=\"lazy\" decoding=\"async\" class=\"alignnone  wp-image-26967\" title=\"Evento ocorre dia 23 de setembro na Universidade de Bras\u00edlia. Ter\u00e7a-feira, 23 de setembro de 2014, das 8h \u00e0s 17h   Memorial Darcy Ribeiro   Endere\u00e7o: UnB (Universidade de Bras\u00edlia)   Campus Darcy Ribeiro - Asa Norte, Bras\u00edlia \u2013 DF     Inscri\u00e7\u00f5es no site: http:\/\/semanadeacaomundial.org\/2014\/participe\/ . Vagas Limitadas.       PROGRAMA\u00c7\u00c3O   1\u00ba Painel: Situa\u00e7\u00e3o do direito \u00e0 educa\u00e7\u00e3o inclusiva no Brasil: onde queremos chegar   8h\u2013 Credenciamento   9h \u2013 Abertura e boas-vindas   9h15 \u2013 Panorama do direito \u00e0 educa\u00e7\u00e3o inclusiva no Brasil: o que defendemos   Membros do Comit\u00ea T\u00e9cnico da SAM 2014   10h \u2013 O apoio \u00e0 educa\u00e7\u00e3o inclusiva na perspectiva de direitos   Apoiadores da SAM 2014   10h45 \u2013 Balan\u00e7o da situa\u00e7\u00e3o da garantia do direito \u00e0 educa\u00e7\u00e3o inclusiva no Brasil: avan\u00e7os e desafios   Maca\u00e9 Maria Evaristo dos Santos, secret\u00e1ria de Educa\u00e7\u00e3o Continuada, Alfabetiza\u00e7\u00e3o, Diversidade e Inclus\u00e3o (Secadi\/MEC - a confirmar)   11h15 \u2013 Como o sistema judicial pode contribuir para a garantia do direito \u00e0 educa\u00e7\u00e3o inclusiva?   Waldir Macieira, promotor de Justi\u00e7a do Minist\u00e9rio P\u00fablico do Par\u00e1   11h45-12h30 \u2013 Debate   12h30 - Almo\u00e7o   2\u00ba Painel: Experi\u00eancias e olhares sobre o sistema de educa\u00e7\u00e3o inclusiva   14h30 \u2013 A constru\u00e7\u00e3o do sistema de educa\u00e7\u00e3o inclusiva sob a \u00f3tica de diferentes atores   \u00a7 Keila Leite Chaves, fundadora do Campe (Centro de Apoio a M\u00e3es dos Portadores de Efici\u00eancia)    \u00a7 Ant\u00f4nio David Sousa de Almeida, estudante universit\u00e1rio de Fortaleza - CE    \u00a7 Maria das Dores de Lima Nunes, diretora da EE Clarisse Fecury, Rio Branco \u2013 AC    \u00a7 Professora da Educa\u00e7\u00e3o B\u00e1sica (a confirmar)    \u00a7 Cristiane Sousa Costa, gerente de educa\u00e7\u00e3o inclusiva da Semec de Novo Hamburgo - RS    \u00a7 Lorena Resende Carvalho, gerente de Ensino Especial da Seduc de Goi\u00e1s    \u00a7 Suzana Maria Brainer, coordenadora geral de Articula\u00e7\u00e3o da Pol\u00edtica de Inclus\u00e3o nos Sistemas de Ensino da Secadi    \u00a7 Maria Teresa Egl\u00e9r Mantoan, professora da Universidade de Campinas e coordenadora regional do F\u00f3rum Nacional de Educa\u00e7\u00e3o Inclusiva    16h10-17h \u2013 Debate   Realiza\u00e7\u00e3o e coordena\u00e7\u00e3o: Campanha Nacional pelo Direito \u00e0 Educa\u00e7\u00e3o   Comit\u00ea T\u00e9cnico: Action Aid, Campe, Escola de Gente, F\u00f3rum Nacional de Educa\u00e7\u00e3o Inclusiva, Federa\u00e7\u00e3o Brasileira das Associa\u00e7\u00f5es de S\u00edndrome de Down, Mais Diferen\u00e7as, Undime, Unesco e Unicef.   Apoiadores: Action Aid, Cese (Coordenadoria Ecum\u00eanica de Servi\u00e7o), Fresce (Fondo Regional de la Sociedad Civil para la Educaci\u00f3n), FSM (Funda\u00e7\u00e3o SM), Campanha Global pela Educa\u00e7\u00e3o, Funda\u00e7\u00e3o Volkswagen, Instituto Alana, Instituto C&amp;A, Instituto Natura, Instituto Unibanco, Unesco e Unicef.\" alt=\"Evento ocorre dia 23 de setembro na Universidade de Bras\u00edlia. Ter\u00e7a-feira, 23 de setembro de 2014, das 8h \u00e0s 17h   Memorial Darcy Ribeiro   Endere\u00e7o: UnB (Universidade de Bras\u00edlia)   Campus Darcy Ribeiro - Asa Norte, Bras\u00edlia \u2013 DF     Inscri\u00e7\u00f5es no site: http:\/\/semanadeacaomundial.org\/2014\/participe\/ . Vagas Limitadas.       PROGRAMA\u00c7\u00c3O   1\u00ba Painel: Situa\u00e7\u00e3o do direito \u00e0 educa\u00e7\u00e3o inclusiva no Brasil: onde queremos chegar   8h\u2013 Credenciamento   9h \u2013 Abertura e boas-vindas   9h15 \u2013 Panorama do direito \u00e0 educa\u00e7\u00e3o inclusiva no Brasil: o que defendemos   Membros do Comit\u00ea T\u00e9cnico da SAM 2014   10h \u2013 O apoio \u00e0 educa\u00e7\u00e3o inclusiva na perspectiva de direitos   Apoiadores da SAM 2014   10h45 \u2013 Balan\u00e7o da situa\u00e7\u00e3o da garantia do direito \u00e0 educa\u00e7\u00e3o inclusiva no Brasil: avan\u00e7os e desafios   Maca\u00e9 Maria Evaristo dos Santos, secret\u00e1ria de Educa\u00e7\u00e3o Continuada, Alfabetiza\u00e7\u00e3o, Diversidade e Inclus\u00e3o (Secadi\/MEC - a confirmar)   11h15 \u2013 Como o sistema judicial pode contribuir para a garantia do direito \u00e0 educa\u00e7\u00e3o inclusiva?   Waldir Macieira, promotor de Justi\u00e7a do Minist\u00e9rio P\u00fablico do Par\u00e1   11h45-12h30 \u2013 Debate   12h30 - Almo\u00e7o   2\u00ba Painel: Experi\u00eancias e olhares sobre o sistema de educa\u00e7\u00e3o inclusiva   14h30 \u2013 A constru\u00e7\u00e3o do sistema de educa\u00e7\u00e3o inclusiva sob a \u00f3tica de diferentes atores   \u00a7 Keila Leite Chaves, fundadora do Campe (Centro de Apoio a M\u00e3es dos Portadores de Efici\u00eancia)    \u00a7 Ant\u00f4nio David Sousa de Almeida, estudante universit\u00e1rio de Fortaleza - CE    \u00a7 Maria das Dores de Lima Nunes, diretora da EE Clarisse Fecury, Rio Branco \u2013 AC    \u00a7 Professora da Educa\u00e7\u00e3o B\u00e1sica (a confirmar)    \u00a7 Cristiane Sousa Costa, gerente de educa\u00e7\u00e3o inclusiva da Semec de Novo Hamburgo - RS    \u00a7 Lorena Resende Carvalho, gerente de Ensino Especial da Seduc de Goi\u00e1s    \u00a7 Suzana Maria Brainer, coordenadora geral de Articula\u00e7\u00e3o da Pol\u00edtica de Inclus\u00e3o nos Sistemas de Ensino da Secadi    \u00a7 Maria Teresa Egl\u00e9r Mantoan, professora da Universidade de Campinas e coordenadora regional do F\u00f3rum Nacional de Educa\u00e7\u00e3o Inclusiva    16h10-17h \u2013 Debate   Realiza\u00e7\u00e3o e coordena\u00e7\u00e3o: Campanha Nacional pelo Direito \u00e0 Educa\u00e7\u00e3o   Comit\u00ea T\u00e9cnico: Action Aid, Campe, Escola de Gente, F\u00f3rum Nacional de Educa\u00e7\u00e3o Inclusiva, Federa\u00e7\u00e3o Brasileira das Associa\u00e7\u00f5es de S\u00edndrome de Down, Mais Diferen\u00e7as, Undime, Unesco e Unicef.   Apoiadores: Action Aid, Cese (Coordenadoria Ecum\u00eanica de Servi\u00e7o), Fresce (Fondo Regional de la Sociedad Civil para la Educaci\u00f3n), FSM (Funda\u00e7\u00e3o SM), Campanha Global pela Educa\u00e7\u00e3o, Funda\u00e7\u00e3o Volkswagen, Instituto Alana, Instituto C&amp;A, Instituto Natura, Instituto Unibanco, Unesco e Unicef.\" src=\"http:\/\/inclusivenews.com.br\/wp-content\/uploads\/sam.jpg\" width=\"497\" height=\"755\" \/><\/p>\n<p>Semin\u00e1rio Nacional \u2013 desafios para a garantia do direito \u00e0 educa\u00e7\u00e3o inclusiva no Brasil, dia 23\/10, no Memorial Darcy Ribeiro, na UNB. \u00a0Texto acess\u00edvel do flyer obtido a partir da\u00a0<a href=\"http:\/\/saci.org.br\/index.php?modulo=akemi&amp;parametro=41758\" target=\"_blank\" rel=\"noopener\">Rede Saci<\/a>.<\/p>\n","protected":false},"excerpt":{"rendered":"<p>Semin\u00e1rio Nacional \u2013 desafios para a garantia do direito \u00e0 educa\u00e7\u00e3o inclusiva no Brasil, dia 23\/10, no Memorial Darcy Ribeiro, na UNB.  Texto acess\u00edvel do flyer obtido a partir da Rede Saci.<\/p>\n","protected":false},"author":1,"featured_media":0,"comment_status":"open","ping_status":"open","sticky":false,"template":"","format":"standard","meta":{"site-container-style":"default","site-container-layout":"default","site-sidebar-layout":"default","disable-article-header":"default","disable-site-header":"default","disable-site-footer":"default","disable-content-area-spacing":"default","footnotes":""},"categories":[12,38,48,4],"tags":[126,295],"class_list":["post-26966","post","type-post","status-publish","format-standard","hentry","category-cursos-e-eventos","category-deficiencia","category-inclusao","category-noticias","tag-educacao-inclusiva","tag-sam-2014"],"yoast_head":"<!-- This site is optimized with the Yoast SEO plugin v27.4 - https:\/\/yoast.com\/product\/yoast-seo-wordpress\/ -->\n<title>Semin\u00e1rio Nacional \u2013 desafios para a garantia do direito \u00e0 educa\u00e7\u00e3o inclusiva no Brasil -<\/title>\n<meta name=\"robots\" content=\"index, follow, max-snippet:-1, max-image-preview:large, max-video-preview:-1\" \/>\n<link rel=\"canonical\" href=\"https:\/\/inclusivenews.com.br\/?p=26966\" \/>\n<meta property=\"og:locale\" content=\"pt_PT\" \/>\n<meta property=\"og:type\" content=\"article\" \/>\n<meta property=\"og:title\" content=\"Semin\u00e1rio Nacional \u2013 desafios para a garantia do direito \u00e0 educa\u00e7\u00e3o inclusiva no Brasil -\" \/>\n<meta property=\"og:description\" content=\"Semin\u00e1rio Nacional \u2013 desafios para a garantia do direito \u00e0 educa\u00e7\u00e3o inclusiva no Brasil, dia 23\/10, no Memorial Darcy Ribeiro, na UNB. Texto acess\u00edvel do flyer obtido a partir da Rede Saci.\" \/>\n<meta property=\"og:url\" content=\"https:\/\/inclusivenews.com.br\/?p=26966\" \/>\n<meta property=\"article:publisher\" content=\"https:\/\/www.facebook.com\/agenciainclusive\/\" \/>\n<meta property=\"article:published_time\" content=\"2014-09-18T14:34:44+00:00\" \/>\n<meta property=\"og:image\" content=\"http:\/\/inclusivenews.com.br\/wp-content\/uploads\/sam.jpg\" \/>\n<meta name=\"author\" content=\"inclusivenews2024\" \/>\n<meta name=\"twitter:card\" content=\"summary_large_image\" \/>\n<meta name=\"twitter:label1\" content=\"Escrito por\" \/>\n\t<meta name=\"twitter:data1\" content=\"inclusivenews2024\" \/>\n<script type=\"application\/ld+json\" class=\"yoast-schema-graph\">{\"@context\":\"https:\\\/\\\/schema.org\",\"@graph\":[{\"@type\":\"Article\",\"@id\":\"https:\\\/\\\/inclusivenews.com.br\\\/?p=26966#article\",\"isPartOf\":{\"@id\":\"https:\\\/\\\/inclusivenews.com.br\\\/?p=26966\"},\"author\":{\"name\":\"inclusivenews2024\",\"@id\":\"https:\\\/\\\/inclusivenews.com.br\\\/#\\\/schema\\\/person\\\/ae4ec7087559b8692fb33b6fffd2273b\"},\"headline\":\"Semin\u00e1rio Nacional \u2013 desafios para a garantia do direito \u00e0 educa\u00e7\u00e3o inclusiva no Brasil\",\"datePublished\":\"2014-09-18T14:34:44+00:00\",\"mainEntityOfPage\":{\"@id\":\"https:\\\/\\\/inclusivenews.com.br\\\/?p=26966\"},\"wordCount\":46,\"commentCount\":0,\"publisher\":{\"@id\":\"https:\\\/\\\/inclusivenews.com.br\\\/#organization\"},\"image\":{\"@id\":\"https:\\\/\\\/inclusivenews.com.br\\\/?p=26966#primaryimage\"},\"thumbnailUrl\":\"http:\\\/\\\/inclusivenews.com.br\\\/wp-content\\\/uploads\\\/sam.jpg\",\"keywords\":[\"Educa\u00e7\u00e3o inclusiva\",\"SAM 2014\"],\"articleSection\":[\"Cursos e eventos\",\"Defici\u00eancia\",\"INCLUS\u00c3O SOCIAL\",\"NOT\u00cdCIAS\"],\"inLanguage\":\"pt-PT\",\"potentialAction\":[{\"@type\":\"CommentAction\",\"name\":\"Comment\",\"target\":[\"https:\\\/\\\/inclusivenews.com.br\\\/?p=26966#respond\"]}]},{\"@type\":\"WebPage\",\"@id\":\"https:\\\/\\\/inclusivenews.com.br\\\/?p=26966\",\"url\":\"https:\\\/\\\/inclusivenews.com.br\\\/?p=26966\",\"name\":\"Semin\u00e1rio Nacional \u2013 desafios para a garantia do direito \u00e0 educa\u00e7\u00e3o inclusiva no Brasil -\",\"isPartOf\":{\"@id\":\"https:\\\/\\\/inclusivenews.com.br\\\/#website\"},\"primaryImageOfPage\":{\"@id\":\"https:\\\/\\\/inclusivenews.com.br\\\/?p=26966#primaryimage\"},\"image\":{\"@id\":\"https:\\\/\\\/inclusivenews.com.br\\\/?p=26966#primaryimage\"},\"thumbnailUrl\":\"http:\\\/\\\/inclusivenews.com.br\\\/wp-content\\\/uploads\\\/sam.jpg\",\"datePublished\":\"2014-09-18T14:34:44+00:00\",\"breadcrumb\":{\"@id\":\"https:\\\/\\\/inclusivenews.com.br\\\/?p=26966#breadcrumb\"},\"inLanguage\":\"pt-PT\",\"potentialAction\":[{\"@type\":\"ReadAction\",\"target\":[\"https:\\\/\\\/inclusivenews.com.br\\\/?p=26966\"]}]},{\"@type\":\"ImageObject\",\"inLanguage\":\"pt-PT\",\"@id\":\"https:\\\/\\\/inclusivenews.com.br\\\/?p=26966#primaryimage\",\"url\":\"\",\"contentUrl\":\"\"},{\"@type\":\"BreadcrumbList\",\"@id\":\"https:\\\/\\\/inclusivenews.com.br\\\/?p=26966#breadcrumb\",\"itemListElement\":[{\"@type\":\"ListItem\",\"position\":1,\"name\":\"In\u00edcio\",\"item\":\"https:\\\/\\\/inclusivenews.com.br\\\/\"},{\"@type\":\"ListItem\",\"position\":2,\"name\":\"Semin\u00e1rio Nacional \u2013 desafios para a garantia do direito \u00e0 educa\u00e7\u00e3o inclusiva no Brasil\"}]},{\"@type\":\"WebSite\",\"@id\":\"https:\\\/\\\/inclusivenews.com.br\\\/#website\",\"url\":\"https:\\\/\\\/inclusivenews.com.br\\\/\",\"name\":\"Inclusive News\",\"description\":\"Inclusive News\",\"publisher\":{\"@id\":\"https:\\\/\\\/inclusivenews.com.br\\\/#organization\"},\"potentialAction\":[{\"@type\":\"SearchAction\",\"target\":{\"@type\":\"EntryPoint\",\"urlTemplate\":\"https:\\\/\\\/inclusivenews.com.br\\\/?s={search_term_string}\"},\"query-input\":{\"@type\":\"PropertyValueSpecification\",\"valueRequired\":true,\"valueName\":\"search_term_string\"}}],\"inLanguage\":\"pt-PT\"},{\"@type\":\"Organization\",\"@id\":\"https:\\\/\\\/inclusivenews.com.br\\\/#organization\",\"name\":\"Inclusive - inclus\u00e3o e cidadania\",\"url\":\"https:\\\/\\\/inclusivenews.com.br\\\/\",\"logo\":{\"@type\":\"ImageObject\",\"inLanguage\":\"pt-PT\",\"@id\":\"https:\\\/\\\/inclusivenews.com.br\\\/#\\\/schema\\\/logo\\\/image\\\/\",\"url\":\"https:\\\/\\\/inclusivenews.com.br\\\/wp-content\\\/uploads\\\/2024\\\/03\\\/@grandesite.png\",\"contentUrl\":\"https:\\\/\\\/inclusivenews.com.br\\\/wp-content\\\/uploads\\\/2024\\\/03\\\/@grandesite.png\",\"width\":1080,\"height\":1080,\"caption\":\"Inclusive - inclus\u00e3o e cidadania\"},\"image\":{\"@id\":\"https:\\\/\\\/inclusivenews.com.br\\\/#\\\/schema\\\/logo\\\/image\\\/\"},\"sameAs\":[\"https:\\\/\\\/www.facebook.com\\\/agenciainclusive\\\/\",\"https:\\\/\\\/www.instagram.com\\\/newsinclusive\\\/\"]},{\"@type\":\"Person\",\"@id\":\"https:\\\/\\\/inclusivenews.com.br\\\/#\\\/schema\\\/person\\\/ae4ec7087559b8692fb33b6fffd2273b\",\"name\":\"inclusivenews2024\",\"image\":{\"@type\":\"ImageObject\",\"inLanguage\":\"pt-PT\",\"@id\":\"https:\\\/\\\/secure.gravatar.com\\\/avatar\\\/c5a7ef84c66fa914f55bc4f7ce26cfa275a3b9a1c5568b907bd184fb4dde7b40?s=96&d=mm&r=g\",\"url\":\"https:\\\/\\\/secure.gravatar.com\\\/avatar\\\/c5a7ef84c66fa914f55bc4f7ce26cfa275a3b9a1c5568b907bd184fb4dde7b40?s=96&d=mm&r=g\",\"contentUrl\":\"https:\\\/\\\/secure.gravatar.com\\\/avatar\\\/c5a7ef84c66fa914f55bc4f7ce26cfa275a3b9a1c5568b907bd184fb4dde7b40?s=96&d=mm&r=g\",\"caption\":\"inclusivenews2024\"},\"sameAs\":[\"https:\\\/\\\/inclusivenews.com.br\"],\"url\":\"https:\\\/\\\/inclusivenews.com.br\\\/?author=1\"}]}<\/script>\n<!-- \/ Yoast SEO plugin. -->","yoast_head_json":{"title":"Semin\u00e1rio Nacional \u2013 desafios para a garantia do direito \u00e0 educa\u00e7\u00e3o inclusiva no Brasil -","robots":{"index":"index","follow":"follow","max-snippet":"max-snippet:-1","max-image-preview":"max-image-preview:large","max-video-preview":"max-video-preview:-1"},"canonical":"https:\/\/inclusivenews.com.br\/?p=26966","og_locale":"pt_PT","og_type":"article","og_title":"Semin\u00e1rio Nacional \u2013 desafios para a garantia do direito \u00e0 educa\u00e7\u00e3o inclusiva no Brasil -","og_description":"Semin\u00e1rio Nacional \u2013 desafios para a garantia do direito \u00e0 educa\u00e7\u00e3o inclusiva no Brasil, dia 23\/10, no Memorial Darcy Ribeiro, na UNB. Texto acess\u00edvel do flyer obtido a partir da Rede Saci.","og_url":"https:\/\/inclusivenews.com.br\/?p=26966","article_publisher":"https:\/\/www.facebook.com\/agenciainclusive\/","article_published_time":"2014-09-18T14:34:44+00:00","og_image":[{"url":"http:\/\/inclusivenews.com.br\/wp-content\/uploads\/sam.jpg","type":"","width":"","height":""}],"author":"inclusivenews2024","twitter_card":"summary_large_image","twitter_misc":{"Escrito por":"inclusivenews2024"},"schema":{"@context":"https:\/\/schema.org","@graph":[{"@type":"Article","@id":"https:\/\/inclusivenews.com.br\/?p=26966#article","isPartOf":{"@id":"https:\/\/inclusivenews.com.br\/?p=26966"},"author":{"name":"inclusivenews2024","@id":"https:\/\/inclusivenews.com.br\/#\/schema\/person\/ae4ec7087559b8692fb33b6fffd2273b"},"headline":"Semin\u00e1rio Nacional \u2013 desafios para a garantia do direito \u00e0 educa\u00e7\u00e3o inclusiva no Brasil","datePublished":"2014-09-18T14:34:44+00:00","mainEntityOfPage":{"@id":"https:\/\/inclusivenews.com.br\/?p=26966"},"wordCount":46,"commentCount":0,"publisher":{"@id":"https:\/\/inclusivenews.com.br\/#organization"},"image":{"@id":"https:\/\/inclusivenews.com.br\/?p=26966#primaryimage"},"thumbnailUrl":"http:\/\/inclusivenews.com.br\/wp-content\/uploads\/sam.jpg","keywords":["Educa\u00e7\u00e3o inclusiva","SAM 2014"],"articleSection":["Cursos e eventos","Defici\u00eancia","INCLUS\u00c3O SOCIAL","NOT\u00cdCIAS"],"inLanguage":"pt-PT","potentialAction":[{"@type":"CommentAction","name":"Comment","target":["https:\/\/inclusivenews.com.br\/?p=26966#respond"]}]},{"@type":"WebPage","@id":"https:\/\/inclusivenews.com.br\/?p=26966","url":"https:\/\/inclusivenews.com.br\/?p=26966","name":"Semin\u00e1rio Nacional \u2013 desafios para a garantia do direito \u00e0 educa\u00e7\u00e3o inclusiva no Brasil -","isPartOf":{"@id":"https:\/\/inclusivenews.com.br\/#website"},"primaryImageOfPage":{"@id":"https:\/\/inclusivenews.com.br\/?p=26966#primaryimage"},"image":{"@id":"https:\/\/inclusivenews.com.br\/?p=26966#primaryimage"},"thumbnailUrl":"http:\/\/inclusivenews.com.br\/wp-content\/uploads\/sam.jpg","datePublished":"2014-09-18T14:34:44+00:00","breadcrumb":{"@id":"https:\/\/inclusivenews.com.br\/?p=26966#breadcrumb"},"inLanguage":"pt-PT","potentialAction":[{"@type":"ReadAction","target":["https:\/\/inclusivenews.com.br\/?p=26966"]}]},{"@type":"ImageObject","inLanguage":"pt-PT","@id":"https:\/\/inclusivenews.com.br\/?p=26966#primaryimage","url":"","contentUrl":""},{"@type":"BreadcrumbList","@id":"https:\/\/inclusivenews.com.br\/?p=26966#breadcrumb","itemListElement":[{"@type":"ListItem","position":1,"name":"In\u00edcio","item":"https:\/\/inclusivenews.com.br\/"},{"@type":"ListItem","position":2,"name":"Semin\u00e1rio Nacional \u2013 desafios para a garantia do direito \u00e0 educa\u00e7\u00e3o inclusiva no Brasil"}]},{"@type":"WebSite","@id":"https:\/\/inclusivenews.com.br\/#website","url":"https:\/\/inclusivenews.com.br\/","name":"Inclusive News","description":"Inclusive News","publisher":{"@id":"https:\/\/inclusivenews.com.br\/#organization"},"potentialAction":[{"@type":"SearchAction","target":{"@type":"EntryPoint","urlTemplate":"https:\/\/inclusivenews.com.br\/?s={search_term_string}"},"query-input":{"@type":"PropertyValueSpecification","valueRequired":true,"valueName":"search_term_string"}}],"inLanguage":"pt-PT"},{"@type":"Organization","@id":"https:\/\/inclusivenews.com.br\/#organization","name":"Inclusive - inclus\u00e3o e cidadania","url":"https:\/\/inclusivenews.com.br\/","logo":{"@type":"ImageObject","inLanguage":"pt-PT","@id":"https:\/\/inclusivenews.com.br\/#\/schema\/logo\/image\/","url":"https:\/\/inclusivenews.com.br\/wp-content\/uploads\/2024\/03\/@grandesite.png","contentUrl":"https:\/\/inclusivenews.com.br\/wp-content\/uploads\/2024\/03\/@grandesite.png","width":1080,"height":1080,"caption":"Inclusive - inclus\u00e3o e cidadania"},"image":{"@id":"https:\/\/inclusivenews.com.br\/#\/schema\/logo\/image\/"},"sameAs":["https:\/\/www.facebook.com\/agenciainclusive\/","https:\/\/www.instagram.com\/newsinclusive\/"]},{"@type":"Person","@id":"https:\/\/inclusivenews.com.br\/#\/schema\/person\/ae4ec7087559b8692fb33b6fffd2273b","name":"inclusivenews2024","image":{"@type":"ImageObject","inLanguage":"pt-PT","@id":"https:\/\/secure.gravatar.com\/avatar\/c5a7ef84c66fa914f55bc4f7ce26cfa275a3b9a1c5568b907bd184fb4dde7b40?s=96&d=mm&r=g","url":"https:\/\/secure.gravatar.com\/avatar\/c5a7ef84c66fa914f55bc4f7ce26cfa275a3b9a1c5568b907bd184fb4dde7b40?s=96&d=mm&r=g","contentUrl":"https:\/\/secure.gravatar.com\/avatar\/c5a7ef84c66fa914f55bc4f7ce26cfa275a3b9a1c5568b907bd184fb4dde7b40?s=96&d=mm&r=g","caption":"inclusivenews2024"},"sameAs":["https:\/\/inclusivenews.com.br"],"url":"https:\/\/inclusivenews.com.br\/?author=1"}]}},"_links":{"self":[{"href":"https:\/\/inclusivenews.com.br\/index.php?rest_route=\/wp\/v2\/posts\/26966","targetHints":{"allow":["GET"]}}],"collection":[{"href":"https:\/\/inclusivenews.com.br\/index.php?rest_route=\/wp\/v2\/posts"}],"about":[{"href":"https:\/\/inclusivenews.com.br\/index.php?rest_route=\/wp\/v2\/types\/post"}],"author":[{"embeddable":true,"href":"https:\/\/inclusivenews.com.br\/index.php?rest_route=\/wp\/v2\/users\/1"}],"replies":[{"embeddable":true,"href":"https:\/\/inclusivenews.com.br\/index.php?rest_route=%2Fwp%2Fv2%2Fcomments&post=26966"}],"version-history":[{"count":0,"href":"https:\/\/inclusivenews.com.br\/index.php?rest_route=\/wp\/v2\/posts\/26966\/revisions"}],"wp:attachment":[{"href":"https:\/\/inclusivenews.com.br\/index.php?rest_route=%2Fwp%2Fv2%2Fmedia&parent=26966"}],"wp:term":[{"taxonomy":"category","embeddable":true,"href":"https:\/\/inclusivenews.com.br\/index.php?rest_route=%2Fwp%2Fv2%2Fcategories&post=26966"},{"taxonomy":"post_tag","embeddable":true,"href":"https:\/\/inclusivenews.com.br\/index.php?rest_route=%2Fwp%2Fv2%2Ftags&post=26966"}],"curies":[{"name":"wp","href":"https:\/\/api.w.org\/{rel}","templated":true}]}}