{"id":26988,"date":"2014-09-24T05:25:29","date_gmt":"2014-09-24T08:25:29","guid":{"rendered":"http:\/\/www.inclusive.org.br\/?p=26988"},"modified":"2014-09-24T05:25:29","modified_gmt":"2014-09-24T08:25:29","slug":"pessoas-com-deficiencia-parecem-nao-ser-prioridade-para-presidenciaveis","status":"publish","type":"post","link":"https:\/\/inclusivenews.com.br\/?p=26988","title":{"rendered":"Pessoas com defici\u00eancia n\u00e3o s\u00e3o prioridade para presidenci\u00e1veis"},"content":{"rendered":"<p><img loading=\"lazy\" decoding=\"async\" class=\"alignnone size-full wp-image-21075\" alt=\"Um globo com pictogramas representando as diferentes defici\u00eancias\" src=\"http:\/\/inclusivenews.com.br\/wp-content\/uploads\/icones_deficiencia.jpg\" width=\"198\" height=\"162\" \/><\/p>\n<p>Ocorreu ontem (24\/09) em S\u00e3o Paulo encontro em que se pretendia debater as propostas dos presidenci\u00e1veis com rela\u00e7\u00e3o \u00e0s pessoas com defici\u00eancia. Compareceram na sede da APAE\/SP apenas representantes do candidato A\u00e9cio Neves (PSDB) e da candidata Marina Silva (PSB).<\/p>\n<p>Em 2014, o n\u00famero de eleitores com defici\u00eancia que se cadastraram em se\u00e7\u00f5es espec\u00edficas \u00e9 reduzido (378.806, segundo o TSE), mas isso se d\u00e1 porque a grande maioria vota em se\u00e7\u00f5es comuns. Mas os <a href=\"http:\/\/www.ibge.gov.br\/estadosat\/temas.php?sigla=rj&amp;tema=censodemog2010_defic\" target=\"_blank\" rel=\"noopener\">dados do IBGE<\/a> em 2010 informam que h\u00e1 no Brasil 45.606.048 pessoas com algum tipo de defici\u00eancia, representando cerca de 23,9 % da popula\u00e7\u00e3o em geral. Pois \u00e9 justamente para esse imenso contingente populacional que os candidatos \u00e0 presid\u00eancia est\u00e3o comunicando o seu desinteresse expresso, pois suas vidas e, indiretamente, a de seus familiares (o que aumenta ainda mais o n\u00famero de eleitores) s\u00e3o afetadas por propostas, pol\u00edticas p\u00fablicas e investimentos que ainda engatinham no Brasil. Ao inv\u00e9s de expressar projetos de forma transparente a essa parcela da popula\u00e7\u00e3o, os candidatos apenas mant\u00eam as pessoas na invisibilidade, mais como alvos de futuras e poss\u00edveis pol\u00edticas assistenciais que como efetivos sujeitos de direitos.<\/p>\n<p>No Facebook, a presidente da associa\u00e7\u00e3o de pais Inspirare, Simone Alli Chair, que estave presente ao encontro deu o seguinte depoimento.<\/p>\n<p>&#8220;Decep\u00e7\u00e3o. Estive hoje no &#8220;Encontro com os candidatos \u00e0 presid\u00eancia&#8221;, realizado aqui na APAE de S\u00e3o Paulo. Todos eles tinham confirmado mas na hora H, TODOS cancelaram. O Pastor Everaldo e a Dilma al\u00e9m de n\u00e3o terem ido, NEM SATISFA\u00c7\u00c3O E RESPEITO com as pessoas que ali estavam tiveram, pois os outros candidatos ainda mandaram representantes para tocar o evento em nome deles. Fiquei chocada com a postura da Dilma e do Pastor Everaldo, mas a tarde ainda ia me reservar mais surpresas desagrad\u00e1veis. Acreditam que a representante do presidenci\u00e1vel A\u00e9cio Neves, era a Secret\u00e1ria Estadual da Pessoa com Defici\u00eancia, dra. Linamara. Fiquei contente e resolvi fazer uma pergunta sobre a Al\u00ednea &#8220;C&#8221; da Lei Berenice Piana <em>(Nota Inclusive &#8211; Lei 12764\/2012, que Institui a Pol\u00edtica Nacional de Prote\u00e7\u00e3o dos Direitos da Pessoa com Transtorno do Espectro Autista)<\/em> e pasmem&#8230;.. ela n\u00e3o conhecia a lei por esse nome, nem sabia quem \u00e9 Berenice Piana <em>(Nota Inclusive &#8211; M\u00e3e de rapaz com autismo que lutou pela aprova\u00e7\u00e3o da lei)<\/em> &#8230;..me bateu um des\u00e2nimo&#8230;..fiquei sem palavras. Fiquei boquiaberta&#8230;.&#8221;<\/p>\n<p>Denny Cabral, presidente da Amai Azul tamb\u00e9m compareceu e deixou suas impress\u00f5es no Facebook:<\/p>\n<p>&#8220;Revolta:<\/p>\n<p>Acabamos de chegar do &#8220;Encontro com os Candidatos \u00e0 presid\u00eancia&#8221; realizado pela apae de s\u00e3o paulo.<\/p>\n<p>Gente, que decep\u00e7\u00e3o e que revolta!<\/p>\n<p>1) Nenhum dos candidatos participaram, enviaram apenas representantes e eu achei isso uma tremenda falta de respeito afinal, o que um representante de algu\u00e9m que ainda sequer foi eleito pode resolver, decidir? Qualquer documento assinado n\u00e3o tem nenhuma\u00a0validade, ou seja, perca de tempo total.<\/p>\n<p>2) Tremenda falta de democracia, somente alguns puderam falar. Ou seja, n\u00e3o houve debate. Tentei, pedi, levantei a m\u00e3o, implorei, mas n\u00e3o me deixaram falar<\/p>\n<p>3) Revolta: foi um evento para falar sobre defici\u00eancia e pasmem, a representante do candidato&#8221;Aecio Neves, quando nossa amiga Simone Alli Chair\u00a0fez sua pergunta sobre a al\u00ednea C e a regulamenta\u00e7\u00e3o de nossa lei 12.764, sequer sabia que o autismo era considerado uma defici\u00eancia e apesar de se dizeruma defensora dos deficientes, nunca tinha ouvido falar sobre a Lei Berenice Piana!<\/p>\n<p>e ainda, disse que no plano de governo do A\u00e9cio, iriam desenvolver um sistema de treinamento para profissionais atrav\u00e9s da internet! Acreditam??? Pior que isso s\u00f3 o caps!<\/p>\n<p>Fala s\u00e9rio, viu? Diante de tante palha\u00e7ada, de tanta falta de respeito conosco, eu me levantei e juntamente comigo, v\u00e1rias pessoas deixaram o local.<\/p>\n<p>Nem a Marina silva que se diz t\u00e3o &#8220;do povo&#8221; compareceu! O pastor Everaldo n\u00e3o foi e nem enviou representante e a Dilma marcou para a pr\u00f3xima semana pois est\u00e1 em New York!<\/p>\n<p>Na minha opini\u00e3o, j\u00e1 que n\u00e3o iriam deveriam ter nos avisado, desmarcadoo evento e se decidiram fazer algo para fazer propaganda dos pol\u00edticos, deveriam ao menos ter a dignidade de nos deixar falar, expor o que sentimos.<\/p>\n<p>Como querem presidenciar o pa\u00eds se nos negam o \u00ednfimo direito de falar?<\/p>\n<p>Me desculpem o desabafo, mas fiquei atordoada com a falta de respeito, com este extremo descaso com o autismo. At\u00e9 mesmo a proposta que submeteram foi ociosa!&#8221;<\/p>\n<p><strong>Veja abaixo as mat\u00e9rias a respeito do evento:<\/strong><\/p>\n<p><a href=\"http:\/\/estadao.br.msn.com\/ultimas-noticias\/coordenadora-de-marina-defende-projetos-para-deficientes\">Coordenadora de Marina defende projetos para deficientes<\/a><\/p>\n<p>Ap\u00f3s participar de debate promovido pela Associa\u00e7\u00e3o de Pais e Amigos dos Excepcionais (Apae) de S\u00e3o Paulo, Neca Set\u00fabal, uma das coordenadoras do programa de governo da candidata a presidente Marina Silva (PSB), disse nesta ter\u00e7a-feira, 23, que o contato com deficientes e familiares \u00e9 importante para &#8220;customizar&#8221; os programas \u00e0s necessidades das pessoas, sem recorrer mais a grandes pacotes. &#8220;N\u00e3o se trata de voc\u00ea fazer uma pol\u00edtica l\u00e1 de Bras\u00edlia, grande, maravilhosa, um grande pacote. N\u00e3o \u00e9 isso. \u00c9 voc\u00ea, ouvindo as demandas, pensar como voc\u00ea pode articular de uma forma mais perto dessa realidade aqui&#8221;, disse ela.<\/p>\n<p>Durante o debate, ela afirmou que atualmente o Brasil tem j\u00e1 um quadro de bom amadurecimento em termos de leis inclusivas e que o Pa\u00eds avan\u00e7ou no que se refere \u00e0 inclus\u00e3o social, mas que falta organizar a implementa\u00e7\u00e3o dessas legisla\u00e7\u00f5es. &#8220;Essa organiza\u00e7\u00e3o com a sociedade acaba sendo lenta e prec\u00e1ria&#8221;, afirmou.<\/p>\n<p>Neca afirmou que a proposta de Marina \u00e9 que o Estado assegure o cumprimento de leis, como a que garante o acesso a escolas p\u00fablicas por deficientes f\u00edsicos e mentais, a da execu\u00e7\u00e3o da legisla\u00e7\u00e3o de cotas para pessoas com defici\u00eancia em empresas e tamb\u00e9m a da aplica\u00e7\u00e3o de multas para constru\u00e7\u00f5es que n\u00e3o respeitam os requisitos de acessibilidade.<\/p>\n<p>Segundo a coordenadora do programa de governo de Marina, muito desses erros acontecem por desinforma\u00e7\u00e3o ou pela falta de parceria com a sociedade. Neca lembrou que a candidata do PSB a presidente foi a \u00fanica a apresentar um programa de governo e que cita a participa\u00e7\u00e3o de conselhos populares na gest\u00e3o p\u00fablica, sem retirar o papel do Congresso.<\/p>\n<p>O secret\u00e1rio-adjunto da secretaria dos Direitos da Pessoa com Defici\u00eancia do Estado de S\u00e3o Paulo, Marco Pellegrini (PSB), que \u00e9 tetrapl\u00e9gico e tamb\u00e9m participa da campanha de Marina, afirmou que no governo federal do PT h\u00e1 aparelhamento nos instrumentos de gest\u00e3o para o setor. Pellegrini apontou que o presidente do Conselho Nacional dos Direitos da Pessoa com Defici\u00eancia (Conade) \u00e9 o secret\u00e1rio Nacional de Promo\u00e7\u00e3o dos Direitos da Pessoa com Defici\u00eancia, Antonio Jos\u00e9 Ferreira. &#8220;No governo Marina, n\u00e3o h\u00e1 possibilidade de isso acontecer, como \u00e9 hoje, quando sindicatos n\u00e3o s\u00e3o sindicatos, conselhos n\u00e3o s\u00e3o conselhos&#8221;, afirmou.<\/p>\n<p>Neca afirmou que a melhoria no atendimento dos direitos dos deficientes n\u00e3o \u00e9 algo que acontecer\u00e1 do dia pra noite no Brasil, mas que \u00e9 um &#8220;compromisso estrito&#8221; da plataforma de Marina. Um dos elementos que ajudar\u00e1 nessa dire\u00e7\u00e3o ser\u00e1 o aumento do volume de recursos para a sa\u00fade, a partir da proposta da candidata de destinar 10% da receita bruta da Uni\u00e3o ante 4% hoje, refor\u00e7ou a coordenadora. A proposta permitir\u00e1 uma gest\u00e3o mais integrada das pol\u00edticas para pessoas com defici\u00eancia, afirmou.<\/p>\n<p>Nesta ter\u00e7a, representantes do candidato tucano A\u00e9cio Neves tamb\u00e9m realizaram debate com a Apae de S\u00e3o Paulo. Segundo a associa\u00e7\u00e3o, a presidente Dilma Rousseff (PT) foi tamb\u00e9m convidada, mas n\u00e3o enviou um representante. Outros candidatos presidenciais tamb\u00e9m foram chamados.<\/p>\n<p><a href=\"http:\/\/www.opovo.com.br\/app\/politica\/ae\/2014\/09\/23\/noticiaspoliticaae,3319370\/representante-de-aecio-debate-direitos-dos-deficientes.shtml\">Representante de A\u00e9cio debate direitos dos deficientes<\/a><\/p>\n<p>O debate promovido pela Associa\u00e7\u00e3o de Pais e Amigos dos Excepcionais (Apae) de S\u00e3o Paulo recebeu nesta ter\u00e7a-feira, 23, Carminha Brant, que atua na coordena\u00e7\u00e3o de pol\u00edticas sociais da campanha de A\u00e9cio Neves (PSDB), e Linamara Battistella, secret\u00e1ria dos Direitos da Pessoa com Defici\u00eancia no governo paulista, comandado pelo correligion\u00e1rio de A\u00e9cio, Geraldo Alckmin.<\/p>\n<p>Ap\u00f3s o evento, as duas disseram que a principal proposta de um governo do PSDB para as demandas apresentadas no evento e em conversas com outras entidades que representam os direitos dos deficientes \u00e9 a &#8220;transversalidade&#8221;. &#8220;A\u00e9cio pretende que a quest\u00e3o da defici\u00eancia seja tratada de forma transversal. Um \u00f4nibus comprado para uma escola n\u00e3o \u00e9 para ser um \u00f4nibus exclusivo e outro convencional, \u00e9 um \u00f4nibus s\u00f3&#8221;, disse Linamara.<\/p>\n<p>A secret\u00e1ria afirmou que ouviu demandas ligadas principalmente \u00e0 qualidade da educa\u00e7\u00e3o inclusiva oferecida no Pa\u00eds e especificamente em S\u00e3o Paulo, al\u00e9m da quest\u00e3o do atendimento \u00e0 sa\u00fade e de um planejamento para que deficientes tenham suporte na fase do envelhecimento. &#8220;Infelizmente, o curso natural \u00e9 que os pais fale\u00e7am antes dos filhos, que t\u00eam defici\u00eancia mental e precisam de um suporte, seja de cuidador ou de uma resid\u00eancia espec\u00edfica para receber essas pessoas&#8221;, afirmou.<\/p>\n<p>Linamara ressaltou, contudo, que as demandas regionais s\u00e3o diferentes. Citou que, enquanto no Norte a quest\u00e3o do transporte para deficientes \u00e9 uma demanda central, em S\u00e3o Paulo parece ser um ponto mais resolvido. Sobre isso, Carminha acrescentou que um ponto importante que vem sendo discutido na campanha de A\u00e9cio \u00e9 descentralizar as pol\u00edticas para as pessoas com defici\u00eancia, dando mais poder e recursos aos munic\u00edpios.<\/p>\n<p>Questionadas sobre o programa de A\u00e9cio, que ainda n\u00e3o foi apresentado, Carminha e Linamara disseram que isso n\u00e3o \u00e9 visto como um problema, pois as propostas est\u00e3o sendo colocadas e amplamente discutidas. Segundo Carminha, as propostas para pessoas com defici\u00eancia n\u00e3o seriam amplamente detalhadas em um programa. Mas, de acordo com ela, o candidato j\u00e1 apresentou um documento com compromissos com esse setor da sociedade.<\/p>\n<p>Na tarde desta ter\u00e7a, o evento promove um segundo debate com Neca Setubal, coordenadora do programa de governo que representa Marina Silva (PSB). A presidente Dilma Rousseff (PT) foi convidada, mas segundo a Apae de S\u00e3o Paulo n\u00e3o se prontificou a comparecer ou a enviar representante. Demais candidatos presidenciais tamb\u00e9m n\u00e3o responderam \u00e0 solicita\u00e7\u00e3o at\u00e9 hoje.<\/p>\n<p>Fonte &#8211; <a href=\"http:\/\/www.inclusive.org.br\/\">Inclusive &#8211; Inclus\u00e3o e Cidadania<\/a><\/p>\n","protected":false},"excerpt":{"rendered":"<p>Nenhum candidato compareceu a encontro para discutir o tema e apenas representantes da candidata Marina e do candidato A\u00e9cio (PSDB)  mandaram representantes.<\/p>\n","protected":false},"author":1,"featured_media":0,"comment_status":"open","ping_status":"open","sticky":false,"template":"","format":"standard","meta":{"site-container-style":"default","site-container-layout":"default","site-sidebar-layout":"default","disable-article-header":"default","disable-site-header":"default","disable-site-footer":"default","disable-content-area-spacing":"default","footnotes":""},"categories":[38,48,49],"tags":[],"class_list":["post-26988","post","type-post","status-publish","format-standard","hentry","category-deficiencia","category-inclusao","category-politicas-publicas"],"yoast_head":"<!-- This site is optimized with the Yoast SEO plugin v27.4 - https:\/\/yoast.com\/product\/yoast-seo-wordpress\/ -->\n<title>Pessoas com defici\u00eancia n\u00e3o s\u00e3o prioridade para presidenci\u00e1veis -<\/title>\n<meta name=\"robots\" content=\"index, follow, max-snippet:-1, max-image-preview:large, max-video-preview:-1\" \/>\n<link rel=\"canonical\" href=\"https:\/\/inclusivenews.com.br\/?p=26988\" \/>\n<meta property=\"og:locale\" content=\"pt_PT\" \/>\n<meta property=\"og:type\" content=\"article\" \/>\n<meta property=\"og:title\" content=\"Pessoas com defici\u00eancia n\u00e3o s\u00e3o prioridade para presidenci\u00e1veis -\" \/>\n<meta property=\"og:description\" content=\"Nenhum candidato compareceu a encontro para discutir o tema e apenas representantes da candidata Marina e do candidato A\u00e9cio (PSDB) mandaram representantes.\" \/>\n<meta property=\"og:url\" content=\"https:\/\/inclusivenews.com.br\/?p=26988\" \/>\n<meta property=\"article:publisher\" content=\"https:\/\/www.facebook.com\/agenciainclusive\/\" \/>\n<meta property=\"article:published_time\" content=\"2014-09-24T08:25:29+00:00\" \/>\n<meta property=\"og:image\" content=\"http:\/\/inclusivenews.com.br\/wp-content\/uploads\/icones_deficiencia.jpg\" \/>\n<meta name=\"author\" content=\"inclusivenews2024\" \/>\n<meta name=\"twitter:card\" content=\"summary_large_image\" \/>\n<meta name=\"twitter:label1\" content=\"Escrito por\" \/>\n\t<meta name=\"twitter:data1\" content=\"inclusivenews2024\" \/>\n\t<meta name=\"twitter:label2\" content=\"Tempo estimado de leitura\" \/>\n\t<meta name=\"twitter:data2\" content=\"9 minutos\" \/>\n<script type=\"application\/ld+json\" class=\"yoast-schema-graph\">{\"@context\":\"https:\\\/\\\/schema.org\",\"@graph\":[{\"@type\":\"Article\",\"@id\":\"https:\\\/\\\/inclusivenews.com.br\\\/?p=26988#article\",\"isPartOf\":{\"@id\":\"https:\\\/\\\/inclusivenews.com.br\\\/?p=26988\"},\"author\":{\"name\":\"inclusivenews2024\",\"@id\":\"https:\\\/\\\/inclusivenews.com.br\\\/#\\\/schema\\\/person\\\/ae4ec7087559b8692fb33b6fffd2273b\"},\"headline\":\"Pessoas com defici\u00eancia n\u00e3o s\u00e3o prioridade para presidenci\u00e1veis\",\"datePublished\":\"2014-09-24T08:25:29+00:00\",\"mainEntityOfPage\":{\"@id\":\"https:\\\/\\\/inclusivenews.com.br\\\/?p=26988\"},\"wordCount\":1764,\"commentCount\":0,\"publisher\":{\"@id\":\"https:\\\/\\\/inclusivenews.com.br\\\/#organization\"},\"image\":{\"@id\":\"https:\\\/\\\/inclusivenews.com.br\\\/?p=26988#primaryimage\"},\"thumbnailUrl\":\"http:\\\/\\\/inclusivenews.com.br\\\/wp-content\\\/uploads\\\/icones_deficiencia.jpg\",\"articleSection\":[\"Defici\u00eancia\",\"INCLUS\u00c3O SOCIAL\",\"Pol\u00edticas p\u00fablicas\"],\"inLanguage\":\"pt-PT\",\"potentialAction\":[{\"@type\":\"CommentAction\",\"name\":\"Comment\",\"target\":[\"https:\\\/\\\/inclusivenews.com.br\\\/?p=26988#respond\"]}]},{\"@type\":\"WebPage\",\"@id\":\"https:\\\/\\\/inclusivenews.com.br\\\/?p=26988\",\"url\":\"https:\\\/\\\/inclusivenews.com.br\\\/?p=26988\",\"name\":\"Pessoas com defici\u00eancia n\u00e3o s\u00e3o prioridade para presidenci\u00e1veis -\",\"isPartOf\":{\"@id\":\"https:\\\/\\\/inclusivenews.com.br\\\/#website\"},\"primaryImageOfPage\":{\"@id\":\"https:\\\/\\\/inclusivenews.com.br\\\/?p=26988#primaryimage\"},\"image\":{\"@id\":\"https:\\\/\\\/inclusivenews.com.br\\\/?p=26988#primaryimage\"},\"thumbnailUrl\":\"http:\\\/\\\/inclusivenews.com.br\\\/wp-content\\\/uploads\\\/icones_deficiencia.jpg\",\"datePublished\":\"2014-09-24T08:25:29+00:00\",\"breadcrumb\":{\"@id\":\"https:\\\/\\\/inclusivenews.com.br\\\/?p=26988#breadcrumb\"},\"inLanguage\":\"pt-PT\",\"potentialAction\":[{\"@type\":\"ReadAction\",\"target\":[\"https:\\\/\\\/inclusivenews.com.br\\\/?p=26988\"]}]},{\"@type\":\"ImageObject\",\"inLanguage\":\"pt-PT\",\"@id\":\"https:\\\/\\\/inclusivenews.com.br\\\/?p=26988#primaryimage\",\"url\":\"\",\"contentUrl\":\"\"},{\"@type\":\"BreadcrumbList\",\"@id\":\"https:\\\/\\\/inclusivenews.com.br\\\/?p=26988#breadcrumb\",\"itemListElement\":[{\"@type\":\"ListItem\",\"position\":1,\"name\":\"In\u00edcio\",\"item\":\"https:\\\/\\\/inclusivenews.com.br\\\/\"},{\"@type\":\"ListItem\",\"position\":2,\"name\":\"Pessoas com defici\u00eancia n\u00e3o s\u00e3o prioridade para presidenci\u00e1veis\"}]},{\"@type\":\"WebSite\",\"@id\":\"https:\\\/\\\/inclusivenews.com.br\\\/#website\",\"url\":\"https:\\\/\\\/inclusivenews.com.br\\\/\",\"name\":\"Inclusive News\",\"description\":\"Inclusive News\",\"publisher\":{\"@id\":\"https:\\\/\\\/inclusivenews.com.br\\\/#organization\"},\"potentialAction\":[{\"@type\":\"SearchAction\",\"target\":{\"@type\":\"EntryPoint\",\"urlTemplate\":\"https:\\\/\\\/inclusivenews.com.br\\\/?s={search_term_string}\"},\"query-input\":{\"@type\":\"PropertyValueSpecification\",\"valueRequired\":true,\"valueName\":\"search_term_string\"}}],\"inLanguage\":\"pt-PT\"},{\"@type\":\"Organization\",\"@id\":\"https:\\\/\\\/inclusivenews.com.br\\\/#organization\",\"name\":\"Inclusive - inclus\u00e3o e cidadania\",\"url\":\"https:\\\/\\\/inclusivenews.com.br\\\/\",\"logo\":{\"@type\":\"ImageObject\",\"inLanguage\":\"pt-PT\",\"@id\":\"https:\\\/\\\/inclusivenews.com.br\\\/#\\\/schema\\\/logo\\\/image\\\/\",\"url\":\"https:\\\/\\\/inclusivenews.com.br\\\/wp-content\\\/uploads\\\/2024\\\/03\\\/@grandesite.png\",\"contentUrl\":\"https:\\\/\\\/inclusivenews.com.br\\\/wp-content\\\/uploads\\\/2024\\\/03\\\/@grandesite.png\",\"width\":1080,\"height\":1080,\"caption\":\"Inclusive - inclus\u00e3o e cidadania\"},\"image\":{\"@id\":\"https:\\\/\\\/inclusivenews.com.br\\\/#\\\/schema\\\/logo\\\/image\\\/\"},\"sameAs\":[\"https:\\\/\\\/www.facebook.com\\\/agenciainclusive\\\/\",\"https:\\\/\\\/www.instagram.com\\\/newsinclusive\\\/\"]},{\"@type\":\"Person\",\"@id\":\"https:\\\/\\\/inclusivenews.com.br\\\/#\\\/schema\\\/person\\\/ae4ec7087559b8692fb33b6fffd2273b\",\"name\":\"inclusivenews2024\",\"image\":{\"@type\":\"ImageObject\",\"inLanguage\":\"pt-PT\",\"@id\":\"https:\\\/\\\/secure.gravatar.com\\\/avatar\\\/c5a7ef84c66fa914f55bc4f7ce26cfa275a3b9a1c5568b907bd184fb4dde7b40?s=96&d=mm&r=g\",\"url\":\"https:\\\/\\\/secure.gravatar.com\\\/avatar\\\/c5a7ef84c66fa914f55bc4f7ce26cfa275a3b9a1c5568b907bd184fb4dde7b40?s=96&d=mm&r=g\",\"contentUrl\":\"https:\\\/\\\/secure.gravatar.com\\\/avatar\\\/c5a7ef84c66fa914f55bc4f7ce26cfa275a3b9a1c5568b907bd184fb4dde7b40?s=96&d=mm&r=g\",\"caption\":\"inclusivenews2024\"},\"sameAs\":[\"https:\\\/\\\/inclusivenews.com.br\"],\"url\":\"https:\\\/\\\/inclusivenews.com.br\\\/?author=1\"}]}<\/script>\n<!-- \/ Yoast SEO plugin. -->","yoast_head_json":{"title":"Pessoas com defici\u00eancia n\u00e3o s\u00e3o prioridade para presidenci\u00e1veis -","robots":{"index":"index","follow":"follow","max-snippet":"max-snippet:-1","max-image-preview":"max-image-preview:large","max-video-preview":"max-video-preview:-1"},"canonical":"https:\/\/inclusivenews.com.br\/?p=26988","og_locale":"pt_PT","og_type":"article","og_title":"Pessoas com defici\u00eancia n\u00e3o s\u00e3o prioridade para presidenci\u00e1veis -","og_description":"Nenhum candidato compareceu a encontro para discutir o tema e apenas representantes da candidata Marina e do candidato A\u00e9cio (PSDB) mandaram representantes.","og_url":"https:\/\/inclusivenews.com.br\/?p=26988","article_publisher":"https:\/\/www.facebook.com\/agenciainclusive\/","article_published_time":"2014-09-24T08:25:29+00:00","og_image":[{"url":"http:\/\/inclusivenews.com.br\/wp-content\/uploads\/icones_deficiencia.jpg","type":"","width":"","height":""}],"author":"inclusivenews2024","twitter_card":"summary_large_image","twitter_misc":{"Escrito por":"inclusivenews2024","Tempo estimado de leitura":"9 minutos"},"schema":{"@context":"https:\/\/schema.org","@graph":[{"@type":"Article","@id":"https:\/\/inclusivenews.com.br\/?p=26988#article","isPartOf":{"@id":"https:\/\/inclusivenews.com.br\/?p=26988"},"author":{"name":"inclusivenews2024","@id":"https:\/\/inclusivenews.com.br\/#\/schema\/person\/ae4ec7087559b8692fb33b6fffd2273b"},"headline":"Pessoas com defici\u00eancia n\u00e3o s\u00e3o prioridade para presidenci\u00e1veis","datePublished":"2014-09-24T08:25:29+00:00","mainEntityOfPage":{"@id":"https:\/\/inclusivenews.com.br\/?p=26988"},"wordCount":1764,"commentCount":0,"publisher":{"@id":"https:\/\/inclusivenews.com.br\/#organization"},"image":{"@id":"https:\/\/inclusivenews.com.br\/?p=26988#primaryimage"},"thumbnailUrl":"http:\/\/inclusivenews.com.br\/wp-content\/uploads\/icones_deficiencia.jpg","articleSection":["Defici\u00eancia","INCLUS\u00c3O SOCIAL","Pol\u00edticas p\u00fablicas"],"inLanguage":"pt-PT","potentialAction":[{"@type":"CommentAction","name":"Comment","target":["https:\/\/inclusivenews.com.br\/?p=26988#respond"]}]},{"@type":"WebPage","@id":"https:\/\/inclusivenews.com.br\/?p=26988","url":"https:\/\/inclusivenews.com.br\/?p=26988","name":"Pessoas com defici\u00eancia n\u00e3o s\u00e3o prioridade para presidenci\u00e1veis -","isPartOf":{"@id":"https:\/\/inclusivenews.com.br\/#website"},"primaryImageOfPage":{"@id":"https:\/\/inclusivenews.com.br\/?p=26988#primaryimage"},"image":{"@id":"https:\/\/inclusivenews.com.br\/?p=26988#primaryimage"},"thumbnailUrl":"http:\/\/inclusivenews.com.br\/wp-content\/uploads\/icones_deficiencia.jpg","datePublished":"2014-09-24T08:25:29+00:00","breadcrumb":{"@id":"https:\/\/inclusivenews.com.br\/?p=26988#breadcrumb"},"inLanguage":"pt-PT","potentialAction":[{"@type":"ReadAction","target":["https:\/\/inclusivenews.com.br\/?p=26988"]}]},{"@type":"ImageObject","inLanguage":"pt-PT","@id":"https:\/\/inclusivenews.com.br\/?p=26988#primaryimage","url":"","contentUrl":""},{"@type":"BreadcrumbList","@id":"https:\/\/inclusivenews.com.br\/?p=26988#breadcrumb","itemListElement":[{"@type":"ListItem","position":1,"name":"In\u00edcio","item":"https:\/\/inclusivenews.com.br\/"},{"@type":"ListItem","position":2,"name":"Pessoas com defici\u00eancia n\u00e3o s\u00e3o prioridade para presidenci\u00e1veis"}]},{"@type":"WebSite","@id":"https:\/\/inclusivenews.com.br\/#website","url":"https:\/\/inclusivenews.com.br\/","name":"Inclusive News","description":"Inclusive News","publisher":{"@id":"https:\/\/inclusivenews.com.br\/#organization"},"potentialAction":[{"@type":"SearchAction","target":{"@type":"EntryPoint","urlTemplate":"https:\/\/inclusivenews.com.br\/?s={search_term_string}"},"query-input":{"@type":"PropertyValueSpecification","valueRequired":true,"valueName":"search_term_string"}}],"inLanguage":"pt-PT"},{"@type":"Organization","@id":"https:\/\/inclusivenews.com.br\/#organization","name":"Inclusive - inclus\u00e3o e cidadania","url":"https:\/\/inclusivenews.com.br\/","logo":{"@type":"ImageObject","inLanguage":"pt-PT","@id":"https:\/\/inclusivenews.com.br\/#\/schema\/logo\/image\/","url":"https:\/\/inclusivenews.com.br\/wp-content\/uploads\/2024\/03\/@grandesite.png","contentUrl":"https:\/\/inclusivenews.com.br\/wp-content\/uploads\/2024\/03\/@grandesite.png","width":1080,"height":1080,"caption":"Inclusive - inclus\u00e3o e cidadania"},"image":{"@id":"https:\/\/inclusivenews.com.br\/#\/schema\/logo\/image\/"},"sameAs":["https:\/\/www.facebook.com\/agenciainclusive\/","https:\/\/www.instagram.com\/newsinclusive\/"]},{"@type":"Person","@id":"https:\/\/inclusivenews.com.br\/#\/schema\/person\/ae4ec7087559b8692fb33b6fffd2273b","name":"inclusivenews2024","image":{"@type":"ImageObject","inLanguage":"pt-PT","@id":"https:\/\/secure.gravatar.com\/avatar\/c5a7ef84c66fa914f55bc4f7ce26cfa275a3b9a1c5568b907bd184fb4dde7b40?s=96&d=mm&r=g","url":"https:\/\/secure.gravatar.com\/avatar\/c5a7ef84c66fa914f55bc4f7ce26cfa275a3b9a1c5568b907bd184fb4dde7b40?s=96&d=mm&r=g","contentUrl":"https:\/\/secure.gravatar.com\/avatar\/c5a7ef84c66fa914f55bc4f7ce26cfa275a3b9a1c5568b907bd184fb4dde7b40?s=96&d=mm&r=g","caption":"inclusivenews2024"},"sameAs":["https:\/\/inclusivenews.com.br"],"url":"https:\/\/inclusivenews.com.br\/?author=1"}]}},"_links":{"self":[{"href":"https:\/\/inclusivenews.com.br\/index.php?rest_route=\/wp\/v2\/posts\/26988","targetHints":{"allow":["GET"]}}],"collection":[{"href":"https:\/\/inclusivenews.com.br\/index.php?rest_route=\/wp\/v2\/posts"}],"about":[{"href":"https:\/\/inclusivenews.com.br\/index.php?rest_route=\/wp\/v2\/types\/post"}],"author":[{"embeddable":true,"href":"https:\/\/inclusivenews.com.br\/index.php?rest_route=\/wp\/v2\/users\/1"}],"replies":[{"embeddable":true,"href":"https:\/\/inclusivenews.com.br\/index.php?rest_route=%2Fwp%2Fv2%2Fcomments&post=26988"}],"version-history":[{"count":0,"href":"https:\/\/inclusivenews.com.br\/index.php?rest_route=\/wp\/v2\/posts\/26988\/revisions"}],"wp:attachment":[{"href":"https:\/\/inclusivenews.com.br\/index.php?rest_route=%2Fwp%2Fv2%2Fmedia&parent=26988"}],"wp:term":[{"taxonomy":"category","embeddable":true,"href":"https:\/\/inclusivenews.com.br\/index.php?rest_route=%2Fwp%2Fv2%2Fcategories&post=26988"},{"taxonomy":"post_tag","embeddable":true,"href":"https:\/\/inclusivenews.com.br\/index.php?rest_route=%2Fwp%2Fv2%2Ftags&post=26988"}],"curies":[{"name":"wp","href":"https:\/\/api.w.org\/{rel}","templated":true}]}}