{"id":27152,"date":"2014-10-29T19:05:23","date_gmt":"2014-10-29T22:05:23","guid":{"rendered":"http:\/\/www.inclusive.org.br\/?p=27152"},"modified":"2014-10-29T19:05:23","modified_gmt":"2014-10-29T22:05:23","slug":"comissao-vai-acompanhar-aplicacao-das-metas-do-pne-e-do-piso-do-magisterio","status":"publish","type":"post","link":"https:\/\/inclusivenews.com.br\/?p=27152","title":{"rendered":"Comiss\u00e3o vai acompanhar aplica\u00e7\u00e3o das metas do PNE e do piso do magist\u00e9rio"},"content":{"rendered":"<p>A menos de dois meses do fim dos trabalhos legislativos de 2014, a Comiss\u00e3o de Educa\u00e7\u00e3o da C\u00e2mara dos Deputados ainda tem uma agenda de prioridades a cumprir. Os temas que preocupam os deputados do colegiado n\u00e3o s\u00e3o apenas os projetos de lei em an\u00e1lise, mas tamb\u00e9m assuntos que j\u00e1 viraram lei e agora est\u00e3o em fase de implementa\u00e7\u00e3o, como o Plano Nacional de Educa\u00e7\u00e3o (PNE), aprovado pelo Congresso neste ano.<\/p>\n<div>\n<div class=\"alinhadoEsquerda\" id=\"fotoNoticia\" style=\"width: 230px;\">\n<div class=\"creditoFoto\"><img loading=\"lazy\" decoding=\"async\" style=\"width: 230px; height: 150px; border-width: 0px; border-color: currentColor; border-style: none;\" title=\"Dep. Glauber Braga\" alt=\"Dep. Glauber Braga\" src=\"http:\/\/www.camara.gov.br\/internet\/bancoimagem\/banco\/img201402241834156685582MED.JPG\" width=\"672\" height=\"440\" border=\"0\" \/><\/div>\n<div class=\"legenda\">Comiss\u00e3o de Educa\u00e7\u00e3o, presidida por Braga, tamb\u00e9m vai debater capital estrangeiro nas universidades.<\/div>\n<\/div>\n<div><\/div>\n<\/div>\n<p>A lei do PNE (Lei <a href=\"http:\/\/www2.camara.leg.br\/legin\/fed\/lei\/2014\/lei-13005-25-junho-2014-778970-norma-pl.html\" target=\"_blank\" rel=\"noopener\">13.005\/14<\/a>) estabelece 20 metas para os pr\u00f3ximos dez anos na educa\u00e7\u00e3o. A principal inova\u00e7\u00e3o em rela\u00e7\u00e3o ao plano anterior \u00e9 a obriga\u00e7\u00e3o de investimento de pelo menos 10% do Produto Interno Bruto (<span class=\"termoGlossario\" title=\"Indicador que mede a produ\u00e7\u00e3o total de bens e servi\u00e7os finais de um pa\u00eds, levando em conta tr\u00eas grupos principais: (1) agropecu\u00e1ria, abrangendo agricultura extrativa vegetal e pecu\u00e1ria; (2) ind\u00fastria, que engloba as \u00e1reas de extra\u00e7\u00e3o mineral, de transforma\u00e7\u00e3o, de servi\u00e7os industriais de utilidade p\u00fablica e de constru\u00e7\u00e3o civil; e (3) servi\u00e7os, que incluem com\u00e9rcio, transporte, comunica\u00e7\u00e3o, servi\u00e7os da administra\u00e7\u00e3o p\u00fablica e outros. A partir de uma compara\u00e7\u00e3o entre a produ\u00e7\u00e3o de um ano e do anterior, encontra-se a varia\u00e7\u00e3o anual do PIB.\">PIB<\/span>), em educa\u00e7\u00e3o. Outra meta \u00e9 a universaliza\u00e7\u00e3o da educa\u00e7\u00e3o infantil para crian\u00e7as de 4 a 5 anos at\u00e9 2016.<\/p>\n<p>As metas ser\u00e3o objeto de monitoramento por diversas inst\u00e2ncias, como o Minist\u00e9rio da Educa\u00e7\u00e3o, o Conselho Nacional de Educa\u00e7\u00e3o (CNE), e as comiss\u00f5es de Educa\u00e7\u00e3o da C\u00e2mara e do Senado, como destaca o presidente do colegiado na C\u00e2mara, deputado Glauber Braga (PSB-RJ).<\/p>\n<p>&#8220;\u00c9 importante que cada parlamentar da Comiss\u00e3o de Educa\u00e7\u00e3o possa fazer o acompanhamento do cumprimento das metas em tempo real\u201d, disse. Segundo ele, a assessoria t\u00e9cnica da comiss\u00e3o <a href=\"http:\/\/www2.camara.leg.br\/camaranoticias\/noticias\/EDUCACAO-E-CULTURA\/474892-NOTA-TECNICA-PERMITIRA-ACOMPANHAMENTO-DA-APLICACAO-DO-PNE.html\" target=\"_blank\" rel=\"noopener\">preparou um material<\/a> \u201cmuito interessante de acompanhamento e essa vai ser tamb\u00e9m uma tarefa da Comiss\u00e3o de Educa\u00e7\u00e3o na retomada dos trabalhos\u201d.<\/p>\n<p>Terceiro vice-presidente da comiss\u00e3o, o deputado Lelo Coimbra (PMDB-ES) acrescenta como tema de preocupa\u00e7\u00e3o dos parlamentares o acompanhamento da aplica\u00e7\u00e3o do piso salarial dos professores, previsto em lei de 2008 (<a href=\"http:\/\/www2.camara.leg.br\/legin\/fed\/lei\/2008\/lei-11738-16-julho-2008-578202-norma-pl.html\" target=\"_blank\" rel=\"noopener\">11.738\/08<\/a>).<\/p>\n<p>&#8220;J\u00e1 \u00e9 lei, mas a discuss\u00e3o quanto \u00e0 forma de acompanhamento da forma de reajuste tem sido preocupa\u00e7\u00e3o dos munic\u00edpios, mas tamb\u00e9m tem sido uma expectativa positiva dos deputados e do magist\u00e9rio p\u00fablico nacional\u201d, afirmou.<\/p>\n<p>Al\u00e9m da preocupa\u00e7\u00e3o com o PNE e com o piso do magist\u00e9rio, a pauta da Comiss\u00e3o de Educa\u00e7\u00e3o inclui propostas como o projeto que torna obrigat\u00f3ria a participa\u00e7\u00e3o no Exame Nacional do Ensino M\u00e9dio (Enem) para todos os alunos que conclu\u00edrem o ensino m\u00e9dio (<a href=\"http:\/\/www2.camara.leg.br\/camaranoticias\/noticias\/EDUCACAO-E-CULTURA\/470090-ENEM-PODERA-SER-OBRIGATORIO-PARA-ESTUDANTES-QUE-CONCLUIREM-ENSINO-MEDIO.html\" target=\"_blank\" rel=\"noopener\">PL 5956\/13<\/a>).<\/p>\n<p>O presidente Glauber Braga lembra tamb\u00e9m que a comiss\u00e3o discutir\u00e1 ainda neste ano, em audi\u00eancia p\u00fablica, a participa\u00e7\u00e3o de capital estrangeiro nas universidades p\u00fablicas.<\/p>\n<p>Fonte: Ag\u00eancia C\u00e2mara<\/p>\n","protected":false},"excerpt":{"rendered":"<p>As metas ser\u00e3o objeto de monitoramento por diversas inst\u00e2ncias, como o Minist\u00e9rio da Educa\u00e7\u00e3o, o Conselho Nacional de Educa\u00e7\u00e3o (CNE), e as comiss\u00f5es de Educa\u00e7\u00e3o da C\u00e2mara e do Senado, como destaca o presidente do colegiado na C\u00e2mara, deputado Glauber Braga (PSB-RJ). Da Ag\u00eancia C\u00e2mara.<\/p>\n","protected":false},"author":1,"featured_media":0,"comment_status":"open","ping_status":"open","sticky":false,"template":"","format":"standard","meta":{"site-container-style":"default","site-container-layout":"default","site-sidebar-layout":"default","disable-article-header":"default","disable-site-header":"default","disable-site-footer":"default","disable-content-area-spacing":"default","footnotes":""},"categories":[6],"tags":[],"class_list":["post-27152","post","type-post","status-publish","format-standard","hentry","category-educacao"],"yoast_head":"<!-- This site is optimized with the Yoast SEO plugin v27.4 - https:\/\/yoast.com\/product\/yoast-seo-wordpress\/ -->\n<title>Comiss\u00e3o vai acompanhar aplica\u00e7\u00e3o das metas do PNE e do piso do magist\u00e9rio -<\/title>\n<meta name=\"robots\" content=\"index, follow, max-snippet:-1, max-image-preview:large, max-video-preview:-1\" \/>\n<link rel=\"canonical\" href=\"https:\/\/inclusivenews.com.br\/?p=27152\" \/>\n<meta property=\"og:locale\" content=\"pt_PT\" \/>\n<meta property=\"og:type\" content=\"article\" \/>\n<meta property=\"og:title\" content=\"Comiss\u00e3o vai acompanhar aplica\u00e7\u00e3o das metas do PNE e do piso do magist\u00e9rio -\" \/>\n<meta property=\"og:description\" content=\"As metas ser\u00e3o objeto de monitoramento por diversas inst\u00e2ncias, como o Minist\u00e9rio da Educa\u00e7\u00e3o, o Conselho Nacional de Educa\u00e7\u00e3o (CNE), e as comiss\u00f5es de Educa\u00e7\u00e3o da C\u00e2mara e do Senado, como destaca o presidente do colegiado na C\u00e2mara, deputado Glauber Braga (PSB-RJ). Da Ag\u00eancia C\u00e2mara.\" \/>\n<meta property=\"og:url\" content=\"https:\/\/inclusivenews.com.br\/?p=27152\" \/>\n<meta property=\"article:publisher\" content=\"https:\/\/www.facebook.com\/agenciainclusive\/\" \/>\n<meta property=\"article:published_time\" content=\"2014-10-29T22:05:23+00:00\" \/>\n<meta property=\"og:image\" content=\"http:\/\/www.camara.gov.br\/internet\/bancoimagem\/banco\/img201402241834156685582MED.JPG\" \/>\n<meta name=\"author\" content=\"inclusivenews2024\" \/>\n<meta name=\"twitter:card\" content=\"summary_large_image\" \/>\n<meta name=\"twitter:label1\" content=\"Escrito por\" \/>\n\t<meta name=\"twitter:data1\" content=\"inclusivenews2024\" \/>\n\t<meta name=\"twitter:label2\" content=\"Tempo estimado de leitura\" \/>\n\t<meta name=\"twitter:data2\" content=\"2 minutos\" \/>\n<script type=\"application\/ld+json\" class=\"yoast-schema-graph\">{\"@context\":\"https:\\\/\\\/schema.org\",\"@graph\":[{\"@type\":\"Article\",\"@id\":\"https:\\\/\\\/inclusivenews.com.br\\\/?p=27152#article\",\"isPartOf\":{\"@id\":\"https:\\\/\\\/inclusivenews.com.br\\\/?p=27152\"},\"author\":{\"name\":\"inclusivenews2024\",\"@id\":\"https:\\\/\\\/inclusivenews.com.br\\\/#\\\/schema\\\/person\\\/ae4ec7087559b8692fb33b6fffd2273b\"},\"headline\":\"Comiss\u00e3o vai acompanhar aplica\u00e7\u00e3o das metas do PNE e do piso do magist\u00e9rio\",\"datePublished\":\"2014-10-29T22:05:23+00:00\",\"mainEntityOfPage\":{\"@id\":\"https:\\\/\\\/inclusivenews.com.br\\\/?p=27152\"},\"wordCount\":438,\"commentCount\":0,\"publisher\":{\"@id\":\"https:\\\/\\\/inclusivenews.com.br\\\/#organization\"},\"image\":{\"@id\":\"https:\\\/\\\/inclusivenews.com.br\\\/?p=27152#primaryimage\"},\"thumbnailUrl\":\"http:\\\/\\\/www.camara.gov.br\\\/internet\\\/bancoimagem\\\/banco\\\/img201402241834156685582MED.JPG\",\"articleSection\":[\"EDUCA\u00c7\u00c3O\"],\"inLanguage\":\"pt-PT\",\"potentialAction\":[{\"@type\":\"CommentAction\",\"name\":\"Comment\",\"target\":[\"https:\\\/\\\/inclusivenews.com.br\\\/?p=27152#respond\"]}]},{\"@type\":\"WebPage\",\"@id\":\"https:\\\/\\\/inclusivenews.com.br\\\/?p=27152\",\"url\":\"https:\\\/\\\/inclusivenews.com.br\\\/?p=27152\",\"name\":\"Comiss\u00e3o vai acompanhar aplica\u00e7\u00e3o das metas do PNE e do piso do magist\u00e9rio -\",\"isPartOf\":{\"@id\":\"https:\\\/\\\/inclusivenews.com.br\\\/#website\"},\"primaryImageOfPage\":{\"@id\":\"https:\\\/\\\/inclusivenews.com.br\\\/?p=27152#primaryimage\"},\"image\":{\"@id\":\"https:\\\/\\\/inclusivenews.com.br\\\/?p=27152#primaryimage\"},\"thumbnailUrl\":\"http:\\\/\\\/www.camara.gov.br\\\/internet\\\/bancoimagem\\\/banco\\\/img201402241834156685582MED.JPG\",\"datePublished\":\"2014-10-29T22:05:23+00:00\",\"breadcrumb\":{\"@id\":\"https:\\\/\\\/inclusivenews.com.br\\\/?p=27152#breadcrumb\"},\"inLanguage\":\"pt-PT\",\"potentialAction\":[{\"@type\":\"ReadAction\",\"target\":[\"https:\\\/\\\/inclusivenews.com.br\\\/?p=27152\"]}]},{\"@type\":\"ImageObject\",\"inLanguage\":\"pt-PT\",\"@id\":\"https:\\\/\\\/inclusivenews.com.br\\\/?p=27152#primaryimage\",\"url\":\"http:\\\/\\\/www.camara.gov.br\\\/internet\\\/bancoimagem\\\/banco\\\/img201402241834156685582MED.JPG\",\"contentUrl\":\"http:\\\/\\\/www.camara.gov.br\\\/internet\\\/bancoimagem\\\/banco\\\/img201402241834156685582MED.JPG\"},{\"@type\":\"BreadcrumbList\",\"@id\":\"https:\\\/\\\/inclusivenews.com.br\\\/?p=27152#breadcrumb\",\"itemListElement\":[{\"@type\":\"ListItem\",\"position\":1,\"name\":\"In\u00edcio\",\"item\":\"https:\\\/\\\/inclusivenews.com.br\\\/\"},{\"@type\":\"ListItem\",\"position\":2,\"name\":\"Comiss\u00e3o vai acompanhar aplica\u00e7\u00e3o das metas do PNE e do piso do magist\u00e9rio\"}]},{\"@type\":\"WebSite\",\"@id\":\"https:\\\/\\\/inclusivenews.com.br\\\/#website\",\"url\":\"https:\\\/\\\/inclusivenews.com.br\\\/\",\"name\":\"Inclusive News\",\"description\":\"Inclusive News\",\"publisher\":{\"@id\":\"https:\\\/\\\/inclusivenews.com.br\\\/#organization\"},\"potentialAction\":[{\"@type\":\"SearchAction\",\"target\":{\"@type\":\"EntryPoint\",\"urlTemplate\":\"https:\\\/\\\/inclusivenews.com.br\\\/?s={search_term_string}\"},\"query-input\":{\"@type\":\"PropertyValueSpecification\",\"valueRequired\":true,\"valueName\":\"search_term_string\"}}],\"inLanguage\":\"pt-PT\"},{\"@type\":\"Organization\",\"@id\":\"https:\\\/\\\/inclusivenews.com.br\\\/#organization\",\"name\":\"Inclusive - inclus\u00e3o e cidadania\",\"url\":\"https:\\\/\\\/inclusivenews.com.br\\\/\",\"logo\":{\"@type\":\"ImageObject\",\"inLanguage\":\"pt-PT\",\"@id\":\"https:\\\/\\\/inclusivenews.com.br\\\/#\\\/schema\\\/logo\\\/image\\\/\",\"url\":\"https:\\\/\\\/inclusivenews.com.br\\\/wp-content\\\/uploads\\\/2024\\\/03\\\/@grandesite.png\",\"contentUrl\":\"https:\\\/\\\/inclusivenews.com.br\\\/wp-content\\\/uploads\\\/2024\\\/03\\\/@grandesite.png\",\"width\":1080,\"height\":1080,\"caption\":\"Inclusive - inclus\u00e3o e cidadania\"},\"image\":{\"@id\":\"https:\\\/\\\/inclusivenews.com.br\\\/#\\\/schema\\\/logo\\\/image\\\/\"},\"sameAs\":[\"https:\\\/\\\/www.facebook.com\\\/agenciainclusive\\\/\",\"https:\\\/\\\/www.instagram.com\\\/newsinclusive\\\/\"]},{\"@type\":\"Person\",\"@id\":\"https:\\\/\\\/inclusivenews.com.br\\\/#\\\/schema\\\/person\\\/ae4ec7087559b8692fb33b6fffd2273b\",\"name\":\"inclusivenews2024\",\"image\":{\"@type\":\"ImageObject\",\"inLanguage\":\"pt-PT\",\"@id\":\"https:\\\/\\\/secure.gravatar.com\\\/avatar\\\/c5a7ef84c66fa914f55bc4f7ce26cfa275a3b9a1c5568b907bd184fb4dde7b40?s=96&d=mm&r=g\",\"url\":\"https:\\\/\\\/secure.gravatar.com\\\/avatar\\\/c5a7ef84c66fa914f55bc4f7ce26cfa275a3b9a1c5568b907bd184fb4dde7b40?s=96&d=mm&r=g\",\"contentUrl\":\"https:\\\/\\\/secure.gravatar.com\\\/avatar\\\/c5a7ef84c66fa914f55bc4f7ce26cfa275a3b9a1c5568b907bd184fb4dde7b40?s=96&d=mm&r=g\",\"caption\":\"inclusivenews2024\"},\"sameAs\":[\"https:\\\/\\\/inclusivenews.com.br\"],\"url\":\"https:\\\/\\\/inclusivenews.com.br\\\/?author=1\"}]}<\/script>\n<!-- \/ Yoast SEO plugin. -->","yoast_head_json":{"title":"Comiss\u00e3o vai acompanhar aplica\u00e7\u00e3o das metas do PNE e do piso do magist\u00e9rio -","robots":{"index":"index","follow":"follow","max-snippet":"max-snippet:-1","max-image-preview":"max-image-preview:large","max-video-preview":"max-video-preview:-1"},"canonical":"https:\/\/inclusivenews.com.br\/?p=27152","og_locale":"pt_PT","og_type":"article","og_title":"Comiss\u00e3o vai acompanhar aplica\u00e7\u00e3o das metas do PNE e do piso do magist\u00e9rio -","og_description":"As metas ser\u00e3o objeto de monitoramento por diversas inst\u00e2ncias, como o Minist\u00e9rio da Educa\u00e7\u00e3o, o Conselho Nacional de Educa\u00e7\u00e3o (CNE), e as comiss\u00f5es de Educa\u00e7\u00e3o da C\u00e2mara e do Senado, como destaca o presidente do colegiado na C\u00e2mara, deputado Glauber Braga (PSB-RJ). Da Ag\u00eancia C\u00e2mara.","og_url":"https:\/\/inclusivenews.com.br\/?p=27152","article_publisher":"https:\/\/www.facebook.com\/agenciainclusive\/","article_published_time":"2014-10-29T22:05:23+00:00","og_image":[{"url":"http:\/\/www.camara.gov.br\/internet\/bancoimagem\/banco\/img201402241834156685582MED.JPG","type":"","width":"","height":""}],"author":"inclusivenews2024","twitter_card":"summary_large_image","twitter_misc":{"Escrito por":"inclusivenews2024","Tempo estimado de leitura":"2 minutos"},"schema":{"@context":"https:\/\/schema.org","@graph":[{"@type":"Article","@id":"https:\/\/inclusivenews.com.br\/?p=27152#article","isPartOf":{"@id":"https:\/\/inclusivenews.com.br\/?p=27152"},"author":{"name":"inclusivenews2024","@id":"https:\/\/inclusivenews.com.br\/#\/schema\/person\/ae4ec7087559b8692fb33b6fffd2273b"},"headline":"Comiss\u00e3o vai acompanhar aplica\u00e7\u00e3o das metas do PNE e do piso do magist\u00e9rio","datePublished":"2014-10-29T22:05:23+00:00","mainEntityOfPage":{"@id":"https:\/\/inclusivenews.com.br\/?p=27152"},"wordCount":438,"commentCount":0,"publisher":{"@id":"https:\/\/inclusivenews.com.br\/#organization"},"image":{"@id":"https:\/\/inclusivenews.com.br\/?p=27152#primaryimage"},"thumbnailUrl":"http:\/\/www.camara.gov.br\/internet\/bancoimagem\/banco\/img201402241834156685582MED.JPG","articleSection":["EDUCA\u00c7\u00c3O"],"inLanguage":"pt-PT","potentialAction":[{"@type":"CommentAction","name":"Comment","target":["https:\/\/inclusivenews.com.br\/?p=27152#respond"]}]},{"@type":"WebPage","@id":"https:\/\/inclusivenews.com.br\/?p=27152","url":"https:\/\/inclusivenews.com.br\/?p=27152","name":"Comiss\u00e3o vai acompanhar aplica\u00e7\u00e3o das metas do PNE e do piso do magist\u00e9rio -","isPartOf":{"@id":"https:\/\/inclusivenews.com.br\/#website"},"primaryImageOfPage":{"@id":"https:\/\/inclusivenews.com.br\/?p=27152#primaryimage"},"image":{"@id":"https:\/\/inclusivenews.com.br\/?p=27152#primaryimage"},"thumbnailUrl":"http:\/\/www.camara.gov.br\/internet\/bancoimagem\/banco\/img201402241834156685582MED.JPG","datePublished":"2014-10-29T22:05:23+00:00","breadcrumb":{"@id":"https:\/\/inclusivenews.com.br\/?p=27152#breadcrumb"},"inLanguage":"pt-PT","potentialAction":[{"@type":"ReadAction","target":["https:\/\/inclusivenews.com.br\/?p=27152"]}]},{"@type":"ImageObject","inLanguage":"pt-PT","@id":"https:\/\/inclusivenews.com.br\/?p=27152#primaryimage","url":"http:\/\/www.camara.gov.br\/internet\/bancoimagem\/banco\/img201402241834156685582MED.JPG","contentUrl":"http:\/\/www.camara.gov.br\/internet\/bancoimagem\/banco\/img201402241834156685582MED.JPG"},{"@type":"BreadcrumbList","@id":"https:\/\/inclusivenews.com.br\/?p=27152#breadcrumb","itemListElement":[{"@type":"ListItem","position":1,"name":"In\u00edcio","item":"https:\/\/inclusivenews.com.br\/"},{"@type":"ListItem","position":2,"name":"Comiss\u00e3o vai acompanhar aplica\u00e7\u00e3o das metas do PNE e do piso do magist\u00e9rio"}]},{"@type":"WebSite","@id":"https:\/\/inclusivenews.com.br\/#website","url":"https:\/\/inclusivenews.com.br\/","name":"Inclusive News","description":"Inclusive News","publisher":{"@id":"https:\/\/inclusivenews.com.br\/#organization"},"potentialAction":[{"@type":"SearchAction","target":{"@type":"EntryPoint","urlTemplate":"https:\/\/inclusivenews.com.br\/?s={search_term_string}"},"query-input":{"@type":"PropertyValueSpecification","valueRequired":true,"valueName":"search_term_string"}}],"inLanguage":"pt-PT"},{"@type":"Organization","@id":"https:\/\/inclusivenews.com.br\/#organization","name":"Inclusive - inclus\u00e3o e cidadania","url":"https:\/\/inclusivenews.com.br\/","logo":{"@type":"ImageObject","inLanguage":"pt-PT","@id":"https:\/\/inclusivenews.com.br\/#\/schema\/logo\/image\/","url":"https:\/\/inclusivenews.com.br\/wp-content\/uploads\/2024\/03\/@grandesite.png","contentUrl":"https:\/\/inclusivenews.com.br\/wp-content\/uploads\/2024\/03\/@grandesite.png","width":1080,"height":1080,"caption":"Inclusive - inclus\u00e3o e cidadania"},"image":{"@id":"https:\/\/inclusivenews.com.br\/#\/schema\/logo\/image\/"},"sameAs":["https:\/\/www.facebook.com\/agenciainclusive\/","https:\/\/www.instagram.com\/newsinclusive\/"]},{"@type":"Person","@id":"https:\/\/inclusivenews.com.br\/#\/schema\/person\/ae4ec7087559b8692fb33b6fffd2273b","name":"inclusivenews2024","image":{"@type":"ImageObject","inLanguage":"pt-PT","@id":"https:\/\/secure.gravatar.com\/avatar\/c5a7ef84c66fa914f55bc4f7ce26cfa275a3b9a1c5568b907bd184fb4dde7b40?s=96&d=mm&r=g","url":"https:\/\/secure.gravatar.com\/avatar\/c5a7ef84c66fa914f55bc4f7ce26cfa275a3b9a1c5568b907bd184fb4dde7b40?s=96&d=mm&r=g","contentUrl":"https:\/\/secure.gravatar.com\/avatar\/c5a7ef84c66fa914f55bc4f7ce26cfa275a3b9a1c5568b907bd184fb4dde7b40?s=96&d=mm&r=g","caption":"inclusivenews2024"},"sameAs":["https:\/\/inclusivenews.com.br"],"url":"https:\/\/inclusivenews.com.br\/?author=1"}]}},"_links":{"self":[{"href":"https:\/\/inclusivenews.com.br\/index.php?rest_route=\/wp\/v2\/posts\/27152","targetHints":{"allow":["GET"]}}],"collection":[{"href":"https:\/\/inclusivenews.com.br\/index.php?rest_route=\/wp\/v2\/posts"}],"about":[{"href":"https:\/\/inclusivenews.com.br\/index.php?rest_route=\/wp\/v2\/types\/post"}],"author":[{"embeddable":true,"href":"https:\/\/inclusivenews.com.br\/index.php?rest_route=\/wp\/v2\/users\/1"}],"replies":[{"embeddable":true,"href":"https:\/\/inclusivenews.com.br\/index.php?rest_route=%2Fwp%2Fv2%2Fcomments&post=27152"}],"version-history":[{"count":0,"href":"https:\/\/inclusivenews.com.br\/index.php?rest_route=\/wp\/v2\/posts\/27152\/revisions"}],"wp:attachment":[{"href":"https:\/\/inclusivenews.com.br\/index.php?rest_route=%2Fwp%2Fv2%2Fmedia&parent=27152"}],"wp:term":[{"taxonomy":"category","embeddable":true,"href":"https:\/\/inclusivenews.com.br\/index.php?rest_route=%2Fwp%2Fv2%2Fcategories&post=27152"},{"taxonomy":"post_tag","embeddable":true,"href":"https:\/\/inclusivenews.com.br\/index.php?rest_route=%2Fwp%2Fv2%2Ftags&post=27152"}],"curies":[{"name":"wp","href":"https:\/\/api.w.org\/{rel}","templated":true}]}}