{"id":27156,"date":"2014-10-29T19:16:42","date_gmt":"2014-10-29T22:16:42","guid":{"rendered":"http:\/\/www.inclusive.org.br\/?p=27156"},"modified":"2014-10-29T19:16:42","modified_gmt":"2014-10-29T22:16:42","slug":"manifesto-sobre-a-situacao-da-educacao-escolar-indigena-e-lancado-em-brasilia","status":"publish","type":"post","link":"https:\/\/inclusivenews.com.br\/?p=27156","title":{"rendered":"Manifesto sobre a situa\u00e7\u00e3o da Educa\u00e7\u00e3o Escolar Ind\u00edgena \u00e9 lan\u00e7ado em Bras\u00edlia"},"content":{"rendered":"<p>Hoje, 29 de outubro, est\u00e1 sendo lan\u00e7ado o Manifesto Sobre A Educa\u00e7\u00e3o Escolar Ind\u00edgena No Brasil \u2013 Por Uma Educa\u00e7\u00e3o Descolonial e Libertadora, na Confer\u00eancia Nacional dos Bispos do Brasil, uma publica\u00e7\u00e3o do Conselho Indigenista Mission\u00e1rio (Cimi). A pesquisa e o relevamento de dados deste manifesto de 120 p\u00e1ginas, que pode ser considerado um dossi\u00ea, foram feitos pelos Regionais do Cimi e a sua organiza\u00e7\u00e3o por Em\u00edlia Altini, Eunice Dias de Paula, Gilberto Vieira dos Santos, Luiz Gouv\u00eaa de Paula e Rosimeire de Jesus Diniz Santos. O Manifesto \u00e9 dedicado aos povos ind\u00edgenas do Brasil que, apesar da nega\u00e7\u00e3o de suas formas pr\u00f3prias de educar, teimam em construir uma \u201coutra escola\u201d.<\/p>\n<figure style=\"width: 580px\" class=\"wp-caption alignnone\"><img loading=\"lazy\" decoding=\"async\" alt=\"Grupo de pessoas diante de um cartaz.\" src=\"http:\/\/www.cimi.org.br\/pub\/DF\/II%20Encontro%20de%20Educacao\/IMG_5977.JPG\" width=\"580\" height=\"386\" \/><figcaption class=\"wp-caption-text\">Foto: CIMI<\/figcaption><\/figure>\n<p>Tamb\u00e9m \u00e9 dedicado a todos os educadores e educadoras ind\u00edgenas. Fi\u00e9is aos seus povos e comunidades, fazem da escola e da educa\u00e7\u00e3o escolar um instrumento de resist\u00eancia contra toda forma de colonidade. O Manifesto divide-se em 12 cap\u00edtulos, abordando quest\u00f5es desde o hist\u00f3rico da educa\u00e7\u00e3o escolar ind\u00edgena, seus princ\u00edpios j\u00e1 consagrados na legisla\u00e7\u00e3o, a situa\u00e7\u00e3o dos docentes ind\u00edgenas e sua forma\u00e7\u00e3o, a infraestrutura das escolas ind\u00edgenas, sua organiza\u00e7\u00e3o e gest\u00e3o, at\u00e9 chegar aos territ\u00f3rios etnoeducacionais, \u00e0 cria\u00e7\u00e3o dos N\u00facleos de Educa\u00e7\u00e3o Escolar Ind\u00edgena (NEI), e chegando \u00e0 posi\u00e7\u00e3o do Estado Brasileiro, que desconsidera as formas pr\u00f3prias de organiza\u00e7\u00e3o dos povos origin\u00e1rios.<\/p>\n<p>O Manifesto conclui apresentando os desafios e perspectivas para os povos ind\u00edgenas, e afirma que h\u00e1 um enorme desconhecimento dos procedimentos did\u00e1ticos, dos conte\u00fados curriculares e do que \u00e9 considerado relevante para os povos ind\u00edgenas. Isso termina por gerar uma valoriza\u00e7\u00e3o desigual dos saberes, sendo consideradas perif\u00e9ricas algumas das dimens\u00f5es que na vida ind\u00edgena s\u00e3o centrais. Habermas (2004, p.172) \u00e9 citado: \u201ca discrimina\u00e7\u00e3o n\u00e3o pode ser abolida pela independ\u00eancia nacional, mas apenas por meio de uma inclus\u00e3o que tenha suficiente sensibilidade para a origem cultural das diferen\u00e7as individuais e culturais espec\u00edficas\u201d. Isso significa que, para os povos ind\u00edgenas, a independ\u00eancia do Brasil n\u00e3o representou mudan\u00e7a na posi\u00e7\u00e3o dos povos ind\u00edgenas em rela\u00e7\u00e3o ao Estado, que precisam ser conscientes dessa realidade imposta pelo projeto colonial.<\/p>\n<p>Portanto, a educa\u00e7\u00e3o escolar ind\u00edgena deve ser convertida em mais um instrumento de resist\u00eancia e de liberta\u00e7\u00e3o. Para o Manifesto, h\u00e1 experi\u00eancias em andamento que mostram a viabilidade de se organizar a educa\u00e7\u00e3o escolar em \u201csistemas abertos\u201d, sem separa\u00e7\u00f5es r\u00edgidas entre classes ou s\u00e9ries, que se ajustam melhor aos princ\u00edpios educativos ind\u00edgenas: aprender fazendo, aprender com os mais velhos. Em suas conclus\u00f5es, alerta que transformar a escola em ferramenta de luta n\u00e3o \u00e9 tarefa f\u00e1cil e que, para isso, n\u00e3o basta mudar sua apar\u00eancia, seus curr\u00edculos, seus calend\u00e1rios.<\/p>\n<p>\u00c9 preciso modificar toda a sua l\u00f3gica, sua fundamenta\u00e7\u00e3o, seus objetivos e ess\u00eancia. \u00c9 importante manter vivas certas perguntas: Que escolas estamos produzindo? Quais saberes a escola mobiliza? Quais verdades ela institui? Quais outras verdades ela desautoriza? para citar apenas algumas das grandes perguntas levantadas. E para finalizar, o Manifesto conclui que o Estado Brasileiro perpetua pr\u00e1ticas colonialistas revestidas de novas roupagens. Em Bras\u00edlia, Luciana Gaffr\u00e9e 29 de outubro de 2014.<\/p>\n<p>Fonte: <a href=\"http:\/\/www.cimi.org.br\/site\/pt-br\/?system=news&amp;conteudo_id=7807&amp;action=read\" target=\"_blank\" rel=\"noopener\">CIMI<\/a><\/p>\n","protected":false},"excerpt":{"rendered":"<p>O Manifesto conclui apresentando os desafios e perspectivas para os povos ind\u00edgenas, e afirma que h\u00e1 um enorme desconhecimento dos procedimentos did\u00e1ticos, dos conte\u00fados curriculares e do que \u00e9 considerado relevante para os povos ind\u00edgenas. Isso termina por gerar uma valoriza\u00e7\u00e3o desigual dos saberes, sendo consideradas perif\u00e9ricas algumas das dimens\u00f5es que na vida ind\u00edgena s\u00e3o centrais. Informa\u00e7\u00e3o vem doi CIMI.<\/p>\n","protected":false},"author":1,"featured_media":0,"comment_status":"open","ping_status":"open","sticky":false,"template":"","format":"standard","meta":{"site-container-style":"default","site-container-layout":"default","site-sidebar-layout":"default","disable-article-header":"default","disable-site-header":"default","disable-site-footer":"default","disable-content-area-spacing":"default","footnotes":""},"categories":[11,6],"tags":[299],"class_list":["post-27156","post","type-post","status-publish","format-standard","hentry","category-direitos-humanos","category-educacao","tag-educacao-indigena"],"yoast_head":"<!-- This site is optimized with the Yoast SEO plugin v27.4 - https:\/\/yoast.com\/product\/yoast-seo-wordpress\/ -->\n<title>Manifesto sobre a situa\u00e7\u00e3o da Educa\u00e7\u00e3o Escolar Ind\u00edgena \u00e9 lan\u00e7ado em Bras\u00edlia -<\/title>\n<meta name=\"robots\" content=\"index, follow, max-snippet:-1, max-image-preview:large, max-video-preview:-1\" \/>\n<link rel=\"canonical\" href=\"https:\/\/inclusivenews.com.br\/?p=27156\" \/>\n<meta property=\"og:locale\" content=\"pt_PT\" \/>\n<meta property=\"og:type\" content=\"article\" \/>\n<meta property=\"og:title\" content=\"Manifesto sobre a situa\u00e7\u00e3o da Educa\u00e7\u00e3o Escolar Ind\u00edgena \u00e9 lan\u00e7ado em Bras\u00edlia -\" \/>\n<meta property=\"og:description\" content=\"O Manifesto conclui apresentando os desafios e perspectivas para os povos ind\u00edgenas, e afirma que h\u00e1 um enorme desconhecimento dos procedimentos did\u00e1ticos, dos conte\u00fados curriculares e do que \u00e9 considerado relevante para os povos ind\u00edgenas. Isso termina por gerar uma valoriza\u00e7\u00e3o desigual dos saberes, sendo consideradas perif\u00e9ricas algumas das dimens\u00f5es que na vida ind\u00edgena s\u00e3o centrais. Informa\u00e7\u00e3o vem doi CIMI.\" \/>\n<meta property=\"og:url\" content=\"https:\/\/inclusivenews.com.br\/?p=27156\" \/>\n<meta property=\"article:publisher\" content=\"https:\/\/www.facebook.com\/agenciainclusive\/\" \/>\n<meta property=\"article:published_time\" content=\"2014-10-29T22:16:42+00:00\" \/>\n<meta property=\"og:image\" content=\"http:\/\/www.cimi.org.br\/pub\/DF\/II%20Encontro%20de%20Educacao\/IMG_5977.JPG\" \/>\n<meta name=\"author\" content=\"inclusivenews2024\" \/>\n<meta name=\"twitter:card\" content=\"summary_large_image\" \/>\n<meta name=\"twitter:label1\" content=\"Escrito por\" \/>\n\t<meta name=\"twitter:data1\" content=\"inclusivenews2024\" \/>\n\t<meta name=\"twitter:label2\" content=\"Tempo estimado de leitura\" \/>\n\t<meta name=\"twitter:data2\" content=\"3 minutos\" \/>\n<script type=\"application\/ld+json\" class=\"yoast-schema-graph\">{\"@context\":\"https:\\\/\\\/schema.org\",\"@graph\":[{\"@type\":\"Article\",\"@id\":\"https:\\\/\\\/inclusivenews.com.br\\\/?p=27156#article\",\"isPartOf\":{\"@id\":\"https:\\\/\\\/inclusivenews.com.br\\\/?p=27156\"},\"author\":{\"name\":\"inclusivenews2024\",\"@id\":\"https:\\\/\\\/inclusivenews.com.br\\\/#\\\/schema\\\/person\\\/ae4ec7087559b8692fb33b6fffd2273b\"},\"headline\":\"Manifesto sobre a situa\u00e7\u00e3o da Educa\u00e7\u00e3o Escolar Ind\u00edgena \u00e9 lan\u00e7ado em Bras\u00edlia\",\"datePublished\":\"2014-10-29T22:16:42+00:00\",\"mainEntityOfPage\":{\"@id\":\"https:\\\/\\\/inclusivenews.com.br\\\/?p=27156\"},\"wordCount\":592,\"commentCount\":1,\"publisher\":{\"@id\":\"https:\\\/\\\/inclusivenews.com.br\\\/#organization\"},\"image\":{\"@id\":\"https:\\\/\\\/inclusivenews.com.br\\\/?p=27156#primaryimage\"},\"thumbnailUrl\":\"http:\\\/\\\/www.cimi.org.br\\\/pub\\\/DF\\\/II%20Encontro%20de%20Educacao\\\/IMG_5977.JPG\",\"keywords\":[\"educa\u00e7\u00e3o ind\u00edgena\"],\"articleSection\":[\"DIREITOS HUMANOS\",\"EDUCA\u00c7\u00c3O\"],\"inLanguage\":\"pt-PT\",\"potentialAction\":[{\"@type\":\"CommentAction\",\"name\":\"Comment\",\"target\":[\"https:\\\/\\\/inclusivenews.com.br\\\/?p=27156#respond\"]}]},{\"@type\":\"WebPage\",\"@id\":\"https:\\\/\\\/inclusivenews.com.br\\\/?p=27156\",\"url\":\"https:\\\/\\\/inclusivenews.com.br\\\/?p=27156\",\"name\":\"Manifesto sobre a situa\u00e7\u00e3o da Educa\u00e7\u00e3o Escolar Ind\u00edgena \u00e9 lan\u00e7ado em Bras\u00edlia -\",\"isPartOf\":{\"@id\":\"https:\\\/\\\/inclusivenews.com.br\\\/#website\"},\"primaryImageOfPage\":{\"@id\":\"https:\\\/\\\/inclusivenews.com.br\\\/?p=27156#primaryimage\"},\"image\":{\"@id\":\"https:\\\/\\\/inclusivenews.com.br\\\/?p=27156#primaryimage\"},\"thumbnailUrl\":\"http:\\\/\\\/www.cimi.org.br\\\/pub\\\/DF\\\/II%20Encontro%20de%20Educacao\\\/IMG_5977.JPG\",\"datePublished\":\"2014-10-29T22:16:42+00:00\",\"breadcrumb\":{\"@id\":\"https:\\\/\\\/inclusivenews.com.br\\\/?p=27156#breadcrumb\"},\"inLanguage\":\"pt-PT\",\"potentialAction\":[{\"@type\":\"ReadAction\",\"target\":[\"https:\\\/\\\/inclusivenews.com.br\\\/?p=27156\"]}]},{\"@type\":\"ImageObject\",\"inLanguage\":\"pt-PT\",\"@id\":\"https:\\\/\\\/inclusivenews.com.br\\\/?p=27156#primaryimage\",\"url\":\"http:\\\/\\\/www.cimi.org.br\\\/pub\\\/DF\\\/II%20Encontro%20de%20Educacao\\\/IMG_5977.JPG\",\"contentUrl\":\"http:\\\/\\\/www.cimi.org.br\\\/pub\\\/DF\\\/II%20Encontro%20de%20Educacao\\\/IMG_5977.JPG\"},{\"@type\":\"BreadcrumbList\",\"@id\":\"https:\\\/\\\/inclusivenews.com.br\\\/?p=27156#breadcrumb\",\"itemListElement\":[{\"@type\":\"ListItem\",\"position\":1,\"name\":\"In\u00edcio\",\"item\":\"https:\\\/\\\/inclusivenews.com.br\\\/\"},{\"@type\":\"ListItem\",\"position\":2,\"name\":\"Manifesto sobre a situa\u00e7\u00e3o da Educa\u00e7\u00e3o Escolar Ind\u00edgena \u00e9 lan\u00e7ado em Bras\u00edlia\"}]},{\"@type\":\"WebSite\",\"@id\":\"https:\\\/\\\/inclusivenews.com.br\\\/#website\",\"url\":\"https:\\\/\\\/inclusivenews.com.br\\\/\",\"name\":\"Inclusive News\",\"description\":\"Inclusive News\",\"publisher\":{\"@id\":\"https:\\\/\\\/inclusivenews.com.br\\\/#organization\"},\"potentialAction\":[{\"@type\":\"SearchAction\",\"target\":{\"@type\":\"EntryPoint\",\"urlTemplate\":\"https:\\\/\\\/inclusivenews.com.br\\\/?s={search_term_string}\"},\"query-input\":{\"@type\":\"PropertyValueSpecification\",\"valueRequired\":true,\"valueName\":\"search_term_string\"}}],\"inLanguage\":\"pt-PT\"},{\"@type\":\"Organization\",\"@id\":\"https:\\\/\\\/inclusivenews.com.br\\\/#organization\",\"name\":\"Inclusive - inclus\u00e3o e cidadania\",\"url\":\"https:\\\/\\\/inclusivenews.com.br\\\/\",\"logo\":{\"@type\":\"ImageObject\",\"inLanguage\":\"pt-PT\",\"@id\":\"https:\\\/\\\/inclusivenews.com.br\\\/#\\\/schema\\\/logo\\\/image\\\/\",\"url\":\"https:\\\/\\\/inclusivenews.com.br\\\/wp-content\\\/uploads\\\/2024\\\/03\\\/@grandesite.png\",\"contentUrl\":\"https:\\\/\\\/inclusivenews.com.br\\\/wp-content\\\/uploads\\\/2024\\\/03\\\/@grandesite.png\",\"width\":1080,\"height\":1080,\"caption\":\"Inclusive - inclus\u00e3o e cidadania\"},\"image\":{\"@id\":\"https:\\\/\\\/inclusivenews.com.br\\\/#\\\/schema\\\/logo\\\/image\\\/\"},\"sameAs\":[\"https:\\\/\\\/www.facebook.com\\\/agenciainclusive\\\/\",\"https:\\\/\\\/www.instagram.com\\\/newsinclusive\\\/\"]},{\"@type\":\"Person\",\"@id\":\"https:\\\/\\\/inclusivenews.com.br\\\/#\\\/schema\\\/person\\\/ae4ec7087559b8692fb33b6fffd2273b\",\"name\":\"inclusivenews2024\",\"image\":{\"@type\":\"ImageObject\",\"inLanguage\":\"pt-PT\",\"@id\":\"https:\\\/\\\/secure.gravatar.com\\\/avatar\\\/c5a7ef84c66fa914f55bc4f7ce26cfa275a3b9a1c5568b907bd184fb4dde7b40?s=96&d=mm&r=g\",\"url\":\"https:\\\/\\\/secure.gravatar.com\\\/avatar\\\/c5a7ef84c66fa914f55bc4f7ce26cfa275a3b9a1c5568b907bd184fb4dde7b40?s=96&d=mm&r=g\",\"contentUrl\":\"https:\\\/\\\/secure.gravatar.com\\\/avatar\\\/c5a7ef84c66fa914f55bc4f7ce26cfa275a3b9a1c5568b907bd184fb4dde7b40?s=96&d=mm&r=g\",\"caption\":\"inclusivenews2024\"},\"sameAs\":[\"https:\\\/\\\/inclusivenews.com.br\"],\"url\":\"https:\\\/\\\/inclusivenews.com.br\\\/?author=1\"}]}<\/script>\n<!-- \/ Yoast SEO plugin. -->","yoast_head_json":{"title":"Manifesto sobre a situa\u00e7\u00e3o da Educa\u00e7\u00e3o Escolar Ind\u00edgena \u00e9 lan\u00e7ado em Bras\u00edlia -","robots":{"index":"index","follow":"follow","max-snippet":"max-snippet:-1","max-image-preview":"max-image-preview:large","max-video-preview":"max-video-preview:-1"},"canonical":"https:\/\/inclusivenews.com.br\/?p=27156","og_locale":"pt_PT","og_type":"article","og_title":"Manifesto sobre a situa\u00e7\u00e3o da Educa\u00e7\u00e3o Escolar Ind\u00edgena \u00e9 lan\u00e7ado em Bras\u00edlia -","og_description":"O Manifesto conclui apresentando os desafios e perspectivas para os povos ind\u00edgenas, e afirma que h\u00e1 um enorme desconhecimento dos procedimentos did\u00e1ticos, dos conte\u00fados curriculares e do que \u00e9 considerado relevante para os povos ind\u00edgenas. Isso termina por gerar uma valoriza\u00e7\u00e3o desigual dos saberes, sendo consideradas perif\u00e9ricas algumas das dimens\u00f5es que na vida ind\u00edgena s\u00e3o centrais. Informa\u00e7\u00e3o vem doi CIMI.","og_url":"https:\/\/inclusivenews.com.br\/?p=27156","article_publisher":"https:\/\/www.facebook.com\/agenciainclusive\/","article_published_time":"2014-10-29T22:16:42+00:00","og_image":[{"url":"http:\/\/www.cimi.org.br\/pub\/DF\/II%20Encontro%20de%20Educacao\/IMG_5977.JPG","type":"","width":"","height":""}],"author":"inclusivenews2024","twitter_card":"summary_large_image","twitter_misc":{"Escrito por":"inclusivenews2024","Tempo estimado de leitura":"3 minutos"},"schema":{"@context":"https:\/\/schema.org","@graph":[{"@type":"Article","@id":"https:\/\/inclusivenews.com.br\/?p=27156#article","isPartOf":{"@id":"https:\/\/inclusivenews.com.br\/?p=27156"},"author":{"name":"inclusivenews2024","@id":"https:\/\/inclusivenews.com.br\/#\/schema\/person\/ae4ec7087559b8692fb33b6fffd2273b"},"headline":"Manifesto sobre a situa\u00e7\u00e3o da Educa\u00e7\u00e3o Escolar Ind\u00edgena \u00e9 lan\u00e7ado em Bras\u00edlia","datePublished":"2014-10-29T22:16:42+00:00","mainEntityOfPage":{"@id":"https:\/\/inclusivenews.com.br\/?p=27156"},"wordCount":592,"commentCount":1,"publisher":{"@id":"https:\/\/inclusivenews.com.br\/#organization"},"image":{"@id":"https:\/\/inclusivenews.com.br\/?p=27156#primaryimage"},"thumbnailUrl":"http:\/\/www.cimi.org.br\/pub\/DF\/II%20Encontro%20de%20Educacao\/IMG_5977.JPG","keywords":["educa\u00e7\u00e3o ind\u00edgena"],"articleSection":["DIREITOS HUMANOS","EDUCA\u00c7\u00c3O"],"inLanguage":"pt-PT","potentialAction":[{"@type":"CommentAction","name":"Comment","target":["https:\/\/inclusivenews.com.br\/?p=27156#respond"]}]},{"@type":"WebPage","@id":"https:\/\/inclusivenews.com.br\/?p=27156","url":"https:\/\/inclusivenews.com.br\/?p=27156","name":"Manifesto sobre a situa\u00e7\u00e3o da Educa\u00e7\u00e3o Escolar Ind\u00edgena \u00e9 lan\u00e7ado em Bras\u00edlia -","isPartOf":{"@id":"https:\/\/inclusivenews.com.br\/#website"},"primaryImageOfPage":{"@id":"https:\/\/inclusivenews.com.br\/?p=27156#primaryimage"},"image":{"@id":"https:\/\/inclusivenews.com.br\/?p=27156#primaryimage"},"thumbnailUrl":"http:\/\/www.cimi.org.br\/pub\/DF\/II%20Encontro%20de%20Educacao\/IMG_5977.JPG","datePublished":"2014-10-29T22:16:42+00:00","breadcrumb":{"@id":"https:\/\/inclusivenews.com.br\/?p=27156#breadcrumb"},"inLanguage":"pt-PT","potentialAction":[{"@type":"ReadAction","target":["https:\/\/inclusivenews.com.br\/?p=27156"]}]},{"@type":"ImageObject","inLanguage":"pt-PT","@id":"https:\/\/inclusivenews.com.br\/?p=27156#primaryimage","url":"http:\/\/www.cimi.org.br\/pub\/DF\/II%20Encontro%20de%20Educacao\/IMG_5977.JPG","contentUrl":"http:\/\/www.cimi.org.br\/pub\/DF\/II%20Encontro%20de%20Educacao\/IMG_5977.JPG"},{"@type":"BreadcrumbList","@id":"https:\/\/inclusivenews.com.br\/?p=27156#breadcrumb","itemListElement":[{"@type":"ListItem","position":1,"name":"In\u00edcio","item":"https:\/\/inclusivenews.com.br\/"},{"@type":"ListItem","position":2,"name":"Manifesto sobre a situa\u00e7\u00e3o da Educa\u00e7\u00e3o Escolar Ind\u00edgena \u00e9 lan\u00e7ado em Bras\u00edlia"}]},{"@type":"WebSite","@id":"https:\/\/inclusivenews.com.br\/#website","url":"https:\/\/inclusivenews.com.br\/","name":"Inclusive News","description":"Inclusive News","publisher":{"@id":"https:\/\/inclusivenews.com.br\/#organization"},"potentialAction":[{"@type":"SearchAction","target":{"@type":"EntryPoint","urlTemplate":"https:\/\/inclusivenews.com.br\/?s={search_term_string}"},"query-input":{"@type":"PropertyValueSpecification","valueRequired":true,"valueName":"search_term_string"}}],"inLanguage":"pt-PT"},{"@type":"Organization","@id":"https:\/\/inclusivenews.com.br\/#organization","name":"Inclusive - inclus\u00e3o e cidadania","url":"https:\/\/inclusivenews.com.br\/","logo":{"@type":"ImageObject","inLanguage":"pt-PT","@id":"https:\/\/inclusivenews.com.br\/#\/schema\/logo\/image\/","url":"https:\/\/inclusivenews.com.br\/wp-content\/uploads\/2024\/03\/@grandesite.png","contentUrl":"https:\/\/inclusivenews.com.br\/wp-content\/uploads\/2024\/03\/@grandesite.png","width":1080,"height":1080,"caption":"Inclusive - inclus\u00e3o e cidadania"},"image":{"@id":"https:\/\/inclusivenews.com.br\/#\/schema\/logo\/image\/"},"sameAs":["https:\/\/www.facebook.com\/agenciainclusive\/","https:\/\/www.instagram.com\/newsinclusive\/"]},{"@type":"Person","@id":"https:\/\/inclusivenews.com.br\/#\/schema\/person\/ae4ec7087559b8692fb33b6fffd2273b","name":"inclusivenews2024","image":{"@type":"ImageObject","inLanguage":"pt-PT","@id":"https:\/\/secure.gravatar.com\/avatar\/c5a7ef84c66fa914f55bc4f7ce26cfa275a3b9a1c5568b907bd184fb4dde7b40?s=96&d=mm&r=g","url":"https:\/\/secure.gravatar.com\/avatar\/c5a7ef84c66fa914f55bc4f7ce26cfa275a3b9a1c5568b907bd184fb4dde7b40?s=96&d=mm&r=g","contentUrl":"https:\/\/secure.gravatar.com\/avatar\/c5a7ef84c66fa914f55bc4f7ce26cfa275a3b9a1c5568b907bd184fb4dde7b40?s=96&d=mm&r=g","caption":"inclusivenews2024"},"sameAs":["https:\/\/inclusivenews.com.br"],"url":"https:\/\/inclusivenews.com.br\/?author=1"}]}},"_links":{"self":[{"href":"https:\/\/inclusivenews.com.br\/index.php?rest_route=\/wp\/v2\/posts\/27156","targetHints":{"allow":["GET"]}}],"collection":[{"href":"https:\/\/inclusivenews.com.br\/index.php?rest_route=\/wp\/v2\/posts"}],"about":[{"href":"https:\/\/inclusivenews.com.br\/index.php?rest_route=\/wp\/v2\/types\/post"}],"author":[{"embeddable":true,"href":"https:\/\/inclusivenews.com.br\/index.php?rest_route=\/wp\/v2\/users\/1"}],"replies":[{"embeddable":true,"href":"https:\/\/inclusivenews.com.br\/index.php?rest_route=%2Fwp%2Fv2%2Fcomments&post=27156"}],"version-history":[{"count":0,"href":"https:\/\/inclusivenews.com.br\/index.php?rest_route=\/wp\/v2\/posts\/27156\/revisions"}],"wp:attachment":[{"href":"https:\/\/inclusivenews.com.br\/index.php?rest_route=%2Fwp%2Fv2%2Fmedia&parent=27156"}],"wp:term":[{"taxonomy":"category","embeddable":true,"href":"https:\/\/inclusivenews.com.br\/index.php?rest_route=%2Fwp%2Fv2%2Fcategories&post=27156"},{"taxonomy":"post_tag","embeddable":true,"href":"https:\/\/inclusivenews.com.br\/index.php?rest_route=%2Fwp%2Fv2%2Ftags&post=27156"}],"curies":[{"name":"wp","href":"https:\/\/api.w.org\/{rel}","templated":true}]}}