{"id":27159,"date":"2014-10-31T12:31:49","date_gmt":"2014-10-31T15:31:49","guid":{"rendered":"http:\/\/www.inclusive.org.br\/?p=27159"},"modified":"2014-10-31T12:31:49","modified_gmt":"2014-10-31T15:31:49","slug":"seminario-internacional-discute-moradias-independentes-para-pessoas-com-deficiencia","status":"publish","type":"post","link":"https:\/\/inclusivenews.com.br\/?p=27159","title":{"rendered":"Semin\u00e1rio internacional discute moradias independentes para pessoas com defici\u00eancia"},"content":{"rendered":"<p><img loading=\"lazy\" decoding=\"async\" class=\"alignnone  wp-image-27160\" alt=\"Logo deficiencia - Cidades e inclusao social - moradia independente para pessoas com deficiencia.\" src=\"http:\/\/inclusivenews.com.br\/wp-content\/uploads\/cidaes.jpeg\" width=\"521\" height=\"234\" \/><\/p>\n<p>Moradia para pessoas com defici\u00eancia \u00e9 tema de semin\u00e1rio internacional<\/p>\n<p>Instituto JNG re\u00fane arquitetos, pol\u00edticos e fam\u00edlias com o objetivo de discutir um<\/p>\n<p>modelo para o Brasil<\/p>\n<p>O Instituto JNG (<a href=\"www.institutojng.org.br\">www.institutojng.org.br<\/a>) &#8211; Organiza\u00e7\u00e3o Social de Interesse<\/p>\n<p>P\u00fablico &#8211; promove, no dia 13 de novembro, o semin\u00e1rio internacional \u201cCidades e<\/p>\n<p>Inclus\u00e3o Social \u2013 Moradias Independentes para Pessoas com Defici\u00eancia\u201d,<\/p>\n<p>reunindo arquitetos, urbanistas, respons\u00e1veis por pol\u00edticas p\u00fablicas,<\/p>\n<p>profissionais de sa\u00fade e fam\u00edlias. Julian Boswell, arquiteto e diretor da Sherlock<\/p>\n<p>Boswell Architecture, e David Williams, diretor da Ability Housing Association,<\/p>\n<p>que administra mais de mil moradias independentes com suporte<\/p>\n<p>individualizado na Inglaterra, apresentar\u00e3o suas experi\u00eancias e relatos de<\/p>\n<p>moradores que aumentaram o n\u00edvel de independ\u00eancia e autonomia a partir de<\/p>\n<p>uma nova vis\u00e3o sobre a inclus\u00e3o social. Na ocasi\u00e3o, a Universidade de S\u00e3o Paulo<\/p>\n<p>(USP) apresentar\u00e1 uma pesquisa in\u00e9dita sobre as necessidades e os custos<\/p>\n<p>adicionais para que pessoas com defici\u00eancia tenham uma vida independente.<\/p>\n<p>Dados do Instituto Brasileiro de Geografia e Estat\u00edstica (IBGE) apontam que 45,6<\/p>\n<p>milh\u00f5es de pessoas declararam ter ao menos um tipo de defici\u00eancia no pa\u00eds, ou<\/p>\n<p>seja, 23% da popula\u00e7\u00e3o brasileira. Durante o encontro, o IBGE apresentar\u00e1 uma<\/p>\n<p>an\u00e1lise demogr\u00e1fica sobre a defici\u00eancia f\u00edsica, sensorial e mental\/intelectual no<\/p>\n<p>Brasil.\u00a0\u201cMorar sozinho deve ser uma op\u00e7\u00e3o para todos. Vivenciamos esta<\/p>\n<p>realidade e sabemos da dificuldade de um suporte que respeite e, inclusive,<\/p>\n<p>amplie o grau de autonomia de pessoas com defici\u00eancia. Por isso, criamos uma<\/p>\n<p>rede de parceiros para a constru\u00e7\u00e3o de alternativas saud\u00e1veis, para que elas<\/p>\n<p>vivam bem ap\u00f3s a morte de seus pais ou respons\u00e1veis\u201d, afirma Fl\u00e1via Poppe,<\/p>\n<p>presidente do Instituto JNG.<\/p>\n<p>A experi\u00eancia brit\u00e2nica comprova que qualquer pessoa pode morar sozinha, o<\/p>\n<p>que varia \u00e9 a quantidade de recursos necess\u00e1rios para apoi\u00e1-la. \u201cN\u00e3o se trata de<\/p>\n<p>copiar o modelo utilizado na Inglaterra, mas discuti-lo e adapt\u00e1-lo da melhor<\/p>\n<p>forma poss\u00edvel para a nossa realidade\u201d, avalia Poppe.<\/p>\n<p>O semin\u00e1rio,\u00a0que acontece no Pal\u00e1cio S\u00e3o Clemente, no Rio de Janeiro, das 8h30<\/p>\n<p>\u00e0s 17h30,\u00a0reunir\u00e1 pesquisadores e profissionais como Izabel Maior, professora<\/p>\n<p>de Medicina da Universidade Federal do Rio de Janeiro (UFRJ) e ex-secret\u00e1ria<\/p>\n<p>dos Direitos das Pessoas com Defici\u00eancia da Presid\u00eancia da Rep\u00fablica;<\/p>\n<p>Washington Fajardo, presidente do Instituto Rio Patrim\u00f4nio da Humanidade; e<\/p>\n<p>Alicia Bercovich, diretora de Pesquisas do IBGE, entre outros.<\/p>\n<p>A programa\u00e7\u00e3o completa est\u00e1 dispon\u00edvel <a href=\"http:\/\/jngprojetosinclusao.org.br\/web\/uploads\/assets\/images\/programacao.jpg\">neste link<\/a>.<\/p>\n","protected":false},"excerpt":{"rendered":"<p>O evento organizado pelo Instituto JNG, re\u00fane arquitetos, pol\u00edticos e fam\u00edlias com o objetivo de discutir um modelo para o Brasil dia 13\/11 no Rio.<\/p>\n","protected":false},"author":1,"featured_media":0,"comment_status":"open","ping_status":"open","sticky":false,"template":"","format":"standard","meta":{"site-container-style":"default","site-container-layout":"default","site-sidebar-layout":"default","disable-article-header":"default","disable-site-header":"default","disable-site-footer":"default","disable-content-area-spacing":"default","footnotes":""},"categories":[44,103,38,11,48,26,49],"tags":[],"class_list":["post-27159","post","type-post","status-publish","format-standard","hentry","category-acessibilidade","category-comunidades","category-deficiencia","category-direitos-humanos","category-inclusao","category-legislacao","category-politicas-publicas"],"yoast_head":"<!-- This site is optimized with the Yoast SEO plugin v27.4 - https:\/\/yoast.com\/product\/yoast-seo-wordpress\/ -->\n<title>Semin\u00e1rio internacional discute moradias independentes para pessoas com defici\u00eancia -<\/title>\n<meta name=\"robots\" content=\"index, follow, max-snippet:-1, max-image-preview:large, max-video-preview:-1\" \/>\n<link rel=\"canonical\" href=\"https:\/\/inclusivenews.com.br\/?p=27159\" \/>\n<meta property=\"og:locale\" content=\"pt_PT\" \/>\n<meta property=\"og:type\" content=\"article\" \/>\n<meta property=\"og:title\" content=\"Semin\u00e1rio internacional discute moradias independentes para pessoas com defici\u00eancia -\" \/>\n<meta property=\"og:description\" content=\"O evento organizado pelo Instituto JNG, re\u00fane arquitetos, pol\u00edticos e fam\u00edlias com o objetivo de discutir um modelo para o Brasil dia 13\/11 no Rio.\" \/>\n<meta property=\"og:url\" content=\"https:\/\/inclusivenews.com.br\/?p=27159\" \/>\n<meta property=\"article:publisher\" content=\"https:\/\/www.facebook.com\/agenciainclusive\/\" \/>\n<meta property=\"article:published_time\" content=\"2014-10-31T15:31:49+00:00\" \/>\n<meta property=\"og:image\" content=\"http:\/\/inclusivenews.com.br\/wp-content\/uploads\/cidaes.jpeg\" \/>\n<meta name=\"author\" content=\"inclusivenews2024\" \/>\n<meta name=\"twitter:card\" content=\"summary_large_image\" \/>\n<meta name=\"twitter:label1\" content=\"Escrito por\" \/>\n\t<meta name=\"twitter:data1\" content=\"inclusivenews2024\" \/>\n\t<meta name=\"twitter:label2\" content=\"Tempo estimado de leitura\" \/>\n\t<meta name=\"twitter:data2\" content=\"2 minutos\" \/>\n<script type=\"application\/ld+json\" class=\"yoast-schema-graph\">{\"@context\":\"https:\\\/\\\/schema.org\",\"@graph\":[{\"@type\":\"Article\",\"@id\":\"https:\\\/\\\/inclusivenews.com.br\\\/?p=27159#article\",\"isPartOf\":{\"@id\":\"https:\\\/\\\/inclusivenews.com.br\\\/?p=27159\"},\"author\":{\"name\":\"inclusivenews2024\",\"@id\":\"https:\\\/\\\/inclusivenews.com.br\\\/#\\\/schema\\\/person\\\/ae4ec7087559b8692fb33b6fffd2273b\"},\"headline\":\"Semin\u00e1rio internacional discute moradias independentes para pessoas com defici\u00eancia\",\"datePublished\":\"2014-10-31T15:31:49+00:00\",\"mainEntityOfPage\":{\"@id\":\"https:\\\/\\\/inclusivenews.com.br\\\/?p=27159\"},\"wordCount\":449,\"commentCount\":1,\"publisher\":{\"@id\":\"https:\\\/\\\/inclusivenews.com.br\\\/#organization\"},\"image\":{\"@id\":\"https:\\\/\\\/inclusivenews.com.br\\\/?p=27159#primaryimage\"},\"thumbnailUrl\":\"http:\\\/\\\/inclusivenews.com.br\\\/wp-content\\\/uploads\\\/cidaes.jpeg\",\"articleSection\":[\"ACESSIBILIDADE\",\"Comunidades\",\"Defici\u00eancia\",\"DIREITOS HUMANOS\",\"INCLUS\u00c3O SOCIAL\",\"Legisla\u00e7\u00e3o ...\",\"Pol\u00edticas p\u00fablicas\"],\"inLanguage\":\"pt-PT\",\"potentialAction\":[{\"@type\":\"CommentAction\",\"name\":\"Comment\",\"target\":[\"https:\\\/\\\/inclusivenews.com.br\\\/?p=27159#respond\"]}]},{\"@type\":\"WebPage\",\"@id\":\"https:\\\/\\\/inclusivenews.com.br\\\/?p=27159\",\"url\":\"https:\\\/\\\/inclusivenews.com.br\\\/?p=27159\",\"name\":\"Semin\u00e1rio internacional discute moradias independentes para pessoas com defici\u00eancia -\",\"isPartOf\":{\"@id\":\"https:\\\/\\\/inclusivenews.com.br\\\/#website\"},\"primaryImageOfPage\":{\"@id\":\"https:\\\/\\\/inclusivenews.com.br\\\/?p=27159#primaryimage\"},\"image\":{\"@id\":\"https:\\\/\\\/inclusivenews.com.br\\\/?p=27159#primaryimage\"},\"thumbnailUrl\":\"http:\\\/\\\/inclusivenews.com.br\\\/wp-content\\\/uploads\\\/cidaes.jpeg\",\"datePublished\":\"2014-10-31T15:31:49+00:00\",\"breadcrumb\":{\"@id\":\"https:\\\/\\\/inclusivenews.com.br\\\/?p=27159#breadcrumb\"},\"inLanguage\":\"pt-PT\",\"potentialAction\":[{\"@type\":\"ReadAction\",\"target\":[\"https:\\\/\\\/inclusivenews.com.br\\\/?p=27159\"]}]},{\"@type\":\"ImageObject\",\"inLanguage\":\"pt-PT\",\"@id\":\"https:\\\/\\\/inclusivenews.com.br\\\/?p=27159#primaryimage\",\"url\":\"\",\"contentUrl\":\"\"},{\"@type\":\"BreadcrumbList\",\"@id\":\"https:\\\/\\\/inclusivenews.com.br\\\/?p=27159#breadcrumb\",\"itemListElement\":[{\"@type\":\"ListItem\",\"position\":1,\"name\":\"In\u00edcio\",\"item\":\"https:\\\/\\\/inclusivenews.com.br\\\/\"},{\"@type\":\"ListItem\",\"position\":2,\"name\":\"Semin\u00e1rio internacional discute moradias independentes para pessoas com defici\u00eancia\"}]},{\"@type\":\"WebSite\",\"@id\":\"https:\\\/\\\/inclusivenews.com.br\\\/#website\",\"url\":\"https:\\\/\\\/inclusivenews.com.br\\\/\",\"name\":\"Inclusive News\",\"description\":\"Inclusive News\",\"publisher\":{\"@id\":\"https:\\\/\\\/inclusivenews.com.br\\\/#organization\"},\"potentialAction\":[{\"@type\":\"SearchAction\",\"target\":{\"@type\":\"EntryPoint\",\"urlTemplate\":\"https:\\\/\\\/inclusivenews.com.br\\\/?s={search_term_string}\"},\"query-input\":{\"@type\":\"PropertyValueSpecification\",\"valueRequired\":true,\"valueName\":\"search_term_string\"}}],\"inLanguage\":\"pt-PT\"},{\"@type\":\"Organization\",\"@id\":\"https:\\\/\\\/inclusivenews.com.br\\\/#organization\",\"name\":\"Inclusive - inclus\u00e3o e cidadania\",\"url\":\"https:\\\/\\\/inclusivenews.com.br\\\/\",\"logo\":{\"@type\":\"ImageObject\",\"inLanguage\":\"pt-PT\",\"@id\":\"https:\\\/\\\/inclusivenews.com.br\\\/#\\\/schema\\\/logo\\\/image\\\/\",\"url\":\"https:\\\/\\\/inclusivenews.com.br\\\/wp-content\\\/uploads\\\/2024\\\/03\\\/@grandesite.png\",\"contentUrl\":\"https:\\\/\\\/inclusivenews.com.br\\\/wp-content\\\/uploads\\\/2024\\\/03\\\/@grandesite.png\",\"width\":1080,\"height\":1080,\"caption\":\"Inclusive - inclus\u00e3o e cidadania\"},\"image\":{\"@id\":\"https:\\\/\\\/inclusivenews.com.br\\\/#\\\/schema\\\/logo\\\/image\\\/\"},\"sameAs\":[\"https:\\\/\\\/www.facebook.com\\\/agenciainclusive\\\/\",\"https:\\\/\\\/www.instagram.com\\\/newsinclusive\\\/\"]},{\"@type\":\"Person\",\"@id\":\"https:\\\/\\\/inclusivenews.com.br\\\/#\\\/schema\\\/person\\\/ae4ec7087559b8692fb33b6fffd2273b\",\"name\":\"inclusivenews2024\",\"image\":{\"@type\":\"ImageObject\",\"inLanguage\":\"pt-PT\",\"@id\":\"https:\\\/\\\/secure.gravatar.com\\\/avatar\\\/c5a7ef84c66fa914f55bc4f7ce26cfa275a3b9a1c5568b907bd184fb4dde7b40?s=96&d=mm&r=g\",\"url\":\"https:\\\/\\\/secure.gravatar.com\\\/avatar\\\/c5a7ef84c66fa914f55bc4f7ce26cfa275a3b9a1c5568b907bd184fb4dde7b40?s=96&d=mm&r=g\",\"contentUrl\":\"https:\\\/\\\/secure.gravatar.com\\\/avatar\\\/c5a7ef84c66fa914f55bc4f7ce26cfa275a3b9a1c5568b907bd184fb4dde7b40?s=96&d=mm&r=g\",\"caption\":\"inclusivenews2024\"},\"sameAs\":[\"https:\\\/\\\/inclusivenews.com.br\"],\"url\":\"https:\\\/\\\/inclusivenews.com.br\\\/?author=1\"}]}<\/script>\n<!-- \/ Yoast SEO plugin. -->","yoast_head_json":{"title":"Semin\u00e1rio internacional discute moradias independentes para pessoas com defici\u00eancia -","robots":{"index":"index","follow":"follow","max-snippet":"max-snippet:-1","max-image-preview":"max-image-preview:large","max-video-preview":"max-video-preview:-1"},"canonical":"https:\/\/inclusivenews.com.br\/?p=27159","og_locale":"pt_PT","og_type":"article","og_title":"Semin\u00e1rio internacional discute moradias independentes para pessoas com defici\u00eancia -","og_description":"O evento organizado pelo Instituto JNG, re\u00fane arquitetos, pol\u00edticos e fam\u00edlias com o objetivo de discutir um modelo para o Brasil dia 13\/11 no Rio.","og_url":"https:\/\/inclusivenews.com.br\/?p=27159","article_publisher":"https:\/\/www.facebook.com\/agenciainclusive\/","article_published_time":"2014-10-31T15:31:49+00:00","og_image":[{"url":"http:\/\/inclusivenews.com.br\/wp-content\/uploads\/cidaes.jpeg","type":"","width":"","height":""}],"author":"inclusivenews2024","twitter_card":"summary_large_image","twitter_misc":{"Escrito por":"inclusivenews2024","Tempo estimado de leitura":"2 minutos"},"schema":{"@context":"https:\/\/schema.org","@graph":[{"@type":"Article","@id":"https:\/\/inclusivenews.com.br\/?p=27159#article","isPartOf":{"@id":"https:\/\/inclusivenews.com.br\/?p=27159"},"author":{"name":"inclusivenews2024","@id":"https:\/\/inclusivenews.com.br\/#\/schema\/person\/ae4ec7087559b8692fb33b6fffd2273b"},"headline":"Semin\u00e1rio internacional discute moradias independentes para pessoas com defici\u00eancia","datePublished":"2014-10-31T15:31:49+00:00","mainEntityOfPage":{"@id":"https:\/\/inclusivenews.com.br\/?p=27159"},"wordCount":449,"commentCount":1,"publisher":{"@id":"https:\/\/inclusivenews.com.br\/#organization"},"image":{"@id":"https:\/\/inclusivenews.com.br\/?p=27159#primaryimage"},"thumbnailUrl":"http:\/\/inclusivenews.com.br\/wp-content\/uploads\/cidaes.jpeg","articleSection":["ACESSIBILIDADE","Comunidades","Defici\u00eancia","DIREITOS HUMANOS","INCLUS\u00c3O SOCIAL","Legisla\u00e7\u00e3o ...","Pol\u00edticas p\u00fablicas"],"inLanguage":"pt-PT","potentialAction":[{"@type":"CommentAction","name":"Comment","target":["https:\/\/inclusivenews.com.br\/?p=27159#respond"]}]},{"@type":"WebPage","@id":"https:\/\/inclusivenews.com.br\/?p=27159","url":"https:\/\/inclusivenews.com.br\/?p=27159","name":"Semin\u00e1rio internacional discute moradias independentes para pessoas com defici\u00eancia -","isPartOf":{"@id":"https:\/\/inclusivenews.com.br\/#website"},"primaryImageOfPage":{"@id":"https:\/\/inclusivenews.com.br\/?p=27159#primaryimage"},"image":{"@id":"https:\/\/inclusivenews.com.br\/?p=27159#primaryimage"},"thumbnailUrl":"http:\/\/inclusivenews.com.br\/wp-content\/uploads\/cidaes.jpeg","datePublished":"2014-10-31T15:31:49+00:00","breadcrumb":{"@id":"https:\/\/inclusivenews.com.br\/?p=27159#breadcrumb"},"inLanguage":"pt-PT","potentialAction":[{"@type":"ReadAction","target":["https:\/\/inclusivenews.com.br\/?p=27159"]}]},{"@type":"ImageObject","inLanguage":"pt-PT","@id":"https:\/\/inclusivenews.com.br\/?p=27159#primaryimage","url":"","contentUrl":""},{"@type":"BreadcrumbList","@id":"https:\/\/inclusivenews.com.br\/?p=27159#breadcrumb","itemListElement":[{"@type":"ListItem","position":1,"name":"In\u00edcio","item":"https:\/\/inclusivenews.com.br\/"},{"@type":"ListItem","position":2,"name":"Semin\u00e1rio internacional discute moradias independentes para pessoas com defici\u00eancia"}]},{"@type":"WebSite","@id":"https:\/\/inclusivenews.com.br\/#website","url":"https:\/\/inclusivenews.com.br\/","name":"Inclusive News","description":"Inclusive News","publisher":{"@id":"https:\/\/inclusivenews.com.br\/#organization"},"potentialAction":[{"@type":"SearchAction","target":{"@type":"EntryPoint","urlTemplate":"https:\/\/inclusivenews.com.br\/?s={search_term_string}"},"query-input":{"@type":"PropertyValueSpecification","valueRequired":true,"valueName":"search_term_string"}}],"inLanguage":"pt-PT"},{"@type":"Organization","@id":"https:\/\/inclusivenews.com.br\/#organization","name":"Inclusive - inclus\u00e3o e cidadania","url":"https:\/\/inclusivenews.com.br\/","logo":{"@type":"ImageObject","inLanguage":"pt-PT","@id":"https:\/\/inclusivenews.com.br\/#\/schema\/logo\/image\/","url":"https:\/\/inclusivenews.com.br\/wp-content\/uploads\/2024\/03\/@grandesite.png","contentUrl":"https:\/\/inclusivenews.com.br\/wp-content\/uploads\/2024\/03\/@grandesite.png","width":1080,"height":1080,"caption":"Inclusive - inclus\u00e3o e cidadania"},"image":{"@id":"https:\/\/inclusivenews.com.br\/#\/schema\/logo\/image\/"},"sameAs":["https:\/\/www.facebook.com\/agenciainclusive\/","https:\/\/www.instagram.com\/newsinclusive\/"]},{"@type":"Person","@id":"https:\/\/inclusivenews.com.br\/#\/schema\/person\/ae4ec7087559b8692fb33b6fffd2273b","name":"inclusivenews2024","image":{"@type":"ImageObject","inLanguage":"pt-PT","@id":"https:\/\/secure.gravatar.com\/avatar\/c5a7ef84c66fa914f55bc4f7ce26cfa275a3b9a1c5568b907bd184fb4dde7b40?s=96&d=mm&r=g","url":"https:\/\/secure.gravatar.com\/avatar\/c5a7ef84c66fa914f55bc4f7ce26cfa275a3b9a1c5568b907bd184fb4dde7b40?s=96&d=mm&r=g","contentUrl":"https:\/\/secure.gravatar.com\/avatar\/c5a7ef84c66fa914f55bc4f7ce26cfa275a3b9a1c5568b907bd184fb4dde7b40?s=96&d=mm&r=g","caption":"inclusivenews2024"},"sameAs":["https:\/\/inclusivenews.com.br"],"url":"https:\/\/inclusivenews.com.br\/?author=1"}]}},"_links":{"self":[{"href":"https:\/\/inclusivenews.com.br\/index.php?rest_route=\/wp\/v2\/posts\/27159","targetHints":{"allow":["GET"]}}],"collection":[{"href":"https:\/\/inclusivenews.com.br\/index.php?rest_route=\/wp\/v2\/posts"}],"about":[{"href":"https:\/\/inclusivenews.com.br\/index.php?rest_route=\/wp\/v2\/types\/post"}],"author":[{"embeddable":true,"href":"https:\/\/inclusivenews.com.br\/index.php?rest_route=\/wp\/v2\/users\/1"}],"replies":[{"embeddable":true,"href":"https:\/\/inclusivenews.com.br\/index.php?rest_route=%2Fwp%2Fv2%2Fcomments&post=27159"}],"version-history":[{"count":0,"href":"https:\/\/inclusivenews.com.br\/index.php?rest_route=\/wp\/v2\/posts\/27159\/revisions"}],"wp:attachment":[{"href":"https:\/\/inclusivenews.com.br\/index.php?rest_route=%2Fwp%2Fv2%2Fmedia&parent=27159"}],"wp:term":[{"taxonomy":"category","embeddable":true,"href":"https:\/\/inclusivenews.com.br\/index.php?rest_route=%2Fwp%2Fv2%2Fcategories&post=27159"},{"taxonomy":"post_tag","embeddable":true,"href":"https:\/\/inclusivenews.com.br\/index.php?rest_route=%2Fwp%2Fv2%2Ftags&post=27159"}],"curies":[{"name":"wp","href":"https:\/\/api.w.org\/{rel}","templated":true}]}}