{"id":27169,"date":"2014-11-05T09:17:55","date_gmt":"2014-11-05T12:17:55","guid":{"rendered":"http:\/\/www.inclusive.org.br\/?p=27169"},"modified":"2014-11-05T09:17:55","modified_gmt":"2014-11-05T12:17:55","slug":"educacao-especial-e-inclusiva-mudancas-para-escola-e-sociedade","status":"publish","type":"post","link":"https:\/\/inclusivenews.com.br\/?p=27169","title":{"rendered":"Educa\u00e7\u00e3o especial e inclusiva: mudan\u00e7as para escola e sociedade"},"content":{"rendered":"<p><a href=\"https:\/\/livrosdapaco.com.br\/imagens\/produtos\/8531.jpeg\"><img loading=\"lazy\" decoding=\"async\" class=\"alignnone\" title=\"O t\u00edtulo do livro e duas crian\u00e7as sobre duas pilhas de livros. Uma delas cega e usa bengala.\" alt=\"O t\u00edtulo do livro e duas crian\u00e7as sobre duas pilhas de livros. Uma delas cega e usa bengala.\" src=\"https:\/\/livrosdapaco.com.br\/imagens\/produtos\/8531.jpeg\" width=\"179\" height=\"268\" \/><\/a><\/p>\n<p>Este \u00e9 um livro que fornece subs\u00eddios te\u00f3ricos com o intuito de contribuir de forma significativa tanto para a cr\u00edtica quanto para o efetivo trabalho de educadoras e educadores que atuam cotidianamente com a realidade dos alunos em sala de aula, como tamb\u00e9m para a forma\u00e7\u00e3o dos alunos das licenciaturas. Trata-se de uma leitura essencial ao curso de Pedagogia, aos programas de p\u00f3s-gradua\u00e7\u00e3o em Educa\u00e7\u00e3o, bem como \u00e0 comunidade, escolar e geral, pois constitui-se um importante locus de reflex\u00f5es para todos os envolvidos.<\/p>\n<p>Sum\u00e1rio:<br \/>\nInclus\u00e3o Escolar na Educa\u00e7\u00e3o Infantil: Pesquisa e Pr\u00e1tica Sobre Forma\u00e7\u00e3o em Servi\u00e7o; Forma\u00e7\u00e3o Docente e Inclus\u00e3o Escolar: Desafios e N\u00f3s a Serem Superados; Inclusion y Formacion de Profesores; Rela\u00e7\u00e3o Fam\u00edlia e Escola na Educa\u00e7\u00e3o Infantil de Crian\u00e7as P\u00fablico Alvo da Educa\u00e7\u00e3o Especial: Possibilidades e Desafios; Educa\u00e7\u00e3o Infantil e Fam\u00edlias Como Base para a Escolariza\u00e7\u00e3o Inclusiva; Escola para todos? Mudan\u00e7as Necess\u00e1rias para uma Educa\u00e7\u00e3o Inclusiva.<\/p>\n<p>ISBN:9788581487458<br \/>\nAutor:Maria J\u00falia Canazza Dall\u2019Acqua (org.)<br \/>\nEditora: Paco Editorial<br \/>\nEdi\u00e7\u00e3o:1\u00aa Edi\u00e7\u00e3o<br \/>\n\u00c1rea:Educa\u00e7\u00e3o Especial<br \/>\nIdioma:Portugu\u00eas<br \/>\nData de Publica\u00e7\u00e3o:Outubro\/2014<br \/>\nN\u00famero de P\u00e1ginas:148 p\u00e1ginas<br \/>\nAcabamento:Brochura<br \/>\nTamanho:14x21cm<\/p>\n","protected":false},"excerpt":{"rendered":"<p>Este \u00e9 um livro que fornece subs\u00eddios te\u00f3ricos com o intuito de contribuir de forma significativa tanto para a cr\u00edtica quanto para o efetivo trabalho de educadoras e educadores que atuam cotidianamente com a realidade dos alunos em sala de aula, como tamb\u00e9m para a forma\u00e7\u00e3o dos alunos das licenciaturas.<\/p>\n","protected":false},"author":1,"featured_media":0,"comment_status":"open","ping_status":"open","sticky":false,"template":"","format":"standard","meta":{"site-container-style":"default","site-container-layout":"default","site-sidebar-layout":"default","disable-article-header":"default","disable-site-header":"default","disable-site-footer":"default","disable-content-area-spacing":"default","footnotes":""},"categories":[50,51],"tags":[],"class_list":["post-27169","post","type-post","status-publish","format-standard","hentry","category-lancamentos","category-livros"],"yoast_head":"<!-- This site is optimized with the Yoast SEO plugin v27.4 - https:\/\/yoast.com\/product\/yoast-seo-wordpress\/ -->\n<title>Educa\u00e7\u00e3o especial e inclusiva: mudan\u00e7as para escola e sociedade -<\/title>\n<meta name=\"robots\" content=\"index, follow, max-snippet:-1, max-image-preview:large, max-video-preview:-1\" \/>\n<link rel=\"canonical\" href=\"https:\/\/inclusivenews.com.br\/?p=27169\" \/>\n<meta property=\"og:locale\" content=\"pt_PT\" \/>\n<meta property=\"og:type\" content=\"article\" \/>\n<meta property=\"og:title\" content=\"Educa\u00e7\u00e3o especial e inclusiva: mudan\u00e7as para escola e sociedade -\" \/>\n<meta property=\"og:description\" content=\"Este \u00e9 um livro que fornece subs\u00eddios te\u00f3ricos com o intuito de contribuir de forma significativa tanto para a cr\u00edtica quanto para o efetivo trabalho de educadoras e educadores que atuam cotidianamente com a realidade dos alunos em sala de aula, como tamb\u00e9m para a forma\u00e7\u00e3o dos alunos das licenciaturas.\" \/>\n<meta property=\"og:url\" content=\"https:\/\/inclusivenews.com.br\/?p=27169\" \/>\n<meta property=\"article:publisher\" content=\"https:\/\/www.facebook.com\/agenciainclusive\/\" \/>\n<meta property=\"article:published_time\" content=\"2014-11-05T12:17:55+00:00\" \/>\n<meta property=\"og:image\" content=\"https:\/\/livrosdapaco.com.br\/imagens\/produtos\/8531.jpeg\" \/>\n<meta name=\"author\" content=\"inclusivenews2024\" \/>\n<meta name=\"twitter:card\" content=\"summary_large_image\" \/>\n<meta name=\"twitter:label1\" content=\"Escrito por\" \/>\n\t<meta name=\"twitter:data1\" content=\"inclusivenews2024\" \/>\n\t<meta name=\"twitter:label2\" content=\"Tempo estimado de leitura\" \/>\n\t<meta name=\"twitter:data2\" content=\"1 minuto\" \/>\n<script type=\"application\/ld+json\" class=\"yoast-schema-graph\">{\"@context\":\"https:\\\/\\\/schema.org\",\"@graph\":[{\"@type\":\"Article\",\"@id\":\"https:\\\/\\\/inclusivenews.com.br\\\/?p=27169#article\",\"isPartOf\":{\"@id\":\"https:\\\/\\\/inclusivenews.com.br\\\/?p=27169\"},\"author\":{\"name\":\"inclusivenews2024\",\"@id\":\"https:\\\/\\\/inclusivenews.com.br\\\/#\\\/schema\\\/person\\\/ae4ec7087559b8692fb33b6fffd2273b\"},\"headline\":\"Educa\u00e7\u00e3o especial e inclusiva: mudan\u00e7as para escola e sociedade\",\"datePublished\":\"2014-11-05T12:17:55+00:00\",\"mainEntityOfPage\":{\"@id\":\"https:\\\/\\\/inclusivenews.com.br\\\/?p=27169\"},\"wordCount\":227,\"commentCount\":0,\"publisher\":{\"@id\":\"https:\\\/\\\/inclusivenews.com.br\\\/#organization\"},\"image\":{\"@id\":\"https:\\\/\\\/inclusivenews.com.br\\\/?p=27169#primaryimage\"},\"thumbnailUrl\":\"https:\\\/\\\/livrosdapaco.com.br\\\/imagens\\\/produtos\\\/8531.jpeg\",\"articleSection\":[\"Lan\u00e7amentos\",\"Livros\"],\"inLanguage\":\"pt-PT\",\"potentialAction\":[{\"@type\":\"CommentAction\",\"name\":\"Comment\",\"target\":[\"https:\\\/\\\/inclusivenews.com.br\\\/?p=27169#respond\"]}]},{\"@type\":\"WebPage\",\"@id\":\"https:\\\/\\\/inclusivenews.com.br\\\/?p=27169\",\"url\":\"https:\\\/\\\/inclusivenews.com.br\\\/?p=27169\",\"name\":\"Educa\u00e7\u00e3o especial e inclusiva: mudan\u00e7as para escola e sociedade -\",\"isPartOf\":{\"@id\":\"https:\\\/\\\/inclusivenews.com.br\\\/#website\"},\"primaryImageOfPage\":{\"@id\":\"https:\\\/\\\/inclusivenews.com.br\\\/?p=27169#primaryimage\"},\"image\":{\"@id\":\"https:\\\/\\\/inclusivenews.com.br\\\/?p=27169#primaryimage\"},\"thumbnailUrl\":\"https:\\\/\\\/livrosdapaco.com.br\\\/imagens\\\/produtos\\\/8531.jpeg\",\"datePublished\":\"2014-11-05T12:17:55+00:00\",\"breadcrumb\":{\"@id\":\"https:\\\/\\\/inclusivenews.com.br\\\/?p=27169#breadcrumb\"},\"inLanguage\":\"pt-PT\",\"potentialAction\":[{\"@type\":\"ReadAction\",\"target\":[\"https:\\\/\\\/inclusivenews.com.br\\\/?p=27169\"]}]},{\"@type\":\"ImageObject\",\"inLanguage\":\"pt-PT\",\"@id\":\"https:\\\/\\\/inclusivenews.com.br\\\/?p=27169#primaryimage\",\"url\":\"https:\\\/\\\/livrosdapaco.com.br\\\/imagens\\\/produtos\\\/8531.jpeg\",\"contentUrl\":\"https:\\\/\\\/livrosdapaco.com.br\\\/imagens\\\/produtos\\\/8531.jpeg\"},{\"@type\":\"BreadcrumbList\",\"@id\":\"https:\\\/\\\/inclusivenews.com.br\\\/?p=27169#breadcrumb\",\"itemListElement\":[{\"@type\":\"ListItem\",\"position\":1,\"name\":\"In\u00edcio\",\"item\":\"https:\\\/\\\/inclusivenews.com.br\\\/\"},{\"@type\":\"ListItem\",\"position\":2,\"name\":\"Educa\u00e7\u00e3o especial e inclusiva: mudan\u00e7as para escola e sociedade\"}]},{\"@type\":\"WebSite\",\"@id\":\"https:\\\/\\\/inclusivenews.com.br\\\/#website\",\"url\":\"https:\\\/\\\/inclusivenews.com.br\\\/\",\"name\":\"Inclusive News\",\"description\":\"Inclusive News\",\"publisher\":{\"@id\":\"https:\\\/\\\/inclusivenews.com.br\\\/#organization\"},\"potentialAction\":[{\"@type\":\"SearchAction\",\"target\":{\"@type\":\"EntryPoint\",\"urlTemplate\":\"https:\\\/\\\/inclusivenews.com.br\\\/?s={search_term_string}\"},\"query-input\":{\"@type\":\"PropertyValueSpecification\",\"valueRequired\":true,\"valueName\":\"search_term_string\"}}],\"inLanguage\":\"pt-PT\"},{\"@type\":\"Organization\",\"@id\":\"https:\\\/\\\/inclusivenews.com.br\\\/#organization\",\"name\":\"Inclusive - inclus\u00e3o e cidadania\",\"url\":\"https:\\\/\\\/inclusivenews.com.br\\\/\",\"logo\":{\"@type\":\"ImageObject\",\"inLanguage\":\"pt-PT\",\"@id\":\"https:\\\/\\\/inclusivenews.com.br\\\/#\\\/schema\\\/logo\\\/image\\\/\",\"url\":\"https:\\\/\\\/inclusivenews.com.br\\\/wp-content\\\/uploads\\\/2024\\\/03\\\/@grandesite.png\",\"contentUrl\":\"https:\\\/\\\/inclusivenews.com.br\\\/wp-content\\\/uploads\\\/2024\\\/03\\\/@grandesite.png\",\"width\":1080,\"height\":1080,\"caption\":\"Inclusive - inclus\u00e3o e cidadania\"},\"image\":{\"@id\":\"https:\\\/\\\/inclusivenews.com.br\\\/#\\\/schema\\\/logo\\\/image\\\/\"},\"sameAs\":[\"https:\\\/\\\/www.facebook.com\\\/agenciainclusive\\\/\",\"https:\\\/\\\/www.instagram.com\\\/newsinclusive\\\/\"]},{\"@type\":\"Person\",\"@id\":\"https:\\\/\\\/inclusivenews.com.br\\\/#\\\/schema\\\/person\\\/ae4ec7087559b8692fb33b6fffd2273b\",\"name\":\"inclusivenews2024\",\"image\":{\"@type\":\"ImageObject\",\"inLanguage\":\"pt-PT\",\"@id\":\"https:\\\/\\\/secure.gravatar.com\\\/avatar\\\/c5a7ef84c66fa914f55bc4f7ce26cfa275a3b9a1c5568b907bd184fb4dde7b40?s=96&d=mm&r=g\",\"url\":\"https:\\\/\\\/secure.gravatar.com\\\/avatar\\\/c5a7ef84c66fa914f55bc4f7ce26cfa275a3b9a1c5568b907bd184fb4dde7b40?s=96&d=mm&r=g\",\"contentUrl\":\"https:\\\/\\\/secure.gravatar.com\\\/avatar\\\/c5a7ef84c66fa914f55bc4f7ce26cfa275a3b9a1c5568b907bd184fb4dde7b40?s=96&d=mm&r=g\",\"caption\":\"inclusivenews2024\"},\"sameAs\":[\"https:\\\/\\\/inclusivenews.com.br\"],\"url\":\"https:\\\/\\\/inclusivenews.com.br\\\/?author=1\"}]}<\/script>\n<!-- \/ Yoast SEO plugin. -->","yoast_head_json":{"title":"Educa\u00e7\u00e3o especial e inclusiva: mudan\u00e7as para escola e sociedade -","robots":{"index":"index","follow":"follow","max-snippet":"max-snippet:-1","max-image-preview":"max-image-preview:large","max-video-preview":"max-video-preview:-1"},"canonical":"https:\/\/inclusivenews.com.br\/?p=27169","og_locale":"pt_PT","og_type":"article","og_title":"Educa\u00e7\u00e3o especial e inclusiva: mudan\u00e7as para escola e sociedade -","og_description":"Este \u00e9 um livro que fornece subs\u00eddios te\u00f3ricos com o intuito de contribuir de forma significativa tanto para a cr\u00edtica quanto para o efetivo trabalho de educadoras e educadores que atuam cotidianamente com a realidade dos alunos em sala de aula, como tamb\u00e9m para a forma\u00e7\u00e3o dos alunos das licenciaturas.","og_url":"https:\/\/inclusivenews.com.br\/?p=27169","article_publisher":"https:\/\/www.facebook.com\/agenciainclusive\/","article_published_time":"2014-11-05T12:17:55+00:00","og_image":[{"url":"https:\/\/livrosdapaco.com.br\/imagens\/produtos\/8531.jpeg","type":"","width":"","height":""}],"author":"inclusivenews2024","twitter_card":"summary_large_image","twitter_misc":{"Escrito por":"inclusivenews2024","Tempo estimado de leitura":"1 minuto"},"schema":{"@context":"https:\/\/schema.org","@graph":[{"@type":"Article","@id":"https:\/\/inclusivenews.com.br\/?p=27169#article","isPartOf":{"@id":"https:\/\/inclusivenews.com.br\/?p=27169"},"author":{"name":"inclusivenews2024","@id":"https:\/\/inclusivenews.com.br\/#\/schema\/person\/ae4ec7087559b8692fb33b6fffd2273b"},"headline":"Educa\u00e7\u00e3o especial e inclusiva: mudan\u00e7as para escola e sociedade","datePublished":"2014-11-05T12:17:55+00:00","mainEntityOfPage":{"@id":"https:\/\/inclusivenews.com.br\/?p=27169"},"wordCount":227,"commentCount":0,"publisher":{"@id":"https:\/\/inclusivenews.com.br\/#organization"},"image":{"@id":"https:\/\/inclusivenews.com.br\/?p=27169#primaryimage"},"thumbnailUrl":"https:\/\/livrosdapaco.com.br\/imagens\/produtos\/8531.jpeg","articleSection":["Lan\u00e7amentos","Livros"],"inLanguage":"pt-PT","potentialAction":[{"@type":"CommentAction","name":"Comment","target":["https:\/\/inclusivenews.com.br\/?p=27169#respond"]}]},{"@type":"WebPage","@id":"https:\/\/inclusivenews.com.br\/?p=27169","url":"https:\/\/inclusivenews.com.br\/?p=27169","name":"Educa\u00e7\u00e3o especial e inclusiva: mudan\u00e7as para escola e sociedade -","isPartOf":{"@id":"https:\/\/inclusivenews.com.br\/#website"},"primaryImageOfPage":{"@id":"https:\/\/inclusivenews.com.br\/?p=27169#primaryimage"},"image":{"@id":"https:\/\/inclusivenews.com.br\/?p=27169#primaryimage"},"thumbnailUrl":"https:\/\/livrosdapaco.com.br\/imagens\/produtos\/8531.jpeg","datePublished":"2014-11-05T12:17:55+00:00","breadcrumb":{"@id":"https:\/\/inclusivenews.com.br\/?p=27169#breadcrumb"},"inLanguage":"pt-PT","potentialAction":[{"@type":"ReadAction","target":["https:\/\/inclusivenews.com.br\/?p=27169"]}]},{"@type":"ImageObject","inLanguage":"pt-PT","@id":"https:\/\/inclusivenews.com.br\/?p=27169#primaryimage","url":"https:\/\/livrosdapaco.com.br\/imagens\/produtos\/8531.jpeg","contentUrl":"https:\/\/livrosdapaco.com.br\/imagens\/produtos\/8531.jpeg"},{"@type":"BreadcrumbList","@id":"https:\/\/inclusivenews.com.br\/?p=27169#breadcrumb","itemListElement":[{"@type":"ListItem","position":1,"name":"In\u00edcio","item":"https:\/\/inclusivenews.com.br\/"},{"@type":"ListItem","position":2,"name":"Educa\u00e7\u00e3o especial e inclusiva: mudan\u00e7as para escola e sociedade"}]},{"@type":"WebSite","@id":"https:\/\/inclusivenews.com.br\/#website","url":"https:\/\/inclusivenews.com.br\/","name":"Inclusive News","description":"Inclusive News","publisher":{"@id":"https:\/\/inclusivenews.com.br\/#organization"},"potentialAction":[{"@type":"SearchAction","target":{"@type":"EntryPoint","urlTemplate":"https:\/\/inclusivenews.com.br\/?s={search_term_string}"},"query-input":{"@type":"PropertyValueSpecification","valueRequired":true,"valueName":"search_term_string"}}],"inLanguage":"pt-PT"},{"@type":"Organization","@id":"https:\/\/inclusivenews.com.br\/#organization","name":"Inclusive - inclus\u00e3o e cidadania","url":"https:\/\/inclusivenews.com.br\/","logo":{"@type":"ImageObject","inLanguage":"pt-PT","@id":"https:\/\/inclusivenews.com.br\/#\/schema\/logo\/image\/","url":"https:\/\/inclusivenews.com.br\/wp-content\/uploads\/2024\/03\/@grandesite.png","contentUrl":"https:\/\/inclusivenews.com.br\/wp-content\/uploads\/2024\/03\/@grandesite.png","width":1080,"height":1080,"caption":"Inclusive - inclus\u00e3o e cidadania"},"image":{"@id":"https:\/\/inclusivenews.com.br\/#\/schema\/logo\/image\/"},"sameAs":["https:\/\/www.facebook.com\/agenciainclusive\/","https:\/\/www.instagram.com\/newsinclusive\/"]},{"@type":"Person","@id":"https:\/\/inclusivenews.com.br\/#\/schema\/person\/ae4ec7087559b8692fb33b6fffd2273b","name":"inclusivenews2024","image":{"@type":"ImageObject","inLanguage":"pt-PT","@id":"https:\/\/secure.gravatar.com\/avatar\/c5a7ef84c66fa914f55bc4f7ce26cfa275a3b9a1c5568b907bd184fb4dde7b40?s=96&d=mm&r=g","url":"https:\/\/secure.gravatar.com\/avatar\/c5a7ef84c66fa914f55bc4f7ce26cfa275a3b9a1c5568b907bd184fb4dde7b40?s=96&d=mm&r=g","contentUrl":"https:\/\/secure.gravatar.com\/avatar\/c5a7ef84c66fa914f55bc4f7ce26cfa275a3b9a1c5568b907bd184fb4dde7b40?s=96&d=mm&r=g","caption":"inclusivenews2024"},"sameAs":["https:\/\/inclusivenews.com.br"],"url":"https:\/\/inclusivenews.com.br\/?author=1"}]}},"_links":{"self":[{"href":"https:\/\/inclusivenews.com.br\/index.php?rest_route=\/wp\/v2\/posts\/27169","targetHints":{"allow":["GET"]}}],"collection":[{"href":"https:\/\/inclusivenews.com.br\/index.php?rest_route=\/wp\/v2\/posts"}],"about":[{"href":"https:\/\/inclusivenews.com.br\/index.php?rest_route=\/wp\/v2\/types\/post"}],"author":[{"embeddable":true,"href":"https:\/\/inclusivenews.com.br\/index.php?rest_route=\/wp\/v2\/users\/1"}],"replies":[{"embeddable":true,"href":"https:\/\/inclusivenews.com.br\/index.php?rest_route=%2Fwp%2Fv2%2Fcomments&post=27169"}],"version-history":[{"count":0,"href":"https:\/\/inclusivenews.com.br\/index.php?rest_route=\/wp\/v2\/posts\/27169\/revisions"}],"wp:attachment":[{"href":"https:\/\/inclusivenews.com.br\/index.php?rest_route=%2Fwp%2Fv2%2Fmedia&parent=27169"}],"wp:term":[{"taxonomy":"category","embeddable":true,"href":"https:\/\/inclusivenews.com.br\/index.php?rest_route=%2Fwp%2Fv2%2Fcategories&post=27169"},{"taxonomy":"post_tag","embeddable":true,"href":"https:\/\/inclusivenews.com.br\/index.php?rest_route=%2Fwp%2Fv2%2Ftags&post=27169"}],"curies":[{"name":"wp","href":"https:\/\/api.w.org\/{rel}","templated":true}]}}