{"id":27170,"date":"2014-11-05T09:17:27","date_gmt":"2014-11-05T12:17:27","guid":{"rendered":"http:\/\/www.inclusive.org.br\/?p=27170"},"modified":"2014-11-05T09:17:27","modified_gmt":"2014-11-05T12:17:27","slug":"recursos-abertos-podem-ajudar-na-transformacao-da-escola-apontam-especialistas-e-docentes","status":"publish","type":"post","link":"https:\/\/inclusivenews.com.br\/?p=27170","title":{"rendered":"Recursos abertos podem ajudar na transforma\u00e7\u00e3o da escola, apontam especialistas e docentes"},"content":{"rendered":"<p><em>Mudan\u00e7a nas rela\u00e7\u00f5es entre alunos e professores e valoriza\u00e7\u00e3o da produ\u00e7\u00e3o docente s\u00e3o algumas das possibilidades indicadas.<br \/>\nDo Observat\u00f3rio da Educa\u00e7\u00e3o.<\/em><\/p>\n<p><em><img loading=\"lazy\" decoding=\"async\" class=\"alignnone size-full wp-image-17947\" alt=\"REA - Recursos Educacionais Abertos - duas pe\u00e7as de quebra-cabe\u00e7as, uma com a sigla REA e outra vazada\" src=\"http:\/\/inclusivenews.com.br\/wp-content\/uploads\/2010\/11\/rea.jpg\" width=\"177\" height=\"106\" \/><\/em><\/p>\n<p>Durante o debate de lan\u00e7amento da pesquisa &#8220;Recursos Educacionais Abertos no Brasil: o campo, os recursos e sua apropria\u00e7\u00e3o em sala de aula (saiba mais)&#8221;, na ter\u00e7a (30\/09), Jamila Venturini, coordenadora do estudo, apontou que nenhum entrevistado discordou da necessidade de transforma\u00e7\u00e3o da escola e que todos veem a incorpora\u00e7\u00e3o de Recursos Educacionais Abertos (REA) como um dos desafios. A percep\u00e7\u00e3o tamb\u00e9m se refletiu na fala dos debatedores presentes no evento.<\/p>\n<p>De acordo com Jamila, as entrevistas da pesquisa apontaram para uma necessidade de transforma\u00e7\u00e3o estrutural da escola em detrimento de uma transforma\u00e7\u00e3o superficial. \u201cPara muitos entrevistados isso tem a ver com uma mudan\u00e7a na cultura escolar, na transforma\u00e7\u00e3o das rela\u00e7\u00f5es entre professores e alunos, na supera\u00e7\u00e3o da rela\u00e7\u00e3o entre recep\u00e7\u00e3o e transmiss\u00e3o da informa\u00e7\u00e3o e do conhecimento\u201d, explicou, apontando como os REA podem contribuir para isso.<\/p>\n<p>Para Fernando Almeida, diretor de orienta\u00e7\u00f5es t\u00e9cnicas da Secretaria Municipal de Educa\u00e7\u00e3o de S\u00e3o Paulo, os REA retomam o princ\u00edpio de que, em um produto de qualquer natureza, toda a humanidade teve participa\u00e7\u00e3o indireta em sua constru\u00e7\u00e3o. Assim, todos fazem parte de uma ampla rede de produtores de conhecimento. \u201cEsse \u00e9 o caminho para a gente pensar na estrutura de todo o edif\u00edcio de opress\u00e3o e de propriedade exclusivista para a constru\u00e7\u00e3o de uma sociedade em que a liberdade possa ser a pauta do nosso relacionamento\u201d, explicou.<\/p>\n<p>REA na escola<\/p>\n<p>Alessandro Freitas, professor de hist\u00f3ria na educa\u00e7\u00e3o b\u00e1sica, p\u00f4s em evid\u00eancia a possibilidade do uso de REA na sala de aula como um passo importante para a reforma educacional, que se faz urgente. Nesse sentido, explicou que a situa\u00e7\u00e3o de sala de aula \u00e9 um desgaste e uma agress\u00e3o tanto para os alunos quanto para os professores, porque a escola, por n\u00e3o absorver as mudan\u00e7as que t\u00eam ocorrido de forma acelerada na sociedade, principalmente no que tange as tecnologias e a internet, est\u00e1 fora da realidade cotidiana dos alunos.<\/p>\n<p>Ele questionou tamb\u00e9m o uso de material did\u00e1tico &#8211; seja apostilado ou em livros &#8211; escolhido e entregue sem a participa\u00e7\u00e3o do professor e do pr\u00f3prio aluno que, segundo Alessandro, s\u00e3o os principais sujeitos da educa\u00e7\u00e3o. \u201cOs recursos educacionais abertos s\u00e3o uma oportunidade para os dois voltarem a ser o centro da educa\u00e7\u00e3o. Quando os alunos percebem que est\u00e3o fazendo parte, eles se interessam mais, participam mais; e ter conhecimento sobre esse tipo de licen\u00e7a \u00e9 interessante tanto o professor quanto para o aluno\u201d, conclui.<\/p>\n<p>Priscila Gonsales, coordenadora do Instituto Educadigital e membro da comunidade REA Brasil, aponta que, embora a difus\u00e3o dos REA ainda seja pequena no Brasil, h\u00e1 muito uso de objetos digitais em sala de aula. Segundo dados da pesquisa TIC Educa\u00e7\u00e3o de 2013, 96% dos 1.987 professores da educa\u00e7\u00e3o b\u00e1sica entrevistados em todo o pa\u00eds utilizam recursos obtidos na internet para a prepara\u00e7\u00e3o de suas aulas ou para a realiza\u00e7\u00e3o de atividades com alunos. A maioria deles, 82%, j\u00e1 produzem conte\u00fados para suas aulas ou atividades com alunos com o aux\u00edlio das novas tecnologias.<\/p>\n<p>Quando o assunto \u00e9 a possibilidade de interagir com o material, criando novas vers\u00f5es e obras derivadas, 88% declararam fazer altera\u00e7\u00f5es nos materiais originais, contra 11% que n\u00e3o o fazem e somente 1% que acredita que n\u00e3o \u00e9 poss\u00edvel editar ou usar os conte\u00fados de um modo diferente. Apenas 21% dos que integram, por\u00e9m, publica as obras derivadas de alguma maneira.<\/p>\n<p>Para ela, \u201cos professores n\u00e3o se reconhecem como autores, a autoria vem de fora. Esse \u00e9 o ponto mais importante quando a gente fala de educa\u00e7\u00e3o aberta e de REA. \u00c9 mais do que licen\u00e7a, \u00e9 valorizar o ponto de vista pedag\u00f3gico que essa a quest\u00e3o traz. \u00c9 um caminho muito longo ainda a percorrer, os professores precisam aprender a usar. Eles podem ser produtores usando o que j\u00e1 existe\u201d. Jamila concordou que esse papel faz muito sentido ao professor, mas questionou: \u201ctalvez a gente tenha um sistema que n\u00e3o necessariamente valoriza o professor nesse papel de cria\u00e7\u00e3o de conte\u00fado, de intelectual\u201d. Nesse sentido, Luiz Augusto Pereira, membro da comunidade Wikimedia, ressaltou a import\u00e2ncia de os professores tamb\u00e9m compartilharem suas produ\u00e7\u00f5es, publicando seus conte\u00fados na internet.<\/p>\n<p>J\u00e1 Carlos Seabra, Coordenador T\u00e9cnico Pedag\u00f3gico da Editora FTD, acredita que os professores estariam despreparados para lidar com as tecnologias, mas que seus alunos o est\u00e3o. Ele sugere que a mudan\u00e7a possa come\u00e7ar justamente pelo processo de apropria\u00e7\u00e3o do conte\u00fado e de sua produ\u00e7\u00e3o. \u201cEinstein j\u00e1 dizia: mais importante que conhecimento \u00e9 imagina\u00e7\u00e3o. \u00c9 preciso ter imagina\u00e7\u00e3o pedag\u00f3gica\u201d, afirmou.<\/p>\n<p>Para Priscila, por\u00e9m, o professor j\u00e1 \u201cest\u00e1 digital\u201d no meio fora da escola e mant\u00e9m o modelo tradicional de ensino por conta do ecossistema da educa\u00e7\u00e3o, das avalia\u00e7\u00f5es tradicionais, do receio de utilizar os aparelhos m\u00f3veis. \u201cE o professor est\u00e1 sozinho, a gente n\u00e3o tem pol\u00edtica p\u00fablica de forma\u00e7\u00e3o que estimule a colabora\u00e7\u00e3o entre os professores, ele n\u00e3o tem est\u00edmulo para que essa colabora\u00e7\u00e3o aconte\u00e7a\u201d, argumentou, apontando que a forma\u00e7\u00e3o continuada \u00e9 a chave para a quest\u00e3o.<\/p>\n<p>Incid\u00eancia pol\u00edtica<\/p>\n<p>De acordo com Oona Castro, coordenadora do Programa Catalisador da Wikimida no Brasil, um dos achados da pesquisa foi a exist\u00eancia de poucos recursos, na l\u00edngua portuguesa no Brasil, que podem ser incorporados pelos projetos Wikimedia por quest\u00f5es de licenciamento. \u201cEsse retrato de como o campo tem atuado \u00e9 fundamental para a gente pensar a incid\u00eancia pol\u00edtica. Para a pr\u00f3pria comunidade Wikimedia, e que tiver vontade de incidir sobre a constru\u00e7\u00e3o do campo de REA, esse \u00e9 um diagn\u00f3stico que d\u00e1 a dimens\u00e3o do quadro de hoje\u201d, explicou.<\/p>\n<p>Denise Carreira, coordenadora do programa de educa\u00e7\u00e3o da A\u00e7\u00e3o Educativa, enfatizou tamb\u00e9m a import\u00e2ncia do trabalho para aprofundar a atua\u00e7\u00e3o das organiza\u00e7\u00f5es do campo educacional. \u201cConseguimos que, no substitutivo do Plano Municipal de Educa\u00e7\u00e3o de S\u00e3o Paulo, fosse incorporada a agenda de REA, e estamos levando isso tamb\u00e9m para o debate nacional, inclusive sobre a base curricular nacional comum, um debate muito importante que vai acontecer nos pr\u00f3ximos dois anos no Brasil como decorr\u00eancia da aprova\u00e7\u00e3o do Plano Nacional de educa\u00e7\u00e3o\u201d, concluiu.<\/p>\n","protected":false},"excerpt":{"rendered":"<p>Mudan\u00e7a nas rela\u00e7\u00f5es entre alunos e professores e valoriza\u00e7\u00e3o da produ\u00e7\u00e3o docente s\u00e3o algumas das possibilidades indicadas. Do Observat\u00f3rio da Educa\u00e7\u00e3o.<\/p>\n","protected":false},"author":1,"featured_media":0,"comment_status":"open","ping_status":"open","sticky":false,"template":"","format":"standard","meta":{"site-container-style":"default","site-container-layout":"default","site-sidebar-layout":"default","disable-article-header":"default","disable-site-header":"default","disable-site-footer":"default","disable-content-area-spacing":"default","footnotes":""},"categories":[4],"tags":[147,300],"class_list":["post-27170","post","type-post","status-publish","format-standard","hentry","category-noticias","tag-recuros-educacionais-abertos","tag-recursos-educacionais-abertos"],"yoast_head":"<!-- This site is optimized with the Yoast SEO plugin v27.4 - https:\/\/yoast.com\/product\/yoast-seo-wordpress\/ -->\n<title>Recursos abertos podem ajudar na transforma\u00e7\u00e3o da escola, apontam especialistas e docentes -<\/title>\n<meta name=\"robots\" content=\"index, follow, max-snippet:-1, max-image-preview:large, max-video-preview:-1\" \/>\n<link rel=\"canonical\" href=\"https:\/\/inclusivenews.com.br\/?p=27170\" \/>\n<meta property=\"og:locale\" content=\"pt_PT\" \/>\n<meta property=\"og:type\" content=\"article\" \/>\n<meta property=\"og:title\" content=\"Recursos abertos podem ajudar na transforma\u00e7\u00e3o da escola, apontam especialistas e docentes -\" \/>\n<meta property=\"og:description\" content=\"Mudan\u00e7a nas rela\u00e7\u00f5es entre alunos e professores e valoriza\u00e7\u00e3o da produ\u00e7\u00e3o docente s\u00e3o algumas das possibilidades indicadas. Do Observat\u00f3rio da Educa\u00e7\u00e3o.\" \/>\n<meta property=\"og:url\" content=\"https:\/\/inclusivenews.com.br\/?p=27170\" \/>\n<meta property=\"article:publisher\" content=\"https:\/\/www.facebook.com\/agenciainclusive\/\" \/>\n<meta property=\"article:published_time\" content=\"2014-11-05T12:17:27+00:00\" \/>\n<meta property=\"og:image\" content=\"http:\/\/inclusivenews.com.br\/wp-content\/uploads\/2010\/11\/rea.jpg\" \/>\n<meta name=\"author\" content=\"inclusivenews2024\" \/>\n<meta name=\"twitter:card\" content=\"summary_large_image\" \/>\n<meta name=\"twitter:label1\" content=\"Escrito por\" \/>\n\t<meta name=\"twitter:data1\" content=\"inclusivenews2024\" \/>\n\t<meta name=\"twitter:label2\" content=\"Tempo estimado de leitura\" \/>\n\t<meta name=\"twitter:data2\" content=\"6 minutos\" \/>\n<script type=\"application\/ld+json\" class=\"yoast-schema-graph\">{\"@context\":\"https:\\\/\\\/schema.org\",\"@graph\":[{\"@type\":\"Article\",\"@id\":\"https:\\\/\\\/inclusivenews.com.br\\\/?p=27170#article\",\"isPartOf\":{\"@id\":\"https:\\\/\\\/inclusivenews.com.br\\\/?p=27170\"},\"author\":{\"name\":\"inclusivenews2024\",\"@id\":\"https:\\\/\\\/inclusivenews.com.br\\\/#\\\/schema\\\/person\\\/ae4ec7087559b8692fb33b6fffd2273b\"},\"headline\":\"Recursos abertos podem ajudar na transforma\u00e7\u00e3o da escola, apontam especialistas e docentes\",\"datePublished\":\"2014-11-05T12:17:27+00:00\",\"mainEntityOfPage\":{\"@id\":\"https:\\\/\\\/inclusivenews.com.br\\\/?p=27170\"},\"wordCount\":1133,\"commentCount\":0,\"publisher\":{\"@id\":\"https:\\\/\\\/inclusivenews.com.br\\\/#organization\"},\"image\":{\"@id\":\"https:\\\/\\\/inclusivenews.com.br\\\/?p=27170#primaryimage\"},\"thumbnailUrl\":\"http:\\\/\\\/inclusivenews.com.br\\\/wp-content\\\/uploads\\\/2010\\\/11\\\/rea.jpg\",\"keywords\":[\"Recuros Educacionais Abertos\",\"recursos educacionais abertos\"],\"articleSection\":[\"NOT\u00cdCIAS\"],\"inLanguage\":\"pt-PT\",\"potentialAction\":[{\"@type\":\"CommentAction\",\"name\":\"Comment\",\"target\":[\"https:\\\/\\\/inclusivenews.com.br\\\/?p=27170#respond\"]}]},{\"@type\":\"WebPage\",\"@id\":\"https:\\\/\\\/inclusivenews.com.br\\\/?p=27170\",\"url\":\"https:\\\/\\\/inclusivenews.com.br\\\/?p=27170\",\"name\":\"Recursos abertos podem ajudar na transforma\u00e7\u00e3o da escola, apontam especialistas e docentes -\",\"isPartOf\":{\"@id\":\"https:\\\/\\\/inclusivenews.com.br\\\/#website\"},\"primaryImageOfPage\":{\"@id\":\"https:\\\/\\\/inclusivenews.com.br\\\/?p=27170#primaryimage\"},\"image\":{\"@id\":\"https:\\\/\\\/inclusivenews.com.br\\\/?p=27170#primaryimage\"},\"thumbnailUrl\":\"http:\\\/\\\/inclusivenews.com.br\\\/wp-content\\\/uploads\\\/2010\\\/11\\\/rea.jpg\",\"datePublished\":\"2014-11-05T12:17:27+00:00\",\"breadcrumb\":{\"@id\":\"https:\\\/\\\/inclusivenews.com.br\\\/?p=27170#breadcrumb\"},\"inLanguage\":\"pt-PT\",\"potentialAction\":[{\"@type\":\"ReadAction\",\"target\":[\"https:\\\/\\\/inclusivenews.com.br\\\/?p=27170\"]}]},{\"@type\":\"ImageObject\",\"inLanguage\":\"pt-PT\",\"@id\":\"https:\\\/\\\/inclusivenews.com.br\\\/?p=27170#primaryimage\",\"url\":\"\",\"contentUrl\":\"\"},{\"@type\":\"BreadcrumbList\",\"@id\":\"https:\\\/\\\/inclusivenews.com.br\\\/?p=27170#breadcrumb\",\"itemListElement\":[{\"@type\":\"ListItem\",\"position\":1,\"name\":\"In\u00edcio\",\"item\":\"https:\\\/\\\/inclusivenews.com.br\\\/\"},{\"@type\":\"ListItem\",\"position\":2,\"name\":\"Recursos abertos podem ajudar na transforma\u00e7\u00e3o da escola, apontam especialistas e docentes\"}]},{\"@type\":\"WebSite\",\"@id\":\"https:\\\/\\\/inclusivenews.com.br\\\/#website\",\"url\":\"https:\\\/\\\/inclusivenews.com.br\\\/\",\"name\":\"Inclusive News\",\"description\":\"Inclusive News\",\"publisher\":{\"@id\":\"https:\\\/\\\/inclusivenews.com.br\\\/#organization\"},\"potentialAction\":[{\"@type\":\"SearchAction\",\"target\":{\"@type\":\"EntryPoint\",\"urlTemplate\":\"https:\\\/\\\/inclusivenews.com.br\\\/?s={search_term_string}\"},\"query-input\":{\"@type\":\"PropertyValueSpecification\",\"valueRequired\":true,\"valueName\":\"search_term_string\"}}],\"inLanguage\":\"pt-PT\"},{\"@type\":\"Organization\",\"@id\":\"https:\\\/\\\/inclusivenews.com.br\\\/#organization\",\"name\":\"Inclusive - inclus\u00e3o e cidadania\",\"url\":\"https:\\\/\\\/inclusivenews.com.br\\\/\",\"logo\":{\"@type\":\"ImageObject\",\"inLanguage\":\"pt-PT\",\"@id\":\"https:\\\/\\\/inclusivenews.com.br\\\/#\\\/schema\\\/logo\\\/image\\\/\",\"url\":\"https:\\\/\\\/inclusivenews.com.br\\\/wp-content\\\/uploads\\\/2024\\\/03\\\/@grandesite.png\",\"contentUrl\":\"https:\\\/\\\/inclusivenews.com.br\\\/wp-content\\\/uploads\\\/2024\\\/03\\\/@grandesite.png\",\"width\":1080,\"height\":1080,\"caption\":\"Inclusive - inclus\u00e3o e cidadania\"},\"image\":{\"@id\":\"https:\\\/\\\/inclusivenews.com.br\\\/#\\\/schema\\\/logo\\\/image\\\/\"},\"sameAs\":[\"https:\\\/\\\/www.facebook.com\\\/agenciainclusive\\\/\",\"https:\\\/\\\/www.instagram.com\\\/newsinclusive\\\/\"]},{\"@type\":\"Person\",\"@id\":\"https:\\\/\\\/inclusivenews.com.br\\\/#\\\/schema\\\/person\\\/ae4ec7087559b8692fb33b6fffd2273b\",\"name\":\"inclusivenews2024\",\"image\":{\"@type\":\"ImageObject\",\"inLanguage\":\"pt-PT\",\"@id\":\"https:\\\/\\\/secure.gravatar.com\\\/avatar\\\/c5a7ef84c66fa914f55bc4f7ce26cfa275a3b9a1c5568b907bd184fb4dde7b40?s=96&d=mm&r=g\",\"url\":\"https:\\\/\\\/secure.gravatar.com\\\/avatar\\\/c5a7ef84c66fa914f55bc4f7ce26cfa275a3b9a1c5568b907bd184fb4dde7b40?s=96&d=mm&r=g\",\"contentUrl\":\"https:\\\/\\\/secure.gravatar.com\\\/avatar\\\/c5a7ef84c66fa914f55bc4f7ce26cfa275a3b9a1c5568b907bd184fb4dde7b40?s=96&d=mm&r=g\",\"caption\":\"inclusivenews2024\"},\"sameAs\":[\"https:\\\/\\\/inclusivenews.com.br\"],\"url\":\"https:\\\/\\\/inclusivenews.com.br\\\/?author=1\"}]}<\/script>\n<!-- \/ Yoast SEO plugin. -->","yoast_head_json":{"title":"Recursos abertos podem ajudar na transforma\u00e7\u00e3o da escola, apontam especialistas e docentes -","robots":{"index":"index","follow":"follow","max-snippet":"max-snippet:-1","max-image-preview":"max-image-preview:large","max-video-preview":"max-video-preview:-1"},"canonical":"https:\/\/inclusivenews.com.br\/?p=27170","og_locale":"pt_PT","og_type":"article","og_title":"Recursos abertos podem ajudar na transforma\u00e7\u00e3o da escola, apontam especialistas e docentes -","og_description":"Mudan\u00e7a nas rela\u00e7\u00f5es entre alunos e professores e valoriza\u00e7\u00e3o da produ\u00e7\u00e3o docente s\u00e3o algumas das possibilidades indicadas. Do Observat\u00f3rio da Educa\u00e7\u00e3o.","og_url":"https:\/\/inclusivenews.com.br\/?p=27170","article_publisher":"https:\/\/www.facebook.com\/agenciainclusive\/","article_published_time":"2014-11-05T12:17:27+00:00","og_image":[{"url":"http:\/\/inclusivenews.com.br\/wp-content\/uploads\/2010\/11\/rea.jpg","type":"","width":"","height":""}],"author":"inclusivenews2024","twitter_card":"summary_large_image","twitter_misc":{"Escrito por":"inclusivenews2024","Tempo estimado de leitura":"6 minutos"},"schema":{"@context":"https:\/\/schema.org","@graph":[{"@type":"Article","@id":"https:\/\/inclusivenews.com.br\/?p=27170#article","isPartOf":{"@id":"https:\/\/inclusivenews.com.br\/?p=27170"},"author":{"name":"inclusivenews2024","@id":"https:\/\/inclusivenews.com.br\/#\/schema\/person\/ae4ec7087559b8692fb33b6fffd2273b"},"headline":"Recursos abertos podem ajudar na transforma\u00e7\u00e3o da escola, apontam especialistas e docentes","datePublished":"2014-11-05T12:17:27+00:00","mainEntityOfPage":{"@id":"https:\/\/inclusivenews.com.br\/?p=27170"},"wordCount":1133,"commentCount":0,"publisher":{"@id":"https:\/\/inclusivenews.com.br\/#organization"},"image":{"@id":"https:\/\/inclusivenews.com.br\/?p=27170#primaryimage"},"thumbnailUrl":"http:\/\/inclusivenews.com.br\/wp-content\/uploads\/2010\/11\/rea.jpg","keywords":["Recuros Educacionais Abertos","recursos educacionais abertos"],"articleSection":["NOT\u00cdCIAS"],"inLanguage":"pt-PT","potentialAction":[{"@type":"CommentAction","name":"Comment","target":["https:\/\/inclusivenews.com.br\/?p=27170#respond"]}]},{"@type":"WebPage","@id":"https:\/\/inclusivenews.com.br\/?p=27170","url":"https:\/\/inclusivenews.com.br\/?p=27170","name":"Recursos abertos podem ajudar na transforma\u00e7\u00e3o da escola, apontam especialistas e docentes -","isPartOf":{"@id":"https:\/\/inclusivenews.com.br\/#website"},"primaryImageOfPage":{"@id":"https:\/\/inclusivenews.com.br\/?p=27170#primaryimage"},"image":{"@id":"https:\/\/inclusivenews.com.br\/?p=27170#primaryimage"},"thumbnailUrl":"http:\/\/inclusivenews.com.br\/wp-content\/uploads\/2010\/11\/rea.jpg","datePublished":"2014-11-05T12:17:27+00:00","breadcrumb":{"@id":"https:\/\/inclusivenews.com.br\/?p=27170#breadcrumb"},"inLanguage":"pt-PT","potentialAction":[{"@type":"ReadAction","target":["https:\/\/inclusivenews.com.br\/?p=27170"]}]},{"@type":"ImageObject","inLanguage":"pt-PT","@id":"https:\/\/inclusivenews.com.br\/?p=27170#primaryimage","url":"","contentUrl":""},{"@type":"BreadcrumbList","@id":"https:\/\/inclusivenews.com.br\/?p=27170#breadcrumb","itemListElement":[{"@type":"ListItem","position":1,"name":"In\u00edcio","item":"https:\/\/inclusivenews.com.br\/"},{"@type":"ListItem","position":2,"name":"Recursos abertos podem ajudar na transforma\u00e7\u00e3o da escola, apontam especialistas e docentes"}]},{"@type":"WebSite","@id":"https:\/\/inclusivenews.com.br\/#website","url":"https:\/\/inclusivenews.com.br\/","name":"Inclusive News","description":"Inclusive News","publisher":{"@id":"https:\/\/inclusivenews.com.br\/#organization"},"potentialAction":[{"@type":"SearchAction","target":{"@type":"EntryPoint","urlTemplate":"https:\/\/inclusivenews.com.br\/?s={search_term_string}"},"query-input":{"@type":"PropertyValueSpecification","valueRequired":true,"valueName":"search_term_string"}}],"inLanguage":"pt-PT"},{"@type":"Organization","@id":"https:\/\/inclusivenews.com.br\/#organization","name":"Inclusive - inclus\u00e3o e cidadania","url":"https:\/\/inclusivenews.com.br\/","logo":{"@type":"ImageObject","inLanguage":"pt-PT","@id":"https:\/\/inclusivenews.com.br\/#\/schema\/logo\/image\/","url":"https:\/\/inclusivenews.com.br\/wp-content\/uploads\/2024\/03\/@grandesite.png","contentUrl":"https:\/\/inclusivenews.com.br\/wp-content\/uploads\/2024\/03\/@grandesite.png","width":1080,"height":1080,"caption":"Inclusive - inclus\u00e3o e cidadania"},"image":{"@id":"https:\/\/inclusivenews.com.br\/#\/schema\/logo\/image\/"},"sameAs":["https:\/\/www.facebook.com\/agenciainclusive\/","https:\/\/www.instagram.com\/newsinclusive\/"]},{"@type":"Person","@id":"https:\/\/inclusivenews.com.br\/#\/schema\/person\/ae4ec7087559b8692fb33b6fffd2273b","name":"inclusivenews2024","image":{"@type":"ImageObject","inLanguage":"pt-PT","@id":"https:\/\/secure.gravatar.com\/avatar\/c5a7ef84c66fa914f55bc4f7ce26cfa275a3b9a1c5568b907bd184fb4dde7b40?s=96&d=mm&r=g","url":"https:\/\/secure.gravatar.com\/avatar\/c5a7ef84c66fa914f55bc4f7ce26cfa275a3b9a1c5568b907bd184fb4dde7b40?s=96&d=mm&r=g","contentUrl":"https:\/\/secure.gravatar.com\/avatar\/c5a7ef84c66fa914f55bc4f7ce26cfa275a3b9a1c5568b907bd184fb4dde7b40?s=96&d=mm&r=g","caption":"inclusivenews2024"},"sameAs":["https:\/\/inclusivenews.com.br"],"url":"https:\/\/inclusivenews.com.br\/?author=1"}]}},"_links":{"self":[{"href":"https:\/\/inclusivenews.com.br\/index.php?rest_route=\/wp\/v2\/posts\/27170","targetHints":{"allow":["GET"]}}],"collection":[{"href":"https:\/\/inclusivenews.com.br\/index.php?rest_route=\/wp\/v2\/posts"}],"about":[{"href":"https:\/\/inclusivenews.com.br\/index.php?rest_route=\/wp\/v2\/types\/post"}],"author":[{"embeddable":true,"href":"https:\/\/inclusivenews.com.br\/index.php?rest_route=\/wp\/v2\/users\/1"}],"replies":[{"embeddable":true,"href":"https:\/\/inclusivenews.com.br\/index.php?rest_route=%2Fwp%2Fv2%2Fcomments&post=27170"}],"version-history":[{"count":0,"href":"https:\/\/inclusivenews.com.br\/index.php?rest_route=\/wp\/v2\/posts\/27170\/revisions"}],"wp:attachment":[{"href":"https:\/\/inclusivenews.com.br\/index.php?rest_route=%2Fwp%2Fv2%2Fmedia&parent=27170"}],"wp:term":[{"taxonomy":"category","embeddable":true,"href":"https:\/\/inclusivenews.com.br\/index.php?rest_route=%2Fwp%2Fv2%2Fcategories&post=27170"},{"taxonomy":"post_tag","embeddable":true,"href":"https:\/\/inclusivenews.com.br\/index.php?rest_route=%2Fwp%2Fv2%2Ftags&post=27170"}],"curies":[{"name":"wp","href":"https:\/\/api.w.org\/{rel}","templated":true}]}}