{"id":27174,"date":"2014-11-05T09:17:46","date_gmt":"2014-11-05T12:17:46","guid":{"rendered":"http:\/\/www.inclusive.org.br\/?p=27174"},"modified":"2014-11-05T09:17:46","modified_gmt":"2014-11-05T12:17:46","slug":"movimento-propoe-cinco-atitudes-para-mudar-a-educacao","status":"publish","type":"post","link":"https:\/\/inclusivenews.com.br\/?p=27174","title":{"rendered":"Movimento prop\u00f5e cinco atitudes para mudar a educa\u00e7\u00e3o"},"content":{"rendered":"<p><em>Nova campanha do Todos pela Educa\u00e7\u00e3o pretende engajar fam\u00edlias, escolas e comunidades para acelerar avan\u00e7os educacionais no pa\u00eds. Do Porvir.<\/em><\/p>\n<p>\u201cTodos somos educadores\u201d. Com essa frase, Cidinha, 49 anos, encerra um dos v\u00eddeos da campanha de mobiliza\u00e7\u00e3o social lan\u00e7ada nesta ter\u00e7a (14) pelo movimento Todos Pela Educa\u00e7\u00e3o para engajar a sociedade pela melhora da educa\u00e7\u00e3o brasileira. M\u00e3e, av\u00f3 e l\u00edder comunit\u00e1ria, ela conta que, ao perceber o valor da educa\u00e7\u00e3o na vida das pessoas, decidiu lutar para que toda a comunidade tenha acesso a um ensino de qualidade. Mesmo com pouco repert\u00f3rio, come\u00e7ou estudando em casa para poder ajudar o filho. Agora, ela motiva outros pais fazerem o mesmo. Suas atitudes s\u00e3o defendidas pela campanha como forma de acelerar os avan\u00e7os educacionais no Brasil.<\/p>\n<p>O Todos pela Educa\u00e7\u00e3o, que j\u00e1 vem trabalhando com metas e bandeiras endere\u00e7adas ao poder p\u00fablico para garantir qualidade e acesso \u00e0 educa\u00e7\u00e3o no Brasil, pretende agora envolver fam\u00edlias, escolas e comunidades pelo mesmo objetivo.<\/p>\n<div class=\"wp-caption aligncenter\" id=\"attachment_123142\" style=\"width: 540px;\"><a href=\"http:\/\/envolverde.com.br\/portal\/wp-content\/uploads\/2014\/10\/TPE-5-atitudes.jpg\"><img loading=\"lazy\" decoding=\"async\" class=\"wp-image-123142\" title=\"Movimento prop\u00f5e cinco atitudes para mudar a educa\u00e7\u00e3o\" alt=\"TPE 5 atitudes Movimento prop\u00f5e cinco atitudes para mudar a educa\u00e7\u00e3o\" src=\"http:\/\/envolverde.com.br\/portal\/wp-content\/uploads\/2014\/10\/TPE-5-atitudes.jpg\" width=\"530\" height=\"242\" \/><\/a><\/p>\n<p class=\"wp-caption-text\">Foto: Vectoraart\/Folia.com<\/p>\n<\/div>\n<p>Para que tais objetivos sejam alcan\u00e7ados, as cinco atitudes incentivadas s\u00e3o: valorizar os professores, a aprendizagem e o conhecimento; promover habilidades importantes para a vida e para a escola; colocar a educa\u00e7\u00e3o escolar no dia a dia; apoiar o projeto de vida e o protagonismo dos alunos e ampliar o repert\u00f3rio cultural e esportivo das crian\u00e7as e dos jovens. Elas foram identificadas por meio de estudo realizado em 2013 a partir de entrevistas com pais, alunos, professores diretores, coordenadores pedag\u00f3gicos e especialistas em cidades nas cinco regi\u00f5es do Brasil.<\/p>\n<p>A campanha chamada de Todos Somos Educadores foi idealizada voluntariamente pela DM9DDB, do Grupo ABC, e foca na promo\u00e7\u00e3o das cinco atitudes por meio de depoimentos reais de pessoas que se comprometem com a educa\u00e7\u00e3o no seu dia a dia. \u201cN\u00e3o se coloca somente a crian\u00e7a na escola: precisamos colocar a escola nas crian\u00e7as\u201d, afirmou Nizan Guanaes, do Grupo ABC e tamb\u00e9m s\u00f3cio fundador do Todos Pela Educa\u00e7\u00e3o, no lan\u00e7amento do movimento em S\u00e3o Paulo.<\/p>\n<p><iframe loading=\"lazy\" src=\"\/\/www.youtube.com\/embed\/UZe6atIQaMI\" height=\"315\" width=\"560\" allowfullscreen=\"allowfullscreen\" frameborder=\"0\"><\/iframe><\/p>\n<p>O material \u00e9 composto por pe\u00e7as para m\u00eddias impressa, eletr\u00f4nica e digital. No site <a href=\"http:\/\/www.5atitudes.org.br\/\" target=\"_blank\" rel=\"noopener\">www.5atitudes.org.br<\/a>, as atitudes s\u00e3o aprofundadas e h\u00e1 exemplos pr\u00e1ticos de como desenvolv\u00ea-las. H\u00e1 tamb\u00e9m v\u00eddeos que inspiram e material para espalhar a ideia, al\u00e9m de um canal para que as pessoas possam contar hist\u00f3rias inspiradoras.<\/p>\n<p>Al\u00e9m disso, o Todos Pela Educa\u00e7\u00e3o publicou dois livros, o 5 Atitudes pela Educa\u00e7\u00e3o \u2013 Orienta\u00e7\u00f5es para Coordenadores Pedag\u00f3gicos, com textos de Ana Maria Machado, Ilan Brenman, Pedro Bandeira, Ricardo Azevedo e Walcyr Carrasco, e 100 perguntas que v\u00e3o dar o que falar, destinado a fam\u00edlias. A segunda publica\u00e7\u00e3o apresenta quest\u00f5es, como \u201cSe voc\u00ea fosse um super her\u00f3i, quem seria?\u201d e Quem \u00e9 ou foi seu professor preferido?\u201d, e espa\u00e7os para respostas para estimular que pais ou respons\u00e1veis dialoguem com crian\u00e7as e jovens sobre o temas como cultura, esporte, sentimentos, inf\u00e2ncia e outros.<\/p>\n","protected":false},"excerpt":{"rendered":"<p>Nova campanha do Todos pela Educa\u00e7\u00e3o pretende engajar fam\u00edlias, escolas e comunidades para acelerar avan\u00e7os educacionais no pa\u00eds. Do Porvir.<\/p>\n","protected":false},"author":1,"featured_media":0,"comment_status":"open","ping_status":"open","sticky":false,"template":"","format":"standard","meta":{"site-container-style":"default","site-container-layout":"default","site-sidebar-layout":"default","disable-article-header":"default","disable-site-header":"default","disable-site-footer":"default","disable-content-area-spacing":"default","footnotes":""},"categories":[3,6],"tags":[],"class_list":["post-27174","post","type-post","status-publish","format-standard","hentry","category-campanhas","category-educacao"],"yoast_head":"<!-- This site is optimized with the Yoast SEO plugin v27.5 - https:\/\/yoast.com\/product\/yoast-seo-wordpress\/ -->\n<title>Movimento prop\u00f5e cinco atitudes para mudar a educa\u00e7\u00e3o -<\/title>\n<meta name=\"robots\" content=\"index, follow, max-snippet:-1, max-image-preview:large, max-video-preview:-1\" \/>\n<link rel=\"canonical\" href=\"https:\/\/inclusivenews.com.br\/?p=27174\" \/>\n<meta property=\"og:locale\" content=\"pt_PT\" \/>\n<meta property=\"og:type\" content=\"article\" \/>\n<meta property=\"og:title\" content=\"Movimento prop\u00f5e cinco atitudes para mudar a educa\u00e7\u00e3o -\" \/>\n<meta property=\"og:description\" content=\"Nova campanha do Todos pela Educa\u00e7\u00e3o pretende engajar fam\u00edlias, escolas e comunidades para acelerar avan\u00e7os educacionais no pa\u00eds. Do Porvir.\" \/>\n<meta property=\"og:url\" content=\"https:\/\/inclusivenews.com.br\/?p=27174\" \/>\n<meta property=\"article:publisher\" content=\"https:\/\/www.facebook.com\/agenciainclusive\/\" \/>\n<meta property=\"article:published_time\" content=\"2014-11-05T12:17:46+00:00\" \/>\n<meta property=\"og:image\" content=\"http:\/\/envolverde.com.br\/portal\/wp-content\/uploads\/2014\/10\/TPE-5-atitudes.jpg\" \/>\n<meta name=\"author\" content=\"inclusivenews2024\" \/>\n<meta name=\"twitter:card\" content=\"summary_large_image\" \/>\n<meta name=\"twitter:label1\" content=\"Escrito por\" \/>\n\t<meta name=\"twitter:data1\" content=\"inclusivenews2024\" \/>\n\t<meta name=\"twitter:label2\" content=\"Tempo estimado de leitura\" \/>\n\t<meta name=\"twitter:data2\" content=\"3 minutos\" \/>\n<script type=\"application\/ld+json\" class=\"yoast-schema-graph\">{\"@context\":\"https:\\\/\\\/schema.org\",\"@graph\":[{\"@type\":\"Article\",\"@id\":\"https:\\\/\\\/inclusivenews.com.br\\\/?p=27174#article\",\"isPartOf\":{\"@id\":\"https:\\\/\\\/inclusivenews.com.br\\\/?p=27174\"},\"author\":{\"name\":\"inclusivenews2024\",\"@id\":\"https:\\\/\\\/inclusivenews.com.br\\\/#\\\/schema\\\/person\\\/ae4ec7087559b8692fb33b6fffd2273b\"},\"headline\":\"Movimento prop\u00f5e cinco atitudes para mudar a educa\u00e7\u00e3o\",\"datePublished\":\"2014-11-05T12:17:46+00:00\",\"mainEntityOfPage\":{\"@id\":\"https:\\\/\\\/inclusivenews.com.br\\\/?p=27174\"},\"wordCount\":538,\"commentCount\":0,\"publisher\":{\"@id\":\"https:\\\/\\\/inclusivenews.com.br\\\/#organization\"},\"image\":{\"@id\":\"https:\\\/\\\/inclusivenews.com.br\\\/?p=27174#primaryimage\"},\"thumbnailUrl\":\"http:\\\/\\\/envolverde.com.br\\\/portal\\\/wp-content\\\/uploads\\\/2014\\\/10\\\/TPE-5-atitudes.jpg\",\"articleSection\":[\"CAMPANHAS\",\"EDUCA\u00c7\u00c3O\"],\"inLanguage\":\"pt-PT\",\"potentialAction\":[{\"@type\":\"CommentAction\",\"name\":\"Comment\",\"target\":[\"https:\\\/\\\/inclusivenews.com.br\\\/?p=27174#respond\"]}]},{\"@type\":\"WebPage\",\"@id\":\"https:\\\/\\\/inclusivenews.com.br\\\/?p=27174\",\"url\":\"https:\\\/\\\/inclusivenews.com.br\\\/?p=27174\",\"name\":\"Movimento prop\u00f5e cinco atitudes para mudar a educa\u00e7\u00e3o -\",\"isPartOf\":{\"@id\":\"https:\\\/\\\/inclusivenews.com.br\\\/#website\"},\"primaryImageOfPage\":{\"@id\":\"https:\\\/\\\/inclusivenews.com.br\\\/?p=27174#primaryimage\"},\"image\":{\"@id\":\"https:\\\/\\\/inclusivenews.com.br\\\/?p=27174#primaryimage\"},\"thumbnailUrl\":\"http:\\\/\\\/envolverde.com.br\\\/portal\\\/wp-content\\\/uploads\\\/2014\\\/10\\\/TPE-5-atitudes.jpg\",\"datePublished\":\"2014-11-05T12:17:46+00:00\",\"breadcrumb\":{\"@id\":\"https:\\\/\\\/inclusivenews.com.br\\\/?p=27174#breadcrumb\"},\"inLanguage\":\"pt-PT\",\"potentialAction\":[{\"@type\":\"ReadAction\",\"target\":[\"https:\\\/\\\/inclusivenews.com.br\\\/?p=27174\"]}]},{\"@type\":\"ImageObject\",\"inLanguage\":\"pt-PT\",\"@id\":\"https:\\\/\\\/inclusivenews.com.br\\\/?p=27174#primaryimage\",\"url\":\"http:\\\/\\\/envolverde.com.br\\\/portal\\\/wp-content\\\/uploads\\\/2014\\\/10\\\/TPE-5-atitudes.jpg\",\"contentUrl\":\"http:\\\/\\\/envolverde.com.br\\\/portal\\\/wp-content\\\/uploads\\\/2014\\\/10\\\/TPE-5-atitudes.jpg\"},{\"@type\":\"BreadcrumbList\",\"@id\":\"https:\\\/\\\/inclusivenews.com.br\\\/?p=27174#breadcrumb\",\"itemListElement\":[{\"@type\":\"ListItem\",\"position\":1,\"name\":\"In\u00edcio\",\"item\":\"https:\\\/\\\/inclusivenews.com.br\\\/\"},{\"@type\":\"ListItem\",\"position\":2,\"name\":\"Movimento prop\u00f5e cinco atitudes para mudar a educa\u00e7\u00e3o\"}]},{\"@type\":\"WebSite\",\"@id\":\"https:\\\/\\\/inclusivenews.com.br\\\/#website\",\"url\":\"https:\\\/\\\/inclusivenews.com.br\\\/\",\"name\":\"Inclusive News\",\"description\":\"Inclusive News\",\"publisher\":{\"@id\":\"https:\\\/\\\/inclusivenews.com.br\\\/#organization\"},\"potentialAction\":[{\"@type\":\"SearchAction\",\"target\":{\"@type\":\"EntryPoint\",\"urlTemplate\":\"https:\\\/\\\/inclusivenews.com.br\\\/?s={search_term_string}\"},\"query-input\":{\"@type\":\"PropertyValueSpecification\",\"valueRequired\":true,\"valueName\":\"search_term_string\"}}],\"inLanguage\":\"pt-PT\"},{\"@type\":\"Organization\",\"@id\":\"https:\\\/\\\/inclusivenews.com.br\\\/#organization\",\"name\":\"Inclusive - inclus\u00e3o e cidadania\",\"url\":\"https:\\\/\\\/inclusivenews.com.br\\\/\",\"logo\":{\"@type\":\"ImageObject\",\"inLanguage\":\"pt-PT\",\"@id\":\"https:\\\/\\\/inclusivenews.com.br\\\/#\\\/schema\\\/logo\\\/image\\\/\",\"url\":\"https:\\\/\\\/inclusivenews.com.br\\\/wp-content\\\/uploads\\\/2024\\\/03\\\/@grandesite.png\",\"contentUrl\":\"https:\\\/\\\/inclusivenews.com.br\\\/wp-content\\\/uploads\\\/2024\\\/03\\\/@grandesite.png\",\"width\":1080,\"height\":1080,\"caption\":\"Inclusive - inclus\u00e3o e cidadania\"},\"image\":{\"@id\":\"https:\\\/\\\/inclusivenews.com.br\\\/#\\\/schema\\\/logo\\\/image\\\/\"},\"sameAs\":[\"https:\\\/\\\/www.facebook.com\\\/agenciainclusive\\\/\",\"https:\\\/\\\/www.instagram.com\\\/newsinclusive\\\/\"]},{\"@type\":\"Person\",\"@id\":\"https:\\\/\\\/inclusivenews.com.br\\\/#\\\/schema\\\/person\\\/ae4ec7087559b8692fb33b6fffd2273b\",\"name\":\"inclusivenews2024\",\"image\":{\"@type\":\"ImageObject\",\"inLanguage\":\"pt-PT\",\"@id\":\"https:\\\/\\\/secure.gravatar.com\\\/avatar\\\/c5a7ef84c66fa914f55bc4f7ce26cfa275a3b9a1c5568b907bd184fb4dde7b40?s=96&d=mm&r=g\",\"url\":\"https:\\\/\\\/secure.gravatar.com\\\/avatar\\\/c5a7ef84c66fa914f55bc4f7ce26cfa275a3b9a1c5568b907bd184fb4dde7b40?s=96&d=mm&r=g\",\"contentUrl\":\"https:\\\/\\\/secure.gravatar.com\\\/avatar\\\/c5a7ef84c66fa914f55bc4f7ce26cfa275a3b9a1c5568b907bd184fb4dde7b40?s=96&d=mm&r=g\",\"caption\":\"inclusivenews2024\"},\"sameAs\":[\"https:\\\/\\\/inclusivenews.com.br\"],\"url\":\"https:\\\/\\\/inclusivenews.com.br\\\/?author=1\"}]}<\/script>\n<!-- \/ Yoast SEO plugin. -->","yoast_head_json":{"title":"Movimento prop\u00f5e cinco atitudes para mudar a educa\u00e7\u00e3o -","robots":{"index":"index","follow":"follow","max-snippet":"max-snippet:-1","max-image-preview":"max-image-preview:large","max-video-preview":"max-video-preview:-1"},"canonical":"https:\/\/inclusivenews.com.br\/?p=27174","og_locale":"pt_PT","og_type":"article","og_title":"Movimento prop\u00f5e cinco atitudes para mudar a educa\u00e7\u00e3o -","og_description":"Nova campanha do Todos pela Educa\u00e7\u00e3o pretende engajar fam\u00edlias, escolas e comunidades para acelerar avan\u00e7os educacionais no pa\u00eds. Do Porvir.","og_url":"https:\/\/inclusivenews.com.br\/?p=27174","article_publisher":"https:\/\/www.facebook.com\/agenciainclusive\/","article_published_time":"2014-11-05T12:17:46+00:00","og_image":[{"url":"http:\/\/envolverde.com.br\/portal\/wp-content\/uploads\/2014\/10\/TPE-5-atitudes.jpg","type":"","width":"","height":""}],"author":"inclusivenews2024","twitter_card":"summary_large_image","twitter_misc":{"Escrito por":"inclusivenews2024","Tempo estimado de leitura":"3 minutos"},"schema":{"@context":"https:\/\/schema.org","@graph":[{"@type":"Article","@id":"https:\/\/inclusivenews.com.br\/?p=27174#article","isPartOf":{"@id":"https:\/\/inclusivenews.com.br\/?p=27174"},"author":{"name":"inclusivenews2024","@id":"https:\/\/inclusivenews.com.br\/#\/schema\/person\/ae4ec7087559b8692fb33b6fffd2273b"},"headline":"Movimento prop\u00f5e cinco atitudes para mudar a educa\u00e7\u00e3o","datePublished":"2014-11-05T12:17:46+00:00","mainEntityOfPage":{"@id":"https:\/\/inclusivenews.com.br\/?p=27174"},"wordCount":538,"commentCount":0,"publisher":{"@id":"https:\/\/inclusivenews.com.br\/#organization"},"image":{"@id":"https:\/\/inclusivenews.com.br\/?p=27174#primaryimage"},"thumbnailUrl":"http:\/\/envolverde.com.br\/portal\/wp-content\/uploads\/2014\/10\/TPE-5-atitudes.jpg","articleSection":["CAMPANHAS","EDUCA\u00c7\u00c3O"],"inLanguage":"pt-PT","potentialAction":[{"@type":"CommentAction","name":"Comment","target":["https:\/\/inclusivenews.com.br\/?p=27174#respond"]}]},{"@type":"WebPage","@id":"https:\/\/inclusivenews.com.br\/?p=27174","url":"https:\/\/inclusivenews.com.br\/?p=27174","name":"Movimento prop\u00f5e cinco atitudes para mudar a educa\u00e7\u00e3o -","isPartOf":{"@id":"https:\/\/inclusivenews.com.br\/#website"},"primaryImageOfPage":{"@id":"https:\/\/inclusivenews.com.br\/?p=27174#primaryimage"},"image":{"@id":"https:\/\/inclusivenews.com.br\/?p=27174#primaryimage"},"thumbnailUrl":"http:\/\/envolverde.com.br\/portal\/wp-content\/uploads\/2014\/10\/TPE-5-atitudes.jpg","datePublished":"2014-11-05T12:17:46+00:00","breadcrumb":{"@id":"https:\/\/inclusivenews.com.br\/?p=27174#breadcrumb"},"inLanguage":"pt-PT","potentialAction":[{"@type":"ReadAction","target":["https:\/\/inclusivenews.com.br\/?p=27174"]}]},{"@type":"ImageObject","inLanguage":"pt-PT","@id":"https:\/\/inclusivenews.com.br\/?p=27174#primaryimage","url":"http:\/\/envolverde.com.br\/portal\/wp-content\/uploads\/2014\/10\/TPE-5-atitudes.jpg","contentUrl":"http:\/\/envolverde.com.br\/portal\/wp-content\/uploads\/2014\/10\/TPE-5-atitudes.jpg"},{"@type":"BreadcrumbList","@id":"https:\/\/inclusivenews.com.br\/?p=27174#breadcrumb","itemListElement":[{"@type":"ListItem","position":1,"name":"In\u00edcio","item":"https:\/\/inclusivenews.com.br\/"},{"@type":"ListItem","position":2,"name":"Movimento prop\u00f5e cinco atitudes para mudar a educa\u00e7\u00e3o"}]},{"@type":"WebSite","@id":"https:\/\/inclusivenews.com.br\/#website","url":"https:\/\/inclusivenews.com.br\/","name":"Inclusive News","description":"Inclusive News","publisher":{"@id":"https:\/\/inclusivenews.com.br\/#organization"},"potentialAction":[{"@type":"SearchAction","target":{"@type":"EntryPoint","urlTemplate":"https:\/\/inclusivenews.com.br\/?s={search_term_string}"},"query-input":{"@type":"PropertyValueSpecification","valueRequired":true,"valueName":"search_term_string"}}],"inLanguage":"pt-PT"},{"@type":"Organization","@id":"https:\/\/inclusivenews.com.br\/#organization","name":"Inclusive - inclus\u00e3o e cidadania","url":"https:\/\/inclusivenews.com.br\/","logo":{"@type":"ImageObject","inLanguage":"pt-PT","@id":"https:\/\/inclusivenews.com.br\/#\/schema\/logo\/image\/","url":"https:\/\/inclusivenews.com.br\/wp-content\/uploads\/2024\/03\/@grandesite.png","contentUrl":"https:\/\/inclusivenews.com.br\/wp-content\/uploads\/2024\/03\/@grandesite.png","width":1080,"height":1080,"caption":"Inclusive - inclus\u00e3o e cidadania"},"image":{"@id":"https:\/\/inclusivenews.com.br\/#\/schema\/logo\/image\/"},"sameAs":["https:\/\/www.facebook.com\/agenciainclusive\/","https:\/\/www.instagram.com\/newsinclusive\/"]},{"@type":"Person","@id":"https:\/\/inclusivenews.com.br\/#\/schema\/person\/ae4ec7087559b8692fb33b6fffd2273b","name":"inclusivenews2024","image":{"@type":"ImageObject","inLanguage":"pt-PT","@id":"https:\/\/secure.gravatar.com\/avatar\/c5a7ef84c66fa914f55bc4f7ce26cfa275a3b9a1c5568b907bd184fb4dde7b40?s=96&d=mm&r=g","url":"https:\/\/secure.gravatar.com\/avatar\/c5a7ef84c66fa914f55bc4f7ce26cfa275a3b9a1c5568b907bd184fb4dde7b40?s=96&d=mm&r=g","contentUrl":"https:\/\/secure.gravatar.com\/avatar\/c5a7ef84c66fa914f55bc4f7ce26cfa275a3b9a1c5568b907bd184fb4dde7b40?s=96&d=mm&r=g","caption":"inclusivenews2024"},"sameAs":["https:\/\/inclusivenews.com.br"],"url":"https:\/\/inclusivenews.com.br\/?author=1"}]}},"_links":{"self":[{"href":"https:\/\/inclusivenews.com.br\/index.php?rest_route=\/wp\/v2\/posts\/27174","targetHints":{"allow":["GET"]}}],"collection":[{"href":"https:\/\/inclusivenews.com.br\/index.php?rest_route=\/wp\/v2\/posts"}],"about":[{"href":"https:\/\/inclusivenews.com.br\/index.php?rest_route=\/wp\/v2\/types\/post"}],"author":[{"embeddable":true,"href":"https:\/\/inclusivenews.com.br\/index.php?rest_route=\/wp\/v2\/users\/1"}],"replies":[{"embeddable":true,"href":"https:\/\/inclusivenews.com.br\/index.php?rest_route=%2Fwp%2Fv2%2Fcomments&post=27174"}],"version-history":[{"count":0,"href":"https:\/\/inclusivenews.com.br\/index.php?rest_route=\/wp\/v2\/posts\/27174\/revisions"}],"wp:attachment":[{"href":"https:\/\/inclusivenews.com.br\/index.php?rest_route=%2Fwp%2Fv2%2Fmedia&parent=27174"}],"wp:term":[{"taxonomy":"category","embeddable":true,"href":"https:\/\/inclusivenews.com.br\/index.php?rest_route=%2Fwp%2Fv2%2Fcategories&post=27174"},{"taxonomy":"post_tag","embeddable":true,"href":"https:\/\/inclusivenews.com.br\/index.php?rest_route=%2Fwp%2Fv2%2Ftags&post=27174"}],"curies":[{"name":"wp","href":"https:\/\/api.w.org\/{rel}","templated":true}]}}