{"id":27184,"date":"2014-11-05T11:22:30","date_gmt":"2014-11-05T14:22:30","guid":{"rendered":"http:\/\/www.inclusive.org.br\/?p=27184"},"modified":"2014-11-05T11:22:30","modified_gmt":"2014-11-05T14:22:30","slug":"moradia-para-pessoas-com-deficiencia-e-tema-de-documentarios","status":"publish","type":"post","link":"https:\/\/inclusivenews.com.br\/?p=27184","title":{"rendered":"Moradia para pessoas com defici\u00eancia \u00e9 tema de document\u00e1rios"},"content":{"rendered":"<blockquote>\n<div lang=\"PT-BR\">\n<div><img loading=\"lazy\" decoding=\"async\" alt=\"\" src=\"https:\/\/mail.google.com\/mail\/u\/0\/?ui=2&amp;ik=8a8e1479a4&amp;view=fimg&amp;th=149804a7045f0e7b&amp;attid=0.1.1&amp;disp=emb&amp;attbid=ANGjdJ8K19_QIfRKlM1FrZtTE3R4sO4ei2RedHgSPjQfGbekXdZKbn5uNAm0niC2n8lE7_Cd-npW__fMQvZWOvvNUv-gUVt0CBAeSTsglugHtmwOLWXdM-oj0_FSHRc&amp;sz=w1600-h1000&amp;ats=1415196605903&amp;rm=149804a7045f0e7b&amp;zw&amp;atsh=1\" width=\"240\" height=\"96\" \/><\/div>\n<div><b>\u00a0<\/b><\/div>\n<div><\/div>\n<div><\/div>\n<\/div>\n<\/blockquote>\n<p>Descri\u00e7\u00e3o da imagem: desenho da porta roxa de uma casa, com um tapete de entrada.<br \/>\nTV CULTURA EXIBE DOCUMENT\u00c1RIOS SOBRE A QUEST\u00c3O DA MORADIA PARA PESSOAS COM DEFICI\u00caNCIA<\/p>\n<p>Cada vez mais pessoas com defici\u00eancia precisam ou preferem morar sozinhas. Seja pela busca de independ\u00eancia, pelo envelhecimento e morte do chamado \u201ccuidador\u201d, pelo rompimento dos la\u00e7os familiares ou, simplesmente, porque chegou a hora.<\/p>\n<p>Na pr\u00f3xima ter\u00e7a-feira, dia 11 de novembro, \u00e0s 19h, no Centro Cultural Banco do Brasil, acontece o lan\u00e7amento dos tr\u00eas document\u00e1rios que comp\u00f5em o projeto \u201cPassa l\u00e1 em casa: a moradia assistida e a autonomia poss\u00edvel\u201d, desenvolvido pela Secretaria de Estado dos Direitos da Pessoa com Defici\u00eancia, em parceria com a TV Cultura. O objetivo do projeto \u00e9 estimular o debate em torno desse tema, ainda pouco abordado no Brasil.<\/p>\n<p>Todos os filmes t\u00eam 50 minutos de dura\u00e7\u00e3o e mostram como Portugal, Fran\u00e7a e Holanda t\u00eam enfrentado esse desafio, apresentando solu\u00e7\u00f5es variadas, desde o simples abrigamento em rep\u00fablicas at\u00e9 experi\u00eancias mais voltadas a uma vida aut\u00f4noma, enfatizando a independ\u00eancia financeira, o direito \u00e0 privacidade e \u00e0 autodetermina\u00e7\u00e3o. Os filmes apresentam sempre como contraponto a realidade brasileira.<\/p>\n<p>Os document\u00e1rios ser\u00e3o exibidos sempre \u00e0s 21h nos domingos, dias 16, 23 e 30 de novembro.<\/p>\n<p>Embora o aumento da expectativa de vida das pessoas com defici\u00eancia e do seu desejo de autonomia tenham aumentado a preocupa\u00e7\u00e3o da sociedade brasileira com essa quest\u00e3o, ainda s\u00e3o poucas as pol\u00edticas p\u00fablicas colocadas em pr\u00e1tica.<\/p>\n<p>Na cidade de S\u00e3o Paulo, o projeto SIAI \u2013 parceria entre Munic\u00edpio e Estado \u2013 mant\u00e9m duas resid\u00eancias para 20 moradores. Nacionalmente, o plano Viver Sem Limite prop\u00f4s a instala\u00e7\u00e3o de 200 resid\u00eancias, tamb\u00e9m com dez moradores, at\u00e9 o final de 2014 em todo o pa\u00eds. Desse total, 72 foram implantadas.<\/p>\n<p>Debate<\/p>\n<p>No dia 11, al\u00e9m da apresenta\u00e7\u00e3o de trechos dos document\u00e1rios, o p\u00fablico poder\u00e1 participar de um debate com os diretores dos filmes e com especialistas na tem\u00e1tica da moradia para pessoas com defici\u00eancia.<\/p>\n<p>Confira a grade de exibi\u00e7\u00e3o dos filmes na TV Cultura aos domingos, 21h:<\/p>\n<p>Dia 16<br \/>\nViver s\u00f3, mostrando a experi\u00eancia da Fran\u00e7a.<br \/>\nDire\u00e7\u00e3o: Pamela Valente<br \/>\nUzimaki Filmes<\/p>\n<p>Dia 23<br \/>\nE agora, Jos\u00e9, Maria, Jo\u00e3o&#8230;?, mostrando a experi\u00eancia da Holanda.<br \/>\nDire\u00e7\u00e3o: M\u00e1rcio Takata e Raphael Siqueira<br \/>\nV\u00eddeo Base, Instituto MetaSocial e Carpe Diem<\/p>\n<p>Dia 30<br \/>\nPode entrar, a casa \u00e9 nossa, mostrando a experi\u00eancia de Portugal.<br \/>\nDire\u00e7\u00e3o: Paula Galacini<br \/>\nCinema Animadores<\/p>\n<p>Servi\u00e7o:<\/p>\n<p>\u00b7         Debate e lan\u00e7amento de document\u00e1rios do projeto \u201cPassa l\u00e1 em casa: a moradia assistida e a autonomia poss\u00edvel\u201d<br \/>\nData: 11 de novembro \u2013 19h<br \/>\nLocal: Centro Cultural Banco do Brasil \u2013 Rua \u00c1lvares Penteado, 112 \u2013 Centro<br \/>\nEntrada gratuita<\/p>\n","protected":false},"excerpt":{"rendered":"<p>Os document\u00e1rios ser\u00e3o apresentados no Centro Cultural Banco do Brasil em 11 de novembro em S\u00e3o Paulo e posteriormente exibidos na TV Cultura. <\/p>\n","protected":false},"author":1,"featured_media":0,"comment_status":"open","ping_status":"open","sticky":false,"template":"","format":"standard","meta":{"site-container-style":"default","site-container-layout":"default","site-sidebar-layout":"default","disable-article-header":"default","disable-site-header":"default","disable-site-footer":"default","disable-content-area-spacing":"default","footnotes":""},"categories":[44,103,5,38,11,39,48,26,49],"tags":[],"class_list":["post-27184","post","type-post","status-publish","format-standard","hentry","category-acessibilidade","category-comunidades","category-convencao","category-deficiencia","category-direitos-humanos","category-discriminacao","category-inclusao","category-legislacao","category-politicas-publicas"],"yoast_head":"<!-- This site is optimized with the Yoast SEO plugin v27.4 - https:\/\/yoast.com\/product\/yoast-seo-wordpress\/ -->\n<title>Moradia para pessoas com defici\u00eancia \u00e9 tema de document\u00e1rios -<\/title>\n<meta name=\"robots\" content=\"index, follow, max-snippet:-1, max-image-preview:large, max-video-preview:-1\" \/>\n<link rel=\"canonical\" href=\"https:\/\/inclusivenews.com.br\/?p=27184\" \/>\n<meta property=\"og:locale\" content=\"pt_PT\" \/>\n<meta property=\"og:type\" content=\"article\" \/>\n<meta property=\"og:title\" content=\"Moradia para pessoas com defici\u00eancia \u00e9 tema de document\u00e1rios -\" \/>\n<meta property=\"og:description\" content=\"Os document\u00e1rios ser\u00e3o apresentados no Centro Cultural Banco do Brasil em 11 de novembro em S\u00e3o Paulo e posteriormente exibidos na TV Cultura.\" \/>\n<meta property=\"og:url\" content=\"https:\/\/inclusivenews.com.br\/?p=27184\" \/>\n<meta property=\"article:publisher\" content=\"https:\/\/www.facebook.com\/agenciainclusive\/\" \/>\n<meta property=\"article:published_time\" content=\"2014-11-05T14:22:30+00:00\" \/>\n<meta property=\"og:image\" content=\"https:\/\/mail.google.com\/mail\/u\/0\/?ui=2&amp;ik=8a8e1479a4&amp;view=fimg&amp;th=149804a7045f0e7b&amp;attid=0.1.1&amp;disp=emb&amp;attbid=ANGjdJ8K19_QIfRKlM1FrZtTE3R4sO4ei2RedHgSPjQfGbekXdZKbn5uNAm0niC2n8lE7_Cd-npW__fMQvZWOvvNUv-gUVt0CBAeSTsglugHtmwOLWXdM-oj0_FSHRc&amp;sz=w1600-h1000&amp;ats=1415196605903&amp;rm=149804a7045f0e7b&amp;zw&amp;atsh=1\" \/>\n<meta name=\"author\" content=\"inclusivenews2024\" \/>\n<meta name=\"twitter:card\" content=\"summary_large_image\" \/>\n<meta name=\"twitter:label1\" content=\"Escrito por\" \/>\n\t<meta name=\"twitter:data1\" content=\"inclusivenews2024\" \/>\n\t<meta name=\"twitter:label2\" content=\"Tempo estimado de leitura\" \/>\n\t<meta name=\"twitter:data2\" content=\"2 minutos\" \/>\n<script type=\"application\/ld+json\" class=\"yoast-schema-graph\">{\"@context\":\"https:\\\/\\\/schema.org\",\"@graph\":[{\"@type\":\"Article\",\"@id\":\"https:\\\/\\\/inclusivenews.com.br\\\/?p=27184#article\",\"isPartOf\":{\"@id\":\"https:\\\/\\\/inclusivenews.com.br\\\/?p=27184\"},\"author\":{\"name\":\"inclusivenews2024\",\"@id\":\"https:\\\/\\\/inclusivenews.com.br\\\/#\\\/schema\\\/person\\\/ae4ec7087559b8692fb33b6fffd2273b\"},\"headline\":\"Moradia para pessoas com defici\u00eancia \u00e9 tema de document\u00e1rios\",\"datePublished\":\"2014-11-05T14:22:30+00:00\",\"mainEntityOfPage\":{\"@id\":\"https:\\\/\\\/inclusivenews.com.br\\\/?p=27184\"},\"wordCount\":485,\"commentCount\":0,\"publisher\":{\"@id\":\"https:\\\/\\\/inclusivenews.com.br\\\/#organization\"},\"image\":{\"@id\":\"https:\\\/\\\/inclusivenews.com.br\\\/?p=27184#primaryimage\"},\"thumbnailUrl\":\"https:\\\/\\\/mail.google.com\\\/mail\\\/u\\\/0\\\/?ui=2&amp;ik=8a8e1479a4&amp;view=fimg&amp;th=149804a7045f0e7b&amp;attid=0.1.1&amp;disp=emb&amp;attbid=ANGjdJ8K19_QIfRKlM1FrZtTE3R4sO4ei2RedHgSPjQfGbekXdZKbn5uNAm0niC2n8lE7_Cd-npW__fMQvZWOvvNUv-gUVt0CBAeSTsglugHtmwOLWXdM-oj0_FSHRc&amp;sz=w1600-h1000&amp;ats=1415196605903&amp;rm=149804a7045f0e7b&amp;zw&amp;atsh=1\",\"articleSection\":[\"ACESSIBILIDADE\",\"Comunidades\",\"Conven\u00e7\u00e3o\",\"Defici\u00eancia\",\"DIREITOS HUMANOS\",\"Discrimina\u00e7\u00e3o\",\"INCLUS\u00c3O SOCIAL\",\"Legisla\u00e7\u00e3o ...\",\"Pol\u00edticas p\u00fablicas\"],\"inLanguage\":\"pt-PT\",\"potentialAction\":[{\"@type\":\"CommentAction\",\"name\":\"Comment\",\"target\":[\"https:\\\/\\\/inclusivenews.com.br\\\/?p=27184#respond\"]}]},{\"@type\":\"WebPage\",\"@id\":\"https:\\\/\\\/inclusivenews.com.br\\\/?p=27184\",\"url\":\"https:\\\/\\\/inclusivenews.com.br\\\/?p=27184\",\"name\":\"Moradia para pessoas com defici\u00eancia \u00e9 tema de document\u00e1rios -\",\"isPartOf\":{\"@id\":\"https:\\\/\\\/inclusivenews.com.br\\\/#website\"},\"primaryImageOfPage\":{\"@id\":\"https:\\\/\\\/inclusivenews.com.br\\\/?p=27184#primaryimage\"},\"image\":{\"@id\":\"https:\\\/\\\/inclusivenews.com.br\\\/?p=27184#primaryimage\"},\"thumbnailUrl\":\"https:\\\/\\\/mail.google.com\\\/mail\\\/u\\\/0\\\/?ui=2&amp;ik=8a8e1479a4&amp;view=fimg&amp;th=149804a7045f0e7b&amp;attid=0.1.1&amp;disp=emb&amp;attbid=ANGjdJ8K19_QIfRKlM1FrZtTE3R4sO4ei2RedHgSPjQfGbekXdZKbn5uNAm0niC2n8lE7_Cd-npW__fMQvZWOvvNUv-gUVt0CBAeSTsglugHtmwOLWXdM-oj0_FSHRc&amp;sz=w1600-h1000&amp;ats=1415196605903&amp;rm=149804a7045f0e7b&amp;zw&amp;atsh=1\",\"datePublished\":\"2014-11-05T14:22:30+00:00\",\"breadcrumb\":{\"@id\":\"https:\\\/\\\/inclusivenews.com.br\\\/?p=27184#breadcrumb\"},\"inLanguage\":\"pt-PT\",\"potentialAction\":[{\"@type\":\"ReadAction\",\"target\":[\"https:\\\/\\\/inclusivenews.com.br\\\/?p=27184\"]}]},{\"@type\":\"ImageObject\",\"inLanguage\":\"pt-PT\",\"@id\":\"https:\\\/\\\/inclusivenews.com.br\\\/?p=27184#primaryimage\",\"url\":\"https:\\\/\\\/mail.google.com\\\/mail\\\/u\\\/0\\\/?ui=2&amp;ik=8a8e1479a4&amp;view=fimg&amp;th=149804a7045f0e7b&amp;attid=0.1.1&amp;disp=emb&amp;attbid=ANGjdJ8K19_QIfRKlM1FrZtTE3R4sO4ei2RedHgSPjQfGbekXdZKbn5uNAm0niC2n8lE7_Cd-npW__fMQvZWOvvNUv-gUVt0CBAeSTsglugHtmwOLWXdM-oj0_FSHRc&amp;sz=w1600-h1000&amp;ats=1415196605903&amp;rm=149804a7045f0e7b&amp;zw&amp;atsh=1\",\"contentUrl\":\"https:\\\/\\\/mail.google.com\\\/mail\\\/u\\\/0\\\/?ui=2&amp;ik=8a8e1479a4&amp;view=fimg&amp;th=149804a7045f0e7b&amp;attid=0.1.1&amp;disp=emb&amp;attbid=ANGjdJ8K19_QIfRKlM1FrZtTE3R4sO4ei2RedHgSPjQfGbekXdZKbn5uNAm0niC2n8lE7_Cd-npW__fMQvZWOvvNUv-gUVt0CBAeSTsglugHtmwOLWXdM-oj0_FSHRc&amp;sz=w1600-h1000&amp;ats=1415196605903&amp;rm=149804a7045f0e7b&amp;zw&amp;atsh=1\"},{\"@type\":\"BreadcrumbList\",\"@id\":\"https:\\\/\\\/inclusivenews.com.br\\\/?p=27184#breadcrumb\",\"itemListElement\":[{\"@type\":\"ListItem\",\"position\":1,\"name\":\"In\u00edcio\",\"item\":\"https:\\\/\\\/inclusivenews.com.br\\\/\"},{\"@type\":\"ListItem\",\"position\":2,\"name\":\"Moradia para pessoas com defici\u00eancia \u00e9 tema de document\u00e1rios\"}]},{\"@type\":\"WebSite\",\"@id\":\"https:\\\/\\\/inclusivenews.com.br\\\/#website\",\"url\":\"https:\\\/\\\/inclusivenews.com.br\\\/\",\"name\":\"Inclusive News\",\"description\":\"Inclusive News\",\"publisher\":{\"@id\":\"https:\\\/\\\/inclusivenews.com.br\\\/#organization\"},\"potentialAction\":[{\"@type\":\"SearchAction\",\"target\":{\"@type\":\"EntryPoint\",\"urlTemplate\":\"https:\\\/\\\/inclusivenews.com.br\\\/?s={search_term_string}\"},\"query-input\":{\"@type\":\"PropertyValueSpecification\",\"valueRequired\":true,\"valueName\":\"search_term_string\"}}],\"inLanguage\":\"pt-PT\"},{\"@type\":\"Organization\",\"@id\":\"https:\\\/\\\/inclusivenews.com.br\\\/#organization\",\"name\":\"Inclusive - inclus\u00e3o e cidadania\",\"url\":\"https:\\\/\\\/inclusivenews.com.br\\\/\",\"logo\":{\"@type\":\"ImageObject\",\"inLanguage\":\"pt-PT\",\"@id\":\"https:\\\/\\\/inclusivenews.com.br\\\/#\\\/schema\\\/logo\\\/image\\\/\",\"url\":\"https:\\\/\\\/inclusivenews.com.br\\\/wp-content\\\/uploads\\\/2024\\\/03\\\/@grandesite.png\",\"contentUrl\":\"https:\\\/\\\/inclusivenews.com.br\\\/wp-content\\\/uploads\\\/2024\\\/03\\\/@grandesite.png\",\"width\":1080,\"height\":1080,\"caption\":\"Inclusive - inclus\u00e3o e cidadania\"},\"image\":{\"@id\":\"https:\\\/\\\/inclusivenews.com.br\\\/#\\\/schema\\\/logo\\\/image\\\/\"},\"sameAs\":[\"https:\\\/\\\/www.facebook.com\\\/agenciainclusive\\\/\",\"https:\\\/\\\/www.instagram.com\\\/newsinclusive\\\/\"]},{\"@type\":\"Person\",\"@id\":\"https:\\\/\\\/inclusivenews.com.br\\\/#\\\/schema\\\/person\\\/ae4ec7087559b8692fb33b6fffd2273b\",\"name\":\"inclusivenews2024\",\"image\":{\"@type\":\"ImageObject\",\"inLanguage\":\"pt-PT\",\"@id\":\"https:\\\/\\\/secure.gravatar.com\\\/avatar\\\/c5a7ef84c66fa914f55bc4f7ce26cfa275a3b9a1c5568b907bd184fb4dde7b40?s=96&d=mm&r=g\",\"url\":\"https:\\\/\\\/secure.gravatar.com\\\/avatar\\\/c5a7ef84c66fa914f55bc4f7ce26cfa275a3b9a1c5568b907bd184fb4dde7b40?s=96&d=mm&r=g\",\"contentUrl\":\"https:\\\/\\\/secure.gravatar.com\\\/avatar\\\/c5a7ef84c66fa914f55bc4f7ce26cfa275a3b9a1c5568b907bd184fb4dde7b40?s=96&d=mm&r=g\",\"caption\":\"inclusivenews2024\"},\"sameAs\":[\"https:\\\/\\\/inclusivenews.com.br\"],\"url\":\"https:\\\/\\\/inclusivenews.com.br\\\/?author=1\"}]}<\/script>\n<!-- \/ Yoast SEO plugin. -->","yoast_head_json":{"title":"Moradia para pessoas com defici\u00eancia \u00e9 tema de document\u00e1rios -","robots":{"index":"index","follow":"follow","max-snippet":"max-snippet:-1","max-image-preview":"max-image-preview:large","max-video-preview":"max-video-preview:-1"},"canonical":"https:\/\/inclusivenews.com.br\/?p=27184","og_locale":"pt_PT","og_type":"article","og_title":"Moradia para pessoas com defici\u00eancia \u00e9 tema de document\u00e1rios -","og_description":"Os document\u00e1rios ser\u00e3o apresentados no Centro Cultural Banco do Brasil em 11 de novembro em S\u00e3o Paulo e posteriormente exibidos na TV Cultura.","og_url":"https:\/\/inclusivenews.com.br\/?p=27184","article_publisher":"https:\/\/www.facebook.com\/agenciainclusive\/","article_published_time":"2014-11-05T14:22:30+00:00","og_image":[{"url":"https:\/\/mail.google.com\/mail\/u\/0\/?ui=2&amp;ik=8a8e1479a4&amp;view=fimg&amp;th=149804a7045f0e7b&amp;attid=0.1.1&amp;disp=emb&amp;attbid=ANGjdJ8K19_QIfRKlM1FrZtTE3R4sO4ei2RedHgSPjQfGbekXdZKbn5uNAm0niC2n8lE7_Cd-npW__fMQvZWOvvNUv-gUVt0CBAeSTsglugHtmwOLWXdM-oj0_FSHRc&amp;sz=w1600-h1000&amp;ats=1415196605903&amp;rm=149804a7045f0e7b&amp;zw&amp;atsh=1","type":"","width":"","height":""}],"author":"inclusivenews2024","twitter_card":"summary_large_image","twitter_misc":{"Escrito por":"inclusivenews2024","Tempo estimado de leitura":"2 minutos"},"schema":{"@context":"https:\/\/schema.org","@graph":[{"@type":"Article","@id":"https:\/\/inclusivenews.com.br\/?p=27184#article","isPartOf":{"@id":"https:\/\/inclusivenews.com.br\/?p=27184"},"author":{"name":"inclusivenews2024","@id":"https:\/\/inclusivenews.com.br\/#\/schema\/person\/ae4ec7087559b8692fb33b6fffd2273b"},"headline":"Moradia para pessoas com defici\u00eancia \u00e9 tema de document\u00e1rios","datePublished":"2014-11-05T14:22:30+00:00","mainEntityOfPage":{"@id":"https:\/\/inclusivenews.com.br\/?p=27184"},"wordCount":485,"commentCount":0,"publisher":{"@id":"https:\/\/inclusivenews.com.br\/#organization"},"image":{"@id":"https:\/\/inclusivenews.com.br\/?p=27184#primaryimage"},"thumbnailUrl":"https:\/\/mail.google.com\/mail\/u\/0\/?ui=2&amp;ik=8a8e1479a4&amp;view=fimg&amp;th=149804a7045f0e7b&amp;attid=0.1.1&amp;disp=emb&amp;attbid=ANGjdJ8K19_QIfRKlM1FrZtTE3R4sO4ei2RedHgSPjQfGbekXdZKbn5uNAm0niC2n8lE7_Cd-npW__fMQvZWOvvNUv-gUVt0CBAeSTsglugHtmwOLWXdM-oj0_FSHRc&amp;sz=w1600-h1000&amp;ats=1415196605903&amp;rm=149804a7045f0e7b&amp;zw&amp;atsh=1","articleSection":["ACESSIBILIDADE","Comunidades","Conven\u00e7\u00e3o","Defici\u00eancia","DIREITOS HUMANOS","Discrimina\u00e7\u00e3o","INCLUS\u00c3O SOCIAL","Legisla\u00e7\u00e3o ...","Pol\u00edticas p\u00fablicas"],"inLanguage":"pt-PT","potentialAction":[{"@type":"CommentAction","name":"Comment","target":["https:\/\/inclusivenews.com.br\/?p=27184#respond"]}]},{"@type":"WebPage","@id":"https:\/\/inclusivenews.com.br\/?p=27184","url":"https:\/\/inclusivenews.com.br\/?p=27184","name":"Moradia para pessoas com defici\u00eancia \u00e9 tema de document\u00e1rios -","isPartOf":{"@id":"https:\/\/inclusivenews.com.br\/#website"},"primaryImageOfPage":{"@id":"https:\/\/inclusivenews.com.br\/?p=27184#primaryimage"},"image":{"@id":"https:\/\/inclusivenews.com.br\/?p=27184#primaryimage"},"thumbnailUrl":"https:\/\/mail.google.com\/mail\/u\/0\/?ui=2&amp;ik=8a8e1479a4&amp;view=fimg&amp;th=149804a7045f0e7b&amp;attid=0.1.1&amp;disp=emb&amp;attbid=ANGjdJ8K19_QIfRKlM1FrZtTE3R4sO4ei2RedHgSPjQfGbekXdZKbn5uNAm0niC2n8lE7_Cd-npW__fMQvZWOvvNUv-gUVt0CBAeSTsglugHtmwOLWXdM-oj0_FSHRc&amp;sz=w1600-h1000&amp;ats=1415196605903&amp;rm=149804a7045f0e7b&amp;zw&amp;atsh=1","datePublished":"2014-11-05T14:22:30+00:00","breadcrumb":{"@id":"https:\/\/inclusivenews.com.br\/?p=27184#breadcrumb"},"inLanguage":"pt-PT","potentialAction":[{"@type":"ReadAction","target":["https:\/\/inclusivenews.com.br\/?p=27184"]}]},{"@type":"ImageObject","inLanguage":"pt-PT","@id":"https:\/\/inclusivenews.com.br\/?p=27184#primaryimage","url":"https:\/\/mail.google.com\/mail\/u\/0\/?ui=2&amp;ik=8a8e1479a4&amp;view=fimg&amp;th=149804a7045f0e7b&amp;attid=0.1.1&amp;disp=emb&amp;attbid=ANGjdJ8K19_QIfRKlM1FrZtTE3R4sO4ei2RedHgSPjQfGbekXdZKbn5uNAm0niC2n8lE7_Cd-npW__fMQvZWOvvNUv-gUVt0CBAeSTsglugHtmwOLWXdM-oj0_FSHRc&amp;sz=w1600-h1000&amp;ats=1415196605903&amp;rm=149804a7045f0e7b&amp;zw&amp;atsh=1","contentUrl":"https:\/\/mail.google.com\/mail\/u\/0\/?ui=2&amp;ik=8a8e1479a4&amp;view=fimg&amp;th=149804a7045f0e7b&amp;attid=0.1.1&amp;disp=emb&amp;attbid=ANGjdJ8K19_QIfRKlM1FrZtTE3R4sO4ei2RedHgSPjQfGbekXdZKbn5uNAm0niC2n8lE7_Cd-npW__fMQvZWOvvNUv-gUVt0CBAeSTsglugHtmwOLWXdM-oj0_FSHRc&amp;sz=w1600-h1000&amp;ats=1415196605903&amp;rm=149804a7045f0e7b&amp;zw&amp;atsh=1"},{"@type":"BreadcrumbList","@id":"https:\/\/inclusivenews.com.br\/?p=27184#breadcrumb","itemListElement":[{"@type":"ListItem","position":1,"name":"In\u00edcio","item":"https:\/\/inclusivenews.com.br\/"},{"@type":"ListItem","position":2,"name":"Moradia para pessoas com defici\u00eancia \u00e9 tema de document\u00e1rios"}]},{"@type":"WebSite","@id":"https:\/\/inclusivenews.com.br\/#website","url":"https:\/\/inclusivenews.com.br\/","name":"Inclusive News","description":"Inclusive News","publisher":{"@id":"https:\/\/inclusivenews.com.br\/#organization"},"potentialAction":[{"@type":"SearchAction","target":{"@type":"EntryPoint","urlTemplate":"https:\/\/inclusivenews.com.br\/?s={search_term_string}"},"query-input":{"@type":"PropertyValueSpecification","valueRequired":true,"valueName":"search_term_string"}}],"inLanguage":"pt-PT"},{"@type":"Organization","@id":"https:\/\/inclusivenews.com.br\/#organization","name":"Inclusive - inclus\u00e3o e cidadania","url":"https:\/\/inclusivenews.com.br\/","logo":{"@type":"ImageObject","inLanguage":"pt-PT","@id":"https:\/\/inclusivenews.com.br\/#\/schema\/logo\/image\/","url":"https:\/\/inclusivenews.com.br\/wp-content\/uploads\/2024\/03\/@grandesite.png","contentUrl":"https:\/\/inclusivenews.com.br\/wp-content\/uploads\/2024\/03\/@grandesite.png","width":1080,"height":1080,"caption":"Inclusive - inclus\u00e3o e cidadania"},"image":{"@id":"https:\/\/inclusivenews.com.br\/#\/schema\/logo\/image\/"},"sameAs":["https:\/\/www.facebook.com\/agenciainclusive\/","https:\/\/www.instagram.com\/newsinclusive\/"]},{"@type":"Person","@id":"https:\/\/inclusivenews.com.br\/#\/schema\/person\/ae4ec7087559b8692fb33b6fffd2273b","name":"inclusivenews2024","image":{"@type":"ImageObject","inLanguage":"pt-PT","@id":"https:\/\/secure.gravatar.com\/avatar\/c5a7ef84c66fa914f55bc4f7ce26cfa275a3b9a1c5568b907bd184fb4dde7b40?s=96&d=mm&r=g","url":"https:\/\/secure.gravatar.com\/avatar\/c5a7ef84c66fa914f55bc4f7ce26cfa275a3b9a1c5568b907bd184fb4dde7b40?s=96&d=mm&r=g","contentUrl":"https:\/\/secure.gravatar.com\/avatar\/c5a7ef84c66fa914f55bc4f7ce26cfa275a3b9a1c5568b907bd184fb4dde7b40?s=96&d=mm&r=g","caption":"inclusivenews2024"},"sameAs":["https:\/\/inclusivenews.com.br"],"url":"https:\/\/inclusivenews.com.br\/?author=1"}]}},"_links":{"self":[{"href":"https:\/\/inclusivenews.com.br\/index.php?rest_route=\/wp\/v2\/posts\/27184","targetHints":{"allow":["GET"]}}],"collection":[{"href":"https:\/\/inclusivenews.com.br\/index.php?rest_route=\/wp\/v2\/posts"}],"about":[{"href":"https:\/\/inclusivenews.com.br\/index.php?rest_route=\/wp\/v2\/types\/post"}],"author":[{"embeddable":true,"href":"https:\/\/inclusivenews.com.br\/index.php?rest_route=\/wp\/v2\/users\/1"}],"replies":[{"embeddable":true,"href":"https:\/\/inclusivenews.com.br\/index.php?rest_route=%2Fwp%2Fv2%2Fcomments&post=27184"}],"version-history":[{"count":0,"href":"https:\/\/inclusivenews.com.br\/index.php?rest_route=\/wp\/v2\/posts\/27184\/revisions"}],"wp:attachment":[{"href":"https:\/\/inclusivenews.com.br\/index.php?rest_route=%2Fwp%2Fv2%2Fmedia&parent=27184"}],"wp:term":[{"taxonomy":"category","embeddable":true,"href":"https:\/\/inclusivenews.com.br\/index.php?rest_route=%2Fwp%2Fv2%2Fcategories&post=27184"},{"taxonomy":"post_tag","embeddable":true,"href":"https:\/\/inclusivenews.com.br\/index.php?rest_route=%2Fwp%2Fv2%2Ftags&post=27184"}],"curies":[{"name":"wp","href":"https:\/\/api.w.org\/{rel}","templated":true}]}}