{"id":27202,"date":"2014-11-07T17:49:20","date_gmt":"2014-11-07T20:49:20","guid":{"rendered":"http:\/\/www.inclusive.org.br\/?p=27202"},"modified":"2014-11-07T17:49:20","modified_gmt":"2014-11-07T20:49:20","slug":"da-invisibilidade-a-cidadania-os-caminhos-da-pessoa-com-deficiencia","status":"publish","type":"post","link":"https:\/\/inclusivenews.com.br\/?p=27202","title":{"rendered":"Da invisibilidade \u00e0 cidadania: os caminhos da pessoa com defici\u00eancia"},"content":{"rendered":"<p><img loading=\"lazy\" decoding=\"async\" class=\"alignnone size-full wp-image-27203\" title=\"Iniciando a descri\u00e7\u00e3o da imagem em anexo. Cartaz em fundo azul que mostra o desenho de quatro pessoas com defici\u00eancia sendo uma menina e adulto em cadeiras de rodas, um jovem com uma muleta e cego.  No alto do cartaz os dizeres Da Invisibilidade \u00e0 Cidadania - Os caminhos da pessoa com defici\u00eancia. Na parte de baixo do cartaz as logomarcas dos respons\u00e1veis Gatacine, TV Cultura, Memorial da Inclus\u00e3o e Governo do Estado de S\u00e3o Paulo\" alt=\"Iniciando a descri\u00e7\u00e3o da imagem em anexo. Cartaz em fundo azul que mostra o desenho de quatro pessoas com defici\u00eancia sendo uma menina e adulto em cadeiras de rodas, um jovem com uma muleta e cego.  No alto do cartaz os dizeres Da Invisibilidade \u00e0 Cidadania - Os caminhos da pessoa com defici\u00eancia. Na parte de baixo do cartaz as logomarcas dos respons\u00e1veis Gatacine, TV Cultura, Memorial da Inclus\u00e3o e Governo do Estado de S\u00e3o Paulo\" src=\"http:\/\/inclusivenews.com.br\/wp-content\/uploads\/doc.jpg\" width=\"377\" height=\"395\" \/><\/p>\n<p>No dia 9 de novembro, \u00e0s 21 horas, ir\u00e1 ao ar na TV Cultura o document\u00e1rio &#8220;Da Invisibilidade \u00e0 Cidadania &#8211; Os caminhos da pessoa com defici\u00eancia&#8221;.<\/p>\n<p>O v\u00eddeo foi produzido pela Secretaria de Estado dos Direitos da Pessoa com Defici\u00eancia de S\u00e3o Paulo \/ Memorial da Inclus\u00e3o em parceria com a Funda\u00e7\u00e3o Padre Anchieta.<\/p>\n<p>A produ\u00e7\u00e3o conta um pouco da hist\u00f3ria do movimento social e pol\u00edtico das pessoas com defici\u00eancia em defesa de seus direitos no Brasil atrav\u00e9s de depoimentos de protagonistas desta luta. No final dos anos 1970, inspiradas pelo momento hist\u00f3rica nacional, essas pessoas, at\u00e9 ent\u00e3o invis\u00edveis \u00e0 sociedade brasileira, decidiram desautorizar seus antigos porta-vozes e passar a falar por si mesmas e a assumir o protagonismo da pr\u00f3pria hist\u00f3ria. Os relatos oferecem a oportunidade de vislumbrar uma hist\u00f3ria t\u00e3o desconhecida quanto cativante sobre como e porque as pessoas com defici\u00eancia encontraram motiva\u00e7\u00e3o para romper o isolamento e, nesse processo, deram in\u00edcio \u00e0 constru\u00e7\u00e3o de uma sociedade mais inclusiva.<\/p>\n","protected":false},"excerpt":{"rendered":"<p>No dia 9 de novembro, \u00e0s 21 horas, ir\u00e1 ao ar na TV Cultura o document\u00e1rio &#8220;Da Invisibilidade \u00e0 Cidadania &#8211; Os caminhos da pessoa com defici\u00eancia&#8221;. O v\u00eddeo foi produzido pela Secretaria de Estado dos Direitos da Pessoa com Defici\u00eancia de S\u00e3o Paulo \/ Memorial da Inclus\u00e3o em parceria com a Funda\u00e7\u00e3o Padre Anchieta.<\/p>\n","protected":false},"author":1,"featured_media":0,"comment_status":"open","ping_status":"open","sticky":false,"template":"","format":"standard","meta":{"site-container-style":"default","site-container-layout":"default","site-sidebar-layout":"default","disable-article-header":"default","disable-site-header":"default","disable-site-footer":"default","disable-content-area-spacing":"default","footnotes":""},"categories":[38,57,48],"tags":[],"class_list":["post-27202","post","type-post","status-publish","format-standard","hentry","category-deficiencia","category-filmes-e-midias","category-inclusao"],"yoast_head":"<!-- This site is optimized with the Yoast SEO plugin v27.4 - https:\/\/yoast.com\/product\/yoast-seo-wordpress\/ -->\n<title>Da invisibilidade \u00e0 cidadania: os caminhos da pessoa com defici\u00eancia -<\/title>\n<meta name=\"robots\" content=\"index, follow, max-snippet:-1, max-image-preview:large, max-video-preview:-1\" \/>\n<link rel=\"canonical\" href=\"https:\/\/inclusivenews.com.br\/?p=27202\" \/>\n<meta property=\"og:locale\" content=\"pt_PT\" \/>\n<meta property=\"og:type\" content=\"article\" \/>\n<meta property=\"og:title\" content=\"Da invisibilidade \u00e0 cidadania: os caminhos da pessoa com defici\u00eancia -\" \/>\n<meta property=\"og:description\" content=\"No dia 9 de novembro, \u00e0s 21 horas, ir\u00e1 ao ar na TV Cultura o document\u00e1rio &quot;Da Invisibilidade \u00e0 Cidadania - Os caminhos da pessoa com defici\u00eancia&quot;. O v\u00eddeo foi produzido pela Secretaria de Estado dos Direitos da Pessoa com Defici\u00eancia de S\u00e3o Paulo \/ Memorial da Inclus\u00e3o em parceria com a Funda\u00e7\u00e3o Padre Anchieta.\" \/>\n<meta property=\"og:url\" content=\"https:\/\/inclusivenews.com.br\/?p=27202\" \/>\n<meta property=\"article:publisher\" content=\"https:\/\/www.facebook.com\/agenciainclusive\/\" \/>\n<meta property=\"article:published_time\" content=\"2014-11-07T20:49:20+00:00\" \/>\n<meta property=\"og:image\" content=\"http:\/\/inclusivenews.com.br\/wp-content\/uploads\/doc.jpg\" \/>\n<meta name=\"author\" content=\"inclusivenews2024\" \/>\n<meta name=\"twitter:card\" content=\"summary_large_image\" \/>\n<meta name=\"twitter:label1\" content=\"Escrito por\" \/>\n\t<meta name=\"twitter:data1\" content=\"inclusivenews2024\" \/>\n\t<meta name=\"twitter:label2\" content=\"Tempo estimado de leitura\" \/>\n\t<meta name=\"twitter:data2\" content=\"1 minuto\" \/>\n<script type=\"application\/ld+json\" class=\"yoast-schema-graph\">{\"@context\":\"https:\\\/\\\/schema.org\",\"@graph\":[{\"@type\":\"Article\",\"@id\":\"https:\\\/\\\/inclusivenews.com.br\\\/?p=27202#article\",\"isPartOf\":{\"@id\":\"https:\\\/\\\/inclusivenews.com.br\\\/?p=27202\"},\"author\":{\"name\":\"inclusivenews2024\",\"@id\":\"https:\\\/\\\/inclusivenews.com.br\\\/#\\\/schema\\\/person\\\/ae4ec7087559b8692fb33b6fffd2273b\"},\"headline\":\"Da invisibilidade \u00e0 cidadania: os caminhos da pessoa com defici\u00eancia\",\"datePublished\":\"2014-11-07T20:49:20+00:00\",\"mainEntityOfPage\":{\"@id\":\"https:\\\/\\\/inclusivenews.com.br\\\/?p=27202\"},\"wordCount\":188,\"commentCount\":1,\"publisher\":{\"@id\":\"https:\\\/\\\/inclusivenews.com.br\\\/#organization\"},\"image\":{\"@id\":\"https:\\\/\\\/inclusivenews.com.br\\\/?p=27202#primaryimage\"},\"thumbnailUrl\":\"http:\\\/\\\/inclusivenews.com.br\\\/wp-content\\\/uploads\\\/doc.jpg\",\"articleSection\":[\"Defici\u00eancia\",\"Filmes e m\u00eddias\",\"INCLUS\u00c3O SOCIAL\"],\"inLanguage\":\"pt-PT\",\"potentialAction\":[{\"@type\":\"CommentAction\",\"name\":\"Comment\",\"target\":[\"https:\\\/\\\/inclusivenews.com.br\\\/?p=27202#respond\"]}]},{\"@type\":\"WebPage\",\"@id\":\"https:\\\/\\\/inclusivenews.com.br\\\/?p=27202\",\"url\":\"https:\\\/\\\/inclusivenews.com.br\\\/?p=27202\",\"name\":\"Da invisibilidade \u00e0 cidadania: os caminhos da pessoa com defici\u00eancia -\",\"isPartOf\":{\"@id\":\"https:\\\/\\\/inclusivenews.com.br\\\/#website\"},\"primaryImageOfPage\":{\"@id\":\"https:\\\/\\\/inclusivenews.com.br\\\/?p=27202#primaryimage\"},\"image\":{\"@id\":\"https:\\\/\\\/inclusivenews.com.br\\\/?p=27202#primaryimage\"},\"thumbnailUrl\":\"http:\\\/\\\/inclusivenews.com.br\\\/wp-content\\\/uploads\\\/doc.jpg\",\"datePublished\":\"2014-11-07T20:49:20+00:00\",\"breadcrumb\":{\"@id\":\"https:\\\/\\\/inclusivenews.com.br\\\/?p=27202#breadcrumb\"},\"inLanguage\":\"pt-PT\",\"potentialAction\":[{\"@type\":\"ReadAction\",\"target\":[\"https:\\\/\\\/inclusivenews.com.br\\\/?p=27202\"]}]},{\"@type\":\"ImageObject\",\"inLanguage\":\"pt-PT\",\"@id\":\"https:\\\/\\\/inclusivenews.com.br\\\/?p=27202#primaryimage\",\"url\":\"\",\"contentUrl\":\"\"},{\"@type\":\"BreadcrumbList\",\"@id\":\"https:\\\/\\\/inclusivenews.com.br\\\/?p=27202#breadcrumb\",\"itemListElement\":[{\"@type\":\"ListItem\",\"position\":1,\"name\":\"In\u00edcio\",\"item\":\"https:\\\/\\\/inclusivenews.com.br\\\/\"},{\"@type\":\"ListItem\",\"position\":2,\"name\":\"Da invisibilidade \u00e0 cidadania: os caminhos da pessoa com defici\u00eancia\"}]},{\"@type\":\"WebSite\",\"@id\":\"https:\\\/\\\/inclusivenews.com.br\\\/#website\",\"url\":\"https:\\\/\\\/inclusivenews.com.br\\\/\",\"name\":\"Inclusive News\",\"description\":\"Inclusive News\",\"publisher\":{\"@id\":\"https:\\\/\\\/inclusivenews.com.br\\\/#organization\"},\"potentialAction\":[{\"@type\":\"SearchAction\",\"target\":{\"@type\":\"EntryPoint\",\"urlTemplate\":\"https:\\\/\\\/inclusivenews.com.br\\\/?s={search_term_string}\"},\"query-input\":{\"@type\":\"PropertyValueSpecification\",\"valueRequired\":true,\"valueName\":\"search_term_string\"}}],\"inLanguage\":\"pt-PT\"},{\"@type\":\"Organization\",\"@id\":\"https:\\\/\\\/inclusivenews.com.br\\\/#organization\",\"name\":\"Inclusive - inclus\u00e3o e cidadania\",\"url\":\"https:\\\/\\\/inclusivenews.com.br\\\/\",\"logo\":{\"@type\":\"ImageObject\",\"inLanguage\":\"pt-PT\",\"@id\":\"https:\\\/\\\/inclusivenews.com.br\\\/#\\\/schema\\\/logo\\\/image\\\/\",\"url\":\"https:\\\/\\\/inclusivenews.com.br\\\/wp-content\\\/uploads\\\/2024\\\/03\\\/@grandesite.png\",\"contentUrl\":\"https:\\\/\\\/inclusivenews.com.br\\\/wp-content\\\/uploads\\\/2024\\\/03\\\/@grandesite.png\",\"width\":1080,\"height\":1080,\"caption\":\"Inclusive - inclus\u00e3o e cidadania\"},\"image\":{\"@id\":\"https:\\\/\\\/inclusivenews.com.br\\\/#\\\/schema\\\/logo\\\/image\\\/\"},\"sameAs\":[\"https:\\\/\\\/www.facebook.com\\\/agenciainclusive\\\/\",\"https:\\\/\\\/www.instagram.com\\\/newsinclusive\\\/\"]},{\"@type\":\"Person\",\"@id\":\"https:\\\/\\\/inclusivenews.com.br\\\/#\\\/schema\\\/person\\\/ae4ec7087559b8692fb33b6fffd2273b\",\"name\":\"inclusivenews2024\",\"image\":{\"@type\":\"ImageObject\",\"inLanguage\":\"pt-PT\",\"@id\":\"https:\\\/\\\/secure.gravatar.com\\\/avatar\\\/c5a7ef84c66fa914f55bc4f7ce26cfa275a3b9a1c5568b907bd184fb4dde7b40?s=96&d=mm&r=g\",\"url\":\"https:\\\/\\\/secure.gravatar.com\\\/avatar\\\/c5a7ef84c66fa914f55bc4f7ce26cfa275a3b9a1c5568b907bd184fb4dde7b40?s=96&d=mm&r=g\",\"contentUrl\":\"https:\\\/\\\/secure.gravatar.com\\\/avatar\\\/c5a7ef84c66fa914f55bc4f7ce26cfa275a3b9a1c5568b907bd184fb4dde7b40?s=96&d=mm&r=g\",\"caption\":\"inclusivenews2024\"},\"sameAs\":[\"https:\\\/\\\/inclusivenews.com.br\"],\"url\":\"https:\\\/\\\/inclusivenews.com.br\\\/?author=1\"}]}<\/script>\n<!-- \/ Yoast SEO plugin. -->","yoast_head_json":{"title":"Da invisibilidade \u00e0 cidadania: os caminhos da pessoa com defici\u00eancia -","robots":{"index":"index","follow":"follow","max-snippet":"max-snippet:-1","max-image-preview":"max-image-preview:large","max-video-preview":"max-video-preview:-1"},"canonical":"https:\/\/inclusivenews.com.br\/?p=27202","og_locale":"pt_PT","og_type":"article","og_title":"Da invisibilidade \u00e0 cidadania: os caminhos da pessoa com defici\u00eancia -","og_description":"No dia 9 de novembro, \u00e0s 21 horas, ir\u00e1 ao ar na TV Cultura o document\u00e1rio \"Da Invisibilidade \u00e0 Cidadania - Os caminhos da pessoa com defici\u00eancia\". O v\u00eddeo foi produzido pela Secretaria de Estado dos Direitos da Pessoa com Defici\u00eancia de S\u00e3o Paulo \/ Memorial da Inclus\u00e3o em parceria com a Funda\u00e7\u00e3o Padre Anchieta.","og_url":"https:\/\/inclusivenews.com.br\/?p=27202","article_publisher":"https:\/\/www.facebook.com\/agenciainclusive\/","article_published_time":"2014-11-07T20:49:20+00:00","og_image":[{"url":"http:\/\/inclusivenews.com.br\/wp-content\/uploads\/doc.jpg","type":"","width":"","height":""}],"author":"inclusivenews2024","twitter_card":"summary_large_image","twitter_misc":{"Escrito por":"inclusivenews2024","Tempo estimado de leitura":"1 minuto"},"schema":{"@context":"https:\/\/schema.org","@graph":[{"@type":"Article","@id":"https:\/\/inclusivenews.com.br\/?p=27202#article","isPartOf":{"@id":"https:\/\/inclusivenews.com.br\/?p=27202"},"author":{"name":"inclusivenews2024","@id":"https:\/\/inclusivenews.com.br\/#\/schema\/person\/ae4ec7087559b8692fb33b6fffd2273b"},"headline":"Da invisibilidade \u00e0 cidadania: os caminhos da pessoa com defici\u00eancia","datePublished":"2014-11-07T20:49:20+00:00","mainEntityOfPage":{"@id":"https:\/\/inclusivenews.com.br\/?p=27202"},"wordCount":188,"commentCount":1,"publisher":{"@id":"https:\/\/inclusivenews.com.br\/#organization"},"image":{"@id":"https:\/\/inclusivenews.com.br\/?p=27202#primaryimage"},"thumbnailUrl":"http:\/\/inclusivenews.com.br\/wp-content\/uploads\/doc.jpg","articleSection":["Defici\u00eancia","Filmes e m\u00eddias","INCLUS\u00c3O SOCIAL"],"inLanguage":"pt-PT","potentialAction":[{"@type":"CommentAction","name":"Comment","target":["https:\/\/inclusivenews.com.br\/?p=27202#respond"]}]},{"@type":"WebPage","@id":"https:\/\/inclusivenews.com.br\/?p=27202","url":"https:\/\/inclusivenews.com.br\/?p=27202","name":"Da invisibilidade \u00e0 cidadania: os caminhos da pessoa com defici\u00eancia -","isPartOf":{"@id":"https:\/\/inclusivenews.com.br\/#website"},"primaryImageOfPage":{"@id":"https:\/\/inclusivenews.com.br\/?p=27202#primaryimage"},"image":{"@id":"https:\/\/inclusivenews.com.br\/?p=27202#primaryimage"},"thumbnailUrl":"http:\/\/inclusivenews.com.br\/wp-content\/uploads\/doc.jpg","datePublished":"2014-11-07T20:49:20+00:00","breadcrumb":{"@id":"https:\/\/inclusivenews.com.br\/?p=27202#breadcrumb"},"inLanguage":"pt-PT","potentialAction":[{"@type":"ReadAction","target":["https:\/\/inclusivenews.com.br\/?p=27202"]}]},{"@type":"ImageObject","inLanguage":"pt-PT","@id":"https:\/\/inclusivenews.com.br\/?p=27202#primaryimage","url":"","contentUrl":""},{"@type":"BreadcrumbList","@id":"https:\/\/inclusivenews.com.br\/?p=27202#breadcrumb","itemListElement":[{"@type":"ListItem","position":1,"name":"In\u00edcio","item":"https:\/\/inclusivenews.com.br\/"},{"@type":"ListItem","position":2,"name":"Da invisibilidade \u00e0 cidadania: os caminhos da pessoa com defici\u00eancia"}]},{"@type":"WebSite","@id":"https:\/\/inclusivenews.com.br\/#website","url":"https:\/\/inclusivenews.com.br\/","name":"Inclusive News","description":"Inclusive News","publisher":{"@id":"https:\/\/inclusivenews.com.br\/#organization"},"potentialAction":[{"@type":"SearchAction","target":{"@type":"EntryPoint","urlTemplate":"https:\/\/inclusivenews.com.br\/?s={search_term_string}"},"query-input":{"@type":"PropertyValueSpecification","valueRequired":true,"valueName":"search_term_string"}}],"inLanguage":"pt-PT"},{"@type":"Organization","@id":"https:\/\/inclusivenews.com.br\/#organization","name":"Inclusive - inclus\u00e3o e cidadania","url":"https:\/\/inclusivenews.com.br\/","logo":{"@type":"ImageObject","inLanguage":"pt-PT","@id":"https:\/\/inclusivenews.com.br\/#\/schema\/logo\/image\/","url":"https:\/\/inclusivenews.com.br\/wp-content\/uploads\/2024\/03\/@grandesite.png","contentUrl":"https:\/\/inclusivenews.com.br\/wp-content\/uploads\/2024\/03\/@grandesite.png","width":1080,"height":1080,"caption":"Inclusive - inclus\u00e3o e cidadania"},"image":{"@id":"https:\/\/inclusivenews.com.br\/#\/schema\/logo\/image\/"},"sameAs":["https:\/\/www.facebook.com\/agenciainclusive\/","https:\/\/www.instagram.com\/newsinclusive\/"]},{"@type":"Person","@id":"https:\/\/inclusivenews.com.br\/#\/schema\/person\/ae4ec7087559b8692fb33b6fffd2273b","name":"inclusivenews2024","image":{"@type":"ImageObject","inLanguage":"pt-PT","@id":"https:\/\/secure.gravatar.com\/avatar\/c5a7ef84c66fa914f55bc4f7ce26cfa275a3b9a1c5568b907bd184fb4dde7b40?s=96&d=mm&r=g","url":"https:\/\/secure.gravatar.com\/avatar\/c5a7ef84c66fa914f55bc4f7ce26cfa275a3b9a1c5568b907bd184fb4dde7b40?s=96&d=mm&r=g","contentUrl":"https:\/\/secure.gravatar.com\/avatar\/c5a7ef84c66fa914f55bc4f7ce26cfa275a3b9a1c5568b907bd184fb4dde7b40?s=96&d=mm&r=g","caption":"inclusivenews2024"},"sameAs":["https:\/\/inclusivenews.com.br"],"url":"https:\/\/inclusivenews.com.br\/?author=1"}]}},"_links":{"self":[{"href":"https:\/\/inclusivenews.com.br\/index.php?rest_route=\/wp\/v2\/posts\/27202","targetHints":{"allow":["GET"]}}],"collection":[{"href":"https:\/\/inclusivenews.com.br\/index.php?rest_route=\/wp\/v2\/posts"}],"about":[{"href":"https:\/\/inclusivenews.com.br\/index.php?rest_route=\/wp\/v2\/types\/post"}],"author":[{"embeddable":true,"href":"https:\/\/inclusivenews.com.br\/index.php?rest_route=\/wp\/v2\/users\/1"}],"replies":[{"embeddable":true,"href":"https:\/\/inclusivenews.com.br\/index.php?rest_route=%2Fwp%2Fv2%2Fcomments&post=27202"}],"version-history":[{"count":0,"href":"https:\/\/inclusivenews.com.br\/index.php?rest_route=\/wp\/v2\/posts\/27202\/revisions"}],"wp:attachment":[{"href":"https:\/\/inclusivenews.com.br\/index.php?rest_route=%2Fwp%2Fv2%2Fmedia&parent=27202"}],"wp:term":[{"taxonomy":"category","embeddable":true,"href":"https:\/\/inclusivenews.com.br\/index.php?rest_route=%2Fwp%2Fv2%2Fcategories&post=27202"},{"taxonomy":"post_tag","embeddable":true,"href":"https:\/\/inclusivenews.com.br\/index.php?rest_route=%2Fwp%2Fv2%2Ftags&post=27202"}],"curies":[{"name":"wp","href":"https:\/\/api.w.org\/{rel}","templated":true}]}}