{"id":27215,"date":"2014-11-12T13:13:10","date_gmt":"2014-11-12T16:13:10","guid":{"rendered":"http:\/\/www.inclusive.org.br\/?p=27215"},"modified":"2014-11-12T13:13:10","modified_gmt":"2014-11-12T16:13:10","slug":"informe-sobre-a-iv-conferencia-nacional-dos-direitos-da-pessoa-com-deficiencia","status":"publish","type":"post","link":"https:\/\/inclusivenews.com.br\/?p=27215","title":{"rendered":"Informe sobre a IV Confer\u00eancia Nacional dos Direitos da Pessoa com Defici\u00eancia"},"content":{"rendered":"<p><img loading=\"lazy\" decoding=\"async\" class=\"alignnone\" title=\"Boletim informativo CONADE informa\" alt=\"Boletim informativo CONADE informa\" src=\"http:\/\/www.pessoacomdeficiencia.gov.br\/app\/sites\/default\/themes\/corde\/imagens\/banner-conade-informa160813.jpg\" width=\"276\" height=\"161\" \/><\/p>\n<p>Aos Conselhos Estaduais e Municipais dos Direitos da Pessoa com Defici\u00eancia<\/p>\n<p>Tendo em vista a delibera\u00e7\u00e3o na 94\u00aa Reuni\u00e3o Ordin\u00e1ria do Conselho Nacional das Pessoas com Defici\u00eancia (Conade), realizada nos dia 04 a 06 de novembro de 2014, Informamos que o tema central da IV Confer\u00eancia Nacional dos Direitos da Pessoa com Defici\u00eancia que ocorrer\u00e1 em 07, 08 e 09 de dezembro de 2015 ser\u00e1: \u201cO desafio na implementa\u00e7\u00e3o das Pol\u00edticas da Pessoa com Defici\u00eancia: A transversalidade como a radicalidade dos direitos humanos\u201d.<\/p>\n<p>EIXOS TEM\u00c1TICOS:<br \/>\n1- Identidade de g\u00eanero e ra\u00e7a, Diversidade sexual e geracional;<br \/>\n2- \u00d3rg\u00e3os gestores e de inst\u00e2ncias de participa\u00e7\u00e3o social;<br \/>\n3- Intera\u00e7\u00e3o entre os poderes federados<\/p>\n<p>CRONOGRAMA:<br \/>\nAt\u00e9 31\/01\/2015<br \/>\nEntrega do Documento Orientador Elaborado pelo Conade<\/p>\n<p>At\u00e9 junho de 2015<br \/>\nRealiza\u00e7\u00e3o das Confer\u00eancias Municipais<\/p>\n<p>At\u00e9 setembro de 2015<br \/>\nRealiza\u00e7\u00e3o das Conferencias Estaduais<\/p>\n<p>07 a 09 de Dezembro\/2015<br \/>\nIV Confer\u00eancia Nacional dos Direitos da Pessoa com defici\u00eancia e demais Confer\u00eancias Nacionais Tem\u00e1ticas<\/p>\n<p>09 a 11 de Dezembro\/2015<br \/>\nConfer\u00eancia Nacional de Direitos Humanos<\/p>\n<p>Estamos \u00e0 disposi\u00e7\u00e3o para esclarecimentos e orienta\u00e7\u00f5es nos contatos: (61) 2027-3245<br \/>\nE-mail: <a href=\"mailto:conade@sdh.gov.br\">conade@sdh.gov.br<\/a><br \/>\nBras\u00edlia, 10 de novembro de 2014.<\/p>\n<p><a href=\"http:\/\/www.pessoacomdeficiencia.gov.br\/app\/conade\" target=\"_blank\" rel=\"noopener\">http:\/\/www.pessoacomdeficiencia.gov.br\/app\/conade<\/a><\/p>\n","protected":false},"excerpt":{"rendered":"<p>Tendo em vista a delibera\u00e7\u00e3o na 94\u00aa Reuni\u00e3o Ordin\u00e1ria do Conselho Nacional das Pessoas com Defici\u00eancia (Conade), realizada nos dia 04 a 06 de novembro de 2014, Informamos que o tema central da IV Confer\u00eancia Nacional dos Direitos da Pessoa com Defici\u00eancia que ocorrer\u00e1 em 07, 08 e 09 de dezembro de 2015 ser\u00e1: \u201cO desafio na implementa\u00e7\u00e3o das Pol\u00edticas da Pessoa com Defici\u00eancia: A transversalidade como a radicalidade dos direitos humanos\u201d.<\/p>\n","protected":false},"author":1,"featured_media":0,"comment_status":"open","ping_status":"open","sticky":false,"template":"","format":"standard","meta":{"site-container-style":"default","site-container-layout":"default","site-sidebar-layout":"default","disable-article-header":"default","disable-site-header":"default","disable-site-footer":"default","disable-content-area-spacing":"default","footnotes":""},"categories":[38,4],"tags":[],"class_list":["post-27215","post","type-post","status-publish","format-standard","hentry","category-deficiencia","category-noticias"],"yoast_head":"<!-- This site is optimized with the Yoast SEO plugin v27.4 - https:\/\/yoast.com\/product\/yoast-seo-wordpress\/ -->\n<title>Informe sobre a IV Confer\u00eancia Nacional dos Direitos da Pessoa com Defici\u00eancia -<\/title>\n<meta name=\"robots\" content=\"index, follow, max-snippet:-1, max-image-preview:large, max-video-preview:-1\" \/>\n<link rel=\"canonical\" href=\"https:\/\/inclusivenews.com.br\/?p=27215\" \/>\n<meta property=\"og:locale\" content=\"pt_PT\" \/>\n<meta property=\"og:type\" content=\"article\" \/>\n<meta property=\"og:title\" content=\"Informe sobre a IV Confer\u00eancia Nacional dos Direitos da Pessoa com Defici\u00eancia -\" \/>\n<meta property=\"og:description\" content=\"Tendo em vista a delibera\u00e7\u00e3o na 94\u00aa Reuni\u00e3o Ordin\u00e1ria do Conselho Nacional das Pessoas com Defici\u00eancia (Conade), realizada nos dia 04 a 06 de novembro de 2014, Informamos que o tema central da IV Confer\u00eancia Nacional dos Direitos da Pessoa com Defici\u00eancia que ocorrer\u00e1 em 07, 08 e 09 de dezembro de 2015 ser\u00e1: \u201cO desafio na implementa\u00e7\u00e3o das Pol\u00edticas da Pessoa com Defici\u00eancia: A transversalidade como a radicalidade dos direitos humanos\u201d.\" \/>\n<meta property=\"og:url\" content=\"https:\/\/inclusivenews.com.br\/?p=27215\" \/>\n<meta property=\"article:publisher\" content=\"https:\/\/www.facebook.com\/agenciainclusive\/\" \/>\n<meta property=\"article:published_time\" content=\"2014-11-12T16:13:10+00:00\" \/>\n<meta property=\"og:image\" content=\"http:\/\/www.pessoacomdeficiencia.gov.br\/app\/sites\/default\/themes\/corde\/imagens\/banner-conade-informa160813.jpg\" \/>\n<meta name=\"author\" content=\"inclusivenews2024\" \/>\n<meta name=\"twitter:card\" content=\"summary_large_image\" \/>\n<meta name=\"twitter:label1\" content=\"Escrito por\" \/>\n\t<meta name=\"twitter:data1\" content=\"inclusivenews2024\" \/>\n\t<meta name=\"twitter:label2\" content=\"Tempo estimado de leitura\" \/>\n\t<meta name=\"twitter:data2\" content=\"1 minuto\" \/>\n<script type=\"application\/ld+json\" class=\"yoast-schema-graph\">{\"@context\":\"https:\\\/\\\/schema.org\",\"@graph\":[{\"@type\":\"Article\",\"@id\":\"https:\\\/\\\/inclusivenews.com.br\\\/?p=27215#article\",\"isPartOf\":{\"@id\":\"https:\\\/\\\/inclusivenews.com.br\\\/?p=27215\"},\"author\":{\"name\":\"inclusivenews2024\",\"@id\":\"https:\\\/\\\/inclusivenews.com.br\\\/#\\\/schema\\\/person\\\/ae4ec7087559b8692fb33b6fffd2273b\"},\"headline\":\"Informe sobre a IV Confer\u00eancia Nacional dos Direitos da Pessoa com Defici\u00eancia\",\"datePublished\":\"2014-11-12T16:13:10+00:00\",\"mainEntityOfPage\":{\"@id\":\"https:\\\/\\\/inclusivenews.com.br\\\/?p=27215\"},\"wordCount\":217,\"commentCount\":0,\"publisher\":{\"@id\":\"https:\\\/\\\/inclusivenews.com.br\\\/#organization\"},\"image\":{\"@id\":\"https:\\\/\\\/inclusivenews.com.br\\\/?p=27215#primaryimage\"},\"thumbnailUrl\":\"http:\\\/\\\/www.pessoacomdeficiencia.gov.br\\\/app\\\/sites\\\/default\\\/themes\\\/corde\\\/imagens\\\/banner-conade-informa160813.jpg\",\"articleSection\":[\"Defici\u00eancia\",\"NOT\u00cdCIAS\"],\"inLanguage\":\"pt-PT\",\"potentialAction\":[{\"@type\":\"CommentAction\",\"name\":\"Comment\",\"target\":[\"https:\\\/\\\/inclusivenews.com.br\\\/?p=27215#respond\"]}]},{\"@type\":\"WebPage\",\"@id\":\"https:\\\/\\\/inclusivenews.com.br\\\/?p=27215\",\"url\":\"https:\\\/\\\/inclusivenews.com.br\\\/?p=27215\",\"name\":\"Informe sobre a IV Confer\u00eancia Nacional dos Direitos da Pessoa com Defici\u00eancia -\",\"isPartOf\":{\"@id\":\"https:\\\/\\\/inclusivenews.com.br\\\/#website\"},\"primaryImageOfPage\":{\"@id\":\"https:\\\/\\\/inclusivenews.com.br\\\/?p=27215#primaryimage\"},\"image\":{\"@id\":\"https:\\\/\\\/inclusivenews.com.br\\\/?p=27215#primaryimage\"},\"thumbnailUrl\":\"http:\\\/\\\/www.pessoacomdeficiencia.gov.br\\\/app\\\/sites\\\/default\\\/themes\\\/corde\\\/imagens\\\/banner-conade-informa160813.jpg\",\"datePublished\":\"2014-11-12T16:13:10+00:00\",\"breadcrumb\":{\"@id\":\"https:\\\/\\\/inclusivenews.com.br\\\/?p=27215#breadcrumb\"},\"inLanguage\":\"pt-PT\",\"potentialAction\":[{\"@type\":\"ReadAction\",\"target\":[\"https:\\\/\\\/inclusivenews.com.br\\\/?p=27215\"]}]},{\"@type\":\"ImageObject\",\"inLanguage\":\"pt-PT\",\"@id\":\"https:\\\/\\\/inclusivenews.com.br\\\/?p=27215#primaryimage\",\"url\":\"http:\\\/\\\/www.pessoacomdeficiencia.gov.br\\\/app\\\/sites\\\/default\\\/themes\\\/corde\\\/imagens\\\/banner-conade-informa160813.jpg\",\"contentUrl\":\"http:\\\/\\\/www.pessoacomdeficiencia.gov.br\\\/app\\\/sites\\\/default\\\/themes\\\/corde\\\/imagens\\\/banner-conade-informa160813.jpg\"},{\"@type\":\"BreadcrumbList\",\"@id\":\"https:\\\/\\\/inclusivenews.com.br\\\/?p=27215#breadcrumb\",\"itemListElement\":[{\"@type\":\"ListItem\",\"position\":1,\"name\":\"In\u00edcio\",\"item\":\"https:\\\/\\\/inclusivenews.com.br\\\/\"},{\"@type\":\"ListItem\",\"position\":2,\"name\":\"Informe sobre a IV Confer\u00eancia Nacional dos Direitos da Pessoa com Defici\u00eancia\"}]},{\"@type\":\"WebSite\",\"@id\":\"https:\\\/\\\/inclusivenews.com.br\\\/#website\",\"url\":\"https:\\\/\\\/inclusivenews.com.br\\\/\",\"name\":\"Inclusive News\",\"description\":\"Inclusive News\",\"publisher\":{\"@id\":\"https:\\\/\\\/inclusivenews.com.br\\\/#organization\"},\"potentialAction\":[{\"@type\":\"SearchAction\",\"target\":{\"@type\":\"EntryPoint\",\"urlTemplate\":\"https:\\\/\\\/inclusivenews.com.br\\\/?s={search_term_string}\"},\"query-input\":{\"@type\":\"PropertyValueSpecification\",\"valueRequired\":true,\"valueName\":\"search_term_string\"}}],\"inLanguage\":\"pt-PT\"},{\"@type\":\"Organization\",\"@id\":\"https:\\\/\\\/inclusivenews.com.br\\\/#organization\",\"name\":\"Inclusive - inclus\u00e3o e cidadania\",\"url\":\"https:\\\/\\\/inclusivenews.com.br\\\/\",\"logo\":{\"@type\":\"ImageObject\",\"inLanguage\":\"pt-PT\",\"@id\":\"https:\\\/\\\/inclusivenews.com.br\\\/#\\\/schema\\\/logo\\\/image\\\/\",\"url\":\"https:\\\/\\\/inclusivenews.com.br\\\/wp-content\\\/uploads\\\/2024\\\/03\\\/@grandesite.png\",\"contentUrl\":\"https:\\\/\\\/inclusivenews.com.br\\\/wp-content\\\/uploads\\\/2024\\\/03\\\/@grandesite.png\",\"width\":1080,\"height\":1080,\"caption\":\"Inclusive - inclus\u00e3o e cidadania\"},\"image\":{\"@id\":\"https:\\\/\\\/inclusivenews.com.br\\\/#\\\/schema\\\/logo\\\/image\\\/\"},\"sameAs\":[\"https:\\\/\\\/www.facebook.com\\\/agenciainclusive\\\/\",\"https:\\\/\\\/www.instagram.com\\\/newsinclusive\\\/\"]},{\"@type\":\"Person\",\"@id\":\"https:\\\/\\\/inclusivenews.com.br\\\/#\\\/schema\\\/person\\\/ae4ec7087559b8692fb33b6fffd2273b\",\"name\":\"inclusivenews2024\",\"image\":{\"@type\":\"ImageObject\",\"inLanguage\":\"pt-PT\",\"@id\":\"https:\\\/\\\/secure.gravatar.com\\\/avatar\\\/c5a7ef84c66fa914f55bc4f7ce26cfa275a3b9a1c5568b907bd184fb4dde7b40?s=96&d=mm&r=g\",\"url\":\"https:\\\/\\\/secure.gravatar.com\\\/avatar\\\/c5a7ef84c66fa914f55bc4f7ce26cfa275a3b9a1c5568b907bd184fb4dde7b40?s=96&d=mm&r=g\",\"contentUrl\":\"https:\\\/\\\/secure.gravatar.com\\\/avatar\\\/c5a7ef84c66fa914f55bc4f7ce26cfa275a3b9a1c5568b907bd184fb4dde7b40?s=96&d=mm&r=g\",\"caption\":\"inclusivenews2024\"},\"sameAs\":[\"https:\\\/\\\/inclusivenews.com.br\"],\"url\":\"https:\\\/\\\/inclusivenews.com.br\\\/?author=1\"}]}<\/script>\n<!-- \/ Yoast SEO plugin. -->","yoast_head_json":{"title":"Informe sobre a IV Confer\u00eancia Nacional dos Direitos da Pessoa com Defici\u00eancia -","robots":{"index":"index","follow":"follow","max-snippet":"max-snippet:-1","max-image-preview":"max-image-preview:large","max-video-preview":"max-video-preview:-1"},"canonical":"https:\/\/inclusivenews.com.br\/?p=27215","og_locale":"pt_PT","og_type":"article","og_title":"Informe sobre a IV Confer\u00eancia Nacional dos Direitos da Pessoa com Defici\u00eancia -","og_description":"Tendo em vista a delibera\u00e7\u00e3o na 94\u00aa Reuni\u00e3o Ordin\u00e1ria do Conselho Nacional das Pessoas com Defici\u00eancia (Conade), realizada nos dia 04 a 06 de novembro de 2014, Informamos que o tema central da IV Confer\u00eancia Nacional dos Direitos da Pessoa com Defici\u00eancia que ocorrer\u00e1 em 07, 08 e 09 de dezembro de 2015 ser\u00e1: \u201cO desafio na implementa\u00e7\u00e3o das Pol\u00edticas da Pessoa com Defici\u00eancia: A transversalidade como a radicalidade dos direitos humanos\u201d.","og_url":"https:\/\/inclusivenews.com.br\/?p=27215","article_publisher":"https:\/\/www.facebook.com\/agenciainclusive\/","article_published_time":"2014-11-12T16:13:10+00:00","og_image":[{"url":"http:\/\/www.pessoacomdeficiencia.gov.br\/app\/sites\/default\/themes\/corde\/imagens\/banner-conade-informa160813.jpg","type":"","width":"","height":""}],"author":"inclusivenews2024","twitter_card":"summary_large_image","twitter_misc":{"Escrito por":"inclusivenews2024","Tempo estimado de leitura":"1 minuto"},"schema":{"@context":"https:\/\/schema.org","@graph":[{"@type":"Article","@id":"https:\/\/inclusivenews.com.br\/?p=27215#article","isPartOf":{"@id":"https:\/\/inclusivenews.com.br\/?p=27215"},"author":{"name":"inclusivenews2024","@id":"https:\/\/inclusivenews.com.br\/#\/schema\/person\/ae4ec7087559b8692fb33b6fffd2273b"},"headline":"Informe sobre a IV Confer\u00eancia Nacional dos Direitos da Pessoa com Defici\u00eancia","datePublished":"2014-11-12T16:13:10+00:00","mainEntityOfPage":{"@id":"https:\/\/inclusivenews.com.br\/?p=27215"},"wordCount":217,"commentCount":0,"publisher":{"@id":"https:\/\/inclusivenews.com.br\/#organization"},"image":{"@id":"https:\/\/inclusivenews.com.br\/?p=27215#primaryimage"},"thumbnailUrl":"http:\/\/www.pessoacomdeficiencia.gov.br\/app\/sites\/default\/themes\/corde\/imagens\/banner-conade-informa160813.jpg","articleSection":["Defici\u00eancia","NOT\u00cdCIAS"],"inLanguage":"pt-PT","potentialAction":[{"@type":"CommentAction","name":"Comment","target":["https:\/\/inclusivenews.com.br\/?p=27215#respond"]}]},{"@type":"WebPage","@id":"https:\/\/inclusivenews.com.br\/?p=27215","url":"https:\/\/inclusivenews.com.br\/?p=27215","name":"Informe sobre a IV Confer\u00eancia Nacional dos Direitos da Pessoa com Defici\u00eancia -","isPartOf":{"@id":"https:\/\/inclusivenews.com.br\/#website"},"primaryImageOfPage":{"@id":"https:\/\/inclusivenews.com.br\/?p=27215#primaryimage"},"image":{"@id":"https:\/\/inclusivenews.com.br\/?p=27215#primaryimage"},"thumbnailUrl":"http:\/\/www.pessoacomdeficiencia.gov.br\/app\/sites\/default\/themes\/corde\/imagens\/banner-conade-informa160813.jpg","datePublished":"2014-11-12T16:13:10+00:00","breadcrumb":{"@id":"https:\/\/inclusivenews.com.br\/?p=27215#breadcrumb"},"inLanguage":"pt-PT","potentialAction":[{"@type":"ReadAction","target":["https:\/\/inclusivenews.com.br\/?p=27215"]}]},{"@type":"ImageObject","inLanguage":"pt-PT","@id":"https:\/\/inclusivenews.com.br\/?p=27215#primaryimage","url":"http:\/\/www.pessoacomdeficiencia.gov.br\/app\/sites\/default\/themes\/corde\/imagens\/banner-conade-informa160813.jpg","contentUrl":"http:\/\/www.pessoacomdeficiencia.gov.br\/app\/sites\/default\/themes\/corde\/imagens\/banner-conade-informa160813.jpg"},{"@type":"BreadcrumbList","@id":"https:\/\/inclusivenews.com.br\/?p=27215#breadcrumb","itemListElement":[{"@type":"ListItem","position":1,"name":"In\u00edcio","item":"https:\/\/inclusivenews.com.br\/"},{"@type":"ListItem","position":2,"name":"Informe sobre a IV Confer\u00eancia Nacional dos Direitos da Pessoa com Defici\u00eancia"}]},{"@type":"WebSite","@id":"https:\/\/inclusivenews.com.br\/#website","url":"https:\/\/inclusivenews.com.br\/","name":"Inclusive News","description":"Inclusive News","publisher":{"@id":"https:\/\/inclusivenews.com.br\/#organization"},"potentialAction":[{"@type":"SearchAction","target":{"@type":"EntryPoint","urlTemplate":"https:\/\/inclusivenews.com.br\/?s={search_term_string}"},"query-input":{"@type":"PropertyValueSpecification","valueRequired":true,"valueName":"search_term_string"}}],"inLanguage":"pt-PT"},{"@type":"Organization","@id":"https:\/\/inclusivenews.com.br\/#organization","name":"Inclusive - inclus\u00e3o e cidadania","url":"https:\/\/inclusivenews.com.br\/","logo":{"@type":"ImageObject","inLanguage":"pt-PT","@id":"https:\/\/inclusivenews.com.br\/#\/schema\/logo\/image\/","url":"https:\/\/inclusivenews.com.br\/wp-content\/uploads\/2024\/03\/@grandesite.png","contentUrl":"https:\/\/inclusivenews.com.br\/wp-content\/uploads\/2024\/03\/@grandesite.png","width":1080,"height":1080,"caption":"Inclusive - inclus\u00e3o e cidadania"},"image":{"@id":"https:\/\/inclusivenews.com.br\/#\/schema\/logo\/image\/"},"sameAs":["https:\/\/www.facebook.com\/agenciainclusive\/","https:\/\/www.instagram.com\/newsinclusive\/"]},{"@type":"Person","@id":"https:\/\/inclusivenews.com.br\/#\/schema\/person\/ae4ec7087559b8692fb33b6fffd2273b","name":"inclusivenews2024","image":{"@type":"ImageObject","inLanguage":"pt-PT","@id":"https:\/\/secure.gravatar.com\/avatar\/c5a7ef84c66fa914f55bc4f7ce26cfa275a3b9a1c5568b907bd184fb4dde7b40?s=96&d=mm&r=g","url":"https:\/\/secure.gravatar.com\/avatar\/c5a7ef84c66fa914f55bc4f7ce26cfa275a3b9a1c5568b907bd184fb4dde7b40?s=96&d=mm&r=g","contentUrl":"https:\/\/secure.gravatar.com\/avatar\/c5a7ef84c66fa914f55bc4f7ce26cfa275a3b9a1c5568b907bd184fb4dde7b40?s=96&d=mm&r=g","caption":"inclusivenews2024"},"sameAs":["https:\/\/inclusivenews.com.br"],"url":"https:\/\/inclusivenews.com.br\/?author=1"}]}},"_links":{"self":[{"href":"https:\/\/inclusivenews.com.br\/index.php?rest_route=\/wp\/v2\/posts\/27215","targetHints":{"allow":["GET"]}}],"collection":[{"href":"https:\/\/inclusivenews.com.br\/index.php?rest_route=\/wp\/v2\/posts"}],"about":[{"href":"https:\/\/inclusivenews.com.br\/index.php?rest_route=\/wp\/v2\/types\/post"}],"author":[{"embeddable":true,"href":"https:\/\/inclusivenews.com.br\/index.php?rest_route=\/wp\/v2\/users\/1"}],"replies":[{"embeddable":true,"href":"https:\/\/inclusivenews.com.br\/index.php?rest_route=%2Fwp%2Fv2%2Fcomments&post=27215"}],"version-history":[{"count":0,"href":"https:\/\/inclusivenews.com.br\/index.php?rest_route=\/wp\/v2\/posts\/27215\/revisions"}],"wp:attachment":[{"href":"https:\/\/inclusivenews.com.br\/index.php?rest_route=%2Fwp%2Fv2%2Fmedia&parent=27215"}],"wp:term":[{"taxonomy":"category","embeddable":true,"href":"https:\/\/inclusivenews.com.br\/index.php?rest_route=%2Fwp%2Fv2%2Fcategories&post=27215"},{"taxonomy":"post_tag","embeddable":true,"href":"https:\/\/inclusivenews.com.br\/index.php?rest_route=%2Fwp%2Fv2%2Ftags&post=27215"}],"curies":[{"name":"wp","href":"https:\/\/api.w.org\/{rel}","templated":true}]}}