{"id":27217,"date":"2014-11-12T13:13:17","date_gmt":"2014-11-12T16:13:17","guid":{"rendered":"http:\/\/www.inclusive.org.br\/?p=27217"},"modified":"2014-11-12T13:13:17","modified_gmt":"2014-11-12T16:13:17","slug":"movimento-down-lanca-cartilha-escolaparatodos-para-promover-educacao-inclusiva","status":"publish","type":"post","link":"https:\/\/inclusivenews.com.br\/?p=27217","title":{"rendered":"Movimento Down lan\u00e7a cartilha #escolaparatodos para promover educa\u00e7\u00e3o inclusiva"},"content":{"rendered":"<p><em>Chegou novembro e, junto, o per\u00edodo de matr\u00edculas escolares, \u00e9poca em que os pais se preocupam em garantir a melhor escola para seus filhos.<\/em><\/p>\n<p><img loading=\"lazy\" decoding=\"async\" class=\"alignnone\" alt=\"Tr\u00eas crian\u00e7as abra\u00e7adas no fundo da imagem, sob o titulo da cartilha\" src=\"http:\/\/www.movimentodown.org.br\/wp-content\/uploads\/2014\/11\/210x300xCapa-cartilha-edit-210x300.png.pagespeed.ic.8BRqKa80_x.jpg\" width=\"210\" height=\"300\" \/><\/p>\n<p align=\"justify\">Chegou novembro e, junto, o per\u00edodo de matr\u00edculas escolares, \u00e9poca em que os pais se preocupam em garantir a melhor escola para seus filhos. A educa\u00e7\u00e3o \u00e9 um direito de toda crian\u00e7a, seja ela uma crian\u00e7a sem defici\u00eancia ou com defici\u00eancia. Ou seja, todas as crian\u00e7as em idade escolar t\u00eam direito \u00e0 matr\u00edcula na rede regular de ensino p\u00fablica ou particular, na creche, na pr\u00e9-escola, no ensino fundamental e no ensino m\u00e9dio.<\/p>\n<p align=\"justify\">Para ajudar os pais, m\u00e3es e respons\u00e1veis de crian\u00e7as e jovens com defici\u00eancia a garantir uma vaga na rede regular de ensino, o <a href=\"http:\/\/www.movimentodown.org.br\/\" target=\"_blank\" rel=\"noopener\">Movimento Down<\/a> est\u00e1 lan\u00e7ando a campanha #EscolaParaTodos. A campanha \u00e9 voltada para a inclus\u00e3o escolar de toda crian\u00e7a com defici\u00eancia, independente de sua condi\u00e7\u00e3o.<\/p>\n<p align=\"justify\">Em parceria com a Comiss\u00e3o de Defesa dos Direitos da Pessoa com Defici\u00eancia (OAB-RJ), o Instituto Alana, o Coletivo de Advogados do Rio de Janeiro (CDA-RJ) e a Secretaria de Desenvolvimento Humano da Presid\u00eancia da Rep\u00fablica (SDH), e com patroc\u00ednio da Petrobras, elaboramos a cartilha \u201cEduca\u00e7\u00e3o Inclusiva: o que os pais precisam saber?\u201d, com informa\u00e7\u00f5es sobre os direitos da crian\u00e7a com defici\u00eancia \u00e0 educa\u00e7\u00e3o inclusiva, o que \u00e9 escola inclusiva e o que fazer caso a escola se recuse a aceitar a matr\u00edcula de um aluno por causa de sua defici\u00eancia.<\/p>\n<p align=\"justify\"><a href=\"http:\/\/www.movimentodown.org.br\/wp-content\/uploads\/2014\/11\/ESCOLA-PARA-TODOS-PUBLICA\u00c7\u00c3O-DIGITAL-logo-governo.pdf\" target=\"_blank\" rel=\"noopener\">Acesse a cartilha aqui.<\/a><\/p>\n<p align=\"justify\"><strong>A CAMPANHA<\/strong><\/p>\n<p align=\"justify\">Ao longo do m\u00eas de novembro, o Movimento Down realizar\u00e1 outras a\u00e7\u00f5es dentro da campanha #EscolaParaTodos, como plant\u00f5es de atendimento a pais, em datas e locais a serem definidos. Acompanhe o portal e as redes sociais do Movimento Down e fique por dentro!!<\/p>\n<p align=\"justify\"><strong>SOBRE EDUCA\u00c7\u00c3O INCLUSIVA<\/strong><\/p>\n<p align=\"justify\">\u2013 A matr\u00edcula em classes comuns do ensino regular \u00e9 um direito constitucional de todas as crian\u00e7as e adolescentes, com e sem defici\u00eancia. Constitui\u00e7\u00e3o Federal, em seu artigo 208.<\/p>\n<p align=\"justify\">\u2013 Negar matr\u00edcula a pessoas com defici\u00eancia em escolas p\u00fablicas ou particulares \u00e9 crime, de acordo com a Lei n\u00ba 7.853\/89, em seu artigo 8\u00ba.<\/p>\n<p align=\"justify\">\u2013 Alunos com defici\u00eancia devem ter acesso ao mesmo curr\u00edculo escolar oferecido aos demais estudantes.<\/p>\n","protected":false},"excerpt":{"rendered":"<p>Chegou novembro e, junto, o per\u00edodo de matr\u00edculas escolares, \u00e9poca em que os pais se preocupam em garantir a melhor escola para seus filhos. O Movimento Down lan\u00e7a cartilha #escolaparatodos para promover educa\u00e7\u00e3o inclusiva.<\/p>\n","protected":false},"author":1,"featured_media":0,"comment_status":"open","ping_status":"open","sticky":false,"template":"","format":"standard","meta":{"site-container-style":"default","site-container-layout":"default","site-sidebar-layout":"default","disable-article-header":"default","disable-site-header":"default","disable-site-footer":"default","disable-content-area-spacing":"default","footnotes":""},"categories":[54,52,6,48,4,10],"tags":[126,302],"class_list":["post-27217","post","type-post","status-publish","format-standard","hentry","category-blogs-e-webs","category-downloadables","category-educacao","category-inclusao","category-noticias","category-publicacoes","tag-educacao-inclusiva","tag-movimento-down"],"yoast_head":"<!-- This site is optimized with the Yoast SEO plugin v27.4 - https:\/\/yoast.com\/product\/yoast-seo-wordpress\/ -->\n<title>Movimento Down lan\u00e7a cartilha #escolaparatodos para promover educa\u00e7\u00e3o inclusiva -<\/title>\n<meta name=\"robots\" content=\"index, follow, max-snippet:-1, max-image-preview:large, max-video-preview:-1\" \/>\n<link rel=\"canonical\" href=\"https:\/\/inclusivenews.com.br\/?p=27217\" \/>\n<meta property=\"og:locale\" content=\"pt_PT\" \/>\n<meta property=\"og:type\" content=\"article\" \/>\n<meta property=\"og:title\" content=\"Movimento Down lan\u00e7a cartilha #escolaparatodos para promover educa\u00e7\u00e3o inclusiva -\" \/>\n<meta property=\"og:description\" content=\"Chegou novembro e, junto, o per\u00edodo de matr\u00edculas escolares, \u00e9poca em que os pais se preocupam em garantir a melhor escola para seus filhos. O Movimento Down lan\u00e7a cartilha #escolaparatodos para promover educa\u00e7\u00e3o inclusiva.\" \/>\n<meta property=\"og:url\" content=\"https:\/\/inclusivenews.com.br\/?p=27217\" \/>\n<meta property=\"article:publisher\" content=\"https:\/\/www.facebook.com\/agenciainclusive\/\" \/>\n<meta property=\"article:published_time\" content=\"2014-11-12T16:13:17+00:00\" \/>\n<meta property=\"og:image\" content=\"http:\/\/www.movimentodown.org.br\/wp-content\/uploads\/2014\/11\/210x300xCapa-cartilha-edit-210x300.png.pagespeed.ic.8BRqKa80_x.jpg\" \/>\n<meta name=\"author\" content=\"inclusivenews2024\" \/>\n<meta name=\"twitter:card\" content=\"summary_large_image\" \/>\n<meta name=\"twitter:label1\" content=\"Escrito por\" \/>\n\t<meta name=\"twitter:data1\" content=\"inclusivenews2024\" \/>\n\t<meta name=\"twitter:label2\" content=\"Tempo estimado de leitura\" \/>\n\t<meta name=\"twitter:data2\" content=\"2 minutos\" \/>\n<script type=\"application\/ld+json\" class=\"yoast-schema-graph\">{\"@context\":\"https:\\\/\\\/schema.org\",\"@graph\":[{\"@type\":\"Article\",\"@id\":\"https:\\\/\\\/inclusivenews.com.br\\\/?p=27217#article\",\"isPartOf\":{\"@id\":\"https:\\\/\\\/inclusivenews.com.br\\\/?p=27217\"},\"author\":{\"name\":\"inclusivenews2024\",\"@id\":\"https:\\\/\\\/inclusivenews.com.br\\\/#\\\/schema\\\/person\\\/ae4ec7087559b8692fb33b6fffd2273b\"},\"headline\":\"Movimento Down lan\u00e7a cartilha #escolaparatodos para promover educa\u00e7\u00e3o inclusiva\",\"datePublished\":\"2014-11-12T16:13:17+00:00\",\"mainEntityOfPage\":{\"@id\":\"https:\\\/\\\/inclusivenews.com.br\\\/?p=27217\"},\"wordCount\":402,\"commentCount\":7,\"publisher\":{\"@id\":\"https:\\\/\\\/inclusivenews.com.br\\\/#organization\"},\"image\":{\"@id\":\"https:\\\/\\\/inclusivenews.com.br\\\/?p=27217#primaryimage\"},\"thumbnailUrl\":\"http:\\\/\\\/www.movimentodown.org.br\\\/wp-content\\\/uploads\\\/2014\\\/11\\\/210x300xCapa-cartilha-edit-210x300.png.pagespeed.ic.8BRqKa80_x.jpg\",\"keywords\":[\"Educa\u00e7\u00e3o inclusiva\",\"movimento down\"],\"articleSection\":[\"Blogs e Webs\",\"Downloadables\",\"EDUCA\u00c7\u00c3O\",\"INCLUS\u00c3O SOCIAL\",\"NOT\u00cdCIAS\",\"PUBLICA\u00c7\u00d5ES\"],\"inLanguage\":\"pt-PT\",\"potentialAction\":[{\"@type\":\"CommentAction\",\"name\":\"Comment\",\"target\":[\"https:\\\/\\\/inclusivenews.com.br\\\/?p=27217#respond\"]}]},{\"@type\":\"WebPage\",\"@id\":\"https:\\\/\\\/inclusivenews.com.br\\\/?p=27217\",\"url\":\"https:\\\/\\\/inclusivenews.com.br\\\/?p=27217\",\"name\":\"Movimento Down lan\u00e7a cartilha #escolaparatodos para promover educa\u00e7\u00e3o inclusiva -\",\"isPartOf\":{\"@id\":\"https:\\\/\\\/inclusivenews.com.br\\\/#website\"},\"primaryImageOfPage\":{\"@id\":\"https:\\\/\\\/inclusivenews.com.br\\\/?p=27217#primaryimage\"},\"image\":{\"@id\":\"https:\\\/\\\/inclusivenews.com.br\\\/?p=27217#primaryimage\"},\"thumbnailUrl\":\"http:\\\/\\\/www.movimentodown.org.br\\\/wp-content\\\/uploads\\\/2014\\\/11\\\/210x300xCapa-cartilha-edit-210x300.png.pagespeed.ic.8BRqKa80_x.jpg\",\"datePublished\":\"2014-11-12T16:13:17+00:00\",\"breadcrumb\":{\"@id\":\"https:\\\/\\\/inclusivenews.com.br\\\/?p=27217#breadcrumb\"},\"inLanguage\":\"pt-PT\",\"potentialAction\":[{\"@type\":\"ReadAction\",\"target\":[\"https:\\\/\\\/inclusivenews.com.br\\\/?p=27217\"]}]},{\"@type\":\"ImageObject\",\"inLanguage\":\"pt-PT\",\"@id\":\"https:\\\/\\\/inclusivenews.com.br\\\/?p=27217#primaryimage\",\"url\":\"http:\\\/\\\/www.movimentodown.org.br\\\/wp-content\\\/uploads\\\/2014\\\/11\\\/210x300xCapa-cartilha-edit-210x300.png.pagespeed.ic.8BRqKa80_x.jpg\",\"contentUrl\":\"http:\\\/\\\/www.movimentodown.org.br\\\/wp-content\\\/uploads\\\/2014\\\/11\\\/210x300xCapa-cartilha-edit-210x300.png.pagespeed.ic.8BRqKa80_x.jpg\"},{\"@type\":\"BreadcrumbList\",\"@id\":\"https:\\\/\\\/inclusivenews.com.br\\\/?p=27217#breadcrumb\",\"itemListElement\":[{\"@type\":\"ListItem\",\"position\":1,\"name\":\"In\u00edcio\",\"item\":\"https:\\\/\\\/inclusivenews.com.br\\\/\"},{\"@type\":\"ListItem\",\"position\":2,\"name\":\"Movimento Down lan\u00e7a cartilha #escolaparatodos para promover educa\u00e7\u00e3o inclusiva\"}]},{\"@type\":\"WebSite\",\"@id\":\"https:\\\/\\\/inclusivenews.com.br\\\/#website\",\"url\":\"https:\\\/\\\/inclusivenews.com.br\\\/\",\"name\":\"Inclusive News\",\"description\":\"Inclusive News\",\"publisher\":{\"@id\":\"https:\\\/\\\/inclusivenews.com.br\\\/#organization\"},\"potentialAction\":[{\"@type\":\"SearchAction\",\"target\":{\"@type\":\"EntryPoint\",\"urlTemplate\":\"https:\\\/\\\/inclusivenews.com.br\\\/?s={search_term_string}\"},\"query-input\":{\"@type\":\"PropertyValueSpecification\",\"valueRequired\":true,\"valueName\":\"search_term_string\"}}],\"inLanguage\":\"pt-PT\"},{\"@type\":\"Organization\",\"@id\":\"https:\\\/\\\/inclusivenews.com.br\\\/#organization\",\"name\":\"Inclusive - inclus\u00e3o e cidadania\",\"url\":\"https:\\\/\\\/inclusivenews.com.br\\\/\",\"logo\":{\"@type\":\"ImageObject\",\"inLanguage\":\"pt-PT\",\"@id\":\"https:\\\/\\\/inclusivenews.com.br\\\/#\\\/schema\\\/logo\\\/image\\\/\",\"url\":\"https:\\\/\\\/inclusivenews.com.br\\\/wp-content\\\/uploads\\\/2024\\\/03\\\/@grandesite.png\",\"contentUrl\":\"https:\\\/\\\/inclusivenews.com.br\\\/wp-content\\\/uploads\\\/2024\\\/03\\\/@grandesite.png\",\"width\":1080,\"height\":1080,\"caption\":\"Inclusive - inclus\u00e3o e cidadania\"},\"image\":{\"@id\":\"https:\\\/\\\/inclusivenews.com.br\\\/#\\\/schema\\\/logo\\\/image\\\/\"},\"sameAs\":[\"https:\\\/\\\/www.facebook.com\\\/agenciainclusive\\\/\",\"https:\\\/\\\/www.instagram.com\\\/newsinclusive\\\/\"]},{\"@type\":\"Person\",\"@id\":\"https:\\\/\\\/inclusivenews.com.br\\\/#\\\/schema\\\/person\\\/ae4ec7087559b8692fb33b6fffd2273b\",\"name\":\"inclusivenews2024\",\"image\":{\"@type\":\"ImageObject\",\"inLanguage\":\"pt-PT\",\"@id\":\"https:\\\/\\\/secure.gravatar.com\\\/avatar\\\/c5a7ef84c66fa914f55bc4f7ce26cfa275a3b9a1c5568b907bd184fb4dde7b40?s=96&d=mm&r=g\",\"url\":\"https:\\\/\\\/secure.gravatar.com\\\/avatar\\\/c5a7ef84c66fa914f55bc4f7ce26cfa275a3b9a1c5568b907bd184fb4dde7b40?s=96&d=mm&r=g\",\"contentUrl\":\"https:\\\/\\\/secure.gravatar.com\\\/avatar\\\/c5a7ef84c66fa914f55bc4f7ce26cfa275a3b9a1c5568b907bd184fb4dde7b40?s=96&d=mm&r=g\",\"caption\":\"inclusivenews2024\"},\"sameAs\":[\"https:\\\/\\\/inclusivenews.com.br\"],\"url\":\"https:\\\/\\\/inclusivenews.com.br\\\/?author=1\"}]}<\/script>\n<!-- \/ Yoast SEO plugin. -->","yoast_head_json":{"title":"Movimento Down lan\u00e7a cartilha #escolaparatodos para promover educa\u00e7\u00e3o inclusiva -","robots":{"index":"index","follow":"follow","max-snippet":"max-snippet:-1","max-image-preview":"max-image-preview:large","max-video-preview":"max-video-preview:-1"},"canonical":"https:\/\/inclusivenews.com.br\/?p=27217","og_locale":"pt_PT","og_type":"article","og_title":"Movimento Down lan\u00e7a cartilha #escolaparatodos para promover educa\u00e7\u00e3o inclusiva -","og_description":"Chegou novembro e, junto, o per\u00edodo de matr\u00edculas escolares, \u00e9poca em que os pais se preocupam em garantir a melhor escola para seus filhos. O Movimento Down lan\u00e7a cartilha #escolaparatodos para promover educa\u00e7\u00e3o inclusiva.","og_url":"https:\/\/inclusivenews.com.br\/?p=27217","article_publisher":"https:\/\/www.facebook.com\/agenciainclusive\/","article_published_time":"2014-11-12T16:13:17+00:00","og_image":[{"url":"http:\/\/www.movimentodown.org.br\/wp-content\/uploads\/2014\/11\/210x300xCapa-cartilha-edit-210x300.png.pagespeed.ic.8BRqKa80_x.jpg","type":"","width":"","height":""}],"author":"inclusivenews2024","twitter_card":"summary_large_image","twitter_misc":{"Escrito por":"inclusivenews2024","Tempo estimado de leitura":"2 minutos"},"schema":{"@context":"https:\/\/schema.org","@graph":[{"@type":"Article","@id":"https:\/\/inclusivenews.com.br\/?p=27217#article","isPartOf":{"@id":"https:\/\/inclusivenews.com.br\/?p=27217"},"author":{"name":"inclusivenews2024","@id":"https:\/\/inclusivenews.com.br\/#\/schema\/person\/ae4ec7087559b8692fb33b6fffd2273b"},"headline":"Movimento Down lan\u00e7a cartilha #escolaparatodos para promover educa\u00e7\u00e3o inclusiva","datePublished":"2014-11-12T16:13:17+00:00","mainEntityOfPage":{"@id":"https:\/\/inclusivenews.com.br\/?p=27217"},"wordCount":402,"commentCount":7,"publisher":{"@id":"https:\/\/inclusivenews.com.br\/#organization"},"image":{"@id":"https:\/\/inclusivenews.com.br\/?p=27217#primaryimage"},"thumbnailUrl":"http:\/\/www.movimentodown.org.br\/wp-content\/uploads\/2014\/11\/210x300xCapa-cartilha-edit-210x300.png.pagespeed.ic.8BRqKa80_x.jpg","keywords":["Educa\u00e7\u00e3o inclusiva","movimento down"],"articleSection":["Blogs e Webs","Downloadables","EDUCA\u00c7\u00c3O","INCLUS\u00c3O SOCIAL","NOT\u00cdCIAS","PUBLICA\u00c7\u00d5ES"],"inLanguage":"pt-PT","potentialAction":[{"@type":"CommentAction","name":"Comment","target":["https:\/\/inclusivenews.com.br\/?p=27217#respond"]}]},{"@type":"WebPage","@id":"https:\/\/inclusivenews.com.br\/?p=27217","url":"https:\/\/inclusivenews.com.br\/?p=27217","name":"Movimento Down lan\u00e7a cartilha #escolaparatodos para promover educa\u00e7\u00e3o inclusiva -","isPartOf":{"@id":"https:\/\/inclusivenews.com.br\/#website"},"primaryImageOfPage":{"@id":"https:\/\/inclusivenews.com.br\/?p=27217#primaryimage"},"image":{"@id":"https:\/\/inclusivenews.com.br\/?p=27217#primaryimage"},"thumbnailUrl":"http:\/\/www.movimentodown.org.br\/wp-content\/uploads\/2014\/11\/210x300xCapa-cartilha-edit-210x300.png.pagespeed.ic.8BRqKa80_x.jpg","datePublished":"2014-11-12T16:13:17+00:00","breadcrumb":{"@id":"https:\/\/inclusivenews.com.br\/?p=27217#breadcrumb"},"inLanguage":"pt-PT","potentialAction":[{"@type":"ReadAction","target":["https:\/\/inclusivenews.com.br\/?p=27217"]}]},{"@type":"ImageObject","inLanguage":"pt-PT","@id":"https:\/\/inclusivenews.com.br\/?p=27217#primaryimage","url":"http:\/\/www.movimentodown.org.br\/wp-content\/uploads\/2014\/11\/210x300xCapa-cartilha-edit-210x300.png.pagespeed.ic.8BRqKa80_x.jpg","contentUrl":"http:\/\/www.movimentodown.org.br\/wp-content\/uploads\/2014\/11\/210x300xCapa-cartilha-edit-210x300.png.pagespeed.ic.8BRqKa80_x.jpg"},{"@type":"BreadcrumbList","@id":"https:\/\/inclusivenews.com.br\/?p=27217#breadcrumb","itemListElement":[{"@type":"ListItem","position":1,"name":"In\u00edcio","item":"https:\/\/inclusivenews.com.br\/"},{"@type":"ListItem","position":2,"name":"Movimento Down lan\u00e7a cartilha #escolaparatodos para promover educa\u00e7\u00e3o inclusiva"}]},{"@type":"WebSite","@id":"https:\/\/inclusivenews.com.br\/#website","url":"https:\/\/inclusivenews.com.br\/","name":"Inclusive News","description":"Inclusive News","publisher":{"@id":"https:\/\/inclusivenews.com.br\/#organization"},"potentialAction":[{"@type":"SearchAction","target":{"@type":"EntryPoint","urlTemplate":"https:\/\/inclusivenews.com.br\/?s={search_term_string}"},"query-input":{"@type":"PropertyValueSpecification","valueRequired":true,"valueName":"search_term_string"}}],"inLanguage":"pt-PT"},{"@type":"Organization","@id":"https:\/\/inclusivenews.com.br\/#organization","name":"Inclusive - inclus\u00e3o e cidadania","url":"https:\/\/inclusivenews.com.br\/","logo":{"@type":"ImageObject","inLanguage":"pt-PT","@id":"https:\/\/inclusivenews.com.br\/#\/schema\/logo\/image\/","url":"https:\/\/inclusivenews.com.br\/wp-content\/uploads\/2024\/03\/@grandesite.png","contentUrl":"https:\/\/inclusivenews.com.br\/wp-content\/uploads\/2024\/03\/@grandesite.png","width":1080,"height":1080,"caption":"Inclusive - inclus\u00e3o e cidadania"},"image":{"@id":"https:\/\/inclusivenews.com.br\/#\/schema\/logo\/image\/"},"sameAs":["https:\/\/www.facebook.com\/agenciainclusive\/","https:\/\/www.instagram.com\/newsinclusive\/"]},{"@type":"Person","@id":"https:\/\/inclusivenews.com.br\/#\/schema\/person\/ae4ec7087559b8692fb33b6fffd2273b","name":"inclusivenews2024","image":{"@type":"ImageObject","inLanguage":"pt-PT","@id":"https:\/\/secure.gravatar.com\/avatar\/c5a7ef84c66fa914f55bc4f7ce26cfa275a3b9a1c5568b907bd184fb4dde7b40?s=96&d=mm&r=g","url":"https:\/\/secure.gravatar.com\/avatar\/c5a7ef84c66fa914f55bc4f7ce26cfa275a3b9a1c5568b907bd184fb4dde7b40?s=96&d=mm&r=g","contentUrl":"https:\/\/secure.gravatar.com\/avatar\/c5a7ef84c66fa914f55bc4f7ce26cfa275a3b9a1c5568b907bd184fb4dde7b40?s=96&d=mm&r=g","caption":"inclusivenews2024"},"sameAs":["https:\/\/inclusivenews.com.br"],"url":"https:\/\/inclusivenews.com.br\/?author=1"}]}},"_links":{"self":[{"href":"https:\/\/inclusivenews.com.br\/index.php?rest_route=\/wp\/v2\/posts\/27217","targetHints":{"allow":["GET"]}}],"collection":[{"href":"https:\/\/inclusivenews.com.br\/index.php?rest_route=\/wp\/v2\/posts"}],"about":[{"href":"https:\/\/inclusivenews.com.br\/index.php?rest_route=\/wp\/v2\/types\/post"}],"author":[{"embeddable":true,"href":"https:\/\/inclusivenews.com.br\/index.php?rest_route=\/wp\/v2\/users\/1"}],"replies":[{"embeddable":true,"href":"https:\/\/inclusivenews.com.br\/index.php?rest_route=%2Fwp%2Fv2%2Fcomments&post=27217"}],"version-history":[{"count":0,"href":"https:\/\/inclusivenews.com.br\/index.php?rest_route=\/wp\/v2\/posts\/27217\/revisions"}],"wp:attachment":[{"href":"https:\/\/inclusivenews.com.br\/index.php?rest_route=%2Fwp%2Fv2%2Fmedia&parent=27217"}],"wp:term":[{"taxonomy":"category","embeddable":true,"href":"https:\/\/inclusivenews.com.br\/index.php?rest_route=%2Fwp%2Fv2%2Fcategories&post=27217"},{"taxonomy":"post_tag","embeddable":true,"href":"https:\/\/inclusivenews.com.br\/index.php?rest_route=%2Fwp%2Fv2%2Ftags&post=27217"}],"curies":[{"name":"wp","href":"https:\/\/api.w.org\/{rel}","templated":true}]}}