{"id":27219,"date":"2014-11-12T13:12:57","date_gmt":"2014-11-12T16:12:57","guid":{"rendered":"http:\/\/www.inclusive.org.br\/?p=27219"},"modified":"2014-11-12T13:12:57","modified_gmt":"2014-11-12T16:12:57","slug":"termo-de-cooperacao-emprega-mao-de-obra-carceraria-em-obras-do-metro-de-fortaleza","status":"publish","type":"post","link":"https:\/\/inclusivenews.com.br\/?p=27219","title":{"rendered":"Termo de coopera\u00e7\u00e3o emprega m\u00e3o de obra carcer\u00e1ria em obras do metr\u00f4 de Fortaleza"},"content":{"rendered":"<p><em>Da Ag\u00eancia da Boa Not\u00edcia<\/em><\/p>\n<p><img loading=\"lazy\" decoding=\"async\" class=\"alignnone size-full wp-image-20703\" alt=\"Grades de uma pris\u00e3o com uma porta aberta\" src=\"http:\/\/inclusivenews.com.br\/wp-content\/uploads\/grades.jpg\" width=\"315\" height=\"315\" \/><\/p>\n<p>O programa estadual M\u00e3os que Constroem d\u00e1 oportunidades \u00e0s pessoas que passaram pela priva\u00e7\u00e3o de liberdade de obter um emprego com carteira assinada e recuperar a dignidade. A iniciativa fomenta a inser\u00e7\u00e3o no mercado de trabalho de apenados. O setor da constru\u00e7\u00e3o civil, ainda muito aquecido, provoca uma demanda crescente por m\u00e3o de obra qualificada.<\/p>\n<p>Nesse contexto, a Secretaria da Justi\u00e7a e Cidadania do Estado do Cear\u00e1 (Sejus) e a Secretaria da Infraestrutura (Seinfra) e o cons\u00f3rcio respons\u00e1vel pelas obras da Linha Leste do Metr\u00f4 de Fortaleza assinaram nesta ter\u00e7a-feira, 11, \u00e0s 10h, no Audit\u00f3rio do Metrofor (R. Jo\u00e3o Moreira, 543), o termo de coopera\u00e7\u00e3o para empregar presos dos regimes semiaberto e aberto nas obras da Linha Leste.<\/p>\n<p>\u201cEste, na verdade, \u00e9 o grande diferencial do programa M\u00e3os que Constroem: o acompanhamento integral do assistido. Eles s\u00e3o recrutados, selecionados, capacitados, empregados e acompanhados por equipe multidisciplinar que \u00e9 formada por advogado, assistente social, psic\u00f3logo e agente penitenci\u00e1rio, e esta assist\u00eancia se estende \u00e0s fam\u00edlias e ao empregador\u201d, afirma a secret\u00e1ria da Sejus, Mariana Lobo.<\/p>\n<p>Para o titular da Seinfra, Adail Fontenele, o programa contribui para a ressocializa\u00e7\u00e3o dos detentos e redu\u00e7\u00e3o da reincid\u00eancia criminal por meio de oportunidades de emprego.\u00a0 \u201c\u00c9 o uso do trabalho como motor para a inclus\u00e3o social e uma preocupa\u00e7\u00e3o que o Governo do Estado tem de fazer com que o investimento feito com o recurso p\u00fablico retorne para a sociedade em benef\u00edcios sociais\u201d, reitera o secret\u00e1rio.<\/p>\n<p>Segundo o art. 6\u00ba da Constitui\u00e7\u00e3o Federal, o preso tem o direito social ao trabalho. Ao Estado incumbe o dever de dar trabalho ao condenado em cumprimento de pena privativa de liberdade, ou \u00e0quele a quem se imp\u00f4s medida de seguran\u00e7a detentiva. O trabalho do preso, conforme artigo 28, par\u00e1grafo 2\u00ba da Lei de Execu\u00e7\u00e3o Penal, n\u00e3o est\u00e1 sujeito ao regime da Consolida\u00e7\u00e3o das Leis do Trabalho, mas a atividade laboral permite abreviar o tempo de dura\u00e7\u00e3o da senten\u00e7a (remi\u00e7\u00e3o).<\/p>\n<p><strong>Saiba mais<\/strong><br \/>\nO programa M\u00e3os que Constroem atua em obras p\u00fablicas e privadas do Cear\u00e1, j\u00e1 tendo participado de obras de habita\u00e7\u00e3o popular (Minha Casa Minha Vida e PAC II), da matriz de responsabilidade para a Copa do Mundo FIFA\u2122 2014 (Arena Castel\u00e3o e Ve\u00edculo Leve sobre Trilhos), obras desportivas (Centro de Forma\u00e7\u00e3o Ol\u00edmpica do Nordeste) e se estende para empresas privadas interessadas, como o Instituto Cor da Cultura, respons\u00e1vel pela edi\u00e7\u00e3o Casa Cor Cear\u00e1. Ao todo, onze construtoras j\u00e1 conveniaram com a Sejus para a absor\u00e7\u00e3o da m\u00e3o de obra presidi\u00e1ria. Mais de 180 pessoas j\u00e1 tiveram oportunidades de trabalhar profissionalmente na constru\u00e7\u00e3o civil, desde o in\u00edcio do projeto em 2011 e novas vagas est\u00e3o em implementa\u00e7\u00e3o.<\/p>\n","protected":false},"excerpt":{"rendered":"<p>O programa estadual M\u00e3os que Constroem d\u00e1 oportunidades \u00e0s pessoas que passaram pela priva\u00e7\u00e3o de liberdade de obter um emprego com carteira assinada e recuperar a dignidade. Da Ag\u00eancia da Boa Not\u00edcia.<\/p>\n","protected":false},"author":1,"featured_media":0,"comment_status":"open","ping_status":"open","sticky":false,"template":"","format":"standard","meta":{"site-container-style":"default","site-container-layout":"default","site-sidebar-layout":"default","disable-article-header":"default","disable-site-header":"default","disable-site-footer":"default","disable-content-area-spacing":"default","footnotes":""},"categories":[11,4],"tags":[],"class_list":["post-27219","post","type-post","status-publish","format-standard","hentry","category-direitos-humanos","category-noticias"],"yoast_head":"<!-- This site is optimized with the Yoast SEO plugin v27.4 - https:\/\/yoast.com\/product\/yoast-seo-wordpress\/ -->\n<title>Termo de coopera\u00e7\u00e3o emprega m\u00e3o de obra carcer\u00e1ria em obras do metr\u00f4 de Fortaleza -<\/title>\n<meta name=\"robots\" content=\"index, follow, max-snippet:-1, max-image-preview:large, max-video-preview:-1\" \/>\n<link rel=\"canonical\" href=\"https:\/\/inclusivenews.com.br\/?p=27219\" \/>\n<meta property=\"og:locale\" content=\"pt_PT\" \/>\n<meta property=\"og:type\" content=\"article\" \/>\n<meta property=\"og:title\" content=\"Termo de coopera\u00e7\u00e3o emprega m\u00e3o de obra carcer\u00e1ria em obras do metr\u00f4 de Fortaleza -\" \/>\n<meta property=\"og:description\" content=\"O programa estadual M\u00e3os que Constroem d\u00e1 oportunidades \u00e0s pessoas que passaram pela priva\u00e7\u00e3o de liberdade de obter um emprego com carteira assinada e recuperar a dignidade. Da Ag\u00eancia da Boa Not\u00edcia.\" \/>\n<meta property=\"og:url\" content=\"https:\/\/inclusivenews.com.br\/?p=27219\" \/>\n<meta property=\"article:publisher\" content=\"https:\/\/www.facebook.com\/agenciainclusive\/\" \/>\n<meta property=\"article:published_time\" content=\"2014-11-12T16:12:57+00:00\" \/>\n<meta property=\"og:image\" content=\"http:\/\/inclusivenews.com.br\/wp-content\/uploads\/grades.jpg\" \/>\n<meta name=\"author\" content=\"inclusivenews2024\" \/>\n<meta name=\"twitter:card\" content=\"summary_large_image\" \/>\n<meta name=\"twitter:label1\" content=\"Escrito por\" \/>\n\t<meta name=\"twitter:data1\" content=\"inclusivenews2024\" \/>\n\t<meta name=\"twitter:label2\" content=\"Tempo estimado de leitura\" \/>\n\t<meta name=\"twitter:data2\" content=\"2 minutos\" \/>\n<script type=\"application\/ld+json\" class=\"yoast-schema-graph\">{\"@context\":\"https:\\\/\\\/schema.org\",\"@graph\":[{\"@type\":\"Article\",\"@id\":\"https:\\\/\\\/inclusivenews.com.br\\\/?p=27219#article\",\"isPartOf\":{\"@id\":\"https:\\\/\\\/inclusivenews.com.br\\\/?p=27219\"},\"author\":{\"name\":\"inclusivenews2024\",\"@id\":\"https:\\\/\\\/inclusivenews.com.br\\\/#\\\/schema\\\/person\\\/ae4ec7087559b8692fb33b6fffd2273b\"},\"headline\":\"Termo de coopera\u00e7\u00e3o emprega m\u00e3o de obra carcer\u00e1ria em obras do metr\u00f4 de Fortaleza\",\"datePublished\":\"2014-11-12T16:12:57+00:00\",\"mainEntityOfPage\":{\"@id\":\"https:\\\/\\\/inclusivenews.com.br\\\/?p=27219\"},\"wordCount\":505,\"commentCount\":0,\"publisher\":{\"@id\":\"https:\\\/\\\/inclusivenews.com.br\\\/#organization\"},\"image\":{\"@id\":\"https:\\\/\\\/inclusivenews.com.br\\\/?p=27219#primaryimage\"},\"thumbnailUrl\":\"http:\\\/\\\/inclusivenews.com.br\\\/wp-content\\\/uploads\\\/grades.jpg\",\"articleSection\":[\"DIREITOS HUMANOS\",\"NOT\u00cdCIAS\"],\"inLanguage\":\"pt-PT\",\"potentialAction\":[{\"@type\":\"CommentAction\",\"name\":\"Comment\",\"target\":[\"https:\\\/\\\/inclusivenews.com.br\\\/?p=27219#respond\"]}]},{\"@type\":\"WebPage\",\"@id\":\"https:\\\/\\\/inclusivenews.com.br\\\/?p=27219\",\"url\":\"https:\\\/\\\/inclusivenews.com.br\\\/?p=27219\",\"name\":\"Termo de coopera\u00e7\u00e3o emprega m\u00e3o de obra carcer\u00e1ria em obras do metr\u00f4 de Fortaleza -\",\"isPartOf\":{\"@id\":\"https:\\\/\\\/inclusivenews.com.br\\\/#website\"},\"primaryImageOfPage\":{\"@id\":\"https:\\\/\\\/inclusivenews.com.br\\\/?p=27219#primaryimage\"},\"image\":{\"@id\":\"https:\\\/\\\/inclusivenews.com.br\\\/?p=27219#primaryimage\"},\"thumbnailUrl\":\"http:\\\/\\\/inclusivenews.com.br\\\/wp-content\\\/uploads\\\/grades.jpg\",\"datePublished\":\"2014-11-12T16:12:57+00:00\",\"breadcrumb\":{\"@id\":\"https:\\\/\\\/inclusivenews.com.br\\\/?p=27219#breadcrumb\"},\"inLanguage\":\"pt-PT\",\"potentialAction\":[{\"@type\":\"ReadAction\",\"target\":[\"https:\\\/\\\/inclusivenews.com.br\\\/?p=27219\"]}]},{\"@type\":\"ImageObject\",\"inLanguage\":\"pt-PT\",\"@id\":\"https:\\\/\\\/inclusivenews.com.br\\\/?p=27219#primaryimage\",\"url\":\"\",\"contentUrl\":\"\"},{\"@type\":\"BreadcrumbList\",\"@id\":\"https:\\\/\\\/inclusivenews.com.br\\\/?p=27219#breadcrumb\",\"itemListElement\":[{\"@type\":\"ListItem\",\"position\":1,\"name\":\"In\u00edcio\",\"item\":\"https:\\\/\\\/inclusivenews.com.br\\\/\"},{\"@type\":\"ListItem\",\"position\":2,\"name\":\"Termo de coopera\u00e7\u00e3o emprega m\u00e3o de obra carcer\u00e1ria em obras do metr\u00f4 de Fortaleza\"}]},{\"@type\":\"WebSite\",\"@id\":\"https:\\\/\\\/inclusivenews.com.br\\\/#website\",\"url\":\"https:\\\/\\\/inclusivenews.com.br\\\/\",\"name\":\"Inclusive News\",\"description\":\"Inclusive News\",\"publisher\":{\"@id\":\"https:\\\/\\\/inclusivenews.com.br\\\/#organization\"},\"potentialAction\":[{\"@type\":\"SearchAction\",\"target\":{\"@type\":\"EntryPoint\",\"urlTemplate\":\"https:\\\/\\\/inclusivenews.com.br\\\/?s={search_term_string}\"},\"query-input\":{\"@type\":\"PropertyValueSpecification\",\"valueRequired\":true,\"valueName\":\"search_term_string\"}}],\"inLanguage\":\"pt-PT\"},{\"@type\":\"Organization\",\"@id\":\"https:\\\/\\\/inclusivenews.com.br\\\/#organization\",\"name\":\"Inclusive - inclus\u00e3o e cidadania\",\"url\":\"https:\\\/\\\/inclusivenews.com.br\\\/\",\"logo\":{\"@type\":\"ImageObject\",\"inLanguage\":\"pt-PT\",\"@id\":\"https:\\\/\\\/inclusivenews.com.br\\\/#\\\/schema\\\/logo\\\/image\\\/\",\"url\":\"https:\\\/\\\/inclusivenews.com.br\\\/wp-content\\\/uploads\\\/2024\\\/03\\\/@grandesite.png\",\"contentUrl\":\"https:\\\/\\\/inclusivenews.com.br\\\/wp-content\\\/uploads\\\/2024\\\/03\\\/@grandesite.png\",\"width\":1080,\"height\":1080,\"caption\":\"Inclusive - inclus\u00e3o e cidadania\"},\"image\":{\"@id\":\"https:\\\/\\\/inclusivenews.com.br\\\/#\\\/schema\\\/logo\\\/image\\\/\"},\"sameAs\":[\"https:\\\/\\\/www.facebook.com\\\/agenciainclusive\\\/\",\"https:\\\/\\\/www.instagram.com\\\/newsinclusive\\\/\"]},{\"@type\":\"Person\",\"@id\":\"https:\\\/\\\/inclusivenews.com.br\\\/#\\\/schema\\\/person\\\/ae4ec7087559b8692fb33b6fffd2273b\",\"name\":\"inclusivenews2024\",\"image\":{\"@type\":\"ImageObject\",\"inLanguage\":\"pt-PT\",\"@id\":\"https:\\\/\\\/secure.gravatar.com\\\/avatar\\\/c5a7ef84c66fa914f55bc4f7ce26cfa275a3b9a1c5568b907bd184fb4dde7b40?s=96&d=mm&r=g\",\"url\":\"https:\\\/\\\/secure.gravatar.com\\\/avatar\\\/c5a7ef84c66fa914f55bc4f7ce26cfa275a3b9a1c5568b907bd184fb4dde7b40?s=96&d=mm&r=g\",\"contentUrl\":\"https:\\\/\\\/secure.gravatar.com\\\/avatar\\\/c5a7ef84c66fa914f55bc4f7ce26cfa275a3b9a1c5568b907bd184fb4dde7b40?s=96&d=mm&r=g\",\"caption\":\"inclusivenews2024\"},\"sameAs\":[\"https:\\\/\\\/inclusivenews.com.br\"],\"url\":\"https:\\\/\\\/inclusivenews.com.br\\\/?author=1\"}]}<\/script>\n<!-- \/ Yoast SEO plugin. -->","yoast_head_json":{"title":"Termo de coopera\u00e7\u00e3o emprega m\u00e3o de obra carcer\u00e1ria em obras do metr\u00f4 de Fortaleza -","robots":{"index":"index","follow":"follow","max-snippet":"max-snippet:-1","max-image-preview":"max-image-preview:large","max-video-preview":"max-video-preview:-1"},"canonical":"https:\/\/inclusivenews.com.br\/?p=27219","og_locale":"pt_PT","og_type":"article","og_title":"Termo de coopera\u00e7\u00e3o emprega m\u00e3o de obra carcer\u00e1ria em obras do metr\u00f4 de Fortaleza -","og_description":"O programa estadual M\u00e3os que Constroem d\u00e1 oportunidades \u00e0s pessoas que passaram pela priva\u00e7\u00e3o de liberdade de obter um emprego com carteira assinada e recuperar a dignidade. Da Ag\u00eancia da Boa Not\u00edcia.","og_url":"https:\/\/inclusivenews.com.br\/?p=27219","article_publisher":"https:\/\/www.facebook.com\/agenciainclusive\/","article_published_time":"2014-11-12T16:12:57+00:00","og_image":[{"url":"http:\/\/inclusivenews.com.br\/wp-content\/uploads\/grades.jpg","type":"","width":"","height":""}],"author":"inclusivenews2024","twitter_card":"summary_large_image","twitter_misc":{"Escrito por":"inclusivenews2024","Tempo estimado de leitura":"2 minutos"},"schema":{"@context":"https:\/\/schema.org","@graph":[{"@type":"Article","@id":"https:\/\/inclusivenews.com.br\/?p=27219#article","isPartOf":{"@id":"https:\/\/inclusivenews.com.br\/?p=27219"},"author":{"name":"inclusivenews2024","@id":"https:\/\/inclusivenews.com.br\/#\/schema\/person\/ae4ec7087559b8692fb33b6fffd2273b"},"headline":"Termo de coopera\u00e7\u00e3o emprega m\u00e3o de obra carcer\u00e1ria em obras do metr\u00f4 de Fortaleza","datePublished":"2014-11-12T16:12:57+00:00","mainEntityOfPage":{"@id":"https:\/\/inclusivenews.com.br\/?p=27219"},"wordCount":505,"commentCount":0,"publisher":{"@id":"https:\/\/inclusivenews.com.br\/#organization"},"image":{"@id":"https:\/\/inclusivenews.com.br\/?p=27219#primaryimage"},"thumbnailUrl":"http:\/\/inclusivenews.com.br\/wp-content\/uploads\/grades.jpg","articleSection":["DIREITOS HUMANOS","NOT\u00cdCIAS"],"inLanguage":"pt-PT","potentialAction":[{"@type":"CommentAction","name":"Comment","target":["https:\/\/inclusivenews.com.br\/?p=27219#respond"]}]},{"@type":"WebPage","@id":"https:\/\/inclusivenews.com.br\/?p=27219","url":"https:\/\/inclusivenews.com.br\/?p=27219","name":"Termo de coopera\u00e7\u00e3o emprega m\u00e3o de obra carcer\u00e1ria em obras do metr\u00f4 de Fortaleza -","isPartOf":{"@id":"https:\/\/inclusivenews.com.br\/#website"},"primaryImageOfPage":{"@id":"https:\/\/inclusivenews.com.br\/?p=27219#primaryimage"},"image":{"@id":"https:\/\/inclusivenews.com.br\/?p=27219#primaryimage"},"thumbnailUrl":"http:\/\/inclusivenews.com.br\/wp-content\/uploads\/grades.jpg","datePublished":"2014-11-12T16:12:57+00:00","breadcrumb":{"@id":"https:\/\/inclusivenews.com.br\/?p=27219#breadcrumb"},"inLanguage":"pt-PT","potentialAction":[{"@type":"ReadAction","target":["https:\/\/inclusivenews.com.br\/?p=27219"]}]},{"@type":"ImageObject","inLanguage":"pt-PT","@id":"https:\/\/inclusivenews.com.br\/?p=27219#primaryimage","url":"","contentUrl":""},{"@type":"BreadcrumbList","@id":"https:\/\/inclusivenews.com.br\/?p=27219#breadcrumb","itemListElement":[{"@type":"ListItem","position":1,"name":"In\u00edcio","item":"https:\/\/inclusivenews.com.br\/"},{"@type":"ListItem","position":2,"name":"Termo de coopera\u00e7\u00e3o emprega m\u00e3o de obra carcer\u00e1ria em obras do metr\u00f4 de Fortaleza"}]},{"@type":"WebSite","@id":"https:\/\/inclusivenews.com.br\/#website","url":"https:\/\/inclusivenews.com.br\/","name":"Inclusive News","description":"Inclusive News","publisher":{"@id":"https:\/\/inclusivenews.com.br\/#organization"},"potentialAction":[{"@type":"SearchAction","target":{"@type":"EntryPoint","urlTemplate":"https:\/\/inclusivenews.com.br\/?s={search_term_string}"},"query-input":{"@type":"PropertyValueSpecification","valueRequired":true,"valueName":"search_term_string"}}],"inLanguage":"pt-PT"},{"@type":"Organization","@id":"https:\/\/inclusivenews.com.br\/#organization","name":"Inclusive - inclus\u00e3o e cidadania","url":"https:\/\/inclusivenews.com.br\/","logo":{"@type":"ImageObject","inLanguage":"pt-PT","@id":"https:\/\/inclusivenews.com.br\/#\/schema\/logo\/image\/","url":"https:\/\/inclusivenews.com.br\/wp-content\/uploads\/2024\/03\/@grandesite.png","contentUrl":"https:\/\/inclusivenews.com.br\/wp-content\/uploads\/2024\/03\/@grandesite.png","width":1080,"height":1080,"caption":"Inclusive - inclus\u00e3o e cidadania"},"image":{"@id":"https:\/\/inclusivenews.com.br\/#\/schema\/logo\/image\/"},"sameAs":["https:\/\/www.facebook.com\/agenciainclusive\/","https:\/\/www.instagram.com\/newsinclusive\/"]},{"@type":"Person","@id":"https:\/\/inclusivenews.com.br\/#\/schema\/person\/ae4ec7087559b8692fb33b6fffd2273b","name":"inclusivenews2024","image":{"@type":"ImageObject","inLanguage":"pt-PT","@id":"https:\/\/secure.gravatar.com\/avatar\/c5a7ef84c66fa914f55bc4f7ce26cfa275a3b9a1c5568b907bd184fb4dde7b40?s=96&d=mm&r=g","url":"https:\/\/secure.gravatar.com\/avatar\/c5a7ef84c66fa914f55bc4f7ce26cfa275a3b9a1c5568b907bd184fb4dde7b40?s=96&d=mm&r=g","contentUrl":"https:\/\/secure.gravatar.com\/avatar\/c5a7ef84c66fa914f55bc4f7ce26cfa275a3b9a1c5568b907bd184fb4dde7b40?s=96&d=mm&r=g","caption":"inclusivenews2024"},"sameAs":["https:\/\/inclusivenews.com.br"],"url":"https:\/\/inclusivenews.com.br\/?author=1"}]}},"_links":{"self":[{"href":"https:\/\/inclusivenews.com.br\/index.php?rest_route=\/wp\/v2\/posts\/27219","targetHints":{"allow":["GET"]}}],"collection":[{"href":"https:\/\/inclusivenews.com.br\/index.php?rest_route=\/wp\/v2\/posts"}],"about":[{"href":"https:\/\/inclusivenews.com.br\/index.php?rest_route=\/wp\/v2\/types\/post"}],"author":[{"embeddable":true,"href":"https:\/\/inclusivenews.com.br\/index.php?rest_route=\/wp\/v2\/users\/1"}],"replies":[{"embeddable":true,"href":"https:\/\/inclusivenews.com.br\/index.php?rest_route=%2Fwp%2Fv2%2Fcomments&post=27219"}],"version-history":[{"count":0,"href":"https:\/\/inclusivenews.com.br\/index.php?rest_route=\/wp\/v2\/posts\/27219\/revisions"}],"wp:attachment":[{"href":"https:\/\/inclusivenews.com.br\/index.php?rest_route=%2Fwp%2Fv2%2Fmedia&parent=27219"}],"wp:term":[{"taxonomy":"category","embeddable":true,"href":"https:\/\/inclusivenews.com.br\/index.php?rest_route=%2Fwp%2Fv2%2Fcategories&post=27219"},{"taxonomy":"post_tag","embeddable":true,"href":"https:\/\/inclusivenews.com.br\/index.php?rest_route=%2Fwp%2Fv2%2Ftags&post=27219"}],"curies":[{"name":"wp","href":"https:\/\/api.w.org\/{rel}","templated":true}]}}