{"id":27221,"date":"2014-11-12T13:13:29","date_gmt":"2014-11-12T16:13:29","guid":{"rendered":"http:\/\/www.inclusive.org.br\/?p=27221"},"modified":"2014-11-12T13:13:29","modified_gmt":"2014-11-12T16:13:29","slug":"anistia-internacional-lanca-campanha-contra-homicidios-de-jovens-negros-no-pais","status":"publish","type":"post","link":"https:\/\/inclusivenews.com.br\/?p=27221","title":{"rendered":"Anistia Internacional lan\u00e7a campanha contra homic\u00eddios de jovens negros no pa\u00eds"},"content":{"rendered":"<p><img loading=\"lazy\" decoding=\"async\" class=\"alignnone size-full wp-image-12436\" title=\"Anistia Internacional - uma vela acesa cercada por um arame de espinhos\" alt=\"Anistia Internacional - uma vela acesa cercada por um arame de espinhos\" src=\"http:\/\/inclusivenews.com.br\/wp-content\/uploads\/2009\/11\/anistia.jpg\" width=\"245\" height=\"95\" \/><\/p>\n<p><em>Por Paulo Virg\u00edlio<\/em><br \/>\n<em>da Ag\u00eancia Brasil<\/em><\/p>\n<p>A Anistia Internacional Brasil promoveu no \u00faltimo dia 9, em evento gratuito no Parque do Flamengo, na zona sul do Rio, o lan\u00e7amento nacional da campanha <em>Jovem Negro Vivo,<\/em> que chama a aten\u00e7\u00e3o para o alto \u00edndice de homic\u00eddios contra jovens, especialmente os negros, no Brasil. Durante toda a manh\u00e3 e parte da tarde, ativistas volunt\u00e1rios da organiza\u00e7\u00e3o n\u00e3o governamental (ONG) arrecadaram assinaturas em apoio ao manifesto lan\u00e7ado pela organiza\u00e7\u00e3o, pedindo \u00e0s autoridades que sejam tomadas provid\u00eancias para mudar essa realidade.<\/p>\n<p>&#8220;O Brasil \u00e9 o pa\u00eds onde mais se mata no mundo, superando muitos pa\u00edses em situa\u00e7\u00e3o de guerra. Em 2012, foram 56 mil jovens entre 15 e 29 anos e, desse total, 77% s\u00e3o negros. A maioria dos homic\u00eddios \u00e9 praticada por armas de fogo e, menos de 8% dos casos, chegam a ser julgados&#8221;, diz o manifesto, que ser\u00e1 entregue a autoridades p\u00fablicas do governo federal e de governos estaduais.<\/p>\n<p>De acordo o diretor executivo da Anistia Internacional Brasil, \u00c1tila Roque, \u201cpior do que esta realidade, s\u00f3 a indiferen\u00e7a da sociedade brasileira&#8221;. Segundo ele, &#8220;precisamos urgentemente de a\u00e7\u00f5es governamentais que revertam este quadro, \u00e0 semelhan\u00e7a do que foi feito com a fome no Brasil, na d\u00e9cada de 90\u201d,\u00a0 alertou.\u00a0\u00a0 &#8220;Hoje o pa\u00eds est\u00e1 fora do mapa da fome mundial. Temos que fazer o mesmo com o \u00edndice alarmante de homic\u00eddios que temos hoje &#8211; ficar fora desse mapa tamb\u00e9m&#8221;.<\/p>\n<p>Volunt\u00e1ria na coleta de assinaturas, Maria de F\u00e1tima dos Santos Silva, de 55 anos, teve o filho Hugo Leonardo dos Santos, de 33, morto em abril de 2012 em uma a\u00e7\u00e3o policial na Rocinha. \u201cEles tiram a vida dele assim do nada. Meu filho era perseguido demais e eu n\u00e3o entendo o porqu\u00ea. Eles disseram que foi troca de tiros, mas era tudo mentira. Mataram ele s\u00f3 porque era pobre, negro, desempregado e morador da favela. Isso tem que acabar\u201d, desabafou.<\/p>\n<p>A campanha, que vai at\u00e9 junho de 2015, tem como mote a invisibilidade desses jovens, representados por esculturas que retratam diferentes situa\u00e7\u00f5es do cotidiano, interrompidas pela viol\u00eancia. O ato de lan\u00e7amento tamb\u00e9m foi marcado por apresenta\u00e7\u00f5es culturais, entre elas a Batalha pela Vida, com dan\u00e7arinos do passinho, disputa de barbeiros e som a cargo de DJs .<\/p>\n","protected":false},"excerpt":{"rendered":"<p>A Anistia Internacional Brasil promoveu no \u00faltimo dia 9, em evento gratuito no Parque do Flamengo, na zona sul do Rio, o lan\u00e7amento nacional da campanha Jovem Negro Vivo, que chama a aten\u00e7\u00e3o para o alto \u00edndice de homic\u00eddios contra jovens, especialmente os negros, no Brasil. <\/p>\n","protected":false},"author":1,"featured_media":0,"comment_status":"open","ping_status":"open","sticky":false,"template":"","format":"standard","meta":{"site-container-style":"default","site-container-layout":"default","site-sidebar-layout":"default","disable-article-header":"default","disable-site-header":"default","disable-site-footer":"default","disable-content-area-spacing":"default","footnotes":""},"categories":[3,11],"tags":[],"class_list":["post-27221","post","type-post","status-publish","format-standard","hentry","category-campanhas","category-direitos-humanos"],"yoast_head":"<!-- This site is optimized with the Yoast SEO plugin v27.4 - https:\/\/yoast.com\/product\/yoast-seo-wordpress\/ -->\n<title>Anistia Internacional lan\u00e7a campanha contra homic\u00eddios de jovens negros no pa\u00eds -<\/title>\n<meta name=\"robots\" content=\"index, follow, max-snippet:-1, max-image-preview:large, max-video-preview:-1\" \/>\n<link rel=\"canonical\" href=\"https:\/\/inclusivenews.com.br\/?p=27221\" \/>\n<meta property=\"og:locale\" content=\"pt_PT\" \/>\n<meta property=\"og:type\" content=\"article\" \/>\n<meta property=\"og:title\" content=\"Anistia Internacional lan\u00e7a campanha contra homic\u00eddios de jovens negros no pa\u00eds -\" \/>\n<meta property=\"og:description\" content=\"A Anistia Internacional Brasil promoveu no \u00faltimo dia 9, em evento gratuito no Parque do Flamengo, na zona sul do Rio, o lan\u00e7amento nacional da campanha Jovem Negro Vivo, que chama a aten\u00e7\u00e3o para o alto \u00edndice de homic\u00eddios contra jovens, especialmente os negros, no Brasil.\" \/>\n<meta property=\"og:url\" content=\"https:\/\/inclusivenews.com.br\/?p=27221\" \/>\n<meta property=\"article:publisher\" content=\"https:\/\/www.facebook.com\/agenciainclusive\/\" \/>\n<meta property=\"article:published_time\" content=\"2014-11-12T16:13:29+00:00\" \/>\n<meta property=\"og:image\" content=\"http:\/\/inclusivenews.com.br\/wp-content\/uploads\/2009\/11\/anistia.jpg\" \/>\n<meta name=\"author\" content=\"inclusivenews2024\" \/>\n<meta name=\"twitter:card\" content=\"summary_large_image\" \/>\n<meta name=\"twitter:label1\" content=\"Escrito por\" \/>\n\t<meta name=\"twitter:data1\" content=\"inclusivenews2024\" \/>\n\t<meta name=\"twitter:label2\" content=\"Tempo estimado de leitura\" \/>\n\t<meta name=\"twitter:data2\" content=\"2 minutos\" \/>\n<script type=\"application\/ld+json\" class=\"yoast-schema-graph\">{\"@context\":\"https:\\\/\\\/schema.org\",\"@graph\":[{\"@type\":\"Article\",\"@id\":\"https:\\\/\\\/inclusivenews.com.br\\\/?p=27221#article\",\"isPartOf\":{\"@id\":\"https:\\\/\\\/inclusivenews.com.br\\\/?p=27221\"},\"author\":{\"name\":\"inclusivenews2024\",\"@id\":\"https:\\\/\\\/inclusivenews.com.br\\\/#\\\/schema\\\/person\\\/ae4ec7087559b8692fb33b6fffd2273b\"},\"headline\":\"Anistia Internacional lan\u00e7a campanha contra homic\u00eddios de jovens negros no pa\u00eds\",\"datePublished\":\"2014-11-12T16:13:29+00:00\",\"mainEntityOfPage\":{\"@id\":\"https:\\\/\\\/inclusivenews.com.br\\\/?p=27221\"},\"wordCount\":407,\"commentCount\":0,\"publisher\":{\"@id\":\"https:\\\/\\\/inclusivenews.com.br\\\/#organization\"},\"image\":{\"@id\":\"https:\\\/\\\/inclusivenews.com.br\\\/?p=27221#primaryimage\"},\"thumbnailUrl\":\"http:\\\/\\\/inclusivenews.com.br\\\/wp-content\\\/uploads\\\/2009\\\/11\\\/anistia.jpg\",\"articleSection\":[\"CAMPANHAS\",\"DIREITOS HUMANOS\"],\"inLanguage\":\"pt-PT\",\"potentialAction\":[{\"@type\":\"CommentAction\",\"name\":\"Comment\",\"target\":[\"https:\\\/\\\/inclusivenews.com.br\\\/?p=27221#respond\"]}]},{\"@type\":\"WebPage\",\"@id\":\"https:\\\/\\\/inclusivenews.com.br\\\/?p=27221\",\"url\":\"https:\\\/\\\/inclusivenews.com.br\\\/?p=27221\",\"name\":\"Anistia Internacional lan\u00e7a campanha contra homic\u00eddios de jovens negros no pa\u00eds -\",\"isPartOf\":{\"@id\":\"https:\\\/\\\/inclusivenews.com.br\\\/#website\"},\"primaryImageOfPage\":{\"@id\":\"https:\\\/\\\/inclusivenews.com.br\\\/?p=27221#primaryimage\"},\"image\":{\"@id\":\"https:\\\/\\\/inclusivenews.com.br\\\/?p=27221#primaryimage\"},\"thumbnailUrl\":\"http:\\\/\\\/inclusivenews.com.br\\\/wp-content\\\/uploads\\\/2009\\\/11\\\/anistia.jpg\",\"datePublished\":\"2014-11-12T16:13:29+00:00\",\"breadcrumb\":{\"@id\":\"https:\\\/\\\/inclusivenews.com.br\\\/?p=27221#breadcrumb\"},\"inLanguage\":\"pt-PT\",\"potentialAction\":[{\"@type\":\"ReadAction\",\"target\":[\"https:\\\/\\\/inclusivenews.com.br\\\/?p=27221\"]}]},{\"@type\":\"ImageObject\",\"inLanguage\":\"pt-PT\",\"@id\":\"https:\\\/\\\/inclusivenews.com.br\\\/?p=27221#primaryimage\",\"url\":\"https:\\\/\\\/inclusivenews.com.br\\\/wp-content\\\/uploads\\\/2009\\\/11\\\/anistia.jpg\",\"contentUrl\":\"https:\\\/\\\/inclusivenews.com.br\\\/wp-content\\\/uploads\\\/2009\\\/11\\\/anistia.jpg\",\"width\":245,\"height\":95},{\"@type\":\"BreadcrumbList\",\"@id\":\"https:\\\/\\\/inclusivenews.com.br\\\/?p=27221#breadcrumb\",\"itemListElement\":[{\"@type\":\"ListItem\",\"position\":1,\"name\":\"In\u00edcio\",\"item\":\"https:\\\/\\\/inclusivenews.com.br\\\/\"},{\"@type\":\"ListItem\",\"position\":2,\"name\":\"Anistia Internacional lan\u00e7a campanha contra homic\u00eddios de jovens negros no pa\u00eds\"}]},{\"@type\":\"WebSite\",\"@id\":\"https:\\\/\\\/inclusivenews.com.br\\\/#website\",\"url\":\"https:\\\/\\\/inclusivenews.com.br\\\/\",\"name\":\"Inclusive News\",\"description\":\"Inclusive News\",\"publisher\":{\"@id\":\"https:\\\/\\\/inclusivenews.com.br\\\/#organization\"},\"potentialAction\":[{\"@type\":\"SearchAction\",\"target\":{\"@type\":\"EntryPoint\",\"urlTemplate\":\"https:\\\/\\\/inclusivenews.com.br\\\/?s={search_term_string}\"},\"query-input\":{\"@type\":\"PropertyValueSpecification\",\"valueRequired\":true,\"valueName\":\"search_term_string\"}}],\"inLanguage\":\"pt-PT\"},{\"@type\":\"Organization\",\"@id\":\"https:\\\/\\\/inclusivenews.com.br\\\/#organization\",\"name\":\"Inclusive - inclus\u00e3o e cidadania\",\"url\":\"https:\\\/\\\/inclusivenews.com.br\\\/\",\"logo\":{\"@type\":\"ImageObject\",\"inLanguage\":\"pt-PT\",\"@id\":\"https:\\\/\\\/inclusivenews.com.br\\\/#\\\/schema\\\/logo\\\/image\\\/\",\"url\":\"https:\\\/\\\/inclusivenews.com.br\\\/wp-content\\\/uploads\\\/2024\\\/03\\\/@grandesite.png\",\"contentUrl\":\"https:\\\/\\\/inclusivenews.com.br\\\/wp-content\\\/uploads\\\/2024\\\/03\\\/@grandesite.png\",\"width\":1080,\"height\":1080,\"caption\":\"Inclusive - inclus\u00e3o e cidadania\"},\"image\":{\"@id\":\"https:\\\/\\\/inclusivenews.com.br\\\/#\\\/schema\\\/logo\\\/image\\\/\"},\"sameAs\":[\"https:\\\/\\\/www.facebook.com\\\/agenciainclusive\\\/\",\"https:\\\/\\\/www.instagram.com\\\/newsinclusive\\\/\"]},{\"@type\":\"Person\",\"@id\":\"https:\\\/\\\/inclusivenews.com.br\\\/#\\\/schema\\\/person\\\/ae4ec7087559b8692fb33b6fffd2273b\",\"name\":\"inclusivenews2024\",\"image\":{\"@type\":\"ImageObject\",\"inLanguage\":\"pt-PT\",\"@id\":\"https:\\\/\\\/secure.gravatar.com\\\/avatar\\\/c5a7ef84c66fa914f55bc4f7ce26cfa275a3b9a1c5568b907bd184fb4dde7b40?s=96&d=mm&r=g\",\"url\":\"https:\\\/\\\/secure.gravatar.com\\\/avatar\\\/c5a7ef84c66fa914f55bc4f7ce26cfa275a3b9a1c5568b907bd184fb4dde7b40?s=96&d=mm&r=g\",\"contentUrl\":\"https:\\\/\\\/secure.gravatar.com\\\/avatar\\\/c5a7ef84c66fa914f55bc4f7ce26cfa275a3b9a1c5568b907bd184fb4dde7b40?s=96&d=mm&r=g\",\"caption\":\"inclusivenews2024\"},\"sameAs\":[\"https:\\\/\\\/inclusivenews.com.br\"],\"url\":\"https:\\\/\\\/inclusivenews.com.br\\\/?author=1\"}]}<\/script>\n<!-- \/ Yoast SEO plugin. -->","yoast_head_json":{"title":"Anistia Internacional lan\u00e7a campanha contra homic\u00eddios de jovens negros no pa\u00eds -","robots":{"index":"index","follow":"follow","max-snippet":"max-snippet:-1","max-image-preview":"max-image-preview:large","max-video-preview":"max-video-preview:-1"},"canonical":"https:\/\/inclusivenews.com.br\/?p=27221","og_locale":"pt_PT","og_type":"article","og_title":"Anistia Internacional lan\u00e7a campanha contra homic\u00eddios de jovens negros no pa\u00eds -","og_description":"A Anistia Internacional Brasil promoveu no \u00faltimo dia 9, em evento gratuito no Parque do Flamengo, na zona sul do Rio, o lan\u00e7amento nacional da campanha Jovem Negro Vivo, que chama a aten\u00e7\u00e3o para o alto \u00edndice de homic\u00eddios contra jovens, especialmente os negros, no Brasil.","og_url":"https:\/\/inclusivenews.com.br\/?p=27221","article_publisher":"https:\/\/www.facebook.com\/agenciainclusive\/","article_published_time":"2014-11-12T16:13:29+00:00","og_image":[{"url":"http:\/\/inclusivenews.com.br\/wp-content\/uploads\/2009\/11\/anistia.jpg","type":"","width":"","height":""}],"author":"inclusivenews2024","twitter_card":"summary_large_image","twitter_misc":{"Escrito por":"inclusivenews2024","Tempo estimado de leitura":"2 minutos"},"schema":{"@context":"https:\/\/schema.org","@graph":[{"@type":"Article","@id":"https:\/\/inclusivenews.com.br\/?p=27221#article","isPartOf":{"@id":"https:\/\/inclusivenews.com.br\/?p=27221"},"author":{"name":"inclusivenews2024","@id":"https:\/\/inclusivenews.com.br\/#\/schema\/person\/ae4ec7087559b8692fb33b6fffd2273b"},"headline":"Anistia Internacional lan\u00e7a campanha contra homic\u00eddios de jovens negros no pa\u00eds","datePublished":"2014-11-12T16:13:29+00:00","mainEntityOfPage":{"@id":"https:\/\/inclusivenews.com.br\/?p=27221"},"wordCount":407,"commentCount":0,"publisher":{"@id":"https:\/\/inclusivenews.com.br\/#organization"},"image":{"@id":"https:\/\/inclusivenews.com.br\/?p=27221#primaryimage"},"thumbnailUrl":"http:\/\/inclusivenews.com.br\/wp-content\/uploads\/2009\/11\/anistia.jpg","articleSection":["CAMPANHAS","DIREITOS HUMANOS"],"inLanguage":"pt-PT","potentialAction":[{"@type":"CommentAction","name":"Comment","target":["https:\/\/inclusivenews.com.br\/?p=27221#respond"]}]},{"@type":"WebPage","@id":"https:\/\/inclusivenews.com.br\/?p=27221","url":"https:\/\/inclusivenews.com.br\/?p=27221","name":"Anistia Internacional lan\u00e7a campanha contra homic\u00eddios de jovens negros no pa\u00eds -","isPartOf":{"@id":"https:\/\/inclusivenews.com.br\/#website"},"primaryImageOfPage":{"@id":"https:\/\/inclusivenews.com.br\/?p=27221#primaryimage"},"image":{"@id":"https:\/\/inclusivenews.com.br\/?p=27221#primaryimage"},"thumbnailUrl":"http:\/\/inclusivenews.com.br\/wp-content\/uploads\/2009\/11\/anistia.jpg","datePublished":"2014-11-12T16:13:29+00:00","breadcrumb":{"@id":"https:\/\/inclusivenews.com.br\/?p=27221#breadcrumb"},"inLanguage":"pt-PT","potentialAction":[{"@type":"ReadAction","target":["https:\/\/inclusivenews.com.br\/?p=27221"]}]},{"@type":"ImageObject","inLanguage":"pt-PT","@id":"https:\/\/inclusivenews.com.br\/?p=27221#primaryimage","url":"https:\/\/inclusivenews.com.br\/wp-content\/uploads\/2009\/11\/anistia.jpg","contentUrl":"https:\/\/inclusivenews.com.br\/wp-content\/uploads\/2009\/11\/anistia.jpg","width":245,"height":95},{"@type":"BreadcrumbList","@id":"https:\/\/inclusivenews.com.br\/?p=27221#breadcrumb","itemListElement":[{"@type":"ListItem","position":1,"name":"In\u00edcio","item":"https:\/\/inclusivenews.com.br\/"},{"@type":"ListItem","position":2,"name":"Anistia Internacional lan\u00e7a campanha contra homic\u00eddios de jovens negros no pa\u00eds"}]},{"@type":"WebSite","@id":"https:\/\/inclusivenews.com.br\/#website","url":"https:\/\/inclusivenews.com.br\/","name":"Inclusive News","description":"Inclusive News","publisher":{"@id":"https:\/\/inclusivenews.com.br\/#organization"},"potentialAction":[{"@type":"SearchAction","target":{"@type":"EntryPoint","urlTemplate":"https:\/\/inclusivenews.com.br\/?s={search_term_string}"},"query-input":{"@type":"PropertyValueSpecification","valueRequired":true,"valueName":"search_term_string"}}],"inLanguage":"pt-PT"},{"@type":"Organization","@id":"https:\/\/inclusivenews.com.br\/#organization","name":"Inclusive - inclus\u00e3o e cidadania","url":"https:\/\/inclusivenews.com.br\/","logo":{"@type":"ImageObject","inLanguage":"pt-PT","@id":"https:\/\/inclusivenews.com.br\/#\/schema\/logo\/image\/","url":"https:\/\/inclusivenews.com.br\/wp-content\/uploads\/2024\/03\/@grandesite.png","contentUrl":"https:\/\/inclusivenews.com.br\/wp-content\/uploads\/2024\/03\/@grandesite.png","width":1080,"height":1080,"caption":"Inclusive - inclus\u00e3o e cidadania"},"image":{"@id":"https:\/\/inclusivenews.com.br\/#\/schema\/logo\/image\/"},"sameAs":["https:\/\/www.facebook.com\/agenciainclusive\/","https:\/\/www.instagram.com\/newsinclusive\/"]},{"@type":"Person","@id":"https:\/\/inclusivenews.com.br\/#\/schema\/person\/ae4ec7087559b8692fb33b6fffd2273b","name":"inclusivenews2024","image":{"@type":"ImageObject","inLanguage":"pt-PT","@id":"https:\/\/secure.gravatar.com\/avatar\/c5a7ef84c66fa914f55bc4f7ce26cfa275a3b9a1c5568b907bd184fb4dde7b40?s=96&d=mm&r=g","url":"https:\/\/secure.gravatar.com\/avatar\/c5a7ef84c66fa914f55bc4f7ce26cfa275a3b9a1c5568b907bd184fb4dde7b40?s=96&d=mm&r=g","contentUrl":"https:\/\/secure.gravatar.com\/avatar\/c5a7ef84c66fa914f55bc4f7ce26cfa275a3b9a1c5568b907bd184fb4dde7b40?s=96&d=mm&r=g","caption":"inclusivenews2024"},"sameAs":["https:\/\/inclusivenews.com.br"],"url":"https:\/\/inclusivenews.com.br\/?author=1"}]}},"_links":{"self":[{"href":"https:\/\/inclusivenews.com.br\/index.php?rest_route=\/wp\/v2\/posts\/27221","targetHints":{"allow":["GET"]}}],"collection":[{"href":"https:\/\/inclusivenews.com.br\/index.php?rest_route=\/wp\/v2\/posts"}],"about":[{"href":"https:\/\/inclusivenews.com.br\/index.php?rest_route=\/wp\/v2\/types\/post"}],"author":[{"embeddable":true,"href":"https:\/\/inclusivenews.com.br\/index.php?rest_route=\/wp\/v2\/users\/1"}],"replies":[{"embeddable":true,"href":"https:\/\/inclusivenews.com.br\/index.php?rest_route=%2Fwp%2Fv2%2Fcomments&post=27221"}],"version-history":[{"count":0,"href":"https:\/\/inclusivenews.com.br\/index.php?rest_route=\/wp\/v2\/posts\/27221\/revisions"}],"wp:attachment":[{"href":"https:\/\/inclusivenews.com.br\/index.php?rest_route=%2Fwp%2Fv2%2Fmedia&parent=27221"}],"wp:term":[{"taxonomy":"category","embeddable":true,"href":"https:\/\/inclusivenews.com.br\/index.php?rest_route=%2Fwp%2Fv2%2Fcategories&post=27221"},{"taxonomy":"post_tag","embeddable":true,"href":"https:\/\/inclusivenews.com.br\/index.php?rest_route=%2Fwp%2Fv2%2Ftags&post=27221"}],"curies":[{"name":"wp","href":"https:\/\/api.w.org\/{rel}","templated":true}]}}