{"id":27253,"date":"2014-12-03T13:20:02","date_gmt":"2014-12-03T16:20:02","guid":{"rendered":"http:\/\/www.inclusive.org.br\/?p=27253"},"modified":"2014-12-03T13:20:02","modified_gmt":"2014-12-03T16:20:02","slug":"nos-as-mulheres-e-meninas-com-deficiencia-queremos","status":"publish","type":"post","link":"https:\/\/inclusivenews.com.br\/?p=27253","title":{"rendered":"N\u00f3s, as mulheres e meninas com defici\u00eancia, queremos &#8230;!"},"content":{"rendered":"<figure id=\"attachment_19736\" aria-describedby=\"caption-attachment-19736\" style=\"width: 165px\" class=\"wp-caption alignnone\"><img loading=\"lazy\" decoding=\"async\" class=\"size-full wp-image-19736\" alt=\"Em sala de aula, sentados as carteiras alunos levantam a m\u00e3o - na primeira carteira um menino com s\u00edndrome de Down, na segunda uma menina cadeirante, na terceira uma menina sem difici\u00eancia.\" src=\"http:\/\/inclusivenews.com.br\/wp-content\/uploads\/PE-271-0111.jpg\" width=\"165\" height=\"253\" \/><figcaption id=\"caption-attachment-19736\" class=\"wp-caption-text\">Em sala de aula, sentados as carteiras alunos levantam a m\u00e3o &#8211; na primeira carteira um menino com s\u00edndrome de Down, na segunda uma menina cadeirante, na terceira uma menina sem difici\u00eancia.<\/figcaption><\/figure>\n<p>3 de Dezembro, 2014 &#8211; Dia Internacional das Pessoas com Defici\u00eancia:<\/p>\n<p>N\u00f3s, as mulheres e meninas com defici\u00eancia, queremos &#8230;!<\/p>\n<p>Para marcar o Dia Internacional das Pessoas com Defici\u00eancia, a IDA, (International Disability Alliance), organiza\u00e7\u00e3o que congrega federa\u00e7\u00f5es mundiais de pessoas com defici\u00eancia,\u00a0lan\u00e7ou uma campanha no Twitter pedindo \u00e0s mulheres e meninas com defici\u00eancia em todo o mundo para expressar suas reivindica\u00e7\u00f5es\u00a0\u00e0 comunidade internacional &#8211; #WeWwdWant<\/p>\n<p>H\u00e1 muito o que comemorar no Dia Internacional das Pessoas com Defici\u00eancia deste ano. A Conven\u00e7\u00e3o sobre os Direitos das Pessoas com Defici\u00eancia da Organiza\u00e7\u00e3o das Na\u00e7\u00f5es Unidas (CDPD)\u00a0vem colecionando ratifica\u00e7\u00f5es tornando-se\u00a0 um dos instrumentos de direitos humanos mais rapidamente aceito, contando hoje com 151 Estados Partes. Os direitos das pessoas com defici\u00eancia s\u00e3o cada vez mais vis\u00edveis na agenda da comunidade internacional com a cria\u00e7\u00e3o do posto de\u00a0Relator Especial sobre os Direitos das Pessoas com Defici\u00eancia pelo Conselho de Direitos Humanos das Na\u00e7\u00f5es Unidas, cujo mandato come\u00e7ou oficialmente em\u00a01\u00a0de dezembro, sem mencionar o Enviado Especial sobre Defici\u00eancia e Acessibilidade do Secret\u00e1rio-Geral das Na\u00e7\u00f5es Unidas, que completa um ano de\u00a0trabalho em breve.<\/p>\n<p>Ao comemorar essas conquistas, a IDA convoca a todos para a garanta dos direitos das mulheres e meninas com defici\u00eancia, que ainda s\u00e3oesquecidas nas \u00e1reas de direitos das mulheres e dos direitos das pessoas com defici\u00eancia.<\/p>\n<p>Mulheres com defici\u00eancia representam tr\u00eas quartos de todas as pessoas com defici\u00eancia de baixa e m\u00e9dia renda, das quais a maioria vive em \u00e1reas rurais de pa\u00edses em desenvolvimento, e\u00a0enfrentam discrimina\u00e7\u00e3o m\u00faltipla e inter-seccional por causa de seu g\u00eanero, defici\u00eancia e outras facetas de sua identidade como idade, orienta\u00e7\u00e3o sexual, classe socioecon\u00f4mica, grupo \u00e9tnico ou racial ou religi\u00e3o, entre outros. Como resultado, as mulheres e meninas com defici\u00eancia t\u00eam taxas de alfabetiza\u00e7\u00e3o e n\u00edveis de escolaridade mais baixos, que\u00a0reduzem as oportunidades de emprego em rela\u00e7\u00e3o aos homens e rapazes com defici\u00eancia e mulheres e meninas sem defici\u00eancia. Al\u00e9m disso, elas enfrentam\u00a0 maior risco de viol\u00eancia, abuso sexual, neglig\u00eancia, ass\u00e9dio e\u00a0 interna\u00e7\u00e3o for\u00e7ada em casa, nas institui\u00e7\u00f5es e na comunidade, que configuram situa\u00e7\u00f5es de conflito, de risco ou de emerg\u00eancia. Al\u00e9m disso, devido \u00e0 falta de\u00a0estat\u00edsticas sobre esta situa\u00e7\u00e3o\u00a0e a falta de consulta adequada, as medidas tomadas para enfrentar estas quest\u00f5es n\u00e3o correspondem \u00e0s experi\u00eancias reais de mulheres e meninas com defici\u00eancia.<\/p>\n<p>Em um esfor\u00e7o para incentivar maior aten\u00e7\u00e3o \u00e0s mulheres e meninas com defici\u00eancia na agenda internacional, a IDA est\u00e1 come\u00e7ando uma campanha no Twitter chamando as mulheres e meninas com defici\u00eancia e seus aliados ao redor do mundo para enviar suas mensagens e\u00a0 demandas de suas reivindica\u00e7\u00f5es\u00a0\u00e0 comunidade internacional. Agora \u00e9 a hora de comunicar essas mensagens \u00e0 beira de eventos internacionais que ter\u00e3o um impacto significativo sobre os direitos das mulheres e das crian\u00e7as com defici\u00eancia, incluindo Beijing + 20, a Confer\u00eancia Mundial sobre Redu\u00e7\u00e3o de Risco de Desastres, a ado\u00e7\u00e3o da Agenda de Desenvolvimento p\u00f3s-2015, os processos relacionados com a Conven\u00e7\u00e3o das Na\u00e7\u00f5es Unidas sobre Altera\u00e7\u00f5es Clim\u00e1ticas, a C\u00fapula Humanit\u00e1ria Global, entre outros.<\/p>\n<p>&#8220;N\u00f3s, as mulheres com defici\u00eancia, queremos que a agenda global seja inclusiva &#8211; que reflita os nossos direitos, nosso desenvolvimento e nossa participa\u00e7\u00e3o&#8221;, disse Maryanne Diamond, presidente do IDA. &#8220;Eu quero ouvir de voc\u00ea a sua demanda para a comunidade internacional, para que eu possa transmitir diretamente suas mensagens e garantir que suas experi\u00eancias de vida ser\u00e3o expressas em cada f\u00f3rum e\u00a0 que estejamos envolvidas na tomada de decis\u00f5es em todos os n\u00edveis.&#8221;<br \/>\nEnvie um tweet para Maryanne para #WeWwdWant<\/p>\n<p>International Disability Alliance (IDA) Member Organisations:<br \/>\nArab Organization of Disabled People, Down Syndrome International,European Disability Forum, Inclusion International,<br \/>\nInternational Federation of Hard of Hearing People,<br \/>\nLatin American Network of Non-Governmental Organizations of Persons with Disabilities and their Families, Pacific Disability Forum,<br \/>\nWorld Blind Union, World Federation of the Deaf,<br \/>\nWorld Federation of the DeafBlind, World Network of Users and Survivors of PsychiatryI<\/p>\n<p>&nbsp;<\/p>\n","protected":false},"excerpt":{"rendered":"<p>Campanha no Twitter no Dia Internacional das Pessoas com Defici\u00eancia pede \u00e0s mulheres e meninas com defici\u00eancia em todo o mundo para expressar suas reivindica\u00e7\u00f5es \u00e0 comunidade internacional &#8211; #WeWwdWant<\/p>\n","protected":false},"author":1,"featured_media":0,"comment_status":"open","ping_status":"open","sticky":false,"template":"","format":"standard","meta":{"site-container-style":"default","site-container-layout":"default","site-sidebar-layout":"default","disable-article-header":"default","disable-site-header":"default","disable-site-footer":"default","disable-content-area-spacing":"default","footnotes":""},"categories":[44,3,5,38,11,39,48,49,41],"tags":[],"class_list":["post-27253","post","type-post","status-publish","format-standard","hentry","category-acessibilidade","category-campanhas","category-convencao","category-deficiencia","category-direitos-humanos","category-discriminacao","category-inclusao","category-politicas-publicas","category-preconceito"],"yoast_head":"<!-- This site is optimized with the Yoast SEO plugin v27.4 - https:\/\/yoast.com\/product\/yoast-seo-wordpress\/ -->\n<title>N\u00f3s, as mulheres e meninas com defici\u00eancia, queremos ...! -<\/title>\n<meta name=\"robots\" content=\"index, follow, max-snippet:-1, max-image-preview:large, max-video-preview:-1\" \/>\n<link rel=\"canonical\" href=\"https:\/\/inclusivenews.com.br\/?p=27253\" \/>\n<meta property=\"og:locale\" content=\"pt_PT\" \/>\n<meta property=\"og:type\" content=\"article\" \/>\n<meta property=\"og:title\" content=\"N\u00f3s, as mulheres e meninas com defici\u00eancia, queremos ...! -\" \/>\n<meta property=\"og:description\" content=\"Campanha no Twitter no Dia Internacional das Pessoas com Defici\u00eancia pede \u00e0s mulheres e meninas com defici\u00eancia em todo o mundo para expressar suas reivindica\u00e7\u00f5es \u00e0 comunidade internacional - #WeWwdWant\" \/>\n<meta property=\"og:url\" content=\"https:\/\/inclusivenews.com.br\/?p=27253\" \/>\n<meta property=\"article:publisher\" content=\"https:\/\/www.facebook.com\/agenciainclusive\/\" \/>\n<meta property=\"article:published_time\" content=\"2014-12-03T16:20:02+00:00\" \/>\n<meta property=\"og:image\" content=\"http:\/\/inclusivenews.com.br\/wp-content\/uploads\/PE-271-0111.jpg\" \/>\n<meta name=\"author\" content=\"inclusivenews2024\" \/>\n<meta name=\"twitter:card\" content=\"summary_large_image\" \/>\n<meta name=\"twitter:label1\" content=\"Escrito por\" \/>\n\t<meta name=\"twitter:data1\" content=\"inclusivenews2024\" \/>\n\t<meta name=\"twitter:label2\" content=\"Tempo estimado de leitura\" \/>\n\t<meta name=\"twitter:data2\" content=\"4 minutos\" \/>\n<script type=\"application\/ld+json\" class=\"yoast-schema-graph\">{\"@context\":\"https:\\\/\\\/schema.org\",\"@graph\":[{\"@type\":\"Article\",\"@id\":\"https:\\\/\\\/inclusivenews.com.br\\\/?p=27253#article\",\"isPartOf\":{\"@id\":\"https:\\\/\\\/inclusivenews.com.br\\\/?p=27253\"},\"author\":{\"name\":\"inclusivenews2024\",\"@id\":\"https:\\\/\\\/inclusivenews.com.br\\\/#\\\/schema\\\/person\\\/ae4ec7087559b8692fb33b6fffd2273b\"},\"headline\":\"N\u00f3s, as mulheres e meninas com defici\u00eancia, queremos &#8230;!\",\"datePublished\":\"2014-12-03T16:20:02+00:00\",\"mainEntityOfPage\":{\"@id\":\"https:\\\/\\\/inclusivenews.com.br\\\/?p=27253\"},\"wordCount\":777,\"commentCount\":0,\"publisher\":{\"@id\":\"https:\\\/\\\/inclusivenews.com.br\\\/#organization\"},\"image\":{\"@id\":\"https:\\\/\\\/inclusivenews.com.br\\\/?p=27253#primaryimage\"},\"thumbnailUrl\":\"http:\\\/\\\/inclusivenews.com.br\\\/wp-content\\\/uploads\\\/PE-271-0111.jpg\",\"articleSection\":[\"ACESSIBILIDADE\",\"CAMPANHAS\",\"Conven\u00e7\u00e3o\",\"Defici\u00eancia\",\"DIREITOS HUMANOS\",\"Discrimina\u00e7\u00e3o\",\"INCLUS\u00c3O SOCIAL\",\"Pol\u00edticas p\u00fablicas\",\"Preconceito\"],\"inLanguage\":\"pt-PT\",\"potentialAction\":[{\"@type\":\"CommentAction\",\"name\":\"Comment\",\"target\":[\"https:\\\/\\\/inclusivenews.com.br\\\/?p=27253#respond\"]}]},{\"@type\":\"WebPage\",\"@id\":\"https:\\\/\\\/inclusivenews.com.br\\\/?p=27253\",\"url\":\"https:\\\/\\\/inclusivenews.com.br\\\/?p=27253\",\"name\":\"N\u00f3s, as mulheres e meninas com defici\u00eancia, queremos ...! -\",\"isPartOf\":{\"@id\":\"https:\\\/\\\/inclusivenews.com.br\\\/#website\"},\"primaryImageOfPage\":{\"@id\":\"https:\\\/\\\/inclusivenews.com.br\\\/?p=27253#primaryimage\"},\"image\":{\"@id\":\"https:\\\/\\\/inclusivenews.com.br\\\/?p=27253#primaryimage\"},\"thumbnailUrl\":\"http:\\\/\\\/inclusivenews.com.br\\\/wp-content\\\/uploads\\\/PE-271-0111.jpg\",\"datePublished\":\"2014-12-03T16:20:02+00:00\",\"breadcrumb\":{\"@id\":\"https:\\\/\\\/inclusivenews.com.br\\\/?p=27253#breadcrumb\"},\"inLanguage\":\"pt-PT\",\"potentialAction\":[{\"@type\":\"ReadAction\",\"target\":[\"https:\\\/\\\/inclusivenews.com.br\\\/?p=27253\"]}]},{\"@type\":\"ImageObject\",\"inLanguage\":\"pt-PT\",\"@id\":\"https:\\\/\\\/inclusivenews.com.br\\\/?p=27253#primaryimage\",\"url\":\"\",\"contentUrl\":\"\"},{\"@type\":\"BreadcrumbList\",\"@id\":\"https:\\\/\\\/inclusivenews.com.br\\\/?p=27253#breadcrumb\",\"itemListElement\":[{\"@type\":\"ListItem\",\"position\":1,\"name\":\"In\u00edcio\",\"item\":\"https:\\\/\\\/inclusivenews.com.br\\\/\"},{\"@type\":\"ListItem\",\"position\":2,\"name\":\"N\u00f3s, as mulheres e meninas com defici\u00eancia, queremos &#8230;!\"}]},{\"@type\":\"WebSite\",\"@id\":\"https:\\\/\\\/inclusivenews.com.br\\\/#website\",\"url\":\"https:\\\/\\\/inclusivenews.com.br\\\/\",\"name\":\"Inclusive News\",\"description\":\"Inclusive News\",\"publisher\":{\"@id\":\"https:\\\/\\\/inclusivenews.com.br\\\/#organization\"},\"potentialAction\":[{\"@type\":\"SearchAction\",\"target\":{\"@type\":\"EntryPoint\",\"urlTemplate\":\"https:\\\/\\\/inclusivenews.com.br\\\/?s={search_term_string}\"},\"query-input\":{\"@type\":\"PropertyValueSpecification\",\"valueRequired\":true,\"valueName\":\"search_term_string\"}}],\"inLanguage\":\"pt-PT\"},{\"@type\":\"Organization\",\"@id\":\"https:\\\/\\\/inclusivenews.com.br\\\/#organization\",\"name\":\"Inclusive - inclus\u00e3o e cidadania\",\"url\":\"https:\\\/\\\/inclusivenews.com.br\\\/\",\"logo\":{\"@type\":\"ImageObject\",\"inLanguage\":\"pt-PT\",\"@id\":\"https:\\\/\\\/inclusivenews.com.br\\\/#\\\/schema\\\/logo\\\/image\\\/\",\"url\":\"https:\\\/\\\/inclusivenews.com.br\\\/wp-content\\\/uploads\\\/2024\\\/03\\\/@grandesite.png\",\"contentUrl\":\"https:\\\/\\\/inclusivenews.com.br\\\/wp-content\\\/uploads\\\/2024\\\/03\\\/@grandesite.png\",\"width\":1080,\"height\":1080,\"caption\":\"Inclusive - inclus\u00e3o e cidadania\"},\"image\":{\"@id\":\"https:\\\/\\\/inclusivenews.com.br\\\/#\\\/schema\\\/logo\\\/image\\\/\"},\"sameAs\":[\"https:\\\/\\\/www.facebook.com\\\/agenciainclusive\\\/\",\"https:\\\/\\\/www.instagram.com\\\/newsinclusive\\\/\"]},{\"@type\":\"Person\",\"@id\":\"https:\\\/\\\/inclusivenews.com.br\\\/#\\\/schema\\\/person\\\/ae4ec7087559b8692fb33b6fffd2273b\",\"name\":\"inclusivenews2024\",\"image\":{\"@type\":\"ImageObject\",\"inLanguage\":\"pt-PT\",\"@id\":\"https:\\\/\\\/secure.gravatar.com\\\/avatar\\\/c5a7ef84c66fa914f55bc4f7ce26cfa275a3b9a1c5568b907bd184fb4dde7b40?s=96&d=mm&r=g\",\"url\":\"https:\\\/\\\/secure.gravatar.com\\\/avatar\\\/c5a7ef84c66fa914f55bc4f7ce26cfa275a3b9a1c5568b907bd184fb4dde7b40?s=96&d=mm&r=g\",\"contentUrl\":\"https:\\\/\\\/secure.gravatar.com\\\/avatar\\\/c5a7ef84c66fa914f55bc4f7ce26cfa275a3b9a1c5568b907bd184fb4dde7b40?s=96&d=mm&r=g\",\"caption\":\"inclusivenews2024\"},\"sameAs\":[\"https:\\\/\\\/inclusivenews.com.br\"],\"url\":\"https:\\\/\\\/inclusivenews.com.br\\\/?author=1\"}]}<\/script>\n<!-- \/ Yoast SEO plugin. -->","yoast_head_json":{"title":"N\u00f3s, as mulheres e meninas com defici\u00eancia, queremos ...! -","robots":{"index":"index","follow":"follow","max-snippet":"max-snippet:-1","max-image-preview":"max-image-preview:large","max-video-preview":"max-video-preview:-1"},"canonical":"https:\/\/inclusivenews.com.br\/?p=27253","og_locale":"pt_PT","og_type":"article","og_title":"N\u00f3s, as mulheres e meninas com defici\u00eancia, queremos ...! -","og_description":"Campanha no Twitter no Dia Internacional das Pessoas com Defici\u00eancia pede \u00e0s mulheres e meninas com defici\u00eancia em todo o mundo para expressar suas reivindica\u00e7\u00f5es \u00e0 comunidade internacional - #WeWwdWant","og_url":"https:\/\/inclusivenews.com.br\/?p=27253","article_publisher":"https:\/\/www.facebook.com\/agenciainclusive\/","article_published_time":"2014-12-03T16:20:02+00:00","og_image":[{"url":"http:\/\/inclusivenews.com.br\/wp-content\/uploads\/PE-271-0111.jpg","type":"","width":"","height":""}],"author":"inclusivenews2024","twitter_card":"summary_large_image","twitter_misc":{"Escrito por":"inclusivenews2024","Tempo estimado de leitura":"4 minutos"},"schema":{"@context":"https:\/\/schema.org","@graph":[{"@type":"Article","@id":"https:\/\/inclusivenews.com.br\/?p=27253#article","isPartOf":{"@id":"https:\/\/inclusivenews.com.br\/?p=27253"},"author":{"name":"inclusivenews2024","@id":"https:\/\/inclusivenews.com.br\/#\/schema\/person\/ae4ec7087559b8692fb33b6fffd2273b"},"headline":"N\u00f3s, as mulheres e meninas com defici\u00eancia, queremos &#8230;!","datePublished":"2014-12-03T16:20:02+00:00","mainEntityOfPage":{"@id":"https:\/\/inclusivenews.com.br\/?p=27253"},"wordCount":777,"commentCount":0,"publisher":{"@id":"https:\/\/inclusivenews.com.br\/#organization"},"image":{"@id":"https:\/\/inclusivenews.com.br\/?p=27253#primaryimage"},"thumbnailUrl":"http:\/\/inclusivenews.com.br\/wp-content\/uploads\/PE-271-0111.jpg","articleSection":["ACESSIBILIDADE","CAMPANHAS","Conven\u00e7\u00e3o","Defici\u00eancia","DIREITOS HUMANOS","Discrimina\u00e7\u00e3o","INCLUS\u00c3O SOCIAL","Pol\u00edticas p\u00fablicas","Preconceito"],"inLanguage":"pt-PT","potentialAction":[{"@type":"CommentAction","name":"Comment","target":["https:\/\/inclusivenews.com.br\/?p=27253#respond"]}]},{"@type":"WebPage","@id":"https:\/\/inclusivenews.com.br\/?p=27253","url":"https:\/\/inclusivenews.com.br\/?p=27253","name":"N\u00f3s, as mulheres e meninas com defici\u00eancia, queremos ...! -","isPartOf":{"@id":"https:\/\/inclusivenews.com.br\/#website"},"primaryImageOfPage":{"@id":"https:\/\/inclusivenews.com.br\/?p=27253#primaryimage"},"image":{"@id":"https:\/\/inclusivenews.com.br\/?p=27253#primaryimage"},"thumbnailUrl":"http:\/\/inclusivenews.com.br\/wp-content\/uploads\/PE-271-0111.jpg","datePublished":"2014-12-03T16:20:02+00:00","breadcrumb":{"@id":"https:\/\/inclusivenews.com.br\/?p=27253#breadcrumb"},"inLanguage":"pt-PT","potentialAction":[{"@type":"ReadAction","target":["https:\/\/inclusivenews.com.br\/?p=27253"]}]},{"@type":"ImageObject","inLanguage":"pt-PT","@id":"https:\/\/inclusivenews.com.br\/?p=27253#primaryimage","url":"","contentUrl":""},{"@type":"BreadcrumbList","@id":"https:\/\/inclusivenews.com.br\/?p=27253#breadcrumb","itemListElement":[{"@type":"ListItem","position":1,"name":"In\u00edcio","item":"https:\/\/inclusivenews.com.br\/"},{"@type":"ListItem","position":2,"name":"N\u00f3s, as mulheres e meninas com defici\u00eancia, queremos &#8230;!"}]},{"@type":"WebSite","@id":"https:\/\/inclusivenews.com.br\/#website","url":"https:\/\/inclusivenews.com.br\/","name":"Inclusive News","description":"Inclusive News","publisher":{"@id":"https:\/\/inclusivenews.com.br\/#organization"},"potentialAction":[{"@type":"SearchAction","target":{"@type":"EntryPoint","urlTemplate":"https:\/\/inclusivenews.com.br\/?s={search_term_string}"},"query-input":{"@type":"PropertyValueSpecification","valueRequired":true,"valueName":"search_term_string"}}],"inLanguage":"pt-PT"},{"@type":"Organization","@id":"https:\/\/inclusivenews.com.br\/#organization","name":"Inclusive - inclus\u00e3o e cidadania","url":"https:\/\/inclusivenews.com.br\/","logo":{"@type":"ImageObject","inLanguage":"pt-PT","@id":"https:\/\/inclusivenews.com.br\/#\/schema\/logo\/image\/","url":"https:\/\/inclusivenews.com.br\/wp-content\/uploads\/2024\/03\/@grandesite.png","contentUrl":"https:\/\/inclusivenews.com.br\/wp-content\/uploads\/2024\/03\/@grandesite.png","width":1080,"height":1080,"caption":"Inclusive - inclus\u00e3o e cidadania"},"image":{"@id":"https:\/\/inclusivenews.com.br\/#\/schema\/logo\/image\/"},"sameAs":["https:\/\/www.facebook.com\/agenciainclusive\/","https:\/\/www.instagram.com\/newsinclusive\/"]},{"@type":"Person","@id":"https:\/\/inclusivenews.com.br\/#\/schema\/person\/ae4ec7087559b8692fb33b6fffd2273b","name":"inclusivenews2024","image":{"@type":"ImageObject","inLanguage":"pt-PT","@id":"https:\/\/secure.gravatar.com\/avatar\/c5a7ef84c66fa914f55bc4f7ce26cfa275a3b9a1c5568b907bd184fb4dde7b40?s=96&d=mm&r=g","url":"https:\/\/secure.gravatar.com\/avatar\/c5a7ef84c66fa914f55bc4f7ce26cfa275a3b9a1c5568b907bd184fb4dde7b40?s=96&d=mm&r=g","contentUrl":"https:\/\/secure.gravatar.com\/avatar\/c5a7ef84c66fa914f55bc4f7ce26cfa275a3b9a1c5568b907bd184fb4dde7b40?s=96&d=mm&r=g","caption":"inclusivenews2024"},"sameAs":["https:\/\/inclusivenews.com.br"],"url":"https:\/\/inclusivenews.com.br\/?author=1"}]}},"_links":{"self":[{"href":"https:\/\/inclusivenews.com.br\/index.php?rest_route=\/wp\/v2\/posts\/27253","targetHints":{"allow":["GET"]}}],"collection":[{"href":"https:\/\/inclusivenews.com.br\/index.php?rest_route=\/wp\/v2\/posts"}],"about":[{"href":"https:\/\/inclusivenews.com.br\/index.php?rest_route=\/wp\/v2\/types\/post"}],"author":[{"embeddable":true,"href":"https:\/\/inclusivenews.com.br\/index.php?rest_route=\/wp\/v2\/users\/1"}],"replies":[{"embeddable":true,"href":"https:\/\/inclusivenews.com.br\/index.php?rest_route=%2Fwp%2Fv2%2Fcomments&post=27253"}],"version-history":[{"count":0,"href":"https:\/\/inclusivenews.com.br\/index.php?rest_route=\/wp\/v2\/posts\/27253\/revisions"}],"wp:attachment":[{"href":"https:\/\/inclusivenews.com.br\/index.php?rest_route=%2Fwp%2Fv2%2Fmedia&parent=27253"}],"wp:term":[{"taxonomy":"category","embeddable":true,"href":"https:\/\/inclusivenews.com.br\/index.php?rest_route=%2Fwp%2Fv2%2Fcategories&post=27253"},{"taxonomy":"post_tag","embeddable":true,"href":"https:\/\/inclusivenews.com.br\/index.php?rest_route=%2Fwp%2Fv2%2Ftags&post=27253"}],"curies":[{"name":"wp","href":"https:\/\/api.w.org\/{rel}","templated":true}]}}