{"id":27263,"date":"2014-12-10T07:47:52","date_gmt":"2014-12-10T10:47:52","guid":{"rendered":"http:\/\/www.inclusive.org.br\/?p=27263"},"modified":"2014-12-10T07:47:52","modified_gmt":"2014-12-10T10:47:52","slug":"participe-ate-15-de-dezembro-da-pesquisa-nacional-de-acessibilidade-em-bibliotecas-publicas","status":"publish","type":"post","link":"https:\/\/inclusivenews.com.br\/?p=27263","title":{"rendered":"Participe at\u00e9 15 de dezembro da Pesquisa Nacional de Acessibilidade em Bibliotecas P\u00fablicas"},"content":{"rendered":"<p><em>Ajude a tra\u00e7ar pol\u00edticas nacionais para melhorar a acessibilidade das bibliotecas p\u00fablicas para pessoas com defici\u00eancia.<\/em><\/p>\n<p><img loading=\"lazy\" decoding=\"async\" class=\"alignnone size-full wp-image-18345\" alt=\"Livros na vertical e horizontal, em bico de pena\" src=\"http:\/\/inclusivenews.com.br\/wp-content\/uploads\/2011\/01\/livrospbjpg.jpg\" width=\"302\" height=\"151\" \/><\/p>\n<p>O Sistema Nacional de Bibliotecas P\u00fablicas (SNBP) e a organiza\u00e7\u00e3o da sociedade civil Mais Diferen\u00e7as (MD) convidam gestores de todas as bibliotecas p\u00fablicas do pa\u00eds a participar de uma pesquisa nacional &#8220;online&#8221; sobre acessibilidade*. Clique no link a seguir, acesse a p\u00e1gina do formul\u00e1rio e preencha os dados!<\/p>\n<p align=\"justify\"><a href=\"http:\/\/goo.gl\/zjyM5D\" target=\"_blank\" rel=\"noopener\">http:\/\/goo.gl\/zjyM5D<\/a><\/p>\n<p align=\"justify\">As perguntas dizem respeito aos mais diferentes aspectos de acessibilidade e inclus\u00e3o de pessoas com defici\u00eancia nestes espa\u00e7os: arquitetura, acervo, capacita\u00e7\u00e3o t\u00e9cnica, atendimento dos usu\u00e1rios, comunica\u00e7\u00e3o, sinaliza\u00e7\u00e3o, etc.<\/p>\n<p align=\"justify\">Seus dados cadastrais bem como as informa\u00e7\u00f5es prestadas ficar\u00e3o armazenados em ambiente seguro, sob os cuidados do SNBP, e ser\u00e3o utilizados para a realiza\u00e7\u00e3o do Diagn\u00f3stico Nacional de Acessibilidade em Bibliotecas P\u00fablicas.<\/p>\n<p align=\"justify\">Pedimos a todos que, al\u00e9m de preencher os dados, ajudem tamb\u00e9m a mobilizar outros gestores de suas redes.<\/p>\n<p align=\"justify\">Aten\u00e7\u00e3o: a pesquisa ficar\u00e1 dispon\u00edvel at\u00e9 o dia 15 de dezembro de 2014.<\/p>\n<p align=\"justify\">A biblioteca p\u00fablica \u00e9 um ambiente privilegiado para contribuir com a promo\u00e7\u00e3o do direito fundamental da inclus\u00e3o das pessoas com defici\u00eancia em nosso pa\u00eds, tendo em vista seu car\u00e1ter de acesso\/troca de informa\u00e7\u00f5es, compartilhamento de experi\u00eancias e socializa\u00e7\u00e3o.<\/p>\n<p align=\"justify\">Com sua contribui\u00e7\u00e3o, o SNBP desenhar\u00e1 diretrizes nacionais para as pol\u00edticas p\u00fablicas de acessibilidade em bibliotecas p\u00fablicas brasileiras.<\/p>\n","protected":false},"excerpt":{"rendered":"<p>O Sistema Nacional de Bibliotecas P\u00fablicas (SNBP) e a organiza\u00e7\u00e3o da sociedade civil Mais Diferen\u00e7as (MD) convidam gestores de todas as bibliotecas p\u00fablicas do pa\u00eds a participar de uma pesquisa nacional &#8220;online&#8221; sobre acessibilidade.<\/p>\n","protected":false},"author":1,"featured_media":0,"comment_status":"open","ping_status":"open","sticky":false,"template":"","format":"standard","meta":{"site-container-style":"default","site-container-layout":"default","site-sidebar-layout":"default","disable-article-header":"default","disable-site-header":"default","disable-site-footer":"default","disable-content-area-spacing":"default","footnotes":""},"categories":[4],"tags":[],"class_list":["post-27263","post","type-post","status-publish","format-standard","hentry","category-noticias"],"yoast_head":"<!-- This site is optimized with the Yoast SEO plugin v27.4 - https:\/\/yoast.com\/product\/yoast-seo-wordpress\/ -->\n<title>Participe at\u00e9 15 de dezembro da Pesquisa Nacional de Acessibilidade em Bibliotecas P\u00fablicas -<\/title>\n<meta name=\"robots\" content=\"index, follow, max-snippet:-1, max-image-preview:large, max-video-preview:-1\" \/>\n<link rel=\"canonical\" href=\"https:\/\/inclusivenews.com.br\/?p=27263\" \/>\n<meta property=\"og:locale\" content=\"pt_PT\" \/>\n<meta property=\"og:type\" content=\"article\" \/>\n<meta property=\"og:title\" content=\"Participe at\u00e9 15 de dezembro da Pesquisa Nacional de Acessibilidade em Bibliotecas P\u00fablicas -\" \/>\n<meta property=\"og:description\" content=\"O Sistema Nacional de Bibliotecas P\u00fablicas (SNBP) e a organiza\u00e7\u00e3o da sociedade civil Mais Diferen\u00e7as (MD) convidam gestores de todas as bibliotecas p\u00fablicas do pa\u00eds a participar de uma pesquisa nacional &quot;online&quot; sobre acessibilidade.\" \/>\n<meta property=\"og:url\" content=\"https:\/\/inclusivenews.com.br\/?p=27263\" \/>\n<meta property=\"article:publisher\" content=\"https:\/\/www.facebook.com\/agenciainclusive\/\" \/>\n<meta property=\"article:published_time\" content=\"2014-12-10T10:47:52+00:00\" \/>\n<meta property=\"og:image\" content=\"http:\/\/inclusivenews.com.br\/wp-content\/uploads\/2011\/01\/livrospbjpg.jpg\" \/>\n<meta name=\"author\" content=\"inclusivenews2024\" \/>\n<meta name=\"twitter:card\" content=\"summary_large_image\" \/>\n<meta name=\"twitter:label1\" content=\"Escrito por\" \/>\n\t<meta name=\"twitter:data1\" content=\"inclusivenews2024\" \/>\n\t<meta name=\"twitter:label2\" content=\"Tempo estimado de leitura\" \/>\n\t<meta name=\"twitter:data2\" content=\"1 minuto\" \/>\n<script type=\"application\/ld+json\" class=\"yoast-schema-graph\">{\"@context\":\"https:\\\/\\\/schema.org\",\"@graph\":[{\"@type\":\"Article\",\"@id\":\"https:\\\/\\\/inclusivenews.com.br\\\/?p=27263#article\",\"isPartOf\":{\"@id\":\"https:\\\/\\\/inclusivenews.com.br\\\/?p=27263\"},\"author\":{\"name\":\"inclusivenews2024\",\"@id\":\"https:\\\/\\\/inclusivenews.com.br\\\/#\\\/schema\\\/person\\\/ae4ec7087559b8692fb33b6fffd2273b\"},\"headline\":\"Participe at\u00e9 15 de dezembro da Pesquisa Nacional de Acessibilidade em Bibliotecas P\u00fablicas\",\"datePublished\":\"2014-12-10T10:47:52+00:00\",\"mainEntityOfPage\":{\"@id\":\"https:\\\/\\\/inclusivenews.com.br\\\/?p=27263\"},\"wordCount\":269,\"commentCount\":0,\"publisher\":{\"@id\":\"https:\\\/\\\/inclusivenews.com.br\\\/#organization\"},\"image\":{\"@id\":\"https:\\\/\\\/inclusivenews.com.br\\\/?p=27263#primaryimage\"},\"thumbnailUrl\":\"http:\\\/\\\/inclusivenews.com.br\\\/wp-content\\\/uploads\\\/2011\\\/01\\\/livrospbjpg.jpg\",\"articleSection\":[\"NOT\u00cdCIAS\"],\"inLanguage\":\"pt-PT\",\"potentialAction\":[{\"@type\":\"CommentAction\",\"name\":\"Comment\",\"target\":[\"https:\\\/\\\/inclusivenews.com.br\\\/?p=27263#respond\"]}]},{\"@type\":\"WebPage\",\"@id\":\"https:\\\/\\\/inclusivenews.com.br\\\/?p=27263\",\"url\":\"https:\\\/\\\/inclusivenews.com.br\\\/?p=27263\",\"name\":\"Participe at\u00e9 15 de dezembro da Pesquisa Nacional de Acessibilidade em Bibliotecas P\u00fablicas -\",\"isPartOf\":{\"@id\":\"https:\\\/\\\/inclusivenews.com.br\\\/#website\"},\"primaryImageOfPage\":{\"@id\":\"https:\\\/\\\/inclusivenews.com.br\\\/?p=27263#primaryimage\"},\"image\":{\"@id\":\"https:\\\/\\\/inclusivenews.com.br\\\/?p=27263#primaryimage\"},\"thumbnailUrl\":\"http:\\\/\\\/inclusivenews.com.br\\\/wp-content\\\/uploads\\\/2011\\\/01\\\/livrospbjpg.jpg\",\"datePublished\":\"2014-12-10T10:47:52+00:00\",\"breadcrumb\":{\"@id\":\"https:\\\/\\\/inclusivenews.com.br\\\/?p=27263#breadcrumb\"},\"inLanguage\":\"pt-PT\",\"potentialAction\":[{\"@type\":\"ReadAction\",\"target\":[\"https:\\\/\\\/inclusivenews.com.br\\\/?p=27263\"]}]},{\"@type\":\"ImageObject\",\"inLanguage\":\"pt-PT\",\"@id\":\"https:\\\/\\\/inclusivenews.com.br\\\/?p=27263#primaryimage\",\"url\":\"\",\"contentUrl\":\"\"},{\"@type\":\"BreadcrumbList\",\"@id\":\"https:\\\/\\\/inclusivenews.com.br\\\/?p=27263#breadcrumb\",\"itemListElement\":[{\"@type\":\"ListItem\",\"position\":1,\"name\":\"In\u00edcio\",\"item\":\"https:\\\/\\\/inclusivenews.com.br\\\/\"},{\"@type\":\"ListItem\",\"position\":2,\"name\":\"Participe at\u00e9 15 de dezembro da Pesquisa Nacional de Acessibilidade em Bibliotecas P\u00fablicas\"}]},{\"@type\":\"WebSite\",\"@id\":\"https:\\\/\\\/inclusivenews.com.br\\\/#website\",\"url\":\"https:\\\/\\\/inclusivenews.com.br\\\/\",\"name\":\"Inclusive News\",\"description\":\"Inclusive News\",\"publisher\":{\"@id\":\"https:\\\/\\\/inclusivenews.com.br\\\/#organization\"},\"potentialAction\":[{\"@type\":\"SearchAction\",\"target\":{\"@type\":\"EntryPoint\",\"urlTemplate\":\"https:\\\/\\\/inclusivenews.com.br\\\/?s={search_term_string}\"},\"query-input\":{\"@type\":\"PropertyValueSpecification\",\"valueRequired\":true,\"valueName\":\"search_term_string\"}}],\"inLanguage\":\"pt-PT\"},{\"@type\":\"Organization\",\"@id\":\"https:\\\/\\\/inclusivenews.com.br\\\/#organization\",\"name\":\"Inclusive - inclus\u00e3o e cidadania\",\"url\":\"https:\\\/\\\/inclusivenews.com.br\\\/\",\"logo\":{\"@type\":\"ImageObject\",\"inLanguage\":\"pt-PT\",\"@id\":\"https:\\\/\\\/inclusivenews.com.br\\\/#\\\/schema\\\/logo\\\/image\\\/\",\"url\":\"https:\\\/\\\/inclusivenews.com.br\\\/wp-content\\\/uploads\\\/2024\\\/03\\\/@grandesite.png\",\"contentUrl\":\"https:\\\/\\\/inclusivenews.com.br\\\/wp-content\\\/uploads\\\/2024\\\/03\\\/@grandesite.png\",\"width\":1080,\"height\":1080,\"caption\":\"Inclusive - inclus\u00e3o e cidadania\"},\"image\":{\"@id\":\"https:\\\/\\\/inclusivenews.com.br\\\/#\\\/schema\\\/logo\\\/image\\\/\"},\"sameAs\":[\"https:\\\/\\\/www.facebook.com\\\/agenciainclusive\\\/\",\"https:\\\/\\\/www.instagram.com\\\/newsinclusive\\\/\"]},{\"@type\":\"Person\",\"@id\":\"https:\\\/\\\/inclusivenews.com.br\\\/#\\\/schema\\\/person\\\/ae4ec7087559b8692fb33b6fffd2273b\",\"name\":\"inclusivenews2024\",\"image\":{\"@type\":\"ImageObject\",\"inLanguage\":\"pt-PT\",\"@id\":\"https:\\\/\\\/secure.gravatar.com\\\/avatar\\\/c5a7ef84c66fa914f55bc4f7ce26cfa275a3b9a1c5568b907bd184fb4dde7b40?s=96&d=mm&r=g\",\"url\":\"https:\\\/\\\/secure.gravatar.com\\\/avatar\\\/c5a7ef84c66fa914f55bc4f7ce26cfa275a3b9a1c5568b907bd184fb4dde7b40?s=96&d=mm&r=g\",\"contentUrl\":\"https:\\\/\\\/secure.gravatar.com\\\/avatar\\\/c5a7ef84c66fa914f55bc4f7ce26cfa275a3b9a1c5568b907bd184fb4dde7b40?s=96&d=mm&r=g\",\"caption\":\"inclusivenews2024\"},\"sameAs\":[\"https:\\\/\\\/inclusivenews.com.br\"],\"url\":\"https:\\\/\\\/inclusivenews.com.br\\\/?author=1\"}]}<\/script>\n<!-- \/ Yoast SEO plugin. -->","yoast_head_json":{"title":"Participe at\u00e9 15 de dezembro da Pesquisa Nacional de Acessibilidade em Bibliotecas P\u00fablicas -","robots":{"index":"index","follow":"follow","max-snippet":"max-snippet:-1","max-image-preview":"max-image-preview:large","max-video-preview":"max-video-preview:-1"},"canonical":"https:\/\/inclusivenews.com.br\/?p=27263","og_locale":"pt_PT","og_type":"article","og_title":"Participe at\u00e9 15 de dezembro da Pesquisa Nacional de Acessibilidade em Bibliotecas P\u00fablicas -","og_description":"O Sistema Nacional de Bibliotecas P\u00fablicas (SNBP) e a organiza\u00e7\u00e3o da sociedade civil Mais Diferen\u00e7as (MD) convidam gestores de todas as bibliotecas p\u00fablicas do pa\u00eds a participar de uma pesquisa nacional \"online\" sobre acessibilidade.","og_url":"https:\/\/inclusivenews.com.br\/?p=27263","article_publisher":"https:\/\/www.facebook.com\/agenciainclusive\/","article_published_time":"2014-12-10T10:47:52+00:00","og_image":[{"url":"http:\/\/inclusivenews.com.br\/wp-content\/uploads\/2011\/01\/livrospbjpg.jpg","type":"","width":"","height":""}],"author":"inclusivenews2024","twitter_card":"summary_large_image","twitter_misc":{"Escrito por":"inclusivenews2024","Tempo estimado de leitura":"1 minuto"},"schema":{"@context":"https:\/\/schema.org","@graph":[{"@type":"Article","@id":"https:\/\/inclusivenews.com.br\/?p=27263#article","isPartOf":{"@id":"https:\/\/inclusivenews.com.br\/?p=27263"},"author":{"name":"inclusivenews2024","@id":"https:\/\/inclusivenews.com.br\/#\/schema\/person\/ae4ec7087559b8692fb33b6fffd2273b"},"headline":"Participe at\u00e9 15 de dezembro da Pesquisa Nacional de Acessibilidade em Bibliotecas P\u00fablicas","datePublished":"2014-12-10T10:47:52+00:00","mainEntityOfPage":{"@id":"https:\/\/inclusivenews.com.br\/?p=27263"},"wordCount":269,"commentCount":0,"publisher":{"@id":"https:\/\/inclusivenews.com.br\/#organization"},"image":{"@id":"https:\/\/inclusivenews.com.br\/?p=27263#primaryimage"},"thumbnailUrl":"http:\/\/inclusivenews.com.br\/wp-content\/uploads\/2011\/01\/livrospbjpg.jpg","articleSection":["NOT\u00cdCIAS"],"inLanguage":"pt-PT","potentialAction":[{"@type":"CommentAction","name":"Comment","target":["https:\/\/inclusivenews.com.br\/?p=27263#respond"]}]},{"@type":"WebPage","@id":"https:\/\/inclusivenews.com.br\/?p=27263","url":"https:\/\/inclusivenews.com.br\/?p=27263","name":"Participe at\u00e9 15 de dezembro da Pesquisa Nacional de Acessibilidade em Bibliotecas P\u00fablicas -","isPartOf":{"@id":"https:\/\/inclusivenews.com.br\/#website"},"primaryImageOfPage":{"@id":"https:\/\/inclusivenews.com.br\/?p=27263#primaryimage"},"image":{"@id":"https:\/\/inclusivenews.com.br\/?p=27263#primaryimage"},"thumbnailUrl":"http:\/\/inclusivenews.com.br\/wp-content\/uploads\/2011\/01\/livrospbjpg.jpg","datePublished":"2014-12-10T10:47:52+00:00","breadcrumb":{"@id":"https:\/\/inclusivenews.com.br\/?p=27263#breadcrumb"},"inLanguage":"pt-PT","potentialAction":[{"@type":"ReadAction","target":["https:\/\/inclusivenews.com.br\/?p=27263"]}]},{"@type":"ImageObject","inLanguage":"pt-PT","@id":"https:\/\/inclusivenews.com.br\/?p=27263#primaryimage","url":"","contentUrl":""},{"@type":"BreadcrumbList","@id":"https:\/\/inclusivenews.com.br\/?p=27263#breadcrumb","itemListElement":[{"@type":"ListItem","position":1,"name":"In\u00edcio","item":"https:\/\/inclusivenews.com.br\/"},{"@type":"ListItem","position":2,"name":"Participe at\u00e9 15 de dezembro da Pesquisa Nacional de Acessibilidade em Bibliotecas P\u00fablicas"}]},{"@type":"WebSite","@id":"https:\/\/inclusivenews.com.br\/#website","url":"https:\/\/inclusivenews.com.br\/","name":"Inclusive News","description":"Inclusive News","publisher":{"@id":"https:\/\/inclusivenews.com.br\/#organization"},"potentialAction":[{"@type":"SearchAction","target":{"@type":"EntryPoint","urlTemplate":"https:\/\/inclusivenews.com.br\/?s={search_term_string}"},"query-input":{"@type":"PropertyValueSpecification","valueRequired":true,"valueName":"search_term_string"}}],"inLanguage":"pt-PT"},{"@type":"Organization","@id":"https:\/\/inclusivenews.com.br\/#organization","name":"Inclusive - inclus\u00e3o e cidadania","url":"https:\/\/inclusivenews.com.br\/","logo":{"@type":"ImageObject","inLanguage":"pt-PT","@id":"https:\/\/inclusivenews.com.br\/#\/schema\/logo\/image\/","url":"https:\/\/inclusivenews.com.br\/wp-content\/uploads\/2024\/03\/@grandesite.png","contentUrl":"https:\/\/inclusivenews.com.br\/wp-content\/uploads\/2024\/03\/@grandesite.png","width":1080,"height":1080,"caption":"Inclusive - inclus\u00e3o e cidadania"},"image":{"@id":"https:\/\/inclusivenews.com.br\/#\/schema\/logo\/image\/"},"sameAs":["https:\/\/www.facebook.com\/agenciainclusive\/","https:\/\/www.instagram.com\/newsinclusive\/"]},{"@type":"Person","@id":"https:\/\/inclusivenews.com.br\/#\/schema\/person\/ae4ec7087559b8692fb33b6fffd2273b","name":"inclusivenews2024","image":{"@type":"ImageObject","inLanguage":"pt-PT","@id":"https:\/\/secure.gravatar.com\/avatar\/c5a7ef84c66fa914f55bc4f7ce26cfa275a3b9a1c5568b907bd184fb4dde7b40?s=96&d=mm&r=g","url":"https:\/\/secure.gravatar.com\/avatar\/c5a7ef84c66fa914f55bc4f7ce26cfa275a3b9a1c5568b907bd184fb4dde7b40?s=96&d=mm&r=g","contentUrl":"https:\/\/secure.gravatar.com\/avatar\/c5a7ef84c66fa914f55bc4f7ce26cfa275a3b9a1c5568b907bd184fb4dde7b40?s=96&d=mm&r=g","caption":"inclusivenews2024"},"sameAs":["https:\/\/inclusivenews.com.br"],"url":"https:\/\/inclusivenews.com.br\/?author=1"}]}},"_links":{"self":[{"href":"https:\/\/inclusivenews.com.br\/index.php?rest_route=\/wp\/v2\/posts\/27263","targetHints":{"allow":["GET"]}}],"collection":[{"href":"https:\/\/inclusivenews.com.br\/index.php?rest_route=\/wp\/v2\/posts"}],"about":[{"href":"https:\/\/inclusivenews.com.br\/index.php?rest_route=\/wp\/v2\/types\/post"}],"author":[{"embeddable":true,"href":"https:\/\/inclusivenews.com.br\/index.php?rest_route=\/wp\/v2\/users\/1"}],"replies":[{"embeddable":true,"href":"https:\/\/inclusivenews.com.br\/index.php?rest_route=%2Fwp%2Fv2%2Fcomments&post=27263"}],"version-history":[{"count":0,"href":"https:\/\/inclusivenews.com.br\/index.php?rest_route=\/wp\/v2\/posts\/27263\/revisions"}],"wp:attachment":[{"href":"https:\/\/inclusivenews.com.br\/index.php?rest_route=%2Fwp%2Fv2%2Fmedia&parent=27263"}],"wp:term":[{"taxonomy":"category","embeddable":true,"href":"https:\/\/inclusivenews.com.br\/index.php?rest_route=%2Fwp%2Fv2%2Fcategories&post=27263"},{"taxonomy":"post_tag","embeddable":true,"href":"https:\/\/inclusivenews.com.br\/index.php?rest_route=%2Fwp%2Fv2%2Ftags&post=27263"}],"curies":[{"name":"wp","href":"https:\/\/api.w.org\/{rel}","templated":true}]}}