{"id":27435,"date":"2015-03-14T07:49:01","date_gmt":"2015-03-14T10:49:01","guid":{"rendered":"http:\/\/www.inclusive.org.br\/?p=27435"},"modified":"2015-03-14T07:49:01","modified_gmt":"2015-03-14T10:49:01","slug":"brasil-celebra-o-dia-internacional-da-sindrome-de-down-213-veja-a-programacao","status":"publish","type":"post","link":"https:\/\/inclusivenews.com.br\/?p=27435","title":{"rendered":"Brasil celebra o X Dia internacional da S\u00edndrome de Down &#8211; 21\/3. Veja a programa\u00e7\u00e3o!"},"content":{"rendered":"<p>O Dia Internacional da S\u00edndrome de Down est\u00e1 chegando! Este \u00e9 o d\u00e9cimo ano em que a data \u00e9 celebrada no mundo e com ela temos conseguindo muitos avan\u00e7os e visibilidade para as pessoas com s\u00edndrome de Down. <a href=\"http:\/\/www.inclusive.org.br\/?p=21543\">O Brasil foi o respons\u00e1vel pela inclus\u00e3o do dia no calend\u00e1rio da ONU<\/a> e anualmente \u00e9 o pa\u00eds que organiza o maior n\u00famero de eventos comemorativos. Voc\u00ea tamb\u00e9m pode promover uma a\u00e7\u00e3o em sua cidade! Conte pra gente para ajudarmos na divulga\u00e7\u00e3o e participe da programa\u00e7\u00e3o!<\/p>\n<h1>Programa\u00e7\u00e3o do X Dia Internacional da S\u00edndrome de Down &#8211; 21\/3\/2015<\/h1>\n<div id=\"stcpDiv\">\n<div id=\"id_5504100ede7e24981783496\">\n<div id=\"id_5504100ede7e24981783496\">Acompanhe os eventos do Dia internacional pelo Facebook e confirme sua participa\u00e7\u00e3o \u2013 <a href=\"https:\/\/www.facebook.com\/events\/428843413944689\" rel=\"nofollow\">https:\/\/www.facebook.com\/<wbr \/>events\/428843413944689<\/a><\/div>\n<div><\/div>\n<div>No mundo:<\/div>\n<div>O Empire State Buildimg, em Nova York, ser\u00e1 iluminado pelas cores amarelo e azul, que representam a s\u00edndrome de Down. <a href=\"https:\/\/www.worlddownsyndromeday.org\/empire-state-lights\">https:\/\/www.worlddownsyndromeday.org\/empire-state-lights<\/a><\/div>\n<div>Tamb\u00e9m em Nova York, no dia 20\/3 ser\u00e1 realizada a III Confer\u00eancia do Dia Internacional da Sindrome de Down na sede da ONU. \u00a0<a href=\"https:\/\/www.worlddownsyndromeday.org\/wdsd-conference\">https:\/\/www.worlddownsyndromeday.org\/wdsd-conference<\/a><\/div>\n<div>Ao redor do mundo, dezenas de eventos celebrar\u00e3o a data: <a href=\"https:\/\/www.worlddownsyndromeday.org\/world-events\">https:\/\/www.worlddownsyndromeday.org\/world-events<\/a><\/div>\n<div><\/div>\n<div>V\u00eddeos comemorativos:<\/div>\n<div>Minhas oportunidades, Minhas Escolhas &#8211; Down Syndrome International:<\/div>\n<div>https:\/\/www.youtube.com\/watch?v=BwlJ6iIQ1Bo<\/div>\n<div><\/div>\n<div>Proposta Especial &#8211; Coordown<\/div>\n<div>https:\/\/www.youtube.com\/watch?v=lnaajSxOsWI&amp;feature=youtu.be<\/div>\n<div><\/div>\n<div>Na m\u00eddia:<\/div>\n<div>TV BRASIL<\/div>\n<div>O Programa Especial do dia 21\/03, \u00e0s 10h30 na TV Brasil, ser\u00e1 todo dedicado a Dia Internacional da S\u00edndrome de Down.<\/div>\n<div><\/div>\n<div>TV GLOBO<\/div>\n<div>Cine F\u00e3 Clube, no s\u00e1bado, 21\/3, \u00e0s 14h50 ser\u00e1 exibido o filme Colegas, de Marcelo Galv\u00e3o, com Rita Pokk, Arie Goldenbergl e Breno Viola.<\/div>\n<div><\/div>\n<div>TV CAN\u00c7\u00c3O NOVA<\/div>\n<div>O Programa Manh\u00e3 Viva trar\u00e1 informa\u00e7\u00f5es sobre s\u00edndrome de Down, dia 20\/3.<\/div>\n<div><\/div>\n<div><\/div>\n<div>No campo:<\/div>\n<div>Fortaleza: Jogos do Campeonato Cearense &#8211; Cear\u00e1 x Icasa e Maranguape x Fortaleza\u00a0 &#8211; 15\/3 &#8211; Homenagem ao Dia Internacional da S\u00edndrome de Down em parceria com a Federa\u00e7\u00e3o\u00a0\u00a0Cearense de Futebol e Fortaleza Down.<\/div>\n<div>Rio de Janeiro: Jogo Flamengo X Vasco &#8211; 22\/3 &#8211;\u00a0Homenagem ao Dia Internacional da S\u00edndrome de Down &#8211;\u00a040 crian\u00e7as e jovens com s\u00edndrome de Down v\u00e3o entrar em campo com os jogadores do Flamengo e Vasco.<\/div>\n<div><\/div>\n<div>==========================<wbr \/>==========================<wbr \/>======================<\/div>\n<div><\/div>\n<div>Nos Estados e no DF:<\/div>\n<div><\/div>\n<div>Distrito Federal<\/div>\n<div><\/div>\n<div>BRAS\u00cdLIA<\/div>\n<div>\n<div>\n<p>1) Homenagem ao Dia Internacional da S\u00edndrome de Down \u2013 Sess\u00e3o Solene na C\u00e2mara dos Deputados<\/p>\n<\/div>\n<div>\u00a0Dia: 27\/03, sexta, \u00e0s 15h<\/div>\n<div>Local: Plen\u00e1rio Ulysses Guimar\u00e3es, Anexo II da C\u00e2mara dos Deputados<br \/>\nOrganiza\u00e7\u00e3o: Deputada Erika Kokay<\/div>\n<div><\/div>\n<div>2) Educa\u00e7\u00e3o, Cultura e Esporte \u2013 Um Caminho para a Inclus\u00e3o, no Senado Federal<\/div>\n<div><\/div>\n<div>Dia: 19\/3, \u00e0s 14h<br \/>\nLocal: Autit\u00f3rio Petr\u00f4nio Portela, Senado Federal<br \/>\nOrganiza\u00e7\u00e3o: Senador Rom\u00e1rio<\/div>\n<div><\/div>\n<div>Evento com artistas, esportistas e educadores para ressaltar a import\u00e2ncia destes tr\u00eas elementos no desenvolvimento e inclus\u00e3o das pessoas com defici\u00eancia O ato ser\u00e1 um momento de celebra\u00e7\u00e3o e cobran\u00e7a. Os autodefensores das APAEs, alunos com defici\u00eancia eleitos para participar das decis\u00f5es de pol\u00edticas da entidade, entregar\u00e3o uma carta de reivindica\u00e7\u00f5es ao Congresso Nacional. O documento foi elaborado em novembro no F\u00f3rum Nacional de Autodefensores. Tamb\u00e9m est\u00e3o previstas apresenta\u00e7\u00f5es art\u00edsticas protagonizadas por pessoas com s\u00edndrome de Down e uma participa\u00e7\u00e3o especial do lutador de jud\u00f4 e ator Breno Viola, que estreou o filme Colegas. Outra presen\u00e7a importante ser\u00e1 a do presidente do Comit\u00ea Paral\u00edmpico Brasileiro (CPB), Andrew Parsons. Representando os atletas, Parsons vai defender os benef\u00edcios da pr\u00e1tica esportiva na vida das pessoas com defici\u00eancia. Mais informa\u00e7\u00f5es: <a title=\"Link externo :: abre em nova janela\" href=\"https:\/\/www.facebook.com\/events\/402987739883249\/\" rel=\"nofollow\">https:\/\/www.facebook.com\/<wbr \/>events\/402987739883249\/<\/a><\/div>\n<div>\n<p>3) Exposi\u00e7\u00e3o \u201cBolhas\u201d, de Augusto Corr\u00eaa<\/p>\n<\/div>\n<div>Dia: de 2\/33 a 1\/4<br \/>\nLocal: Galeria do Senado Federal<br \/>\nOrganiza\u00e7\u00e3o: Tatiana (61-8134-6752<\/div>\n<div>\n<p>4) Sess\u00e3o Solene da C\u00e2mara Legislativa<\/p>\n<\/div>\n<div>Dia: 24\/3, ter\u00e7a, \u00e0s 10:00hs<br \/>\nLocal: C\u00e2mara Legislativa do Distrito Federal<br \/>\nOrganiza\u00e7\u00e3o: DFDown<\/div>\n<div>\n<p>5) Oficina para revis\u00e3o da legisla\u00e7\u00e3o relacionada \u00e0 s\u00edndrome de Down<\/p>\n<\/div>\n<div>Dia: 13\/3, sexta<br \/>\nLocal: Tribunal Superior do Trabalho \u2013 TST<br \/>\nOrganiza\u00e7\u00e3o: Federa\u00e7\u00e3o Brasileira das Associa\u00e7\u00f5es de S\u00edndrome de Down (FBASD)<\/div>\n<div>Os interessados podem participar virtualmente, enviando suas contribui\u00e7\u00f5es at\u00e9 10\/<wbr \/>3 pelo email administracao@federacaodown.or<wbr \/>g.br . Mais informa\u00e7\u00f5es em <a title=\"Link externo :: abre em nova janela\" href=\"http:\/\/l.facebook.com\/l.php?u=http%3A%2F%2Fwww.inclusive.org.br%2F%3Fp%3D27570&amp;h=CAQHjT88W&amp;enc=AZM15jIL9AQ8-9ZBBsVA4nW804bTlvkGidxO-ztaKkV5cmO4OAl251COIqwfH8_psb0&amp;s=1\" target=\"_blank\" rel=\"nofollow noopener\">http:\/\/<wbr \/>www.inclusive.org.br\/<wbr \/>?p=27570<\/a><\/div>\n<div>\n<p>6) CaminhaDown no Parque Olhos D\u2019\u00c1gua<\/p>\n<\/div>\n<div>Dia: 21\/3, s\u00e1bado, a partir das 9h<br \/>\nLocal: Parque Olhos D\u2019\u00c1gua<\/div>\n<div>Mais informa\u00e7\u00f5es: <a title=\"Link externo :: abre em nova janela\" href=\"https:\/\/www.facebook.com\/events\/527773514027454\" rel=\"nofollow\">https:\/\/www.facebook.com\/<wbr \/>events\/527773514027454<\/a><\/div>\n<div>\n<p>7) Homenagem ao dia Internacional da S\u00edndrome de Down<\/p>\n<\/div>\n<div>Dia: 21\/3, \u00e0s 16h<br \/>\nLocal: Terra\u00e7o Shopping<br \/>\nFesta com m\u00fasica e hist\u00f3rias.<\/div>\n<div>\n<p>8) Caminhada no Parque da Cidade<\/p>\n<\/div>\n<div>Dia: 22\/3, \u00e0s 10h<\/div>\n<div>Com o Grupo Batal\u00e1<\/div>\n<div>\n<p>9) Caminhada em Taguatinga<\/p>\n<\/div>\n<div>Dia: 14\/3, 16h<\/div>\n<div>Local: Parque de Taguatinga<\/div>\n<div>\n<p>10) Desfile Fashion Inclusivo<\/p>\n<\/div>\n<div>Dia 31\/3<br \/>\nLocal: C\u00e2mara dos Deputados<\/div>\n<div><\/div>\n<div>11) Exposi\u00e7\u00e3o de fotos de pessoas com s\u00edndrome de Down<br \/>\nDia: 31\/3<br \/>\nLocal: C\u00e2mara dos Deputados<\/div>\n<div><\/div>\n<div>==========================Rio de Janeiro<br \/>\nRIO DE JANEIRO<\/div>\n<div><\/div>\n<div>12) Caminhadown em Ipanema \u2013 \u201cInclus\u00e3o: dever e direito de todos\u201d<\/div>\n<div>Dia: 22\/3, domingo, \u00e0s 9h<br \/>\nLocal: Arpoador (em frente ao Hotel Fasano)<br \/>\nOrganiza\u00e7\u00e3o: RJDown e Movimento DownAten\u00e7\u00e3o: em caso de chuva forte, o evento poder\u00e1 ser cancelado\/adiado.<\/div>\n<div><\/div>\n<div>13) Caf\u00e9-da-manh\u00e3 Colaborativo<\/div>\n<div>Dia: 7\/3, s\u00e1bado, de 9h \u00e0s 12h<br \/>\nLocal: Parque Guinle, Gago Coutinho 66, Laranjeiras<br \/>\nOrganiza\u00e7\u00e3o: Movimento DownVamos come\u00e7ar nossas comemora\u00e7\u00f5es com um caf\u00e9 da manh\u00e3 colaborativo no dia 07\/03 (s\u00e1bado) e esperamos voc\u00ea l\u00e1! N\u00e3o deixe de participar, vamos tirar fotos das crian\u00e7as e celebrar o dia Internacional da s\u00edndrome de Down.<\/div>\n<div><\/div>\n<div>14) Picnic coletivo na Quinta da Boa Vista<\/div>\n<div>Dia:14\/3, s\u00e1bado, a partir das 10h<br \/>\nLocal: Espa\u00e7o de Picnics da Quinta da Boa Vista (entrada pr\u00f3xima ao metr\u00f4\/trem de S\u00e3o Cristov\u00e3o)<br \/>\nOrganiza\u00e7\u00e3o: Movimento Amadinhos DownV\u00e1rias atra\u00e7\u00f5es para a turma. Cada um leva um prato. Mais informa\u00e7\u00f5es:<a title=\"Link externo :: abre em nova janela\" href=\"https:\/\/www.facebook.com\/groups\/amadinhosdowns\/?fref=ts\" rel=\"nofollow\">https:\/\/www.facebook.com\/<wbr \/>groups\/amadinhosdowns\/<wbr \/>?fref=ts<\/a><\/div>\n<div><\/div>\n<div>15) Show musical \u201cDon\u2019t let me Down\u201d, showDia: 22\/3 16h<br \/>\nLocal: Audit\u00f3rio do CMRMC Artur da T\u00e1vola, Rua Conde de Bonfim 824, Tijuca.<br \/>\nOrganiza\u00e7\u00e3o: Hamilton Cattete e Banda MITA\u00cd.<\/div>\n<div><\/div>\n<div>16) Palestra: Matem\u00e1tica para Crian\u00e7as com S\u00edndrome de DownDia: 28\/3, de 8 \u00e0s 18h<br \/>\nLocal: Col\u00e9gio Pedro II \u2013 Campo de S\u00e3o Crist\u00f3v\u00e3o, 177, ANFITEATRO C \u2013 S\u00e3o Crist\u00f3v\u00e3o, Rio de Janeiro (Em frente a Feira de Tradi\u00e7\u00f5es Nordestinas)<br \/>\nOrganiza\u00e7\u00e3o: Creative IdeasInclus\u00e3o e Media\u00e7\u00e3o Escolar 2015 \u2013 Alternativas para alunos com desenvolvimento at\u00edpico. Mais informa\u00e7\u00f5es: (21) 25778691 ou 30252345 | <a title=\"Link externo :: abre em nova janela\" href=\"http:\/\/l.facebook.com\/l.php?u=http%3A%2F%2Fwww.creativeideias.com.br%2Fcreative%2Findex.php%3Foption%3Dcom_content%26view%3Darticle%26id%3D16%26Itemid%3D4&amp;h=MAQGeEiQq&amp;enc=AZO-RjwXJDrYJBSklmSNyg7w4mq-bt-X2rpnQYD9JUC7bmUe0IoGNhR31ZWkVv8aDtw&amp;s=1\" target=\"_blank\" rel=\"nofollow noopener\">http:\/\/<wbr \/>www.creativeideias.com.br\/<wbr \/>creative\/<wbr \/>index.php?option=com_conten<wbr \/>t&amp;view=article&amp;id=16&amp;Itemi<wbr \/>d=4<\/a>==========================PETR\u00d3POLIS17) Abertura da exposi\u00e7\u00e3o, \u201cUm olhar especial sobre Petr\u00f3polis\u201dDia: 17\/3, ter\u00e7a, 19h<br \/>\nLocal: Sala das Comiss\u00f5es da C\u00e2mara Municipal de Petr\u00f3polis \u2013 Pra\u00e7a Visconde de Mau\u00e1, n\u00ba 89 \u2013 Centro<br \/>\nOrganiza\u00e7\u00e3o: C\u00e2mara Municipal de Petr\u00f3polis1\u00aa Exposi\u00e7\u00e3o Individual de Quadros de ADRIANO NOBRE. Visita\u00e7\u00e3o: Aberta de 17 a 29 de mar\u00e7o, das 09:00 \u00e0s 19:00 horas<\/p>\n<p>==========================&lt;<\/p>\n<p>NITER\u00d3I<\/p>\n<p>18) Filme Colegas seguido de Debate<\/p>\n<p>Dia: 18\/3, \u00e0s 18h30<\/p>\n<p>Local: Memorial Roberto da Silveira<\/p>\n<p>Organiza\u00e7\u00e3o: Down Click<\/p>\n<p>19) Hist\u00f3rias e Poemas com Andr\u00e9 Varela<\/p>\n<p>Dia: 19\/3, 13 h<\/p>\n<p>Local: Memorial Roberto da Silveira<\/p>\n<p>20) Exposi\u00e7\u00e3o Click na Beleza<\/p>\n<p>Dia: 21\/3 a 20\/4, domingo, quinta, \u00e0s 19h<br \/>\nLocal: Shopping Icara\u00ed<br \/>\nOrganiza\u00e7\u00e3o: Niter\u00f3i mais humana<\/p>\n<p>Em comemora\u00e7\u00e3o ao Dia Mundial da S\u00edndrome de Down, Abertura de exposi\u00e7\u00e3o fotografica no shoping Icara\u00ed, dia 19\/3, \u00e0s 19h. Ser\u00e3o expostas 6 fotografias de um renomado fotografo de Niter\u00f3i, o Renato Moreth , retratando as fases : 1 bebe, uma crianca de 3 a 5 anos, uma de 10, um adolescente, um adulto e um idoso.<\/p>\n<p>As fotos ser\u00e3o em pares(uma pessoa com SD e outra sem), provocando a discuss\u00e3o da inclus\u00e3o. Haver\u00e1 tamb\u00e9m um mosaico de fotos enviadas pelas familias de Niter\u00f3i via Movimento Down.<\/p>\n<p>Organiza\u00e7\u00e3o \u2013 ONG Niter\u00f3i mais humana, juntamente com a Prefeitura de Niter\u00f3i e outras institui\u00e7\u00f5es da cidade.<\/p>\n<p><a title=\"Link externo :: abre em nova janela\" href=\"https:\/\/www.facebook.com\/NiteroiMaisHumana\" rel=\"nofollow\">https:\/\/www.facebook.com\/<wbr \/>NiteroiMaisHumana<\/a><\/p>\n<p>&nbsp;<\/p>\n<p>21) Debate na C\u00e2mara<\/p>\n<p>Dia: 20\/3, sexta, \u00e0s 10:00<br \/>\nLocal: C\u00e2mara Municipal de Niter\u00f3i<br \/>\nOrganiza\u00e7\u00e3o : C\u00e2mara Municipal de Niter\u00f3i<\/p>\n<p>Abertura da exposi\u00e7\u00e3o Click na Beleza na C\u00e2mara Municipal de Niter\u00f3i, seguida de uma mesa de debate e celebra\u00e7\u00e3o pelo dia, com a presen\u00e7a do Movimento Down e do Judoca, o Breno. (10h)<\/p>\n<p>22) Exposi\u00e7\u00e3o de fotos<\/p>\n<p>Dia: 20 a 283, das 10 \u00e0s 19h<\/p>\n<p>Local: C\u00e2mara Municipal de Niter\u00f3i<\/p>\n<p>Organiza\u00e7\u00e3o: C\u00e2mara Municipal<\/p>\n<p>23) Lazer no Campo de S\u00e3o Bento<\/p>\n<p>Dia: 21\/3, s\u00e1bado, das 9 \u00e0s 12h<br \/>\nLocal: Campo de S\u00e3o Bento<br \/>\nOrganiza\u00e7\u00e3o: Adriana Lima<\/p>\n<p>Atividades diversas no Campo de S\u00e3o Bento( 9 \u00e0s 12h)Entre elas Capoeira Dindindown, banda da APAE, sess\u00e3o de fotografia , cadastro das pessoas com sindrome de down para futuros encontros, e outras \u2026<\/p>\n<p>==========================<\/p>\n<p>CABO FRIO<\/p>\n<p>24) III Caminhada do Dia Internacional da S\u00edndrome de Down<\/p>\n<p>Dia: 20\/3, sexta<br \/>\nLocal: Orla da Praia do Forte<br \/>\nOrganiza\u00e7\u00e3o: Apae Cabo Frio<\/p>\n<p>==========================<\/p>\n<p>MESQUITA<\/p>\n<p>25) Palestras pelo dia Internacional da Sindrome de Down<\/p>\n<p>Dia: 20\/3, sexta, \u00e0s 15h<br \/>\nLocal: Pr\u00e9dio da Prefeitura<br \/>\nOrganiza\u00e7\u00e3o: Prefeitura de Mesquita<\/p>\n<p>Palestrantes: Claudia Grabois, advogada e ex-Presidente da Federa\u00e7\u00e3o Brasileira das Associa\u00e7\u00f5es de S\u00edndrome de Down e Fernanda Honorato, rep\u00f3rter, atriz e passista.<\/p>\n<p>==========================<\/p>\n<p>TERES\u00d3POLIS<\/p>\n<p>26) II Rolezinho Down<\/p>\n<p>Dia: 213, \u00e0s 10h<\/p>\n<p>Local: Cal\u00e7ada da Fama<\/p>\n<p>Organiza\u00e7\u00e3o: Associa\u00e7\u00e3o S\u00edndrome de Down \u2013 ASSIND<\/p>\n<p><a title=\"Link externo :: abre em nova janela\" href=\"https:\/\/www.facebook.com\/events\/784415714966776\/\">https:\/\/www.facebook.com\/events\/784415714966776\/<\/a><\/p>\n<p>==========================<\/p>\n<p>NOVA FRIBURGO<\/p>\n<p>27) Picnic comemorativo<\/p>\n<p>Dia: 28\/0 \u00e0s 09:00<\/p>\n<p>Local: Parque Aqu\u00e1tico do Nova Friburgo\u00a0Country Clube<\/p>\n<p>Organiza\u00e7\u00e3o:\u00a0Maria Luiza Duran<\/p>\n<p>==========================<\/p>\n<p>TR\u00caS RIOS<\/p>\n<p>28) Direitos de acesso das pessoas com SD aos planos de sa\u00fade<\/p>\n<p>Dia: 20\/3, das 8h \u00e0s 12h<\/p>\n<p>Local: Audit\u00f3rio da JR Contabilidade que fica na Rua Nelson Viana, 652, Centro<\/p>\n<p>Organiza\u00e7\u00e3o: Secretaria Municipal do Idoso e da Pessoa com Defici\u00eancia de Tr\u00eas Rios e a Apae<\/p>\n<p>Mais informa\u00e7\u00f5es \u2013 <a title=\"Link externo :: abre em nova janela\" href=\"http:\/\/entreriosjornal.com.br\/tres-rios\/tres-rios-sedia-encontro-sobre-sindrome-de\/\">http:\/\/entreriosjornal.com.br\/tres-rios\/tres-rios-sedia-encontro-sobre-sindrome-de\/<\/a><\/p>\n<p>==========================<\/p>\n<p>S\u00c3O JO\u00c3O DA BARRA<\/p>\n<p>29) Celebra\u00e7\u00e3o do Dia Internacional da S\u00edndrome de Down<\/p>\n<p>Dia: 23, a partir das 13h<\/p>\n<p>Local: Apae de S\u00e3o Jo\u00e3o da Barra<\/p>\n<p>Coordena\u00e7\u00e3o:\u00a0Associa\u00e7\u00e3o de Pais e Amigos dos Excepcionais (Apae) de S\u00e3o Jo\u00e3o da Barra<\/p>\n<p>Apresenta\u00e7\u00e3o do grupo teatral da Apae, gincana, roda de capoeira, dan\u00e7as, apresenta\u00e7\u00e3o integrada do coral com o Centro Municipal de Educa\u00e7\u00e3o Especial, al\u00e9m de distribui\u00e7\u00e3o de cachorro quente, picol\u00e9, refrigerantes, bolo entre outros.<\/p>\n<p>==========================<\/p>\n<p>S\u00e3o Paulo<\/p>\n<p>S\u00c3O PAULO<\/p>\n<p>30) Caminhadown no Ibirapuera<\/p>\n<p>Dia: 22\/3, domingo, \u00e0s 11h<br \/>\nLocal: Parque do Ibirapuera<br \/>\nOrganiza\u00e7\u00e3o: Rosana Bignami<\/p>\n<p>Mais informa\u00e7\u00f5es:<\/p>\n<p><a title=\"Link externo :: abre em nova janela\" href=\"https:\/\/www.facebook.com\/events\/619707361508056\/?fref=ts\" rel=\"nofollow\">https:\/\/www.facebook.com\/<wbr \/>events\/619707361508056\/<wbr \/>?fref=ts<\/a><\/p>\n<p>&nbsp;<\/p>\n<p>31) Corrida e Caminhada pela Inclus\u00e3o<\/p>\n<p>Dia: 22\/3, domingo<br \/>\nLocal: Pacaembu<br \/>\nOrganiza\u00e7\u00e3o: Instituto Olga Kos<\/p>\n<p>Mais informa\u00e7\u00f5es \u2013 <a title=\"Link externo :: abre em nova janela\" href=\"http:\/\/www.mundodascorridas.com\/2015\/02\/corrida-e-caminhada-em-homenagem-ao-dia.html\" target=\"_blank\" rel=\"nofollow noopener\">http:\/\/<wbr \/>www.mundodascorridas.com\/<wbr \/>2015\/02\/<wbr \/>corrida-e-caminhada-em-home<wbr \/>nagem-ao-dia.html<\/a><\/p>\n<p>&nbsp;<\/p>\n<p>32) II Encontro de Aten\u00e7\u00e3o \u00e0 s\u00edndrome de Down<\/p>\n<p>Dia: 19 e 20\/3, quinta e sexta<br \/>\nLocal: Faculdade de Ci\u00eancias M\u00e9dicas da Santa Casa de S\u00e3o Paulo \u2013 Audit\u00f3rio Dr. Christiano Altenfelder, na Rua Dr. Ces\u00e1rio Motta Jr., 112, 4\u00ba andar (Novo Pr\u00e9dio da FCMSCSP), Vila Buarque, S\u00e3o Paulo (SP)<br \/>\nOrganiza\u00e7\u00e3o: Fonoaudiologia(Dra. Sandra Cristina Fonseca Pires)<\/p>\n<p>Mais informa\u00e7\u00f5es \u2013 <a title=\"Link externo :: abre em nova janela\" href=\"https:\/\/faculdadesantacasa.wordpress.com\/2015\/02\/27\/2o-encontro-de-atencao-a-sindrome-de-down\/\" target=\"_blank\" rel=\"nofollow noopener\">https:\/\/<wbr \/>faculdadesantacasa.wordpres<wbr \/>s.com\/2015\/02\/27\/<wbr \/>2o-encontro-de-atencao-a-si<wbr \/>ndrome-de-down\/<\/a><\/p>\n<p>&nbsp;<\/p>\n<p>33) Simp\u00f3sio sobre S\u00edndrome de Down \u2013 \u201cMinhas Oportunidades, Minhas Escolhas\u201d<\/p>\n<p>Dia: 21\/3, das 8h \u00e0s 18h<br \/>\nLocal: Sede da Secretaria dos Direitos da Pessoa com Defici\u00eancia de S\u00e3o Paulo, Av. Auro Soares de Moura Andrade, 564 \u2013 Port\u00e3o 10 do Memorial da Am\u00e9rica Latina \u2013 Barra Funda \u2013 S\u00e3o Paulo\/SP<br \/>\nOrganiza\u00e7\u00e3o: IPDSD \/ CEPEC-SP<\/p>\n<p>Com Dr Zan Mustacchi, Prof. Maria Teresa Mantoan, Romeu Sassaki, Lenir Santos, e palestrantes da ADDID, Carpe Diem e Funda\u00e7\u00e3o S\u00edndrome de Down de Campinas.<\/p>\n<p>Mais informa\u00e7\u00f5es: <a href=\"http:\/\/www.inclusive.org.br\/?p=27578\" target=\"_blank\" rel=\"nofollow noopener\">http:\/\/<wbr \/>www.inclusive.org.br\/<wbr \/>?p=27578<\/a><\/p>\n<p>&nbsp;<\/p>\n<p>34) Sess\u00e3o Solene em Comemora\u00e7\u00e3o ao Dia Internacional da Pessoa com S\u00edndrome de Down<\/p>\n<p>Dia: 20\/3, das 14 \u00e0s 17h<br \/>\nLocal: C\u00e2mara Municipal de S\u00e3o Paulo \u2013 Audit\u00f3rio 1\u00ba de Maio \u2013 Viaduto Jacare\u00ed,100, Centro<br \/>\nOrganiza\u00e7\u00e3o: Secretaria Municipal da Pessoa com Defici\u00eancia e Mobilidade Reduzida e C\u00e2mara Municipal de S\u00e3o Paulo (Gabinete do Vereador Dr. Rubens Calvo)<\/p>\n<p>Homenagem a tr\u00eas das principais entidades brasileiras que promovem, por meio de diversas a\u00e7\u00f5es, a valoriza\u00e7\u00e3o e a inclus\u00e3o de milhares de pessoas com S\u00edndrome de Down. As homenageadas ser\u00e3o feitas \u00e0 APAE de S\u00e3o Paulo, Instituto Olga Kos de Inclus\u00e3o Social, e Associa\u00e7\u00e3o Carpe Diem. Durante o evento, centenas de pessoas com S\u00edndrome de Down ocupar\u00e3o as cadeiras normalmente usadas pelos vereadores e far\u00e3o o uso da palavra em mensagens de combate ao preconceito. Haver\u00e1 tamb\u00e9m esquete do musical Cats apresenta\u00e7\u00e3o de aula de Karat\u00ea com os participantes das entidades homenageadas.<\/p>\n<p>==========================<\/p>\n<p>ARARAQUARA<\/p>\n<p>35) Evento em comemora\u00e7\u00e3o ao Dia Internacional da S\u00edndrome de Down<\/p>\n<p>Dia: 21\/3, das 8:30h \u00e0s 12h<\/p>\n<p>Local: Audit\u00f3rio da UNIP \u2013 Av. Alberto Benassi 200, Parque Laranjeiras<\/p>\n<p>Organiza\u00e7\u00e3o: Instituto Conviva Down<\/p>\n<p>Palestra \u201cMovido pela Paix\u00e3o\u201d, com Claudio Leoni Arruda e mesa redonda \u201cDesafios e supera\u00e7\u00f5es.<\/p>\n<p>&nbsp;<\/p>\n<p>36) Apresenta\u00e7\u00e3o de dan\u00e7a \u2013 crian\u00e7as, jovens e adultos do Conviva Down<\/p>\n<p>Dia: 21\/3, \u00e0s 17h<\/p>\n<p>Local: Shopping Jaragu\u00e1<\/p>\n<p>&nbsp;<\/p>\n<p>37) 3\u00aa Caminhada Conviva Down e Aula de Zumba<\/p>\n<p>Dia: 22\/3, das\u00a08h30 \u00e0s 11h<\/p>\n<p>Local: Parque Infantil<\/p>\n<p>Organiza\u00e7\u00e3o: Conviva Down<\/p>\n<p>&nbsp;<\/p>\n<p>38) Exposi\u00e7\u00e3o de fotos de Priscila e Sidnei Bolfi<\/p>\n<p>Dia: 21 a 28<\/p>\n<p>Local: Shopping Jaragu\u00e1<\/p>\n<p>&nbsp;<\/p>\n<p>==========================<\/p>\n<p>TAUBAT\u00c9<\/p>\n<p>39) Dia Internacional com muita alegria<\/p>\n<p>Dia: 22\/3, domingo<br \/>\nLocal: Buffet infantil Arco \u00edris<\/p>\n<p>==========================<\/p>\n<p>CAMPINAS<\/p>\n<p>40) IV Caminhada pela inclus\u00e3o \u2013 Eu fa\u00e7o parte!<\/p>\n<p>Dia: 22\/3, domingo, de 9 \u00e0s 14h<br \/>\nLocal: Pra\u00e7a Arautos da Paz (Taquaral)<br \/>\nOrganiza\u00e7\u00e3o: CEESD<\/p>\n<p>Mais informa\u00e7\u00f5es \u2013 <a title=\"Link externo :: abre em nova janela\" href=\"http:\/\/l.facebook.com\/l.php?u=http%3A%2F%2Fwww.ceesd.org.br%2F&amp;h=TAQFbNJDW&amp;enc=AZOCcNjgQwppUOXhFq3wMUq_QIgs9j9OmpQ6r5IR7TjR0F0yUKCUTbDWAnQb1LdKZYw&amp;s=1\" target=\"_blank\" rel=\"nofollow noopener\">http:\/\/www.ceesd.org.br\/<\/a><\/p>\n<p>==========================<\/p>\n<p>SANTOS<\/p>\n<p>41) Caminhada Super Down<\/p>\n<p>Dia: 21\/3, s\u00e1bado, 10h<br \/>\nLocal: Praia de Santos \u2013 Canal 2<br \/>\nOrganiza\u00e7\u00e3o : Super Down<\/p>\n<p>Mais informa\u00e7\u00f5es \u2013 <a title=\"Link externo :: abre em nova janela\" href=\"https:\/\/www.facebook.com\/events\/345357038996936\" rel=\"nofollow\">https:\/\/www.facebook.com\/<wbr \/>events\/345357038996936<\/a><\/p>\n<p>&nbsp;<\/p>\n<p>42) Caminhada Apae<\/p>\n<p>Dia: 20\/3 . As caminhadas em torno da escola ser\u00e3o realizadas \u00e0s 9h e 14h30.<\/p>\n<p>Local: Rua Bar\u00e3o de Paranapiacaba, 91.<\/p>\n<p>Organiza\u00e7\u00e3o : Apae Santos<\/p>\n<p>==========================<\/p>\n<p>JACARE\u00cd<\/p>\n<p>43) Colegas, o Filme<\/p>\n<p>Dia: 21\/3, \u00e0s 19:30h<br \/>\nLocal: Sala Paulo Freire \u2013 EducaMais Jacare\u00ed<br \/>\nOrganiza\u00e7\u00e3o: Rede de Ativadores do Movimento Down e Educamais Jacare\u00ed<\/p>\n<p>Ativador Humberto Campinho \u2013 hcampinho@gmail.com, com apoio do Conselho Municipal dos Direitos das Pessoas com Defici\u00eancia.<\/p>\n<p>&nbsp;<\/p>\n<p>44) Exposi\u00e7\u00e3o X Dia Internacional da S\u00edndrome de Down<\/p>\n<p>Dia: M\u00eas de mar\u00e7o<br \/>\nLocal: Espa\u00e7o EducaMais Jacare\u00ed<br \/>\nOrganiza\u00e7\u00e3o: Rede de Ativadores do Movimento Down e Educamais Jacare\u00ed<\/p>\n<p>Ativador Humberto Campinho \u2013 hcampinho@gmail.com, com apoio do Conselho Municipal dos Direitos das Pessoas com Defici\u00eancia.<\/p>\n<p><a title=\"Link externo :: abre em nova janela\" href=\"https:\/\/www.facebook.com\/pages\/Comit%C3%AA-Viver-sem-Limite-de-Jacare%C3%AD\/248047982037914\" rel=\"nofollow\">https:\/\/www.facebook.com\/<wbr \/>pages\/<wbr \/>Comit\u00ea-Viver-sem-Limite-de-<wbr \/>Jacare\u00ed\/248047982037914<\/a><\/p>\n<p>&nbsp;<\/p>\n<p>45) I CaminhaDown Jacare\u00ed<\/p>\n<p>Dia: 22\/3, domingo, \u00e0s 9h<br \/>\nLocal: Parque da Cidade de Jacare\u00ed<br \/>\nOrganiza\u00e7\u00e3o: Rede de Ativadores do Movimento Down e Educamais Jacare\u00ed<\/p>\n<p>Ativador Humberto Campinho \u2013 hcampinho@gmail.com, em parceria com o Conselho Municipal dos Direitos das Pessoas com Defici\u00eancia e apoio da Prefeitura Municipal de Jacare\u00ed.<\/p>\n<p><a title=\"Link externo :: abre em nova janela\" href=\"https:\/\/www.facebook.com\/pages\/Comit%C3%AA-Viver-sem-Limite-de-Jacare%C3%AD\/248047982037914\" rel=\"nofollow\">https:\/\/www.facebook.com\/<wbr \/>pages\/<wbr \/>Comit\u00ea-Viver-sem-Limite-de-<wbr \/>Jacare\u00ed\/248047982037914<\/a><\/p>\n<p>&nbsp;<\/p>\n<p>46)\u00a0Dia Internacional da S\u00edndrome de Down no r\u00e1dio<\/p>\n<p>Programa Diocese em Movimento &#8211; R\u00e1dio Mensagem \u2013 Diocese de S\u00e3o Jos\u00e9 dos Campos \u2013 1470 AM<\/p>\n<p>Dia: 21\/3, \u00e0s 10 : 05 h<\/p>\n<p>Acesso internet:\u00a0<a href=\"http:\/\/www.radiomensagem.am.br\/\">http:\/\/www.radiomensagem.am.br<\/a><\/p>\n<p>Organiza\u00e7\u00e3o: Rede de Ativadores do Movimento Down<\/p>\n<p>Ativador: humberto campinho<\/p>\n<p>Contato:\u00a0<a href=\"mailto:hcampinho@gmail.com\">hcampinho@gmail.com<\/a><\/p>\n<p><a href=\"https:\/\/www.facebook.com\/pages\/Comit%C3%AA-Viver-sem-Limite-de-Jacare%C3%AD\/248047982037914\">https:\/\/www.facebook.com\/pages\/comit\u00ea-viver-sem-limite-de-jacare\u00ed\/248047982037914<\/a><\/p>\n<p>&nbsp;<\/p>\n<p>47) Oportunidades e escolhas das pessoas com s\u00edndrome de Down<\/p>\n<p>Programa TV C\u00e2mara entrevista &#8211; \u00a0TV C\u00e2mara de\u00a0Jacare\u00ed\u00a0\u2013 C\u00e2mara Municipal de\u00a0Jacare\u00ed<\/p>\n<p>Dia: 23\/3 , \u00e0s 19 : 00 h<\/p>\n<p>Acesso internet:\u00a0<a href=\"http:\/\/www.jacarei.sp.leg.br\/tv-camara-jacarei\">http:\/\/www.jacarei.sp.leg.br\/tv-camara-jacarei<\/a><\/p>\n<p>Organiza\u00e7\u00e3o: Rede de Ativadores do Movimento Down<\/p>\n<p>Ativador: humberto campinho<\/p>\n<p>Contato:\u00a0<a href=\"mailto:hcampinho@gmail.com\">hcampinho@gmail.com<\/a><\/p>\n<p><a href=\"https:\/\/www.facebook.com\/pages\/Comit%C3%AA-Viver-sem-Limite-de-Jacare%C3%AD\/248047982037914\">https:\/\/www.facebook.com\/pages\/comit\u00ea-viver-sem-limite-de-jacare\u00ed\/248047982037914<\/a><\/p>\n<p>&nbsp;<\/p>\n<p>==========================<\/p>\n<p>RIBEIR\u00c3O PRETO<\/p>\n<p>48) Sess\u00e3o Solene para a comemora\u00e7\u00e3o do Dia Internacional da S\u00edndrome de Down<\/p>\n<p>Dia: 18\/3 \u00e0s 19h<br \/>\nLocal: C\u00e2mara Municipal<br \/>\nOrganiza\u00e7\u00e3o: C\u00e2mara Municipal<\/p>\n<p>&nbsp;<\/p>\n<p>49) Palestra S\u00edndrome de Down e seus aspectos<\/p>\n<p>Dia: 16\/3, segunda, \u00e0s 13 horas<br \/>\nLocal: Audit\u00f3rio II da EERP, no campus da USP em Ribeir\u00e3o Preto<br \/>\nOrganiza\u00e7\u00e3o: Liga de Gen\u00e9tica e Gen\u00f4mica (LiGGen) da Escola de Enfermagem de Ribeir\u00e3o Preto (EERP) da USP.<\/p>\n<p>A palestra ser\u00e1 conduzida pela m\u00e9dica geneticista Lisandra Mesquita Batista, do Hospital das Cl\u00ednicas (HC) da Faculdade de Medicina de Ribeir\u00e3o Preto (FMRP) da USP. O evento \u00e9 gratuito e aberto a interessados.<\/p>\n<p>&nbsp;<\/p>\n<p>50) Caminhada Tudo Junto e Misturado Pr\u00f3-Diversidade<\/p>\n<p>Dia: 21\/3, \u00e0s 9h<br \/>\nLocal: 4 kilometros entre dois parques da cidade<br \/>\nOrganiza\u00e7\u00e3o: FADA<\/p>\n<p>&nbsp;<\/p>\n<p>51) Exercitando o Lazer-Brincar \u2013 OAB<\/p>\n<p>Dia: 21\/3, das 14 \u00e0s 17h<br \/>\nLocal: Casa da Advocacia Cavalheiro Torquato Rizzi, 215<br \/>\nOrganiza\u00e7\u00e3o: Comiss\u00e3o dos Direitos das Pessoas com Defici\u00eancia da OAB<\/p>\n<p>Brincadeiras, oficina de massinha e bazar. Bate-papo com as psic\u00f3logas Camila Andrade e Patricia Binhardi.<\/p>\n<p>Mais informa\u00e7\u00f5es \u2013 <a title=\"Link externo :: abre em nova janela\" href=\"http:\/\/www.evento.br.com\/eventos\/602249\/lazer-na-oab-dia-internacional-da-sindrome-de-down\" target=\"_blank\" rel=\"nofollow noopener\">http:\/\/www.evento.br.com\/<wbr \/>eventos\/602249\/<wbr \/>lazer-na-oab-dia-internacio<wbr \/>nal-da-sindrome-de-down<\/a><\/p>\n<p>==========================<\/p>\n<p>S\u00c3O CARLOS<\/p>\n<p>52) Missa em A\u00e7\u00e3o de Gra\u00e7as pelo Dia Internacional da S\u00edndrome de Down<\/p>\n<p>Dia: 20\/3, \u00e0s 19h<br \/>\nLocal: Par\u00f3quia S\u00e3o Nicolau de Fl\u00fce, Rua Dr. Pedro Raimundo, 80 Vila Carmem<br \/>\nOrganiza\u00e7\u00e3o: Pastoral da Inclus\u00e3o<\/p>\n<p>==========================<\/p>\n<p>SOROCABA<\/p>\n<p>53) Homenagens na C\u00e2mara Municipal de Sorocaba.<\/p>\n<p>Dia:\u00a019\/3, Quinta-Feira, \u00e0s 12:30h\u00a0<b><br \/>\n<\/b>Local: C\u00e2mara Municipal de Sorocaba As 12:30 hs.<br \/>\nOrganiza\u00e7\u00e3o: Felicidade Down e C\u00e2mara Minucipal<\/p>\n<p>&nbsp;<\/p>\n<p>54) Apresenta\u00e7\u00e3o da Pe\u00e7a de Teatro \u201cMudando H\u00e1bitos\u201d.<\/p>\n<p>Dia:\u00a021\/3\/2015, S\u00e1bado, \u00e0s 20h<br \/>\nLocal: Teatro Municipal Teot\u00f4nio Vilela<br \/>\nOrganiza\u00e7\u00e3o: Felicidade Down<\/p>\n<p>&nbsp;<\/p>\n<p>55) Evento anual da Comemora\u00e7\u00e3o do Dia Internacional da S\u00edndrome de Down.<\/p>\n<p>Dia 29\/3, Domingo, a partir das 12h<b><br \/>\n<\/b>Local: Cefas \u2013 Sorocaba \u2013 SP<br \/>\nOrganiza\u00e7\u00e3o: Comunidade Felicidade Down<\/p>\n<p>==========================<\/p>\n<p>LIMEIRA<\/p>\n<p>56) Abertura da Semana da S\u00edndrome de Down com a a\u00e7\u00e3o \u201cJuntos pelo Down\u201d<\/p>\n<p>Dia: 16\/3, \u00e0s 17h<\/p>\n<p>Local: Faal \u2013 Avenida Engenheiro Antonio Eug\u00eanio Lucato, 2515, Vila Camargo.<\/p>\n<p>Organiza\u00e7\u00e3o: Amigos Especiais de Limeira<\/p>\n<p>Crian\u00e7as com s\u00edndrome de Down e suas fam\u00edlias fazem ensaio fotogr\u00e1fico e produ\u00e7\u00e3o visual feitos por alunos. A sess\u00e3o de fotos resultar\u00e1 em uma exposi\u00e7\u00e3o.<\/p>\n<p>&nbsp;<\/p>\n<p>57) Debate com alunos dos cursos de Servi\u00e7o Social, Direito e Pedagogia do ISCA Faculdades sobre quest\u00f5es relacionadas a pessoas com s\u00edndrome de Down<\/p>\n<p>Dia: 17\/3 , \u00e0s\u00a019h30<\/p>\n<p>Local: Anfiteatro Dr. Waldomiro Francisco no ISCA Faculdades \u2013 Rodovia Deputado La\u00e9rcio Corte, 3000, Ch\u00e1cara Boa Vista da Graminha.<\/p>\n<p>&nbsp;<\/p>\n<p>58) Crian\u00e7as com s\u00edndrome de Down entram em quadra, uniformizadas, com os jogadores da Winner\/Kabum Limeira no jogo contra o Minas pelo Nosso Basquete Brasil (NBB).<\/p>\n<p>Dia: 18\/3, \u00e0s 19h30<\/p>\n<p>Local: Gin\u00e1sio V\u00f4 Lucato \u2013 Rua Jo\u00e3o Jacon, s\/n, Parque da Cidade.<\/p>\n<p>Organiza\u00e7\u00e3o: Amigos Especiais de Limeira<\/p>\n<p>&nbsp;<\/p>\n<p>59) Distribui\u00e7\u00e3o de panfletos informativos sobre a S\u00edndrome de Down na pista de caminhada do Parque da Cidade.<\/p>\n<p>Dia: 19\/3 \u00e0s 18h30<\/p>\n<p>Local: Parque da Cidade \u2013 Rua Jo\u00e3o K\u00fchl Filho, s\/n, Parque da Cidade.<\/p>\n<p>Organiza\u00e7\u00e3o: Amigos Especiais de Limeira<\/p>\n<p>&nbsp;<\/p>\n<p>60) Confraterniza\u00e7\u00e3o pelo Dia Internacional da S\u00edndrome de Down.<\/p>\n<p>21\/03 (S\u00e1bado):Hor\u00e1rio: 20h<\/p>\n<p>Local: Gran S\u00e3o Jo\u00e3o \u2013 Rua Doutor Antonio Frederico Ozanan, 111, Parque Real.<\/p>\n<p>Organiza\u00e7\u00e3o: Amigos Especiais de Limeira<\/p>\n<p>Fam\u00edlias e amigos est\u00e3o convidados para a confraterniza\u00e7\u00e3o ao som do DJ Freeway na boate do Gran S\u00e3o Jo\u00e3o.\u00a0A entrada \u00e9 gratuita, mas Cada fam\u00edlia deve levar um prato de salgado e bebida. \u00c9 necess\u00e1rio confirmar presen\u00e7a pelo e-mail: amigosespeciaisdelimeira@ gmail.com.<\/p>\n<p>Mais informa\u00e7\u00f5es:\u00a0<a title=\"Link externo :: abre em nova janela\" href=\"https:\/\/www.facebook.com\/amigosespeciaisdelimeira\">https:\/\/www.facebook.com\/amigosespeciaisdelimeira<\/a><\/p>\n<p>==========================<\/p>\n<p>SOCORRO<\/p>\n<p>61) Momento Down \u2013 minhas oportunidades, minhas escolhas<\/p>\n<p>Dia: 21\/3, das 08 \u00e0s 15h<\/p>\n<p>Local: SESC\u00a0Unidade Socorro,<\/p>\n<p>O projeto prop\u00f5e um dia lazer com acesso gratuito aos diversos servi\u00e7os oferecidos pelo Sesc nas \u00e1reas de educa\u00e7\u00e3o, sa\u00fade, cultura, lazer e assist\u00eancia.\u00a0Durante todo o dia o Sesc ir\u00e1 realizar uma programa\u00e7\u00e3o especial com feira de ci\u00eancias, brinquedoteca, biblioteca, jogos, campanha de higiene bucal, palestra, brincadeiras populares, esquete teatral, recrea\u00e7\u00e3o aqu\u00e1tica, oficina de jud\u00f4, camarim fashion, oficinas de arte e foto lembran\u00e7a.<\/p>\n<p>==========================<\/p>\n<p>CATANDUVA<\/p>\n<p>62) \u00a0Atividades em homenagem ao dDia Internacional da S\u00edndrome de Down<\/p>\n<p>Dia: 22\/3<\/p>\n<p>Local: APAE de Catanduva<\/p>\n<p>Organiza\u00e7\u00e3o: Curso de Medicina das FIPA (Faculdades Integradas Padre Albino)<\/p>\n<p>Assist\u00eancia \u00e0 sa\u00fade e de lazer, que ser\u00e3o coordenadas pela professora Nilce Barril Brighetti.<\/p>\n<p>==========================<\/p>\n<p>Bahia<\/p>\n<p>SALVADOR<\/p>\n<p>63) S\u00edndrome de Down \u2013 Desafios e Possibilidades<\/p>\n<p>Dia: 20\/3, das 8h s 11:30h<\/p>\n<p>Local:Audit\u00f3rio da APAE \u2013 Rua Rio Grande do Sul, n\u00ba 545, Pituba<\/p>\n<p>Organiza\u00e7\u00e3o: APAE<\/p>\n<p>Palestras com informa\u00e7\u00f5es sobre sa\u00fade, educa\u00e7\u00e3o e assist\u00eancia social.<\/p>\n<div>\n<div>\n<div>\n<div><\/div>\n<div>64) Encontro e informa\u00e7\u00e3o Bahiadown<\/div>\n<div><\/div>\n<div>Dia: 21\/3, \u00e0s 15h<br \/>\nLocal: Farol da Barra<br \/>\nOrganiza\u00e7\u00e3o: BahiadownPanfletagem de material informativo,piquenique, passeio pela roda de gigante e muita alegria!<\/div>\n<div><\/div>\n<div>65) Exposi\u00e7\u00e3o fotogr\u00e1fica \u201cN\u00e3o precisa mudar, vou me adaptar ao seu jeito\u201d<\/div>\n<div>Dia: de 21\/3 a 5\/4<br \/>\nLocal: Shopping Barra, 1\u00ba Piso Sul<br \/>\nOrganiza\u00e7\u00e3o: Betina Valente (Fot\u00f3grafa)<\/div>\n<div><\/div>\n<\/div>\n<\/div>\n<\/div>\n<p>==========================&lt;<\/p>\n<p>CAMA\u00c7ARI<\/p>\n<div>66) Abrace a causa BahiadownDia: 21\/3, \u00e0s 10h<br \/>\nLocal: Pra\u00e7a Desembargador Montenegro, em Cama\u00e7ari<br \/>\nOrganiza\u00e7\u00e3o: Bahiadown<\/div>\n<div><\/div>\n<div>67) Panfletagem de material informativo.53) \u00a0Sess\u00e3o Solene da C\u00e2mara de VereadoresDia: 27\/3, \u00e0s 9h<br \/>\nLocal: Teatro Alberto Martins, em Cama\u00e7ari<br \/>\nOrganiza\u00e7\u00e3o: C\u00e2mara de Vereadores<\/div>\n<div><\/div>\n<p>=======================================<\/p>\n<p>ITABUNA<\/p>\n<p>68) Semin\u00e1rio. Cidad\u00e3o Down. Crescendo e transformando.<\/p>\n<p>Dia: 20\/3, sexta<br \/>\nLocal: Universidade Estadual de Santa Cruz<br \/>\nOrganiza\u00e7\u00e3o: Aprendendo Down<\/p>\n<p>Educa\u00e7\u00e3o Inclusiva \u2013 Coordena\u00e7\u00e3o da Profa. Juilma Nogueira. Pioneira nestes assuntos. Articuladora na inser\u00e7\u00e3o dos alunos do curso m\u00e9dio a Universidade<\/p>\n<p>a) \u201cInclus\u00e3o dos Alunos com s\u00edndrome de Down nas escolas municipais urbanas da rede regular em Ilh\u00e9us.BA\u201d.<\/p>\n<p>TCC da Aluna Lucienne, para gradua\u00e7\u00e3o em Pedagogia<\/p>\n<p>b) \u201cDireto a Educa\u00e7\u00e3o Inclusiva. Pol\u00edticas P\u00fablicas. O que temos e o que queremos\u201d.<\/p>\n<p>Profa Liliane Garcez<\/p>\n<p>69) Panfletagem na Pra\u00e7a<\/p>\n<p>Dia: 21\/3, s\u00e1bado<br \/>\nLocal: Pra\u00e7a<br \/>\nOrganiza\u00e7\u00e3o: Aprendendo Down<\/p>\n<p>Distribui\u00e7\u00e3o da cartilha \u201cEscola para todos \u2013 Educa\u00e7\u00e3o Inclusiva: o que os pais precisam saber\u201d, em parceria com o Movimento Down.<\/p>\n<p>==========================<\/p>\n<p>VIT\u00d3RIA DA CONQUISTA<\/p>\n<p>70) Curso em Prepara\u00e7\u00e3o para a Vida Matrimonial<\/p>\n<p>Dia: 21\/3, \u00e0s 19h<\/p>\n<p>Local: Par\u00f3quia Nossa Senhora Aparecida, Sal\u00e3o Senhor dos Passos, em Vit\u00f3ria da Conquista<\/p>\n<p>Tema \u2013 Paternidade Respons\u00e1vel informa\u00e7\u00f5es sobre S\u00edndrome de Down e outras defici\u00eancias.<\/p>\n<p>==========================<\/p>\n<p>Minas Gerais<\/p>\n<p>BELO HORIZONTE<\/p>\n<p>71) III Caminhada Up and Down<\/p>\n<p>Dia: 22\/3, domingo, a partir das 9 h<br \/>\nLocal: Barragem Santa L\u00facia<br \/>\nOrganiza\u00e7\u00e3o: Mano Down<\/p>\n<p>Mais informa\u00e7\u00f5es \u2013 <a title=\"Link externo :: abre em nova janela\" href=\"https:\/\/www.facebook.com\/manodown?fref=photo\" rel=\"nofollow\">https:\/\/www.facebook.com\/<wbr \/>manodown?fref=photo<\/a><\/p>\n<p>72) Palestra do Dia Internacional da S\u00edndrome de Down<\/p>\n<p>Dia: 21\/3, de 8h \u00e0s 12:30h<br \/>\nLocal: Faculdade de Medicina da UFMG, Av: Alfredo Balena,190- Santa Efig\u00eania.<br \/>\nOrganiza\u00e7\u00e3o: Instituto Meta Social, Familia Down,FBASD\/Minas Down\/Fred Costa (Deputado Estadual)\/Prefeitura de BH.<\/p>\n<p>Temas:<br \/>\n\u201cS\u00edndrome de Down\u201d<br \/>\nPalestrante: Cinthia Coimbra de Azevedo(Fonoaudiologa,Espe<wbr \/>cialista em S\u00edndrome de Down)<br \/>\n\u201cArranjos Familiares e Obesidade Infantil\u201d<br \/>\nPalestrante: Walter Ernesto Ude Marques(Psic\u00f3logo,Professo<wbr \/>r da Faculdade de Educa\u00e7\u00e3o da UFMG)<br \/>\n\u201cObesidade na Inf\u00e2ncia e Intera\u00e7\u00f5es Familiares:Uma Trama Complexa\u201d<br \/>\nPalestrante:Val\u00e9ria Tassara(Psic\u00f3loga,Mestre em Ci\u00eancias da Sa\u00fade pela UFMG).<br \/>\nApresenta\u00e7\u00f5es Art\u00edsticas:<br \/>\n-Banda de Percuss\u00e3o Comum Viver<br \/>\n-Pe\u00e7a Teatral\u201dAfasta de mim esse c\u00e1lice\u201dDiadia.<\/p>\n<p>==========================<\/p>\n<p>BARBACENA<\/p>\n<p>73) II Desfile Olhar Down e Palestra<\/p>\n<p>Dia: 21\/3, s\u00e1bado, \u00e0s 16h<br \/>\nLocal: Autom\u00f3vel Clube<br \/>\nOrganiza\u00e7\u00e3o: Olhar Down \u2013 Amor sem Limites<\/p>\n<p>Desfile e palestra com jovem com s\u00edndrome de Down.<\/p>\n<p>Mais informa\u00e7\u00f5es: <a title=\"Link externo :: abre em nova janela\" href=\"https:\/\/www.facebook.com\/OlharDownAmorSemLimites?fref=ts\" rel=\"nofollow\">https:\/\/www.facebook.com\/<wbr \/>OlharDownAmorSemLimites?fre<wbr \/>f=ts<\/a><\/p>\n<p>==========================<\/p>\n<p>JUIZ DE FORA<\/p>\n<p>74) Palestras sobre S\u00edndrome de Down para marcar o Dia Internacional<\/p>\n<p>Dia: 21\/3, das 9 \u00e0s 18h<\/p>\n<p>Local: Instituto de Ci\u00eancias Humanas \u2013 Universidade Federal de Juiz de fora<\/p>\n<p>Organiza\u00e7\u00e3o: Nara Liana Pereira<\/p>\n<p>Outras informa\u00e7\u00f5es: (32) 2102-3117 Departamento de Psicologia \u2013 inscri\u00e7\u00f5es \u2013<a href=\"mailto:eventosindromededown@gmail.com\">eventosindromededown@gmail.com<\/a><\/p>\n<p>==========================<\/p>\n<p>Par\u00e1<\/p>\n<p>BEL\u00c9M<\/p>\n<p>75) Exposi\u00e7\u00e3o fotogr\u00e1fica \u201cContando Hist\u00f3rias\u201d<\/p>\n<p>Dia: 21 a 30\/3<br \/>\nLocal: Boulevard Shopping<br \/>\nOrganiza\u00e7\u00e3o: N\u00facleo Amaz\u00f4nico de Acessibilidade, Inclus\u00e3o e Tecnologia<\/p>\n<p>Para celebrar o dia Internacional da S\u00edndrome de Down O N\u00facleo Amaz\u00f4nico de Acessibilidade, Inclus\u00e3o e Tecnologia \u2013 UFRA em Parceria com a VEGA fotografia ir\u00e1 apresentar a exposi\u00e7\u00e3o fotogr\u00e1fica \u201cContando Hist\u00f3rias\u201d. A exposi\u00e7\u00e3o acontecer\u00e1 no per\u00edodo de 21 \u00e0 31 de mar\u00e7o de 2015 no Boulevard shopping em Bel\u00e9m\/Par\u00e1.<\/p>\n<p>Informa\u00e7\u00f5es \u2013 <a title=\"Link externo :: abre em nova janela\" href=\"https:\/\/www.facebook.com\/pages\/N%C3%BAcleo-Amaz%C3%B4nico-de-Acessibilidade-Inclus%C3%A3o-e-Tecnologia-UFRA\/245733598799337\" rel=\"nofollow\">https:\/\/www.facebook.com\/<wbr \/>pages\/<wbr \/>N\u00facleo-Amaz\u00f4nico-de-Acessib<wbr \/>ilidade-Inclus\u00e3o-e-Tecnolo<wbr \/>gia-UFRA\/245733598799337<\/a><\/p>\n<p>76) BrincaDown Bel\u00e9m<\/p>\n<p>Dia: 21\/3, de 9h \u00e0s 12h<br \/>\nLocal: Pra\u00e7a Batista Campos<br \/>\nOrganiza\u00e7\u00e3o: Associa\u00e7\u00e3o Singularidade Down<\/p>\n<p>Brincadeiras, pintura art\u00edstica, confraterniza\u00e7\u00e3o e informa\u00e7\u00f5es<\/p>\n<p>77) Cinema Down Bel\u00e9m<\/p>\n<p>Dia: 21\/3, \u00e0s 15:30h<br \/>\nLocal: Cine Olimpia<br \/>\nOrganiza\u00e7\u00e3o: Associa\u00e7\u00e3o Singularidade Down<\/p>\n<p>Exibi\u00e7\u00e3o do V\u00eddeo Assim como Voc\u00ea e filmes infantis. Distribui\u00e7\u00e3o de lanches<\/p>\n<p>78) I Foco inClusivo \u2013 \u201cEduca\u00e7\u00e3o Inclusiva: do Ensino Fundamental ao superior, direitos conquistados e desafios a vencer\u201d<\/p>\n<p>Dia: 21\/3, \u00e0s 16h<br \/>\nLocal: Audit\u00f3rio da Fibra<br \/>\nOrganiza\u00e7\u00e3o: inClub<\/p>\n<p>TEMAS: Retrospectiva hist\u00f3rica da Educa\u00e7\u00e3o inclusiva: conquistas e desafios; Cen\u00e1rio geral Brasil e Par\u00e1 (legisla\u00e7\u00e3o vigente, direitos, responsabilidades); Como efetivar na escola as pr\u00e1ticas de inclus\u00e3o?; O papel das fam\u00edlias de estudantes com defici\u00eancia; A forma\u00e7\u00e3o dos profissionais da educa\u00e7\u00e3o na perspectiva da inclus\u00e3o; O cotidiano de sala de aula: tens\u00f5es e converg\u00eancias na pratica do professor diante do processo de inclus\u00e3o e exclus\u00e3o, entre outros. Ap\u00f3s os debates sobre cada tema, ser\u00e1 aberto espa\u00e7o de perguntas ao p\u00fablico.<\/p>\n<p>Debatedores: Clara Azevedo Mont\u2019Alverne: Pedagoga da Secretaria de Estado de Educa\u00e7\u00e3o; Denise Costa: Coordenadora do Centro de Refer\u00eancia em Inclus\u00e3o Educacional \u201cGabriel Lima Mendes\u201d \u2013 CRIE (SEMEC\/PA); K\u00e1tia Lima: Coordenadora Geral da Coordena\u00e7\u00e3o de Educa\u00e7\u00e3o Especial \u2013 COEES\/PA; Tiago de Souza Costa: Coordenador Geral do Centro de Capacita\u00e7\u00e3o de Profissionais da Educa\u00e7\u00e3o e Atendimento \u00e0s Pessoas com Surdez \u2013 CAS (SEDUC\/PA).<\/p>\n<p>Inscri\u00e7\u00f5es no endere\u00e7o: <a title=\"Link externo :: abre em nova janela\" href=\"http:\/\/bit.ly\/inclusivo\" target=\"_blank\" rel=\"nofollow noopener\">bit.ly\/inclusivo<\/a><\/p>\n<p>79) Plant\u00e3o Jur\u00eddico \u2013 Orienta\u00e7\u00f5es Jur\u00eddicas \u00e0 comunidade<\/p>\n<p>Dia: 23\/3, a partir das 9h<\/p>\n<p>Local: Sede da Associa\u00e7\u00e3o Singluaridade Down \u2013 TV S\u00e3o Francisco, 233<\/p>\n<p>Organiza\u00e7\u00e3o: OAB e Singularidade Down<\/p>\n<p>Como parte da celebra\u00e7\u00e3o do Dia Internacional da S\u00edndrome de Down<\/p>\n<p>&nbsp;<\/p>\n<p>80) Plant\u00e3o Jur\u00eddico \u2013 Orienta\u00e7\u00f5es Jur\u00eddicas \u00e0 comunidade<\/p>\n<p>Dia: 24\/3, a partir das 15h<\/p>\n<p>Local: Sede da OAB \u2013 Bar\u00e3o do Rio Branco, 93, sala de Comiss\u00f5es<\/p>\n<p>Organiza\u00e7\u00e3o: OAB e Singularidade Down<\/p>\n<p>Como parte da celebra\u00e7\u00e3o do Dia Internacional da S\u00edndrome de Down<\/p>\n<p>==========================<\/p>\n<p>Esp\u00edrito Santo<\/p>\n<p>VIT\u00d3RIA<\/p>\n<p>81) 3\u00aa Manh\u00e3 de Lazer em comemora\u00e7\u00e3o ao Dia Mundial da S\u00edndrome de Down<\/p>\n<p>Dia: 22\/3, domingo, das 9h \u00e0s 12h<br \/>\nLocal: Praia de Camburi\/ Vit\u00f3ria (2\u00ba bols\u00e3o de estacionamento e o deck do SOE)<br \/>\nOrganiza\u00e7\u00e3o: Vit\u00f3ria Down<\/p>\n<p>82) Sess\u00e3o Solene em Comemora\u00e7\u00e3o do Dia Internacional da S\u00edndrome de Down<\/p>\n<p>Dia: 25\/3, quarta, \u00e0s 19h<br \/>\nLocal: C\u00e2mara de Vereadores de Vit\u00f3ria \u2013 Avenida Marechal Mascarenhas de Mor\u00e3es, 1788 \u2013 Bento Ferreira, Vit\u00f3ria \u2013 ES<br \/>\nOrganiza\u00e7\u00e3o: Vit\u00f3ria Down<\/p>\n<p>==========================<\/p>\n<p>Rio Grande do Sul<\/p>\n<p>PORTO ALEGRE<\/p>\n<p>83) Un Dia no Parque \u2013 informa\u00e7\u00f5es sobre s\u00edndrome de Down<\/p>\n<p>Dia: 22\/3, das 9 \u00e0s 17h<\/p>\n<p>Local: Parque Farroupilha<\/p>\n<p>Organiza\u00e7\u00e3o: AFAD<\/p>\n<p>&nbsp;<\/p>\n<p>84) Passeio \u00e0 Quinta da Est\u00e2ncia<\/p>\n<p>Dia: 21\/3<\/p>\n<p>Organiza\u00e7\u00e3o: AFAD<\/p>\n<p>Convites limitados \u2013 contato Vera Ione, fone 9999-1103\u00a0(Transporte Valmor \u2013 sa\u00edda \u00e1s 07h30 )<\/p>\n<div><\/div>\n<p>85) Missa de A\u00e7\u00e3o de Gra\u00e7as pelo Dia Internacional da S\u00edndrome de Down<\/p>\n<p>Dia: 21\/3, \u00a0\u00e0s 17h<\/p>\n<p>Local: Catedral Metropolitana M\u00e3e de Deus, Centro Hist\u00f3rico<\/p>\n<p>=========================<\/p>\n<p>NOVO HAMBURGO<\/p>\n<p>86) Celebra\u00e7\u00e3o do Dia Internacional da S\u00edndrome de Down<\/p>\n<p>Dia: 21\/3<\/p>\n<p>Local: Pra\u00e7a dos Imigrantes<\/p>\n<p>Organiza\u00e7\u00e3o: AFAD Novo Hamburgo<\/p>\n<p>&nbsp;<\/p>\n<p>=========================<\/p>\n<p>Santa Catarina<\/p>\n<p>JAGUAR\u00c1 DO SUL<\/p>\n<p>87) 16\/3 Segunda-feira: Escolha do Garoto e da Garota Down<\/p>\n<p>Local: APAE\/CAESP de Jaragu\u00e1 do Sul<\/p>\n<p>Hor\u00e1rio: 09h45min e 15h45min<\/p>\n<p>* Aberto ao p\u00fablico<\/p>\n<p>&nbsp;<\/p>\n<p>88) 17\/3 Ter\u00e7a-feira: Atividade no Hospital Jaragu\u00e1<\/p>\n<p>Local: Hospital Maternidade Jaragu\u00e1<\/p>\n<p>Visita: Humaniza-Down<\/p>\n<p>Hor\u00e1rio: 09h30<\/p>\n<p>Roda de Conversa: \u201cMomento da Not\u00edcia\u201d<\/p>\n<p>Hor\u00e1rio: 11h e 15h30<\/p>\n<p>* Para equipe de funcion\u00e1rios do Hospital<\/p>\n<p>&nbsp;<\/p>\n<p>89) 18\/3 Quarta-feira: Atividade no Hospital S\u00e3o Jos\u00e9<\/p>\n<p>Local: Hospital Maternidade S\u00e3o Jos\u00e9<\/p>\n<p>Visita: Humaniza-Down<\/p>\n<p>Hor\u00e1rio: 09h30<\/p>\n<p>Roda de Conversa: \u201cMomento da Not\u00edcia\u201d<\/p>\n<p>Hor\u00e1rio: 11h e 15h30<\/p>\n<p>* Para os funcion\u00e1rios do Hospital<\/p>\n<p>&nbsp;<\/p>\n<p>90) 19\/3 Quinta-feira: Palestra: Um olhar pela Fam\u00edlia<\/p>\n<p>Palestrante: Psic\u00f3loga Karla Garcia Luiz<\/p>\n<p>Especialista em Educa\u00e7\u00e3o Especial<\/p>\n<p>Local: ACIJS<\/p>\n<p>Resultado Garoto e Garota Down 2015 e Homenagem ao Artista Luciano Martins<\/p>\n<p>Hor\u00e1rio: 19h30<\/p>\n<p>Ingressos na APAE<\/p>\n<p>*Aberto ao p\u00fablico<\/p>\n<p>&nbsp;<\/p>\n<p>91) 20\/3 sexta-feira: Oficinas<\/p>\n<p>Local: APAE de Jaragu\u00e1 do Sul<\/p>\n<p>1- Sexualidade<br \/>\nCom Psic\u00f3logos \u2013 APAE de Jaragu\u00e1 do Sul<\/p>\n<p>Hor\u00e1rio: 08h \u00e0s 10h e 14h \u00e0s 16h<\/p>\n<p>2- Criando e Estimulando<br \/>\nCom Fisioterapeutas e TO \u2013 APAE de Jaragu\u00e1 do Sul<\/p>\n<p>Hor\u00e1rio: 08h \u00e0s 10h e 14h \u00e0s 16h<\/p>\n<p>3- Inclus\u00e3o Escolar<br \/>\nCom coordena\u00e7\u00e3o do SAEDE\/DI (setor respons\u00e1vel pela inclus\u00e3o na APAE) e Pedagogas.<\/p>\n<p>Hor\u00e1rio: 09h \u00e0s 10h e 14h \u00e0s 15h<\/p>\n<p>4- Esporte para as PCD\/ Projeto Paradesportivo<br \/>\nCom Educador F\u00edsico Wanderlei e coordenadora Claudia Arraz\u00e3o<\/p>\n<p>Hor\u00e1rio: 10h30 \u00e0s 11h30 e 15h30 \u00e0s 16h:30<\/p>\n<p>*Aberto ao p\u00fablico- inscri\u00e7\u00f5es na APAE<\/p>\n<p>&nbsp;<\/p>\n<p>92) 21\/3 S\u00e1bado: Dia Internacional da S\u00edndrome de Down<\/p>\n<p>Encerramento com o Caminha-Down<\/p>\n<p>Campanha \u201cdown um abra\u00e7o gr\u00e1tis\u201d<\/p>\n<p>Local: Parque da Malwee<\/p>\n<p>Hor\u00e1rio: 09h30min<\/p>\n<p>&nbsp;<\/p>\n<p>93) Missa em A\u00e7\u00e3o de Gra\u00e7as<\/p>\n<p>Local: Igreja Matriz S\u00e3o Sebasti\u00e3o<\/p>\n<p>Hor\u00e1rio: 19h<\/p>\n<p>*Aberto ao p\u00fablico<\/p>\n<p>==========================<\/p>\n<p>CAMBORI\u00da<\/p>\n<p>&nbsp;<\/p>\n<p>94) Carreata com distribuii\u00e7\u00e3o de panfletos informativos<\/p>\n<p>Dia: 21\/3, \u00e0s 8:30h<\/p>\n<p>Local: Concentra\u00e7\u00e3o Pontal da Barra Sul<\/p>\n<p>Organiza\u00e7\u00e3o: Associa\u00e7\u00e3o Amor pra Down<\/p>\n<p>&nbsp;<\/p>\n<p>95) Passeio de Barco Pirata<\/p>\n<p>Dia: 21\/3, \u00e0s 12h<\/p>\n<p>Organiza\u00e7\u00e3o: Associa\u00e7\u00e3o Amor pra Down<\/p>\n<p>(S\u00f3 para crian\u00e7as e respons\u00e1veis)<\/p>\n<p>&nbsp;<\/p>\n<p>==========================<\/p>\n<p>Amazonas<\/p>\n<p>MANAUS<\/p>\n<p>96) Lan\u00e7amento da \u201cI Semana Municipal da Pessoa com S\u00edndrome de Down\u201d<\/p>\n<p>Dia: 19\/3, \u00e0s 9h<\/p>\n<p>Local: C\u00e2mara Municipal de Manaus<\/p>\n<p>&nbsp;<\/p>\n<p>97) Sess\u00e3o Especial em comemora\u00e7\u00e3o ao Dia Internacional da Pessoa com S\u00edndrome de Down,<\/p>\n<p>Dia: 20\/03 , \u00e0s 09 horas.<\/p>\n<p>Local: Assembleia Legislativa do Amazonas<\/p>\n<p>&nbsp;<\/p>\n<p>98) Palestras sobre inclus\u00e3o<\/p>\n<p>Dia: 21\/3 , de 8 \u00e0s 12 h<\/p>\n<p>Local:\u00a0Audit\u00f3rio da Prefeitura de Manaus<\/p>\n<p>Temas e Palestrantes:\u00a0Dra. Gilca Maria Lucena Kortemann (Canoas\/RS), sobre\u00a0Inclus\u00e3o de Crian\u00e7a com S\u00edndrome de Down na Escola e\u00a0Prof. Dr. Adelmar Alberto Carabajal (Novo Hamburgo\/RS) sobre\u00a0Por uma Escola Onde Todos Possam Aprender: A Educa\u00e7\u00e3o Especial na Perspectiva Inclusiva.<\/p>\n<p>&nbsp;<\/p>\n<p>99) Encerramento da \u201cI Semana Municipal da Pessoa com S\u00edndrome de Down\u201d, com o evento \u201cUma Tarde Down\u201d<\/p>\n<p>Dia: 22\/03<\/p>\n<p>Local: Parque Cidade da Crian\u00e7a, no Aleixo.<\/p>\n<p>Muito entretenimento para as pessoas com S\u00edndrome de Down<\/p>\n<p>&nbsp;<\/p>\n<p>100) Sess\u00e3o Especial em comemora\u00e7\u00e3o ao Dia Internacional da S\u00edndrome de Down<\/p>\n<p>Dia: 20\/03\/2015, \u00e0s 09 horas<br \/>\nLocal: Assembleia Legislativa do Amazonas<br \/>\nOrganiza\u00e7\u00e3o: Associa\u00e7\u00e3o de Pais e Amigos do Down no Amazonas \u2013 APADAM<\/p>\n<p>&nbsp;<\/p>\n<p>101) IV Tarde Down com a APADAM<\/p>\n<p>Dia: 22\/03\/2015, das 17 \u00e0s 19 h<br \/>\nLocal: Parque Cidade da Crian\u00e7a.<br \/>\nOrganiza\u00e7\u00e3o: APADAM \/ PREFEITURA DE MANAUS \/ SEMASDH \/ PARQUE CIDADE DA CRIAN\u00c7A.<\/p>\n<p>==========================<\/p>\n<p>Roraima<\/p>\n<p>BOA VISTA<\/p>\n<p>102) Dia Internacional da S\u00edndrome de Down<\/p>\n<p>Dia: 21\/3, \u00e0s 17h<br \/>\nLocal: Shopping Roraima<\/p>\n<p><a title=\"Link externo :: abre em nova janela\" href=\"https:\/\/www.facebook.com\/events\/793755960673648\/\" rel=\"nofollow\">https:\/\/www.facebook.com\/<wbr \/>events\/793755960673648\/<\/a><\/p>\n<p>&nbsp;<\/p>\n<p>103) Homenagem pelo Dia Internacional da S\u00edndrome de Down<\/p>\n<p>Dia: 17\/3<\/p>\n<p>Local: C\u00e2mara de Boa Vista<\/p>\n<p>&nbsp;<\/p>\n<p>104) A\u00e7\u00e3o alusiva ao dia 21 de mar\u00e7o, Dia Internacional da S\u00edndrome de Down<\/p>\n<p>Dia: 20\/3, \u00e0s 14h<\/p>\n<p>Local: CREM \u2013 Centro de Refer\u00eancia e Especialidades M\u00e9dicas \/Unidade B\u00e1sica de Sa\u00fade do Mecejana<\/p>\n<p>Depoimentos de m\u00e3es, pesagem, palestras e aferi\u00e7\u00e3o de press\u00e3o das gestantes.<\/p>\n<div><\/div>\n<p>=========================<\/p>\n<p>Alagoas<\/p>\n<p>MACEI\u00d3<\/p>\n<p>105) Palestras, filme e Denbate em Comemora\u00e7\u00e3o ao Dia Internacional da S\u00edndrome de Down<\/p>\n<p>Dia: 20\/3, \u00e0s 18h \u00e0s 22h (credenciamento a partir das 16h)<br \/>\nLocal: Audit\u00f3rio do Centro Universit\u00e1rio Tiradentes \u2013 UNIT<br \/>\nOrganiza\u00e7\u00e3o: Projeto Inclus\u00e3o, Desafios e conquistas<\/p>\n<p>\u201cO que est\u00e1 em jogo quando avaliamos, diagnosticamos e tratamos uma crian\u00e7a?\u201d, com Patricia Stankowich, \u201cCromossomo 21: A S\u00edndrome de Down desbravando fronteiras\u201d, filme e palestra com Alex Duarte, seguido de debate. P\u00daBLICO ALVO:Gestores; Profissionais de RH, Profissionais de Sa\u00fade, Professores, Pais. Mais informa\u00e7\u00f5es: <a title=\"Link externo :: abre em nova janela\" href=\"http:\/\/www.projetoinclusaomcz.com.br\/index.php\/palestrasetemas\" target=\"_blank\" rel=\"nofollow noopener\">http:\/\/<wbr \/>www.projetoinclusaomcz.com.<wbr \/>br\/index.php\/<wbr \/>palestrasetemas<\/a><\/p>\n<p>106) Mini-Curso (6h) \u201cAs Possibilidades de Inclus\u00e3o de Pessoas com Defici\u00eancia no Mercado Formal de Trabalho\u201d<\/p>\n<p>Dia: 21\/3, das 8h \u00e0s 18:00h<br \/>\nLocal: Audit\u00f3rio do Centro Universit\u00e1tio Tiradentes \u2013 UNIT<br \/>\nOrganiza\u00e7\u00e3o: Projeto Inclus\u00e3o<\/p>\n<p>\u201cAs Possibilidades de Inclus\u00e3o de Pessoas com Defici\u00eancia no Mercado Formal de Trabalho\u201d, com Marilene Silva e \u201cE da\u00ed, que Diferen\u00e7a Faz?, com Barbara Kirchner, do Instituto MetaSocial. Mais informa\u00e7\u00f5es: <a title=\"Link externo :: abre em nova janela\" href=\"http:\/\/www.projetoinclusaomcz.com.br\/index.php\/palestrasetemas\" target=\"_blank\" rel=\"nofollow noopener\">http:\/\/<wbr \/>www.projetoinclusaomcz.com.<wbr \/>br\/index.php\/<wbr \/>palestrasetemas<\/a><\/p>\n<p>107) Mini-Curso (20h) \u201cA Escola Inclusiva: Ressignificando a Pr\u00e1tica Pedag\u00f3gica\u201d<\/p>\n<p>Dia: 27, 28 e 29\/3, de 8h \u00e0s 18h<br \/>\nLocal: Audit\u00f3rio The Square Park Office<br \/>\nOrganiza\u00e7\u00e3o: Projeto Inclus\u00e3o<\/p>\n<p>Com a Prof. Marilene Cardoso (Porto Alegre, RS) Mais informa\u00e7\u00f5es: <a title=\"Link externo :: abre em nova janela\" href=\"http:\/\/l.facebook.com\/l.php?u=http%3A%2F%2Fwww.projetoinclusaomcz.com.br%2Findex.php%2Fpalestrasetemas&amp;h=2AQG2Bg0x&amp;enc=AZN-c5Q7BxiMPm0_X5EbWOR5KSHl5Yv12if_EpYUdxdD0193zemUK96MuEULh09rH7A&amp;s=1\" target=\"_blank\" rel=\"nofollow noopener\">http:\/\/<wbr \/>www.projetoinclusaomcz.com.<wbr \/>br\/index.php\/<wbr \/>palestrasetemas<\/a><\/p>\n<p>108) Homenagem ao Dia Internacional da S\u00edndrome de Down<\/p>\n<p>Programa de R\u00e1dio Educativa em Revista<\/p>\n<p>Dia: 20\/3, das 7 \u00e0s 8:30h<\/p>\n<p>R\u00e1dio Educativa FM &#8211;\u00a0Macei\u00f3<\/p>\n<p>==========================<\/p>\n<p>ARAPIRACA<\/p>\n<p>109) Espa\u00e7o A\u00e7\u00e3o 21 Down<\/p>\n<p>Dia: 18\/3<\/p>\n<p>Local: Arapiraca Garden Shopping<\/p>\n<p>Organiza\u00e7\u00e3o: Centro Especializado de Reabilita\u00e7\u00e3o F\u00edsica e Intelectual, da Pestalozzi<\/p>\n<p>&nbsp;<\/p>\n<p>==========================<\/p>\n<p>Para\u00edba<\/p>\n<p>JO\u00c3O PESSOA<\/p>\n<p>110) Apresenta\u00e7\u00e3o de experi\u00eancias \u201cPelo Jeito de Cada Um Ser\u201d<\/p>\n<p>Dia: 16\/3, \u00e0s 19h<br \/>\nLocal: Rotary Clube \u2013 Rua Esmeraldo Gomes Vieira, 133, Banc\u00e1rios<br \/>\nOrganiza\u00e7\u00e3o: Associa\u00e7\u00e3o Ame Down<\/p>\n<p>&nbsp;<\/p>\n<p>111) M\u00fasica e S\u00edndrome de Down<\/p>\n<p>Dia: 19\/3, \u00e0s 18:30h<br \/>\nLocal: Espa\u00e7o Cultural, audit\u00f3rio 3, rampa 2.<br \/>\nOrganiza\u00e7\u00e3o: Associa\u00e7\u00e3o Ame Down<\/p>\n<p>Palestras e apresenta\u00e7\u00f5es musicais<\/p>\n<p>&nbsp;<\/p>\n<p>112) Caminhada Educativa<\/p>\n<p>Dia: 21\/3, \u00e0s 17:30h<br \/>\nLocal: Do SECS ao Busto de Tamandar\u00e9<br \/>\nOrganiza\u00e7\u00e3o: Associa\u00e7\u00e3o Ame Down<\/p>\n<p>Panfletagem de informa\u00e7\u00f5es sobre s\u00edndrome de Down<\/p>\n<p>&nbsp;<\/p>\n<p>113) Missa em Homenagem ao Dia Internacional da S\u00edndrome de Down<\/p>\n<p>Dia: 21\/3, \u00e0s 19h<br \/>\nLocal: Igreja N. Sra de Lourdes \u2013 Av. Jo\u00e3o Machado s\/n, Centro.<br \/>\nOrganiza\u00e7\u00e3o: Associa\u00e7\u00e3o Ame Down<\/p>\n<p>&nbsp;<\/p>\n<p>114) Panfletagem sobre inclus\u00e3o<\/p>\n<p>Dia: 15 a 19\/3<\/p>\n<p>Local: Busto de Tamandar\u00e9, praia de Tamba\u00fa<\/p>\n<p>Organiza\u00e7\u00e3o:\u00a0\u00a0Curso de Fonoaudiologia do Unip\u00ea<\/p>\n<p>&nbsp;<\/p>\n<p>115) Palestra \u00a0\u201cS\u00edndrome de Down: da origem ao tratamento \u2013 um foco na fonoaudiologia<\/p>\n<p>Dia: 13\/3, das 16:30 \u00e0s 21h<\/p>\n<p>Local: Audit\u00f3rio Unip\u00ea<\/p>\n<p>Organiza\u00e7\u00e3o: Fonoaudiologia \u2013 Unip\u00ea: Centro Universit\u00e1rio de Jo\u00e3o Pessoa<\/p>\n<p>&nbsp;<\/p>\n<p>116) Balada 21<\/p>\n<p>Dia: 19\/3, das 14 \u00e0s 17h<\/p>\n<p>Local:\u00a0Audit\u00f3rio Ant\u00f4nio Paulino da FUNAD<\/p>\n<p>Organiza\u00e7\u00e3o:\u00a0Funda\u00e7\u00e3o Centro Integrado de Apoio ao Portador de Defici\u00eancia (Funad)<\/p>\n<p>&nbsp;<\/p>\n<p>117) Semin\u00e1rio da Pessoa com S\u00edndrome de Down<\/p>\n<p>Dia: 19\/3<\/p>\n<p>Local:\u00a0Audit\u00f3rio Jimmy Queiroga da FUNAD<\/p>\n<p>Apresenta\u00e7\u00e3o musical e palestras sobre o desafio da inser\u00e7\u00e3o de pessoas com s\u00edndrome de Down nas atividades administrativas do Minist\u00e9rio P\u00fablico da Para\u00edba e a inser\u00e7\u00e3o no mercado de trabalho em outros setores. \u00c0 tarde haver\u00e1 exibi\u00e7\u00e3o do v\u00eddeo \u201cAssim como voc\u00ea\u201d, que explica como conviver com a s\u00edndrome e como inserir a pessoa na sociedade, de forma simples, sem preconceito. Depois haver\u00e1 a apresenta\u00e7\u00e3o do Grupo de Hip Hop da Funad.\u00a0discuss\u00f5es sobre a autonomia, orienta\u00e7\u00e3o nutricional e tecnologia assistiva para pessoas com s\u00edndrome de Down.<\/p>\n<p>&nbsp;<\/p>\n<p>==========================<\/p>\n<p>Mato Grosso do Sul<\/p>\n<p>CAMPO GRANDE<\/p>\n<p>118) Di\u00e1logos Interdisciplinares \u2013 S\u00edndrome de Down<\/p>\n<p>Dia: 20\/3, das 8h \u00e0s 17h<br \/>\nLocal: Centro de Conven\u00e7\u00f5es Rubens Gil de Camillo \u2013 Audit\u00f3rio Germano Barros de Souza<br \/>\nOrganiza\u00e7\u00e3o: Escola Superior de Defensoria P\u00fablica do Mato Grosso do Sul \u2013 Coordenadora Dr\u00aa Patricia Elias Cozzolino de Oliveira<\/p>\n<p>Diagn\u00f3stico e Interven\u00e7\u00e3o Terap\u00eauticas poss\u00edveis \u2013 Dr\u00aa Ana Cl\u00e1udia Brand\u00e3o -Pediatra especialista em atendimento a crian\u00e7as e adolescentes com S\u00edndrome de Downjunto a cl\u00ednica de especialidades pedi\u00e1tricas do Hospital Israelita Albert Einsten; Media\u00e7\u00e3o Familiar e o processo de inclus\u00e3o do filho com S\u00edndrome de Down- Rosana Queiroz da Silva Rodrigues; A inclus\u00e3o da pessoa com S\u00edndrome de Down na escola \u2013 Rosana Queiroz da Silva Rodrigues- Especialista em Educa\u00e7\u00e3o Especial, Pedagoga, Psicopedagoga e m\u00e3e; Compreendendo a autonomia da pessoa com S\u00edndrome de Down \u2013 Dr\u00aa Alexandra Ayach Anache \u2013 P\u00f3s doutora em educa\u00e7\u00e3o pela UnB com \u00eanfase na Educa\u00e7\u00e3o Especial.<\/p>\n<p>==========================<\/p>\n<p>TR\u00caS LAGOAS<\/p>\n<p>119) Palestra em celebra\u00e7\u00e3o ao Dia Internacional da S\u00edndrome de Down<\/p>\n<p>Dia: 20\/3<\/p>\n<p>Com a participa\u00e7\u00e3o de Dudu do Cavaco.<\/p>\n<p>==========================<\/p>\n<p>Rio Grande do Norte<\/p>\n<p>NATAL<\/p>\n<p>120) Sess\u00e3o Solene pelo Dia Internacional da S\u00edndrome de Down<\/p>\n<p>Dia: 24\/3, \u00e0s 9:30h<br \/>\nLocal: Assembleia Legislativa<br \/>\nOrganiza\u00e7\u00e3o: Associa\u00e7\u00e3o Sindrome de Down do RN<\/p>\n<p>&nbsp;<\/p>\n<p>121) II Caminhada pela Inclus\u00e3o<\/p>\n<p>Dia: 22\/3, \u00e0s 15h<\/p>\n<p>Local: Parque das Dunas<\/p>\n<p>&nbsp;<\/p>\n<p>S\u00e3o Miguel, Rio Grande do Norte<\/p>\n<p>==========================<\/p>\n<p>S\u00c3O MIGUEL<\/p>\n<p>122) Caminhada\u00a0da S\u00edndrome de Down<\/p>\n<p>Dia: 21\/3, \u00e0s 16h30min e \u00a0desfile \u00e1s 19h<\/p>\n<p>Local: Pra\u00e7a da Igreja<\/p>\n<p>Organiza\u00e7\u00e3o:\u00a0Karollayne Danny<\/p>\n<p>==========================<\/p>\n<p>MOSSOR\u00d3<\/p>\n<p>123) Desafios e perspectivas da S\u00edndrome de Down no Ensino Superior<\/p>\n<p>Dia: 23\/3, \u00e0s 8h<\/p>\n<p>Local: Universidade Federal Rural do Semi-\u00c1rido, Sala dos Conselhos, que fica localizado no Pr\u00e9dio da Reitoria, no C\u00e2mpus de Mossor\u00f3.<\/p>\n<p>Organiza\u00e7\u00e3o: UFERSA<\/p>\n<p>O objetivo \u00e9 discutir quest\u00f5es relacionadas \u00e0 inclus\u00e3o das pessoas com S\u00edndrome de Down e formas de intera\u00e7\u00e3o para seu desenvolvimento acad\u00eamico e acessibilidade na gradua\u00e7\u00e3o e p\u00f3s-gradua\u00e7\u00e3o. O evento marca a passagem do Dia Internacional da S\u00edndrome de Down, comemorado no dia 21 de mar\u00e7o. A realiza\u00e7\u00e3o \u00e9 da Coordena\u00e7\u00e3o Geral de A\u00e7\u00e3o Afirmativa, Diversidade e Inclus\u00e3o Social \u2013 Caadis\/Ufersa. A palestra ser\u00e1 ministrada pela Prof.\u00aa Maria Vera L\u00facia Fernandes Lopes. Os interessados em participar devem se inscrever pelo endere\u00e7o\u00a0<a href=\"mailto:caadis@ufersa.edu.br\">caadis@ufersa.edu.br<\/a>\u00a0. As inscri\u00e7\u00f5es s\u00e3o gratuitas limitadas a quantidade de lugares. Outras informa\u00e7\u00f5es e entrevistas contactar com a professora Ady Can\u00e1rio, coordenadora da Caadis, pelo telefone: 3317-8269 e ramal 1769.<\/p>\n<p>==========================<\/p>\n<p>Paran\u00e1<\/p>\n<p>CURITIBA<\/p>\n<p>124)\u00a0 Atos pelo X Dia Internacional da S\u00edndrome de Down<\/p>\n<p>Dia: 21\/3, Atos, de 9 \u00e0s 17h<br \/>\nLocal: Sal\u00e3o de Atos do Parque Barigui<br \/>\nOrganiza\u00e7\u00e3o: Reviver Down em parceria com a Secretaria Municipal dos Direitos da Pessoa com Defici\u00eancia<\/p>\n<p>&nbsp;<\/p>\n<p>125) Caminhada pelo Dia Internacional da S\u00edndrome de Down<\/p>\n<p>Dia: 21\/3, \u00e0s 11:30h<br \/>\nLocal: Parque Barigui<br \/>\nOrganiza\u00e7\u00e3o: Reviver Down em parceria com a Secretaria Municipal dos Direitos da Pessoa com Defici\u00eancia<\/p>\n<p>=============================<\/p>\n<p>CIANORTE<\/p>\n<p>126) Celebra\u00e7\u00e3o do Dia Internacional da S\u00edndrome de Down<\/p>\n<p>Dia: 18\/3<\/p>\n<p>Local: Col\u00e9gio Estadual Iglea Grollmann<\/p>\n<p>Participantes da Academia Espa\u00e7o Ritmos Dan\u00e7a Marujo far\u00e3o apresenta\u00e7\u00e3o no Col\u00e9gio, nos turnos matutino e vespertino. A aluna Maria Clara Morezzi, matriculada no 1\u00ba Ano do Ensino M\u00e9dio, turma Tales de Mileto, que tamb\u00e9m faz parte do grupo de dan\u00e7a, dar\u00e3o um show para uma plateia de aproximadamente 1000 alunos.<\/p>\n<p>Antes da apresenta\u00e7\u00e3o, a diretora Silvia Vilela ler\u00e1 um texto que abordar\u00e1 a import\u00e2ncia da comemora\u00e7\u00e3o e, em espec\u00edfico, a origem do dia 21\/03 e a necessidade do conhecimento cient\u00edfico e respeito para caminharmos rumo \u00e0 humaniza\u00e7\u00e3o.<\/p>\n<p>==============================<\/p>\n<p>CAMPO LARGO<\/p>\n<div><\/div>\n<div>127)\u00a0Palestra sobre o m\u00e9todo Cuevas Medek Exercises (CME) \u00a0e Filme\u00a0\u2019O oitavo dia\u2019<\/div>\n<div><\/div>\n<div>Dia: 18\/03 \u2013 19:30<\/div>\n<div>Local: \u00a0Cineplus Campo Largo,\u00a0Rua XV de Novembro, 2295<\/div>\n<div>Organiza\u00e7\u00e3o: Sorrindo com Yasmin<\/div>\n<div><\/div>\n<div>Ingressos vendidos antecipadamente R$5,00 e 1 Kg Alimento. Filme belga de 1996, dirigido por Jaco van Dormael, cujo um dos protagonistas tem s\u00edndrome de Down.<\/div>\n<div><\/div>\n<div>128) Sorrindo na Pra\u00e7a<\/div>\n<div><\/div>\n<div>Dia: 21\/3 das 10:00 \u00e1s 12:00<\/div>\n<div>Local:\u00a0Pra\u00e7a central Campo Largo<\/div>\n<div>organiza\u00e7\u00e3o: Sorrindo com Yasmin<\/div>\n<div><\/div>\n<div>Festa animada com muita informa\u00e7\u00e3o, com direito \u00e1 pipoca e algod\u00e3o doce, piscina de bolinhas, camarim de pintura, sorteio de brindes e brinquedos para as crian\u00e7as carentes do CEMAE.<\/div>\n<p>==========================<\/p>\n<p>Pernambuco<\/p>\n<p>RECIFE<\/p>\n<p>129) XIX Semin\u00e1rio Pernambucano sobre S\u00edndrome de Down \u2013 \u201cConsolida\u00e7\u00e3o da Cidadania numa nova era de Direitos\u201d<\/p>\n<p>Dia 20\/3, das 9h \u00e0s 16:30h<br \/>\nLocal: 11\u00ba andar da Ag\u00eancia Centro do Banco do Brasil \u2013 Audit\u00f3rio Capibaribe<br \/>\nOrganiza\u00e7\u00e3o: ASPAD-PE<\/p>\n<p>Parceria com as entidades ApaBB e Superando Limites e o apoio das secretarias de Sa\u00fade e Desenvolvimento Social e Direitos Humanos da Prefeitura da Cidade do Recife.<\/p>\n<p>130) Manh\u00e3 Festiva<\/p>\n<p>Dia: 21\/3, das 9h \u00e0s 11:30h<br \/>\nLocal: Parque da Jaqueira<br \/>\nOrganiza\u00e7\u00e3o: ASPAD-PE<\/p>\n<p>Apresenta\u00e7\u00f5es art\u00edsticas, atendimentos informativo sobre sa\u00fade bucal e academia da cidade, programas desenvolvidos pelas entidades parceiras.<\/p>\n<p>131) Dia informativo<\/p>\n<p>Dia: 21\/3, das 10 \u00e0s 19h<\/p>\n<p>Local: Shopping Guararapes<\/p>\n<p>Organiza\u00e7\u00e3o:\u00a0Associa\u00e7\u00e3o Novo Rumo e\u00a0Academia de Artes Zenilde Maria.<\/p>\n<p>Pela manh\u00e3, das 10h \u00e0s 12h quem estiver pelo Shopping poder\u00e1 participar de uma oficina de arte gratuita voltada para o ensino inclusivo.\u00a0O ciclo de palestras come\u00e7a \u00e0s 14h30, com a geneticista e diretora m\u00e9dica da Novo Rumo, Paula Arruda, com o tema \u201cNasceu um beb\u00ea com Down. O que fazer?\u201d Na sequ\u00eancia a terapeuta ocupacional Mariana Cavalcanti dar\u00e1 dicas sobre \u201cEstimula\u00e7\u00e3o Precoce dos Beb\u00eas\u201d\u009d com a s\u00edndrome e as psicopedagogas Helena Possid\u00f4nio e Katiane Flor\u00eancio falar\u00e3o sobre \u201cSupera\u00e7\u00e3o dos Desafios no Aprendizado\u201d\u009d. Para encerrar o ciclo de palestras, a defensora p\u00fablica Natalli Brandi fala de \u201cCidadania e a Inclus\u00e3o Social\u201d\u009d.\u00a0A programa\u00e7\u00e3o termina com apresenta\u00e7\u00f5es de dan\u00e7a e m\u00fasica de crian\u00e7as com S\u00edndrome de Down da Academia de Artes Zenilde Maria, seguida de depoimentos de fam\u00edlias e uma apresenta\u00e7\u00e3o de capoeira do grupo Chap\u00e9u de Couro e a Novo Rumo.<\/p>\n<p>==========================<\/p>\n<p>Goi\u00e1s<\/p>\n<p>GOI\u00c2NIA<\/p>\n<p>132) Celebra\u00e7\u00e3o do Dia Internacional da S\u00edndrome de Down<\/p>\n<p>Dia: 20\/2, de 8 \u00e0s 12h<\/p>\n<p>Local: CRER Audit\u00f3rio Val\u00e9ria Perilo<\/p>\n<p>Organiza\u00e7\u00e3o: Associa\u00e7\u00e3o Mais 21<\/p>\n<p>&nbsp;<\/p>\n<p>133) Caf\u00e9 da Manh\u00e3 Divertido!<\/p>\n<p>Dia: 21\/3, das 8 \u00e0s 12h<\/p>\n<p>Local: Av. Jo\u00e3o Leite 360, Cond. Fabiano Theonas )rua do Clube Ferreira Pacheco=<\/p>\n<p>Organiza\u00e7\u00e3o: Associa\u00e7\u00e3o Mais 21<\/p>\n<p>==========================<\/p>\n<p>AN\u00c1POLIS<\/p>\n<p>134) IV Caminhada pela Inclus\u00e3o<\/p>\n<p>Dia: 21\/3, \u00e0s 16h<\/p>\n<p>Local: Parque Ambiental Ipiranga<\/p>\n<p>Organiza\u00e7\u00e3o: Casa Joana<\/p>\n<p>==========================<\/p>\n<p>Piau\u00ed<\/p>\n<p>PARNA\u00cdBA<\/p>\n<p>135) Celebra\u00e7\u00e3o do Dia Internacional da S\u00edndrome de Down<\/p>\n<p>Dia: 20\/3, manh\u00e3<\/p>\n<p>Local: Quadra de esportes da Universidade Federal do Piau\u00ed<\/p>\n<p>Organiza\u00e7\u00e3o: \u00a0Diretora para inclus\u00e3o da Secretaria de Educa\u00e7\u00e3o de Parna\u00edba \u2013 Aurioneida Fernandes<\/p>\n<p>Programa\u00e7\u00e3o:\u00a0-Relato de Experi\u00eancia de uma m\u00e3e-Di\u00e1logo sobre alimenta\u00e7\u00e3o saud\u00e1vel-Apresenta\u00e7\u00e3o art\u00edstica de alunos e\u00a0Momento zumba.<\/p>\n<\/div>\n<\/div>\n<p>=================================<\/p>\n<p>Cear\u00e1<\/p>\n<p>FORTALEZA<\/p>\n<p>136) Sess\u00e3o Solene pelo Dia Internacional da S\u00edndrome de Down<\/p>\n<p>Dia: 31\/3, \u00e0s 14h<\/p>\n<p>Local: Plen\u00e1rio da Assembleia Legislativa do Estado do Cear\u00e1<\/p>\n<p>Organiza\u00e7\u00e3o: Associa\u00e7\u00f5es: Fortaleza Down, Existir e Pr\u00f3-Down<\/p>\n<p>&nbsp;<\/p>\n<p>137)\u00a0Evento pelo Dia Internacional da S\u00edndrome de Down<\/p>\n<p>Dia: 21\/3, das 16 \u00e0s 19h<\/p>\n<p>Local: Aterrinho da Praia de Iracema (em frente ao Boteco Praia)<\/p>\n<p>Organiza\u00e7\u00e3o: Fortaleza Down<\/p>\n<p>Informa\u00e7\u00f5es: fortalezadown@gmail.com<\/p>\n<p>https:\/\/www.facebook.com\/photo.php?fbid=769582983149778&#038;set=gm.1077982755551539&#038;type=1&#038;theater<\/p>\n<p>&nbsp;<\/p>\n<p>=================<\/p>\n<p>Rond\u00f4nia<\/p>\n<p>VILHENA<\/p>\n<p>138) Informa\u00e7\u00f5es sobre S\u00edndrome de Down<\/p>\n<p>Dia: 21\/3 e durante a semana<\/p>\n<p>Local: APAE de Vilhena &#8211; Avenida Tancredo Neves, n\u00famero 2213, no bairro Bodanese.<\/p>\n<p>Mais informa\u00e7\u00f5es sobre o atendimento oferecido na entidade podem ser obtidas pelo telefone (69) 3321-3034.<\/p>\n<\/div>\n<div>\n<p>======================================<\/p>\n<p>&nbsp;<\/p>\n<p>COLOQUE O BROCHE DO DIA INTERNACIONAL DA S\u00cdNDROME DE DOWN O SEU PERFIL NAS REDES SOCIAIS<\/p>\n<p>&nbsp;<\/p>\n<p>http:\/\/www.picbadges.com\/Community\/55040e6e844a9dad1d80fec5<\/p>\n<p>========================================<\/p>\n<\/div>\n<div><\/div>\n<p style=\"text-align: center;\"><strong>A INCLUSIVE N\u00c3O SE RESPONSABILIZA PELOS DADOS SOBRE OS EVENTOS, QUE S\u00c3O ENVIADOS PELOS ORGANIZADORES OU COLETADOS NA INTERNET E REDES SOCIAIS. ANTES DE COMPARECER, CHEQUE AS INFORMA\u00c7\u00d5ES PELOS RESPONS\u00c1VEIS PELO EVENTO.<\/strong><\/p>\n<p>========================================<\/p>\n<p><strong>BAIXE AQUI O FOLHETO PARA REPRODUZIR E DISTRIBUIR EM SEU EVENTO<\/strong><\/p>\n<p><a href=\"http:\/\/www.inclusive.org.br\/wp-content\/uploads\/Folder-Inclusa\u0303o-2015-IMPRESSA\u0303O-1.pdf\">http:\/\/www.inclusive.org.br\/wp-content\/uploads\/Folder-Inclusa\u0303o-2015-IMPRESSA\u0303O-1.pdf<\/a><\/p>\n<p><img loading=\"lazy\" decoding=\"async\" alt=\"Cartaz em branco, azul e vermelho, com Foto com mo\u00e7a e rapaz com s\u00edndrome de Down. Informa\u00e7\u00f5es do cartaz no texto da mat\u00e9ria.\" src=\"http:\/\/inclusivenews.com.br\/wp-content\/uploads\/cartaz-WDSD20152.jpg\" width=\"432\" height=\"768\" \/><\/p>\n<p>Eventos em todo Brasil<\/p>\n<p>2015 marca o 10\u00b0 Anivers\u00e1rio do Dia Internacional da S\u00edndrome de Down<\/p>\n<p>A cada ano a voz das pessoas com s\u00edndrome de Down, daqueles que vivem e trabalham com elas \u00e9 mais forte.<\/p>\n<p>A Down Syndrome International encoraja nossos amigos em todo mundo a organizarem eventos e atividades para promover a conscientiza\u00e7\u00e3o sobre a s\u00edndrome de Down e como as pessoas com a s\u00edndrome t\u00eam um papel importante e devem ser inclu\u00eddos nas comunidades onde vivem.<\/p>\n<p>O tema deste ano \u00e9 \u201c<strong>Minhas oportunidades, minhas escolhas \u2013 Exercendo direitos plenos e igualit\u00e1rios e o papel das fam\u00edlias<\/strong>\u201d<\/p>\n<p>As pessoas com s\u00edndrome de Down devem poder exercer direitos plenos, com igualdade de oportunidades e escolha. Em muitos lugares isso ainda \u00e9 dif\u00edcil de ser colocado em pr\u00e1tica. Alguns n\u00e3o entendem que pessoas com s\u00edndrome de Down s\u00e3o primeiro pessoas, que podem precisar de apoio, mas devem ser reconhecidas em igualdade de condi\u00e7\u00f5es com os demais, sem discrimina\u00e7\u00e3o com base na defici\u00ebncia. Empoderando as fam\u00edlias para reconhecerem o igualdade de seus membros com s\u00edndrome de Down \u00e9 crucial para que elas possam defender a garantia destes direitos. Assim as fam\u00edlias estar\u00e3o aptas a apoiar o empoderamento das pessoas com s\u00edndrome de Down para que sejam inclu\u00eddas na sociedade, expressem suas pr\u00f3prias vis\u00f5es,tomem suas pr\u00f3prias decis\u00f5es e atuem como autodefensoras, conforme a Conven\u00e7\u00e3o sobre osDireitos das Pessoas com Defici\u00ebncia, aprovada no Brasil como norma constitucional.<\/p>\n<p>Una-se a essa campanha e planeje a\u00e7\u00f5es para o Dia Internacional da S\u00edndrome de Down na sua cidade.<\/p>\n<p>Para saber mais sobre o Dia Internacional da S\u00edndrome de Down visite <a href=\"www.worlddownsyndromeday.org\">www.worlddownsyndromeday.org<\/a><\/p>\n<p>Para acompanhar os eventos brasileiros publicados no site da Down syndrome International visite <a href=\"https:\/\/www.worlddownsyndromeday.org\/brazil\">https:\/\/www.worlddownsyndromeday.org\/brazil<\/a><\/p>\n<p>Voc\u00ea tamb\u00e9m pode enviar as informa\u00e7\u00f5es sobre seu evento para o site. Mande um email para <a href=\"inclusive@inclusive.org.br\">inclusive@inclusive.org.br<\/a><\/p>\n<p>Voc\u00ea sabia que foi gra\u00e7as ao Brasil que o Dia Internacional da S\u00edndrome de Down entrou para o calend\u00e1rio oficial da ONU? Veja aqui:<\/p>\n<p><a href=\"http:\/\/www.inclusive.org.br\/?p=21543\">http:\/\/www.inclusive.org.br\/?p=21543<\/a><\/p>\n<p><strong>Por qu\u00ea 21\/3?<\/strong><\/p>\n<p>O Dia Internacional da S\u00edndrome de Down foi institu\u00eddo pela Down Syndrome International como o dia 21 de mar\u00e7o, com o objetivo de contribuir para conscientiza\u00e7\u00e3o da popula\u00e7\u00e3o e para formar cidad\u00e3os com s\u00edndrome de Down auto-determinados, produtivos, inclu\u00eddos na sociedade, com melhor qualidade de vida.<\/p>\n<p>A data foi escolhida porque se escreve 21\/3 (ou 3\/21), o que faz alus\u00e3o aos 3 cromossomos n\u00famero 21n que as pessoas com s\u00edndrome de Down carregam. A ideia do dia partiu do geneticista Stylianos E. Antonarakis, da Universidade de Genebra, e foi defendida em 2005 no Congresso Internacional de S\u00edndrome de Down em Mallorca, na Espanha. A primeira comemora\u00e7\u00e3o da data foi em 2006.<\/p>\n<p>No Brasil, o Dia Internacional da S\u00edndrome de Down \u00e9 celebrado desde 2006. Em 2007, houve muita repercuss\u00e3o na m\u00eddia pela participa\u00e7\u00e3o do jogador de futebol Rom\u00e1rio, que tem uma filha com s\u00edndrome de Down, Ivy, e pela novela P\u00e1ginas da Vida, que contava a hist\u00f3ria de uma menina com s\u00edndrome de Down, a Clara, vivida pela atriz Joana Mocarzel.<\/p>\n<p>Sobre a s\u00edndrome de Down<\/p>\n<p><a href=\"http:\/\/www.inclusive.org.br\/?p=13581\">http:\/\/www.inclusive.org.br\/?p=13581<\/a><\/p>\n<p>&nbsp;<\/p>\n<p>Mais informa\u00e7\u00f5es<\/p>\n<p><a href=\"http:\/\/www.movimentodown.org.br\/\">Movimento Down<\/a><\/p>\n<p>&nbsp;<\/p>\n<p><em>Fonte: Inclusive<\/em><\/p>\n<\/div>\n<p>\/p<\/p>\n","protected":false},"excerpt":{"rendered":"<p>2015 marca o 10\u00b0 Anivers\u00e1rio do Dia Internacional da S\u00edndrome de Down<\/p>\n<p>A cada ano a voz das pessoas com s\u00edndrome de Down,<\/p>\n<p>daqueles que vivem e trabalham com elas \u00e9 mais forte. <\/p>\n","protected":false},"author":1,"featured_media":0,"comment_status":"open","ping_status":"open","sticky":false,"template":"","format":"standard","meta":{"site-container-style":"default","site-container-layout":"default","site-sidebar-layout":"default","disable-article-header":"default","disable-site-header":"default","disable-site-footer":"default","disable-content-area-spacing":"default","footnotes":""},"categories":[315,316],"tags":[],"class_list":["post-27435","post","type-post","status-publish","format-standard","hentry","category-wdsd-2015","category-wdsd2015"],"yoast_head":"<!-- This site is optimized with the Yoast SEO plugin v27.4 - https:\/\/yoast.com\/product\/yoast-seo-wordpress\/ -->\n<title>Brasil celebra o X Dia internacional da S\u00edndrome de Down - 21\/3. Veja a programa\u00e7\u00e3o! -<\/title>\n<meta name=\"robots\" content=\"index, follow, max-snippet:-1, max-image-preview:large, max-video-preview:-1\" \/>\n<link rel=\"canonical\" href=\"https:\/\/inclusivenews.com.br\/?p=27435\" \/>\n<meta property=\"og:locale\" content=\"pt_PT\" \/>\n<meta property=\"og:type\" content=\"article\" \/>\n<meta property=\"og:title\" content=\"Brasil celebra o X Dia internacional da S\u00edndrome de Down - 21\/3. Veja a programa\u00e7\u00e3o! -\" \/>\n<meta property=\"og:description\" content=\"2015 marca o 10\u00b0 Anivers\u00e1rio do Dia Internacional da S\u00edndrome de Down A cada ano a voz das pessoas com s\u00edndrome de Down, daqueles que vivem e trabalham com elas \u00e9 mais forte.\" \/>\n<meta property=\"og:url\" content=\"https:\/\/inclusivenews.com.br\/?p=27435\" \/>\n<meta property=\"article:publisher\" content=\"https:\/\/www.facebook.com\/agenciainclusive\/\" \/>\n<meta property=\"article:published_time\" content=\"2015-03-14T10:49:01+00:00\" \/>\n<meta property=\"og:image\" content=\"http:\/\/inclusivenews.com.br\/wp-content\/uploads\/cartaz-WDSD20152.jpg\" \/>\n<meta name=\"author\" content=\"inclusivenews2024\" \/>\n<meta name=\"twitter:card\" content=\"summary_large_image\" \/>\n<meta name=\"twitter:label1\" content=\"Escrito por\" \/>\n\t<meta name=\"twitter:data1\" content=\"inclusivenews2024\" \/>\n\t<meta name=\"twitter:label2\" content=\"Tempo estimado de leitura\" \/>\n\t<meta name=\"twitter:data2\" content=\"39 minutos\" \/>\n<script type=\"application\/ld+json\" class=\"yoast-schema-graph\">{\"@context\":\"https:\\\/\\\/schema.org\",\"@graph\":[{\"@type\":\"Article\",\"@id\":\"https:\\\/\\\/inclusivenews.com.br\\\/?p=27435#article\",\"isPartOf\":{\"@id\":\"https:\\\/\\\/inclusivenews.com.br\\\/?p=27435\"},\"author\":{\"name\":\"inclusivenews2024\",\"@id\":\"https:\\\/\\\/inclusivenews.com.br\\\/#\\\/schema\\\/person\\\/ae4ec7087559b8692fb33b6fffd2273b\"},\"headline\":\"Brasil celebra o X Dia internacional da S\u00edndrome de Down &#8211; 21\\\/3. Veja a programa\u00e7\u00e3o!\",\"datePublished\":\"2015-03-14T10:49:01+00:00\",\"mainEntityOfPage\":{\"@id\":\"https:\\\/\\\/inclusivenews.com.br\\\/?p=27435\"},\"wordCount\":7795,\"commentCount\":3,\"publisher\":{\"@id\":\"https:\\\/\\\/inclusivenews.com.br\\\/#organization\"},\"image\":{\"@id\":\"https:\\\/\\\/inclusivenews.com.br\\\/?p=27435#primaryimage\"},\"thumbnailUrl\":\"http:\\\/\\\/inclusivenews.com.br\\\/wp-content\\\/uploads\\\/cartaz-WDSD20152.jpg\",\"articleSection\":[\"WDSD 2015\",\"WDSD2015\"],\"inLanguage\":\"pt-PT\",\"potentialAction\":[{\"@type\":\"CommentAction\",\"name\":\"Comment\",\"target\":[\"https:\\\/\\\/inclusivenews.com.br\\\/?p=27435#respond\"]}]},{\"@type\":\"WebPage\",\"@id\":\"https:\\\/\\\/inclusivenews.com.br\\\/?p=27435\",\"url\":\"https:\\\/\\\/inclusivenews.com.br\\\/?p=27435\",\"name\":\"Brasil celebra o X Dia internacional da S\u00edndrome de Down - 21\\\/3. Veja a programa\u00e7\u00e3o! -\",\"isPartOf\":{\"@id\":\"https:\\\/\\\/inclusivenews.com.br\\\/#website\"},\"primaryImageOfPage\":{\"@id\":\"https:\\\/\\\/inclusivenews.com.br\\\/?p=27435#primaryimage\"},\"image\":{\"@id\":\"https:\\\/\\\/inclusivenews.com.br\\\/?p=27435#primaryimage\"},\"thumbnailUrl\":\"http:\\\/\\\/inclusivenews.com.br\\\/wp-content\\\/uploads\\\/cartaz-WDSD20152.jpg\",\"datePublished\":\"2015-03-14T10:49:01+00:00\",\"breadcrumb\":{\"@id\":\"https:\\\/\\\/inclusivenews.com.br\\\/?p=27435#breadcrumb\"},\"inLanguage\":\"pt-PT\",\"potentialAction\":[{\"@type\":\"ReadAction\",\"target\":[\"https:\\\/\\\/inclusivenews.com.br\\\/?p=27435\"]}]},{\"@type\":\"ImageObject\",\"inLanguage\":\"pt-PT\",\"@id\":\"https:\\\/\\\/inclusivenews.com.br\\\/?p=27435#primaryimage\",\"url\":\"http:\\\/\\\/inclusivenews.com.br\\\/wp-content\\\/uploads\\\/cartaz-WDSD20152.jpg\",\"contentUrl\":\"http:\\\/\\\/inclusivenews.com.br\\\/wp-content\\\/uploads\\\/cartaz-WDSD20152.jpg\"},{\"@type\":\"BreadcrumbList\",\"@id\":\"https:\\\/\\\/inclusivenews.com.br\\\/?p=27435#breadcrumb\",\"itemListElement\":[{\"@type\":\"ListItem\",\"position\":1,\"name\":\"In\u00edcio\",\"item\":\"https:\\\/\\\/inclusivenews.com.br\\\/\"},{\"@type\":\"ListItem\",\"position\":2,\"name\":\"Brasil celebra o X Dia internacional da S\u00edndrome de Down &#8211; 21\\\/3. Veja a programa\u00e7\u00e3o!\"}]},{\"@type\":\"WebSite\",\"@id\":\"https:\\\/\\\/inclusivenews.com.br\\\/#website\",\"url\":\"https:\\\/\\\/inclusivenews.com.br\\\/\",\"name\":\"Inclusive News\",\"description\":\"Inclusive News\",\"publisher\":{\"@id\":\"https:\\\/\\\/inclusivenews.com.br\\\/#organization\"},\"potentialAction\":[{\"@type\":\"SearchAction\",\"target\":{\"@type\":\"EntryPoint\",\"urlTemplate\":\"https:\\\/\\\/inclusivenews.com.br\\\/?s={search_term_string}\"},\"query-input\":{\"@type\":\"PropertyValueSpecification\",\"valueRequired\":true,\"valueName\":\"search_term_string\"}}],\"inLanguage\":\"pt-PT\"},{\"@type\":\"Organization\",\"@id\":\"https:\\\/\\\/inclusivenews.com.br\\\/#organization\",\"name\":\"Inclusive - inclus\u00e3o e cidadania\",\"url\":\"https:\\\/\\\/inclusivenews.com.br\\\/\",\"logo\":{\"@type\":\"ImageObject\",\"inLanguage\":\"pt-PT\",\"@id\":\"https:\\\/\\\/inclusivenews.com.br\\\/#\\\/schema\\\/logo\\\/image\\\/\",\"url\":\"https:\\\/\\\/inclusivenews.com.br\\\/wp-content\\\/uploads\\\/2024\\\/03\\\/@grandesite.png\",\"contentUrl\":\"https:\\\/\\\/inclusivenews.com.br\\\/wp-content\\\/uploads\\\/2024\\\/03\\\/@grandesite.png\",\"width\":1080,\"height\":1080,\"caption\":\"Inclusive - inclus\u00e3o e cidadania\"},\"image\":{\"@id\":\"https:\\\/\\\/inclusivenews.com.br\\\/#\\\/schema\\\/logo\\\/image\\\/\"},\"sameAs\":[\"https:\\\/\\\/www.facebook.com\\\/agenciainclusive\\\/\",\"https:\\\/\\\/www.instagram.com\\\/newsinclusive\\\/\"]},{\"@type\":\"Person\",\"@id\":\"https:\\\/\\\/inclusivenews.com.br\\\/#\\\/schema\\\/person\\\/ae4ec7087559b8692fb33b6fffd2273b\",\"name\":\"inclusivenews2024\",\"image\":{\"@type\":\"ImageObject\",\"inLanguage\":\"pt-PT\",\"@id\":\"https:\\\/\\\/secure.gravatar.com\\\/avatar\\\/c5a7ef84c66fa914f55bc4f7ce26cfa275a3b9a1c5568b907bd184fb4dde7b40?s=96&d=mm&r=g\",\"url\":\"https:\\\/\\\/secure.gravatar.com\\\/avatar\\\/c5a7ef84c66fa914f55bc4f7ce26cfa275a3b9a1c5568b907bd184fb4dde7b40?s=96&d=mm&r=g\",\"contentUrl\":\"https:\\\/\\\/secure.gravatar.com\\\/avatar\\\/c5a7ef84c66fa914f55bc4f7ce26cfa275a3b9a1c5568b907bd184fb4dde7b40?s=96&d=mm&r=g\",\"caption\":\"inclusivenews2024\"},\"sameAs\":[\"https:\\\/\\\/inclusivenews.com.br\"],\"url\":\"https:\\\/\\\/inclusivenews.com.br\\\/?author=1\"}]}<\/script>\n<!-- \/ Yoast SEO plugin. -->","yoast_head_json":{"title":"Brasil celebra o X Dia internacional da S\u00edndrome de Down - 21\/3. Veja a programa\u00e7\u00e3o! -","robots":{"index":"index","follow":"follow","max-snippet":"max-snippet:-1","max-image-preview":"max-image-preview:large","max-video-preview":"max-video-preview:-1"},"canonical":"https:\/\/inclusivenews.com.br\/?p=27435","og_locale":"pt_PT","og_type":"article","og_title":"Brasil celebra o X Dia internacional da S\u00edndrome de Down - 21\/3. Veja a programa\u00e7\u00e3o! -","og_description":"2015 marca o 10\u00b0 Anivers\u00e1rio do Dia Internacional da S\u00edndrome de Down A cada ano a voz das pessoas com s\u00edndrome de Down, daqueles que vivem e trabalham com elas \u00e9 mais forte.","og_url":"https:\/\/inclusivenews.com.br\/?p=27435","article_publisher":"https:\/\/www.facebook.com\/agenciainclusive\/","article_published_time":"2015-03-14T10:49:01+00:00","og_image":[{"url":"http:\/\/inclusivenews.com.br\/wp-content\/uploads\/cartaz-WDSD20152.jpg","type":"","width":"","height":""}],"author":"inclusivenews2024","twitter_card":"summary_large_image","twitter_misc":{"Escrito por":"inclusivenews2024","Tempo estimado de leitura":"39 minutos"},"schema":{"@context":"https:\/\/schema.org","@graph":[{"@type":"Article","@id":"https:\/\/inclusivenews.com.br\/?p=27435#article","isPartOf":{"@id":"https:\/\/inclusivenews.com.br\/?p=27435"},"author":{"name":"inclusivenews2024","@id":"https:\/\/inclusivenews.com.br\/#\/schema\/person\/ae4ec7087559b8692fb33b6fffd2273b"},"headline":"Brasil celebra o X Dia internacional da S\u00edndrome de Down &#8211; 21\/3. Veja a programa\u00e7\u00e3o!","datePublished":"2015-03-14T10:49:01+00:00","mainEntityOfPage":{"@id":"https:\/\/inclusivenews.com.br\/?p=27435"},"wordCount":7795,"commentCount":3,"publisher":{"@id":"https:\/\/inclusivenews.com.br\/#organization"},"image":{"@id":"https:\/\/inclusivenews.com.br\/?p=27435#primaryimage"},"thumbnailUrl":"http:\/\/inclusivenews.com.br\/wp-content\/uploads\/cartaz-WDSD20152.jpg","articleSection":["WDSD 2015","WDSD2015"],"inLanguage":"pt-PT","potentialAction":[{"@type":"CommentAction","name":"Comment","target":["https:\/\/inclusivenews.com.br\/?p=27435#respond"]}]},{"@type":"WebPage","@id":"https:\/\/inclusivenews.com.br\/?p=27435","url":"https:\/\/inclusivenews.com.br\/?p=27435","name":"Brasil celebra o X Dia internacional da S\u00edndrome de Down - 21\/3. Veja a programa\u00e7\u00e3o! -","isPartOf":{"@id":"https:\/\/inclusivenews.com.br\/#website"},"primaryImageOfPage":{"@id":"https:\/\/inclusivenews.com.br\/?p=27435#primaryimage"},"image":{"@id":"https:\/\/inclusivenews.com.br\/?p=27435#primaryimage"},"thumbnailUrl":"http:\/\/inclusivenews.com.br\/wp-content\/uploads\/cartaz-WDSD20152.jpg","datePublished":"2015-03-14T10:49:01+00:00","breadcrumb":{"@id":"https:\/\/inclusivenews.com.br\/?p=27435#breadcrumb"},"inLanguage":"pt-PT","potentialAction":[{"@type":"ReadAction","target":["https:\/\/inclusivenews.com.br\/?p=27435"]}]},{"@type":"ImageObject","inLanguage":"pt-PT","@id":"https:\/\/inclusivenews.com.br\/?p=27435#primaryimage","url":"http:\/\/inclusivenews.com.br\/wp-content\/uploads\/cartaz-WDSD20152.jpg","contentUrl":"http:\/\/inclusivenews.com.br\/wp-content\/uploads\/cartaz-WDSD20152.jpg"},{"@type":"BreadcrumbList","@id":"https:\/\/inclusivenews.com.br\/?p=27435#breadcrumb","itemListElement":[{"@type":"ListItem","position":1,"name":"In\u00edcio","item":"https:\/\/inclusivenews.com.br\/"},{"@type":"ListItem","position":2,"name":"Brasil celebra o X Dia internacional da S\u00edndrome de Down &#8211; 21\/3. Veja a programa\u00e7\u00e3o!"}]},{"@type":"WebSite","@id":"https:\/\/inclusivenews.com.br\/#website","url":"https:\/\/inclusivenews.com.br\/","name":"Inclusive News","description":"Inclusive News","publisher":{"@id":"https:\/\/inclusivenews.com.br\/#organization"},"potentialAction":[{"@type":"SearchAction","target":{"@type":"EntryPoint","urlTemplate":"https:\/\/inclusivenews.com.br\/?s={search_term_string}"},"query-input":{"@type":"PropertyValueSpecification","valueRequired":true,"valueName":"search_term_string"}}],"inLanguage":"pt-PT"},{"@type":"Organization","@id":"https:\/\/inclusivenews.com.br\/#organization","name":"Inclusive - inclus\u00e3o e cidadania","url":"https:\/\/inclusivenews.com.br\/","logo":{"@type":"ImageObject","inLanguage":"pt-PT","@id":"https:\/\/inclusivenews.com.br\/#\/schema\/logo\/image\/","url":"https:\/\/inclusivenews.com.br\/wp-content\/uploads\/2024\/03\/@grandesite.png","contentUrl":"https:\/\/inclusivenews.com.br\/wp-content\/uploads\/2024\/03\/@grandesite.png","width":1080,"height":1080,"caption":"Inclusive - inclus\u00e3o e cidadania"},"image":{"@id":"https:\/\/inclusivenews.com.br\/#\/schema\/logo\/image\/"},"sameAs":["https:\/\/www.facebook.com\/agenciainclusive\/","https:\/\/www.instagram.com\/newsinclusive\/"]},{"@type":"Person","@id":"https:\/\/inclusivenews.com.br\/#\/schema\/person\/ae4ec7087559b8692fb33b6fffd2273b","name":"inclusivenews2024","image":{"@type":"ImageObject","inLanguage":"pt-PT","@id":"https:\/\/secure.gravatar.com\/avatar\/c5a7ef84c66fa914f55bc4f7ce26cfa275a3b9a1c5568b907bd184fb4dde7b40?s=96&d=mm&r=g","url":"https:\/\/secure.gravatar.com\/avatar\/c5a7ef84c66fa914f55bc4f7ce26cfa275a3b9a1c5568b907bd184fb4dde7b40?s=96&d=mm&r=g","contentUrl":"https:\/\/secure.gravatar.com\/avatar\/c5a7ef84c66fa914f55bc4f7ce26cfa275a3b9a1c5568b907bd184fb4dde7b40?s=96&d=mm&r=g","caption":"inclusivenews2024"},"sameAs":["https:\/\/inclusivenews.com.br"],"url":"https:\/\/inclusivenews.com.br\/?author=1"}]}},"_links":{"self":[{"href":"https:\/\/inclusivenews.com.br\/index.php?rest_route=\/wp\/v2\/posts\/27435","targetHints":{"allow":["GET"]}}],"collection":[{"href":"https:\/\/inclusivenews.com.br\/index.php?rest_route=\/wp\/v2\/posts"}],"about":[{"href":"https:\/\/inclusivenews.com.br\/index.php?rest_route=\/wp\/v2\/types\/post"}],"author":[{"embeddable":true,"href":"https:\/\/inclusivenews.com.br\/index.php?rest_route=\/wp\/v2\/users\/1"}],"replies":[{"embeddable":true,"href":"https:\/\/inclusivenews.com.br\/index.php?rest_route=%2Fwp%2Fv2%2Fcomments&post=27435"}],"version-history":[{"count":0,"href":"https:\/\/inclusivenews.com.br\/index.php?rest_route=\/wp\/v2\/posts\/27435\/revisions"}],"wp:attachment":[{"href":"https:\/\/inclusivenews.com.br\/index.php?rest_route=%2Fwp%2Fv2%2Fmedia&parent=27435"}],"wp:term":[{"taxonomy":"category","embeddable":true,"href":"https:\/\/inclusivenews.com.br\/index.php?rest_route=%2Fwp%2Fv2%2Fcategories&post=27435"},{"taxonomy":"post_tag","embeddable":true,"href":"https:\/\/inclusivenews.com.br\/index.php?rest_route=%2Fwp%2Fv2%2Ftags&post=27435"}],"curies":[{"name":"wp","href":"https:\/\/api.w.org\/{rel}","templated":true}]}}