{"id":27480,"date":"2015-02-17T13:07:03","date_gmt":"2015-02-17T16:07:03","guid":{"rendered":"http:\/\/www.inclusive.org.br\/?p=27480"},"modified":"2015-02-17T13:07:03","modified_gmt":"2015-02-17T16:07:03","slug":"nos-nao-perdoamos","status":"publish","type":"post","link":"https:\/\/inclusivenews.com.br\/?p=27480","title":{"rendered":"N\u00f3s n\u00e3o perdoamos"},"content":{"rendered":"<figure style=\"width: 290px\" class=\"wp-caption alignnone\"><img loading=\"lazy\" decoding=\"async\" alt=\"Os pais de Alex, portando fotos e documentos\" src=\"https:\/\/encrypted-tbn2.gstatic.com\/images?q=tbn:ANd9GcQebS1q2-U_wVq2XRBqM6UmVoMsJSJfXle5ipHqz57MN4Dm4ice\" width=\"290\" height=\"174\" \/><figcaption class=\"wp-caption-text\">Foto: O Globo<\/figcaption><\/figure>\n<p><i>Por Mausy Schomaker e Andrei Bastos* <\/i><\/p>\n<p>Nosso amado filho Alex Schomaker Bastos foi assassinado com sete tiros num ponto de \u00f4nibus, \u00e0s 21h30m do dia 8 de janeiro, no bairro de Botafogo, Rio de Janeiro, em frente ao campus da UFRJ, por dois assaltantes que levaram apenas seu celular.<\/p>\n<p>N\u00f3s n\u00e3o perdoamos os assassinos nem os governantes.<\/p>\n<p>N\u00e3o nos perdoamos por n\u00e3o estarmos, magicamente, entre a arma e nosso filho no momento dos disparos. Agora, nos surpreendemos com Mezim Magrah, o curandeiro c\u00edvico de \u201cMagic\u201d, o jogo de que Alex tanto gosta, que diz em uma das cartas: &#8220;Voc\u00ea pegou alguma coisa passeando em uma noite fria? N\u00e3o. Eu diria que alguma coisa \u00e9 que pegou voc\u00ea&#8221;.<\/p>\n<p>N\u00e3o perdoamos o primitivismo dos instintos maus dos rejeitados pela civiliza\u00e7\u00e3o que atiraram em nosso filho. O que eles fizeram est\u00e1 muito al\u00e9m da simples banaliza\u00e7\u00e3o do mal e deixa claro que a barb\u00e1rie j\u00e1 se instalou em nossa sociedade, e faz com que nos escondamos atr\u00e1s das grades que cercam nossas casas. Isso n\u00e3o \u00e9 vida para ningu\u00e9m e precisamos sair das pris\u00f5es que constru\u00edmos para n\u00f3s mesmos e ocupar as ruas, que esquecemos que s\u00e3o nossas.<\/p>\n<p>As grades n\u00e3o nos protegem. As grades nos enfraquecem como cidad\u00e3os e como sociedade. Atr\u00e1s das grades quem deve ficar s\u00e3o os assassinos de Alex e de tantos outros jovens.<\/p>\n<p>N\u00f3s, os pais de Alex Schomaker Bastos, n\u00e3o perdoamos o Estado brasileiro, configurado nos governos federal, estadual e municipal, que pelas m\u00e3os dos seus gestores tem marcado sua atua\u00e7\u00e3o pela inc\u00faria e dolo, chegando ao criminoso corte de verbas priorit\u00e1rias em Educa\u00e7\u00e3o, Sa\u00fade e Seguran\u00e7a, como os R$ 7 bilh\u00f5es que o governo federal cortou na Educa\u00e7\u00e3o, no ano em que adotou o slogan \u201cBrasil, p\u00e1tria educadora\u201d, ou o R$ 1,37 bilh\u00e3o cortado do or\u00e7amento da Seguran\u00e7a no Estado do Rio de Janeiro.<\/p>\n<p>Esse dinheiro n\u00e3o traz nosso filho de volta \u00e0 vida, mas ser\u00e1 um dinheiro bem aplicado se evitar apenas um assassinato num ponto de \u00f4nibus qualquer. Gostar\u00edamos de perguntar ao governador, quanto vale a vida de seus filhos? A do nosso filho n\u00e3o tem pre\u00e7o.0<\/p>\n<p>Nunca encontraremos palavras para expressar nossa dor pela morte de Alex e nosso desprezo pelos nossos governantes. Como diz numa tradu\u00e7\u00e3o livre de Neil Gaiman, da revista \u201cSandman\u201d, que nosso filho fez para a abertura do seu memorial descritivo de mestrado, \u201co Homem n\u00e3o sabe o valor do saber, nem pode encontr\u00e1-lo na terra dos vivos&#8230; pois o pre\u00e7o da sabedoria est\u00e1 acima dos rubis\u201d.<\/p>\n<p>N\u00f3s recebemos o diploma de bi\u00f3logo e professor de Biologia em nome de Alex, que ama a Biologia, quer estudar doen\u00e7as raras e ama ser professor. Ele diz: \u201cQuero ser professor, porque como professor eu posso fazer a mudan\u00e7a. Gosto de ver o aluno entrar na sala de um jeito e no final do ano sair de outro\u201d.<\/p>\n<p>Fazemos quest\u00e3o de falar do Alex sempre no presente porque ele nunca morrer\u00e1 para n\u00f3s. Ele agora faz parte das estat\u00edsticas sobre a viol\u00eancia e crime no Estado do Rio de Janeiro e no Brasil.<\/p>\n<p>No Rio de Janeiro somos proibidos de ficar nos pontos de \u00f4nibus, somos proibidos de andar calmamente nas ruas, somos proibidos de nos sentir donos da cidade, pois a viol\u00eancia dos assaltos e as balas perdidas que destroem pela dor in\u00fameras fam\u00edlias s\u00e3o resultado, como diz o secret\u00e1rio de Seguran\u00e7a Jos\u00e9 Mariano Beltrame, \u201cde uma na\u00e7\u00e3o de criminosos que se criou no Rio de Janeiro nos \u00faltimos 30, 40 anos\u201d.S\u00e3o d\u00e9cadas de descalabro.<\/p>\n<p>A morte de Alex simboliza o desprezo do Estado pelos seus cidad\u00e3os, pelos seus professores, seus cientistas, pela educa\u00e7\u00e3o e pelo desenvolvimento.<\/p>\n<p>Coisas simples como a poda de \u00e1rvores e a ilumina\u00e7\u00e3o do local, na rua General Severiano, em frente ao campus da UFRJ, teriam impedido a morte de nosso filho. Ser\u00e1 que somos t\u00e3o desprezados como cidad\u00e3os que at\u00e9 coisas simples como ilumina\u00e7\u00e3o e cuidados com as \u00e1rvores temos que mendigar? Na \u201cna\u00e7\u00e3o de criminosos\u201d da qual nos fala o senhor secret\u00e1rio de Seguran\u00e7a n\u00f3s inclu\u00edmos os que permitiram que cheg\u00e1ssemos a este ponto.<\/p>\n<p><i>Mausy Schomaker e Andrei Bastos s\u00e3o os pais do jovem Alex, morto num assalto em Botafogo.<\/i><\/p>\n","protected":false},"excerpt":{"rendered":"<p>N\u00f3s, os pais de Alex Schomaker Bastos, n\u00e3o perdoamos o Estado brasileiro, configurado nos governos federal, estadual e municipal, que pelas m\u00e3os dos seus gestores tem marcado sua atua\u00e7\u00e3o pela inc\u00faria e dolo, chegando ao criminoso corte de verbas priorit\u00e1rias em Educa\u00e7\u00e3o, Sa\u00fade e Seguran\u00e7a, como os R$ 7 bilh\u00f5es que o governo federal cortou na Educa\u00e7\u00e3o, no ano em que adotou o slogan \u201cBrasil, p\u00e1tria educadora\u201d, ou o R$ 1,37 bilh\u00e3o cortado do or\u00e7amento da Seguran\u00e7a no Estado do Rio de Janeiro.<\/p>\n","protected":false},"author":1,"featured_media":0,"comment_status":"open","ping_status":"open","sticky":false,"template":"","format":"standard","meta":{"site-container-style":"default","site-container-layout":"default","site-sidebar-layout":"default","disable-article-header":"default","disable-site-header":"default","disable-site-footer":"default","disable-content-area-spacing":"default","footnotes":""},"categories":[13],"tags":[94],"class_list":["post-27480","post","type-post","status-publish","format-standard","hentry","category-denuncias","tag-violencia"],"yoast_head":"<!-- This site is optimized with the Yoast SEO plugin v27.4 - https:\/\/yoast.com\/product\/yoast-seo-wordpress\/ -->\n<title>N\u00f3s n\u00e3o perdoamos -<\/title>\n<meta name=\"robots\" content=\"index, follow, max-snippet:-1, max-image-preview:large, max-video-preview:-1\" \/>\n<link rel=\"canonical\" href=\"https:\/\/inclusivenews.com.br\/?p=27480\" \/>\n<meta property=\"og:locale\" content=\"pt_PT\" \/>\n<meta property=\"og:type\" content=\"article\" \/>\n<meta property=\"og:title\" content=\"N\u00f3s n\u00e3o perdoamos -\" \/>\n<meta property=\"og:description\" content=\"N\u00f3s, os pais de Alex Schomaker Bastos, n\u00e3o perdoamos o Estado brasileiro, configurado nos governos federal, estadual e municipal, que pelas m\u00e3os dos seus gestores tem marcado sua atua\u00e7\u00e3o pela inc\u00faria e dolo, chegando ao criminoso corte de verbas priorit\u00e1rias em Educa\u00e7\u00e3o, Sa\u00fade e Seguran\u00e7a, como os R$ 7 bilh\u00f5es que o governo federal cortou na Educa\u00e7\u00e3o, no ano em que adotou o slogan \u201cBrasil, p\u00e1tria educadora\u201d, ou o R$ 1,37 bilh\u00e3o cortado do or\u00e7amento da Seguran\u00e7a no Estado do Rio de Janeiro.\" \/>\n<meta property=\"og:url\" content=\"https:\/\/inclusivenews.com.br\/?p=27480\" \/>\n<meta property=\"article:publisher\" content=\"https:\/\/www.facebook.com\/agenciainclusive\/\" \/>\n<meta property=\"article:published_time\" content=\"2015-02-17T16:07:03+00:00\" \/>\n<meta property=\"og:image\" content=\"https:\/\/encrypted-tbn2.gstatic.com\/images?q=tbn:ANd9GcQebS1q2-U_wVq2XRBqM6UmVoMsJSJfXle5ipHqz57MN4Dm4ice\" \/>\n<meta name=\"author\" content=\"inclusivenews2024\" \/>\n<meta name=\"twitter:card\" content=\"summary_large_image\" \/>\n<meta name=\"twitter:label1\" content=\"Escrito por\" \/>\n\t<meta name=\"twitter:data1\" content=\"inclusivenews2024\" \/>\n\t<meta name=\"twitter:label2\" content=\"Tempo estimado de leitura\" \/>\n\t<meta name=\"twitter:data2\" content=\"4 minutos\" \/>\n<script type=\"application\/ld+json\" class=\"yoast-schema-graph\">{\"@context\":\"https:\\\/\\\/schema.org\",\"@graph\":[{\"@type\":\"Article\",\"@id\":\"https:\\\/\\\/inclusivenews.com.br\\\/?p=27480#article\",\"isPartOf\":{\"@id\":\"https:\\\/\\\/inclusivenews.com.br\\\/?p=27480\"},\"author\":{\"name\":\"inclusivenews2024\",\"@id\":\"https:\\\/\\\/inclusivenews.com.br\\\/#\\\/schema\\\/person\\\/ae4ec7087559b8692fb33b6fffd2273b\"},\"headline\":\"N\u00f3s n\u00e3o perdoamos\",\"datePublished\":\"2015-02-17T16:07:03+00:00\",\"mainEntityOfPage\":{\"@id\":\"https:\\\/\\\/inclusivenews.com.br\\\/?p=27480\"},\"wordCount\":778,\"commentCount\":1,\"publisher\":{\"@id\":\"https:\\\/\\\/inclusivenews.com.br\\\/#organization\"},\"image\":{\"@id\":\"https:\\\/\\\/inclusivenews.com.br\\\/?p=27480#primaryimage\"},\"thumbnailUrl\":\"https:\\\/\\\/encrypted-tbn2.gstatic.com\\\/images?q=tbn:ANd9GcQebS1q2-U_wVq2XRBqM6UmVoMsJSJfXle5ipHqz57MN4Dm4ice\",\"keywords\":[\"Viol\u00eancia\"],\"articleSection\":[\"Den\u00fancias\"],\"inLanguage\":\"pt-PT\",\"potentialAction\":[{\"@type\":\"CommentAction\",\"name\":\"Comment\",\"target\":[\"https:\\\/\\\/inclusivenews.com.br\\\/?p=27480#respond\"]}]},{\"@type\":\"WebPage\",\"@id\":\"https:\\\/\\\/inclusivenews.com.br\\\/?p=27480\",\"url\":\"https:\\\/\\\/inclusivenews.com.br\\\/?p=27480\",\"name\":\"N\u00f3s n\u00e3o perdoamos -\",\"isPartOf\":{\"@id\":\"https:\\\/\\\/inclusivenews.com.br\\\/#website\"},\"primaryImageOfPage\":{\"@id\":\"https:\\\/\\\/inclusivenews.com.br\\\/?p=27480#primaryimage\"},\"image\":{\"@id\":\"https:\\\/\\\/inclusivenews.com.br\\\/?p=27480#primaryimage\"},\"thumbnailUrl\":\"https:\\\/\\\/encrypted-tbn2.gstatic.com\\\/images?q=tbn:ANd9GcQebS1q2-U_wVq2XRBqM6UmVoMsJSJfXle5ipHqz57MN4Dm4ice\",\"datePublished\":\"2015-02-17T16:07:03+00:00\",\"breadcrumb\":{\"@id\":\"https:\\\/\\\/inclusivenews.com.br\\\/?p=27480#breadcrumb\"},\"inLanguage\":\"pt-PT\",\"potentialAction\":[{\"@type\":\"ReadAction\",\"target\":[\"https:\\\/\\\/inclusivenews.com.br\\\/?p=27480\"]}]},{\"@type\":\"ImageObject\",\"inLanguage\":\"pt-PT\",\"@id\":\"https:\\\/\\\/inclusivenews.com.br\\\/?p=27480#primaryimage\",\"url\":\"https:\\\/\\\/encrypted-tbn2.gstatic.com\\\/images?q=tbn:ANd9GcQebS1q2-U_wVq2XRBqM6UmVoMsJSJfXle5ipHqz57MN4Dm4ice\",\"contentUrl\":\"https:\\\/\\\/encrypted-tbn2.gstatic.com\\\/images?q=tbn:ANd9GcQebS1q2-U_wVq2XRBqM6UmVoMsJSJfXle5ipHqz57MN4Dm4ice\"},{\"@type\":\"BreadcrumbList\",\"@id\":\"https:\\\/\\\/inclusivenews.com.br\\\/?p=27480#breadcrumb\",\"itemListElement\":[{\"@type\":\"ListItem\",\"position\":1,\"name\":\"In\u00edcio\",\"item\":\"https:\\\/\\\/inclusivenews.com.br\\\/\"},{\"@type\":\"ListItem\",\"position\":2,\"name\":\"N\u00f3s n\u00e3o perdoamos\"}]},{\"@type\":\"WebSite\",\"@id\":\"https:\\\/\\\/inclusivenews.com.br\\\/#website\",\"url\":\"https:\\\/\\\/inclusivenews.com.br\\\/\",\"name\":\"Inclusive News\",\"description\":\"Inclusive News\",\"publisher\":{\"@id\":\"https:\\\/\\\/inclusivenews.com.br\\\/#organization\"},\"potentialAction\":[{\"@type\":\"SearchAction\",\"target\":{\"@type\":\"EntryPoint\",\"urlTemplate\":\"https:\\\/\\\/inclusivenews.com.br\\\/?s={search_term_string}\"},\"query-input\":{\"@type\":\"PropertyValueSpecification\",\"valueRequired\":true,\"valueName\":\"search_term_string\"}}],\"inLanguage\":\"pt-PT\"},{\"@type\":\"Organization\",\"@id\":\"https:\\\/\\\/inclusivenews.com.br\\\/#organization\",\"name\":\"Inclusive - inclus\u00e3o e cidadania\",\"url\":\"https:\\\/\\\/inclusivenews.com.br\\\/\",\"logo\":{\"@type\":\"ImageObject\",\"inLanguage\":\"pt-PT\",\"@id\":\"https:\\\/\\\/inclusivenews.com.br\\\/#\\\/schema\\\/logo\\\/image\\\/\",\"url\":\"https:\\\/\\\/inclusivenews.com.br\\\/wp-content\\\/uploads\\\/2024\\\/03\\\/@grandesite.png\",\"contentUrl\":\"https:\\\/\\\/inclusivenews.com.br\\\/wp-content\\\/uploads\\\/2024\\\/03\\\/@grandesite.png\",\"width\":1080,\"height\":1080,\"caption\":\"Inclusive - inclus\u00e3o e cidadania\"},\"image\":{\"@id\":\"https:\\\/\\\/inclusivenews.com.br\\\/#\\\/schema\\\/logo\\\/image\\\/\"},\"sameAs\":[\"https:\\\/\\\/www.facebook.com\\\/agenciainclusive\\\/\",\"https:\\\/\\\/www.instagram.com\\\/newsinclusive\\\/\"]},{\"@type\":\"Person\",\"@id\":\"https:\\\/\\\/inclusivenews.com.br\\\/#\\\/schema\\\/person\\\/ae4ec7087559b8692fb33b6fffd2273b\",\"name\":\"inclusivenews2024\",\"image\":{\"@type\":\"ImageObject\",\"inLanguage\":\"pt-PT\",\"@id\":\"https:\\\/\\\/secure.gravatar.com\\\/avatar\\\/c5a7ef84c66fa914f55bc4f7ce26cfa275a3b9a1c5568b907bd184fb4dde7b40?s=96&d=mm&r=g\",\"url\":\"https:\\\/\\\/secure.gravatar.com\\\/avatar\\\/c5a7ef84c66fa914f55bc4f7ce26cfa275a3b9a1c5568b907bd184fb4dde7b40?s=96&d=mm&r=g\",\"contentUrl\":\"https:\\\/\\\/secure.gravatar.com\\\/avatar\\\/c5a7ef84c66fa914f55bc4f7ce26cfa275a3b9a1c5568b907bd184fb4dde7b40?s=96&d=mm&r=g\",\"caption\":\"inclusivenews2024\"},\"sameAs\":[\"https:\\\/\\\/inclusivenews.com.br\"],\"url\":\"https:\\\/\\\/inclusivenews.com.br\\\/?author=1\"}]}<\/script>\n<!-- \/ Yoast SEO plugin. -->","yoast_head_json":{"title":"N\u00f3s n\u00e3o perdoamos -","robots":{"index":"index","follow":"follow","max-snippet":"max-snippet:-1","max-image-preview":"max-image-preview:large","max-video-preview":"max-video-preview:-1"},"canonical":"https:\/\/inclusivenews.com.br\/?p=27480","og_locale":"pt_PT","og_type":"article","og_title":"N\u00f3s n\u00e3o perdoamos -","og_description":"N\u00f3s, os pais de Alex Schomaker Bastos, n\u00e3o perdoamos o Estado brasileiro, configurado nos governos federal, estadual e municipal, que pelas m\u00e3os dos seus gestores tem marcado sua atua\u00e7\u00e3o pela inc\u00faria e dolo, chegando ao criminoso corte de verbas priorit\u00e1rias em Educa\u00e7\u00e3o, Sa\u00fade e Seguran\u00e7a, como os R$ 7 bilh\u00f5es que o governo federal cortou na Educa\u00e7\u00e3o, no ano em que adotou o slogan \u201cBrasil, p\u00e1tria educadora\u201d, ou o R$ 1,37 bilh\u00e3o cortado do or\u00e7amento da Seguran\u00e7a no Estado do Rio de Janeiro.","og_url":"https:\/\/inclusivenews.com.br\/?p=27480","article_publisher":"https:\/\/www.facebook.com\/agenciainclusive\/","article_published_time":"2015-02-17T16:07:03+00:00","og_image":[{"url":"https:\/\/encrypted-tbn2.gstatic.com\/images?q=tbn:ANd9GcQebS1q2-U_wVq2XRBqM6UmVoMsJSJfXle5ipHqz57MN4Dm4ice","type":"","width":"","height":""}],"author":"inclusivenews2024","twitter_card":"summary_large_image","twitter_misc":{"Escrito por":"inclusivenews2024","Tempo estimado de leitura":"4 minutos"},"schema":{"@context":"https:\/\/schema.org","@graph":[{"@type":"Article","@id":"https:\/\/inclusivenews.com.br\/?p=27480#article","isPartOf":{"@id":"https:\/\/inclusivenews.com.br\/?p=27480"},"author":{"name":"inclusivenews2024","@id":"https:\/\/inclusivenews.com.br\/#\/schema\/person\/ae4ec7087559b8692fb33b6fffd2273b"},"headline":"N\u00f3s n\u00e3o perdoamos","datePublished":"2015-02-17T16:07:03+00:00","mainEntityOfPage":{"@id":"https:\/\/inclusivenews.com.br\/?p=27480"},"wordCount":778,"commentCount":1,"publisher":{"@id":"https:\/\/inclusivenews.com.br\/#organization"},"image":{"@id":"https:\/\/inclusivenews.com.br\/?p=27480#primaryimage"},"thumbnailUrl":"https:\/\/encrypted-tbn2.gstatic.com\/images?q=tbn:ANd9GcQebS1q2-U_wVq2XRBqM6UmVoMsJSJfXle5ipHqz57MN4Dm4ice","keywords":["Viol\u00eancia"],"articleSection":["Den\u00fancias"],"inLanguage":"pt-PT","potentialAction":[{"@type":"CommentAction","name":"Comment","target":["https:\/\/inclusivenews.com.br\/?p=27480#respond"]}]},{"@type":"WebPage","@id":"https:\/\/inclusivenews.com.br\/?p=27480","url":"https:\/\/inclusivenews.com.br\/?p=27480","name":"N\u00f3s n\u00e3o perdoamos -","isPartOf":{"@id":"https:\/\/inclusivenews.com.br\/#website"},"primaryImageOfPage":{"@id":"https:\/\/inclusivenews.com.br\/?p=27480#primaryimage"},"image":{"@id":"https:\/\/inclusivenews.com.br\/?p=27480#primaryimage"},"thumbnailUrl":"https:\/\/encrypted-tbn2.gstatic.com\/images?q=tbn:ANd9GcQebS1q2-U_wVq2XRBqM6UmVoMsJSJfXle5ipHqz57MN4Dm4ice","datePublished":"2015-02-17T16:07:03+00:00","breadcrumb":{"@id":"https:\/\/inclusivenews.com.br\/?p=27480#breadcrumb"},"inLanguage":"pt-PT","potentialAction":[{"@type":"ReadAction","target":["https:\/\/inclusivenews.com.br\/?p=27480"]}]},{"@type":"ImageObject","inLanguage":"pt-PT","@id":"https:\/\/inclusivenews.com.br\/?p=27480#primaryimage","url":"https:\/\/encrypted-tbn2.gstatic.com\/images?q=tbn:ANd9GcQebS1q2-U_wVq2XRBqM6UmVoMsJSJfXle5ipHqz57MN4Dm4ice","contentUrl":"https:\/\/encrypted-tbn2.gstatic.com\/images?q=tbn:ANd9GcQebS1q2-U_wVq2XRBqM6UmVoMsJSJfXle5ipHqz57MN4Dm4ice"},{"@type":"BreadcrumbList","@id":"https:\/\/inclusivenews.com.br\/?p=27480#breadcrumb","itemListElement":[{"@type":"ListItem","position":1,"name":"In\u00edcio","item":"https:\/\/inclusivenews.com.br\/"},{"@type":"ListItem","position":2,"name":"N\u00f3s n\u00e3o perdoamos"}]},{"@type":"WebSite","@id":"https:\/\/inclusivenews.com.br\/#website","url":"https:\/\/inclusivenews.com.br\/","name":"Inclusive News","description":"Inclusive News","publisher":{"@id":"https:\/\/inclusivenews.com.br\/#organization"},"potentialAction":[{"@type":"SearchAction","target":{"@type":"EntryPoint","urlTemplate":"https:\/\/inclusivenews.com.br\/?s={search_term_string}"},"query-input":{"@type":"PropertyValueSpecification","valueRequired":true,"valueName":"search_term_string"}}],"inLanguage":"pt-PT"},{"@type":"Organization","@id":"https:\/\/inclusivenews.com.br\/#organization","name":"Inclusive - inclus\u00e3o e cidadania","url":"https:\/\/inclusivenews.com.br\/","logo":{"@type":"ImageObject","inLanguage":"pt-PT","@id":"https:\/\/inclusivenews.com.br\/#\/schema\/logo\/image\/","url":"https:\/\/inclusivenews.com.br\/wp-content\/uploads\/2024\/03\/@grandesite.png","contentUrl":"https:\/\/inclusivenews.com.br\/wp-content\/uploads\/2024\/03\/@grandesite.png","width":1080,"height":1080,"caption":"Inclusive - inclus\u00e3o e cidadania"},"image":{"@id":"https:\/\/inclusivenews.com.br\/#\/schema\/logo\/image\/"},"sameAs":["https:\/\/www.facebook.com\/agenciainclusive\/","https:\/\/www.instagram.com\/newsinclusive\/"]},{"@type":"Person","@id":"https:\/\/inclusivenews.com.br\/#\/schema\/person\/ae4ec7087559b8692fb33b6fffd2273b","name":"inclusivenews2024","image":{"@type":"ImageObject","inLanguage":"pt-PT","@id":"https:\/\/secure.gravatar.com\/avatar\/c5a7ef84c66fa914f55bc4f7ce26cfa275a3b9a1c5568b907bd184fb4dde7b40?s=96&d=mm&r=g","url":"https:\/\/secure.gravatar.com\/avatar\/c5a7ef84c66fa914f55bc4f7ce26cfa275a3b9a1c5568b907bd184fb4dde7b40?s=96&d=mm&r=g","contentUrl":"https:\/\/secure.gravatar.com\/avatar\/c5a7ef84c66fa914f55bc4f7ce26cfa275a3b9a1c5568b907bd184fb4dde7b40?s=96&d=mm&r=g","caption":"inclusivenews2024"},"sameAs":["https:\/\/inclusivenews.com.br"],"url":"https:\/\/inclusivenews.com.br\/?author=1"}]}},"_links":{"self":[{"href":"https:\/\/inclusivenews.com.br\/index.php?rest_route=\/wp\/v2\/posts\/27480","targetHints":{"allow":["GET"]}}],"collection":[{"href":"https:\/\/inclusivenews.com.br\/index.php?rest_route=\/wp\/v2\/posts"}],"about":[{"href":"https:\/\/inclusivenews.com.br\/index.php?rest_route=\/wp\/v2\/types\/post"}],"author":[{"embeddable":true,"href":"https:\/\/inclusivenews.com.br\/index.php?rest_route=\/wp\/v2\/users\/1"}],"replies":[{"embeddable":true,"href":"https:\/\/inclusivenews.com.br\/index.php?rest_route=%2Fwp%2Fv2%2Fcomments&post=27480"}],"version-history":[{"count":0,"href":"https:\/\/inclusivenews.com.br\/index.php?rest_route=\/wp\/v2\/posts\/27480\/revisions"}],"wp:attachment":[{"href":"https:\/\/inclusivenews.com.br\/index.php?rest_route=%2Fwp%2Fv2%2Fmedia&parent=27480"}],"wp:term":[{"taxonomy":"category","embeddable":true,"href":"https:\/\/inclusivenews.com.br\/index.php?rest_route=%2Fwp%2Fv2%2Fcategories&post=27480"},{"taxonomy":"post_tag","embeddable":true,"href":"https:\/\/inclusivenews.com.br\/index.php?rest_route=%2Fwp%2Fv2%2Ftags&post=27480"}],"curies":[{"name":"wp","href":"https:\/\/api.w.org\/{rel}","templated":true}]}}