{"id":27508,"date":"2015-02-24T20:23:42","date_gmt":"2015-02-24T23:23:42","guid":{"rendered":"http:\/\/www.inclusive.org.br\/?p=27508"},"modified":"2015-02-24T20:23:42","modified_gmt":"2015-02-24T23:23:42","slug":"mpe-faz-recomendacoes-sobre-deficientes-em-escolas-particulares","status":"publish","type":"post","link":"https:\/\/inclusivenews.com.br\/?p=27508","title":{"rendered":"MPE faz recomenda\u00e7\u00f5es sobre deficientes em escolas particulares"},"content":{"rendered":"<p><img loading=\"lazy\" decoding=\"async\" class=\"alignnone size-full wp-image-21796\" alt=\"O martelo da justi\u00e7a sobre um livro\" src=\"http:\/\/inclusivenews.com.br\/wp-content\/uploads\/martelo.jpeg\" width=\"304\" height=\"128\" \/><\/p>\n<p><em>Reportagem \u00e9 do G1<\/em><\/p>\n<p>O Minist\u00e9rio P\u00fablico do Estado de Mato Grosso do Sul (MP-MS) recomenda aos estabelecimentos particulares de ensino do estado que n\u00e3o cobrem taxas extras de pessoas com defici\u00eancia, tanto na matr\u00edcula quanto para outros servi\u00e7os oferecidos pela escola.<\/p>\n<p>Na mesma recomenda\u00e7\u00e3o, publicada na edi\u00e7\u00e3o de quinta-feira (19) do Di\u00e1rio Oficial do MP, o \u00f3rg\u00e3o pede que a prefeitura de Campo Grande e o governo do estado para que realizem &#8220;monitoramento cont\u00ednuo e avalia\u00e7\u00f5es peri\u00f3dicas nas escolas particulares&#8221; com o objetivo de verificar se est\u00e1 acontecendo alguma forma de discrimina\u00e7\u00e3o, &#8220;em especial com rela\u00e7\u00e3o \u00e0 abusiva cobran\u00e7a de valores adicionais e negativa de matr\u00edcula&#8221;.<\/p>\n<p>O <strong>G1 <\/strong>entrou em contato com o Sindicato dos Estabelecimentos de Ensino de Mato Grosso do Sul, mas at\u00e9 a publica\u00e7\u00e3o desta reportagem n\u00e3o houve retorno. A prefeitura da capital sul-mato-grossense informou que &#8220;nas escolas da Rede Municipal de Campo Grande n\u00e3o existe dificuldade de acesso para alunos com necessidades especiais&#8221;. O G1 tamb\u00e9m entrou em contato com a assessoria do governo do Estado, mas n\u00e3o obteve retorno at\u00e9 a publica\u00e7\u00e3o desta reportagem.<\/p>\n<p>Para fazer a recomenda\u00e7\u00e3o, a 67\u00aa Promotora de Justi\u00e7a dos Direitos Humanos da comarca de Campo Grande, levou em considera\u00e7\u00e3o v\u00e1rios itens, entre eles que a educa\u00e7\u00e3o inclusiva &#8220;\u00e9 o modo mais eficaz para constru\u00e7\u00e3o de solidariedade&#8221; e que alunos com defici\u00eancia possuem o direito indispon\u00edvel de acesso \u00e0 educa\u00e7\u00e3o.<\/p>\n<p>A publica\u00e7\u00e3o \u00e9 justificada tamb\u00e9m por lei estadual que veda qualquer discrimina\u00e7\u00e3o \u00e0 pessoas com defic\u00eancia e cita como exemplos, a recusa de matr\u00edcula, o impedimento ou inviabiliza\u00e7\u00e3o da perman\u00eancia e a aus\u00eancia de profissional treinado para o atendimento da crian\u00e7a e do adolescente.<\/p>\n<p>O MP-MS diz ainda que houve not\u00edcia de viola\u00e7\u00e3o de direitos de pessoa com defici\u00eancia em estabelecimento particular de ensino e por conta disso, foi preciso emitir a recomenda\u00e7\u00e3o.<\/p>\n<p><strong>Pedidos<\/strong><br \/>\nAl\u00e9m de recomendar a n\u00e3o cobran\u00e7a de taxas para alunos deficientes, o MP pede ainda que os estabelecimentos de ensino garantam no projeto pedag\u00f3gico a educa\u00e7\u00e3o inclusiva e coloque todos os custos decorrentes na planilha de gastos e ainda que exiga dos pais ou respons\u00e1veis por estudantes matriculados &#8220;relat\u00f3rios de atendimento de sa\u00fade necess\u00e1rios ao desenvolvimento do aluno, comunicando ao Conselho Tutelar competente situa\u00e7\u00f5es onde seja necess\u00e1ria a sua atua\u00e7\u00e3o&#8221;.<\/p>\n<p>\u00c0 prefeitura e ao governo do estado, o MP-MS pede que fiscalize os estabelecimentos para que a legisla\u00e7\u00e3o seja cumprida e que, envie \u00e0 promotoria casos suspeitos de viola\u00e7\u00e3o dos direitos dos estudantes deficientes.<\/p>\n<p>Em caso de n\u00e3o acatamento dos pedidos, o MP ir\u00e1 adotar medidas legais necess\u00e1rias<br \/>\npara assegurar a efetividade dos mencionados diplomas legais.<\/p>\n","protected":false},"excerpt":{"rendered":"<p>Na mesma recomenda\u00e7\u00e3o, publicada na edi\u00e7\u00e3o de quinta-feira (19) do Di\u00e1rio Oficial do MP, o \u00f3rg\u00e3o pede que a prefeitura de Campo Grande e o governo do estado para que realizem &#8220;monitoramento cont\u00ednuo e avalia\u00e7\u00f5es peri\u00f3dicas nas escolas particulares&#8221; com o objetivo de verificar se est\u00e1 acontecendo alguma forma de discrimina\u00e7\u00e3o, &#8220;em especial com rela\u00e7\u00e3o \u00e0 abusiva cobran\u00e7a de valores adicionais e negativa de matr\u00edcula&#8221;. Reportagem \u00e9 do G1.<\/p>\n","protected":false},"author":1,"featured_media":0,"comment_status":"open","ping_status":"open","sticky":false,"template":"","format":"standard","meta":{"site-container-style":"default","site-container-layout":"default","site-sidebar-layout":"default","disable-article-header":"default","disable-site-header":"default","disable-site-footer":"default","disable-content-area-spacing":"default","footnotes":""},"categories":[4],"tags":[126],"class_list":["post-27508","post","type-post","status-publish","format-standard","hentry","category-noticias","tag-educacao-inclusiva"],"yoast_head":"<!-- This site is optimized with the Yoast SEO plugin v27.4 - https:\/\/yoast.com\/product\/yoast-seo-wordpress\/ -->\n<title>MPE faz recomenda\u00e7\u00f5es sobre deficientes em escolas particulares -<\/title>\n<meta name=\"robots\" content=\"index, follow, max-snippet:-1, max-image-preview:large, max-video-preview:-1\" \/>\n<link rel=\"canonical\" href=\"https:\/\/inclusivenews.com.br\/?p=27508\" \/>\n<meta property=\"og:locale\" content=\"pt_PT\" \/>\n<meta property=\"og:type\" content=\"article\" \/>\n<meta property=\"og:title\" content=\"MPE faz recomenda\u00e7\u00f5es sobre deficientes em escolas particulares -\" \/>\n<meta property=\"og:description\" content=\"Na mesma recomenda\u00e7\u00e3o, publicada na edi\u00e7\u00e3o de quinta-feira (19) do Di\u00e1rio Oficial do MP, o \u00f3rg\u00e3o pede que a prefeitura de Campo Grande e o governo do estado para que realizem &quot;monitoramento cont\u00ednuo e avalia\u00e7\u00f5es peri\u00f3dicas nas escolas particulares&quot; com o objetivo de verificar se est\u00e1 acontecendo alguma forma de discrimina\u00e7\u00e3o, &quot;em especial com rela\u00e7\u00e3o \u00e0 abusiva cobran\u00e7a de valores adicionais e negativa de matr\u00edcula&quot;. Reportagem \u00e9 do G1.\" \/>\n<meta property=\"og:url\" content=\"https:\/\/inclusivenews.com.br\/?p=27508\" \/>\n<meta property=\"article:publisher\" content=\"https:\/\/www.facebook.com\/agenciainclusive\/\" \/>\n<meta property=\"article:published_time\" content=\"2015-02-24T23:23:42+00:00\" \/>\n<meta property=\"og:image\" content=\"http:\/\/inclusivenews.com.br\/wp-content\/uploads\/martelo.jpeg\" \/>\n<meta name=\"author\" content=\"inclusivenews2024\" \/>\n<meta name=\"twitter:card\" content=\"summary_large_image\" \/>\n<meta name=\"twitter:label1\" content=\"Escrito por\" \/>\n\t<meta name=\"twitter:data1\" content=\"inclusivenews2024\" \/>\n\t<meta name=\"twitter:label2\" content=\"Tempo estimado de leitura\" \/>\n\t<meta name=\"twitter:data2\" content=\"2 minutos\" \/>\n<script type=\"application\/ld+json\" class=\"yoast-schema-graph\">{\"@context\":\"https:\\\/\\\/schema.org\",\"@graph\":[{\"@type\":\"Article\",\"@id\":\"https:\\\/\\\/inclusivenews.com.br\\\/?p=27508#article\",\"isPartOf\":{\"@id\":\"https:\\\/\\\/inclusivenews.com.br\\\/?p=27508\"},\"author\":{\"name\":\"inclusivenews2024\",\"@id\":\"https:\\\/\\\/inclusivenews.com.br\\\/#\\\/schema\\\/person\\\/ae4ec7087559b8692fb33b6fffd2273b\"},\"headline\":\"MPE faz recomenda\u00e7\u00f5es sobre deficientes em escolas particulares\",\"datePublished\":\"2015-02-24T23:23:42+00:00\",\"mainEntityOfPage\":{\"@id\":\"https:\\\/\\\/inclusivenews.com.br\\\/?p=27508\"},\"wordCount\":490,\"commentCount\":0,\"publisher\":{\"@id\":\"https:\\\/\\\/inclusivenews.com.br\\\/#organization\"},\"image\":{\"@id\":\"https:\\\/\\\/inclusivenews.com.br\\\/?p=27508#primaryimage\"},\"thumbnailUrl\":\"http:\\\/\\\/inclusivenews.com.br\\\/wp-content\\\/uploads\\\/martelo.jpeg\",\"keywords\":[\"Educa\u00e7\u00e3o inclusiva\"],\"articleSection\":[\"NOT\u00cdCIAS\"],\"inLanguage\":\"pt-PT\",\"potentialAction\":[{\"@type\":\"CommentAction\",\"name\":\"Comment\",\"target\":[\"https:\\\/\\\/inclusivenews.com.br\\\/?p=27508#respond\"]}]},{\"@type\":\"WebPage\",\"@id\":\"https:\\\/\\\/inclusivenews.com.br\\\/?p=27508\",\"url\":\"https:\\\/\\\/inclusivenews.com.br\\\/?p=27508\",\"name\":\"MPE faz recomenda\u00e7\u00f5es sobre deficientes em escolas particulares -\",\"isPartOf\":{\"@id\":\"https:\\\/\\\/inclusivenews.com.br\\\/#website\"},\"primaryImageOfPage\":{\"@id\":\"https:\\\/\\\/inclusivenews.com.br\\\/?p=27508#primaryimage\"},\"image\":{\"@id\":\"https:\\\/\\\/inclusivenews.com.br\\\/?p=27508#primaryimage\"},\"thumbnailUrl\":\"http:\\\/\\\/inclusivenews.com.br\\\/wp-content\\\/uploads\\\/martelo.jpeg\",\"datePublished\":\"2015-02-24T23:23:42+00:00\",\"breadcrumb\":{\"@id\":\"https:\\\/\\\/inclusivenews.com.br\\\/?p=27508#breadcrumb\"},\"inLanguage\":\"pt-PT\",\"potentialAction\":[{\"@type\":\"ReadAction\",\"target\":[\"https:\\\/\\\/inclusivenews.com.br\\\/?p=27508\"]}]},{\"@type\":\"ImageObject\",\"inLanguage\":\"pt-PT\",\"@id\":\"https:\\\/\\\/inclusivenews.com.br\\\/?p=27508#primaryimage\",\"url\":\"\",\"contentUrl\":\"\"},{\"@type\":\"BreadcrumbList\",\"@id\":\"https:\\\/\\\/inclusivenews.com.br\\\/?p=27508#breadcrumb\",\"itemListElement\":[{\"@type\":\"ListItem\",\"position\":1,\"name\":\"In\u00edcio\",\"item\":\"https:\\\/\\\/inclusivenews.com.br\\\/\"},{\"@type\":\"ListItem\",\"position\":2,\"name\":\"MPE faz recomenda\u00e7\u00f5es sobre deficientes em escolas particulares\"}]},{\"@type\":\"WebSite\",\"@id\":\"https:\\\/\\\/inclusivenews.com.br\\\/#website\",\"url\":\"https:\\\/\\\/inclusivenews.com.br\\\/\",\"name\":\"Inclusive News\",\"description\":\"Inclusive News\",\"publisher\":{\"@id\":\"https:\\\/\\\/inclusivenews.com.br\\\/#organization\"},\"potentialAction\":[{\"@type\":\"SearchAction\",\"target\":{\"@type\":\"EntryPoint\",\"urlTemplate\":\"https:\\\/\\\/inclusivenews.com.br\\\/?s={search_term_string}\"},\"query-input\":{\"@type\":\"PropertyValueSpecification\",\"valueRequired\":true,\"valueName\":\"search_term_string\"}}],\"inLanguage\":\"pt-PT\"},{\"@type\":\"Organization\",\"@id\":\"https:\\\/\\\/inclusivenews.com.br\\\/#organization\",\"name\":\"Inclusive - inclus\u00e3o e cidadania\",\"url\":\"https:\\\/\\\/inclusivenews.com.br\\\/\",\"logo\":{\"@type\":\"ImageObject\",\"inLanguage\":\"pt-PT\",\"@id\":\"https:\\\/\\\/inclusivenews.com.br\\\/#\\\/schema\\\/logo\\\/image\\\/\",\"url\":\"https:\\\/\\\/inclusivenews.com.br\\\/wp-content\\\/uploads\\\/2024\\\/03\\\/@grandesite.png\",\"contentUrl\":\"https:\\\/\\\/inclusivenews.com.br\\\/wp-content\\\/uploads\\\/2024\\\/03\\\/@grandesite.png\",\"width\":1080,\"height\":1080,\"caption\":\"Inclusive - inclus\u00e3o e cidadania\"},\"image\":{\"@id\":\"https:\\\/\\\/inclusivenews.com.br\\\/#\\\/schema\\\/logo\\\/image\\\/\"},\"sameAs\":[\"https:\\\/\\\/www.facebook.com\\\/agenciainclusive\\\/\",\"https:\\\/\\\/www.instagram.com\\\/newsinclusive\\\/\"]},{\"@type\":\"Person\",\"@id\":\"https:\\\/\\\/inclusivenews.com.br\\\/#\\\/schema\\\/person\\\/ae4ec7087559b8692fb33b6fffd2273b\",\"name\":\"inclusivenews2024\",\"image\":{\"@type\":\"ImageObject\",\"inLanguage\":\"pt-PT\",\"@id\":\"https:\\\/\\\/secure.gravatar.com\\\/avatar\\\/c5a7ef84c66fa914f55bc4f7ce26cfa275a3b9a1c5568b907bd184fb4dde7b40?s=96&d=mm&r=g\",\"url\":\"https:\\\/\\\/secure.gravatar.com\\\/avatar\\\/c5a7ef84c66fa914f55bc4f7ce26cfa275a3b9a1c5568b907bd184fb4dde7b40?s=96&d=mm&r=g\",\"contentUrl\":\"https:\\\/\\\/secure.gravatar.com\\\/avatar\\\/c5a7ef84c66fa914f55bc4f7ce26cfa275a3b9a1c5568b907bd184fb4dde7b40?s=96&d=mm&r=g\",\"caption\":\"inclusivenews2024\"},\"sameAs\":[\"https:\\\/\\\/inclusivenews.com.br\"],\"url\":\"https:\\\/\\\/inclusivenews.com.br\\\/?author=1\"}]}<\/script>\n<!-- \/ Yoast SEO plugin. -->","yoast_head_json":{"title":"MPE faz recomenda\u00e7\u00f5es sobre deficientes em escolas particulares -","robots":{"index":"index","follow":"follow","max-snippet":"max-snippet:-1","max-image-preview":"max-image-preview:large","max-video-preview":"max-video-preview:-1"},"canonical":"https:\/\/inclusivenews.com.br\/?p=27508","og_locale":"pt_PT","og_type":"article","og_title":"MPE faz recomenda\u00e7\u00f5es sobre deficientes em escolas particulares -","og_description":"Na mesma recomenda\u00e7\u00e3o, publicada na edi\u00e7\u00e3o de quinta-feira (19) do Di\u00e1rio Oficial do MP, o \u00f3rg\u00e3o pede que a prefeitura de Campo Grande e o governo do estado para que realizem \"monitoramento cont\u00ednuo e avalia\u00e7\u00f5es peri\u00f3dicas nas escolas particulares\" com o objetivo de verificar se est\u00e1 acontecendo alguma forma de discrimina\u00e7\u00e3o, \"em especial com rela\u00e7\u00e3o \u00e0 abusiva cobran\u00e7a de valores adicionais e negativa de matr\u00edcula\". Reportagem \u00e9 do G1.","og_url":"https:\/\/inclusivenews.com.br\/?p=27508","article_publisher":"https:\/\/www.facebook.com\/agenciainclusive\/","article_published_time":"2015-02-24T23:23:42+00:00","og_image":[{"url":"http:\/\/inclusivenews.com.br\/wp-content\/uploads\/martelo.jpeg","type":"","width":"","height":""}],"author":"inclusivenews2024","twitter_card":"summary_large_image","twitter_misc":{"Escrito por":"inclusivenews2024","Tempo estimado de leitura":"2 minutos"},"schema":{"@context":"https:\/\/schema.org","@graph":[{"@type":"Article","@id":"https:\/\/inclusivenews.com.br\/?p=27508#article","isPartOf":{"@id":"https:\/\/inclusivenews.com.br\/?p=27508"},"author":{"name":"inclusivenews2024","@id":"https:\/\/inclusivenews.com.br\/#\/schema\/person\/ae4ec7087559b8692fb33b6fffd2273b"},"headline":"MPE faz recomenda\u00e7\u00f5es sobre deficientes em escolas particulares","datePublished":"2015-02-24T23:23:42+00:00","mainEntityOfPage":{"@id":"https:\/\/inclusivenews.com.br\/?p=27508"},"wordCount":490,"commentCount":0,"publisher":{"@id":"https:\/\/inclusivenews.com.br\/#organization"},"image":{"@id":"https:\/\/inclusivenews.com.br\/?p=27508#primaryimage"},"thumbnailUrl":"http:\/\/inclusivenews.com.br\/wp-content\/uploads\/martelo.jpeg","keywords":["Educa\u00e7\u00e3o inclusiva"],"articleSection":["NOT\u00cdCIAS"],"inLanguage":"pt-PT","potentialAction":[{"@type":"CommentAction","name":"Comment","target":["https:\/\/inclusivenews.com.br\/?p=27508#respond"]}]},{"@type":"WebPage","@id":"https:\/\/inclusivenews.com.br\/?p=27508","url":"https:\/\/inclusivenews.com.br\/?p=27508","name":"MPE faz recomenda\u00e7\u00f5es sobre deficientes em escolas particulares -","isPartOf":{"@id":"https:\/\/inclusivenews.com.br\/#website"},"primaryImageOfPage":{"@id":"https:\/\/inclusivenews.com.br\/?p=27508#primaryimage"},"image":{"@id":"https:\/\/inclusivenews.com.br\/?p=27508#primaryimage"},"thumbnailUrl":"http:\/\/inclusivenews.com.br\/wp-content\/uploads\/martelo.jpeg","datePublished":"2015-02-24T23:23:42+00:00","breadcrumb":{"@id":"https:\/\/inclusivenews.com.br\/?p=27508#breadcrumb"},"inLanguage":"pt-PT","potentialAction":[{"@type":"ReadAction","target":["https:\/\/inclusivenews.com.br\/?p=27508"]}]},{"@type":"ImageObject","inLanguage":"pt-PT","@id":"https:\/\/inclusivenews.com.br\/?p=27508#primaryimage","url":"","contentUrl":""},{"@type":"BreadcrumbList","@id":"https:\/\/inclusivenews.com.br\/?p=27508#breadcrumb","itemListElement":[{"@type":"ListItem","position":1,"name":"In\u00edcio","item":"https:\/\/inclusivenews.com.br\/"},{"@type":"ListItem","position":2,"name":"MPE faz recomenda\u00e7\u00f5es sobre deficientes em escolas particulares"}]},{"@type":"WebSite","@id":"https:\/\/inclusivenews.com.br\/#website","url":"https:\/\/inclusivenews.com.br\/","name":"Inclusive News","description":"Inclusive News","publisher":{"@id":"https:\/\/inclusivenews.com.br\/#organization"},"potentialAction":[{"@type":"SearchAction","target":{"@type":"EntryPoint","urlTemplate":"https:\/\/inclusivenews.com.br\/?s={search_term_string}"},"query-input":{"@type":"PropertyValueSpecification","valueRequired":true,"valueName":"search_term_string"}}],"inLanguage":"pt-PT"},{"@type":"Organization","@id":"https:\/\/inclusivenews.com.br\/#organization","name":"Inclusive - inclus\u00e3o e cidadania","url":"https:\/\/inclusivenews.com.br\/","logo":{"@type":"ImageObject","inLanguage":"pt-PT","@id":"https:\/\/inclusivenews.com.br\/#\/schema\/logo\/image\/","url":"https:\/\/inclusivenews.com.br\/wp-content\/uploads\/2024\/03\/@grandesite.png","contentUrl":"https:\/\/inclusivenews.com.br\/wp-content\/uploads\/2024\/03\/@grandesite.png","width":1080,"height":1080,"caption":"Inclusive - inclus\u00e3o e cidadania"},"image":{"@id":"https:\/\/inclusivenews.com.br\/#\/schema\/logo\/image\/"},"sameAs":["https:\/\/www.facebook.com\/agenciainclusive\/","https:\/\/www.instagram.com\/newsinclusive\/"]},{"@type":"Person","@id":"https:\/\/inclusivenews.com.br\/#\/schema\/person\/ae4ec7087559b8692fb33b6fffd2273b","name":"inclusivenews2024","image":{"@type":"ImageObject","inLanguage":"pt-PT","@id":"https:\/\/secure.gravatar.com\/avatar\/c5a7ef84c66fa914f55bc4f7ce26cfa275a3b9a1c5568b907bd184fb4dde7b40?s=96&d=mm&r=g","url":"https:\/\/secure.gravatar.com\/avatar\/c5a7ef84c66fa914f55bc4f7ce26cfa275a3b9a1c5568b907bd184fb4dde7b40?s=96&d=mm&r=g","contentUrl":"https:\/\/secure.gravatar.com\/avatar\/c5a7ef84c66fa914f55bc4f7ce26cfa275a3b9a1c5568b907bd184fb4dde7b40?s=96&d=mm&r=g","caption":"inclusivenews2024"},"sameAs":["https:\/\/inclusivenews.com.br"],"url":"https:\/\/inclusivenews.com.br\/?author=1"}]}},"_links":{"self":[{"href":"https:\/\/inclusivenews.com.br\/index.php?rest_route=\/wp\/v2\/posts\/27508","targetHints":{"allow":["GET"]}}],"collection":[{"href":"https:\/\/inclusivenews.com.br\/index.php?rest_route=\/wp\/v2\/posts"}],"about":[{"href":"https:\/\/inclusivenews.com.br\/index.php?rest_route=\/wp\/v2\/types\/post"}],"author":[{"embeddable":true,"href":"https:\/\/inclusivenews.com.br\/index.php?rest_route=\/wp\/v2\/users\/1"}],"replies":[{"embeddable":true,"href":"https:\/\/inclusivenews.com.br\/index.php?rest_route=%2Fwp%2Fv2%2Fcomments&post=27508"}],"version-history":[{"count":0,"href":"https:\/\/inclusivenews.com.br\/index.php?rest_route=\/wp\/v2\/posts\/27508\/revisions"}],"wp:attachment":[{"href":"https:\/\/inclusivenews.com.br\/index.php?rest_route=%2Fwp%2Fv2%2Fmedia&parent=27508"}],"wp:term":[{"taxonomy":"category","embeddable":true,"href":"https:\/\/inclusivenews.com.br\/index.php?rest_route=%2Fwp%2Fv2%2Fcategories&post=27508"},{"taxonomy":"post_tag","embeddable":true,"href":"https:\/\/inclusivenews.com.br\/index.php?rest_route=%2Fwp%2Fv2%2Ftags&post=27508"}],"curies":[{"name":"wp","href":"https:\/\/api.w.org\/{rel}","templated":true}]}}