{"id":27510,"date":"2015-02-24T20:29:11","date_gmt":"2015-02-24T23:29:11","guid":{"rendered":"http:\/\/www.inclusive.org.br\/?p=27510"},"modified":"2015-02-24T20:29:11","modified_gmt":"2015-02-24T23:29:11","slug":"em-belem-primeiro-grupo-de-teatro-inclusivo-abre-inscricoes","status":"publish","type":"post","link":"https:\/\/inclusivenews.com.br\/?p=27510","title":{"rendered":"Em Bel\u00e9m, primeiro grupo de teatro inclusivo abre inscri\u00e7\u00f5es"},"content":{"rendered":"<div id=\"materia-letra\">\n<div>\n<p><img loading=\"lazy\" decoding=\"async\" class=\"alignnone\" alt=\"M\u00e1scaras da trag\u00e9dia e da com\u00e9dia.\" src=\"https:\/\/getreadytorumble.files.wordpress.com\/2009\/02\/mascaras2.jpg\" width=\"185\" height=\"199\" \/><\/p>\n<p>Est\u00e3o abertas as inscri\u00e7\u00f5es para o Cena Especial \u2013 Teatro Inclusivo, um projeto de extens\u00e3o universit\u00e1ria dedicado \u00e0 forma\u00e7\u00e3o de atores-inclusivos e cria\u00e7\u00e3o do primeiro grupo de teatro de <a href=\"http:\/\/g1.globo.com\/pa\/para\/cidade\/belem.html\">Bel\u00e9m<\/a> especializado em espet\u00e1culos c\u00eanicos inclusivos. Podem participar do projeto pessoas com ou sem defici\u00eancia e com ou sem viv\u00eancias c\u00eanicas. As inscri\u00e7\u00f5es, assim como o curso, s\u00e3o gratuitas e podem ser feitas at\u00e9 o dia 4 de mar\u00e7o na avenida Gentil Bittencourt, 1144, bairro de Nazar\u00e9.<\/p>\n<p>Criado e ministrado pelo poeta, dramaturgo e m\u00fasico Carlos Correia Santos, o projeto n\u00e3o cobrar\u00e1 dos participantes pagamento de mensalidades. \u201cA ideia \u00e9 proporcionar a forma\u00e7\u00e3o do que chamo de atores-inclusivos. Pessoas com mais de 18 anos, portadoras ou n\u00e3o de defici\u00eancia, dispostas a montar espet\u00e1culos que abordem quest\u00f5es relacionadas \u00e0 Educa\u00e7\u00e3o Especial e a inclus\u00e3o social da pessoa com defici\u00eancia\u201d, explica Carlos Correia.<\/p>\n<p>Para o dramaturgo, o ator-inclusivo \u00e9 um artista ciente de seu papel como instrumento da inclus\u00e3o por meio das artes, que se comunique de forma ampla com surdos, cegos, pessoas com defici\u00eancia f\u00edsica, com s\u00edndrome de down, autista, entre outros. \u201cVamos apostar em montagens que mostrem a necessidade que precisamos ter de sempre nos colocar no lugar do outro para, assim, entend\u00ea-lo e aceit\u00e1-lo\u201d, afirma Correia.<\/p>\n<p>O projeto, que oferece 30 vagas, vai criar espet\u00e1culos em que estar\u00e3o em cena os participantes com e sem defici\u00eancia. A plateia tamb\u00e9m ser\u00e1 convidada a experimentar sensa\u00e7\u00f5es variadas vividas pelas pessoas com defici\u00eancia. Essas performances podem ser apresentadas em escolas, salas, espa\u00e7os alternativos, teatros e centros culturais.<\/p>\n<p><strong>Inscri\u00e7\u00f5es<\/strong><br \/>\nAs inscri\u00e7\u00f5es pra o projeto Cena Especial \u2013 Teatro Inclusivo, seguem abertas at\u00e9 o dia 4 de mar\u00e7o de 2015. As inscri\u00e7\u00f5es podem ser feitas na Coordena\u00e7\u00e3o de Investiga\u00e7\u00e3o Cient\u00edfica, P\u00f3s-Gradua\u00e7\u00e3o e Extens\u00e3o da Fibra, na Gentil Bittencourt, 1144 (Nazar\u00e9).<\/p>\n<p>A documenta\u00e7\u00e3o necess\u00e1ria para fazer a inscri\u00e7\u00e3o gratuita \u00e9 a seguinte: RG, CPF e Carta de Apresenta\u00e7\u00e3o (texto breve com apresenta\u00e7\u00e3o pessoal, refer\u00eancia se tem ou n\u00e3o defici\u00eancia, justificativa do interesse no projeto, e, caso possua, informa\u00e7\u00f5es sobre experi\u00eancia com arte). Mais informa\u00e7\u00f5es pelo telefone 3205-1837.<\/p>\n<\/div>\n<\/div>\n","protected":false},"excerpt":{"rendered":"<p>Est\u00e3o abertas as inscri\u00e7\u00f5es para o Cena Especial \u2013 Teatro Inclusivo, um projeto de extens\u00e3o universit\u00e1ria dedicado \u00e0 forma\u00e7\u00e3o de atores-inclusivos e cria\u00e7\u00e3o do primeiro grupo de teatro de Bel\u00e9m especializado em espet\u00e1culos c\u00eanicos inclusivos. Podem participar do projeto pessoas com ou sem defici\u00eancia e com ou sem viv\u00eancias c\u00eanicas. As inscri\u00e7\u00f5es, assim como o curso, s\u00e3o gratuitas e podem ser feitas at\u00e9 o dia 4 de mar\u00e7o na avenida Gentil Bittencourt, 1144, bairro de Nazar\u00e9.<\/p>\n","protected":false},"author":1,"featured_media":0,"comment_status":"open","ping_status":"open","sticky":false,"template":"","format":"standard","meta":{"site-container-style":"default","site-container-layout":"default","site-sidebar-layout":"default","disable-article-header":"default","disable-site-header":"default","disable-site-footer":"default","disable-content-area-spacing":"default","footnotes":""},"categories":[29,48],"tags":[312],"class_list":["post-27510","post","type-post","status-publish","format-standard","hentry","category-cultura","category-inclusao","tag-arte-inclusiva"],"yoast_head":"<!-- This site is optimized with the Yoast SEO plugin v27.4 - https:\/\/yoast.com\/product\/yoast-seo-wordpress\/ -->\n<title>Em Bel\u00e9m, primeiro grupo de teatro inclusivo abre inscri\u00e7\u00f5es -<\/title>\n<meta name=\"robots\" content=\"index, follow, max-snippet:-1, max-image-preview:large, max-video-preview:-1\" \/>\n<link rel=\"canonical\" href=\"https:\/\/inclusivenews.com.br\/?p=27510\" \/>\n<meta property=\"og:locale\" content=\"pt_PT\" \/>\n<meta property=\"og:type\" content=\"article\" \/>\n<meta property=\"og:title\" content=\"Em Bel\u00e9m, primeiro grupo de teatro inclusivo abre inscri\u00e7\u00f5es -\" \/>\n<meta property=\"og:description\" content=\"Est\u00e3o abertas as inscri\u00e7\u00f5es para o Cena Especial \u2013 Teatro Inclusivo, um projeto de extens\u00e3o universit\u00e1ria dedicado \u00e0 forma\u00e7\u00e3o de atores-inclusivos e cria\u00e7\u00e3o do primeiro grupo de teatro de Bel\u00e9m especializado em espet\u00e1culos c\u00eanicos inclusivos. Podem participar do projeto pessoas com ou sem defici\u00eancia e com ou sem viv\u00eancias c\u00eanicas. As inscri\u00e7\u00f5es, assim como o curso, s\u00e3o gratuitas e podem ser feitas at\u00e9 o dia 4 de mar\u00e7o na avenida Gentil Bittencourt, 1144, bairro de Nazar\u00e9.\" \/>\n<meta property=\"og:url\" content=\"https:\/\/inclusivenews.com.br\/?p=27510\" \/>\n<meta property=\"article:publisher\" content=\"https:\/\/www.facebook.com\/agenciainclusive\/\" \/>\n<meta property=\"article:published_time\" content=\"2015-02-24T23:29:11+00:00\" \/>\n<meta property=\"og:image\" content=\"https:\/\/getreadytorumble.files.wordpress.com\/2009\/02\/mascaras2.jpg\" \/>\n<meta name=\"author\" content=\"inclusivenews2024\" \/>\n<meta name=\"twitter:card\" content=\"summary_large_image\" \/>\n<meta name=\"twitter:label1\" content=\"Escrito por\" \/>\n\t<meta name=\"twitter:data1\" content=\"inclusivenews2024\" \/>\n\t<meta name=\"twitter:label2\" content=\"Tempo estimado de leitura\" \/>\n\t<meta name=\"twitter:data2\" content=\"2 minutos\" \/>\n<script type=\"application\/ld+json\" class=\"yoast-schema-graph\">{\"@context\":\"https:\\\/\\\/schema.org\",\"@graph\":[{\"@type\":\"Article\",\"@id\":\"https:\\\/\\\/inclusivenews.com.br\\\/?p=27510#article\",\"isPartOf\":{\"@id\":\"https:\\\/\\\/inclusivenews.com.br\\\/?p=27510\"},\"author\":{\"name\":\"inclusivenews2024\",\"@id\":\"https:\\\/\\\/inclusivenews.com.br\\\/#\\\/schema\\\/person\\\/ae4ec7087559b8692fb33b6fffd2273b\"},\"headline\":\"Em Bel\u00e9m, primeiro grupo de teatro inclusivo abre inscri\u00e7\u00f5es\",\"datePublished\":\"2015-02-24T23:29:11+00:00\",\"mainEntityOfPage\":{\"@id\":\"https:\\\/\\\/inclusivenews.com.br\\\/?p=27510\"},\"wordCount\":397,\"commentCount\":0,\"publisher\":{\"@id\":\"https:\\\/\\\/inclusivenews.com.br\\\/#organization\"},\"image\":{\"@id\":\"https:\\\/\\\/inclusivenews.com.br\\\/?p=27510#primaryimage\"},\"thumbnailUrl\":\"https:\\\/\\\/getreadytorumble.files.wordpress.com\\\/2009\\\/02\\\/mascaras2.jpg\",\"keywords\":[\"arte inclusiva\"],\"articleSection\":[\"Cultura\",\"INCLUS\u00c3O SOCIAL\"],\"inLanguage\":\"pt-PT\",\"potentialAction\":[{\"@type\":\"CommentAction\",\"name\":\"Comment\",\"target\":[\"https:\\\/\\\/inclusivenews.com.br\\\/?p=27510#respond\"]}]},{\"@type\":\"WebPage\",\"@id\":\"https:\\\/\\\/inclusivenews.com.br\\\/?p=27510\",\"url\":\"https:\\\/\\\/inclusivenews.com.br\\\/?p=27510\",\"name\":\"Em Bel\u00e9m, primeiro grupo de teatro inclusivo abre inscri\u00e7\u00f5es -\",\"isPartOf\":{\"@id\":\"https:\\\/\\\/inclusivenews.com.br\\\/#website\"},\"primaryImageOfPage\":{\"@id\":\"https:\\\/\\\/inclusivenews.com.br\\\/?p=27510#primaryimage\"},\"image\":{\"@id\":\"https:\\\/\\\/inclusivenews.com.br\\\/?p=27510#primaryimage\"},\"thumbnailUrl\":\"https:\\\/\\\/getreadytorumble.files.wordpress.com\\\/2009\\\/02\\\/mascaras2.jpg\",\"datePublished\":\"2015-02-24T23:29:11+00:00\",\"breadcrumb\":{\"@id\":\"https:\\\/\\\/inclusivenews.com.br\\\/?p=27510#breadcrumb\"},\"inLanguage\":\"pt-PT\",\"potentialAction\":[{\"@type\":\"ReadAction\",\"target\":[\"https:\\\/\\\/inclusivenews.com.br\\\/?p=27510\"]}]},{\"@type\":\"ImageObject\",\"inLanguage\":\"pt-PT\",\"@id\":\"https:\\\/\\\/inclusivenews.com.br\\\/?p=27510#primaryimage\",\"url\":\"https:\\\/\\\/getreadytorumble.files.wordpress.com\\\/2009\\\/02\\\/mascaras2.jpg\",\"contentUrl\":\"https:\\\/\\\/getreadytorumble.files.wordpress.com\\\/2009\\\/02\\\/mascaras2.jpg\"},{\"@type\":\"BreadcrumbList\",\"@id\":\"https:\\\/\\\/inclusivenews.com.br\\\/?p=27510#breadcrumb\",\"itemListElement\":[{\"@type\":\"ListItem\",\"position\":1,\"name\":\"In\u00edcio\",\"item\":\"https:\\\/\\\/inclusivenews.com.br\\\/\"},{\"@type\":\"ListItem\",\"position\":2,\"name\":\"Em Bel\u00e9m, primeiro grupo de teatro inclusivo abre inscri\u00e7\u00f5es\"}]},{\"@type\":\"WebSite\",\"@id\":\"https:\\\/\\\/inclusivenews.com.br\\\/#website\",\"url\":\"https:\\\/\\\/inclusivenews.com.br\\\/\",\"name\":\"Inclusive News\",\"description\":\"Inclusive News\",\"publisher\":{\"@id\":\"https:\\\/\\\/inclusivenews.com.br\\\/#organization\"},\"potentialAction\":[{\"@type\":\"SearchAction\",\"target\":{\"@type\":\"EntryPoint\",\"urlTemplate\":\"https:\\\/\\\/inclusivenews.com.br\\\/?s={search_term_string}\"},\"query-input\":{\"@type\":\"PropertyValueSpecification\",\"valueRequired\":true,\"valueName\":\"search_term_string\"}}],\"inLanguage\":\"pt-PT\"},{\"@type\":\"Organization\",\"@id\":\"https:\\\/\\\/inclusivenews.com.br\\\/#organization\",\"name\":\"Inclusive - inclus\u00e3o e cidadania\",\"url\":\"https:\\\/\\\/inclusivenews.com.br\\\/\",\"logo\":{\"@type\":\"ImageObject\",\"inLanguage\":\"pt-PT\",\"@id\":\"https:\\\/\\\/inclusivenews.com.br\\\/#\\\/schema\\\/logo\\\/image\\\/\",\"url\":\"https:\\\/\\\/inclusivenews.com.br\\\/wp-content\\\/uploads\\\/2024\\\/03\\\/@grandesite.png\",\"contentUrl\":\"https:\\\/\\\/inclusivenews.com.br\\\/wp-content\\\/uploads\\\/2024\\\/03\\\/@grandesite.png\",\"width\":1080,\"height\":1080,\"caption\":\"Inclusive - inclus\u00e3o e cidadania\"},\"image\":{\"@id\":\"https:\\\/\\\/inclusivenews.com.br\\\/#\\\/schema\\\/logo\\\/image\\\/\"},\"sameAs\":[\"https:\\\/\\\/www.facebook.com\\\/agenciainclusive\\\/\",\"https:\\\/\\\/www.instagram.com\\\/newsinclusive\\\/\"]},{\"@type\":\"Person\",\"@id\":\"https:\\\/\\\/inclusivenews.com.br\\\/#\\\/schema\\\/person\\\/ae4ec7087559b8692fb33b6fffd2273b\",\"name\":\"inclusivenews2024\",\"image\":{\"@type\":\"ImageObject\",\"inLanguage\":\"pt-PT\",\"@id\":\"https:\\\/\\\/secure.gravatar.com\\\/avatar\\\/c5a7ef84c66fa914f55bc4f7ce26cfa275a3b9a1c5568b907bd184fb4dde7b40?s=96&d=mm&r=g\",\"url\":\"https:\\\/\\\/secure.gravatar.com\\\/avatar\\\/c5a7ef84c66fa914f55bc4f7ce26cfa275a3b9a1c5568b907bd184fb4dde7b40?s=96&d=mm&r=g\",\"contentUrl\":\"https:\\\/\\\/secure.gravatar.com\\\/avatar\\\/c5a7ef84c66fa914f55bc4f7ce26cfa275a3b9a1c5568b907bd184fb4dde7b40?s=96&d=mm&r=g\",\"caption\":\"inclusivenews2024\"},\"sameAs\":[\"https:\\\/\\\/inclusivenews.com.br\"],\"url\":\"https:\\\/\\\/inclusivenews.com.br\\\/?author=1\"}]}<\/script>\n<!-- \/ Yoast SEO plugin. -->","yoast_head_json":{"title":"Em Bel\u00e9m, primeiro grupo de teatro inclusivo abre inscri\u00e7\u00f5es -","robots":{"index":"index","follow":"follow","max-snippet":"max-snippet:-1","max-image-preview":"max-image-preview:large","max-video-preview":"max-video-preview:-1"},"canonical":"https:\/\/inclusivenews.com.br\/?p=27510","og_locale":"pt_PT","og_type":"article","og_title":"Em Bel\u00e9m, primeiro grupo de teatro inclusivo abre inscri\u00e7\u00f5es -","og_description":"Est\u00e3o abertas as inscri\u00e7\u00f5es para o Cena Especial \u2013 Teatro Inclusivo, um projeto de extens\u00e3o universit\u00e1ria dedicado \u00e0 forma\u00e7\u00e3o de atores-inclusivos e cria\u00e7\u00e3o do primeiro grupo de teatro de Bel\u00e9m especializado em espet\u00e1culos c\u00eanicos inclusivos. Podem participar do projeto pessoas com ou sem defici\u00eancia e com ou sem viv\u00eancias c\u00eanicas. As inscri\u00e7\u00f5es, assim como o curso, s\u00e3o gratuitas e podem ser feitas at\u00e9 o dia 4 de mar\u00e7o na avenida Gentil Bittencourt, 1144, bairro de Nazar\u00e9.","og_url":"https:\/\/inclusivenews.com.br\/?p=27510","article_publisher":"https:\/\/www.facebook.com\/agenciainclusive\/","article_published_time":"2015-02-24T23:29:11+00:00","og_image":[{"url":"https:\/\/getreadytorumble.files.wordpress.com\/2009\/02\/mascaras2.jpg","type":"","width":"","height":""}],"author":"inclusivenews2024","twitter_card":"summary_large_image","twitter_misc":{"Escrito por":"inclusivenews2024","Tempo estimado de leitura":"2 minutos"},"schema":{"@context":"https:\/\/schema.org","@graph":[{"@type":"Article","@id":"https:\/\/inclusivenews.com.br\/?p=27510#article","isPartOf":{"@id":"https:\/\/inclusivenews.com.br\/?p=27510"},"author":{"name":"inclusivenews2024","@id":"https:\/\/inclusivenews.com.br\/#\/schema\/person\/ae4ec7087559b8692fb33b6fffd2273b"},"headline":"Em Bel\u00e9m, primeiro grupo de teatro inclusivo abre inscri\u00e7\u00f5es","datePublished":"2015-02-24T23:29:11+00:00","mainEntityOfPage":{"@id":"https:\/\/inclusivenews.com.br\/?p=27510"},"wordCount":397,"commentCount":0,"publisher":{"@id":"https:\/\/inclusivenews.com.br\/#organization"},"image":{"@id":"https:\/\/inclusivenews.com.br\/?p=27510#primaryimage"},"thumbnailUrl":"https:\/\/getreadytorumble.files.wordpress.com\/2009\/02\/mascaras2.jpg","keywords":["arte inclusiva"],"articleSection":["Cultura","INCLUS\u00c3O SOCIAL"],"inLanguage":"pt-PT","potentialAction":[{"@type":"CommentAction","name":"Comment","target":["https:\/\/inclusivenews.com.br\/?p=27510#respond"]}]},{"@type":"WebPage","@id":"https:\/\/inclusivenews.com.br\/?p=27510","url":"https:\/\/inclusivenews.com.br\/?p=27510","name":"Em Bel\u00e9m, primeiro grupo de teatro inclusivo abre inscri\u00e7\u00f5es -","isPartOf":{"@id":"https:\/\/inclusivenews.com.br\/#website"},"primaryImageOfPage":{"@id":"https:\/\/inclusivenews.com.br\/?p=27510#primaryimage"},"image":{"@id":"https:\/\/inclusivenews.com.br\/?p=27510#primaryimage"},"thumbnailUrl":"https:\/\/getreadytorumble.files.wordpress.com\/2009\/02\/mascaras2.jpg","datePublished":"2015-02-24T23:29:11+00:00","breadcrumb":{"@id":"https:\/\/inclusivenews.com.br\/?p=27510#breadcrumb"},"inLanguage":"pt-PT","potentialAction":[{"@type":"ReadAction","target":["https:\/\/inclusivenews.com.br\/?p=27510"]}]},{"@type":"ImageObject","inLanguage":"pt-PT","@id":"https:\/\/inclusivenews.com.br\/?p=27510#primaryimage","url":"https:\/\/getreadytorumble.files.wordpress.com\/2009\/02\/mascaras2.jpg","contentUrl":"https:\/\/getreadytorumble.files.wordpress.com\/2009\/02\/mascaras2.jpg"},{"@type":"BreadcrumbList","@id":"https:\/\/inclusivenews.com.br\/?p=27510#breadcrumb","itemListElement":[{"@type":"ListItem","position":1,"name":"In\u00edcio","item":"https:\/\/inclusivenews.com.br\/"},{"@type":"ListItem","position":2,"name":"Em Bel\u00e9m, primeiro grupo de teatro inclusivo abre inscri\u00e7\u00f5es"}]},{"@type":"WebSite","@id":"https:\/\/inclusivenews.com.br\/#website","url":"https:\/\/inclusivenews.com.br\/","name":"Inclusive News","description":"Inclusive News","publisher":{"@id":"https:\/\/inclusivenews.com.br\/#organization"},"potentialAction":[{"@type":"SearchAction","target":{"@type":"EntryPoint","urlTemplate":"https:\/\/inclusivenews.com.br\/?s={search_term_string}"},"query-input":{"@type":"PropertyValueSpecification","valueRequired":true,"valueName":"search_term_string"}}],"inLanguage":"pt-PT"},{"@type":"Organization","@id":"https:\/\/inclusivenews.com.br\/#organization","name":"Inclusive - inclus\u00e3o e cidadania","url":"https:\/\/inclusivenews.com.br\/","logo":{"@type":"ImageObject","inLanguage":"pt-PT","@id":"https:\/\/inclusivenews.com.br\/#\/schema\/logo\/image\/","url":"https:\/\/inclusivenews.com.br\/wp-content\/uploads\/2024\/03\/@grandesite.png","contentUrl":"https:\/\/inclusivenews.com.br\/wp-content\/uploads\/2024\/03\/@grandesite.png","width":1080,"height":1080,"caption":"Inclusive - inclus\u00e3o e cidadania"},"image":{"@id":"https:\/\/inclusivenews.com.br\/#\/schema\/logo\/image\/"},"sameAs":["https:\/\/www.facebook.com\/agenciainclusive\/","https:\/\/www.instagram.com\/newsinclusive\/"]},{"@type":"Person","@id":"https:\/\/inclusivenews.com.br\/#\/schema\/person\/ae4ec7087559b8692fb33b6fffd2273b","name":"inclusivenews2024","image":{"@type":"ImageObject","inLanguage":"pt-PT","@id":"https:\/\/secure.gravatar.com\/avatar\/c5a7ef84c66fa914f55bc4f7ce26cfa275a3b9a1c5568b907bd184fb4dde7b40?s=96&d=mm&r=g","url":"https:\/\/secure.gravatar.com\/avatar\/c5a7ef84c66fa914f55bc4f7ce26cfa275a3b9a1c5568b907bd184fb4dde7b40?s=96&d=mm&r=g","contentUrl":"https:\/\/secure.gravatar.com\/avatar\/c5a7ef84c66fa914f55bc4f7ce26cfa275a3b9a1c5568b907bd184fb4dde7b40?s=96&d=mm&r=g","caption":"inclusivenews2024"},"sameAs":["https:\/\/inclusivenews.com.br"],"url":"https:\/\/inclusivenews.com.br\/?author=1"}]}},"_links":{"self":[{"href":"https:\/\/inclusivenews.com.br\/index.php?rest_route=\/wp\/v2\/posts\/27510","targetHints":{"allow":["GET"]}}],"collection":[{"href":"https:\/\/inclusivenews.com.br\/index.php?rest_route=\/wp\/v2\/posts"}],"about":[{"href":"https:\/\/inclusivenews.com.br\/index.php?rest_route=\/wp\/v2\/types\/post"}],"author":[{"embeddable":true,"href":"https:\/\/inclusivenews.com.br\/index.php?rest_route=\/wp\/v2\/users\/1"}],"replies":[{"embeddable":true,"href":"https:\/\/inclusivenews.com.br\/index.php?rest_route=%2Fwp%2Fv2%2Fcomments&post=27510"}],"version-history":[{"count":0,"href":"https:\/\/inclusivenews.com.br\/index.php?rest_route=\/wp\/v2\/posts\/27510\/revisions"}],"wp:attachment":[{"href":"https:\/\/inclusivenews.com.br\/index.php?rest_route=%2Fwp%2Fv2%2Fmedia&parent=27510"}],"wp:term":[{"taxonomy":"category","embeddable":true,"href":"https:\/\/inclusivenews.com.br\/index.php?rest_route=%2Fwp%2Fv2%2Fcategories&post=27510"},{"taxonomy":"post_tag","embeddable":true,"href":"https:\/\/inclusivenews.com.br\/index.php?rest_route=%2Fwp%2Fv2%2Ftags&post=27510"}],"curies":[{"name":"wp","href":"https:\/\/api.w.org\/{rel}","templated":true}]}}