{"id":27578,"date":"2015-03-03T07:44:04","date_gmt":"2015-03-03T10:44:04","guid":{"rendered":"http:\/\/www.inclusive.org.br\/?p=27578"},"modified":"2015-03-03T07:44:04","modified_gmt":"2015-03-03T10:44:04","slug":"simposio-de-sindrome-de-down-sao-paulo-213","status":"publish","type":"post","link":"https:\/\/inclusivenews.com.br\/?p=27578","title":{"rendered":"Simp\u00f3sio de S\u00edndrome de Down &#8211; S\u00e3o Paulo, 21\/3"},"content":{"rendered":"<p style=\"text-align: left;\" align=\"center\"><img loading=\"lazy\" decoding=\"async\" class=\"alignnone size-full wp-image-27579\" alt=\"Imagem com programa\u00e7\u00e3o do simposio - colada no texto do post. \" src=\"http:\/\/inclusivenews.com.br\/wp-content\/uploads\/simposio1.jpg\" width=\"711\" height=\"960\" \/><\/p>\n<p id=\"yui_3_15_0_1_1425378849501_1127\" align=\"center\"><b id=\"yui_3_15_0_1_1425378849501_1129\">SIMP\u00d3SIO DE S\u00cdNDROME DE DOWN \u2013 21 de Mar\u00e7o de 2015<\/b><\/p>\n<p id=\"yui_3_15_0_1_1425378849501_1130\" align=\"center\"><b id=\"yui_3_15_0_1_1425378849501_1132\">COMEMORA\u00c7\u00c3O DO 10\u00ba DIA MUNDIAL DA S\u00cdNDROME DE DOWN<\/b><\/p>\n<p id=\"yui_3_15_0_1_1425378849501_1124\" align=\"center\"><b id=\"yui_3_15_0_1_1425378849501_1123\">\u201cMinhas Oportunidades, Minhas Escolhas\u201d<\/b><\/p>\n<p id=\"yui_3_15_0_1_1425378849501_1135\" align=\"center\"><b id=\"yui_3_15_0_1_1425378849501_1134\">Local: Sede da Secretaria dos Direitos da Pessoa com Defici\u00eancia de S\u00e3o Paulo<\/b><\/p>\n<p id=\"yui_3_15_0_1_1425378849501_998\" align=\"center\">Av. Auro Soares de Moura Andrade, 564 &#8211;\u00a0Port\u00e3o 10 do Memorial da Am\u00e9rica Latina\u00a0&#8211; Barra Funda &#8211; S\u00e3o Paulo\/SP<\/p>\n<p align=\"center\"><b>INFORMA\u00c7\u00d5ES\/INSCRI\u00c7\u00d5ES: sindromededowneventos@gmail.com<\/b><\/p>\n<p>SIMP\u00d3SIO DE S\u00cdNDROME DE DOWN \u2013 21 de Mar\u00e7o de 2015<br \/>\nCOMEMORA\u00c7\u00c3O DO 10\u00ba DIA MUNDIAL DA S\u00cdNDROME DE DOWN<br \/>\n\u201cMinhas Oportunidades, Minhas Escolhas\u201d<br \/>\nLocal: Sede da Secretaria dos Direitos da Pessoa com Defici\u00eancia de S\u00e3o Paulo<br \/>\nAv. Auro Soares de Moura Andrade, 564 &#8211; Port\u00e3o 10 do Memorial da Am\u00e9rica Latina &#8211; Barra Funda &#8211; S\u00e3o Paulo\/SP<\/p>\n<p>INFORMA\u00c7\u00d5ES\/INSCRI\u00c7\u00d5ES: sindromededowneventos@gmail.com<br \/>\nIPDSD &#8211; Fone\/Fax: (55) (11) 3721-9175 \/\/ CEPEC-SP: (11) 3721-6200<\/p>\n<p>21\/03 \u2013 S\u00e1bado &#8211; 7h30-8h30 &#8211; Credenciamento e entrega de material<\/p>\n<p>8h30-9h \u2013 Abertura Oficial<br \/>\nProfa. Dra. Linamara Rizzo Battistella \u2013 Secret\u00e1ria dos Direitos da Pessoa com Defici\u00eancia do Estado de S\u00e3o Paulo<br \/>\nProf. Dr. Zan Mustacchi \u2013 M\u00e9dico \u2013 S\u00e3o Paulo\/SP<\/p>\n<p>9h-10h30 &#8211; \u201cEducar Aprendendo e Ensinando com Responsabilidade\u201d<br \/>\nPalestrante: Profa. Dra. Maria Teresa Egler Mantoan \u2013 Educadora &#8211; Campinas\/SP<\/p>\n<p>10h30-10h45 \u2013 Coffee Break<\/p>\n<p>10h45-12h \u2013 Mesa Redonda<br \/>\n\u201cMinhas Oportunidades, Minhas Escolhas: Nossas Conquistas\u201d<br \/>\nPalestrantes: pessoas com s\u00edndrome de Down da ADID, CARPE DIEM e FSDOWN\/Campinas.<br \/>\nCoordenadores: Lenir Santos \u2013 Presidente da FBASD e FSDOWN\/Campinas<br \/>\nYudah Benadiba \u2013 Irm\u00e3o e Ator &#8211; S\u00e3o Paulo\/SP<\/p>\n<p>12h-14h \u2013 INTERVALO PARA ALMO\u00c7O (N\u00c3O INCLUSO)<\/p>\n<p>14h-16h &#8211; \u201cDesenvolvimento Humano Inclusivo Sustent\u00e1vel\u201d<br \/>\nPalestrante: Prof. Romeu Sassaki \u2013 Educador \u2013 S\u00e3o Paulo\/SP<\/p>\n<p>16h-16h15 \u2013 Coffee Break<\/p>\n<p>16h15-18h &#8211; \u201cNeuronutrici\u00eancia, Sa\u00fade e Bem-estar. O Estado da Arte na S\u00edndrome de Down\u201d<br \/>\nPalestrante: Prof. Dr. Zan Mustacchi<\/p>\n<p>INVESTIMENTO AT\u00c9 16\/03\/15&#8230;&#8230;&#8230;&#8230;&#8230;&#8230;&#8230;&#8230;&#8230;&#8230;&#8230;&#8230;&#8230;&#8230;&#8230;&#8230;&#8230;&#8230;&#8230;&#8230;&#8230;&#8230;&#8230;&#8230;..R$ 100,00<br \/>\nSOMENTE PARA PESSOAS COM S\u00cdNDROME DE DOWN&#8230;&#8230;&#8230;&#8230;&#8230;&#8230;&#8230;&#8230;&#8230;&#8230;..R$ 50,00<br \/>\nNO DIA DO EVENTO (SE HOUVER VAGAS) PARA QUALQUER PARTICIPANTE&#8230;&#8230;&#8230;R$ 250,00<br \/>\nLUCRO DO INVESTIMENTO SER\u00c1 REVERTIDO PARA AS VOLUNT\u00c1RIAS AMARELAS DO HOSPITAL INFANTIL DARCY VARGAS GRUPO VOLTADO \u00c0S PESSOAS COM S\u00cdNDROME DE DOWN<\/p>\n<p>ORGANIZA\u00c7\u00c3O<br \/>\nIPDSD \/ CEPEC-SP<\/p>\n<p>INSCRI\u00c7\u00c3O OBRIGAT\u00d3RIA<br \/>\nVAGAS LIMITADAS<\/p>\n<p>COORDENA\u00c7\u00c3O<br \/>\nProf. Dr. Zan Mustacchi<\/p>\n<p>PATROC\u00cdNIO<br \/>\nSecretaria dos Direitos da Pessoa com Defici\u00eancia<br \/>\nREALIZA\u00c7\u00c3O<\/p>\n<p>IPDSD \u2013 Instituto Ibero Americano de Pesquisas e Diretrizes de Aten\u00e7\u00e3o \u00e0 S\u00edndrome de Down<\/p>\n<p>CEPEC-SP \u2013 Centro de Estudos e Pesquisas Cl\u00ednicas de S\u00e3o Paulo<br \/>\nAPOIO<\/p>\n<p>Associa\u00e7\u00e3o das Volunt\u00e1rias do Hospital Infantil Darcy Vargas<\/p>\n<p>FBASD \u2013 Federa\u00e7\u00e3o Brasileira das Associa\u00e7\u00f5es de S\u00edndrome de Down<\/p>\n<p>ADID \u2013 Associa\u00e7\u00e3o para o Desenvolvimento Integral do Down<\/p>\n<p>Associa\u00e7\u00e3o CARPE DIEM<\/p>\n<p>FSDOWN &#8211; Funda\u00e7\u00e3o S\u00edndrome de Down de Campinas\/SP<\/p>\n<p>&#8212;&#8212;&#8212;&#8212;&#8212;&#8212;&#8212;&#8212;&#8212;&#8212;&#8212;&#8212;&#8212;&#8212;&#8212;&#8212;&#8212;&#8212;&#8212;&#8212;&#8212;&#8212;&#8212;&#8212;&#8212;&#8212;&#8212;&#8212;&#8212;&#8212;&#8212;&#8212;&#8212;&#8212;&#8212;&#8212;&#8212;&#8212;&#8212;&#8212;&#8211;<br \/>\nCENTRO DE ESTUDOS E PESQUISAS CL\u00cdNICAS DE S\u00c3O PAULO &#8211; CEPEC-SP<br \/>\n2\u00aa a 6\u00aa das 9hs \u00e0s 18hs &#8211; (11) 3721-3589 \/ 3721-6200 &#8211; www.sindromededown.com.br<br \/>\nDia Mundial da S\u00edndrome de Down: 21\/03<br \/>\nFacebook do Prof. Dr. Zan Mustacchi: https:\/\/www.facebook.com\/pages\/Prof-Dr-Zan-Mustacchi\/279024762234192<br \/>\n&#8220;CURSO DE CAPACITA\u00c7\u00c3O EM S\u00cdNDROME DE DOWN&#8221; \u2013 Telefax: (11) 3721-9175 c\/ Nair de 2\u00aa a 6\u00aa das 9h \u00e0s 12h30<br \/>\ncursoespecializacao@&#8230;<br \/>\nPremia\u00e7\u00e3o ao Prof. Dr. Zan Mustacchi pelo Down Syndrome Internacional &#8211; \u00cdndia\/2015: http:\/\/www.inclusive.org.br\/?p=24317 \/\/ http:\/\/www.ds-int.org \/\/ http:\/\/www.wdsc2015.com\/ Vamos???<\/p>\n","protected":false},"excerpt":{"rendered":"<p>&#8220;Minhas Oportunidades, minhas Escolhas&#8221;, em Comemora\u00e7\u00e3o ao X Dia Internacional da S\u00edndrome de Down.<\/p>\n","protected":false},"author":1,"featured_media":0,"comment_status":"open","ping_status":"open","sticky":false,"template":"","format":"standard","meta":{"site-container-style":"default","site-container-layout":"default","site-sidebar-layout":"default","disable-article-header":"default","disable-site-header":"default","disable-site-footer":"default","disable-content-area-spacing":"default","footnotes":""},"categories":[38,37,315],"tags":[],"class_list":["post-27578","post","type-post","status-publish","format-standard","hentry","category-deficiencia","category-saude","category-wdsd-2015"],"yoast_head":"<!-- This site is optimized with the Yoast SEO plugin v27.4 - https:\/\/yoast.com\/product\/yoast-seo-wordpress\/ -->\n<title>Simp\u00f3sio de S\u00edndrome de Down - S\u00e3o Paulo, 21\/3 -<\/title>\n<meta name=\"robots\" content=\"index, follow, max-snippet:-1, max-image-preview:large, max-video-preview:-1\" \/>\n<link rel=\"canonical\" href=\"https:\/\/inclusivenews.com.br\/?p=27578\" \/>\n<meta property=\"og:locale\" content=\"pt_PT\" \/>\n<meta property=\"og:type\" content=\"article\" \/>\n<meta property=\"og:title\" content=\"Simp\u00f3sio de S\u00edndrome de Down - S\u00e3o Paulo, 21\/3 -\" \/>\n<meta property=\"og:description\" content=\"&quot;Minhas Oportunidades, minhas Escolhas&quot;, em Comemora\u00e7\u00e3o ao X Dia Internacional da S\u00edndrome de Down.\" \/>\n<meta property=\"og:url\" content=\"https:\/\/inclusivenews.com.br\/?p=27578\" \/>\n<meta property=\"article:publisher\" content=\"https:\/\/www.facebook.com\/agenciainclusive\/\" \/>\n<meta property=\"article:published_time\" content=\"2015-03-03T10:44:04+00:00\" \/>\n<meta property=\"og:image\" content=\"http:\/\/inclusivenews.com.br\/wp-content\/uploads\/simposio1.jpg\" \/>\n<meta name=\"author\" content=\"inclusivenews2024\" \/>\n<meta name=\"twitter:card\" content=\"summary_large_image\" \/>\n<meta name=\"twitter:label1\" content=\"Escrito por\" \/>\n\t<meta name=\"twitter:data1\" content=\"inclusivenews2024\" \/>\n\t<meta name=\"twitter:label2\" content=\"Tempo estimado de leitura\" \/>\n\t<meta name=\"twitter:data2\" content=\"3 minutos\" \/>\n<script type=\"application\/ld+json\" class=\"yoast-schema-graph\">{\"@context\":\"https:\\\/\\\/schema.org\",\"@graph\":[{\"@type\":\"Article\",\"@id\":\"https:\\\/\\\/inclusivenews.com.br\\\/?p=27578#article\",\"isPartOf\":{\"@id\":\"https:\\\/\\\/inclusivenews.com.br\\\/?p=27578\"},\"author\":{\"name\":\"inclusivenews2024\",\"@id\":\"https:\\\/\\\/inclusivenews.com.br\\\/#\\\/schema\\\/person\\\/ae4ec7087559b8692fb33b6fffd2273b\"},\"headline\":\"Simp\u00f3sio de S\u00edndrome de Down &#8211; S\u00e3o Paulo, 21\\\/3\",\"datePublished\":\"2015-03-03T10:44:04+00:00\",\"mainEntityOfPage\":{\"@id\":\"https:\\\/\\\/inclusivenews.com.br\\\/?p=27578\"},\"wordCount\":572,\"commentCount\":1,\"publisher\":{\"@id\":\"https:\\\/\\\/inclusivenews.com.br\\\/#organization\"},\"image\":{\"@id\":\"https:\\\/\\\/inclusivenews.com.br\\\/?p=27578#primaryimage\"},\"thumbnailUrl\":\"http:\\\/\\\/inclusivenews.com.br\\\/wp-content\\\/uploads\\\/simposio1.jpg\",\"articleSection\":[\"Defici\u00eancia\",\"Sa\u00fade\",\"WDSD 2015\"],\"inLanguage\":\"pt-PT\",\"potentialAction\":[{\"@type\":\"CommentAction\",\"name\":\"Comment\",\"target\":[\"https:\\\/\\\/inclusivenews.com.br\\\/?p=27578#respond\"]}]},{\"@type\":\"WebPage\",\"@id\":\"https:\\\/\\\/inclusivenews.com.br\\\/?p=27578\",\"url\":\"https:\\\/\\\/inclusivenews.com.br\\\/?p=27578\",\"name\":\"Simp\u00f3sio de S\u00edndrome de Down - S\u00e3o Paulo, 21\\\/3 -\",\"isPartOf\":{\"@id\":\"https:\\\/\\\/inclusivenews.com.br\\\/#website\"},\"primaryImageOfPage\":{\"@id\":\"https:\\\/\\\/inclusivenews.com.br\\\/?p=27578#primaryimage\"},\"image\":{\"@id\":\"https:\\\/\\\/inclusivenews.com.br\\\/?p=27578#primaryimage\"},\"thumbnailUrl\":\"http:\\\/\\\/inclusivenews.com.br\\\/wp-content\\\/uploads\\\/simposio1.jpg\",\"datePublished\":\"2015-03-03T10:44:04+00:00\",\"breadcrumb\":{\"@id\":\"https:\\\/\\\/inclusivenews.com.br\\\/?p=27578#breadcrumb\"},\"inLanguage\":\"pt-PT\",\"potentialAction\":[{\"@type\":\"ReadAction\",\"target\":[\"https:\\\/\\\/inclusivenews.com.br\\\/?p=27578\"]}]},{\"@type\":\"ImageObject\",\"inLanguage\":\"pt-PT\",\"@id\":\"https:\\\/\\\/inclusivenews.com.br\\\/?p=27578#primaryimage\",\"url\":\"\",\"contentUrl\":\"\"},{\"@type\":\"BreadcrumbList\",\"@id\":\"https:\\\/\\\/inclusivenews.com.br\\\/?p=27578#breadcrumb\",\"itemListElement\":[{\"@type\":\"ListItem\",\"position\":1,\"name\":\"In\u00edcio\",\"item\":\"https:\\\/\\\/inclusivenews.com.br\\\/\"},{\"@type\":\"ListItem\",\"position\":2,\"name\":\"Simp\u00f3sio de S\u00edndrome de Down &#8211; S\u00e3o Paulo, 21\\\/3\"}]},{\"@type\":\"WebSite\",\"@id\":\"https:\\\/\\\/inclusivenews.com.br\\\/#website\",\"url\":\"https:\\\/\\\/inclusivenews.com.br\\\/\",\"name\":\"Inclusive News\",\"description\":\"Inclusive News\",\"publisher\":{\"@id\":\"https:\\\/\\\/inclusivenews.com.br\\\/#organization\"},\"potentialAction\":[{\"@type\":\"SearchAction\",\"target\":{\"@type\":\"EntryPoint\",\"urlTemplate\":\"https:\\\/\\\/inclusivenews.com.br\\\/?s={search_term_string}\"},\"query-input\":{\"@type\":\"PropertyValueSpecification\",\"valueRequired\":true,\"valueName\":\"search_term_string\"}}],\"inLanguage\":\"pt-PT\"},{\"@type\":\"Organization\",\"@id\":\"https:\\\/\\\/inclusivenews.com.br\\\/#organization\",\"name\":\"Inclusive - inclus\u00e3o e cidadania\",\"url\":\"https:\\\/\\\/inclusivenews.com.br\\\/\",\"logo\":{\"@type\":\"ImageObject\",\"inLanguage\":\"pt-PT\",\"@id\":\"https:\\\/\\\/inclusivenews.com.br\\\/#\\\/schema\\\/logo\\\/image\\\/\",\"url\":\"https:\\\/\\\/inclusivenews.com.br\\\/wp-content\\\/uploads\\\/2024\\\/03\\\/@grandesite.png\",\"contentUrl\":\"https:\\\/\\\/inclusivenews.com.br\\\/wp-content\\\/uploads\\\/2024\\\/03\\\/@grandesite.png\",\"width\":1080,\"height\":1080,\"caption\":\"Inclusive - inclus\u00e3o e cidadania\"},\"image\":{\"@id\":\"https:\\\/\\\/inclusivenews.com.br\\\/#\\\/schema\\\/logo\\\/image\\\/\"},\"sameAs\":[\"https:\\\/\\\/www.facebook.com\\\/agenciainclusive\\\/\",\"https:\\\/\\\/www.instagram.com\\\/newsinclusive\\\/\"]},{\"@type\":\"Person\",\"@id\":\"https:\\\/\\\/inclusivenews.com.br\\\/#\\\/schema\\\/person\\\/ae4ec7087559b8692fb33b6fffd2273b\",\"name\":\"inclusivenews2024\",\"image\":{\"@type\":\"ImageObject\",\"inLanguage\":\"pt-PT\",\"@id\":\"https:\\\/\\\/secure.gravatar.com\\\/avatar\\\/c5a7ef84c66fa914f55bc4f7ce26cfa275a3b9a1c5568b907bd184fb4dde7b40?s=96&d=mm&r=g\",\"url\":\"https:\\\/\\\/secure.gravatar.com\\\/avatar\\\/c5a7ef84c66fa914f55bc4f7ce26cfa275a3b9a1c5568b907bd184fb4dde7b40?s=96&d=mm&r=g\",\"contentUrl\":\"https:\\\/\\\/secure.gravatar.com\\\/avatar\\\/c5a7ef84c66fa914f55bc4f7ce26cfa275a3b9a1c5568b907bd184fb4dde7b40?s=96&d=mm&r=g\",\"caption\":\"inclusivenews2024\"},\"sameAs\":[\"https:\\\/\\\/inclusivenews.com.br\"],\"url\":\"https:\\\/\\\/inclusivenews.com.br\\\/?author=1\"}]}<\/script>\n<!-- \/ Yoast SEO plugin. -->","yoast_head_json":{"title":"Simp\u00f3sio de S\u00edndrome de Down - S\u00e3o Paulo, 21\/3 -","robots":{"index":"index","follow":"follow","max-snippet":"max-snippet:-1","max-image-preview":"max-image-preview:large","max-video-preview":"max-video-preview:-1"},"canonical":"https:\/\/inclusivenews.com.br\/?p=27578","og_locale":"pt_PT","og_type":"article","og_title":"Simp\u00f3sio de S\u00edndrome de Down - S\u00e3o Paulo, 21\/3 -","og_description":"\"Minhas Oportunidades, minhas Escolhas\", em Comemora\u00e7\u00e3o ao X Dia Internacional da S\u00edndrome de Down.","og_url":"https:\/\/inclusivenews.com.br\/?p=27578","article_publisher":"https:\/\/www.facebook.com\/agenciainclusive\/","article_published_time":"2015-03-03T10:44:04+00:00","og_image":[{"url":"http:\/\/inclusivenews.com.br\/wp-content\/uploads\/simposio1.jpg","type":"","width":"","height":""}],"author":"inclusivenews2024","twitter_card":"summary_large_image","twitter_misc":{"Escrito por":"inclusivenews2024","Tempo estimado de leitura":"3 minutos"},"schema":{"@context":"https:\/\/schema.org","@graph":[{"@type":"Article","@id":"https:\/\/inclusivenews.com.br\/?p=27578#article","isPartOf":{"@id":"https:\/\/inclusivenews.com.br\/?p=27578"},"author":{"name":"inclusivenews2024","@id":"https:\/\/inclusivenews.com.br\/#\/schema\/person\/ae4ec7087559b8692fb33b6fffd2273b"},"headline":"Simp\u00f3sio de S\u00edndrome de Down &#8211; S\u00e3o Paulo, 21\/3","datePublished":"2015-03-03T10:44:04+00:00","mainEntityOfPage":{"@id":"https:\/\/inclusivenews.com.br\/?p=27578"},"wordCount":572,"commentCount":1,"publisher":{"@id":"https:\/\/inclusivenews.com.br\/#organization"},"image":{"@id":"https:\/\/inclusivenews.com.br\/?p=27578#primaryimage"},"thumbnailUrl":"http:\/\/inclusivenews.com.br\/wp-content\/uploads\/simposio1.jpg","articleSection":["Defici\u00eancia","Sa\u00fade","WDSD 2015"],"inLanguage":"pt-PT","potentialAction":[{"@type":"CommentAction","name":"Comment","target":["https:\/\/inclusivenews.com.br\/?p=27578#respond"]}]},{"@type":"WebPage","@id":"https:\/\/inclusivenews.com.br\/?p=27578","url":"https:\/\/inclusivenews.com.br\/?p=27578","name":"Simp\u00f3sio de S\u00edndrome de Down - S\u00e3o Paulo, 21\/3 -","isPartOf":{"@id":"https:\/\/inclusivenews.com.br\/#website"},"primaryImageOfPage":{"@id":"https:\/\/inclusivenews.com.br\/?p=27578#primaryimage"},"image":{"@id":"https:\/\/inclusivenews.com.br\/?p=27578#primaryimage"},"thumbnailUrl":"http:\/\/inclusivenews.com.br\/wp-content\/uploads\/simposio1.jpg","datePublished":"2015-03-03T10:44:04+00:00","breadcrumb":{"@id":"https:\/\/inclusivenews.com.br\/?p=27578#breadcrumb"},"inLanguage":"pt-PT","potentialAction":[{"@type":"ReadAction","target":["https:\/\/inclusivenews.com.br\/?p=27578"]}]},{"@type":"ImageObject","inLanguage":"pt-PT","@id":"https:\/\/inclusivenews.com.br\/?p=27578#primaryimage","url":"","contentUrl":""},{"@type":"BreadcrumbList","@id":"https:\/\/inclusivenews.com.br\/?p=27578#breadcrumb","itemListElement":[{"@type":"ListItem","position":1,"name":"In\u00edcio","item":"https:\/\/inclusivenews.com.br\/"},{"@type":"ListItem","position":2,"name":"Simp\u00f3sio de S\u00edndrome de Down &#8211; S\u00e3o Paulo, 21\/3"}]},{"@type":"WebSite","@id":"https:\/\/inclusivenews.com.br\/#website","url":"https:\/\/inclusivenews.com.br\/","name":"Inclusive News","description":"Inclusive News","publisher":{"@id":"https:\/\/inclusivenews.com.br\/#organization"},"potentialAction":[{"@type":"SearchAction","target":{"@type":"EntryPoint","urlTemplate":"https:\/\/inclusivenews.com.br\/?s={search_term_string}"},"query-input":{"@type":"PropertyValueSpecification","valueRequired":true,"valueName":"search_term_string"}}],"inLanguage":"pt-PT"},{"@type":"Organization","@id":"https:\/\/inclusivenews.com.br\/#organization","name":"Inclusive - inclus\u00e3o e cidadania","url":"https:\/\/inclusivenews.com.br\/","logo":{"@type":"ImageObject","inLanguage":"pt-PT","@id":"https:\/\/inclusivenews.com.br\/#\/schema\/logo\/image\/","url":"https:\/\/inclusivenews.com.br\/wp-content\/uploads\/2024\/03\/@grandesite.png","contentUrl":"https:\/\/inclusivenews.com.br\/wp-content\/uploads\/2024\/03\/@grandesite.png","width":1080,"height":1080,"caption":"Inclusive - inclus\u00e3o e cidadania"},"image":{"@id":"https:\/\/inclusivenews.com.br\/#\/schema\/logo\/image\/"},"sameAs":["https:\/\/www.facebook.com\/agenciainclusive\/","https:\/\/www.instagram.com\/newsinclusive\/"]},{"@type":"Person","@id":"https:\/\/inclusivenews.com.br\/#\/schema\/person\/ae4ec7087559b8692fb33b6fffd2273b","name":"inclusivenews2024","image":{"@type":"ImageObject","inLanguage":"pt-PT","@id":"https:\/\/secure.gravatar.com\/avatar\/c5a7ef84c66fa914f55bc4f7ce26cfa275a3b9a1c5568b907bd184fb4dde7b40?s=96&d=mm&r=g","url":"https:\/\/secure.gravatar.com\/avatar\/c5a7ef84c66fa914f55bc4f7ce26cfa275a3b9a1c5568b907bd184fb4dde7b40?s=96&d=mm&r=g","contentUrl":"https:\/\/secure.gravatar.com\/avatar\/c5a7ef84c66fa914f55bc4f7ce26cfa275a3b9a1c5568b907bd184fb4dde7b40?s=96&d=mm&r=g","caption":"inclusivenews2024"},"sameAs":["https:\/\/inclusivenews.com.br"],"url":"https:\/\/inclusivenews.com.br\/?author=1"}]}},"_links":{"self":[{"href":"https:\/\/inclusivenews.com.br\/index.php?rest_route=\/wp\/v2\/posts\/27578","targetHints":{"allow":["GET"]}}],"collection":[{"href":"https:\/\/inclusivenews.com.br\/index.php?rest_route=\/wp\/v2\/posts"}],"about":[{"href":"https:\/\/inclusivenews.com.br\/index.php?rest_route=\/wp\/v2\/types\/post"}],"author":[{"embeddable":true,"href":"https:\/\/inclusivenews.com.br\/index.php?rest_route=\/wp\/v2\/users\/1"}],"replies":[{"embeddable":true,"href":"https:\/\/inclusivenews.com.br\/index.php?rest_route=%2Fwp%2Fv2%2Fcomments&post=27578"}],"version-history":[{"count":0,"href":"https:\/\/inclusivenews.com.br\/index.php?rest_route=\/wp\/v2\/posts\/27578\/revisions"}],"wp:attachment":[{"href":"https:\/\/inclusivenews.com.br\/index.php?rest_route=%2Fwp%2Fv2%2Fmedia&parent=27578"}],"wp:term":[{"taxonomy":"category","embeddable":true,"href":"https:\/\/inclusivenews.com.br\/index.php?rest_route=%2Fwp%2Fv2%2Fcategories&post=27578"},{"taxonomy":"post_tag","embeddable":true,"href":"https:\/\/inclusivenews.com.br\/index.php?rest_route=%2Fwp%2Fv2%2Ftags&post=27578"}],"curies":[{"name":"wp","href":"https:\/\/api.w.org\/{rel}","templated":true}]}}