{"id":27589,"date":"2015-03-04T08:36:33","date_gmt":"2015-03-04T11:36:33","guid":{"rendered":"http:\/\/www.inclusive.org.br\/?p=27589"},"modified":"2015-03-04T08:36:33","modified_gmt":"2015-03-04T11:36:33","slug":"doencas-raras-ainda-representam-desafio-para-saude-publica","status":"publish","type":"post","link":"https:\/\/inclusivenews.com.br\/?p=27589","title":{"rendered":"Doen\u00e7as raras ainda representam desafio para sa\u00fade p\u00fablica"},"content":{"rendered":"<p><img loading=\"lazy\" decoding=\"async\" class=\"alignnone  wp-image-19281\" alt=\"Sa\u00fade - uma cruz vermelha feita por band-aids vermelhos.\" src=\"http:\/\/inclusivenews.com.br\/wp-content\/uploads\/2011\/04\/saude.jpg\" width=\"240\" height=\"180\" \/><\/p>\n<p>No dia 28 de fevereiro, \u00e9 relembrado o Dia Mundial de Doen\u00e7as Raras para alertar a popula\u00e7\u00e3o sobre a incid\u00eancia destas enfermidades e as dificuldades que seus portadores enfrentam no cotidiano. De acordo com dados da Organiza\u00e7\u00e3o Mundial de Sa\u00fade (OMS), cerca de 400 milh\u00f5es de pessoas no mundo sofrem com doen\u00e7as raras (DR).<\/p>\n<p>O desafio torna-se ainda maior considerando que 95% delas n\u00e3o possuem tratamento espec\u00edfico e dependem de uma rede de cuidados paliativos bem estruturada, que assegure uma melhor qualidade de vida aos pacientes atendidos. Mas a quest\u00e3o reside tamb\u00e9m no significado do termo, n\u00e3o havendo unanimidade em torno do conceito \u201cdoen\u00e7a rara\u201d.<\/p>\n<p>A maioria dos especialistas afirma que DR \u00e9 aquela que afeta apenas uma pequena parcela da popula\u00e7\u00e3o. Por outro lado, algumas j\u00e1 se tornaram mais incidentes e o termo \u201crara\u201d passou a ser questionado.<\/p>\n<p>Analisando os conceitos adotados em diversos pa\u00edses, \u00e9 poss\u00edvel situar as doen\u00e7as raras na faixa das que possuem preval\u00eancia m\u00e1xima vari\u00e1vel de 0,5 a 7 por 10.000 habitantes.<\/p>\n<p>Apesar da denomina\u00e7\u00e3o geral, algumas doen\u00e7as podem ser consideradas \u201cmenos\u201d raras em uma popula\u00e7\u00e3o do que na outra, como por exemplo a mucoviscidose, mais frequente nas popula\u00e7\u00f5es caucasianas, explica a professora titular do Departamento de Pediatria da Faculdade de Medicina da Universidade de S\u00e3o Paulo (FMUSP), Magda Carneiro Sampaio. \u201cPor outro lado, a doen\u00e7a falciforme (tamb\u00e9m conhecida como anemia falciforme) n\u00e3o \u00e9 uma doen\u00e7a rara na nossa popula\u00e7\u00e3o, porque \u00e9 mais comum em descendentes de africanos como somos a maior parte dos brasileiros\u201d, pondera.<\/p>\n<p>De acordo com Sampaio, as distrofias musculares, hemofilias, neurofibromatose, angioedema heredit\u00e1rio, erros inatos do metabolismo e imunodefici\u00eancias prim\u00e1rias j\u00e1 configuram como doen\u00e7as nem t\u00e3o \u201craras\u201d no Brasil.<\/p>\n<p>Hist\u00f3rico<\/p>\n<p>At\u00e9 o in\u00edcio dos anos 80, haviam poucas iniciativas no sentido de encarar as doen\u00e7as raras como uma quest\u00e3o de sa\u00fade p\u00fablica. Gra\u00e7as \u00e0 atua\u00e7\u00e3o das organiza\u00e7\u00f5es de pacientes e movimentos sociais, alguns avan\u00e7os podem ser citados, como a cria\u00e7\u00e3o, em janeiro de 2014, da Pol\u00edtica Nacional de Aten\u00e7\u00e3o Integral \u00e0s Pessoas com Doen\u00e7as Raras, no \u00e2mbito do Sistema \u00danico de Sa\u00fade (SUS).<\/p>\n<p>De acordo com m\u00e9dica geneticista e coordenadora cl\u00ednica do Centro de Gen\u00e9tica M\u00e9dica do Instituto Nacional de Sa\u00fade da Mulher, da Crian\u00e7a e do Adolescente Fernandes Figueira (IFF), Dafne Horovitz, existem mais de 7 mil doen\u00e7as raras, sendo que 80% delas s\u00e3o de origem gen\u00e9tica: as demais podem ser ocasionadas por infec\u00e7\u00f5es bacterianas, virais ou causas degenerativas.<\/p>\n<p>Elas afetam, sobretudo, crian\u00e7as de 0 a 5 anos, contribuindo para a morbimortalidade nos primeiros 18 anos de vida. \u201cLidamos com estas doen\u00e7as no dia-a-dia. Algumas j\u00e1 s\u00e3o t\u00e3o frequentes que n\u00e3o mais podem ser consideradas raras, como a S\u00edndrome de Down\u201d, pondera.<\/p>\n<p>A especialista explica que, para ser considerada rara, uma doen\u00e7a deve atingir 1,3 pessoas a cada duas mil. De acordo com dados da Associa\u00e7\u00e3o da Ind\u00fastria Farmac\u00eautica de Pesquisa (Interfarma), h\u00e1 13 milh\u00f5es de pessoas com doen\u00e7as raras no Brasil.<\/p>\n<p>A geneticista do IFF conta que as discuss\u00f5es a respeito do tema se fortaleceram em 2012, quando foi criado um Grupo de Trabalho (GT) para elaborar a Pol\u00edtica Nacional de Aten\u00e7\u00e3o Integral \u00e0s Pessoas com doen\u00e7as raras, envolvendo t\u00e9cnicos que trabalham com doen\u00e7as raras, usu\u00e1rios do SUS, profissionais do Minist\u00e9rio da Sa\u00fade e da Coordena\u00e7\u00e3o Geral de M\u00e9dia e Alta Complexidade (CGMAC). \u201cEsta portaria tem import\u00e2ncia estrat\u00e9gica ao reconhecer os pacientes com doen\u00e7as raras com um grupo importante, prevendo aten\u00e7\u00e3o integral e instituindo a necessidade da presen\u00e7a de um geneticista nos centros que tratam estas enfermidades, al\u00e9m do aconeselhamento gen\u00e9tico\u201d, acrescenta.<\/p>\n<p>Avan\u00e7os e perspectivas<\/p>\n<p>Madga Sampaio destaca que os grandes progressos da gen\u00e9tica molecular t\u00eam permitido a identifica\u00e7\u00e3o das muta\u00e7\u00f5es g\u00eanicas que causam muitas dessas enfermidades. \u201cCom isso, o aconselhamento gen\u00e9tico, fundamental para a preven\u00e7\u00e3o do aparecimento de novos casos, pode ser feito de forma mais segura\u201d, afirma.<\/p>\n<p>A professora, que tamb\u00e9m \u00e9 presidente do Conselho Diretor do Instituto da Crian\u00e7a do Hospital das Cl\u00ednicas da Faculdade de Medicina da Universidade de S\u00e3o Paulo (HC FMUSP), aponta que, em determinadas doen\u00e7as, a identifica\u00e7\u00e3o de portadores de muta\u00e7\u00f5es pode ser importante.<\/p>\n<p>Por outro lado, em algumas doen\u00e7as, o avan\u00e7o da gen\u00e9tica j\u00e1 tem permitido a terapia g\u00eanica, na qual se insere o gene &#8220;sadio&#8221; no DNA do paciente portador de determinadas muta\u00e7\u00f5es, em especial quando se trata de doen\u00e7as ligadas ao cromossoma X. \u201cAlgumas imunodefici\u00eancias prim\u00e1rias constituem exemplo de boas perspectivas de terapia g\u00eanica, com resultados bem sucedidos para algumas formas de imunodefici\u00eancia combinada grave\u201d, conclui.<\/p>\n<p>O diagn\u00f3stico precoce e preciso, a qualifica\u00e7\u00e3o de profissionais, a exist\u00eancia de infraestrutura adequada e o acesso garantido a medicamentos e tratamentos seguros s\u00e3o alguns dos caminhos que podem contribuir para a melhoria da qualidade de vida dos pacientes com doen\u00e7as que, em alguns casos, n\u00e3o s\u00e3o mais t\u00e3o raras e demandam pol\u00edticas espec\u00edficas de aten\u00e7\u00e3o, preven\u00e7\u00e3o e promo\u00e7\u00e3o da sa\u00fade.<\/p>\n<p>Fonte: \u00a0Funda\u00e7\u00e3o Oswaldo Cruz<\/p>\n","protected":false},"excerpt":{"rendered":"<p>No dia 28 de fevereiro, \u00e9 relembrado o Dia Mundial de Doen\u00e7as Raras para alertar a popula\u00e7\u00e3o sobre a incid\u00eancia destas enfermidades e as dificuldades que seus portadores enfrentam no cotidiano. De acordo com dados da Organiza\u00e7\u00e3o Mundial de Sa\u00fade (OMS), cerca de 400 milh\u00f5es de pessoas no mundo sofrem com doen\u00e7as raras (DR).<\/p>\n","protected":false},"author":1,"featured_media":0,"comment_status":"open","ping_status":"open","sticky":false,"template":"","format":"standard","meta":{"site-container-style":"default","site-container-layout":"default","site-sidebar-layout":"default","disable-article-header":"default","disable-site-header":"default","disable-site-footer":"default","disable-content-area-spacing":"default","footnotes":""},"categories":[4,37],"tags":[317],"class_list":["post-27589","post","type-post","status-publish","format-standard","hentry","category-noticias","category-saude","tag-doencas-raras"],"yoast_head":"<!-- This site is optimized with the Yoast SEO plugin v27.4 - https:\/\/yoast.com\/product\/yoast-seo-wordpress\/ -->\n<title>Doen\u00e7as raras ainda representam desafio para sa\u00fade p\u00fablica -<\/title>\n<meta name=\"robots\" content=\"index, follow, max-snippet:-1, max-image-preview:large, max-video-preview:-1\" \/>\n<link rel=\"canonical\" href=\"https:\/\/inclusivenews.com.br\/?p=27589\" \/>\n<meta property=\"og:locale\" content=\"pt_PT\" \/>\n<meta property=\"og:type\" content=\"article\" \/>\n<meta property=\"og:title\" content=\"Doen\u00e7as raras ainda representam desafio para sa\u00fade p\u00fablica -\" \/>\n<meta property=\"og:description\" content=\"No dia 28 de fevereiro, \u00e9 relembrado o Dia Mundial de Doen\u00e7as Raras para alertar a popula\u00e7\u00e3o sobre a incid\u00eancia destas enfermidades e as dificuldades que seus portadores enfrentam no cotidiano. De acordo com dados da Organiza\u00e7\u00e3o Mundial de Sa\u00fade (OMS), cerca de 400 milh\u00f5es de pessoas no mundo sofrem com doen\u00e7as raras (DR).\" \/>\n<meta property=\"og:url\" content=\"https:\/\/inclusivenews.com.br\/?p=27589\" \/>\n<meta property=\"article:publisher\" content=\"https:\/\/www.facebook.com\/agenciainclusive\/\" \/>\n<meta property=\"article:published_time\" content=\"2015-03-04T11:36:33+00:00\" \/>\n<meta property=\"og:image\" content=\"http:\/\/inclusivenews.com.br\/wp-content\/uploads\/2011\/04\/saude.jpg\" \/>\n<meta name=\"author\" content=\"inclusivenews2024\" \/>\n<meta name=\"twitter:card\" content=\"summary_large_image\" \/>\n<meta name=\"twitter:label1\" content=\"Escrito por\" \/>\n\t<meta name=\"twitter:data1\" content=\"inclusivenews2024\" \/>\n\t<meta name=\"twitter:label2\" content=\"Tempo estimado de leitura\" \/>\n\t<meta name=\"twitter:data2\" content=\"5 minutos\" \/>\n<script type=\"application\/ld+json\" class=\"yoast-schema-graph\">{\"@context\":\"https:\\\/\\\/schema.org\",\"@graph\":[{\"@type\":\"Article\",\"@id\":\"https:\\\/\\\/inclusivenews.com.br\\\/?p=27589#article\",\"isPartOf\":{\"@id\":\"https:\\\/\\\/inclusivenews.com.br\\\/?p=27589\"},\"author\":{\"name\":\"inclusivenews2024\",\"@id\":\"https:\\\/\\\/inclusivenews.com.br\\\/#\\\/schema\\\/person\\\/ae4ec7087559b8692fb33b6fffd2273b\"},\"headline\":\"Doen\u00e7as raras ainda representam desafio para sa\u00fade p\u00fablica\",\"datePublished\":\"2015-03-04T11:36:33+00:00\",\"mainEntityOfPage\":{\"@id\":\"https:\\\/\\\/inclusivenews.com.br\\\/?p=27589\"},\"wordCount\":920,\"commentCount\":0,\"publisher\":{\"@id\":\"https:\\\/\\\/inclusivenews.com.br\\\/#organization\"},\"image\":{\"@id\":\"https:\\\/\\\/inclusivenews.com.br\\\/?p=27589#primaryimage\"},\"thumbnailUrl\":\"http:\\\/\\\/inclusivenews.com.br\\\/wp-content\\\/uploads\\\/2011\\\/04\\\/saude.jpg\",\"keywords\":[\"doen\u00e7as raras\"],\"articleSection\":[\"NOT\u00cdCIAS\",\"Sa\u00fade\"],\"inLanguage\":\"pt-PT\",\"potentialAction\":[{\"@type\":\"CommentAction\",\"name\":\"Comment\",\"target\":[\"https:\\\/\\\/inclusivenews.com.br\\\/?p=27589#respond\"]}]},{\"@type\":\"WebPage\",\"@id\":\"https:\\\/\\\/inclusivenews.com.br\\\/?p=27589\",\"url\":\"https:\\\/\\\/inclusivenews.com.br\\\/?p=27589\",\"name\":\"Doen\u00e7as raras ainda representam desafio para sa\u00fade p\u00fablica -\",\"isPartOf\":{\"@id\":\"https:\\\/\\\/inclusivenews.com.br\\\/#website\"},\"primaryImageOfPage\":{\"@id\":\"https:\\\/\\\/inclusivenews.com.br\\\/?p=27589#primaryimage\"},\"image\":{\"@id\":\"https:\\\/\\\/inclusivenews.com.br\\\/?p=27589#primaryimage\"},\"thumbnailUrl\":\"http:\\\/\\\/inclusivenews.com.br\\\/wp-content\\\/uploads\\\/2011\\\/04\\\/saude.jpg\",\"datePublished\":\"2015-03-04T11:36:33+00:00\",\"breadcrumb\":{\"@id\":\"https:\\\/\\\/inclusivenews.com.br\\\/?p=27589#breadcrumb\"},\"inLanguage\":\"pt-PT\",\"potentialAction\":[{\"@type\":\"ReadAction\",\"target\":[\"https:\\\/\\\/inclusivenews.com.br\\\/?p=27589\"]}]},{\"@type\":\"ImageObject\",\"inLanguage\":\"pt-PT\",\"@id\":\"https:\\\/\\\/inclusivenews.com.br\\\/?p=27589#primaryimage\",\"url\":\"\",\"contentUrl\":\"\"},{\"@type\":\"BreadcrumbList\",\"@id\":\"https:\\\/\\\/inclusivenews.com.br\\\/?p=27589#breadcrumb\",\"itemListElement\":[{\"@type\":\"ListItem\",\"position\":1,\"name\":\"In\u00edcio\",\"item\":\"https:\\\/\\\/inclusivenews.com.br\\\/\"},{\"@type\":\"ListItem\",\"position\":2,\"name\":\"Doen\u00e7as raras ainda representam desafio para sa\u00fade p\u00fablica\"}]},{\"@type\":\"WebSite\",\"@id\":\"https:\\\/\\\/inclusivenews.com.br\\\/#website\",\"url\":\"https:\\\/\\\/inclusivenews.com.br\\\/\",\"name\":\"Inclusive News\",\"description\":\"Inclusive News\",\"publisher\":{\"@id\":\"https:\\\/\\\/inclusivenews.com.br\\\/#organization\"},\"potentialAction\":[{\"@type\":\"SearchAction\",\"target\":{\"@type\":\"EntryPoint\",\"urlTemplate\":\"https:\\\/\\\/inclusivenews.com.br\\\/?s={search_term_string}\"},\"query-input\":{\"@type\":\"PropertyValueSpecification\",\"valueRequired\":true,\"valueName\":\"search_term_string\"}}],\"inLanguage\":\"pt-PT\"},{\"@type\":\"Organization\",\"@id\":\"https:\\\/\\\/inclusivenews.com.br\\\/#organization\",\"name\":\"Inclusive - inclus\u00e3o e cidadania\",\"url\":\"https:\\\/\\\/inclusivenews.com.br\\\/\",\"logo\":{\"@type\":\"ImageObject\",\"inLanguage\":\"pt-PT\",\"@id\":\"https:\\\/\\\/inclusivenews.com.br\\\/#\\\/schema\\\/logo\\\/image\\\/\",\"url\":\"https:\\\/\\\/inclusivenews.com.br\\\/wp-content\\\/uploads\\\/2024\\\/03\\\/@grandesite.png\",\"contentUrl\":\"https:\\\/\\\/inclusivenews.com.br\\\/wp-content\\\/uploads\\\/2024\\\/03\\\/@grandesite.png\",\"width\":1080,\"height\":1080,\"caption\":\"Inclusive - inclus\u00e3o e cidadania\"},\"image\":{\"@id\":\"https:\\\/\\\/inclusivenews.com.br\\\/#\\\/schema\\\/logo\\\/image\\\/\"},\"sameAs\":[\"https:\\\/\\\/www.facebook.com\\\/agenciainclusive\\\/\",\"https:\\\/\\\/www.instagram.com\\\/newsinclusive\\\/\"]},{\"@type\":\"Person\",\"@id\":\"https:\\\/\\\/inclusivenews.com.br\\\/#\\\/schema\\\/person\\\/ae4ec7087559b8692fb33b6fffd2273b\",\"name\":\"inclusivenews2024\",\"image\":{\"@type\":\"ImageObject\",\"inLanguage\":\"pt-PT\",\"@id\":\"https:\\\/\\\/secure.gravatar.com\\\/avatar\\\/c5a7ef84c66fa914f55bc4f7ce26cfa275a3b9a1c5568b907bd184fb4dde7b40?s=96&d=mm&r=g\",\"url\":\"https:\\\/\\\/secure.gravatar.com\\\/avatar\\\/c5a7ef84c66fa914f55bc4f7ce26cfa275a3b9a1c5568b907bd184fb4dde7b40?s=96&d=mm&r=g\",\"contentUrl\":\"https:\\\/\\\/secure.gravatar.com\\\/avatar\\\/c5a7ef84c66fa914f55bc4f7ce26cfa275a3b9a1c5568b907bd184fb4dde7b40?s=96&d=mm&r=g\",\"caption\":\"inclusivenews2024\"},\"sameAs\":[\"https:\\\/\\\/inclusivenews.com.br\"],\"url\":\"https:\\\/\\\/inclusivenews.com.br\\\/?author=1\"}]}<\/script>\n<!-- \/ Yoast SEO plugin. -->","yoast_head_json":{"title":"Doen\u00e7as raras ainda representam desafio para sa\u00fade p\u00fablica -","robots":{"index":"index","follow":"follow","max-snippet":"max-snippet:-1","max-image-preview":"max-image-preview:large","max-video-preview":"max-video-preview:-1"},"canonical":"https:\/\/inclusivenews.com.br\/?p=27589","og_locale":"pt_PT","og_type":"article","og_title":"Doen\u00e7as raras ainda representam desafio para sa\u00fade p\u00fablica -","og_description":"No dia 28 de fevereiro, \u00e9 relembrado o Dia Mundial de Doen\u00e7as Raras para alertar a popula\u00e7\u00e3o sobre a incid\u00eancia destas enfermidades e as dificuldades que seus portadores enfrentam no cotidiano. De acordo com dados da Organiza\u00e7\u00e3o Mundial de Sa\u00fade (OMS), cerca de 400 milh\u00f5es de pessoas no mundo sofrem com doen\u00e7as raras (DR).","og_url":"https:\/\/inclusivenews.com.br\/?p=27589","article_publisher":"https:\/\/www.facebook.com\/agenciainclusive\/","article_published_time":"2015-03-04T11:36:33+00:00","og_image":[{"url":"http:\/\/inclusivenews.com.br\/wp-content\/uploads\/2011\/04\/saude.jpg","type":"","width":"","height":""}],"author":"inclusivenews2024","twitter_card":"summary_large_image","twitter_misc":{"Escrito por":"inclusivenews2024","Tempo estimado de leitura":"5 minutos"},"schema":{"@context":"https:\/\/schema.org","@graph":[{"@type":"Article","@id":"https:\/\/inclusivenews.com.br\/?p=27589#article","isPartOf":{"@id":"https:\/\/inclusivenews.com.br\/?p=27589"},"author":{"name":"inclusivenews2024","@id":"https:\/\/inclusivenews.com.br\/#\/schema\/person\/ae4ec7087559b8692fb33b6fffd2273b"},"headline":"Doen\u00e7as raras ainda representam desafio para sa\u00fade p\u00fablica","datePublished":"2015-03-04T11:36:33+00:00","mainEntityOfPage":{"@id":"https:\/\/inclusivenews.com.br\/?p=27589"},"wordCount":920,"commentCount":0,"publisher":{"@id":"https:\/\/inclusivenews.com.br\/#organization"},"image":{"@id":"https:\/\/inclusivenews.com.br\/?p=27589#primaryimage"},"thumbnailUrl":"http:\/\/inclusivenews.com.br\/wp-content\/uploads\/2011\/04\/saude.jpg","keywords":["doen\u00e7as raras"],"articleSection":["NOT\u00cdCIAS","Sa\u00fade"],"inLanguage":"pt-PT","potentialAction":[{"@type":"CommentAction","name":"Comment","target":["https:\/\/inclusivenews.com.br\/?p=27589#respond"]}]},{"@type":"WebPage","@id":"https:\/\/inclusivenews.com.br\/?p=27589","url":"https:\/\/inclusivenews.com.br\/?p=27589","name":"Doen\u00e7as raras ainda representam desafio para sa\u00fade p\u00fablica -","isPartOf":{"@id":"https:\/\/inclusivenews.com.br\/#website"},"primaryImageOfPage":{"@id":"https:\/\/inclusivenews.com.br\/?p=27589#primaryimage"},"image":{"@id":"https:\/\/inclusivenews.com.br\/?p=27589#primaryimage"},"thumbnailUrl":"http:\/\/inclusivenews.com.br\/wp-content\/uploads\/2011\/04\/saude.jpg","datePublished":"2015-03-04T11:36:33+00:00","breadcrumb":{"@id":"https:\/\/inclusivenews.com.br\/?p=27589#breadcrumb"},"inLanguage":"pt-PT","potentialAction":[{"@type":"ReadAction","target":["https:\/\/inclusivenews.com.br\/?p=27589"]}]},{"@type":"ImageObject","inLanguage":"pt-PT","@id":"https:\/\/inclusivenews.com.br\/?p=27589#primaryimage","url":"","contentUrl":""},{"@type":"BreadcrumbList","@id":"https:\/\/inclusivenews.com.br\/?p=27589#breadcrumb","itemListElement":[{"@type":"ListItem","position":1,"name":"In\u00edcio","item":"https:\/\/inclusivenews.com.br\/"},{"@type":"ListItem","position":2,"name":"Doen\u00e7as raras ainda representam desafio para sa\u00fade p\u00fablica"}]},{"@type":"WebSite","@id":"https:\/\/inclusivenews.com.br\/#website","url":"https:\/\/inclusivenews.com.br\/","name":"Inclusive News","description":"Inclusive News","publisher":{"@id":"https:\/\/inclusivenews.com.br\/#organization"},"potentialAction":[{"@type":"SearchAction","target":{"@type":"EntryPoint","urlTemplate":"https:\/\/inclusivenews.com.br\/?s={search_term_string}"},"query-input":{"@type":"PropertyValueSpecification","valueRequired":true,"valueName":"search_term_string"}}],"inLanguage":"pt-PT"},{"@type":"Organization","@id":"https:\/\/inclusivenews.com.br\/#organization","name":"Inclusive - inclus\u00e3o e cidadania","url":"https:\/\/inclusivenews.com.br\/","logo":{"@type":"ImageObject","inLanguage":"pt-PT","@id":"https:\/\/inclusivenews.com.br\/#\/schema\/logo\/image\/","url":"https:\/\/inclusivenews.com.br\/wp-content\/uploads\/2024\/03\/@grandesite.png","contentUrl":"https:\/\/inclusivenews.com.br\/wp-content\/uploads\/2024\/03\/@grandesite.png","width":1080,"height":1080,"caption":"Inclusive - inclus\u00e3o e cidadania"},"image":{"@id":"https:\/\/inclusivenews.com.br\/#\/schema\/logo\/image\/"},"sameAs":["https:\/\/www.facebook.com\/agenciainclusive\/","https:\/\/www.instagram.com\/newsinclusive\/"]},{"@type":"Person","@id":"https:\/\/inclusivenews.com.br\/#\/schema\/person\/ae4ec7087559b8692fb33b6fffd2273b","name":"inclusivenews2024","image":{"@type":"ImageObject","inLanguage":"pt-PT","@id":"https:\/\/secure.gravatar.com\/avatar\/c5a7ef84c66fa914f55bc4f7ce26cfa275a3b9a1c5568b907bd184fb4dde7b40?s=96&d=mm&r=g","url":"https:\/\/secure.gravatar.com\/avatar\/c5a7ef84c66fa914f55bc4f7ce26cfa275a3b9a1c5568b907bd184fb4dde7b40?s=96&d=mm&r=g","contentUrl":"https:\/\/secure.gravatar.com\/avatar\/c5a7ef84c66fa914f55bc4f7ce26cfa275a3b9a1c5568b907bd184fb4dde7b40?s=96&d=mm&r=g","caption":"inclusivenews2024"},"sameAs":["https:\/\/inclusivenews.com.br"],"url":"https:\/\/inclusivenews.com.br\/?author=1"}]}},"_links":{"self":[{"href":"https:\/\/inclusivenews.com.br\/index.php?rest_route=\/wp\/v2\/posts\/27589","targetHints":{"allow":["GET"]}}],"collection":[{"href":"https:\/\/inclusivenews.com.br\/index.php?rest_route=\/wp\/v2\/posts"}],"about":[{"href":"https:\/\/inclusivenews.com.br\/index.php?rest_route=\/wp\/v2\/types\/post"}],"author":[{"embeddable":true,"href":"https:\/\/inclusivenews.com.br\/index.php?rest_route=\/wp\/v2\/users\/1"}],"replies":[{"embeddable":true,"href":"https:\/\/inclusivenews.com.br\/index.php?rest_route=%2Fwp%2Fv2%2Fcomments&post=27589"}],"version-history":[{"count":0,"href":"https:\/\/inclusivenews.com.br\/index.php?rest_route=\/wp\/v2\/posts\/27589\/revisions"}],"wp:attachment":[{"href":"https:\/\/inclusivenews.com.br\/index.php?rest_route=%2Fwp%2Fv2%2Fmedia&parent=27589"}],"wp:term":[{"taxonomy":"category","embeddable":true,"href":"https:\/\/inclusivenews.com.br\/index.php?rest_route=%2Fwp%2Fv2%2Fcategories&post=27589"},{"taxonomy":"post_tag","embeddable":true,"href":"https:\/\/inclusivenews.com.br\/index.php?rest_route=%2Fwp%2Fv2%2Ftags&post=27589"}],"curies":[{"name":"wp","href":"https:\/\/api.w.org\/{rel}","templated":true}]}}