{"id":27597,"date":"2015-03-04T08:36:43","date_gmt":"2015-03-04T11:36:43","guid":{"rendered":"http:\/\/www.inclusive.org.br\/?p=27597"},"modified":"2015-03-04T08:36:43","modified_gmt":"2015-03-04T11:36:43","slug":"onu-pede-por-um-mundo-sem-estigmas-e-discriminacoes","status":"publish","type":"post","link":"https:\/\/inclusivenews.com.br\/?p=27597","title":{"rendered":"ONU pede por um mundo sem estigmas e discrimina\u00e7\u00f5es"},"content":{"rendered":"<p><img loading=\"lazy\" decoding=\"async\" class=\"alignnone size-full wp-image-23811\" alt=\"Sede da ONU\" src=\"http:\/\/inclusivenews.com.br\/wp-content\/uploads\/sede-onu.jpg\" width=\"291\" height=\"196\" \/><\/p>\n<p>A Organiza\u00e7\u00e3o das Na\u00e7\u00f5es Unidas (ONU) marcou o 1\u00ba de mar\u00e7o como o Dia da Discrimina\u00e7\u00e3o Zero. \u00c9 a chance de celebrar a diversidade e rejeitar qualquer tipo de preconceito, conforme informou o secret\u00e1rio-geral Ban Ki-moon.<\/p>\n<p>Ele afirmou que a &#8220;discrimina\u00e7\u00e3o \u00e9 uma viola\u00e7\u00e3o dos direitos humanos e n\u00e3o pode seguir impune&#8221;. Para Ki-moon, todos t\u00eam o direito de viver com respeito e dignidade.<\/p>\n<p>Diretor executivo do Programa Conjunto sobre HIV\/Aids (Unaids), que lidera a campanha Zero Discrimina\u00e7\u00e3o, Michel Sidib\u00e9 afirmou que &#8220;o compromisso de tornar o mundo livre de estigma e discrimina\u00e7\u00e3o n\u00e3o \u00e9 uma op\u00e7\u00e3o, mas um dever&#8221;. Sidib\u00e9 disse que a discrimina\u00e7\u00e3o provoca preconceito, limita as chances de milh\u00f5es de pessoas e pode causar abusos e viol\u00eancia.<\/p>\n<p>Para combater o problema, o chefe da Unaids declarou que \u00e9 &#8220;necess\u00e1rio denunciar quando alguma coisa est\u00e1 errada, sensibilizar a popula\u00e7\u00e3o, apoiar as pessoas discriminadas e promover os benef\u00edcios da diversidade&#8221;.<\/p>\n<p>De acordo com a coordenadora da organiza\u00e7\u00e3o Criola, L\u00facia Xavier, sob o ponto de vista da quest\u00e3o racial e de outras dimens\u00f5es da vida humana, \u201catuar contra a discrimina\u00e7\u00e3o n\u00e3o \u00e9 s\u00f3 agir em termos individuais contra processos discriminat\u00f3rios, mas fortalecer os mecanismos para que a sociedade seja mais democr\u00e1tica, que cumpra com os direitos humanos, que tenha servi\u00e7os mais adequados e com qualidade de vida\u201d, disse.<\/p>\n<p>Para L\u00facia, dias como este s\u00e3o importantes para que o assunto seja discutido. \u201cN\u00e3o \u00e9 s\u00f3 a discrimina\u00e7\u00e3o em si. Ela produz mortes. Al\u00e9m disso, damos visibilidade \u00e0 produ\u00e7\u00e3o e ao patrim\u00f4nio de diversos grupos, como a popula\u00e7\u00e3o negra, LGBT e povos ind\u00edgenas\u201d, explicou L\u00facia.<\/p>\n<p>Segundo a Unaids, quase 80 pa\u00edses t\u00eam leis criminalizando rela\u00e7\u00f5es entre pessoas do mesmo sexo. Em muitas na\u00e7\u00f5es, o \u00edndice de alfabetiza\u00e7\u00e3o entre as mulheres \u00e9 muito menor que entre os homens.<\/p>\n<p>Para a ag\u00eancia da ONU, no Brasil, os descendentes africanos t\u00eam mais chances de desemprego que os brancos. Os sal\u00e1rios dos negros representam menos da metade que os dos brancos. Nos Estados Unidos, 64% dos trabalhadores disseram ter visto uma situa\u00e7\u00e3o de discrimina\u00e7\u00e3o pela idade ou foram v\u00edtimas do mesmo tipo de discrimina\u00e7\u00e3o. No Reino Unido, aproximadamente 70% dos trabalhadores que ganham apenas um sal\u00e1rio m\u00ednimo s\u00e3o mulheres.<\/p>\n<p>Segundo a Unaids, no mundo, mais de 10% das mulheres e 23% dos homens que sofrem de algum tipo de defici\u00eancia n\u00e3o buscam assist\u00eancia de sa\u00fade, porque foram maltratados na primeira visita ao m\u00e9dico.<\/p>\n<p><em>*Com informa\u00e7\u00f5es da R\u00e1dio ONU e Ag\u00eancia Brasil<\/em><\/p>\n","protected":false},"excerpt":{"rendered":"<p>Segundo a Unaids, no mundo, mais de 10% das mulheres e 23% dos homens que sofrem de algum tipo de defici\u00eancia n\u00e3o buscam assist\u00eancia de sa\u00fade, porque foram maltratados na primeira visita ao m\u00e9dico. Da Ag\u00eancia Brasil.<\/p>\n","protected":false},"author":1,"featured_media":0,"comment_status":"open","ping_status":"open","sticky":false,"template":"","format":"standard","meta":{"site-container-style":"default","site-container-layout":"default","site-sidebar-layout":"default","disable-article-header":"default","disable-site-header":"default","disable-site-footer":"default","disable-content-area-spacing":"default","footnotes":""},"categories":[11],"tags":[],"class_list":["post-27597","post","type-post","status-publish","format-standard","hentry","category-direitos-humanos"],"yoast_head":"<!-- This site is optimized with the Yoast SEO plugin v27.4 - https:\/\/yoast.com\/product\/yoast-seo-wordpress\/ -->\n<title>ONU pede por um mundo sem estigmas e discrimina\u00e7\u00f5es -<\/title>\n<meta name=\"robots\" content=\"index, follow, max-snippet:-1, max-image-preview:large, max-video-preview:-1\" \/>\n<link rel=\"canonical\" href=\"https:\/\/inclusivenews.com.br\/?p=27597\" \/>\n<meta property=\"og:locale\" content=\"pt_PT\" \/>\n<meta property=\"og:type\" content=\"article\" \/>\n<meta property=\"og:title\" content=\"ONU pede por um mundo sem estigmas e discrimina\u00e7\u00f5es -\" \/>\n<meta property=\"og:description\" content=\"Segundo a Unaids, no mundo, mais de 10% das mulheres e 23% dos homens que sofrem de algum tipo de defici\u00eancia n\u00e3o buscam assist\u00eancia de sa\u00fade, porque foram maltratados na primeira visita ao m\u00e9dico. Da Ag\u00eancia Brasil.\" \/>\n<meta property=\"og:url\" content=\"https:\/\/inclusivenews.com.br\/?p=27597\" \/>\n<meta property=\"article:publisher\" content=\"https:\/\/www.facebook.com\/agenciainclusive\/\" \/>\n<meta property=\"article:published_time\" content=\"2015-03-04T11:36:43+00:00\" \/>\n<meta property=\"og:image\" content=\"http:\/\/inclusivenews.com.br\/wp-content\/uploads\/sede-onu.jpg\" \/>\n<meta name=\"author\" content=\"inclusivenews2024\" \/>\n<meta name=\"twitter:card\" content=\"summary_large_image\" \/>\n<meta name=\"twitter:label1\" content=\"Escrito por\" \/>\n\t<meta name=\"twitter:data1\" content=\"inclusivenews2024\" \/>\n\t<meta name=\"twitter:label2\" content=\"Tempo estimado de leitura\" \/>\n\t<meta name=\"twitter:data2\" content=\"2 minutos\" \/>\n<script type=\"application\/ld+json\" class=\"yoast-schema-graph\">{\"@context\":\"https:\\\/\\\/schema.org\",\"@graph\":[{\"@type\":\"Article\",\"@id\":\"https:\\\/\\\/inclusivenews.com.br\\\/?p=27597#article\",\"isPartOf\":{\"@id\":\"https:\\\/\\\/inclusivenews.com.br\\\/?p=27597\"},\"author\":{\"name\":\"inclusivenews2024\",\"@id\":\"https:\\\/\\\/inclusivenews.com.br\\\/#\\\/schema\\\/person\\\/ae4ec7087559b8692fb33b6fffd2273b\"},\"headline\":\"ONU pede por um mundo sem estigmas e discrimina\u00e7\u00f5es\",\"datePublished\":\"2015-03-04T11:36:43+00:00\",\"mainEntityOfPage\":{\"@id\":\"https:\\\/\\\/inclusivenews.com.br\\\/?p=27597\"},\"wordCount\":463,\"commentCount\":0,\"publisher\":{\"@id\":\"https:\\\/\\\/inclusivenews.com.br\\\/#organization\"},\"image\":{\"@id\":\"https:\\\/\\\/inclusivenews.com.br\\\/?p=27597#primaryimage\"},\"thumbnailUrl\":\"http:\\\/\\\/inclusivenews.com.br\\\/wp-content\\\/uploads\\\/sede-onu.jpg\",\"articleSection\":[\"DIREITOS HUMANOS\"],\"inLanguage\":\"pt-PT\",\"potentialAction\":[{\"@type\":\"CommentAction\",\"name\":\"Comment\",\"target\":[\"https:\\\/\\\/inclusivenews.com.br\\\/?p=27597#respond\"]}]},{\"@type\":\"WebPage\",\"@id\":\"https:\\\/\\\/inclusivenews.com.br\\\/?p=27597\",\"url\":\"https:\\\/\\\/inclusivenews.com.br\\\/?p=27597\",\"name\":\"ONU pede por um mundo sem estigmas e discrimina\u00e7\u00f5es -\",\"isPartOf\":{\"@id\":\"https:\\\/\\\/inclusivenews.com.br\\\/#website\"},\"primaryImageOfPage\":{\"@id\":\"https:\\\/\\\/inclusivenews.com.br\\\/?p=27597#primaryimage\"},\"image\":{\"@id\":\"https:\\\/\\\/inclusivenews.com.br\\\/?p=27597#primaryimage\"},\"thumbnailUrl\":\"http:\\\/\\\/inclusivenews.com.br\\\/wp-content\\\/uploads\\\/sede-onu.jpg\",\"datePublished\":\"2015-03-04T11:36:43+00:00\",\"breadcrumb\":{\"@id\":\"https:\\\/\\\/inclusivenews.com.br\\\/?p=27597#breadcrumb\"},\"inLanguage\":\"pt-PT\",\"potentialAction\":[{\"@type\":\"ReadAction\",\"target\":[\"https:\\\/\\\/inclusivenews.com.br\\\/?p=27597\"]}]},{\"@type\":\"ImageObject\",\"inLanguage\":\"pt-PT\",\"@id\":\"https:\\\/\\\/inclusivenews.com.br\\\/?p=27597#primaryimage\",\"url\":\"\",\"contentUrl\":\"\"},{\"@type\":\"BreadcrumbList\",\"@id\":\"https:\\\/\\\/inclusivenews.com.br\\\/?p=27597#breadcrumb\",\"itemListElement\":[{\"@type\":\"ListItem\",\"position\":1,\"name\":\"In\u00edcio\",\"item\":\"https:\\\/\\\/inclusivenews.com.br\\\/\"},{\"@type\":\"ListItem\",\"position\":2,\"name\":\"ONU pede por um mundo sem estigmas e discrimina\u00e7\u00f5es\"}]},{\"@type\":\"WebSite\",\"@id\":\"https:\\\/\\\/inclusivenews.com.br\\\/#website\",\"url\":\"https:\\\/\\\/inclusivenews.com.br\\\/\",\"name\":\"Inclusive News\",\"description\":\"Inclusive News\",\"publisher\":{\"@id\":\"https:\\\/\\\/inclusivenews.com.br\\\/#organization\"},\"potentialAction\":[{\"@type\":\"SearchAction\",\"target\":{\"@type\":\"EntryPoint\",\"urlTemplate\":\"https:\\\/\\\/inclusivenews.com.br\\\/?s={search_term_string}\"},\"query-input\":{\"@type\":\"PropertyValueSpecification\",\"valueRequired\":true,\"valueName\":\"search_term_string\"}}],\"inLanguage\":\"pt-PT\"},{\"@type\":\"Organization\",\"@id\":\"https:\\\/\\\/inclusivenews.com.br\\\/#organization\",\"name\":\"Inclusive - inclus\u00e3o e cidadania\",\"url\":\"https:\\\/\\\/inclusivenews.com.br\\\/\",\"logo\":{\"@type\":\"ImageObject\",\"inLanguage\":\"pt-PT\",\"@id\":\"https:\\\/\\\/inclusivenews.com.br\\\/#\\\/schema\\\/logo\\\/image\\\/\",\"url\":\"https:\\\/\\\/inclusivenews.com.br\\\/wp-content\\\/uploads\\\/2024\\\/03\\\/@grandesite.png\",\"contentUrl\":\"https:\\\/\\\/inclusivenews.com.br\\\/wp-content\\\/uploads\\\/2024\\\/03\\\/@grandesite.png\",\"width\":1080,\"height\":1080,\"caption\":\"Inclusive - inclus\u00e3o e cidadania\"},\"image\":{\"@id\":\"https:\\\/\\\/inclusivenews.com.br\\\/#\\\/schema\\\/logo\\\/image\\\/\"},\"sameAs\":[\"https:\\\/\\\/www.facebook.com\\\/agenciainclusive\\\/\",\"https:\\\/\\\/www.instagram.com\\\/newsinclusive\\\/\"]},{\"@type\":\"Person\",\"@id\":\"https:\\\/\\\/inclusivenews.com.br\\\/#\\\/schema\\\/person\\\/ae4ec7087559b8692fb33b6fffd2273b\",\"name\":\"inclusivenews2024\",\"image\":{\"@type\":\"ImageObject\",\"inLanguage\":\"pt-PT\",\"@id\":\"https:\\\/\\\/secure.gravatar.com\\\/avatar\\\/c5a7ef84c66fa914f55bc4f7ce26cfa275a3b9a1c5568b907bd184fb4dde7b40?s=96&d=mm&r=g\",\"url\":\"https:\\\/\\\/secure.gravatar.com\\\/avatar\\\/c5a7ef84c66fa914f55bc4f7ce26cfa275a3b9a1c5568b907bd184fb4dde7b40?s=96&d=mm&r=g\",\"contentUrl\":\"https:\\\/\\\/secure.gravatar.com\\\/avatar\\\/c5a7ef84c66fa914f55bc4f7ce26cfa275a3b9a1c5568b907bd184fb4dde7b40?s=96&d=mm&r=g\",\"caption\":\"inclusivenews2024\"},\"sameAs\":[\"https:\\\/\\\/inclusivenews.com.br\"],\"url\":\"https:\\\/\\\/inclusivenews.com.br\\\/?author=1\"}]}<\/script>\n<!-- \/ Yoast SEO plugin. -->","yoast_head_json":{"title":"ONU pede por um mundo sem estigmas e discrimina\u00e7\u00f5es -","robots":{"index":"index","follow":"follow","max-snippet":"max-snippet:-1","max-image-preview":"max-image-preview:large","max-video-preview":"max-video-preview:-1"},"canonical":"https:\/\/inclusivenews.com.br\/?p=27597","og_locale":"pt_PT","og_type":"article","og_title":"ONU pede por um mundo sem estigmas e discrimina\u00e7\u00f5es -","og_description":"Segundo a Unaids, no mundo, mais de 10% das mulheres e 23% dos homens que sofrem de algum tipo de defici\u00eancia n\u00e3o buscam assist\u00eancia de sa\u00fade, porque foram maltratados na primeira visita ao m\u00e9dico. Da Ag\u00eancia Brasil.","og_url":"https:\/\/inclusivenews.com.br\/?p=27597","article_publisher":"https:\/\/www.facebook.com\/agenciainclusive\/","article_published_time":"2015-03-04T11:36:43+00:00","og_image":[{"url":"http:\/\/inclusivenews.com.br\/wp-content\/uploads\/sede-onu.jpg","type":"","width":"","height":""}],"author":"inclusivenews2024","twitter_card":"summary_large_image","twitter_misc":{"Escrito por":"inclusivenews2024","Tempo estimado de leitura":"2 minutos"},"schema":{"@context":"https:\/\/schema.org","@graph":[{"@type":"Article","@id":"https:\/\/inclusivenews.com.br\/?p=27597#article","isPartOf":{"@id":"https:\/\/inclusivenews.com.br\/?p=27597"},"author":{"name":"inclusivenews2024","@id":"https:\/\/inclusivenews.com.br\/#\/schema\/person\/ae4ec7087559b8692fb33b6fffd2273b"},"headline":"ONU pede por um mundo sem estigmas e discrimina\u00e7\u00f5es","datePublished":"2015-03-04T11:36:43+00:00","mainEntityOfPage":{"@id":"https:\/\/inclusivenews.com.br\/?p=27597"},"wordCount":463,"commentCount":0,"publisher":{"@id":"https:\/\/inclusivenews.com.br\/#organization"},"image":{"@id":"https:\/\/inclusivenews.com.br\/?p=27597#primaryimage"},"thumbnailUrl":"http:\/\/inclusivenews.com.br\/wp-content\/uploads\/sede-onu.jpg","articleSection":["DIREITOS HUMANOS"],"inLanguage":"pt-PT","potentialAction":[{"@type":"CommentAction","name":"Comment","target":["https:\/\/inclusivenews.com.br\/?p=27597#respond"]}]},{"@type":"WebPage","@id":"https:\/\/inclusivenews.com.br\/?p=27597","url":"https:\/\/inclusivenews.com.br\/?p=27597","name":"ONU pede por um mundo sem estigmas e discrimina\u00e7\u00f5es -","isPartOf":{"@id":"https:\/\/inclusivenews.com.br\/#website"},"primaryImageOfPage":{"@id":"https:\/\/inclusivenews.com.br\/?p=27597#primaryimage"},"image":{"@id":"https:\/\/inclusivenews.com.br\/?p=27597#primaryimage"},"thumbnailUrl":"http:\/\/inclusivenews.com.br\/wp-content\/uploads\/sede-onu.jpg","datePublished":"2015-03-04T11:36:43+00:00","breadcrumb":{"@id":"https:\/\/inclusivenews.com.br\/?p=27597#breadcrumb"},"inLanguage":"pt-PT","potentialAction":[{"@type":"ReadAction","target":["https:\/\/inclusivenews.com.br\/?p=27597"]}]},{"@type":"ImageObject","inLanguage":"pt-PT","@id":"https:\/\/inclusivenews.com.br\/?p=27597#primaryimage","url":"","contentUrl":""},{"@type":"BreadcrumbList","@id":"https:\/\/inclusivenews.com.br\/?p=27597#breadcrumb","itemListElement":[{"@type":"ListItem","position":1,"name":"In\u00edcio","item":"https:\/\/inclusivenews.com.br\/"},{"@type":"ListItem","position":2,"name":"ONU pede por um mundo sem estigmas e discrimina\u00e7\u00f5es"}]},{"@type":"WebSite","@id":"https:\/\/inclusivenews.com.br\/#website","url":"https:\/\/inclusivenews.com.br\/","name":"Inclusive News","description":"Inclusive News","publisher":{"@id":"https:\/\/inclusivenews.com.br\/#organization"},"potentialAction":[{"@type":"SearchAction","target":{"@type":"EntryPoint","urlTemplate":"https:\/\/inclusivenews.com.br\/?s={search_term_string}"},"query-input":{"@type":"PropertyValueSpecification","valueRequired":true,"valueName":"search_term_string"}}],"inLanguage":"pt-PT"},{"@type":"Organization","@id":"https:\/\/inclusivenews.com.br\/#organization","name":"Inclusive - inclus\u00e3o e cidadania","url":"https:\/\/inclusivenews.com.br\/","logo":{"@type":"ImageObject","inLanguage":"pt-PT","@id":"https:\/\/inclusivenews.com.br\/#\/schema\/logo\/image\/","url":"https:\/\/inclusivenews.com.br\/wp-content\/uploads\/2024\/03\/@grandesite.png","contentUrl":"https:\/\/inclusivenews.com.br\/wp-content\/uploads\/2024\/03\/@grandesite.png","width":1080,"height":1080,"caption":"Inclusive - inclus\u00e3o e cidadania"},"image":{"@id":"https:\/\/inclusivenews.com.br\/#\/schema\/logo\/image\/"},"sameAs":["https:\/\/www.facebook.com\/agenciainclusive\/","https:\/\/www.instagram.com\/newsinclusive\/"]},{"@type":"Person","@id":"https:\/\/inclusivenews.com.br\/#\/schema\/person\/ae4ec7087559b8692fb33b6fffd2273b","name":"inclusivenews2024","image":{"@type":"ImageObject","inLanguage":"pt-PT","@id":"https:\/\/secure.gravatar.com\/avatar\/c5a7ef84c66fa914f55bc4f7ce26cfa275a3b9a1c5568b907bd184fb4dde7b40?s=96&d=mm&r=g","url":"https:\/\/secure.gravatar.com\/avatar\/c5a7ef84c66fa914f55bc4f7ce26cfa275a3b9a1c5568b907bd184fb4dde7b40?s=96&d=mm&r=g","contentUrl":"https:\/\/secure.gravatar.com\/avatar\/c5a7ef84c66fa914f55bc4f7ce26cfa275a3b9a1c5568b907bd184fb4dde7b40?s=96&d=mm&r=g","caption":"inclusivenews2024"},"sameAs":["https:\/\/inclusivenews.com.br"],"url":"https:\/\/inclusivenews.com.br\/?author=1"}]}},"_links":{"self":[{"href":"https:\/\/inclusivenews.com.br\/index.php?rest_route=\/wp\/v2\/posts\/27597","targetHints":{"allow":["GET"]}}],"collection":[{"href":"https:\/\/inclusivenews.com.br\/index.php?rest_route=\/wp\/v2\/posts"}],"about":[{"href":"https:\/\/inclusivenews.com.br\/index.php?rest_route=\/wp\/v2\/types\/post"}],"author":[{"embeddable":true,"href":"https:\/\/inclusivenews.com.br\/index.php?rest_route=\/wp\/v2\/users\/1"}],"replies":[{"embeddable":true,"href":"https:\/\/inclusivenews.com.br\/index.php?rest_route=%2Fwp%2Fv2%2Fcomments&post=27597"}],"version-history":[{"count":0,"href":"https:\/\/inclusivenews.com.br\/index.php?rest_route=\/wp\/v2\/posts\/27597\/revisions"}],"wp:attachment":[{"href":"https:\/\/inclusivenews.com.br\/index.php?rest_route=%2Fwp%2Fv2%2Fmedia&parent=27597"}],"wp:term":[{"taxonomy":"category","embeddable":true,"href":"https:\/\/inclusivenews.com.br\/index.php?rest_route=%2Fwp%2Fv2%2Fcategories&post=27597"},{"taxonomy":"post_tag","embeddable":true,"href":"https:\/\/inclusivenews.com.br\/index.php?rest_route=%2Fwp%2Fv2%2Ftags&post=27597"}],"curies":[{"name":"wp","href":"https:\/\/api.w.org\/{rel}","templated":true}]}}