{"id":27599,"date":"2015-03-04T08:37:05","date_gmt":"2015-03-04T11:37:05","guid":{"rendered":"http:\/\/www.inclusive.org.br\/?p=27599"},"modified":"2015-03-04T08:37:05","modified_gmt":"2015-03-04T11:37:05","slug":"pessoas-com-deficiencia-nao-devem-ser-esquecidas-dos-objetivos-de-desenvolvimento-sustentavel","status":"publish","type":"post","link":"https:\/\/inclusivenews.com.br\/?p=27599","title":{"rendered":"Pessoas com defici\u00eancia n\u00e3o devem ser esquecidas dos Objetivos de Desenvolvimento Sustent\u00e1vel"},"content":{"rendered":"<p><img loading=\"lazy\" decoding=\"async\" class=\"alignnone  wp-image-27192\" title=\"Catalina Devandas, com uma parte do mapa da America Latina no fundo.\" alt=\"Catalina Devandas, com uma parte do mapa da America Latina no fundo.\" src=\"http:\/\/inclusivenews.com.br\/wp-content\/uploads\/catalina_devandas.jpg\" width=\"300\" height=\"293\" \/><\/p>\n<p><em>Para tr\u00eas especialistas independentes de direitos humanos da ONU, a agenda de desenvolvimento p\u00f3s-2015 oferece uma oportunidade \u00fanica para garantir que 1 bilh\u00e3o de pessoas com defici\u00eancia tenha sua voz ouvida<\/em><\/p>\n<p>\u201c15% da popula\u00e7\u00e3o mundial \u2013 um bilh\u00e3o de pessoas \u2013 \u00a0\u00e9 formado por\u00a0pessoas com defici\u00eancia, e seus direitos n\u00e3o podem ser ignorados\u201d, advertiu um grupo de especialistas de direitos humanos da ONU, nesta sexta-feira (20). Seu apelo acontece ap\u00f3s o encerramento da Segunda Sess\u00e3o de Negocia\u00e7\u00f5es Internacionais sobre a Agenda de Desenvolvimento P\u00f3s-2015, onde pediram a inclus\u00e3o desse grupo de pessoas no novo acordo universal.<\/p>\n<p>Em setembro de 2015, 17 novos objetivos devem ser adotados em substitui\u00e7\u00e3o os Objetivos de Desenvolvimento do Mil\u00eanio (ODM). Para tr\u00eas especialistas em direitos humanos da ONU, a decis\u00e3o dessa nova agenda fornece uma oportunidade \u00fanica para garantir que as pessoas com defici\u00eancia sejam, n\u00e3o s\u00f3 mais vis\u00edveis, mas tamb\u00e9m participem desse processo.<\/p>\n<p>A relatora especial sobre o Direitos das Pessoas com Defici\u00eancia, Catalina Devandas Aguilar, frisou que a \u201cinclus\u00e3o das pessoas com defici\u00eancia nos Objetivos de Desenvolvimento Sustent\u00e1vel (ODS) \u00e9 fundamental, se queremos alcan\u00e7ar o desenvolvimento sustent\u00e1vel que \u00e9 genuinamente baseado nos direitos\u201d. Tamb\u00e9m destacou que esse compromisso deve ser refletido no documento final para o financiamento dessa agenda.<\/p>\n<p>Segundo ela, os ODM n\u00e3o contemplaram as pessoas com defici\u00eancia, mas os avan\u00e7os no novo acordo s\u00e3o promissores nesta inclus\u00e3o. \u201cNo momento em que entramos nas etapas finais de negocia\u00e7\u00e3o dos SDG, \u00e9 imperativo manter as importantes conquistas que j\u00e1 conseguimos e que a comunidade global cumpra sua promessa de garantir direitos humanos e desenvolvimento para todos, inclusive as pessoas com defici\u00eancia.\u201d<\/p>\n<p>Para a relatora independente sobre o\u00a0Direito \u00e0\u00a0Alimenta\u00e7\u00e3o, Hilal Elver, a seguran\u00e7a alimentar dessas pessoas \u00e9 uma prioridade. Estima-se que 805 milh\u00f5esest\u00e3o cronicamente desnutridas e como muitas pessoas com defici\u00eancia vivem em absoluta pobreza, as necessidades dessas duas popula\u00e7\u00f5es se cruzam.<\/p>\n<p>Os Estados s\u00e3o respons\u00e1veis por assegurar que as pessoas vulner\u00e1veis e marginalizadas, incluindo aquelas com defici\u00eancia, tenham acesso a alimentos nutritivos e adequados, enfatizou.<\/p>\n<p>J\u00e1 a nova especialista independente da ONU para os Direitos dos Idosos, Rosa Kornfeld-Matte, pediu aos Estados-Membros uma aten\u00e7\u00e3o particular para os mais velhos com defici\u00eancia., incluindo a garantia ao acesso a diferentes servi\u00e7os como a aten\u00e7\u00e3o m\u00e9dica e prote\u00e7\u00e3o social e programas de redu\u00e7\u00e3o da pobreza.<\/p>\n<p><strong>Fonte:<\/strong> ONU Brasil<\/p>\n","protected":false},"excerpt":{"rendered":"<p>Para tr\u00eas especialistas independentes de direitos humanos da ONU, a agenda de desenvolvimento p\u00f3s-2015 oferece uma oportunidade \u00fanica para garantir que 1 bilh\u00e3o de pessoas com defici\u00eancia tenha sua voz ouvida. Da ONU Brasil.<\/p>\n","protected":false},"author":1,"featured_media":0,"comment_status":"open","ping_status":"open","sticky":false,"template":"","format":"standard","meta":{"site-container-style":"default","site-container-layout":"default","site-sidebar-layout":"default","disable-article-header":"default","disable-site-header":"default","disable-site-footer":"default","disable-content-area-spacing":"default","footnotes":""},"categories":[11],"tags":[],"class_list":["post-27599","post","type-post","status-publish","format-standard","hentry","category-direitos-humanos"],"yoast_head":"<!-- This site is optimized with the Yoast SEO plugin v27.4 - https:\/\/yoast.com\/product\/yoast-seo-wordpress\/ -->\n<title>Pessoas com defici\u00eancia n\u00e3o devem ser esquecidas dos Objetivos de Desenvolvimento Sustent\u00e1vel -<\/title>\n<meta name=\"robots\" content=\"index, follow, max-snippet:-1, max-image-preview:large, max-video-preview:-1\" \/>\n<link rel=\"canonical\" href=\"https:\/\/inclusivenews.com.br\/?p=27599\" \/>\n<meta property=\"og:locale\" content=\"pt_PT\" \/>\n<meta property=\"og:type\" content=\"article\" \/>\n<meta property=\"og:title\" content=\"Pessoas com defici\u00eancia n\u00e3o devem ser esquecidas dos Objetivos de Desenvolvimento Sustent\u00e1vel -\" \/>\n<meta property=\"og:description\" content=\"Para tr\u00eas especialistas independentes de direitos humanos da ONU, a agenda de desenvolvimento p\u00f3s-2015 oferece uma oportunidade \u00fanica para garantir que 1 bilh\u00e3o de pessoas com defici\u00eancia tenha sua voz ouvida. Da ONU Brasil.\" \/>\n<meta property=\"og:url\" content=\"https:\/\/inclusivenews.com.br\/?p=27599\" \/>\n<meta property=\"article:publisher\" content=\"https:\/\/www.facebook.com\/agenciainclusive\/\" \/>\n<meta property=\"article:published_time\" content=\"2015-03-04T11:37:05+00:00\" \/>\n<meta property=\"og:image\" content=\"http:\/\/inclusivenews.com.br\/wp-content\/uploads\/catalina_devandas.jpg\" \/>\n<meta name=\"author\" content=\"inclusivenews2024\" \/>\n<meta name=\"twitter:card\" content=\"summary_large_image\" \/>\n<meta name=\"twitter:label1\" content=\"Escrito por\" \/>\n\t<meta name=\"twitter:data1\" content=\"inclusivenews2024\" \/>\n\t<meta name=\"twitter:label2\" content=\"Tempo estimado de leitura\" \/>\n\t<meta name=\"twitter:data2\" content=\"2 minutos\" \/>\n<script type=\"application\/ld+json\" class=\"yoast-schema-graph\">{\"@context\":\"https:\\\/\\\/schema.org\",\"@graph\":[{\"@type\":\"Article\",\"@id\":\"https:\\\/\\\/inclusivenews.com.br\\\/?p=27599#article\",\"isPartOf\":{\"@id\":\"https:\\\/\\\/inclusivenews.com.br\\\/?p=27599\"},\"author\":{\"name\":\"inclusivenews2024\",\"@id\":\"https:\\\/\\\/inclusivenews.com.br\\\/#\\\/schema\\\/person\\\/ae4ec7087559b8692fb33b6fffd2273b\"},\"headline\":\"Pessoas com defici\u00eancia n\u00e3o devem ser esquecidas dos Objetivos de Desenvolvimento Sustent\u00e1vel\",\"datePublished\":\"2015-03-04T11:37:05+00:00\",\"mainEntityOfPage\":{\"@id\":\"https:\\\/\\\/inclusivenews.com.br\\\/?p=27599\"},\"wordCount\":438,\"commentCount\":0,\"publisher\":{\"@id\":\"https:\\\/\\\/inclusivenews.com.br\\\/#organization\"},\"image\":{\"@id\":\"https:\\\/\\\/inclusivenews.com.br\\\/?p=27599#primaryimage\"},\"thumbnailUrl\":\"http:\\\/\\\/inclusivenews.com.br\\\/wp-content\\\/uploads\\\/catalina_devandas.jpg\",\"articleSection\":[\"DIREITOS HUMANOS\"],\"inLanguage\":\"pt-PT\",\"potentialAction\":[{\"@type\":\"CommentAction\",\"name\":\"Comment\",\"target\":[\"https:\\\/\\\/inclusivenews.com.br\\\/?p=27599#respond\"]}]},{\"@type\":\"WebPage\",\"@id\":\"https:\\\/\\\/inclusivenews.com.br\\\/?p=27599\",\"url\":\"https:\\\/\\\/inclusivenews.com.br\\\/?p=27599\",\"name\":\"Pessoas com defici\u00eancia n\u00e3o devem ser esquecidas dos Objetivos de Desenvolvimento Sustent\u00e1vel -\",\"isPartOf\":{\"@id\":\"https:\\\/\\\/inclusivenews.com.br\\\/#website\"},\"primaryImageOfPage\":{\"@id\":\"https:\\\/\\\/inclusivenews.com.br\\\/?p=27599#primaryimage\"},\"image\":{\"@id\":\"https:\\\/\\\/inclusivenews.com.br\\\/?p=27599#primaryimage\"},\"thumbnailUrl\":\"http:\\\/\\\/inclusivenews.com.br\\\/wp-content\\\/uploads\\\/catalina_devandas.jpg\",\"datePublished\":\"2015-03-04T11:37:05+00:00\",\"breadcrumb\":{\"@id\":\"https:\\\/\\\/inclusivenews.com.br\\\/?p=27599#breadcrumb\"},\"inLanguage\":\"pt-PT\",\"potentialAction\":[{\"@type\":\"ReadAction\",\"target\":[\"https:\\\/\\\/inclusivenews.com.br\\\/?p=27599\"]}]},{\"@type\":\"ImageObject\",\"inLanguage\":\"pt-PT\",\"@id\":\"https:\\\/\\\/inclusivenews.com.br\\\/?p=27599#primaryimage\",\"url\":\"\",\"contentUrl\":\"\"},{\"@type\":\"BreadcrumbList\",\"@id\":\"https:\\\/\\\/inclusivenews.com.br\\\/?p=27599#breadcrumb\",\"itemListElement\":[{\"@type\":\"ListItem\",\"position\":1,\"name\":\"In\u00edcio\",\"item\":\"https:\\\/\\\/inclusivenews.com.br\\\/\"},{\"@type\":\"ListItem\",\"position\":2,\"name\":\"Pessoas com defici\u00eancia n\u00e3o devem ser esquecidas dos Objetivos de Desenvolvimento Sustent\u00e1vel\"}]},{\"@type\":\"WebSite\",\"@id\":\"https:\\\/\\\/inclusivenews.com.br\\\/#website\",\"url\":\"https:\\\/\\\/inclusivenews.com.br\\\/\",\"name\":\"Inclusive News\",\"description\":\"Inclusive News\",\"publisher\":{\"@id\":\"https:\\\/\\\/inclusivenews.com.br\\\/#organization\"},\"potentialAction\":[{\"@type\":\"SearchAction\",\"target\":{\"@type\":\"EntryPoint\",\"urlTemplate\":\"https:\\\/\\\/inclusivenews.com.br\\\/?s={search_term_string}\"},\"query-input\":{\"@type\":\"PropertyValueSpecification\",\"valueRequired\":true,\"valueName\":\"search_term_string\"}}],\"inLanguage\":\"pt-PT\"},{\"@type\":\"Organization\",\"@id\":\"https:\\\/\\\/inclusivenews.com.br\\\/#organization\",\"name\":\"Inclusive - inclus\u00e3o e cidadania\",\"url\":\"https:\\\/\\\/inclusivenews.com.br\\\/\",\"logo\":{\"@type\":\"ImageObject\",\"inLanguage\":\"pt-PT\",\"@id\":\"https:\\\/\\\/inclusivenews.com.br\\\/#\\\/schema\\\/logo\\\/image\\\/\",\"url\":\"https:\\\/\\\/inclusivenews.com.br\\\/wp-content\\\/uploads\\\/2024\\\/03\\\/@grandesite.png\",\"contentUrl\":\"https:\\\/\\\/inclusivenews.com.br\\\/wp-content\\\/uploads\\\/2024\\\/03\\\/@grandesite.png\",\"width\":1080,\"height\":1080,\"caption\":\"Inclusive - inclus\u00e3o e cidadania\"},\"image\":{\"@id\":\"https:\\\/\\\/inclusivenews.com.br\\\/#\\\/schema\\\/logo\\\/image\\\/\"},\"sameAs\":[\"https:\\\/\\\/www.facebook.com\\\/agenciainclusive\\\/\",\"https:\\\/\\\/www.instagram.com\\\/newsinclusive\\\/\"]},{\"@type\":\"Person\",\"@id\":\"https:\\\/\\\/inclusivenews.com.br\\\/#\\\/schema\\\/person\\\/ae4ec7087559b8692fb33b6fffd2273b\",\"name\":\"inclusivenews2024\",\"image\":{\"@type\":\"ImageObject\",\"inLanguage\":\"pt-PT\",\"@id\":\"https:\\\/\\\/secure.gravatar.com\\\/avatar\\\/c5a7ef84c66fa914f55bc4f7ce26cfa275a3b9a1c5568b907bd184fb4dde7b40?s=96&d=mm&r=g\",\"url\":\"https:\\\/\\\/secure.gravatar.com\\\/avatar\\\/c5a7ef84c66fa914f55bc4f7ce26cfa275a3b9a1c5568b907bd184fb4dde7b40?s=96&d=mm&r=g\",\"contentUrl\":\"https:\\\/\\\/secure.gravatar.com\\\/avatar\\\/c5a7ef84c66fa914f55bc4f7ce26cfa275a3b9a1c5568b907bd184fb4dde7b40?s=96&d=mm&r=g\",\"caption\":\"inclusivenews2024\"},\"sameAs\":[\"https:\\\/\\\/inclusivenews.com.br\"],\"url\":\"https:\\\/\\\/inclusivenews.com.br\\\/?author=1\"}]}<\/script>\n<!-- \/ Yoast SEO plugin. -->","yoast_head_json":{"title":"Pessoas com defici\u00eancia n\u00e3o devem ser esquecidas dos Objetivos de Desenvolvimento Sustent\u00e1vel -","robots":{"index":"index","follow":"follow","max-snippet":"max-snippet:-1","max-image-preview":"max-image-preview:large","max-video-preview":"max-video-preview:-1"},"canonical":"https:\/\/inclusivenews.com.br\/?p=27599","og_locale":"pt_PT","og_type":"article","og_title":"Pessoas com defici\u00eancia n\u00e3o devem ser esquecidas dos Objetivos de Desenvolvimento Sustent\u00e1vel -","og_description":"Para tr\u00eas especialistas independentes de direitos humanos da ONU, a agenda de desenvolvimento p\u00f3s-2015 oferece uma oportunidade \u00fanica para garantir que 1 bilh\u00e3o de pessoas com defici\u00eancia tenha sua voz ouvida. Da ONU Brasil.","og_url":"https:\/\/inclusivenews.com.br\/?p=27599","article_publisher":"https:\/\/www.facebook.com\/agenciainclusive\/","article_published_time":"2015-03-04T11:37:05+00:00","og_image":[{"url":"http:\/\/inclusivenews.com.br\/wp-content\/uploads\/catalina_devandas.jpg","type":"","width":"","height":""}],"author":"inclusivenews2024","twitter_card":"summary_large_image","twitter_misc":{"Escrito por":"inclusivenews2024","Tempo estimado de leitura":"2 minutos"},"schema":{"@context":"https:\/\/schema.org","@graph":[{"@type":"Article","@id":"https:\/\/inclusivenews.com.br\/?p=27599#article","isPartOf":{"@id":"https:\/\/inclusivenews.com.br\/?p=27599"},"author":{"name":"inclusivenews2024","@id":"https:\/\/inclusivenews.com.br\/#\/schema\/person\/ae4ec7087559b8692fb33b6fffd2273b"},"headline":"Pessoas com defici\u00eancia n\u00e3o devem ser esquecidas dos Objetivos de Desenvolvimento Sustent\u00e1vel","datePublished":"2015-03-04T11:37:05+00:00","mainEntityOfPage":{"@id":"https:\/\/inclusivenews.com.br\/?p=27599"},"wordCount":438,"commentCount":0,"publisher":{"@id":"https:\/\/inclusivenews.com.br\/#organization"},"image":{"@id":"https:\/\/inclusivenews.com.br\/?p=27599#primaryimage"},"thumbnailUrl":"http:\/\/inclusivenews.com.br\/wp-content\/uploads\/catalina_devandas.jpg","articleSection":["DIREITOS HUMANOS"],"inLanguage":"pt-PT","potentialAction":[{"@type":"CommentAction","name":"Comment","target":["https:\/\/inclusivenews.com.br\/?p=27599#respond"]}]},{"@type":"WebPage","@id":"https:\/\/inclusivenews.com.br\/?p=27599","url":"https:\/\/inclusivenews.com.br\/?p=27599","name":"Pessoas com defici\u00eancia n\u00e3o devem ser esquecidas dos Objetivos de Desenvolvimento Sustent\u00e1vel -","isPartOf":{"@id":"https:\/\/inclusivenews.com.br\/#website"},"primaryImageOfPage":{"@id":"https:\/\/inclusivenews.com.br\/?p=27599#primaryimage"},"image":{"@id":"https:\/\/inclusivenews.com.br\/?p=27599#primaryimage"},"thumbnailUrl":"http:\/\/inclusivenews.com.br\/wp-content\/uploads\/catalina_devandas.jpg","datePublished":"2015-03-04T11:37:05+00:00","breadcrumb":{"@id":"https:\/\/inclusivenews.com.br\/?p=27599#breadcrumb"},"inLanguage":"pt-PT","potentialAction":[{"@type":"ReadAction","target":["https:\/\/inclusivenews.com.br\/?p=27599"]}]},{"@type":"ImageObject","inLanguage":"pt-PT","@id":"https:\/\/inclusivenews.com.br\/?p=27599#primaryimage","url":"","contentUrl":""},{"@type":"BreadcrumbList","@id":"https:\/\/inclusivenews.com.br\/?p=27599#breadcrumb","itemListElement":[{"@type":"ListItem","position":1,"name":"In\u00edcio","item":"https:\/\/inclusivenews.com.br\/"},{"@type":"ListItem","position":2,"name":"Pessoas com defici\u00eancia n\u00e3o devem ser esquecidas dos Objetivos de Desenvolvimento Sustent\u00e1vel"}]},{"@type":"WebSite","@id":"https:\/\/inclusivenews.com.br\/#website","url":"https:\/\/inclusivenews.com.br\/","name":"Inclusive News","description":"Inclusive News","publisher":{"@id":"https:\/\/inclusivenews.com.br\/#organization"},"potentialAction":[{"@type":"SearchAction","target":{"@type":"EntryPoint","urlTemplate":"https:\/\/inclusivenews.com.br\/?s={search_term_string}"},"query-input":{"@type":"PropertyValueSpecification","valueRequired":true,"valueName":"search_term_string"}}],"inLanguage":"pt-PT"},{"@type":"Organization","@id":"https:\/\/inclusivenews.com.br\/#organization","name":"Inclusive - inclus\u00e3o e cidadania","url":"https:\/\/inclusivenews.com.br\/","logo":{"@type":"ImageObject","inLanguage":"pt-PT","@id":"https:\/\/inclusivenews.com.br\/#\/schema\/logo\/image\/","url":"https:\/\/inclusivenews.com.br\/wp-content\/uploads\/2024\/03\/@grandesite.png","contentUrl":"https:\/\/inclusivenews.com.br\/wp-content\/uploads\/2024\/03\/@grandesite.png","width":1080,"height":1080,"caption":"Inclusive - inclus\u00e3o e cidadania"},"image":{"@id":"https:\/\/inclusivenews.com.br\/#\/schema\/logo\/image\/"},"sameAs":["https:\/\/www.facebook.com\/agenciainclusive\/","https:\/\/www.instagram.com\/newsinclusive\/"]},{"@type":"Person","@id":"https:\/\/inclusivenews.com.br\/#\/schema\/person\/ae4ec7087559b8692fb33b6fffd2273b","name":"inclusivenews2024","image":{"@type":"ImageObject","inLanguage":"pt-PT","@id":"https:\/\/secure.gravatar.com\/avatar\/c5a7ef84c66fa914f55bc4f7ce26cfa275a3b9a1c5568b907bd184fb4dde7b40?s=96&d=mm&r=g","url":"https:\/\/secure.gravatar.com\/avatar\/c5a7ef84c66fa914f55bc4f7ce26cfa275a3b9a1c5568b907bd184fb4dde7b40?s=96&d=mm&r=g","contentUrl":"https:\/\/secure.gravatar.com\/avatar\/c5a7ef84c66fa914f55bc4f7ce26cfa275a3b9a1c5568b907bd184fb4dde7b40?s=96&d=mm&r=g","caption":"inclusivenews2024"},"sameAs":["https:\/\/inclusivenews.com.br"],"url":"https:\/\/inclusivenews.com.br\/?author=1"}]}},"_links":{"self":[{"href":"https:\/\/inclusivenews.com.br\/index.php?rest_route=\/wp\/v2\/posts\/27599","targetHints":{"allow":["GET"]}}],"collection":[{"href":"https:\/\/inclusivenews.com.br\/index.php?rest_route=\/wp\/v2\/posts"}],"about":[{"href":"https:\/\/inclusivenews.com.br\/index.php?rest_route=\/wp\/v2\/types\/post"}],"author":[{"embeddable":true,"href":"https:\/\/inclusivenews.com.br\/index.php?rest_route=\/wp\/v2\/users\/1"}],"replies":[{"embeddable":true,"href":"https:\/\/inclusivenews.com.br\/index.php?rest_route=%2Fwp%2Fv2%2Fcomments&post=27599"}],"version-history":[{"count":0,"href":"https:\/\/inclusivenews.com.br\/index.php?rest_route=\/wp\/v2\/posts\/27599\/revisions"}],"wp:attachment":[{"href":"https:\/\/inclusivenews.com.br\/index.php?rest_route=%2Fwp%2Fv2%2Fmedia&parent=27599"}],"wp:term":[{"taxonomy":"category","embeddable":true,"href":"https:\/\/inclusivenews.com.br\/index.php?rest_route=%2Fwp%2Fv2%2Fcategories&post=27599"},{"taxonomy":"post_tag","embeddable":true,"href":"https:\/\/inclusivenews.com.br\/index.php?rest_route=%2Fwp%2Fv2%2Ftags&post=27599"}],"curies":[{"name":"wp","href":"https:\/\/api.w.org\/{rel}","templated":true}]}}