{"id":27718,"date":"2015-03-11T15:15:04","date_gmt":"2015-03-11T18:15:04","guid":{"rendered":"http:\/\/www.inclusive.org.br\/?p=27718"},"modified":"2015-03-11T15:15:04","modified_gmt":"2015-03-11T18:15:04","slug":"conheca-as-trilhas-e-as-aprendizagens-de-estudantes-brasileiros","status":"publish","type":"post","link":"https:\/\/inclusivenews.com.br\/?p=27718","title":{"rendered":"Conhe\u00e7a as trilhas e as aprendizagens de estudantes brasileiros"},"content":{"rendered":"<p><em style=\"color: #6f6f6f; font-family: telefonica-regular; line-height: 20px; text-align: -webkit-right;\">Carolina Pezzoni, do Promenino<br \/>\ncom\u00a0<\/em><em style=\"color: #6f6f6f; font-family: telefonica-regular; line-height: 20px; text-align: -webkit-right;\"><a style=\"color: #00c5d7; text-decoration: none;\" href=\"http:\/\/cidadeescolaaprendiz.org.br\/\">Cidade Escola Aprendiz<\/a><\/em><\/p>\n<p><img loading=\"lazy\" decoding=\"async\" class=\"alignnone\" title=\"Um homem conduzindo uma motocicleta leva tr\u00eas crian\u00e7as em sua carona\" alt=\"Um homem conduzindo uma motocicleta leva tr\u00eas crian\u00e7as em sua carona\" src=\"http:\/\/portal.aprendiz.uol.com.br\/wp-content\/uploads\/2015\/03\/promenino.jpg\" width=\"560\" height=\"300\" \/><\/p>\n<p>Luana Marques, de 14 anos, estuda em uma escola estadual no centro de Corumb\u00e1, no Mato Grosso do Sul. Para chegar l\u00e1, vai de uma margem \u00e0 outra do rio Paraguai de carona em um barco escolar, junto com a Ang\u00e9lica, o Catarino, o Maur\u00edcio, a Maria Clara, a Rozemary, a Rayane, a La\u00eds, a Luiza e o Jo\u00e3o Eduardo, seus colegas ribeirinhos. Os adultos dona Joana, a cozinheira, e Z\u00e9 Catarino, o zelador, os acompanham nessa travessia.<\/p>\n<p>O percurso de Luana e seus amigos at\u00e9 que \u00e9 breve se comparado ao dos irm\u00e3os Joel e Welleton Picolomini da Costa, ind\u00edgenas da etnia guat\u00f3, de 11 e 14 anos, que vivem na ilha \u00cdnsua, no Pantanal. Como apurou a equipe do <a href=\"http:\/\/www.promenino.org.br\/noticias\/reportagens\/as-infancias-que-nos-rodeiam\" target=\"_parent\" rel=\"noopener\">Projeto Inf\u00e2ncias<\/a>, <a href=\"http:\/\/www1.folha.uol.com.br\/folhinha\/2015\/02\/1592087-serie-quintais-mostra-como-vivem-as-criancas-na-regiao-do-pantanal.shtml\" target=\"_blank\" rel=\"noopener\">antes mesmo de o sol nascer<\/a>, eles precisam come\u00e7ar a preparar os cavalos para percorrer quatro quil\u00f4metros at\u00e9 a escola \u2013 enquanto suas irm\u00e3s preferem ir de bicicleta. As hist\u00f3rias de Luana, Joel e Welleton s\u00e3o apenas uma amostra entre os 4,6 milh\u00f5es de alunos da rede p\u00fablica de ensino que vivem na zona rural e precisam de transporte escolar para chegar \u00e0 escola.<\/p>\n<p>Al\u00e9m das embarca\u00e7\u00f5es, cavalos e bicicletas, caminhonetes, pau de arara e carro\u00e7as s\u00e3o alguns dos ve\u00edculos improvisados, muitas vezes prec\u00e1rios e perigosos, utilizados para a locomo\u00e7\u00e3o desses estudantes. A professora Elisa Vieira, representante da \u00e1rea de <a href=\"http:\/\/www.promenino.org.br\/noticias\/reportagens\/quais-os-desafios-da-educacao-do-campo-a-professora-eliene-novaes-rocha-da-unb-detalha-as-dificuldades-e-perspectivas-da-area-rural\" target=\"_parent\" rel=\"noopener\">educa\u00e7\u00e3o do campo<\/a> e ind\u00edgena na <a href=\"http:\/\/www.seduc.pa.gov.br\/site\/seduc\" target=\"_blank\" rel=\"noopener\">Secretaria de Educa\u00e7\u00e3o do Par\u00e1<\/a>, conta que al\u00e9m da via terrestre, onde o atendimento ainda \u00e9 deficiente, o transporte fluvial na regi\u00e3o depende das \u201crabetas\u201d (uma esp\u00e9cie de canoa com motor). \u201c\u00c9 uma dist\u00e2ncia que acaba se tornando um mart\u00edrio para as crian\u00e7as\u201d, referindo-se \u00e0s quatro horas que elas costumam levar no trajeto.<\/p>\n<p>Com o conhecimento de quem acompanhou durante quatro anos os professores volunt\u00e1rios do Brasil Alfabetizado e hoje dos programas <a href=\"http:\/\/portal.mec.gov.br\/index.php?id=12306&amp;option=com_content\" target=\"_blank\" rel=\"noopener\">Saberes da Terra<\/a> e <a href=\"http:\/\/portal.mec.gov.br\/index.php?option=com_content&amp;view=article&amp;id=18725&amp;Itemid=817\" target=\"_blank\" rel=\"noopener\">Escola da Terra<\/a>, ela enfatiza a import\u00e2ncia da mobiliza\u00e7\u00e3o dos gestores municipais para <a href=\"http:\/\/www.prms.mpf.mp.br\/servicos\/sala-de-imprensa\/noticias\/2015\/02\/mp-quer-reativacao-de-series-em-escola-e-garantia-de-transporte-a-estudantes-pantaneiros\" target=\"_blank\" rel=\"noopener\">garantir um transporte de qualidade<\/a> aos alunos da regi\u00e3o. \u201c\u00c9 em fun\u00e7\u00e3o do aluno que buscamos, de todas as formas, garantir a qualidade de vida na sua comunidade ou assentamento\u201d, observa.<\/p>\n<table style=\"width: 350px;\" border=\"1\" cellspacing=\"1\" cellpadding=\"1\" align=\"right\">\n<tbody>\n<tr>\n<td>\n<p style=\"line-height: 19.6000003814697px; text-align: center;\"><span style=\"color: #00557c;\"><strong>Caminho da Escola<\/strong><\/span><\/p>\n<p><span style=\"line-height: 19.6000003814697px;\">O programa foi criado em 2007, como parte do Plano de Desenvolvimento da Educa\u00e7\u00e3o (PDE). Seu objetivo \u00e9 a renova\u00e7\u00e3o da frota de ve\u00edculos escolares (\u00f4nibus e embarca\u00e7\u00f5es) dos munic\u00edpios brasileiros, priorizando aqueles com baixo\u00a0<\/span><span style=\"line-height: 19.6px; text-decoration: underline;\">Ideb<\/span><span style=\"line-height: 19.6000003814697px;\">, para garantir mais seguran\u00e7a e qualidade no transporte dos estudantes. Redu\u00e7\u00e3o nos pre\u00e7os dos ve\u00edculos adquiridos, transpar\u00eancia e agilidade na compra e qualidade na entrega fazem parte das suas atribui\u00e7\u00f5es. At\u00e9 hoje, foram distribu\u00eddos aproximadamente 40 mil novos ve\u00edculos.<\/span><\/td>\n<\/tr>\n<\/tbody>\n<\/table>\n<p><strong><span style=\"color: #00557c;\">Realidade nacional<\/span><\/strong><\/p>\n<p><span style=\"line-height: 19.6000003814697px;\">\u201cSe elas n\u00e3o tiverem o transporte escolar ofertado pelo poder p\u00fablico, n\u00e3o podem frequentar a escola\u201d, afirma o professor Jos\u00e9 Maria Rodrigues de Souza, coordenador-geral de Apoio \u00e0 Manuten\u00e7\u00e3o Escolar do programa <\/span><a style=\"line-height: 19.6000003814697px;\" href=\"http:\/\/www.fnde.gov.br\/programas\/caminho-da-escola\/caminho-da-escola-apresentacao\" target=\"_blank\" rel=\"noopener\"><span style=\"line-height: 19.6px; text-decoration: underline;\">Caminho da Escola<\/span><\/a><span style=\"line-height: 19.6000003814697px;\">, financiado pelo <\/span><span style=\"line-height: 19.6000003814697px;\">Fundo Nacional de Desenvolvimento da Educa\u00e7\u00e3o (FNDE)<\/span><span style=\"line-height: 19.6000003814697px;\">, ao dimensionar a relev\u00e2ncia do assunto. Al\u00e9m disso, conforme ele destaca, \u201co acesso \u00e0 escola faz parte da<\/span><span style=\"line-height: 19.6000003814697px;\">garantia do direito \u00e0 educa\u00e7\u00e3o<\/span><span style=\"line-height: 19.6000003814697px;\">\u201d.<\/span><\/p>\n<p>De acordo com um levantamento feito em 2006 por pesquisadores da Universidade de Bras\u00edlia para o FNDE, em torno de 28% dos ve\u00edculos utilizados para transportar estudantes na zona rural n\u00e3o eram apropriados para levar passageiros. \u201cEram originalmente constru\u00eddos para transportar carga\u201d, explica Souza. Outro dado apurado revelou que a car\u00eancia era mais aguda na regi\u00e3o Nordeste, onde a quantidade de ve\u00edculos inadequados para transporte de escolares chegava a 60% da frota.<\/p>\n<table style=\"width: 350px;\" border=\"1\" cellspacing=\"1\" cellpadding=\"1\" align=\"right\">\n<tbody>\n<tr>\n<td>\n<p style=\"line-height: 19.6000003814697px; text-align: center;\"><span style=\"color: #00557c;\"><strong>Dica de filme<\/strong><\/span><\/p>\n<p><span style=\"line-height: 19.6000003814697px;\">\u201cA Caminho da Escola\u201d (\u201cSur le Chemin de l\u2019ecole\u201d, no t\u00edtulo original) \u00e9 um document\u00e1rio franc\u00eas, de 2013, dirigido por Pascal Plisson, que acompanha quatro crian\u00e7as de diferentes partes do mundo em sua longa jornada di\u00e1ria \u00e0 escola. O queniano Jackson, de 10 anos; o indiano Samuel, de 11 anos; a marroquina Zahira, de 12 anos; e o argentino Carlos, de 11 anos. Eles s\u00e3o uma exce\u00e7\u00e3o em um universo de 66 milh\u00f5es de crian\u00e7as que n\u00e3o v\u00e3o \u00e0 escola no mundo todo por dificuldades de acesso.<\/span><\/p>\n<p style=\"line-height: 19.6000003814697px; text-align: center;\"><span style=\"line-height: 19.6000003814697px;\">Segundo relata o diretor <a href=\"http:\/\/www.commeaucinema.com\/interviews\/sur-le-chemin-de-l-ecole-documentaire,257266\" target=\"_blank\" rel=\"noopener\">em uma entrevista<\/a>, Jackson percebeu muito cedo que a escola era sua \u00fanica chance de sobreviver. Por isso, ele caminha 15 km de manh\u00e3 e \u00e0 noite, em meio \u00e0s montanhas do Qu\u00eania, para fazer o trajeto de casa para a escola, onde, a cada ano, quatro ou cinco crian\u00e7as s\u00e3o mortas por elefantes. O cuidado que ele demonstra com sua irm\u00e3 mais nova, que o segue com seus passos apressados no percurso, tamb\u00e9m \u00e9 tocante. \u201cEla n\u00e3o pode ir para a escola sem ele, porque pode ser sequestrada e estuprada\u201d, observa Plisson.<\/span><\/p>\n<\/td>\n<\/tr>\n<\/tbody>\n<\/table>\n<p><strong><span style=\"color: #00557c;\">Fora da estrada<\/span><\/strong><\/p>\n<p><span style=\"line-height: 19.6000003814697px;\">Um dos maiores desafios do programa, que pretende garantir o transporte escolar padronizado, seguro e de qualidade para os estudantes, segundo seu coordenador, \u00e9 superar as condi\u00e7\u00f5es topogr\u00e1ficas da zona rural brasileira. \u201cTemos vias em condi\u00e7\u00f5es extremamente severas, com barrancos, buracos, at\u00e9 algumas estradas que viram rios em certas \u00e9pocas\u201d, afirma Souza. \u00c9 o caso de Uruoca, munic\u00edpio com 12 mil habitantes, no noroeste cearense que, embora tenha o clima seco caracter\u00edstico do sert\u00e3o na maior parte do ano, alaga na \u00e9poca de chuvas, afetando a popula\u00e7\u00e3o dos distritos de Campan\u00e1rio e Paracu\u00e1. A solu\u00e7\u00e3o na regi\u00e3o ainda \u00e9 o <\/span><a href=\"http:\/\/portal.mec.gov.br\/index.php?option=com_content&amp;id=18972\" target=\"_blank\" rel=\"noopener\">aluguel de canoas<\/a><span style=\"line-height: 19.6000003814697px;\">.<\/span><\/p>\n<p>Na vis\u00e3o de Souza, que tamb\u00e9m atua como professor na rede p\u00fablica de Cuiab\u00e1, no Mato Grosso, e \u00e9 de origem rural \u2013 \u201cfilho de um trabalhador rural\u201d, revela com orgulho \u2013 \u201co mundo ideal seria que nenhum estudante precisasse de transporte escolar para chegar na escola, pois sempre teria uma perto da casa dele\u201d. Mas \u00e9 preciso ponderar: \u201cLevando em conta as condi\u00e7\u00f5es em que vivemos hoje e as dimens\u00f5es do pa\u00eds, isso n\u00e3o ser\u00e1 poss\u00edvel. Teremos sempre algum estudante precisando de aux\u00edlio para chegar na escola. O que precisamos fazer \u00e9 tentar reduzir este n\u00famero, reestruturando a rede f\u00edsica\u201d.<\/p>\n<p>Ele avalia ainda que, na medida em que se conhece a realidade, sabe-se que o acesso de todos os alunos \u00e0 escola \u00e9 apenas um primeiro passo. \u201cN\u00e3o adianta apenas levar a crian\u00e7a na escola. Enquanto o prop\u00f3sito do transporte escolar \u00e9 promover o acesso do estudante, \u00e9 evidente que outras a\u00e7\u00f5es t\u00eam que complement\u00e1-lo para assegurar a qualidade em todo o processo de ensino-aprendizagem.\u201d<\/p>\n<table style=\"width: 500px;\" border=\"1\" cellspacing=\"1\" cellpadding=\"1\" align=\"center\">\n<tbody>\n<tr>\n<td>\n<p style=\"text-align: center;\"><strong><span style=\"color: #00557c;\">Dar um passo al\u00e9m<\/span><\/strong><\/p>\n<p style=\"text-align: center;\"><span style=\"line-height: 19.6000003814697px;\">Serra do Cip\u00f3, Minas Gerais: os irm\u00e3os Samuel e Alif, que vivem numa pequena fazenda na regi\u00e3o, viajam \u00e0 escola por horas a fio no lombo de um burrinho. Vila Pre\u00e1, Cear\u00e1: quatro irm\u00e3s se aprumam todos os dias e partem rumo \u00e0 escola em seu \u201cvoo\u201d di\u00e1rio pelas dunas locais na garupa do moto-t\u00e1xi Bigode. Arquip\u00e9lago de Bailique, Amap\u00e1: \u00e0 merc\u00ea da mar\u00e9, um grupo de crian\u00e7as passa a noite e a maior parte de seu dia em um barco para poder estudar. Zona rural de Pernambuco: ao atravessarem diariamente um enorme canavial para chegar \u00e0 escola, Tamires, o irm\u00e3o Tau\u00e3 e o vizinho Thamison espantam o medo com hist\u00f3rias, piadas e brincadeiras.<\/span><\/p>\n<p style=\"text-align: center;\">Esses s\u00e3o alguns dos relatos que fazem parte da <a href=\"http:\/\/www.caminhos.tv.br\/serie\/#\" target=\"_blank\" rel=\"noopener\">s\u00e9rie \u201cCaminhos\u201d<\/a>, composta de 13 epis\u00f3dios filmados no Norte, Sul, Leste e Oeste do Brasil, resultantes de uma longa pesquisa. \u201cS\u00e3o pessoas que v\u00e3o de bicicleta, de carro, de \u00f4nibus, a p\u00e9, de barco, para aprender, isso eles t\u00eam em comum\u201d, define a diretora Helo\u00edsa Passos, que contou com a parceria de K\u00e1tia Lund e Mar\u00edlia Rocha para dirigir alguns epis\u00f3dios de document\u00e1rio. \u201c<em>Caminhos<\/em> s\u00e3o v\u00e1rios trechos percorridos na tentativa de dar um passo adiante.\u201d<\/p>\n<p style=\"text-align: center;\">No in\u00edcio, o projeto tinha a ideia de retratar longos percursos, mas, assim como seus personagens, foi se transformando no caminho. \u201cO caminho ser ou n\u00e3o longo n\u00e3o era o mais importante. A gente tinha de casar o caminho f\u00edsico com o momento que aquela pessoa estava vivendo. A gente descobriu que estava lidando com quest\u00f5es muito humanas, com afeto, com a sociedade brasileira, com a quest\u00e3o rural, com a fam\u00edlia\u201d, comenta Helo\u00edsa.<\/p>\n<p style=\"text-align: center;\">Para ela, o fundamental nessas hist\u00f3rias \u00e9 que essas pessoas acreditam que podem transformar suas vidas tendo contato com outra realidade, aprendendo a escrever. E decidem mostrar isso porque t\u00eam orgulho do que fazem. \u201c\u00c9 uma hist\u00f3ria de aprendizagens\u201d, diz Helo\u00edsa, e n\u00e3o apenas porque fala de crian\u00e7as, jovens e adultos que est\u00e3o indo estudar, mas porque mostra o quanto somos iguais: \u201co que interessa mesmo \u00e9 continuar sonhando\u201d.<\/p>\n<p style=\"text-align: center;\"><span style=\"line-height: 19.6000003814697px;\"><em>Assista ao trailer da s\u00e9rie:<\/em><\/span><\/p>\n<p><iframe loading=\"lazy\" src=\"https:\/\/player.vimeo.com\/video\/36991328\" height=\"281\" width=\"500\" allowfullscreen=\"\" frameborder=\"0\"><\/iframe><\/td>\n<\/tr>\n<\/tbody>\n<\/table>\n","protected":false},"excerpt":{"rendered":"<p>O percurso de Luana e seus amigos at\u00e9 que \u00e9 breve se comparado ao dos irm\u00e3os Joel e Welleton Picolomini da Costa, ind\u00edgenas da etnia guat\u00f3, de 11 e 14 anos, que vivem na ilha \u00cdnsua, no Pantanal. Como apurou a equipe do Projeto Inf\u00e2ncias, antes mesmo de o sol nascer, eles precisam come\u00e7ar a preparar os cavalos para percorrer quatro quil\u00f4metros at\u00e9 a escola \u2013 enquanto suas irm\u00e3s preferem ir de bicicleta. As hist\u00f3rias de Luana, Joel e Welleton s\u00e3o apenas uma amostra entre os 4,6 milh\u00f5es de alunos da rede p\u00fablica de ensino que vivem na zona rural e precisam de transporte escolar para chegar \u00e0 escola. Reportagem do Promenino e Portal Aprendiz.<\/p>\n","protected":false},"author":1,"featured_media":0,"comment_status":"open","ping_status":"open","sticky":false,"template":"","format":"standard","meta":{"site-container-style":"default","site-container-layout":"default","site-sidebar-layout":"default","disable-article-header":"default","disable-site-header":"default","disable-site-footer":"default","disable-content-area-spacing":"default","footnotes":""},"categories":[6,48,33],"tags":[],"class_list":["post-27718","post","type-post","status-publish","format-standard","hentry","category-educacao","category-inclusao","category-reportagem"],"yoast_head":"<!-- This site is optimized with the Yoast SEO plugin v27.4 - https:\/\/yoast.com\/product\/yoast-seo-wordpress\/ -->\n<title>Conhe\u00e7a as trilhas e as aprendizagens de estudantes brasileiros -<\/title>\n<meta name=\"robots\" content=\"index, follow, max-snippet:-1, max-image-preview:large, max-video-preview:-1\" \/>\n<link rel=\"canonical\" href=\"https:\/\/inclusivenews.com.br\/?p=27718\" \/>\n<meta property=\"og:locale\" content=\"pt_PT\" \/>\n<meta property=\"og:type\" content=\"article\" \/>\n<meta property=\"og:title\" content=\"Conhe\u00e7a as trilhas e as aprendizagens de estudantes brasileiros -\" \/>\n<meta property=\"og:description\" content=\"O percurso de Luana e seus amigos at\u00e9 que \u00e9 breve se comparado ao dos irm\u00e3os Joel e Welleton Picolomini da Costa, ind\u00edgenas da etnia guat\u00f3, de 11 e 14 anos, que vivem na ilha \u00cdnsua, no Pantanal. Como apurou a equipe do Projeto Inf\u00e2ncias, antes mesmo de o sol nascer, eles precisam come\u00e7ar a preparar os cavalos para percorrer quatro quil\u00f4metros at\u00e9 a escola \u2013 enquanto suas irm\u00e3s preferem ir de bicicleta. As hist\u00f3rias de Luana, Joel e Welleton s\u00e3o apenas uma amostra entre os 4,6 milh\u00f5es de alunos da rede p\u00fablica de ensino que vivem na zona rural e precisam de transporte escolar para chegar \u00e0 escola. Reportagem do Promenino e Portal Aprendiz.\" \/>\n<meta property=\"og:url\" content=\"https:\/\/inclusivenews.com.br\/?p=27718\" \/>\n<meta property=\"article:publisher\" content=\"https:\/\/www.facebook.com\/agenciainclusive\/\" \/>\n<meta property=\"article:published_time\" content=\"2015-03-11T18:15:04+00:00\" \/>\n<meta property=\"og:image\" content=\"http:\/\/portal.aprendiz.uol.com.br\/wp-content\/uploads\/2015\/03\/promenino.jpg\" \/>\n<meta name=\"author\" content=\"inclusivenews2024\" \/>\n<meta name=\"twitter:card\" content=\"summary_large_image\" \/>\n<meta name=\"twitter:label1\" content=\"Escrito por\" \/>\n\t<meta name=\"twitter:data1\" content=\"inclusivenews2024\" \/>\n\t<meta name=\"twitter:label2\" content=\"Tempo estimado de leitura\" \/>\n\t<meta name=\"twitter:data2\" content=\"7 minutos\" \/>\n<script type=\"application\/ld+json\" class=\"yoast-schema-graph\">{\"@context\":\"https:\\\/\\\/schema.org\",\"@graph\":[{\"@type\":\"Article\",\"@id\":\"https:\\\/\\\/inclusivenews.com.br\\\/?p=27718#article\",\"isPartOf\":{\"@id\":\"https:\\\/\\\/inclusivenews.com.br\\\/?p=27718\"},\"author\":{\"name\":\"inclusivenews2024\",\"@id\":\"https:\\\/\\\/inclusivenews.com.br\\\/#\\\/schema\\\/person\\\/ae4ec7087559b8692fb33b6fffd2273b\"},\"headline\":\"Conhe\u00e7a as trilhas e as aprendizagens de estudantes brasileiros\",\"datePublished\":\"2015-03-11T18:15:04+00:00\",\"mainEntityOfPage\":{\"@id\":\"https:\\\/\\\/inclusivenews.com.br\\\/?p=27718\"},\"wordCount\":1487,\"commentCount\":0,\"publisher\":{\"@id\":\"https:\\\/\\\/inclusivenews.com.br\\\/#organization\"},\"image\":{\"@id\":\"https:\\\/\\\/inclusivenews.com.br\\\/?p=27718#primaryimage\"},\"thumbnailUrl\":\"http:\\\/\\\/portal.aprendiz.uol.com.br\\\/wp-content\\\/uploads\\\/2015\\\/03\\\/promenino.jpg\",\"articleSection\":[\"EDUCA\u00c7\u00c3O\",\"INCLUS\u00c3O SOCIAL\",\"Reportagem\"],\"inLanguage\":\"pt-PT\",\"potentialAction\":[{\"@type\":\"CommentAction\",\"name\":\"Comment\",\"target\":[\"https:\\\/\\\/inclusivenews.com.br\\\/?p=27718#respond\"]}]},{\"@type\":\"WebPage\",\"@id\":\"https:\\\/\\\/inclusivenews.com.br\\\/?p=27718\",\"url\":\"https:\\\/\\\/inclusivenews.com.br\\\/?p=27718\",\"name\":\"Conhe\u00e7a as trilhas e as aprendizagens de estudantes brasileiros -\",\"isPartOf\":{\"@id\":\"https:\\\/\\\/inclusivenews.com.br\\\/#website\"},\"primaryImageOfPage\":{\"@id\":\"https:\\\/\\\/inclusivenews.com.br\\\/?p=27718#primaryimage\"},\"image\":{\"@id\":\"https:\\\/\\\/inclusivenews.com.br\\\/?p=27718#primaryimage\"},\"thumbnailUrl\":\"http:\\\/\\\/portal.aprendiz.uol.com.br\\\/wp-content\\\/uploads\\\/2015\\\/03\\\/promenino.jpg\",\"datePublished\":\"2015-03-11T18:15:04+00:00\",\"breadcrumb\":{\"@id\":\"https:\\\/\\\/inclusivenews.com.br\\\/?p=27718#breadcrumb\"},\"inLanguage\":\"pt-PT\",\"potentialAction\":[{\"@type\":\"ReadAction\",\"target\":[\"https:\\\/\\\/inclusivenews.com.br\\\/?p=27718\"]}]},{\"@type\":\"ImageObject\",\"inLanguage\":\"pt-PT\",\"@id\":\"https:\\\/\\\/inclusivenews.com.br\\\/?p=27718#primaryimage\",\"url\":\"http:\\\/\\\/portal.aprendiz.uol.com.br\\\/wp-content\\\/uploads\\\/2015\\\/03\\\/promenino.jpg\",\"contentUrl\":\"http:\\\/\\\/portal.aprendiz.uol.com.br\\\/wp-content\\\/uploads\\\/2015\\\/03\\\/promenino.jpg\"},{\"@type\":\"BreadcrumbList\",\"@id\":\"https:\\\/\\\/inclusivenews.com.br\\\/?p=27718#breadcrumb\",\"itemListElement\":[{\"@type\":\"ListItem\",\"position\":1,\"name\":\"In\u00edcio\",\"item\":\"https:\\\/\\\/inclusivenews.com.br\\\/\"},{\"@type\":\"ListItem\",\"position\":2,\"name\":\"Conhe\u00e7a as trilhas e as aprendizagens de estudantes brasileiros\"}]},{\"@type\":\"WebSite\",\"@id\":\"https:\\\/\\\/inclusivenews.com.br\\\/#website\",\"url\":\"https:\\\/\\\/inclusivenews.com.br\\\/\",\"name\":\"Inclusive News\",\"description\":\"Inclusive News\",\"publisher\":{\"@id\":\"https:\\\/\\\/inclusivenews.com.br\\\/#organization\"},\"potentialAction\":[{\"@type\":\"SearchAction\",\"target\":{\"@type\":\"EntryPoint\",\"urlTemplate\":\"https:\\\/\\\/inclusivenews.com.br\\\/?s={search_term_string}\"},\"query-input\":{\"@type\":\"PropertyValueSpecification\",\"valueRequired\":true,\"valueName\":\"search_term_string\"}}],\"inLanguage\":\"pt-PT\"},{\"@type\":\"Organization\",\"@id\":\"https:\\\/\\\/inclusivenews.com.br\\\/#organization\",\"name\":\"Inclusive - inclus\u00e3o e cidadania\",\"url\":\"https:\\\/\\\/inclusivenews.com.br\\\/\",\"logo\":{\"@type\":\"ImageObject\",\"inLanguage\":\"pt-PT\",\"@id\":\"https:\\\/\\\/inclusivenews.com.br\\\/#\\\/schema\\\/logo\\\/image\\\/\",\"url\":\"https:\\\/\\\/inclusivenews.com.br\\\/wp-content\\\/uploads\\\/2024\\\/03\\\/@grandesite.png\",\"contentUrl\":\"https:\\\/\\\/inclusivenews.com.br\\\/wp-content\\\/uploads\\\/2024\\\/03\\\/@grandesite.png\",\"width\":1080,\"height\":1080,\"caption\":\"Inclusive - inclus\u00e3o e cidadania\"},\"image\":{\"@id\":\"https:\\\/\\\/inclusivenews.com.br\\\/#\\\/schema\\\/logo\\\/image\\\/\"},\"sameAs\":[\"https:\\\/\\\/www.facebook.com\\\/agenciainclusive\\\/\",\"https:\\\/\\\/www.instagram.com\\\/newsinclusive\\\/\"]},{\"@type\":\"Person\",\"@id\":\"https:\\\/\\\/inclusivenews.com.br\\\/#\\\/schema\\\/person\\\/ae4ec7087559b8692fb33b6fffd2273b\",\"name\":\"inclusivenews2024\",\"image\":{\"@type\":\"ImageObject\",\"inLanguage\":\"pt-PT\",\"@id\":\"https:\\\/\\\/secure.gravatar.com\\\/avatar\\\/c5a7ef84c66fa914f55bc4f7ce26cfa275a3b9a1c5568b907bd184fb4dde7b40?s=96&d=mm&r=g\",\"url\":\"https:\\\/\\\/secure.gravatar.com\\\/avatar\\\/c5a7ef84c66fa914f55bc4f7ce26cfa275a3b9a1c5568b907bd184fb4dde7b40?s=96&d=mm&r=g\",\"contentUrl\":\"https:\\\/\\\/secure.gravatar.com\\\/avatar\\\/c5a7ef84c66fa914f55bc4f7ce26cfa275a3b9a1c5568b907bd184fb4dde7b40?s=96&d=mm&r=g\",\"caption\":\"inclusivenews2024\"},\"sameAs\":[\"https:\\\/\\\/inclusivenews.com.br\"],\"url\":\"https:\\\/\\\/inclusivenews.com.br\\\/?author=1\"}]}<\/script>\n<!-- \/ Yoast SEO plugin. -->","yoast_head_json":{"title":"Conhe\u00e7a as trilhas e as aprendizagens de estudantes brasileiros -","robots":{"index":"index","follow":"follow","max-snippet":"max-snippet:-1","max-image-preview":"max-image-preview:large","max-video-preview":"max-video-preview:-1"},"canonical":"https:\/\/inclusivenews.com.br\/?p=27718","og_locale":"pt_PT","og_type":"article","og_title":"Conhe\u00e7a as trilhas e as aprendizagens de estudantes brasileiros -","og_description":"O percurso de Luana e seus amigos at\u00e9 que \u00e9 breve se comparado ao dos irm\u00e3os Joel e Welleton Picolomini da Costa, ind\u00edgenas da etnia guat\u00f3, de 11 e 14 anos, que vivem na ilha \u00cdnsua, no Pantanal. Como apurou a equipe do Projeto Inf\u00e2ncias, antes mesmo de o sol nascer, eles precisam come\u00e7ar a preparar os cavalos para percorrer quatro quil\u00f4metros at\u00e9 a escola \u2013 enquanto suas irm\u00e3s preferem ir de bicicleta. As hist\u00f3rias de Luana, Joel e Welleton s\u00e3o apenas uma amostra entre os 4,6 milh\u00f5es de alunos da rede p\u00fablica de ensino que vivem na zona rural e precisam de transporte escolar para chegar \u00e0 escola. Reportagem do Promenino e Portal Aprendiz.","og_url":"https:\/\/inclusivenews.com.br\/?p=27718","article_publisher":"https:\/\/www.facebook.com\/agenciainclusive\/","article_published_time":"2015-03-11T18:15:04+00:00","og_image":[{"url":"http:\/\/portal.aprendiz.uol.com.br\/wp-content\/uploads\/2015\/03\/promenino.jpg","type":"","width":"","height":""}],"author":"inclusivenews2024","twitter_card":"summary_large_image","twitter_misc":{"Escrito por":"inclusivenews2024","Tempo estimado de leitura":"7 minutos"},"schema":{"@context":"https:\/\/schema.org","@graph":[{"@type":"Article","@id":"https:\/\/inclusivenews.com.br\/?p=27718#article","isPartOf":{"@id":"https:\/\/inclusivenews.com.br\/?p=27718"},"author":{"name":"inclusivenews2024","@id":"https:\/\/inclusivenews.com.br\/#\/schema\/person\/ae4ec7087559b8692fb33b6fffd2273b"},"headline":"Conhe\u00e7a as trilhas e as aprendizagens de estudantes brasileiros","datePublished":"2015-03-11T18:15:04+00:00","mainEntityOfPage":{"@id":"https:\/\/inclusivenews.com.br\/?p=27718"},"wordCount":1487,"commentCount":0,"publisher":{"@id":"https:\/\/inclusivenews.com.br\/#organization"},"image":{"@id":"https:\/\/inclusivenews.com.br\/?p=27718#primaryimage"},"thumbnailUrl":"http:\/\/portal.aprendiz.uol.com.br\/wp-content\/uploads\/2015\/03\/promenino.jpg","articleSection":["EDUCA\u00c7\u00c3O","INCLUS\u00c3O SOCIAL","Reportagem"],"inLanguage":"pt-PT","potentialAction":[{"@type":"CommentAction","name":"Comment","target":["https:\/\/inclusivenews.com.br\/?p=27718#respond"]}]},{"@type":"WebPage","@id":"https:\/\/inclusivenews.com.br\/?p=27718","url":"https:\/\/inclusivenews.com.br\/?p=27718","name":"Conhe\u00e7a as trilhas e as aprendizagens de estudantes brasileiros -","isPartOf":{"@id":"https:\/\/inclusivenews.com.br\/#website"},"primaryImageOfPage":{"@id":"https:\/\/inclusivenews.com.br\/?p=27718#primaryimage"},"image":{"@id":"https:\/\/inclusivenews.com.br\/?p=27718#primaryimage"},"thumbnailUrl":"http:\/\/portal.aprendiz.uol.com.br\/wp-content\/uploads\/2015\/03\/promenino.jpg","datePublished":"2015-03-11T18:15:04+00:00","breadcrumb":{"@id":"https:\/\/inclusivenews.com.br\/?p=27718#breadcrumb"},"inLanguage":"pt-PT","potentialAction":[{"@type":"ReadAction","target":["https:\/\/inclusivenews.com.br\/?p=27718"]}]},{"@type":"ImageObject","inLanguage":"pt-PT","@id":"https:\/\/inclusivenews.com.br\/?p=27718#primaryimage","url":"http:\/\/portal.aprendiz.uol.com.br\/wp-content\/uploads\/2015\/03\/promenino.jpg","contentUrl":"http:\/\/portal.aprendiz.uol.com.br\/wp-content\/uploads\/2015\/03\/promenino.jpg"},{"@type":"BreadcrumbList","@id":"https:\/\/inclusivenews.com.br\/?p=27718#breadcrumb","itemListElement":[{"@type":"ListItem","position":1,"name":"In\u00edcio","item":"https:\/\/inclusivenews.com.br\/"},{"@type":"ListItem","position":2,"name":"Conhe\u00e7a as trilhas e as aprendizagens de estudantes brasileiros"}]},{"@type":"WebSite","@id":"https:\/\/inclusivenews.com.br\/#website","url":"https:\/\/inclusivenews.com.br\/","name":"Inclusive News","description":"Inclusive News","publisher":{"@id":"https:\/\/inclusivenews.com.br\/#organization"},"potentialAction":[{"@type":"SearchAction","target":{"@type":"EntryPoint","urlTemplate":"https:\/\/inclusivenews.com.br\/?s={search_term_string}"},"query-input":{"@type":"PropertyValueSpecification","valueRequired":true,"valueName":"search_term_string"}}],"inLanguage":"pt-PT"},{"@type":"Organization","@id":"https:\/\/inclusivenews.com.br\/#organization","name":"Inclusive - inclus\u00e3o e cidadania","url":"https:\/\/inclusivenews.com.br\/","logo":{"@type":"ImageObject","inLanguage":"pt-PT","@id":"https:\/\/inclusivenews.com.br\/#\/schema\/logo\/image\/","url":"https:\/\/inclusivenews.com.br\/wp-content\/uploads\/2024\/03\/@grandesite.png","contentUrl":"https:\/\/inclusivenews.com.br\/wp-content\/uploads\/2024\/03\/@grandesite.png","width":1080,"height":1080,"caption":"Inclusive - inclus\u00e3o e cidadania"},"image":{"@id":"https:\/\/inclusivenews.com.br\/#\/schema\/logo\/image\/"},"sameAs":["https:\/\/www.facebook.com\/agenciainclusive\/","https:\/\/www.instagram.com\/newsinclusive\/"]},{"@type":"Person","@id":"https:\/\/inclusivenews.com.br\/#\/schema\/person\/ae4ec7087559b8692fb33b6fffd2273b","name":"inclusivenews2024","image":{"@type":"ImageObject","inLanguage":"pt-PT","@id":"https:\/\/secure.gravatar.com\/avatar\/c5a7ef84c66fa914f55bc4f7ce26cfa275a3b9a1c5568b907bd184fb4dde7b40?s=96&d=mm&r=g","url":"https:\/\/secure.gravatar.com\/avatar\/c5a7ef84c66fa914f55bc4f7ce26cfa275a3b9a1c5568b907bd184fb4dde7b40?s=96&d=mm&r=g","contentUrl":"https:\/\/secure.gravatar.com\/avatar\/c5a7ef84c66fa914f55bc4f7ce26cfa275a3b9a1c5568b907bd184fb4dde7b40?s=96&d=mm&r=g","caption":"inclusivenews2024"},"sameAs":["https:\/\/inclusivenews.com.br"],"url":"https:\/\/inclusivenews.com.br\/?author=1"}]}},"_links":{"self":[{"href":"https:\/\/inclusivenews.com.br\/index.php?rest_route=\/wp\/v2\/posts\/27718","targetHints":{"allow":["GET"]}}],"collection":[{"href":"https:\/\/inclusivenews.com.br\/index.php?rest_route=\/wp\/v2\/posts"}],"about":[{"href":"https:\/\/inclusivenews.com.br\/index.php?rest_route=\/wp\/v2\/types\/post"}],"author":[{"embeddable":true,"href":"https:\/\/inclusivenews.com.br\/index.php?rest_route=\/wp\/v2\/users\/1"}],"replies":[{"embeddable":true,"href":"https:\/\/inclusivenews.com.br\/index.php?rest_route=%2Fwp%2Fv2%2Fcomments&post=27718"}],"version-history":[{"count":0,"href":"https:\/\/inclusivenews.com.br\/index.php?rest_route=\/wp\/v2\/posts\/27718\/revisions"}],"wp:attachment":[{"href":"https:\/\/inclusivenews.com.br\/index.php?rest_route=%2Fwp%2Fv2%2Fmedia&parent=27718"}],"wp:term":[{"taxonomy":"category","embeddable":true,"href":"https:\/\/inclusivenews.com.br\/index.php?rest_route=%2Fwp%2Fv2%2Fcategories&post=27718"},{"taxonomy":"post_tag","embeddable":true,"href":"https:\/\/inclusivenews.com.br\/index.php?rest_route=%2Fwp%2Fv2%2Ftags&post=27718"}],"curies":[{"name":"wp","href":"https:\/\/api.w.org\/{rel}","templated":true}]}}