{"id":27720,"date":"2015-03-11T15:14:54","date_gmt":"2015-03-11T18:14:54","guid":{"rendered":"http:\/\/www.inclusive.org.br\/?p=27720"},"modified":"2015-03-11T15:14:54","modified_gmt":"2015-03-11T18:14:54","slug":"inclusao-escolar-o-que-e-por-que-como-fazer","status":"publish","type":"post","link":"https:\/\/inclusivenews.com.br\/?p=27720","title":{"rendered":"Inclus\u00e3o escolar. O que \u00e9? Por qu\u00ea? Como fazer?"},"content":{"rendered":"<p><img loading=\"lazy\" decoding=\"async\" class=\"alignnone  wp-image-27721\" title=\"Capa do livro, onde se l\u00ea o t\u00edtulo e o nome da autora\" alt=\"Capa do livro, onde se l\u00ea o t\u00edtulo e o nome da autora\" src=\"http:\/\/inclusivenews.com.br\/wp-content\/uploads\/capa_mantoan.jpg\" width=\"300\" height=\"450\" \/><\/p>\n<p>De maneira clara e did\u00e1tica, Maria Teresa Egl\u00e9r Mantoan, uma das maiores especialistas em inclus\u00e3o escolar no pa\u00eds, explica o que \u00e9 educa\u00e7\u00e3o inclusiva, discute os passos necess\u00e1rios para implant\u00e1-la e ressalta suas vantagens \u2013 tanto para as pessoas com qualquer tipo de defici\u00eancia como para os alunos que n\u00e3o as t\u00eam. Obra fundamental para pais e educadores.<\/p>\n<p>A ideia de educa\u00e7\u00e3o inclusiva impulsionou, nas \u00faltimas d\u00e9cadas, mudan\u00e7as significativas na educa\u00e7\u00e3o e orientou a transforma\u00e7\u00e3o nos sistemas de ensino no Brasil. Por\u00e9m, os problemas hist\u00f3ricos quanto \u00e0 garantia do direito \u00e0 educa\u00e7\u00e3o aos estudantes com defici\u00eancia ainda n\u00e3o foram resolvidos. O que \u00e9 inclus\u00e3o escolar? Quais s\u00e3o as raz\u00f5es pelas quais ela tem sido proposta e quem s\u00e3o seus benefici\u00e1rios? Como faz\u00ea-la acontecer nas salas de aula de todos os n\u00edveis de ensino? Uma das maiores especialistas em inclus\u00e3o escolar no pa\u00eds, a pedagoga Maria Teresa Egl\u00e9r Mantoan, responde a essas e outras perguntas no livro Inclus\u00e3o escolar \u2013 O que \u00e9? Por qu\u00ea? Como fazer? (96 p., R$ 35,40), terceiro volume da Cole\u00e7\u00e3o Novas Arquiteturas Pedag\u00f3gicas, da Summus Editorial. O lan\u00e7amento acontece no dia 31 de mar\u00e7o, ter\u00e7a-feira, das 18h30 \u00e0s 21h30, na Livraria da Vila, que na Rua Fradique Coutinho, 915 \u2013 Vila Madalena, S\u00e3o Paulo.<\/p>\n<p>Baseando-se na legisla\u00e7\u00e3o mundial e brasileira, a autora analisa em profundidade o caminho percorrido at\u00e9 aqui. Segundo ela, incluir \u00e9 n\u00e3o deixar ningu\u00e9m de fora da escola comum, ensinando todas as crian\u00e7as, indistintamente. A pedagoga prop\u00f5e um deslocamento da vis\u00e3o educacional que se sente amea\u00e7ada pela inclus\u00e3o para uma perspectiva que se abre para outras formas de ensinar e avaliar a aprendizagem. Conhecendo o potencial te\u00f3rico da educa\u00e7\u00e3o inclusiva e sua implica\u00e7\u00e3o no campo da mobiliza\u00e7\u00e3o social, Maria Teresa mostra a import\u00e2ncia da an\u00e1lise do contexto escolar, para entender as dificuldades de atender a estudantes com defici\u00eancia e outros e apontar o prop\u00f3sito da inclus\u00e3o como objetivo primordial dos sistemas de ensino.<\/p>\n<p>\u201cA escola inclusiva brasileira tem s\u00f3lidas funda\u00e7\u00f5es, na lei, no vanguardismo dos que se dispuseram expandi-la, verdadeiramente imbu\u00eddos do compromisso de transform\u00e1-la, para se adequar ao nosso tempo. Eles est\u00e3o se multiplicando e surpreendendo, demonstrando a for\u00e7a desta ideia poderosa \u2013 que depende de uma expans\u00e3o r\u00e1pida dos projetos verdadeiramente imbu\u00eddos do compromisso de transformar a escola comum para se adequar aos novos tempos\u201d, afirma a pedagoga.<\/p>\n<p>Dividido em tr\u00eas cap\u00edtulos, o livro re\u00fane as ideias da autora sobre o ensinar e o aprender. Nele, ela compartilha o que viveu em sua caminhada educacional, dialogando com o leitor sobre problemas, quest\u00f5es e d\u00favidas que carrega no dia a dia de trabalho. \u201cAs transforma\u00e7\u00f5es da escola dependem de um compromisso coletivo de professores, gestores, pais e da sociedade em geral. \u00c9 dif\u00edcil o dia a dia da sala de aula. Esse desafio que enfrentamos tem limite \u2013 o da crise educacional que vivemos, tanto pessoal como coletivamente, deste of\u00edcio que exercemos\u201d, complementa.<\/p>\n<p>Para a autora, \u00e9 preciso ressignificar o papel da escola e instalar, no seu cotidiano, formas mais solid\u00e1rias e plurais de conviv\u00eancia. \u201cS\u00e3o as escolas que t\u00eam de mudar e n\u00e3o os alunos, para que estes tenham assegurado o direito de aprender, de estudar nelas. O direito \u00e0 educa\u00e7\u00e3o \u00e9 indispon\u00edvel e natural, n\u00e3o admitindo barganhas\u201d, conclui.<\/p>\n<p>Cole\u00e7\u00e3o<\/p>\n<p>Coordenada pelo professor Ulisses F. Ara\u00fajo, a Cole\u00e7\u00e3o Novas Arquiteturas Pedag\u00f3gicas tem como ponto de partida atender \u00e0s demandas e necessidades de uma sociedade democr\u00e1tica, multicultural e inclusiva, permeada pelas diferen\u00e7as e pautada no conhecimento inter, multi e transdisciplinar. Para tanto, publica livros que ajudem os profissionais da educa\u00e7\u00e3o a construir ambientes educativos inovadores, atentos a formas diferentes de organiza\u00e7\u00e3o dos tempos, espa\u00e7os e rela\u00e7\u00f5es na educa\u00e7\u00e3o. O objetivo \u00e9 auxili\u00e1-los a incorporar novas linguagens e tecnologias na sua pr\u00e1tica docente, bem como aplicar a \u00e9tica nas rela\u00e7\u00f5es humanas dentro e fora da escola.<\/p>\n<p>A autora<\/p>\n<p>Maria Teresa Egl\u00e9r Mantoan \u00e9 pedagoga. Mestre e doutora em Educa\u00e7\u00e3o pela Universidade Estadual de Campinas (Unicamp), \u00e9 coordenadora do Laborat\u00f3rio de Estudos e Pesquisas em Ensino e Diferen\u00e7a (Leped) e professora do Programa de P\u00f3s-Gradua\u00e7\u00e3o em Educa\u00e7\u00e3o da Unicamp. Membro da Ordem Nacional do M\u00e9rito Educacional pelos relevantes servi\u00e7os prestados \u00e0 educa\u00e7\u00e3o brasileira, dedica-se, nas \u00e1reas de doc\u00eancia, pesquisa e extens\u00e3o, ao direito incondicional de todos \u00e0 educa\u00e7\u00e3o e \u00e0 forma\u00e7\u00e3o inicial e continuada de professores para assegurar a inclus\u00e3o escolar de alunos com defici\u00eancia.<\/p>\n<p>T\u00edtulo: Inclus\u00e3o escolar \u2013 O que \u00e9? Por qu\u00ea? Como fazer? (Cole\u00e7\u00e3o Novas Arquiteturas Pedag\u00f3gicas)<br \/>\nAutor: Maria Teresa Egl\u00e9r Mantoan<br \/>\nEditora: Summus Editorial<br \/>\nPre\u00e7o: R$ 35,40 (E-book: R$ 22,50)<br \/>\nP\u00e1ginas: 96 (14 x 21 cm)<br \/>\nISBN: 978-85-323-0999-0<br \/>\nAtendimento ao consumidor: (11) 3865-9890<br \/>\nSite: www.summus.com.br<\/p>\n","protected":false},"excerpt":{"rendered":"<p>De maneira clara e did\u00e1tica, Maria Teresa Egl\u00e9r Mantoan, uma das maiores especialistas em inclus\u00e3o escolar no pa\u00eds, explica o que \u00e9 educa\u00e7\u00e3o inclusiva, discute os passos necess\u00e1rios para implant\u00e1-la e ressalta suas vantagens \u2013 tanto para as pessoas com qualquer tipo de defici\u00eancia como para os alunos que n\u00e3o as t\u00eam. Obra fundamental para pais e educadores.<\/p>\n","protected":false},"author":1,"featured_media":0,"comment_status":"open","ping_status":"open","sticky":false,"template":"","format":"standard","meta":{"site-container-style":"default","site-container-layout":"default","site-sidebar-layout":"default","disable-article-header":"default","disable-site-header":"default","disable-site-footer":"default","disable-content-area-spacing":"default","footnotes":""},"categories":[51,10],"tags":[320],"class_list":["post-27720","post","type-post","status-publish","format-standard","hentry","category-livros","category-publicacoes","tag-maria-teresa-egler-mantoan-educacao-inclusiva"],"yoast_head":"<!-- This site is optimized with the Yoast SEO plugin v27.4 - https:\/\/yoast.com\/product\/yoast-seo-wordpress\/ -->\n<title>Inclus\u00e3o escolar. O que \u00e9? Por qu\u00ea? Como fazer? -<\/title>\n<meta name=\"robots\" content=\"index, follow, max-snippet:-1, max-image-preview:large, max-video-preview:-1\" \/>\n<link rel=\"canonical\" href=\"https:\/\/inclusivenews.com.br\/?p=27720\" \/>\n<meta property=\"og:locale\" content=\"pt_PT\" \/>\n<meta property=\"og:type\" content=\"article\" \/>\n<meta property=\"og:title\" content=\"Inclus\u00e3o escolar. O que \u00e9? Por qu\u00ea? Como fazer? -\" \/>\n<meta property=\"og:description\" content=\"De maneira clara e did\u00e1tica, Maria Teresa Egl\u00e9r Mantoan, uma das maiores especialistas em inclus\u00e3o escolar no pa\u00eds, explica o que \u00e9 educa\u00e7\u00e3o inclusiva, discute os passos necess\u00e1rios para implant\u00e1-la e ressalta suas vantagens \u2013 tanto para as pessoas com qualquer tipo de defici\u00eancia como para os alunos que n\u00e3o as t\u00eam. Obra fundamental para pais e educadores.\" \/>\n<meta property=\"og:url\" content=\"https:\/\/inclusivenews.com.br\/?p=27720\" \/>\n<meta property=\"article:publisher\" content=\"https:\/\/www.facebook.com\/agenciainclusive\/\" \/>\n<meta property=\"article:published_time\" content=\"2015-03-11T18:14:54+00:00\" \/>\n<meta property=\"og:image\" content=\"http:\/\/inclusivenews.com.br\/wp-content\/uploads\/capa_mantoan.jpg\" \/>\n<meta name=\"author\" content=\"inclusivenews2024\" \/>\n<meta name=\"twitter:card\" content=\"summary_large_image\" \/>\n<meta name=\"twitter:label1\" content=\"Escrito por\" \/>\n\t<meta name=\"twitter:data1\" content=\"inclusivenews2024\" \/>\n\t<meta name=\"twitter:label2\" content=\"Tempo estimado de leitura\" \/>\n\t<meta name=\"twitter:data2\" content=\"4 minutos\" \/>\n<script type=\"application\/ld+json\" class=\"yoast-schema-graph\">{\"@context\":\"https:\\\/\\\/schema.org\",\"@graph\":[{\"@type\":\"Article\",\"@id\":\"https:\\\/\\\/inclusivenews.com.br\\\/?p=27720#article\",\"isPartOf\":{\"@id\":\"https:\\\/\\\/inclusivenews.com.br\\\/?p=27720\"},\"author\":{\"name\":\"inclusivenews2024\",\"@id\":\"https:\\\/\\\/inclusivenews.com.br\\\/#\\\/schema\\\/person\\\/ae4ec7087559b8692fb33b6fffd2273b\"},\"headline\":\"Inclus\u00e3o escolar. O que \u00e9? Por qu\u00ea? Como fazer?\",\"datePublished\":\"2015-03-11T18:14:54+00:00\",\"mainEntityOfPage\":{\"@id\":\"https:\\\/\\\/inclusivenews.com.br\\\/?p=27720\"},\"wordCount\":863,\"commentCount\":0,\"publisher\":{\"@id\":\"https:\\\/\\\/inclusivenews.com.br\\\/#organization\"},\"image\":{\"@id\":\"https:\\\/\\\/inclusivenews.com.br\\\/?p=27720#primaryimage\"},\"thumbnailUrl\":\"http:\\\/\\\/inclusivenews.com.br\\\/wp-content\\\/uploads\\\/capa_mantoan.jpg\",\"keywords\":[\"Maria Teresa Egl\u00e9r Mantoan. educa\u00e7\u00e3o inclusiva\"],\"articleSection\":[\"Livros\",\"PUBLICA\u00c7\u00d5ES\"],\"inLanguage\":\"pt-PT\",\"potentialAction\":[{\"@type\":\"CommentAction\",\"name\":\"Comment\",\"target\":[\"https:\\\/\\\/inclusivenews.com.br\\\/?p=27720#respond\"]}]},{\"@type\":\"WebPage\",\"@id\":\"https:\\\/\\\/inclusivenews.com.br\\\/?p=27720\",\"url\":\"https:\\\/\\\/inclusivenews.com.br\\\/?p=27720\",\"name\":\"Inclus\u00e3o escolar. O que \u00e9? Por qu\u00ea? Como fazer? -\",\"isPartOf\":{\"@id\":\"https:\\\/\\\/inclusivenews.com.br\\\/#website\"},\"primaryImageOfPage\":{\"@id\":\"https:\\\/\\\/inclusivenews.com.br\\\/?p=27720#primaryimage\"},\"image\":{\"@id\":\"https:\\\/\\\/inclusivenews.com.br\\\/?p=27720#primaryimage\"},\"thumbnailUrl\":\"http:\\\/\\\/inclusivenews.com.br\\\/wp-content\\\/uploads\\\/capa_mantoan.jpg\",\"datePublished\":\"2015-03-11T18:14:54+00:00\",\"breadcrumb\":{\"@id\":\"https:\\\/\\\/inclusivenews.com.br\\\/?p=27720#breadcrumb\"},\"inLanguage\":\"pt-PT\",\"potentialAction\":[{\"@type\":\"ReadAction\",\"target\":[\"https:\\\/\\\/inclusivenews.com.br\\\/?p=27720\"]}]},{\"@type\":\"ImageObject\",\"inLanguage\":\"pt-PT\",\"@id\":\"https:\\\/\\\/inclusivenews.com.br\\\/?p=27720#primaryimage\",\"url\":\"\",\"contentUrl\":\"\"},{\"@type\":\"BreadcrumbList\",\"@id\":\"https:\\\/\\\/inclusivenews.com.br\\\/?p=27720#breadcrumb\",\"itemListElement\":[{\"@type\":\"ListItem\",\"position\":1,\"name\":\"In\u00edcio\",\"item\":\"https:\\\/\\\/inclusivenews.com.br\\\/\"},{\"@type\":\"ListItem\",\"position\":2,\"name\":\"Inclus\u00e3o escolar. O que \u00e9? Por qu\u00ea? Como fazer?\"}]},{\"@type\":\"WebSite\",\"@id\":\"https:\\\/\\\/inclusivenews.com.br\\\/#website\",\"url\":\"https:\\\/\\\/inclusivenews.com.br\\\/\",\"name\":\"Inclusive News\",\"description\":\"Inclusive News\",\"publisher\":{\"@id\":\"https:\\\/\\\/inclusivenews.com.br\\\/#organization\"},\"potentialAction\":[{\"@type\":\"SearchAction\",\"target\":{\"@type\":\"EntryPoint\",\"urlTemplate\":\"https:\\\/\\\/inclusivenews.com.br\\\/?s={search_term_string}\"},\"query-input\":{\"@type\":\"PropertyValueSpecification\",\"valueRequired\":true,\"valueName\":\"search_term_string\"}}],\"inLanguage\":\"pt-PT\"},{\"@type\":\"Organization\",\"@id\":\"https:\\\/\\\/inclusivenews.com.br\\\/#organization\",\"name\":\"Inclusive - inclus\u00e3o e cidadania\",\"url\":\"https:\\\/\\\/inclusivenews.com.br\\\/\",\"logo\":{\"@type\":\"ImageObject\",\"inLanguage\":\"pt-PT\",\"@id\":\"https:\\\/\\\/inclusivenews.com.br\\\/#\\\/schema\\\/logo\\\/image\\\/\",\"url\":\"https:\\\/\\\/inclusivenews.com.br\\\/wp-content\\\/uploads\\\/2024\\\/03\\\/@grandesite.png\",\"contentUrl\":\"https:\\\/\\\/inclusivenews.com.br\\\/wp-content\\\/uploads\\\/2024\\\/03\\\/@grandesite.png\",\"width\":1080,\"height\":1080,\"caption\":\"Inclusive - inclus\u00e3o e cidadania\"},\"image\":{\"@id\":\"https:\\\/\\\/inclusivenews.com.br\\\/#\\\/schema\\\/logo\\\/image\\\/\"},\"sameAs\":[\"https:\\\/\\\/www.facebook.com\\\/agenciainclusive\\\/\",\"https:\\\/\\\/www.instagram.com\\\/newsinclusive\\\/\"]},{\"@type\":\"Person\",\"@id\":\"https:\\\/\\\/inclusivenews.com.br\\\/#\\\/schema\\\/person\\\/ae4ec7087559b8692fb33b6fffd2273b\",\"name\":\"inclusivenews2024\",\"image\":{\"@type\":\"ImageObject\",\"inLanguage\":\"pt-PT\",\"@id\":\"https:\\\/\\\/secure.gravatar.com\\\/avatar\\\/c5a7ef84c66fa914f55bc4f7ce26cfa275a3b9a1c5568b907bd184fb4dde7b40?s=96&d=mm&r=g\",\"url\":\"https:\\\/\\\/secure.gravatar.com\\\/avatar\\\/c5a7ef84c66fa914f55bc4f7ce26cfa275a3b9a1c5568b907bd184fb4dde7b40?s=96&d=mm&r=g\",\"contentUrl\":\"https:\\\/\\\/secure.gravatar.com\\\/avatar\\\/c5a7ef84c66fa914f55bc4f7ce26cfa275a3b9a1c5568b907bd184fb4dde7b40?s=96&d=mm&r=g\",\"caption\":\"inclusivenews2024\"},\"sameAs\":[\"https:\\\/\\\/inclusivenews.com.br\"],\"url\":\"https:\\\/\\\/inclusivenews.com.br\\\/?author=1\"}]}<\/script>\n<!-- \/ Yoast SEO plugin. -->","yoast_head_json":{"title":"Inclus\u00e3o escolar. O que \u00e9? Por qu\u00ea? Como fazer? -","robots":{"index":"index","follow":"follow","max-snippet":"max-snippet:-1","max-image-preview":"max-image-preview:large","max-video-preview":"max-video-preview:-1"},"canonical":"https:\/\/inclusivenews.com.br\/?p=27720","og_locale":"pt_PT","og_type":"article","og_title":"Inclus\u00e3o escolar. O que \u00e9? Por qu\u00ea? Como fazer? -","og_description":"De maneira clara e did\u00e1tica, Maria Teresa Egl\u00e9r Mantoan, uma das maiores especialistas em inclus\u00e3o escolar no pa\u00eds, explica o que \u00e9 educa\u00e7\u00e3o inclusiva, discute os passos necess\u00e1rios para implant\u00e1-la e ressalta suas vantagens \u2013 tanto para as pessoas com qualquer tipo de defici\u00eancia como para os alunos que n\u00e3o as t\u00eam. Obra fundamental para pais e educadores.","og_url":"https:\/\/inclusivenews.com.br\/?p=27720","article_publisher":"https:\/\/www.facebook.com\/agenciainclusive\/","article_published_time":"2015-03-11T18:14:54+00:00","og_image":[{"url":"http:\/\/inclusivenews.com.br\/wp-content\/uploads\/capa_mantoan.jpg","type":"","width":"","height":""}],"author":"inclusivenews2024","twitter_card":"summary_large_image","twitter_misc":{"Escrito por":"inclusivenews2024","Tempo estimado de leitura":"4 minutos"},"schema":{"@context":"https:\/\/schema.org","@graph":[{"@type":"Article","@id":"https:\/\/inclusivenews.com.br\/?p=27720#article","isPartOf":{"@id":"https:\/\/inclusivenews.com.br\/?p=27720"},"author":{"name":"inclusivenews2024","@id":"https:\/\/inclusivenews.com.br\/#\/schema\/person\/ae4ec7087559b8692fb33b6fffd2273b"},"headline":"Inclus\u00e3o escolar. O que \u00e9? Por qu\u00ea? Como fazer?","datePublished":"2015-03-11T18:14:54+00:00","mainEntityOfPage":{"@id":"https:\/\/inclusivenews.com.br\/?p=27720"},"wordCount":863,"commentCount":0,"publisher":{"@id":"https:\/\/inclusivenews.com.br\/#organization"},"image":{"@id":"https:\/\/inclusivenews.com.br\/?p=27720#primaryimage"},"thumbnailUrl":"http:\/\/inclusivenews.com.br\/wp-content\/uploads\/capa_mantoan.jpg","keywords":["Maria Teresa Egl\u00e9r Mantoan. educa\u00e7\u00e3o inclusiva"],"articleSection":["Livros","PUBLICA\u00c7\u00d5ES"],"inLanguage":"pt-PT","potentialAction":[{"@type":"CommentAction","name":"Comment","target":["https:\/\/inclusivenews.com.br\/?p=27720#respond"]}]},{"@type":"WebPage","@id":"https:\/\/inclusivenews.com.br\/?p=27720","url":"https:\/\/inclusivenews.com.br\/?p=27720","name":"Inclus\u00e3o escolar. O que \u00e9? Por qu\u00ea? Como fazer? -","isPartOf":{"@id":"https:\/\/inclusivenews.com.br\/#website"},"primaryImageOfPage":{"@id":"https:\/\/inclusivenews.com.br\/?p=27720#primaryimage"},"image":{"@id":"https:\/\/inclusivenews.com.br\/?p=27720#primaryimage"},"thumbnailUrl":"http:\/\/inclusivenews.com.br\/wp-content\/uploads\/capa_mantoan.jpg","datePublished":"2015-03-11T18:14:54+00:00","breadcrumb":{"@id":"https:\/\/inclusivenews.com.br\/?p=27720#breadcrumb"},"inLanguage":"pt-PT","potentialAction":[{"@type":"ReadAction","target":["https:\/\/inclusivenews.com.br\/?p=27720"]}]},{"@type":"ImageObject","inLanguage":"pt-PT","@id":"https:\/\/inclusivenews.com.br\/?p=27720#primaryimage","url":"","contentUrl":""},{"@type":"BreadcrumbList","@id":"https:\/\/inclusivenews.com.br\/?p=27720#breadcrumb","itemListElement":[{"@type":"ListItem","position":1,"name":"In\u00edcio","item":"https:\/\/inclusivenews.com.br\/"},{"@type":"ListItem","position":2,"name":"Inclus\u00e3o escolar. O que \u00e9? Por qu\u00ea? Como fazer?"}]},{"@type":"WebSite","@id":"https:\/\/inclusivenews.com.br\/#website","url":"https:\/\/inclusivenews.com.br\/","name":"Inclusive News","description":"Inclusive News","publisher":{"@id":"https:\/\/inclusivenews.com.br\/#organization"},"potentialAction":[{"@type":"SearchAction","target":{"@type":"EntryPoint","urlTemplate":"https:\/\/inclusivenews.com.br\/?s={search_term_string}"},"query-input":{"@type":"PropertyValueSpecification","valueRequired":true,"valueName":"search_term_string"}}],"inLanguage":"pt-PT"},{"@type":"Organization","@id":"https:\/\/inclusivenews.com.br\/#organization","name":"Inclusive - inclus\u00e3o e cidadania","url":"https:\/\/inclusivenews.com.br\/","logo":{"@type":"ImageObject","inLanguage":"pt-PT","@id":"https:\/\/inclusivenews.com.br\/#\/schema\/logo\/image\/","url":"https:\/\/inclusivenews.com.br\/wp-content\/uploads\/2024\/03\/@grandesite.png","contentUrl":"https:\/\/inclusivenews.com.br\/wp-content\/uploads\/2024\/03\/@grandesite.png","width":1080,"height":1080,"caption":"Inclusive - inclus\u00e3o e cidadania"},"image":{"@id":"https:\/\/inclusivenews.com.br\/#\/schema\/logo\/image\/"},"sameAs":["https:\/\/www.facebook.com\/agenciainclusive\/","https:\/\/www.instagram.com\/newsinclusive\/"]},{"@type":"Person","@id":"https:\/\/inclusivenews.com.br\/#\/schema\/person\/ae4ec7087559b8692fb33b6fffd2273b","name":"inclusivenews2024","image":{"@type":"ImageObject","inLanguage":"pt-PT","@id":"https:\/\/secure.gravatar.com\/avatar\/c5a7ef84c66fa914f55bc4f7ce26cfa275a3b9a1c5568b907bd184fb4dde7b40?s=96&d=mm&r=g","url":"https:\/\/secure.gravatar.com\/avatar\/c5a7ef84c66fa914f55bc4f7ce26cfa275a3b9a1c5568b907bd184fb4dde7b40?s=96&d=mm&r=g","contentUrl":"https:\/\/secure.gravatar.com\/avatar\/c5a7ef84c66fa914f55bc4f7ce26cfa275a3b9a1c5568b907bd184fb4dde7b40?s=96&d=mm&r=g","caption":"inclusivenews2024"},"sameAs":["https:\/\/inclusivenews.com.br"],"url":"https:\/\/inclusivenews.com.br\/?author=1"}]}},"_links":{"self":[{"href":"https:\/\/inclusivenews.com.br\/index.php?rest_route=\/wp\/v2\/posts\/27720","targetHints":{"allow":["GET"]}}],"collection":[{"href":"https:\/\/inclusivenews.com.br\/index.php?rest_route=\/wp\/v2\/posts"}],"about":[{"href":"https:\/\/inclusivenews.com.br\/index.php?rest_route=\/wp\/v2\/types\/post"}],"author":[{"embeddable":true,"href":"https:\/\/inclusivenews.com.br\/index.php?rest_route=\/wp\/v2\/users\/1"}],"replies":[{"embeddable":true,"href":"https:\/\/inclusivenews.com.br\/index.php?rest_route=%2Fwp%2Fv2%2Fcomments&post=27720"}],"version-history":[{"count":0,"href":"https:\/\/inclusivenews.com.br\/index.php?rest_route=\/wp\/v2\/posts\/27720\/revisions"}],"wp:attachment":[{"href":"https:\/\/inclusivenews.com.br\/index.php?rest_route=%2Fwp%2Fv2%2Fmedia&parent=27720"}],"wp:term":[{"taxonomy":"category","embeddable":true,"href":"https:\/\/inclusivenews.com.br\/index.php?rest_route=%2Fwp%2Fv2%2Fcategories&post=27720"},{"taxonomy":"post_tag","embeddable":true,"href":"https:\/\/inclusivenews.com.br\/index.php?rest_route=%2Fwp%2Fv2%2Ftags&post=27720"}],"curies":[{"name":"wp","href":"https:\/\/api.w.org\/{rel}","templated":true}]}}