{"id":27752,"date":"2015-03-14T10:49:12","date_gmt":"2015-03-14T13:49:12","guid":{"rendered":"http:\/\/www.inclusive.org.br\/?p=27752"},"modified":"2015-03-14T10:49:12","modified_gmt":"2015-03-14T13:49:12","slug":"oficina-sobre-os-direitos-das-pessoas-com-deficiencia-no-tst","status":"publish","type":"post","link":"https:\/\/inclusivenews.com.br\/?p=27752","title":{"rendered":"Oficina sobre os direitos das pessoas com defici\u00eancia no TST"},"content":{"rendered":"<p><b><img decoding=\"async\" alt=\"Displaying image.png\" src=\"https:\/\/mail.google.com\/mail\/u\/0\/?ui=2&amp;ik=8a8e1479a4&amp;view=fimg&amp;th=14c1881507fe1a8e&amp;attid=0.2&amp;disp=emb&amp;realattid=ii_14c186c256fe83a8&amp;attbid=ANGjdJ8K5GkxVB6lfGRN6npwBqTTFPw-wEcg_5RjFuieWKS-X6sJTXauu1OAWOGvEjmwbSiyfj_QbH0vtVZGdSF5nQS06z4gNvzFxbcrYk8X6T4--rYbxo5oY22HtJk&amp;sz=w910-h606&amp;ats=1426340727011&amp;rm=14c1881507fe1a8e&amp;zw&amp;atsh=1\" \/><\/b><\/p>\n<p>O presidente Barros Levenhagen abriu na manh\u00e3 desta sexta-feira (13), no TST, a III Oficina de Revis\u00e3o do Ordenamento Jur\u00eddico, \u00e0 luz da Conven\u00e7\u00e3o da ONU sobre os Direitos das Pessoas com Defici\u00eancia, ratificada pelo Brasil em 2009.\u00a0O objetivo do evento \u00e9 debater normas legais sobre as pessoas com defici\u00eancia, prioritariamente a defici\u00eancia intelectual, bem como propor mudan\u00e7as das regras dissonantes da Constitui\u00e7\u00e3o da Rep\u00fablica e da Conven\u00e7\u00e3o da ONU sobre seus direitos. A Oficina ir\u00e1 gerar um documento que ser\u00e1 encaminhado ao Congresso Nacional e \u00e0 Casa Civil, com o objetivo de minimizar as barreiras jur\u00eddicas ao pleno exerc\u00edcio da cidadania dessas pessoas.<b><br \/>\n<\/b><\/p>\n<p>Em seu discurso, o presidente do TST ressaltou que, &#8220;nos \u00faltimos anos, importantes medidas foram tomadas para que as pessoas com defici\u00eancia tenham seus direitos assegurados e sejam inseridas na vida social&#8221;. Entre elas, o ministro destacou a Lei n\u00ba 8.213\/91 (Lei de Cotas), que obriga as empresas com mais de 100 funcion\u00e1rios a inclu\u00edrem pessoas com defici\u00eancia ou benefici\u00e1rio reabilitado no seu quadro de efetivos, incentivando e cobrando das empresas responsabilidade legal e social, de modo a proporcionar a essas pessoas o acesso a uma vaga no mercado de trabalho em igualdade de oportunidades.<\/p>\n<p>De acordo com Barros Levenhagen, no \u00e2mbito do TST,\u00a0 recentemente, ele teve a oportunidade de reconhecer, nos autos do processo 504.755\/2013-1, a condi\u00e7\u00e3o de defici\u00eancia intelectual de pessoa com a S\u00edndrome de Down que, em raz\u00e3o disso, &#8220;teve assegurada a depend\u00eancia econ\u00f4mica postulada para fins de manuten\u00e7\u00e3o de direitos, entre eles o de continuidade no Programa de Assist\u00eancia M\u00e9dico-Odontol\u00f3gico do TST e o de dedu\u00e7\u00e3o do Imposto de Renda&#8221;.<\/p>\n<p>O presidente citou, tamb\u00e9m, o Programa TST Inclus\u00e3o, institu\u00eddo\u00a0por meio do\u00a0<a href=\"http:\/\/aplicacao.tst.jus.br\/dspace\/bitstream\/handle\/1939\/15936\/2011_ato0559.pdf?sequence=3\" target=\"_blank\" rel=\"noopener\">Ato n\u00ba 559\/GDGSET.GP, de 8 de setembro de 2011<\/a>\u00a0,\u00a0 cujo objetivo \u00e9 &#8220;implantar uma pol\u00edtica de acessibilidade das pessoas com defici\u00eancia ou mobilidade reduzida, voltada para elimina\u00e7\u00e3o de barreiras atitudinais,\u00a0psicol\u00f3gicas, f\u00edsicas e de comunica\u00e7\u00e3o no \u00e2mbito do Tribunal Superior do Trabalho&#8221;.<\/p>\n<p>Em seguida, houve o pronunciamento de Ricardo Caratti e J\u00e9ssica Mendes de Figueiredo, vice-presidente da Federa\u00e7\u00e3o Brasileira das Associa\u00e7\u00f5es de S\u00edndrome de Down (FBASD) e\u00a0 rela\u00e7\u00f5es p\u00fablicas da Federa\u00e7\u00e3o, respectivamente, que deram as boas vindas e agradeceram a participa\u00e7\u00e3o de todos.\u00a0A oficina seguiu com debates em grupos tem\u00e1ticos sobre Direito Administrativo, Constitucional, Previdenci\u00e1rio, Tribut\u00e1rio, Civil e Processual Civil.<\/p>\n<p>O evento foi organizado pela FBASD\u00a0por ocasi\u00e3o do Dia Internacional da S\u00edndrome de Down (21\/3),\u00a0e conta com o apoio institucional do CSJT e da Associa\u00e7\u00e3o Nacional de Membros do Minist\u00e9rio P\u00fablico de Defesa dos Direitos dos Idosos e Pessoas com Defici\u00eancia.<\/p>\n<p>(Viviane Gomes\/MC)<\/p>\n<p>&nbsp;<\/p>\n<p>Fonte: <span style=\"font-family: Helvetica,sans-serif;\"><a href=\"http:\/\/www.tst.jus.br\/noticias\" target=\"_blank\" rel=\"noopener\">http:\/\/www.tst.jus.br\/<wbr \/>noticias<\/a><\/span><\/p>\n","protected":false},"excerpt":{"rendered":"<p>O evento foi organizado pela FBASD por ocasi\u00e3o do Dia Internacional da S\u00edndrome de Down (21\/3).<\/p>\n","protected":false},"author":1,"featured_media":0,"comment_status":"open","ping_status":"open","sticky":false,"template":"","format":"standard","meta":{"site-container-style":"default","site-container-layout":"default","site-sidebar-layout":"default","disable-article-header":"default","disable-site-header":"default","disable-site-footer":"default","disable-content-area-spacing":"default","footnotes":""},"categories":[5,38,48,26,315],"tags":[],"class_list":["post-27752","post","type-post","status-publish","format-standard","hentry","category-convencao","category-deficiencia","category-inclusao","category-legislacao","category-wdsd-2015"],"yoast_head":"<!-- This site is optimized with the Yoast SEO plugin v27.4 - https:\/\/yoast.com\/product\/yoast-seo-wordpress\/ -->\n<title>Oficina sobre os direitos das pessoas com defici\u00eancia no TST -<\/title>\n<meta name=\"robots\" content=\"index, follow, max-snippet:-1, max-image-preview:large, max-video-preview:-1\" \/>\n<link rel=\"canonical\" href=\"https:\/\/inclusivenews.com.br\/?p=27752\" \/>\n<meta property=\"og:locale\" content=\"pt_PT\" \/>\n<meta property=\"og:type\" content=\"article\" \/>\n<meta property=\"og:title\" content=\"Oficina sobre os direitos das pessoas com defici\u00eancia no TST -\" \/>\n<meta property=\"og:description\" content=\"O evento foi organizado pela FBASD por ocasi\u00e3o do Dia Internacional da S\u00edndrome de Down (21\/3).\" \/>\n<meta property=\"og:url\" content=\"https:\/\/inclusivenews.com.br\/?p=27752\" \/>\n<meta property=\"article:publisher\" content=\"https:\/\/www.facebook.com\/agenciainclusive\/\" \/>\n<meta property=\"article:published_time\" content=\"2015-03-14T13:49:12+00:00\" \/>\n<meta property=\"og:image\" content=\"https:\/\/mail.google.com\/mail\/u\/0\/?ui=2&amp;ik=8a8e1479a4&amp;view=fimg&amp;th=14c1881507fe1a8e&amp;attid=0.2&amp;disp=emb&amp;realattid=ii_14c186c256fe83a8&amp;attbid=ANGjdJ8K5GkxVB6lfGRN6npwBqTTFPw-wEcg_5RjFuieWKS-X6sJTXauu1OAWOGvEjmwbSiyfj_QbH0vtVZGdSF5nQS06z4gNvzFxbcrYk8X6T4--rYbxo5oY22HtJk&amp;sz=w910-h606&amp;ats=1426340727011&amp;rm=14c1881507fe1a8e&amp;zw&amp;atsh=1\" \/>\n<meta name=\"author\" content=\"inclusivenews2024\" \/>\n<meta name=\"twitter:card\" content=\"summary_large_image\" \/>\n<meta name=\"twitter:label1\" content=\"Escrito por\" \/>\n\t<meta name=\"twitter:data1\" content=\"inclusivenews2024\" \/>\n\t<meta name=\"twitter:label2\" content=\"Tempo estimado de leitura\" \/>\n\t<meta name=\"twitter:data2\" content=\"2 minutos\" \/>\n<script type=\"application\/ld+json\" class=\"yoast-schema-graph\">{\"@context\":\"https:\\\/\\\/schema.org\",\"@graph\":[{\"@type\":\"Article\",\"@id\":\"https:\\\/\\\/inclusivenews.com.br\\\/?p=27752#article\",\"isPartOf\":{\"@id\":\"https:\\\/\\\/inclusivenews.com.br\\\/?p=27752\"},\"author\":{\"name\":\"inclusivenews2024\",\"@id\":\"https:\\\/\\\/inclusivenews.com.br\\\/#\\\/schema\\\/person\\\/ae4ec7087559b8692fb33b6fffd2273b\"},\"headline\":\"Oficina sobre os direitos das pessoas com defici\u00eancia no TST\",\"datePublished\":\"2015-03-14T13:49:12+00:00\",\"mainEntityOfPage\":{\"@id\":\"https:\\\/\\\/inclusivenews.com.br\\\/?p=27752\"},\"wordCount\":491,\"commentCount\":0,\"publisher\":{\"@id\":\"https:\\\/\\\/inclusivenews.com.br\\\/#organization\"},\"image\":{\"@id\":\"https:\\\/\\\/inclusivenews.com.br\\\/?p=27752#primaryimage\"},\"thumbnailUrl\":\"https:\\\/\\\/mail.google.com\\\/mail\\\/u\\\/0\\\/?ui=2&amp;ik=8a8e1479a4&amp;view=fimg&amp;th=14c1881507fe1a8e&amp;attid=0.2&amp;disp=emb&amp;realattid=ii_14c186c256fe83a8&amp;attbid=ANGjdJ8K5GkxVB6lfGRN6npwBqTTFPw-wEcg_5RjFuieWKS-X6sJTXauu1OAWOGvEjmwbSiyfj_QbH0vtVZGdSF5nQS06z4gNvzFxbcrYk8X6T4--rYbxo5oY22HtJk&amp;sz=w910-h606&amp;ats=1426340727011&amp;rm=14c1881507fe1a8e&amp;zw&amp;atsh=1\",\"articleSection\":[\"Conven\u00e7\u00e3o\",\"Defici\u00eancia\",\"INCLUS\u00c3O SOCIAL\",\"Legisla\u00e7\u00e3o ...\",\"WDSD 2015\"],\"inLanguage\":\"pt-PT\",\"potentialAction\":[{\"@type\":\"CommentAction\",\"name\":\"Comment\",\"target\":[\"https:\\\/\\\/inclusivenews.com.br\\\/?p=27752#respond\"]}]},{\"@type\":\"WebPage\",\"@id\":\"https:\\\/\\\/inclusivenews.com.br\\\/?p=27752\",\"url\":\"https:\\\/\\\/inclusivenews.com.br\\\/?p=27752\",\"name\":\"Oficina sobre os direitos das pessoas com defici\u00eancia no TST -\",\"isPartOf\":{\"@id\":\"https:\\\/\\\/inclusivenews.com.br\\\/#website\"},\"primaryImageOfPage\":{\"@id\":\"https:\\\/\\\/inclusivenews.com.br\\\/?p=27752#primaryimage\"},\"image\":{\"@id\":\"https:\\\/\\\/inclusivenews.com.br\\\/?p=27752#primaryimage\"},\"thumbnailUrl\":\"https:\\\/\\\/mail.google.com\\\/mail\\\/u\\\/0\\\/?ui=2&amp;ik=8a8e1479a4&amp;view=fimg&amp;th=14c1881507fe1a8e&amp;attid=0.2&amp;disp=emb&amp;realattid=ii_14c186c256fe83a8&amp;attbid=ANGjdJ8K5GkxVB6lfGRN6npwBqTTFPw-wEcg_5RjFuieWKS-X6sJTXauu1OAWOGvEjmwbSiyfj_QbH0vtVZGdSF5nQS06z4gNvzFxbcrYk8X6T4--rYbxo5oY22HtJk&amp;sz=w910-h606&amp;ats=1426340727011&amp;rm=14c1881507fe1a8e&amp;zw&amp;atsh=1\",\"datePublished\":\"2015-03-14T13:49:12+00:00\",\"breadcrumb\":{\"@id\":\"https:\\\/\\\/inclusivenews.com.br\\\/?p=27752#breadcrumb\"},\"inLanguage\":\"pt-PT\",\"potentialAction\":[{\"@type\":\"ReadAction\",\"target\":[\"https:\\\/\\\/inclusivenews.com.br\\\/?p=27752\"]}]},{\"@type\":\"ImageObject\",\"inLanguage\":\"pt-PT\",\"@id\":\"https:\\\/\\\/inclusivenews.com.br\\\/?p=27752#primaryimage\",\"url\":\"https:\\\/\\\/mail.google.com\\\/mail\\\/u\\\/0\\\/?ui=2&amp;ik=8a8e1479a4&amp;view=fimg&amp;th=14c1881507fe1a8e&amp;attid=0.2&amp;disp=emb&amp;realattid=ii_14c186c256fe83a8&amp;attbid=ANGjdJ8K5GkxVB6lfGRN6npwBqTTFPw-wEcg_5RjFuieWKS-X6sJTXauu1OAWOGvEjmwbSiyfj_QbH0vtVZGdSF5nQS06z4gNvzFxbcrYk8X6T4--rYbxo5oY22HtJk&amp;sz=w910-h606&amp;ats=1426340727011&amp;rm=14c1881507fe1a8e&amp;zw&amp;atsh=1\",\"contentUrl\":\"https:\\\/\\\/mail.google.com\\\/mail\\\/u\\\/0\\\/?ui=2&amp;ik=8a8e1479a4&amp;view=fimg&amp;th=14c1881507fe1a8e&amp;attid=0.2&amp;disp=emb&amp;realattid=ii_14c186c256fe83a8&amp;attbid=ANGjdJ8K5GkxVB6lfGRN6npwBqTTFPw-wEcg_5RjFuieWKS-X6sJTXauu1OAWOGvEjmwbSiyfj_QbH0vtVZGdSF5nQS06z4gNvzFxbcrYk8X6T4--rYbxo5oY22HtJk&amp;sz=w910-h606&amp;ats=1426340727011&amp;rm=14c1881507fe1a8e&amp;zw&amp;atsh=1\"},{\"@type\":\"BreadcrumbList\",\"@id\":\"https:\\\/\\\/inclusivenews.com.br\\\/?p=27752#breadcrumb\",\"itemListElement\":[{\"@type\":\"ListItem\",\"position\":1,\"name\":\"In\u00edcio\",\"item\":\"https:\\\/\\\/inclusivenews.com.br\\\/\"},{\"@type\":\"ListItem\",\"position\":2,\"name\":\"Oficina sobre os direitos das pessoas com defici\u00eancia no TST\"}]},{\"@type\":\"WebSite\",\"@id\":\"https:\\\/\\\/inclusivenews.com.br\\\/#website\",\"url\":\"https:\\\/\\\/inclusivenews.com.br\\\/\",\"name\":\"Inclusive News\",\"description\":\"Inclusive News\",\"publisher\":{\"@id\":\"https:\\\/\\\/inclusivenews.com.br\\\/#organization\"},\"potentialAction\":[{\"@type\":\"SearchAction\",\"target\":{\"@type\":\"EntryPoint\",\"urlTemplate\":\"https:\\\/\\\/inclusivenews.com.br\\\/?s={search_term_string}\"},\"query-input\":{\"@type\":\"PropertyValueSpecification\",\"valueRequired\":true,\"valueName\":\"search_term_string\"}}],\"inLanguage\":\"pt-PT\"},{\"@type\":\"Organization\",\"@id\":\"https:\\\/\\\/inclusivenews.com.br\\\/#organization\",\"name\":\"Inclusive - inclus\u00e3o e cidadania\",\"url\":\"https:\\\/\\\/inclusivenews.com.br\\\/\",\"logo\":{\"@type\":\"ImageObject\",\"inLanguage\":\"pt-PT\",\"@id\":\"https:\\\/\\\/inclusivenews.com.br\\\/#\\\/schema\\\/logo\\\/image\\\/\",\"url\":\"https:\\\/\\\/inclusivenews.com.br\\\/wp-content\\\/uploads\\\/2024\\\/03\\\/@grandesite.png\",\"contentUrl\":\"https:\\\/\\\/inclusivenews.com.br\\\/wp-content\\\/uploads\\\/2024\\\/03\\\/@grandesite.png\",\"width\":1080,\"height\":1080,\"caption\":\"Inclusive - inclus\u00e3o e cidadania\"},\"image\":{\"@id\":\"https:\\\/\\\/inclusivenews.com.br\\\/#\\\/schema\\\/logo\\\/image\\\/\"},\"sameAs\":[\"https:\\\/\\\/www.facebook.com\\\/agenciainclusive\\\/\",\"https:\\\/\\\/www.instagram.com\\\/newsinclusive\\\/\"]},{\"@type\":\"Person\",\"@id\":\"https:\\\/\\\/inclusivenews.com.br\\\/#\\\/schema\\\/person\\\/ae4ec7087559b8692fb33b6fffd2273b\",\"name\":\"inclusivenews2024\",\"image\":{\"@type\":\"ImageObject\",\"inLanguage\":\"pt-PT\",\"@id\":\"https:\\\/\\\/secure.gravatar.com\\\/avatar\\\/c5a7ef84c66fa914f55bc4f7ce26cfa275a3b9a1c5568b907bd184fb4dde7b40?s=96&d=mm&r=g\",\"url\":\"https:\\\/\\\/secure.gravatar.com\\\/avatar\\\/c5a7ef84c66fa914f55bc4f7ce26cfa275a3b9a1c5568b907bd184fb4dde7b40?s=96&d=mm&r=g\",\"contentUrl\":\"https:\\\/\\\/secure.gravatar.com\\\/avatar\\\/c5a7ef84c66fa914f55bc4f7ce26cfa275a3b9a1c5568b907bd184fb4dde7b40?s=96&d=mm&r=g\",\"caption\":\"inclusivenews2024\"},\"sameAs\":[\"https:\\\/\\\/inclusivenews.com.br\"],\"url\":\"https:\\\/\\\/inclusivenews.com.br\\\/?author=1\"}]}<\/script>\n<!-- \/ Yoast SEO plugin. -->","yoast_head_json":{"title":"Oficina sobre os direitos das pessoas com defici\u00eancia no TST -","robots":{"index":"index","follow":"follow","max-snippet":"max-snippet:-1","max-image-preview":"max-image-preview:large","max-video-preview":"max-video-preview:-1"},"canonical":"https:\/\/inclusivenews.com.br\/?p=27752","og_locale":"pt_PT","og_type":"article","og_title":"Oficina sobre os direitos das pessoas com defici\u00eancia no TST -","og_description":"O evento foi organizado pela FBASD por ocasi\u00e3o do Dia Internacional da S\u00edndrome de Down (21\/3).","og_url":"https:\/\/inclusivenews.com.br\/?p=27752","article_publisher":"https:\/\/www.facebook.com\/agenciainclusive\/","article_published_time":"2015-03-14T13:49:12+00:00","og_image":[{"url":"https:\/\/mail.google.com\/mail\/u\/0\/?ui=2&amp;ik=8a8e1479a4&amp;view=fimg&amp;th=14c1881507fe1a8e&amp;attid=0.2&amp;disp=emb&amp;realattid=ii_14c186c256fe83a8&amp;attbid=ANGjdJ8K5GkxVB6lfGRN6npwBqTTFPw-wEcg_5RjFuieWKS-X6sJTXauu1OAWOGvEjmwbSiyfj_QbH0vtVZGdSF5nQS06z4gNvzFxbcrYk8X6T4--rYbxo5oY22HtJk&amp;sz=w910-h606&amp;ats=1426340727011&amp;rm=14c1881507fe1a8e&amp;zw&amp;atsh=1","type":"","width":"","height":""}],"author":"inclusivenews2024","twitter_card":"summary_large_image","twitter_misc":{"Escrito por":"inclusivenews2024","Tempo estimado de leitura":"2 minutos"},"schema":{"@context":"https:\/\/schema.org","@graph":[{"@type":"Article","@id":"https:\/\/inclusivenews.com.br\/?p=27752#article","isPartOf":{"@id":"https:\/\/inclusivenews.com.br\/?p=27752"},"author":{"name":"inclusivenews2024","@id":"https:\/\/inclusivenews.com.br\/#\/schema\/person\/ae4ec7087559b8692fb33b6fffd2273b"},"headline":"Oficina sobre os direitos das pessoas com defici\u00eancia no TST","datePublished":"2015-03-14T13:49:12+00:00","mainEntityOfPage":{"@id":"https:\/\/inclusivenews.com.br\/?p=27752"},"wordCount":491,"commentCount":0,"publisher":{"@id":"https:\/\/inclusivenews.com.br\/#organization"},"image":{"@id":"https:\/\/inclusivenews.com.br\/?p=27752#primaryimage"},"thumbnailUrl":"https:\/\/mail.google.com\/mail\/u\/0\/?ui=2&amp;ik=8a8e1479a4&amp;view=fimg&amp;th=14c1881507fe1a8e&amp;attid=0.2&amp;disp=emb&amp;realattid=ii_14c186c256fe83a8&amp;attbid=ANGjdJ8K5GkxVB6lfGRN6npwBqTTFPw-wEcg_5RjFuieWKS-X6sJTXauu1OAWOGvEjmwbSiyfj_QbH0vtVZGdSF5nQS06z4gNvzFxbcrYk8X6T4--rYbxo5oY22HtJk&amp;sz=w910-h606&amp;ats=1426340727011&amp;rm=14c1881507fe1a8e&amp;zw&amp;atsh=1","articleSection":["Conven\u00e7\u00e3o","Defici\u00eancia","INCLUS\u00c3O SOCIAL","Legisla\u00e7\u00e3o ...","WDSD 2015"],"inLanguage":"pt-PT","potentialAction":[{"@type":"CommentAction","name":"Comment","target":["https:\/\/inclusivenews.com.br\/?p=27752#respond"]}]},{"@type":"WebPage","@id":"https:\/\/inclusivenews.com.br\/?p=27752","url":"https:\/\/inclusivenews.com.br\/?p=27752","name":"Oficina sobre os direitos das pessoas com defici\u00eancia no TST -","isPartOf":{"@id":"https:\/\/inclusivenews.com.br\/#website"},"primaryImageOfPage":{"@id":"https:\/\/inclusivenews.com.br\/?p=27752#primaryimage"},"image":{"@id":"https:\/\/inclusivenews.com.br\/?p=27752#primaryimage"},"thumbnailUrl":"https:\/\/mail.google.com\/mail\/u\/0\/?ui=2&amp;ik=8a8e1479a4&amp;view=fimg&amp;th=14c1881507fe1a8e&amp;attid=0.2&amp;disp=emb&amp;realattid=ii_14c186c256fe83a8&amp;attbid=ANGjdJ8K5GkxVB6lfGRN6npwBqTTFPw-wEcg_5RjFuieWKS-X6sJTXauu1OAWOGvEjmwbSiyfj_QbH0vtVZGdSF5nQS06z4gNvzFxbcrYk8X6T4--rYbxo5oY22HtJk&amp;sz=w910-h606&amp;ats=1426340727011&amp;rm=14c1881507fe1a8e&amp;zw&amp;atsh=1","datePublished":"2015-03-14T13:49:12+00:00","breadcrumb":{"@id":"https:\/\/inclusivenews.com.br\/?p=27752#breadcrumb"},"inLanguage":"pt-PT","potentialAction":[{"@type":"ReadAction","target":["https:\/\/inclusivenews.com.br\/?p=27752"]}]},{"@type":"ImageObject","inLanguage":"pt-PT","@id":"https:\/\/inclusivenews.com.br\/?p=27752#primaryimage","url":"https:\/\/mail.google.com\/mail\/u\/0\/?ui=2&amp;ik=8a8e1479a4&amp;view=fimg&amp;th=14c1881507fe1a8e&amp;attid=0.2&amp;disp=emb&amp;realattid=ii_14c186c256fe83a8&amp;attbid=ANGjdJ8K5GkxVB6lfGRN6npwBqTTFPw-wEcg_5RjFuieWKS-X6sJTXauu1OAWOGvEjmwbSiyfj_QbH0vtVZGdSF5nQS06z4gNvzFxbcrYk8X6T4--rYbxo5oY22HtJk&amp;sz=w910-h606&amp;ats=1426340727011&amp;rm=14c1881507fe1a8e&amp;zw&amp;atsh=1","contentUrl":"https:\/\/mail.google.com\/mail\/u\/0\/?ui=2&amp;ik=8a8e1479a4&amp;view=fimg&amp;th=14c1881507fe1a8e&amp;attid=0.2&amp;disp=emb&amp;realattid=ii_14c186c256fe83a8&amp;attbid=ANGjdJ8K5GkxVB6lfGRN6npwBqTTFPw-wEcg_5RjFuieWKS-X6sJTXauu1OAWOGvEjmwbSiyfj_QbH0vtVZGdSF5nQS06z4gNvzFxbcrYk8X6T4--rYbxo5oY22HtJk&amp;sz=w910-h606&amp;ats=1426340727011&amp;rm=14c1881507fe1a8e&amp;zw&amp;atsh=1"},{"@type":"BreadcrumbList","@id":"https:\/\/inclusivenews.com.br\/?p=27752#breadcrumb","itemListElement":[{"@type":"ListItem","position":1,"name":"In\u00edcio","item":"https:\/\/inclusivenews.com.br\/"},{"@type":"ListItem","position":2,"name":"Oficina sobre os direitos das pessoas com defici\u00eancia no TST"}]},{"@type":"WebSite","@id":"https:\/\/inclusivenews.com.br\/#website","url":"https:\/\/inclusivenews.com.br\/","name":"Inclusive News","description":"Inclusive News","publisher":{"@id":"https:\/\/inclusivenews.com.br\/#organization"},"potentialAction":[{"@type":"SearchAction","target":{"@type":"EntryPoint","urlTemplate":"https:\/\/inclusivenews.com.br\/?s={search_term_string}"},"query-input":{"@type":"PropertyValueSpecification","valueRequired":true,"valueName":"search_term_string"}}],"inLanguage":"pt-PT"},{"@type":"Organization","@id":"https:\/\/inclusivenews.com.br\/#organization","name":"Inclusive - inclus\u00e3o e cidadania","url":"https:\/\/inclusivenews.com.br\/","logo":{"@type":"ImageObject","inLanguage":"pt-PT","@id":"https:\/\/inclusivenews.com.br\/#\/schema\/logo\/image\/","url":"https:\/\/inclusivenews.com.br\/wp-content\/uploads\/2024\/03\/@grandesite.png","contentUrl":"https:\/\/inclusivenews.com.br\/wp-content\/uploads\/2024\/03\/@grandesite.png","width":1080,"height":1080,"caption":"Inclusive - inclus\u00e3o e cidadania"},"image":{"@id":"https:\/\/inclusivenews.com.br\/#\/schema\/logo\/image\/"},"sameAs":["https:\/\/www.facebook.com\/agenciainclusive\/","https:\/\/www.instagram.com\/newsinclusive\/"]},{"@type":"Person","@id":"https:\/\/inclusivenews.com.br\/#\/schema\/person\/ae4ec7087559b8692fb33b6fffd2273b","name":"inclusivenews2024","image":{"@type":"ImageObject","inLanguage":"pt-PT","@id":"https:\/\/secure.gravatar.com\/avatar\/c5a7ef84c66fa914f55bc4f7ce26cfa275a3b9a1c5568b907bd184fb4dde7b40?s=96&d=mm&r=g","url":"https:\/\/secure.gravatar.com\/avatar\/c5a7ef84c66fa914f55bc4f7ce26cfa275a3b9a1c5568b907bd184fb4dde7b40?s=96&d=mm&r=g","contentUrl":"https:\/\/secure.gravatar.com\/avatar\/c5a7ef84c66fa914f55bc4f7ce26cfa275a3b9a1c5568b907bd184fb4dde7b40?s=96&d=mm&r=g","caption":"inclusivenews2024"},"sameAs":["https:\/\/inclusivenews.com.br"],"url":"https:\/\/inclusivenews.com.br\/?author=1"}]}},"_links":{"self":[{"href":"https:\/\/inclusivenews.com.br\/index.php?rest_route=\/wp\/v2\/posts\/27752","targetHints":{"allow":["GET"]}}],"collection":[{"href":"https:\/\/inclusivenews.com.br\/index.php?rest_route=\/wp\/v2\/posts"}],"about":[{"href":"https:\/\/inclusivenews.com.br\/index.php?rest_route=\/wp\/v2\/types\/post"}],"author":[{"embeddable":true,"href":"https:\/\/inclusivenews.com.br\/index.php?rest_route=\/wp\/v2\/users\/1"}],"replies":[{"embeddable":true,"href":"https:\/\/inclusivenews.com.br\/index.php?rest_route=%2Fwp%2Fv2%2Fcomments&post=27752"}],"version-history":[{"count":0,"href":"https:\/\/inclusivenews.com.br\/index.php?rest_route=\/wp\/v2\/posts\/27752\/revisions"}],"wp:attachment":[{"href":"https:\/\/inclusivenews.com.br\/index.php?rest_route=%2Fwp%2Fv2%2Fmedia&parent=27752"}],"wp:term":[{"taxonomy":"category","embeddable":true,"href":"https:\/\/inclusivenews.com.br\/index.php?rest_route=%2Fwp%2Fv2%2Fcategories&post=27752"},{"taxonomy":"post_tag","embeddable":true,"href":"https:\/\/inclusivenews.com.br\/index.php?rest_route=%2Fwp%2Fv2%2Ftags&post=27752"}],"curies":[{"name":"wp","href":"https:\/\/api.w.org\/{rel}","templated":true}]}}