{"id":27785,"date":"2015-03-17T19:48:34","date_gmt":"2015-03-17T22:48:34","guid":{"rendered":"http:\/\/www.inclusive.org.br\/?p=27785"},"modified":"2015-03-17T19:48:34","modified_gmt":"2015-03-17T22:48:34","slug":"romario-sera-relator-do-estatuto-da-pessoa-com-deficiencia-no-senado","status":"publish","type":"post","link":"https:\/\/inclusivenews.com.br\/?p=27785","title":{"rendered":"Rom\u00e1rio ser\u00e1 relator do Estatuto da Pessoa com Defici\u00eancia no Senado"},"content":{"rendered":"<p><em>A proposta trata de v\u00e1rios aspectos do cotidiano da pessoa com defici\u00eancia, como o acesso ao transporte, \u00e0 moradia, educa\u00e7\u00e3o e trabalho.<\/em><\/p>\n<p><img loading=\"lazy\" decoding=\"async\" class=\" alignnone\" title=\"Deputado Rom\u00e1rio falando com uso de microfone.\" alt=\"Deputado Rom\u00e1rio falando com uso de microfone.\" src=\"http:\/\/netflu.com.br\/wp-content\/uploads\/2014\/03\/ROMARIO2-300x284.jpg\" width=\"270\" height=\"256\" \/><\/p>\n<p>Em reuni\u00e3o na tarde de quarta-feira, dia 11, na presid\u00eancia do Senado Federal, ficou definido que o senador Rom\u00e1rio vai relatar o projeto de Lei que institui o Estatuto da Pessoa com Defici\u00eancia. O texto foi aprovado na \u00faltima semana na C\u00e2mara dos Deputados.<\/p>\n<p align=\"justify\">A not\u00edcia foi dada durante a reuni\u00e3o pelo presidente Renan Calheiros, na presen\u00e7a do autor da proposta, senador Paulo Paim, e da relatora na C\u00e2mara, deputada Mara Gabrilli. Aprovado h\u00e1 quase 10 anos no Senado, o texto volta a Casa para uma revis\u00e3o final.<\/p>\n<p align=\"justify\">&#8211; Estou muito animado com a miss\u00e3o. A nova Lei de Inclus\u00e3o da Pessoa com Defici\u00eancia \u00e9 esperada h\u00e1 muitos anos por, pelo menos, 45 milh\u00f5es de brasileiros. A Mara Gabrilli fez um trabalho de excel\u00eancia na C\u00e2mara, ouvindo a popula\u00e7\u00e3o, agregando todos os projetos que tramitavam na C\u00e2mara sobre o tema &#8211; declarou o senador Rom\u00e1rio.<\/p>\n<p align=\"justify\">A tramita\u00e7\u00e3o no Senado ser\u00e1 r\u00e1pida. Durante a reuni\u00e3o, Renan decidiu que o texto ser\u00e1 relatado em Plen\u00e1rio, sem necessidade de passar por tr\u00eas comiss\u00f5es. Rom\u00e1rio ter\u00e1 reuni\u00f5es nos pr\u00f3ximos dias sobre o projeto.<\/p>\n<p align=\"justify\">A proposta trata de v\u00e1rios aspectos do cotidiano da pessoa com defici\u00eancia, como o acesso ao transporte, \u00e0 moradia, educa\u00e7\u00e3o e trabalho. O texto determina, por exemplo, que programas de habita\u00e7\u00e3o reservem 3% das unidades habitacionais a pessoas com defici\u00eancia.<\/p>\n<p align=\"justify\">Uma das inova\u00e7\u00f5es do projeto \u00e9 a cria\u00e7\u00e3o do aux\u00edlio-inclus\u00e3o, a ser pago \u00e0 pessoa com defici\u00eancia moderada ou grave que entrar no mercado de trabalho. O texto tamb\u00e9m define pena de um a tr\u00eas anos de reclus\u00e3o para quem discriminar as pessoas com defici\u00eancia.<\/p>\n<p align=\"justify\">Fonte: Jornal Extra<\/p>\n","protected":false},"excerpt":{"rendered":"<p>A proposta trata de v\u00e1rios aspectos do cotidiano da pessoa com defici\u00eancia, como o acesso ao transporte, \u00e0 moradia, educa\u00e7\u00e3o e trabalho.<\/p>\n","protected":false},"author":1,"featured_media":0,"comment_status":"open","ping_status":"open","sticky":false,"template":"","format":"standard","meta":{"site-container-style":"default","site-container-layout":"default","site-sidebar-layout":"default","disable-article-header":"default","disable-site-header":"default","disable-site-footer":"default","disable-content-area-spacing":"default","footnotes":""},"categories":[38,48,26],"tags":[],"class_list":["post-27785","post","type-post","status-publish","format-standard","hentry","category-deficiencia","category-inclusao","category-legislacao"],"yoast_head":"<!-- This site is optimized with the Yoast SEO plugin v27.4 - https:\/\/yoast.com\/product\/yoast-seo-wordpress\/ -->\n<title>Rom\u00e1rio ser\u00e1 relator do Estatuto da Pessoa com Defici\u00eancia no Senado -<\/title>\n<meta name=\"robots\" content=\"index, follow, max-snippet:-1, max-image-preview:large, max-video-preview:-1\" \/>\n<link rel=\"canonical\" href=\"https:\/\/inclusivenews.com.br\/?p=27785\" \/>\n<meta property=\"og:locale\" content=\"pt_PT\" \/>\n<meta property=\"og:type\" content=\"article\" \/>\n<meta property=\"og:title\" content=\"Rom\u00e1rio ser\u00e1 relator do Estatuto da Pessoa com Defici\u00eancia no Senado -\" \/>\n<meta property=\"og:description\" content=\"A proposta trata de v\u00e1rios aspectos do cotidiano da pessoa com defici\u00eancia, como o acesso ao transporte, \u00e0 moradia, educa\u00e7\u00e3o e trabalho.\" \/>\n<meta property=\"og:url\" content=\"https:\/\/inclusivenews.com.br\/?p=27785\" \/>\n<meta property=\"article:publisher\" content=\"https:\/\/www.facebook.com\/agenciainclusive\/\" \/>\n<meta property=\"article:published_time\" content=\"2015-03-17T22:48:34+00:00\" \/>\n<meta property=\"og:image\" content=\"http:\/\/netflu.com.br\/wp-content\/uploads\/2014\/03\/ROMARIO2-300x284.jpg\" \/>\n<meta name=\"author\" content=\"inclusivenews2024\" \/>\n<meta name=\"twitter:card\" content=\"summary_large_image\" \/>\n<meta name=\"twitter:label1\" content=\"Escrito por\" \/>\n\t<meta name=\"twitter:data1\" content=\"inclusivenews2024\" \/>\n\t<meta name=\"twitter:label2\" content=\"Tempo estimado de leitura\" \/>\n\t<meta name=\"twitter:data2\" content=\"2 minutos\" \/>\n<script type=\"application\/ld+json\" class=\"yoast-schema-graph\">{\"@context\":\"https:\\\/\\\/schema.org\",\"@graph\":[{\"@type\":\"Article\",\"@id\":\"https:\\\/\\\/inclusivenews.com.br\\\/?p=27785#article\",\"isPartOf\":{\"@id\":\"https:\\\/\\\/inclusivenews.com.br\\\/?p=27785\"},\"author\":{\"name\":\"inclusivenews2024\",\"@id\":\"https:\\\/\\\/inclusivenews.com.br\\\/#\\\/schema\\\/person\\\/ae4ec7087559b8692fb33b6fffd2273b\"},\"headline\":\"Rom\u00e1rio ser\u00e1 relator do Estatuto da Pessoa com Defici\u00eancia no Senado\",\"datePublished\":\"2015-03-17T22:48:34+00:00\",\"mainEntityOfPage\":{\"@id\":\"https:\\\/\\\/inclusivenews.com.br\\\/?p=27785\"},\"wordCount\":338,\"commentCount\":0,\"publisher\":{\"@id\":\"https:\\\/\\\/inclusivenews.com.br\\\/#organization\"},\"image\":{\"@id\":\"https:\\\/\\\/inclusivenews.com.br\\\/?p=27785#primaryimage\"},\"thumbnailUrl\":\"http:\\\/\\\/netflu.com.br\\\/wp-content\\\/uploads\\\/2014\\\/03\\\/ROMARIO2-300x284.jpg\",\"articleSection\":[\"Defici\u00eancia\",\"INCLUS\u00c3O SOCIAL\",\"Legisla\u00e7\u00e3o ...\"],\"inLanguage\":\"pt-PT\",\"potentialAction\":[{\"@type\":\"CommentAction\",\"name\":\"Comment\",\"target\":[\"https:\\\/\\\/inclusivenews.com.br\\\/?p=27785#respond\"]}]},{\"@type\":\"WebPage\",\"@id\":\"https:\\\/\\\/inclusivenews.com.br\\\/?p=27785\",\"url\":\"https:\\\/\\\/inclusivenews.com.br\\\/?p=27785\",\"name\":\"Rom\u00e1rio ser\u00e1 relator do Estatuto da Pessoa com Defici\u00eancia no Senado -\",\"isPartOf\":{\"@id\":\"https:\\\/\\\/inclusivenews.com.br\\\/#website\"},\"primaryImageOfPage\":{\"@id\":\"https:\\\/\\\/inclusivenews.com.br\\\/?p=27785#primaryimage\"},\"image\":{\"@id\":\"https:\\\/\\\/inclusivenews.com.br\\\/?p=27785#primaryimage\"},\"thumbnailUrl\":\"http:\\\/\\\/netflu.com.br\\\/wp-content\\\/uploads\\\/2014\\\/03\\\/ROMARIO2-300x284.jpg\",\"datePublished\":\"2015-03-17T22:48:34+00:00\",\"breadcrumb\":{\"@id\":\"https:\\\/\\\/inclusivenews.com.br\\\/?p=27785#breadcrumb\"},\"inLanguage\":\"pt-PT\",\"potentialAction\":[{\"@type\":\"ReadAction\",\"target\":[\"https:\\\/\\\/inclusivenews.com.br\\\/?p=27785\"]}]},{\"@type\":\"ImageObject\",\"inLanguage\":\"pt-PT\",\"@id\":\"https:\\\/\\\/inclusivenews.com.br\\\/?p=27785#primaryimage\",\"url\":\"http:\\\/\\\/netflu.com.br\\\/wp-content\\\/uploads\\\/2014\\\/03\\\/ROMARIO2-300x284.jpg\",\"contentUrl\":\"http:\\\/\\\/netflu.com.br\\\/wp-content\\\/uploads\\\/2014\\\/03\\\/ROMARIO2-300x284.jpg\"},{\"@type\":\"BreadcrumbList\",\"@id\":\"https:\\\/\\\/inclusivenews.com.br\\\/?p=27785#breadcrumb\",\"itemListElement\":[{\"@type\":\"ListItem\",\"position\":1,\"name\":\"In\u00edcio\",\"item\":\"https:\\\/\\\/inclusivenews.com.br\\\/\"},{\"@type\":\"ListItem\",\"position\":2,\"name\":\"Rom\u00e1rio ser\u00e1 relator do Estatuto da Pessoa com Defici\u00eancia no Senado\"}]},{\"@type\":\"WebSite\",\"@id\":\"https:\\\/\\\/inclusivenews.com.br\\\/#website\",\"url\":\"https:\\\/\\\/inclusivenews.com.br\\\/\",\"name\":\"Inclusive News\",\"description\":\"Inclusive News\",\"publisher\":{\"@id\":\"https:\\\/\\\/inclusivenews.com.br\\\/#organization\"},\"potentialAction\":[{\"@type\":\"SearchAction\",\"target\":{\"@type\":\"EntryPoint\",\"urlTemplate\":\"https:\\\/\\\/inclusivenews.com.br\\\/?s={search_term_string}\"},\"query-input\":{\"@type\":\"PropertyValueSpecification\",\"valueRequired\":true,\"valueName\":\"search_term_string\"}}],\"inLanguage\":\"pt-PT\"},{\"@type\":\"Organization\",\"@id\":\"https:\\\/\\\/inclusivenews.com.br\\\/#organization\",\"name\":\"Inclusive - inclus\u00e3o e cidadania\",\"url\":\"https:\\\/\\\/inclusivenews.com.br\\\/\",\"logo\":{\"@type\":\"ImageObject\",\"inLanguage\":\"pt-PT\",\"@id\":\"https:\\\/\\\/inclusivenews.com.br\\\/#\\\/schema\\\/logo\\\/image\\\/\",\"url\":\"https:\\\/\\\/inclusivenews.com.br\\\/wp-content\\\/uploads\\\/2024\\\/03\\\/@grandesite.png\",\"contentUrl\":\"https:\\\/\\\/inclusivenews.com.br\\\/wp-content\\\/uploads\\\/2024\\\/03\\\/@grandesite.png\",\"width\":1080,\"height\":1080,\"caption\":\"Inclusive - inclus\u00e3o e cidadania\"},\"image\":{\"@id\":\"https:\\\/\\\/inclusivenews.com.br\\\/#\\\/schema\\\/logo\\\/image\\\/\"},\"sameAs\":[\"https:\\\/\\\/www.facebook.com\\\/agenciainclusive\\\/\",\"https:\\\/\\\/www.instagram.com\\\/newsinclusive\\\/\"]},{\"@type\":\"Person\",\"@id\":\"https:\\\/\\\/inclusivenews.com.br\\\/#\\\/schema\\\/person\\\/ae4ec7087559b8692fb33b6fffd2273b\",\"name\":\"inclusivenews2024\",\"image\":{\"@type\":\"ImageObject\",\"inLanguage\":\"pt-PT\",\"@id\":\"https:\\\/\\\/secure.gravatar.com\\\/avatar\\\/c5a7ef84c66fa914f55bc4f7ce26cfa275a3b9a1c5568b907bd184fb4dde7b40?s=96&d=mm&r=g\",\"url\":\"https:\\\/\\\/secure.gravatar.com\\\/avatar\\\/c5a7ef84c66fa914f55bc4f7ce26cfa275a3b9a1c5568b907bd184fb4dde7b40?s=96&d=mm&r=g\",\"contentUrl\":\"https:\\\/\\\/secure.gravatar.com\\\/avatar\\\/c5a7ef84c66fa914f55bc4f7ce26cfa275a3b9a1c5568b907bd184fb4dde7b40?s=96&d=mm&r=g\",\"caption\":\"inclusivenews2024\"},\"sameAs\":[\"https:\\\/\\\/inclusivenews.com.br\"],\"url\":\"https:\\\/\\\/inclusivenews.com.br\\\/?author=1\"}]}<\/script>\n<!-- \/ Yoast SEO plugin. -->","yoast_head_json":{"title":"Rom\u00e1rio ser\u00e1 relator do Estatuto da Pessoa com Defici\u00eancia no Senado -","robots":{"index":"index","follow":"follow","max-snippet":"max-snippet:-1","max-image-preview":"max-image-preview:large","max-video-preview":"max-video-preview:-1"},"canonical":"https:\/\/inclusivenews.com.br\/?p=27785","og_locale":"pt_PT","og_type":"article","og_title":"Rom\u00e1rio ser\u00e1 relator do Estatuto da Pessoa com Defici\u00eancia no Senado -","og_description":"A proposta trata de v\u00e1rios aspectos do cotidiano da pessoa com defici\u00eancia, como o acesso ao transporte, \u00e0 moradia, educa\u00e7\u00e3o e trabalho.","og_url":"https:\/\/inclusivenews.com.br\/?p=27785","article_publisher":"https:\/\/www.facebook.com\/agenciainclusive\/","article_published_time":"2015-03-17T22:48:34+00:00","og_image":[{"url":"http:\/\/netflu.com.br\/wp-content\/uploads\/2014\/03\/ROMARIO2-300x284.jpg","type":"","width":"","height":""}],"author":"inclusivenews2024","twitter_card":"summary_large_image","twitter_misc":{"Escrito por":"inclusivenews2024","Tempo estimado de leitura":"2 minutos"},"schema":{"@context":"https:\/\/schema.org","@graph":[{"@type":"Article","@id":"https:\/\/inclusivenews.com.br\/?p=27785#article","isPartOf":{"@id":"https:\/\/inclusivenews.com.br\/?p=27785"},"author":{"name":"inclusivenews2024","@id":"https:\/\/inclusivenews.com.br\/#\/schema\/person\/ae4ec7087559b8692fb33b6fffd2273b"},"headline":"Rom\u00e1rio ser\u00e1 relator do Estatuto da Pessoa com Defici\u00eancia no Senado","datePublished":"2015-03-17T22:48:34+00:00","mainEntityOfPage":{"@id":"https:\/\/inclusivenews.com.br\/?p=27785"},"wordCount":338,"commentCount":0,"publisher":{"@id":"https:\/\/inclusivenews.com.br\/#organization"},"image":{"@id":"https:\/\/inclusivenews.com.br\/?p=27785#primaryimage"},"thumbnailUrl":"http:\/\/netflu.com.br\/wp-content\/uploads\/2014\/03\/ROMARIO2-300x284.jpg","articleSection":["Defici\u00eancia","INCLUS\u00c3O SOCIAL","Legisla\u00e7\u00e3o ..."],"inLanguage":"pt-PT","potentialAction":[{"@type":"CommentAction","name":"Comment","target":["https:\/\/inclusivenews.com.br\/?p=27785#respond"]}]},{"@type":"WebPage","@id":"https:\/\/inclusivenews.com.br\/?p=27785","url":"https:\/\/inclusivenews.com.br\/?p=27785","name":"Rom\u00e1rio ser\u00e1 relator do Estatuto da Pessoa com Defici\u00eancia no Senado -","isPartOf":{"@id":"https:\/\/inclusivenews.com.br\/#website"},"primaryImageOfPage":{"@id":"https:\/\/inclusivenews.com.br\/?p=27785#primaryimage"},"image":{"@id":"https:\/\/inclusivenews.com.br\/?p=27785#primaryimage"},"thumbnailUrl":"http:\/\/netflu.com.br\/wp-content\/uploads\/2014\/03\/ROMARIO2-300x284.jpg","datePublished":"2015-03-17T22:48:34+00:00","breadcrumb":{"@id":"https:\/\/inclusivenews.com.br\/?p=27785#breadcrumb"},"inLanguage":"pt-PT","potentialAction":[{"@type":"ReadAction","target":["https:\/\/inclusivenews.com.br\/?p=27785"]}]},{"@type":"ImageObject","inLanguage":"pt-PT","@id":"https:\/\/inclusivenews.com.br\/?p=27785#primaryimage","url":"http:\/\/netflu.com.br\/wp-content\/uploads\/2014\/03\/ROMARIO2-300x284.jpg","contentUrl":"http:\/\/netflu.com.br\/wp-content\/uploads\/2014\/03\/ROMARIO2-300x284.jpg"},{"@type":"BreadcrumbList","@id":"https:\/\/inclusivenews.com.br\/?p=27785#breadcrumb","itemListElement":[{"@type":"ListItem","position":1,"name":"In\u00edcio","item":"https:\/\/inclusivenews.com.br\/"},{"@type":"ListItem","position":2,"name":"Rom\u00e1rio ser\u00e1 relator do Estatuto da Pessoa com Defici\u00eancia no Senado"}]},{"@type":"WebSite","@id":"https:\/\/inclusivenews.com.br\/#website","url":"https:\/\/inclusivenews.com.br\/","name":"Inclusive News","description":"Inclusive News","publisher":{"@id":"https:\/\/inclusivenews.com.br\/#organization"},"potentialAction":[{"@type":"SearchAction","target":{"@type":"EntryPoint","urlTemplate":"https:\/\/inclusivenews.com.br\/?s={search_term_string}"},"query-input":{"@type":"PropertyValueSpecification","valueRequired":true,"valueName":"search_term_string"}}],"inLanguage":"pt-PT"},{"@type":"Organization","@id":"https:\/\/inclusivenews.com.br\/#organization","name":"Inclusive - inclus\u00e3o e cidadania","url":"https:\/\/inclusivenews.com.br\/","logo":{"@type":"ImageObject","inLanguage":"pt-PT","@id":"https:\/\/inclusivenews.com.br\/#\/schema\/logo\/image\/","url":"https:\/\/inclusivenews.com.br\/wp-content\/uploads\/2024\/03\/@grandesite.png","contentUrl":"https:\/\/inclusivenews.com.br\/wp-content\/uploads\/2024\/03\/@grandesite.png","width":1080,"height":1080,"caption":"Inclusive - inclus\u00e3o e cidadania"},"image":{"@id":"https:\/\/inclusivenews.com.br\/#\/schema\/logo\/image\/"},"sameAs":["https:\/\/www.facebook.com\/agenciainclusive\/","https:\/\/www.instagram.com\/newsinclusive\/"]},{"@type":"Person","@id":"https:\/\/inclusivenews.com.br\/#\/schema\/person\/ae4ec7087559b8692fb33b6fffd2273b","name":"inclusivenews2024","image":{"@type":"ImageObject","inLanguage":"pt-PT","@id":"https:\/\/secure.gravatar.com\/avatar\/c5a7ef84c66fa914f55bc4f7ce26cfa275a3b9a1c5568b907bd184fb4dde7b40?s=96&d=mm&r=g","url":"https:\/\/secure.gravatar.com\/avatar\/c5a7ef84c66fa914f55bc4f7ce26cfa275a3b9a1c5568b907bd184fb4dde7b40?s=96&d=mm&r=g","contentUrl":"https:\/\/secure.gravatar.com\/avatar\/c5a7ef84c66fa914f55bc4f7ce26cfa275a3b9a1c5568b907bd184fb4dde7b40?s=96&d=mm&r=g","caption":"inclusivenews2024"},"sameAs":["https:\/\/inclusivenews.com.br"],"url":"https:\/\/inclusivenews.com.br\/?author=1"}]}},"_links":{"self":[{"href":"https:\/\/inclusivenews.com.br\/index.php?rest_route=\/wp\/v2\/posts\/27785","targetHints":{"allow":["GET"]}}],"collection":[{"href":"https:\/\/inclusivenews.com.br\/index.php?rest_route=\/wp\/v2\/posts"}],"about":[{"href":"https:\/\/inclusivenews.com.br\/index.php?rest_route=\/wp\/v2\/types\/post"}],"author":[{"embeddable":true,"href":"https:\/\/inclusivenews.com.br\/index.php?rest_route=\/wp\/v2\/users\/1"}],"replies":[{"embeddable":true,"href":"https:\/\/inclusivenews.com.br\/index.php?rest_route=%2Fwp%2Fv2%2Fcomments&post=27785"}],"version-history":[{"count":0,"href":"https:\/\/inclusivenews.com.br\/index.php?rest_route=\/wp\/v2\/posts\/27785\/revisions"}],"wp:attachment":[{"href":"https:\/\/inclusivenews.com.br\/index.php?rest_route=%2Fwp%2Fv2%2Fmedia&parent=27785"}],"wp:term":[{"taxonomy":"category","embeddable":true,"href":"https:\/\/inclusivenews.com.br\/index.php?rest_route=%2Fwp%2Fv2%2Fcategories&post=27785"},{"taxonomy":"post_tag","embeddable":true,"href":"https:\/\/inclusivenews.com.br\/index.php?rest_route=%2Fwp%2Fv2%2Ftags&post=27785"}],"curies":[{"name":"wp","href":"https:\/\/api.w.org\/{rel}","templated":true}]}}