{"id":27791,"date":"2015-03-17T19:54:57","date_gmt":"2015-03-17T22:54:57","guid":{"rendered":"http:\/\/www.inclusive.org.br\/?p=27791"},"modified":"2015-03-17T19:54:57","modified_gmt":"2015-03-17T22:54:57","slug":"usp-legal-promove-cursos-na-area-dos-direitos-das-pessoas-com-deficiencia","status":"publish","type":"post","link":"https:\/\/inclusivenews.com.br\/?p=27791","title":{"rendered":"USP legal promove cursos na \u00e1rea dos direitos das pessoas com defici\u00eancia"},"content":{"rendered":"<p><img loading=\"lazy\" decoding=\"async\" class=\" alignnone\" title=\"USP legal para pessoas com defici\u00eancia. Um boneco branco de bra\u00e7os abertos.\" alt=\"USP legal para pessoas com defici\u00eancia. Um boneco branco de bra\u00e7os abertos.\" src=\"http:\/\/saci.org.br\/temas\/saci\/imagens\/logo_legal.png\" width=\"93\" height=\"80\" \/><\/p>\n<p align=\"justify\">Al\u00e9m da parte institucional, a USP legal promove cursos e eventos na \u00e1rea dos direitos da pessoa com defici\u00eancia.<\/p>\n<p align=\"justify\">No ano de 2014, foram realizados dois cursos: <a href=\"http:\/\/prceu.usp.br\/nucleodosdireitos\/usplegal\/cursopraticas-na-promocao-dos-direitos-da-pessoa-com-deficiencia\/\" target=\"_blank\" rel=\"noopener\">Pr\u00e1ticas na Promo\u00e7\u00e3o dos Direitos da Pessoa com Defici\u00eancia: Acessibilidade Digital na Comunica\u00e7\u00e3o<\/a>, em novembro, e <a href=\"http:\/\/prceu.usp.br\/nucleodosdireitos\/usplegal\/curso-direitos-da-pessoa-com-deficiencia\/\" target=\"_blank\" rel=\"noopener\">Direitos da Pessoa com Defici\u00eancia<\/a>, em dezembro.<\/p>\n<p align=\"justify\">O primeiro tinha como p\u00fablico alvo os servidores da USP na \u00e1rea da tecnologia da informa\u00e7\u00e3o e o objetivo promover a forma\u00e7\u00e3o de agentes de acessibilidade digital em todas as Unidades da USP, dotando-os de conhecimentos gerais sobre defici\u00eancia e normais de comunica\u00e7\u00e3o acess\u00edvel. O segundo tinha um p\u00fablico alvo geral e foi mais uma discuss\u00e3o a fim de conscientizar o p\u00fablico sobre quest\u00f5es relacionadas \u00e0 defici\u00eancia e desconstruir certos pr\u00e9-conceitos.<\/p>\n<p>Em 2015, j\u00e1 foram realizados dois cursos. O primeiro, <a href=\"http:\/\/prceu.usp.br\/nucleodosdireitos\/usplegal\/curso-praticas-de-promocao-dos-direitos-da-pessoa-com-deficiencia-acessibilidade-no-espaco-fisico\/\" target=\"_blank\" rel=\"noopener\">Pr\u00e1ticas de Promo\u00e7\u00e3o dos Direitos das Pessoas com Defici\u00eancia: Acessibilidade no Espa\u00e7o F\u00edsico<\/a>, ocorreu em janeiro. O objetivo era promover a forma\u00e7\u00e3o de agentes, principalmente dentro da pr\u00f3pria USP, capazes de identificar barreiras ao uso de espa\u00e7o pelas Pessoas com Defici\u00eancia.<\/p>\n<p align=\"justify\">O segundo, <a href=\"http:\/\/prceu.usp.br\/nucleodosdireitos\/usplegal\/curso-praticas-de-promocao-dos-direitos-da-pessoa-com-deficiencia-o-atendimento-ao-publico\/\" target=\"_blank\" rel=\"noopener\">Pr\u00e1ticas de Promo\u00e7\u00e3o dos Direitos das Pessoas com Defici\u00eancia: O Atendimento ao P\u00fablico<\/a>, foi realizado em mar\u00e7o. Seu objetivo era informar e capacitar servidores p\u00fablicos e terceirizados a respeito dos direitos das pessoas com defici\u00eancia e praticar o trato das mesmas.<\/p>\n<p align=\"justify\">Para 2015, j\u00e1 est\u00e3o marcados mais dois cursos, ambos no m\u00eas de abril. O primeiro \u00e9 <a href=\"http:\/\/prceu.usp.br\/nucleodosdireitos\/usplegal\/praticas-de-promocao-dos-direitos-da-pessoa-com-deficiencia-preparacao-de-material-didatico-acessivel\/\" target=\"_blank\" rel=\"noopener\">Pr\u00e1ticas de Promo\u00e7\u00e3o dos Direitos das Pessoas com Defici\u00eancia: Prepara\u00e7\u00e3o de Material Did\u00e1tico Acess\u00edvel<\/a> (dias 09 e 10 de abril) e o segundo <a href=\"http:\/\/prceu.usp.br\/nucleodosdireitos\/usplegal\/curso-praticas-de-promocao-dos-direitos-da-pessoa-com-deficiencia-acessibilidade-em-eventos\/\" target=\"_blank\" rel=\"noopener\">Pr\u00e1ticas de Promo\u00e7\u00e3o dos Direitos das Pessoas com Defici\u00eancia: Acessibilidade em Eventos<\/a> (dia 17 de abril).<\/p>\n<p align=\"justify\">Todas as informa\u00e7\u00f5es sobre os cursos podem ser encontradas no <a href=\"http:\/\/prceu.usp.br\/nucleodosdireitos\/usplegal\/cursos-eventos\/\" target=\"_blank\" rel=\"noopener\">site do programa USP Legal<\/a>, da Pr\u00f3-Reitoria de Cultura e Extens\u00e3o Universit\u00e1ria. Os materiais did\u00e1ticos dos cursos tamb\u00e9m est\u00e3o dispon\u00edveis para download nos links dos cursos.<\/p>\n","protected":false},"excerpt":{"rendered":"<p>Al\u00e9m da parte institucional, a USP legal promove cursos e eventos na \u00e1rea dos direitos da pessoa com defici\u00eancia.<\/p>\n","protected":false},"author":1,"featured_media":0,"comment_status":"open","ping_status":"open","sticky":false,"template":"","format":"standard","meta":{"site-container-style":"default","site-container-layout":"default","site-sidebar-layout":"default","disable-article-header":"default","disable-site-header":"default","disable-site-footer":"default","disable-content-area-spacing":"default","footnotes":""},"categories":[12,4],"tags":[],"class_list":["post-27791","post","type-post","status-publish","format-standard","hentry","category-cursos-e-eventos","category-noticias"],"yoast_head":"<!-- This site is optimized with the Yoast SEO plugin v27.4 - https:\/\/yoast.com\/product\/yoast-seo-wordpress\/ -->\n<title>USP legal promove cursos na \u00e1rea dos direitos das pessoas com defici\u00eancia -<\/title>\n<meta name=\"robots\" content=\"index, follow, max-snippet:-1, max-image-preview:large, max-video-preview:-1\" \/>\n<link rel=\"canonical\" href=\"https:\/\/inclusivenews.com.br\/?p=27791\" \/>\n<meta property=\"og:locale\" content=\"pt_PT\" \/>\n<meta property=\"og:type\" content=\"article\" \/>\n<meta property=\"og:title\" content=\"USP legal promove cursos na \u00e1rea dos direitos das pessoas com defici\u00eancia -\" \/>\n<meta property=\"og:description\" content=\"Al\u00e9m da parte institucional, a USP legal promove cursos e eventos na \u00e1rea dos direitos da pessoa com defici\u00eancia.\" \/>\n<meta property=\"og:url\" content=\"https:\/\/inclusivenews.com.br\/?p=27791\" \/>\n<meta property=\"article:publisher\" content=\"https:\/\/www.facebook.com\/agenciainclusive\/\" \/>\n<meta property=\"article:published_time\" content=\"2015-03-17T22:54:57+00:00\" \/>\n<meta property=\"og:image\" content=\"http:\/\/saci.org.br\/temas\/saci\/imagens\/logo_legal.png\" \/>\n<meta name=\"author\" content=\"inclusivenews2024\" \/>\n<meta name=\"twitter:card\" content=\"summary_large_image\" \/>\n<meta name=\"twitter:label1\" content=\"Escrito por\" \/>\n\t<meta name=\"twitter:data1\" content=\"inclusivenews2024\" \/>\n\t<meta name=\"twitter:label2\" content=\"Tempo estimado de leitura\" \/>\n\t<meta name=\"twitter:data2\" content=\"2 minutos\" \/>\n<script type=\"application\/ld+json\" class=\"yoast-schema-graph\">{\"@context\":\"https:\\\/\\\/schema.org\",\"@graph\":[{\"@type\":\"Article\",\"@id\":\"https:\\\/\\\/inclusivenews.com.br\\\/?p=27791#article\",\"isPartOf\":{\"@id\":\"https:\\\/\\\/inclusivenews.com.br\\\/?p=27791\"},\"author\":{\"name\":\"inclusivenews2024\",\"@id\":\"https:\\\/\\\/inclusivenews.com.br\\\/#\\\/schema\\\/person\\\/ae4ec7087559b8692fb33b6fffd2273b\"},\"headline\":\"USP legal promove cursos na \u00e1rea dos direitos das pessoas com defici\u00eancia\",\"datePublished\":\"2015-03-17T22:54:57+00:00\",\"mainEntityOfPage\":{\"@id\":\"https:\\\/\\\/inclusivenews.com.br\\\/?p=27791\"},\"wordCount\":364,\"commentCount\":1,\"publisher\":{\"@id\":\"https:\\\/\\\/inclusivenews.com.br\\\/#organization\"},\"image\":{\"@id\":\"https:\\\/\\\/inclusivenews.com.br\\\/?p=27791#primaryimage\"},\"thumbnailUrl\":\"http:\\\/\\\/saci.org.br\\\/temas\\\/saci\\\/imagens\\\/logo_legal.png\",\"articleSection\":[\"Cursos e eventos\",\"NOT\u00cdCIAS\"],\"inLanguage\":\"pt-PT\",\"potentialAction\":[{\"@type\":\"CommentAction\",\"name\":\"Comment\",\"target\":[\"https:\\\/\\\/inclusivenews.com.br\\\/?p=27791#respond\"]}]},{\"@type\":\"WebPage\",\"@id\":\"https:\\\/\\\/inclusivenews.com.br\\\/?p=27791\",\"url\":\"https:\\\/\\\/inclusivenews.com.br\\\/?p=27791\",\"name\":\"USP legal promove cursos na \u00e1rea dos direitos das pessoas com defici\u00eancia -\",\"isPartOf\":{\"@id\":\"https:\\\/\\\/inclusivenews.com.br\\\/#website\"},\"primaryImageOfPage\":{\"@id\":\"https:\\\/\\\/inclusivenews.com.br\\\/?p=27791#primaryimage\"},\"image\":{\"@id\":\"https:\\\/\\\/inclusivenews.com.br\\\/?p=27791#primaryimage\"},\"thumbnailUrl\":\"http:\\\/\\\/saci.org.br\\\/temas\\\/saci\\\/imagens\\\/logo_legal.png\",\"datePublished\":\"2015-03-17T22:54:57+00:00\",\"breadcrumb\":{\"@id\":\"https:\\\/\\\/inclusivenews.com.br\\\/?p=27791#breadcrumb\"},\"inLanguage\":\"pt-PT\",\"potentialAction\":[{\"@type\":\"ReadAction\",\"target\":[\"https:\\\/\\\/inclusivenews.com.br\\\/?p=27791\"]}]},{\"@type\":\"ImageObject\",\"inLanguage\":\"pt-PT\",\"@id\":\"https:\\\/\\\/inclusivenews.com.br\\\/?p=27791#primaryimage\",\"url\":\"http:\\\/\\\/saci.org.br\\\/temas\\\/saci\\\/imagens\\\/logo_legal.png\",\"contentUrl\":\"http:\\\/\\\/saci.org.br\\\/temas\\\/saci\\\/imagens\\\/logo_legal.png\"},{\"@type\":\"BreadcrumbList\",\"@id\":\"https:\\\/\\\/inclusivenews.com.br\\\/?p=27791#breadcrumb\",\"itemListElement\":[{\"@type\":\"ListItem\",\"position\":1,\"name\":\"In\u00edcio\",\"item\":\"https:\\\/\\\/inclusivenews.com.br\\\/\"},{\"@type\":\"ListItem\",\"position\":2,\"name\":\"USP legal promove cursos na \u00e1rea dos direitos das pessoas com defici\u00eancia\"}]},{\"@type\":\"WebSite\",\"@id\":\"https:\\\/\\\/inclusivenews.com.br\\\/#website\",\"url\":\"https:\\\/\\\/inclusivenews.com.br\\\/\",\"name\":\"Inclusive News\",\"description\":\"Inclusive News\",\"publisher\":{\"@id\":\"https:\\\/\\\/inclusivenews.com.br\\\/#organization\"},\"potentialAction\":[{\"@type\":\"SearchAction\",\"target\":{\"@type\":\"EntryPoint\",\"urlTemplate\":\"https:\\\/\\\/inclusivenews.com.br\\\/?s={search_term_string}\"},\"query-input\":{\"@type\":\"PropertyValueSpecification\",\"valueRequired\":true,\"valueName\":\"search_term_string\"}}],\"inLanguage\":\"pt-PT\"},{\"@type\":\"Organization\",\"@id\":\"https:\\\/\\\/inclusivenews.com.br\\\/#organization\",\"name\":\"Inclusive - inclus\u00e3o e cidadania\",\"url\":\"https:\\\/\\\/inclusivenews.com.br\\\/\",\"logo\":{\"@type\":\"ImageObject\",\"inLanguage\":\"pt-PT\",\"@id\":\"https:\\\/\\\/inclusivenews.com.br\\\/#\\\/schema\\\/logo\\\/image\\\/\",\"url\":\"https:\\\/\\\/inclusivenews.com.br\\\/wp-content\\\/uploads\\\/2024\\\/03\\\/@grandesite.png\",\"contentUrl\":\"https:\\\/\\\/inclusivenews.com.br\\\/wp-content\\\/uploads\\\/2024\\\/03\\\/@grandesite.png\",\"width\":1080,\"height\":1080,\"caption\":\"Inclusive - inclus\u00e3o e cidadania\"},\"image\":{\"@id\":\"https:\\\/\\\/inclusivenews.com.br\\\/#\\\/schema\\\/logo\\\/image\\\/\"},\"sameAs\":[\"https:\\\/\\\/www.facebook.com\\\/agenciainclusive\\\/\",\"https:\\\/\\\/www.instagram.com\\\/newsinclusive\\\/\"]},{\"@type\":\"Person\",\"@id\":\"https:\\\/\\\/inclusivenews.com.br\\\/#\\\/schema\\\/person\\\/ae4ec7087559b8692fb33b6fffd2273b\",\"name\":\"inclusivenews2024\",\"image\":{\"@type\":\"ImageObject\",\"inLanguage\":\"pt-PT\",\"@id\":\"https:\\\/\\\/secure.gravatar.com\\\/avatar\\\/c5a7ef84c66fa914f55bc4f7ce26cfa275a3b9a1c5568b907bd184fb4dde7b40?s=96&d=mm&r=g\",\"url\":\"https:\\\/\\\/secure.gravatar.com\\\/avatar\\\/c5a7ef84c66fa914f55bc4f7ce26cfa275a3b9a1c5568b907bd184fb4dde7b40?s=96&d=mm&r=g\",\"contentUrl\":\"https:\\\/\\\/secure.gravatar.com\\\/avatar\\\/c5a7ef84c66fa914f55bc4f7ce26cfa275a3b9a1c5568b907bd184fb4dde7b40?s=96&d=mm&r=g\",\"caption\":\"inclusivenews2024\"},\"sameAs\":[\"https:\\\/\\\/inclusivenews.com.br\"],\"url\":\"https:\\\/\\\/inclusivenews.com.br\\\/?author=1\"}]}<\/script>\n<!-- \/ Yoast SEO plugin. -->","yoast_head_json":{"title":"USP legal promove cursos na \u00e1rea dos direitos das pessoas com defici\u00eancia -","robots":{"index":"index","follow":"follow","max-snippet":"max-snippet:-1","max-image-preview":"max-image-preview:large","max-video-preview":"max-video-preview:-1"},"canonical":"https:\/\/inclusivenews.com.br\/?p=27791","og_locale":"pt_PT","og_type":"article","og_title":"USP legal promove cursos na \u00e1rea dos direitos das pessoas com defici\u00eancia -","og_description":"Al\u00e9m da parte institucional, a USP legal promove cursos e eventos na \u00e1rea dos direitos da pessoa com defici\u00eancia.","og_url":"https:\/\/inclusivenews.com.br\/?p=27791","article_publisher":"https:\/\/www.facebook.com\/agenciainclusive\/","article_published_time":"2015-03-17T22:54:57+00:00","og_image":[{"url":"http:\/\/saci.org.br\/temas\/saci\/imagens\/logo_legal.png","type":"","width":"","height":""}],"author":"inclusivenews2024","twitter_card":"summary_large_image","twitter_misc":{"Escrito por":"inclusivenews2024","Tempo estimado de leitura":"2 minutos"},"schema":{"@context":"https:\/\/schema.org","@graph":[{"@type":"Article","@id":"https:\/\/inclusivenews.com.br\/?p=27791#article","isPartOf":{"@id":"https:\/\/inclusivenews.com.br\/?p=27791"},"author":{"name":"inclusivenews2024","@id":"https:\/\/inclusivenews.com.br\/#\/schema\/person\/ae4ec7087559b8692fb33b6fffd2273b"},"headline":"USP legal promove cursos na \u00e1rea dos direitos das pessoas com defici\u00eancia","datePublished":"2015-03-17T22:54:57+00:00","mainEntityOfPage":{"@id":"https:\/\/inclusivenews.com.br\/?p=27791"},"wordCount":364,"commentCount":1,"publisher":{"@id":"https:\/\/inclusivenews.com.br\/#organization"},"image":{"@id":"https:\/\/inclusivenews.com.br\/?p=27791#primaryimage"},"thumbnailUrl":"http:\/\/saci.org.br\/temas\/saci\/imagens\/logo_legal.png","articleSection":["Cursos e eventos","NOT\u00cdCIAS"],"inLanguage":"pt-PT","potentialAction":[{"@type":"CommentAction","name":"Comment","target":["https:\/\/inclusivenews.com.br\/?p=27791#respond"]}]},{"@type":"WebPage","@id":"https:\/\/inclusivenews.com.br\/?p=27791","url":"https:\/\/inclusivenews.com.br\/?p=27791","name":"USP legal promove cursos na \u00e1rea dos direitos das pessoas com defici\u00eancia -","isPartOf":{"@id":"https:\/\/inclusivenews.com.br\/#website"},"primaryImageOfPage":{"@id":"https:\/\/inclusivenews.com.br\/?p=27791#primaryimage"},"image":{"@id":"https:\/\/inclusivenews.com.br\/?p=27791#primaryimage"},"thumbnailUrl":"http:\/\/saci.org.br\/temas\/saci\/imagens\/logo_legal.png","datePublished":"2015-03-17T22:54:57+00:00","breadcrumb":{"@id":"https:\/\/inclusivenews.com.br\/?p=27791#breadcrumb"},"inLanguage":"pt-PT","potentialAction":[{"@type":"ReadAction","target":["https:\/\/inclusivenews.com.br\/?p=27791"]}]},{"@type":"ImageObject","inLanguage":"pt-PT","@id":"https:\/\/inclusivenews.com.br\/?p=27791#primaryimage","url":"http:\/\/saci.org.br\/temas\/saci\/imagens\/logo_legal.png","contentUrl":"http:\/\/saci.org.br\/temas\/saci\/imagens\/logo_legal.png"},{"@type":"BreadcrumbList","@id":"https:\/\/inclusivenews.com.br\/?p=27791#breadcrumb","itemListElement":[{"@type":"ListItem","position":1,"name":"In\u00edcio","item":"https:\/\/inclusivenews.com.br\/"},{"@type":"ListItem","position":2,"name":"USP legal promove cursos na \u00e1rea dos direitos das pessoas com defici\u00eancia"}]},{"@type":"WebSite","@id":"https:\/\/inclusivenews.com.br\/#website","url":"https:\/\/inclusivenews.com.br\/","name":"Inclusive News","description":"Inclusive News","publisher":{"@id":"https:\/\/inclusivenews.com.br\/#organization"},"potentialAction":[{"@type":"SearchAction","target":{"@type":"EntryPoint","urlTemplate":"https:\/\/inclusivenews.com.br\/?s={search_term_string}"},"query-input":{"@type":"PropertyValueSpecification","valueRequired":true,"valueName":"search_term_string"}}],"inLanguage":"pt-PT"},{"@type":"Organization","@id":"https:\/\/inclusivenews.com.br\/#organization","name":"Inclusive - inclus\u00e3o e cidadania","url":"https:\/\/inclusivenews.com.br\/","logo":{"@type":"ImageObject","inLanguage":"pt-PT","@id":"https:\/\/inclusivenews.com.br\/#\/schema\/logo\/image\/","url":"https:\/\/inclusivenews.com.br\/wp-content\/uploads\/2024\/03\/@grandesite.png","contentUrl":"https:\/\/inclusivenews.com.br\/wp-content\/uploads\/2024\/03\/@grandesite.png","width":1080,"height":1080,"caption":"Inclusive - inclus\u00e3o e cidadania"},"image":{"@id":"https:\/\/inclusivenews.com.br\/#\/schema\/logo\/image\/"},"sameAs":["https:\/\/www.facebook.com\/agenciainclusive\/","https:\/\/www.instagram.com\/newsinclusive\/"]},{"@type":"Person","@id":"https:\/\/inclusivenews.com.br\/#\/schema\/person\/ae4ec7087559b8692fb33b6fffd2273b","name":"inclusivenews2024","image":{"@type":"ImageObject","inLanguage":"pt-PT","@id":"https:\/\/secure.gravatar.com\/avatar\/c5a7ef84c66fa914f55bc4f7ce26cfa275a3b9a1c5568b907bd184fb4dde7b40?s=96&d=mm&r=g","url":"https:\/\/secure.gravatar.com\/avatar\/c5a7ef84c66fa914f55bc4f7ce26cfa275a3b9a1c5568b907bd184fb4dde7b40?s=96&d=mm&r=g","contentUrl":"https:\/\/secure.gravatar.com\/avatar\/c5a7ef84c66fa914f55bc4f7ce26cfa275a3b9a1c5568b907bd184fb4dde7b40?s=96&d=mm&r=g","caption":"inclusivenews2024"},"sameAs":["https:\/\/inclusivenews.com.br"],"url":"https:\/\/inclusivenews.com.br\/?author=1"}]}},"_links":{"self":[{"href":"https:\/\/inclusivenews.com.br\/index.php?rest_route=\/wp\/v2\/posts\/27791","targetHints":{"allow":["GET"]}}],"collection":[{"href":"https:\/\/inclusivenews.com.br\/index.php?rest_route=\/wp\/v2\/posts"}],"about":[{"href":"https:\/\/inclusivenews.com.br\/index.php?rest_route=\/wp\/v2\/types\/post"}],"author":[{"embeddable":true,"href":"https:\/\/inclusivenews.com.br\/index.php?rest_route=\/wp\/v2\/users\/1"}],"replies":[{"embeddable":true,"href":"https:\/\/inclusivenews.com.br\/index.php?rest_route=%2Fwp%2Fv2%2Fcomments&post=27791"}],"version-history":[{"count":0,"href":"https:\/\/inclusivenews.com.br\/index.php?rest_route=\/wp\/v2\/posts\/27791\/revisions"}],"wp:attachment":[{"href":"https:\/\/inclusivenews.com.br\/index.php?rest_route=%2Fwp%2Fv2%2Fmedia&parent=27791"}],"wp:term":[{"taxonomy":"category","embeddable":true,"href":"https:\/\/inclusivenews.com.br\/index.php?rest_route=%2Fwp%2Fv2%2Fcategories&post=27791"},{"taxonomy":"post_tag","embeddable":true,"href":"https:\/\/inclusivenews.com.br\/index.php?rest_route=%2Fwp%2Fv2%2Ftags&post=27791"}],"curies":[{"name":"wp","href":"https:\/\/api.w.org\/{rel}","templated":true}]}}