{"id":27802,"date":"2015-03-18T11:31:57","date_gmt":"2015-03-18T14:31:57","guid":{"rendered":"http:\/\/www.inclusive.org.br\/?p=27802"},"modified":"2015-03-18T11:31:57","modified_gmt":"2015-03-18T14:31:57","slug":"press-release-mais-de-100-eventos-no-brasil-pelo-x-dia-internacionol-da-sindrome-de-down-213","status":"publish","type":"post","link":"https:\/\/inclusivenews.com.br\/?p=27802","title":{"rendered":"PRESS RELEASE &#8211; Mais de 100 eventos no Brasil pelo X Dia Internacional da S\u00edndrome de Down \u2013 21\/3"},"content":{"rendered":"<p style=\"text-align: left;\" align=\"center\"><img loading=\"lazy\" decoding=\"async\" class=\"alignnone  wp-image-22131\" alt=\"Logo do dia internacional da s\u00edndrome de Down em vermelho e azul\" src=\"http:\/\/inclusivenews.com.br\/wp-content\/uploads\/logo-WSDS-portugues-10.jpg\" width=\"768\" height=\"248\" \/><\/p>\n<p style=\"text-align: left;\" align=\"center\">21 de Mar\u00e7o \u00e9 o Dia Internacional da S\u00edndrome de Down, que tem como objetivo promover a inclus\u00e3o das pessoas com s\u00edndrome de Down na sociedade. A data foi escolhida pela Down Syndrome International em 2006 e faz refer\u00eancia aos 3 cromossomos n\u00famero 21 que as pessoas com s\u00edndrome de Down carregam (21\/3). Em 2010, por iniciativa do Brasil, o dia foi inclu\u00eddo no calend\u00e1rio oficial da ONU<\/p>\n<p><b>No Brasil<\/b><\/p>\n<p>O dia internacional \u00e9 celebrado h\u00e1 10 anos no Brasil, que, tradicionalmente, organiza o maior n\u00famero de eventos no mundo. Este ano h\u00e1 mais de 100 eventos programados para 19 estados, mais o DF. Os eventos v\u00e3o de caminhadas a missas, passando por palestras, sess\u00f5es solenes e cursos. Haver\u00e1 ainda programa\u00e7\u00e3o na TV e homenagens em campos de futebol.<\/p>\n<p><b>Programa\u00e7\u00e3o: <\/b><\/p>\n<p><a href=\"http:\/\/www.movimentodown.org.br\/2015\/03\/programacao-do-x-dia-internacional-da-sindrome-de-down-no-brasil\/\">http:\/\/www.movimentodown.org.br\/2015\/03\/programacao-do-x-dia-internacional-da-sindrome-de-down-no-brasil\/<\/a><\/p>\n<p><b>No Mundo<\/b><\/p>\n<p>O Empire State Building, em NY, estar\u00e1 iluminado de azul e amarelo em homenagem \u00e0 data. L\u00e1 tamb\u00e9m acontecer\u00e1 a III Confer\u00eancia da ONU do Dia Internacional, que sempre contou com presen\u00e7a brasileira. Neste ano, Marcus Frank, da consultoria MacKinsey, apresentar\u00e1 a pesquisa feita no Brasil para o Instituto Alana, que revela que contratar funcion\u00e1rios com s\u00edndrome de Down faz bem para a sa\u00fade das empresas.<\/p>\n<p>O site World Down Syndrome Day traz a listagem dos eventos de todo mundo:<\/p>\n<p><a href=\"https:\/\/www.worlddownsyndromeday.org\/world-events\">https:\/\/www.worlddownsyndromeday.org\/world-events<\/a><\/p>\n<p><b>Videos<\/b><\/p>\n<p>A Down Syndrome International lan\u00e7ou o v\u00eddeo comemorativo da data, com participa\u00e7\u00e3o de pessoas com s\u00edndrome de Down do mundo todo:<\/p>\n<p>\u201cMinhas oportunidades, minhas escolhas\u201d<\/p>\n<p><a href=\"https:\/\/www.youtube.com\/watch?v=BwlJ6iIQ1Bo\">https:\/\/www.youtube.com\/watch?v=BwlJ6iIQ1Bo<\/a><\/p>\n<p>A Coordown, lan\u00e7ou um v\u00eddeo mundial, em colabora\u00e7\u00e3o com associa\u00e7\u00f5es de v\u00e1rios pa\u00edses, inclusive o Movimento Down, do Brasil, chamado Proposta Especial<\/p>\n<p><a href=\"https:\/\/www.youtube.com\/watch?v=lnaajSxOsWI&amp;feature=youtu.be\">https:\/\/www.youtube.com\/watch?v=lnaajSxOsWI&amp;feature=youtu.be<\/a><\/p>\n<p><b>Sugest\u00f5es de pauta<\/b><\/p>\n<p>A hora \u00e9 de celebrar a vida das pessoas com s\u00edndrome de Down, mas tamb\u00e9m de cobrar das autoridades e da sociedade em geral mais oportunidades de inclus\u00e3o.<\/p>\n<p>1)\u00a0\u00a0\u00a0\u00a0\u00a0 Hora da not\u00edcia \u2013 A not\u00edcia do nascimento (ou diagn\u00f3stico pr\u00e9-natal) de uma crian\u00e7a com s\u00edndrome de Down na fam\u00edlia deve ser dada de forma cuidadosa e bem informada. N\u00e3o \u00e9 o que acontece na maioria dos hospitais. Outra dificuldade \u00e9 ter acesso ao exame gen\u00e9tico que confirma a presen\u00e7a da s\u00edndrome, o cari\u00f3tipo, muito caro na rede privada e raro de encontrar no sistema p\u00fablico.<\/p>\n<p>2)\u00a0\u00a0\u00a0\u00a0\u00a0 Mais acesso \u00e0 sa\u00fade \u2013 Hospitais, m\u00e9dicos e postos de sa\u00fade n\u00e3o est\u00e3o preparados para receber pacientes com s\u00edndrome de Down, tampouco t\u00eam conhecimento das quest\u00f5es m\u00e9dicas que ocorrem com maior frequ\u00eancia com pessoas com s\u00edndrome de Down. O Minist\u00e9rio da Sa\u00fade lan\u00e7ou as Diretrizes de Aten\u00e7\u00e3o \u00e0 Sa\u00fade das Pessoas com s\u00edndrome de Down do, mas elas s\u00e3o praticamente desconhecidas dos agentes de sa\u00fade p\u00fablica ou privada.<\/p>\n<p>3)\u00a0\u00a0\u00a0\u00a0\u00a0 Estimula\u00e7\u00e3o precoce \u2013 Beb\u00eas com s\u00edndrome de Down precisam ser estimuladas desde o nascimento para se desenvolverem melhor \u2013 h\u00e1 poucos lugares que oferecem terapias como fisioterapia, e terapia ocupacional gratuitamente.<\/p>\n<p>4)\u00a0\u00a0\u00a0\u00a0\u00a0 Fonoaudiologia \u2013 Para poder aprimorar a fala, \u00e9 necess\u00e1rio que beb\u00eas, crian\u00e7as, jovens e adultos com s\u00edndrome de Down tenham acesso a fonoaudi\u00f3logos. \u00c9 raro encontrar o servi\u00e7o em hospitais e cl\u00ednicas p\u00fablicas.<\/p>\n<p>5)\u00a0\u00a0\u00a0\u00a0\u00a0 Acesso \u00e0 Educa\u00e7\u00e3o \u2013 Pais ainda encontram dificuldade em matricular seus filhos em escolas regulares, apesar da pr\u00e1tica ser contra a lei. H\u00e1 escolas particulares que cobram taxas extras, ou mesmo requerem que os pais contratem um acompanhante para o filho, o que \u00e9 inconstitucional.<\/p>\n<p>6)\u00a0\u00a0\u00a0\u00a0\u00a0 Perman\u00eancia e progresso na escola \u2013 Passada a barreira da matr\u00edcula, h\u00e1 poucas escolas que est\u00e3o realmente preparadas para atender \u00e0s necessidades de alunos com s\u00edndrome de Down e outras defici\u00eancias intelectuais.<\/p>\n<p>7)\u00a0\u00a0\u00a0\u00a0\u00a0 Mercado de Trabalho \u2013 A capacita\u00e7\u00e3o e acesso ao mercado de trabalho \u00e9 muito dif\u00edcil, apesar da lei de cotas. Alguns cursos profissionalizantes se destacam, como o de auxiliar de cabelereiros da Alfaparf, e do SESI.<\/p>\n<p>8)\u00a0\u00a0\u00a0\u00a0\u00a0 Resid\u00eancias Inclusivas \u2013 O adulto com s\u00edndrome de Down est\u00e1 destinado a morar para o resto da vida com a fam\u00edlia. E quando os pais morrem e outros parentes n\u00e3o o acolhem, acaba indo parar em institui\u00e7\u00f5es para pessoas com transtorno mental ou lares de idosos. Em outros pa\u00edses, como a Holanda, h\u00e1 inciativas de moradia assistida que poderiam ser implantadas no Brasil, como mostra o filme \u2013 E Agora Jos\u00e9?, do Instituto MetaSocial.<\/p>\n<p>Informa\u00e7\u00f5es:<\/p>\n<p>Vai escrever sobre s\u00edndrome de Down? Confira que termos usar e quais evitar:<\/p>\n<p><a href=\"http:\/\/www.movimentodown.org.br\/wp-content\/uploads\/2014\/06\/Folder-Guia-para-jornalistas-arquivo-digital_bx.pdf\">http:\/\/www.movimentodown.org.br\/wp-content\/uploads\/2014\/06\/Folder-Guia-para-jornalistas-arquivo-digital_bx.pdf<\/a><\/p>\n<p>Sala de Imprensa do Movimento Down<\/p>\n<p><a href=\"http:\/\/www.movimentodown.org.br\/sala-de-imprensa\/\">http:\/\/www.movimentodown.org.br\/sala-de-imprensa\/<\/a><\/p>\n<p>Escola para Todos \u2013 Educa\u00e7\u00e3o Inclusiva \u2013 O que os Pais precisam saber?<\/p>\n<p><a href=\"http:\/\/www.movimentodown.org.br\/wp-content\/uploads\/2014\/11\/ESCOLA-PARA-TODOS-PUBLICA%C3%87%C3%83O-DIGITAL-logo-governo.pdf\">http:\/\/www.movimentodown.org.br\/wp-content\/uploads\/2014\/11\/ESCOLA-PARA-TODOS-PUBLICA%C3%87%C3%83O-DIGITAL-logo-governo.pdf<\/a><\/p>\n<p>Pesquisa McKinsey &#8211; O valor que os colaboradores com s\u00edndrome de Down podem agregar \u00e0s corpora\u00e7\u00f5es.<\/p>\n<p><a href=\"http:\/\/outroolhar.com.br\/wp-content\/uploads\/2014\/03\/Paper-Alana-v7.pdf\">http:\/\/outroolhar.com.br\/wp-content\/uploads\/2014\/03\/Paper-Alana-v7.pdf<\/a><\/p>\n<p>E Agora Jos\u00e9? \u2013 Document\u00e1rio sobre Moradia Assistida<\/p>\n<p><a href=\"https:\/\/www.youtube.com\/watch?v=Av-wshmWUG0\">https:\/\/www.youtube.com\/watch?v=Av-wshmWUG0<\/a><\/p>\n<p>Sobre o Dia Internacional<\/p>\n<p>Voc\u00ea sabia que foi gra\u00e7as ao Brasil que o Dia Internacional da S\u00edndrome de Down entrou para o calend\u00e1rio oficial da ONU? Veja aqui:<\/p>\n<p><a href=\"http:\/\/www.inclusive.org.br\/?p=21543\">http:\/\/www.inclusive.org.br\/?p=21543<\/a><\/p>\n<p><strong>Por qu\u00ea 21\/3?<\/strong><\/p>\n<p>O Dia Internacional da S\u00edndrome de Down foi institu\u00eddo pela Down Syndrome International como o dia 21 de mar\u00e7o, com o objetivo de contribuir para conscientiza\u00e7\u00e3o da popula\u00e7\u00e3o e para formar cidad\u00e3os com s\u00edndrome de Down auto-determinados, produtivos, inclu\u00eddos na sociedade, com melhor qualidade de vida.<\/p>\n<p>A data foi escolhida porque se escreve 21\/3 (ou 3\/21), o que faz alus\u00e3o aos 3 cromossomos n\u00famero 21n que as pessoas com s\u00edndrome de Down carregam. A ideia do dia partiu do geneticista Stylianos E. Antonarakis, da Universidade de Genebra, e foi defendida em 2005 no Congresso Internacional de S\u00edndrome de Down em Mallorca, na Espanha. A primeira comemora\u00e7\u00e3o da data foi em 2006.<\/p>\n<p>No Brasil, o Dia Internacional da S\u00edndrome de Down \u00e9 celebrado desde 2006. Em 2007, houve muita repercuss\u00e3o na m\u00eddia pela participa\u00e7\u00e3o do jogador de futebol Rom\u00e1rio, que tem uma filha com s\u00edndrome de Down, Ivy, e pela novela P\u00e1ginas da Vida, que contava a hist\u00f3ria de uma menina com s\u00edndrome de Down, a Clara, vivida pela atriz Joana Mocarzel.<\/p>\n<p>Sobre a s\u00edndrome de Down<\/p>\n<p><a href=\"http:\/\/www.inclusive.org.br\/?p=13581\">http:\/\/www.inclusive.org.br\/?p=13581<\/a><\/p>\n","protected":false},"excerpt":{"rendered":"<p>Sugest\u00f5es de pauta &#8211; A hora \u00e9 de celebrar a vida das pessoas com s\u00edndrome de Down, mas tamb\u00e9m de cobrar das autoridades e da sociedade em geral mais oportunidades de inclus\u00e3o.<\/p>\n","protected":false},"author":1,"featured_media":0,"comment_status":"open","ping_status":"open","sticky":false,"template":"","format":"standard","meta":{"site-container-style":"default","site-container-layout":"default","site-sidebar-layout":"default","disable-article-header":"default","disable-site-header":"default","disable-site-footer":"default","disable-content-area-spacing":"default","footnotes":""},"categories":[3,38,48,315],"tags":[],"class_list":["post-27802","post","type-post","status-publish","format-standard","hentry","category-campanhas","category-deficiencia","category-inclusao","category-wdsd-2015"],"yoast_head":"<!-- This site is optimized with the Yoast SEO plugin v27.4 - https:\/\/yoast.com\/product\/yoast-seo-wordpress\/ -->\n<title>PRESS RELEASE - Mais de 100 eventos no Brasil pelo X Dia Internacional da S\u00edndrome de Down \u2013 21\/3 -<\/title>\n<meta name=\"robots\" content=\"index, follow, max-snippet:-1, max-image-preview:large, max-video-preview:-1\" \/>\n<link rel=\"canonical\" href=\"https:\/\/inclusivenews.com.br\/?p=27802\" \/>\n<meta property=\"og:locale\" content=\"pt_PT\" \/>\n<meta property=\"og:type\" content=\"article\" \/>\n<meta property=\"og:title\" content=\"PRESS RELEASE - Mais de 100 eventos no Brasil pelo X Dia Internacional da S\u00edndrome de Down \u2013 21\/3 -\" \/>\n<meta property=\"og:description\" content=\"Sugest\u00f5es de pauta - A hora \u00e9 de celebrar a vida das pessoas com s\u00edndrome de Down, mas tamb\u00e9m de cobrar das autoridades e da sociedade em geral mais oportunidades de inclus\u00e3o.\" \/>\n<meta property=\"og:url\" content=\"https:\/\/inclusivenews.com.br\/?p=27802\" \/>\n<meta property=\"article:publisher\" content=\"https:\/\/www.facebook.com\/agenciainclusive\/\" \/>\n<meta property=\"article:published_time\" content=\"2015-03-18T14:31:57+00:00\" \/>\n<meta property=\"og:image\" content=\"http:\/\/inclusivenews.com.br\/wp-content\/uploads\/logo-WSDS-portugues-10.jpg\" \/>\n<meta name=\"author\" content=\"inclusivenews2024\" \/>\n<meta name=\"twitter:card\" content=\"summary_large_image\" \/>\n<meta name=\"twitter:label1\" content=\"Escrito por\" \/>\n\t<meta name=\"twitter:data1\" content=\"inclusivenews2024\" \/>\n\t<meta name=\"twitter:label2\" content=\"Tempo estimado de leitura\" \/>\n\t<meta name=\"twitter:data2\" content=\"6 minutos\" \/>\n<script type=\"application\/ld+json\" class=\"yoast-schema-graph\">{\"@context\":\"https:\\\/\\\/schema.org\",\"@graph\":[{\"@type\":\"Article\",\"@id\":\"https:\\\/\\\/inclusivenews.com.br\\\/?p=27802#article\",\"isPartOf\":{\"@id\":\"https:\\\/\\\/inclusivenews.com.br\\\/?p=27802\"},\"author\":{\"name\":\"inclusivenews2024\",\"@id\":\"https:\\\/\\\/inclusivenews.com.br\\\/#\\\/schema\\\/person\\\/ae4ec7087559b8692fb33b6fffd2273b\"},\"headline\":\"PRESS RELEASE &#8211; Mais de 100 eventos no Brasil pelo X Dia Internacional da S\u00edndrome de Down \u2013 21\\\/3\",\"datePublished\":\"2015-03-18T14:31:57+00:00\",\"mainEntityOfPage\":{\"@id\":\"https:\\\/\\\/inclusivenews.com.br\\\/?p=27802\"},\"wordCount\":1123,\"commentCount\":1,\"publisher\":{\"@id\":\"https:\\\/\\\/inclusivenews.com.br\\\/#organization\"},\"image\":{\"@id\":\"https:\\\/\\\/inclusivenews.com.br\\\/?p=27802#primaryimage\"},\"thumbnailUrl\":\"http:\\\/\\\/inclusivenews.com.br\\\/wp-content\\\/uploads\\\/logo-WSDS-portugues-10.jpg\",\"articleSection\":[\"CAMPANHAS\",\"Defici\u00eancia\",\"INCLUS\u00c3O SOCIAL\",\"WDSD 2015\"],\"inLanguage\":\"pt-PT\",\"potentialAction\":[{\"@type\":\"CommentAction\",\"name\":\"Comment\",\"target\":[\"https:\\\/\\\/inclusivenews.com.br\\\/?p=27802#respond\"]}]},{\"@type\":\"WebPage\",\"@id\":\"https:\\\/\\\/inclusivenews.com.br\\\/?p=27802\",\"url\":\"https:\\\/\\\/inclusivenews.com.br\\\/?p=27802\",\"name\":\"PRESS RELEASE - Mais de 100 eventos no Brasil pelo X Dia Internacional da S\u00edndrome de Down \u2013 21\\\/3 -\",\"isPartOf\":{\"@id\":\"https:\\\/\\\/inclusivenews.com.br\\\/#website\"},\"primaryImageOfPage\":{\"@id\":\"https:\\\/\\\/inclusivenews.com.br\\\/?p=27802#primaryimage\"},\"image\":{\"@id\":\"https:\\\/\\\/inclusivenews.com.br\\\/?p=27802#primaryimage\"},\"thumbnailUrl\":\"http:\\\/\\\/inclusivenews.com.br\\\/wp-content\\\/uploads\\\/logo-WSDS-portugues-10.jpg\",\"datePublished\":\"2015-03-18T14:31:57+00:00\",\"breadcrumb\":{\"@id\":\"https:\\\/\\\/inclusivenews.com.br\\\/?p=27802#breadcrumb\"},\"inLanguage\":\"pt-PT\",\"potentialAction\":[{\"@type\":\"ReadAction\",\"target\":[\"https:\\\/\\\/inclusivenews.com.br\\\/?p=27802\"]}]},{\"@type\":\"ImageObject\",\"inLanguage\":\"pt-PT\",\"@id\":\"https:\\\/\\\/inclusivenews.com.br\\\/?p=27802#primaryimage\",\"url\":\"\",\"contentUrl\":\"\"},{\"@type\":\"BreadcrumbList\",\"@id\":\"https:\\\/\\\/inclusivenews.com.br\\\/?p=27802#breadcrumb\",\"itemListElement\":[{\"@type\":\"ListItem\",\"position\":1,\"name\":\"In\u00edcio\",\"item\":\"https:\\\/\\\/inclusivenews.com.br\\\/\"},{\"@type\":\"ListItem\",\"position\":2,\"name\":\"PRESS RELEASE &#8211; Mais de 100 eventos no Brasil pelo X Dia Internacional da S\u00edndrome de Down \u2013 21\\\/3\"}]},{\"@type\":\"WebSite\",\"@id\":\"https:\\\/\\\/inclusivenews.com.br\\\/#website\",\"url\":\"https:\\\/\\\/inclusivenews.com.br\\\/\",\"name\":\"Inclusive News\",\"description\":\"Inclusive News\",\"publisher\":{\"@id\":\"https:\\\/\\\/inclusivenews.com.br\\\/#organization\"},\"potentialAction\":[{\"@type\":\"SearchAction\",\"target\":{\"@type\":\"EntryPoint\",\"urlTemplate\":\"https:\\\/\\\/inclusivenews.com.br\\\/?s={search_term_string}\"},\"query-input\":{\"@type\":\"PropertyValueSpecification\",\"valueRequired\":true,\"valueName\":\"search_term_string\"}}],\"inLanguage\":\"pt-PT\"},{\"@type\":\"Organization\",\"@id\":\"https:\\\/\\\/inclusivenews.com.br\\\/#organization\",\"name\":\"Inclusive - inclus\u00e3o e cidadania\",\"url\":\"https:\\\/\\\/inclusivenews.com.br\\\/\",\"logo\":{\"@type\":\"ImageObject\",\"inLanguage\":\"pt-PT\",\"@id\":\"https:\\\/\\\/inclusivenews.com.br\\\/#\\\/schema\\\/logo\\\/image\\\/\",\"url\":\"https:\\\/\\\/inclusivenews.com.br\\\/wp-content\\\/uploads\\\/2024\\\/03\\\/@grandesite.png\",\"contentUrl\":\"https:\\\/\\\/inclusivenews.com.br\\\/wp-content\\\/uploads\\\/2024\\\/03\\\/@grandesite.png\",\"width\":1080,\"height\":1080,\"caption\":\"Inclusive - inclus\u00e3o e cidadania\"},\"image\":{\"@id\":\"https:\\\/\\\/inclusivenews.com.br\\\/#\\\/schema\\\/logo\\\/image\\\/\"},\"sameAs\":[\"https:\\\/\\\/www.facebook.com\\\/agenciainclusive\\\/\",\"https:\\\/\\\/www.instagram.com\\\/newsinclusive\\\/\"]},{\"@type\":\"Person\",\"@id\":\"https:\\\/\\\/inclusivenews.com.br\\\/#\\\/schema\\\/person\\\/ae4ec7087559b8692fb33b6fffd2273b\",\"name\":\"inclusivenews2024\",\"image\":{\"@type\":\"ImageObject\",\"inLanguage\":\"pt-PT\",\"@id\":\"https:\\\/\\\/secure.gravatar.com\\\/avatar\\\/c5a7ef84c66fa914f55bc4f7ce26cfa275a3b9a1c5568b907bd184fb4dde7b40?s=96&d=mm&r=g\",\"url\":\"https:\\\/\\\/secure.gravatar.com\\\/avatar\\\/c5a7ef84c66fa914f55bc4f7ce26cfa275a3b9a1c5568b907bd184fb4dde7b40?s=96&d=mm&r=g\",\"contentUrl\":\"https:\\\/\\\/secure.gravatar.com\\\/avatar\\\/c5a7ef84c66fa914f55bc4f7ce26cfa275a3b9a1c5568b907bd184fb4dde7b40?s=96&d=mm&r=g\",\"caption\":\"inclusivenews2024\"},\"sameAs\":[\"https:\\\/\\\/inclusivenews.com.br\"],\"url\":\"https:\\\/\\\/inclusivenews.com.br\\\/?author=1\"}]}<\/script>\n<!-- \/ Yoast SEO plugin. -->","yoast_head_json":{"title":"PRESS RELEASE - Mais de 100 eventos no Brasil pelo X Dia Internacional da S\u00edndrome de Down \u2013 21\/3 -","robots":{"index":"index","follow":"follow","max-snippet":"max-snippet:-1","max-image-preview":"max-image-preview:large","max-video-preview":"max-video-preview:-1"},"canonical":"https:\/\/inclusivenews.com.br\/?p=27802","og_locale":"pt_PT","og_type":"article","og_title":"PRESS RELEASE - Mais de 100 eventos no Brasil pelo X Dia Internacional da S\u00edndrome de Down \u2013 21\/3 -","og_description":"Sugest\u00f5es de pauta - A hora \u00e9 de celebrar a vida das pessoas com s\u00edndrome de Down, mas tamb\u00e9m de cobrar das autoridades e da sociedade em geral mais oportunidades de inclus\u00e3o.","og_url":"https:\/\/inclusivenews.com.br\/?p=27802","article_publisher":"https:\/\/www.facebook.com\/agenciainclusive\/","article_published_time":"2015-03-18T14:31:57+00:00","og_image":[{"url":"http:\/\/inclusivenews.com.br\/wp-content\/uploads\/logo-WSDS-portugues-10.jpg","type":"","width":"","height":""}],"author":"inclusivenews2024","twitter_card":"summary_large_image","twitter_misc":{"Escrito por":"inclusivenews2024","Tempo estimado de leitura":"6 minutos"},"schema":{"@context":"https:\/\/schema.org","@graph":[{"@type":"Article","@id":"https:\/\/inclusivenews.com.br\/?p=27802#article","isPartOf":{"@id":"https:\/\/inclusivenews.com.br\/?p=27802"},"author":{"name":"inclusivenews2024","@id":"https:\/\/inclusivenews.com.br\/#\/schema\/person\/ae4ec7087559b8692fb33b6fffd2273b"},"headline":"PRESS RELEASE &#8211; Mais de 100 eventos no Brasil pelo X Dia Internacional da S\u00edndrome de Down \u2013 21\/3","datePublished":"2015-03-18T14:31:57+00:00","mainEntityOfPage":{"@id":"https:\/\/inclusivenews.com.br\/?p=27802"},"wordCount":1123,"commentCount":1,"publisher":{"@id":"https:\/\/inclusivenews.com.br\/#organization"},"image":{"@id":"https:\/\/inclusivenews.com.br\/?p=27802#primaryimage"},"thumbnailUrl":"http:\/\/inclusivenews.com.br\/wp-content\/uploads\/logo-WSDS-portugues-10.jpg","articleSection":["CAMPANHAS","Defici\u00eancia","INCLUS\u00c3O SOCIAL","WDSD 2015"],"inLanguage":"pt-PT","potentialAction":[{"@type":"CommentAction","name":"Comment","target":["https:\/\/inclusivenews.com.br\/?p=27802#respond"]}]},{"@type":"WebPage","@id":"https:\/\/inclusivenews.com.br\/?p=27802","url":"https:\/\/inclusivenews.com.br\/?p=27802","name":"PRESS RELEASE - Mais de 100 eventos no Brasil pelo X Dia Internacional da S\u00edndrome de Down \u2013 21\/3 -","isPartOf":{"@id":"https:\/\/inclusivenews.com.br\/#website"},"primaryImageOfPage":{"@id":"https:\/\/inclusivenews.com.br\/?p=27802#primaryimage"},"image":{"@id":"https:\/\/inclusivenews.com.br\/?p=27802#primaryimage"},"thumbnailUrl":"http:\/\/inclusivenews.com.br\/wp-content\/uploads\/logo-WSDS-portugues-10.jpg","datePublished":"2015-03-18T14:31:57+00:00","breadcrumb":{"@id":"https:\/\/inclusivenews.com.br\/?p=27802#breadcrumb"},"inLanguage":"pt-PT","potentialAction":[{"@type":"ReadAction","target":["https:\/\/inclusivenews.com.br\/?p=27802"]}]},{"@type":"ImageObject","inLanguage":"pt-PT","@id":"https:\/\/inclusivenews.com.br\/?p=27802#primaryimage","url":"","contentUrl":""},{"@type":"BreadcrumbList","@id":"https:\/\/inclusivenews.com.br\/?p=27802#breadcrumb","itemListElement":[{"@type":"ListItem","position":1,"name":"In\u00edcio","item":"https:\/\/inclusivenews.com.br\/"},{"@type":"ListItem","position":2,"name":"PRESS RELEASE &#8211; Mais de 100 eventos no Brasil pelo X Dia Internacional da S\u00edndrome de Down \u2013 21\/3"}]},{"@type":"WebSite","@id":"https:\/\/inclusivenews.com.br\/#website","url":"https:\/\/inclusivenews.com.br\/","name":"Inclusive News","description":"Inclusive News","publisher":{"@id":"https:\/\/inclusivenews.com.br\/#organization"},"potentialAction":[{"@type":"SearchAction","target":{"@type":"EntryPoint","urlTemplate":"https:\/\/inclusivenews.com.br\/?s={search_term_string}"},"query-input":{"@type":"PropertyValueSpecification","valueRequired":true,"valueName":"search_term_string"}}],"inLanguage":"pt-PT"},{"@type":"Organization","@id":"https:\/\/inclusivenews.com.br\/#organization","name":"Inclusive - inclus\u00e3o e cidadania","url":"https:\/\/inclusivenews.com.br\/","logo":{"@type":"ImageObject","inLanguage":"pt-PT","@id":"https:\/\/inclusivenews.com.br\/#\/schema\/logo\/image\/","url":"https:\/\/inclusivenews.com.br\/wp-content\/uploads\/2024\/03\/@grandesite.png","contentUrl":"https:\/\/inclusivenews.com.br\/wp-content\/uploads\/2024\/03\/@grandesite.png","width":1080,"height":1080,"caption":"Inclusive - inclus\u00e3o e cidadania"},"image":{"@id":"https:\/\/inclusivenews.com.br\/#\/schema\/logo\/image\/"},"sameAs":["https:\/\/www.facebook.com\/agenciainclusive\/","https:\/\/www.instagram.com\/newsinclusive\/"]},{"@type":"Person","@id":"https:\/\/inclusivenews.com.br\/#\/schema\/person\/ae4ec7087559b8692fb33b6fffd2273b","name":"inclusivenews2024","image":{"@type":"ImageObject","inLanguage":"pt-PT","@id":"https:\/\/secure.gravatar.com\/avatar\/c5a7ef84c66fa914f55bc4f7ce26cfa275a3b9a1c5568b907bd184fb4dde7b40?s=96&d=mm&r=g","url":"https:\/\/secure.gravatar.com\/avatar\/c5a7ef84c66fa914f55bc4f7ce26cfa275a3b9a1c5568b907bd184fb4dde7b40?s=96&d=mm&r=g","contentUrl":"https:\/\/secure.gravatar.com\/avatar\/c5a7ef84c66fa914f55bc4f7ce26cfa275a3b9a1c5568b907bd184fb4dde7b40?s=96&d=mm&r=g","caption":"inclusivenews2024"},"sameAs":["https:\/\/inclusivenews.com.br"],"url":"https:\/\/inclusivenews.com.br\/?author=1"}]}},"_links":{"self":[{"href":"https:\/\/inclusivenews.com.br\/index.php?rest_route=\/wp\/v2\/posts\/27802","targetHints":{"allow":["GET"]}}],"collection":[{"href":"https:\/\/inclusivenews.com.br\/index.php?rest_route=\/wp\/v2\/posts"}],"about":[{"href":"https:\/\/inclusivenews.com.br\/index.php?rest_route=\/wp\/v2\/types\/post"}],"author":[{"embeddable":true,"href":"https:\/\/inclusivenews.com.br\/index.php?rest_route=\/wp\/v2\/users\/1"}],"replies":[{"embeddable":true,"href":"https:\/\/inclusivenews.com.br\/index.php?rest_route=%2Fwp%2Fv2%2Fcomments&post=27802"}],"version-history":[{"count":0,"href":"https:\/\/inclusivenews.com.br\/index.php?rest_route=\/wp\/v2\/posts\/27802\/revisions"}],"wp:attachment":[{"href":"https:\/\/inclusivenews.com.br\/index.php?rest_route=%2Fwp%2Fv2%2Fmedia&parent=27802"}],"wp:term":[{"taxonomy":"category","embeddable":true,"href":"https:\/\/inclusivenews.com.br\/index.php?rest_route=%2Fwp%2Fv2%2Fcategories&post=27802"},{"taxonomy":"post_tag","embeddable":true,"href":"https:\/\/inclusivenews.com.br\/index.php?rest_route=%2Fwp%2Fv2%2Ftags&post=27802"}],"curies":[{"name":"wp","href":"https:\/\/api.w.org\/{rel}","templated":true}]}}