{"id":2784,"date":"2008-12-26T12:08:31","date_gmt":"2008-12-26T12:08:31","guid":{"rendered":"http:\/\/agenciainclusive.wordpress.com\/?p=2784"},"modified":"2008-12-26T12:08:31","modified_gmt":"2008-12-26T12:08:31","slug":"contran-regulamenta-estacionamento-destinado-a-idosos-e-portadores-de-deficiencia","status":"publish","type":"post","link":"https:\/\/inclusivenews.com.br\/?p=2784","title":{"rendered":"Contran regulamenta estacionamento destinado a idosos e portadores de defici\u00eancia"},"content":{"rendered":"<p>O Conselho Nacional de Tr\u00e2nsito (Contran) publicou nesta segunda-feira (22) as Resolu\u00e7\u00f5es 303 e 304 que tratam, respectivamente, da regulamenta\u00e7\u00e3o das vagas de estacionamento de ve\u00edculos destinas ao uso exclusivo de pessoas idosas e portadoras de defici\u00eancia com dificuldade de locomo\u00e7\u00e3o.<\/p>\n<div>\n<p>As Resolu\u00e7\u00f5es padronizam as sinaliza\u00e7\u00f5es (vertical e horizontal) que dever\u00e3o ser utilizadas na identifica\u00e7\u00e3o das vagas. As normas tamb\u00e9m padronizam o modelo de credencial, documento obrigat\u00f3rio para identificar os ve\u00edculos que transportam pessoas idosas ou portadoras de defici\u00eancia com dificuldade de locomo\u00e7\u00e3o. A credencial ser\u00e1 emitida pelo \u00f3rg\u00e3o ou entidade executiva de tr\u00e2nsito do munic\u00edpio de domic\u00edlio da pessoa a ser credenciada e ser\u00e1 v\u00e1lida em todo o territ\u00f3rio nacional. No caso do munic\u00edpio n\u00e3o integrado ao Sistema Nacional de Tr\u00e2nsito, o documento ser\u00e1 expedido pelo Departamento Estadual de Tr\u00e2nsito (Detran).<\/p>\n<p>Em rela\u00e7\u00e3o \u00e0s pessoas portadoras de defici\u00eancia e com dificuldade de locomo\u00e7\u00e3o, o prazo de validade da credencial ser\u00e1 definido pelo \u00f3rg\u00e3o emissor. A credencial dever\u00e1 estar no painel do ve\u00edculo ou em local vis\u00edvel. Em caso de irregularidades, como por exemplo, se for constada que a vaga n\u00e3o foi utilizada pelo credenciado o documento poder\u00e1 ser suspenso.<\/p>\n<p>O uso das vagas em desacordo com as normas ser\u00e1 considerado infra\u00e7\u00e3o leve que prev\u00ea multa de R$ 53,21, tr\u00eas pontos na Carteira Nacional de Habilita\u00e7\u00e3o e a remo\u00e7\u00e3o do ve\u00edculo. Os \u00f3rg\u00e3os de tr\u00e2nsito ter\u00e3o 360 dias para adequarem as \u00e1reas de estacionamento destinados o uso exclusivo de pessoas idosas e portadoras de defici\u00eancia com dificuldade de locomo\u00e7\u00e3o.<\/p>\n<p>Mais informa\u00e7\u00f5es,<br \/>\nAssessoria de Imprensa \u2013 Denatran<br \/>\nTEL. \u00a0(61)\u00a03429-3349<br \/>\n<a title=\"Assessoria de imprensa do Denatran\" rel=\"nofollow noopener\" href=\"http:\/\/blig.ig.com.br\/acessivelparatodos\/imprensa@denatran.gov.br\" target=\"_blank\"><span style=\"color:#003399;\">imprensa@denatran.gov.br<\/span><\/a><\/p>\n<p>Fonte: DENATRAN<br \/>\n<a title=\"Link do DENATRAN\" rel=\"nofollow noopener\" href=\"http:\/\/www.denatran.gov.br\/ultimas\/20081222_estacionamento_idosos.htm\" target=\"_blank\"><span style=\"color:#003399;\">http:\/\/www.denatran.gov.br\/ultimas\/20081222_estacionamento_idosos.htm<\/span><\/a><\/div>\n","protected":false},"excerpt":{"rendered":"<p>O Conselho Nacional de Tr\u00e2nsito (Contran) publicou nesta segunda-feira (22) as Resolu\u00e7\u00f5es 303 e 304 que tratam, respectivamente, da regulamenta\u00e7\u00e3o das vagas de estacionamento de ve\u00edculos destinas ao uso exclusivo de pessoas idosas e portadoras de defici\u00eancia com dificuldade de locomo\u00e7\u00e3o. As Resolu\u00e7\u00f5es padronizam as sinaliza\u00e7\u00f5es (vertical e horizontal) que dever\u00e3o ser utilizadas na identifica\u00e7\u00e3o [&hellip;]<\/p>\n","protected":false},"author":2,"featured_media":0,"comment_status":"open","ping_status":"open","sticky":false,"template":"","format":"standard","meta":{"site-container-style":"default","site-container-layout":"default","site-sidebar-layout":"default","disable-article-header":"default","disable-site-header":"default","disable-site-footer":"default","disable-content-area-spacing":"default","footnotes":""},"categories":[4],"tags":[],"class_list":["post-2784","post","type-post","status-publish","format-standard","hentry","category-noticias"],"yoast_head":"<!-- This site is optimized with the Yoast SEO plugin v27.4 - https:\/\/yoast.com\/product\/yoast-seo-wordpress\/ -->\n<title>Contran regulamenta estacionamento destinado a idosos e portadores de defici\u00eancia -<\/title>\n<meta name=\"robots\" content=\"index, follow, max-snippet:-1, max-image-preview:large, max-video-preview:-1\" \/>\n<link rel=\"canonical\" href=\"https:\/\/inclusivenews.com.br\/?p=2784\" \/>\n<meta property=\"og:locale\" content=\"pt_PT\" \/>\n<meta property=\"og:type\" content=\"article\" \/>\n<meta property=\"og:title\" content=\"Contran regulamenta estacionamento destinado a idosos e portadores de defici\u00eancia -\" \/>\n<meta property=\"og:description\" content=\"O Conselho Nacional de Tr\u00e2nsito (Contran) publicou nesta segunda-feira (22) as Resolu\u00e7\u00f5es 303 e 304 que tratam, respectivamente, da regulamenta\u00e7\u00e3o das vagas de estacionamento de ve\u00edculos destinas ao uso exclusivo de pessoas idosas e portadoras de defici\u00eancia com dificuldade de locomo\u00e7\u00e3o. As Resolu\u00e7\u00f5es padronizam as sinaliza\u00e7\u00f5es (vertical e horizontal) que dever\u00e3o ser utilizadas na identifica\u00e7\u00e3o [&hellip;]\" \/>\n<meta property=\"og:url\" content=\"https:\/\/inclusivenews.com.br\/?p=2784\" \/>\n<meta property=\"article:publisher\" content=\"https:\/\/www.facebook.com\/agenciainclusive\/\" \/>\n<meta property=\"article:published_time\" content=\"2008-12-26T12:08:31+00:00\" \/>\n<meta name=\"author\" content=\"Inclusive\" \/>\n<meta name=\"twitter:card\" content=\"summary_large_image\" \/>\n<meta name=\"twitter:label1\" content=\"Escrito por\" \/>\n\t<meta name=\"twitter:data1\" content=\"Inclusive\" \/>\n\t<meta name=\"twitter:label2\" content=\"Tempo estimado de leitura\" \/>\n\t<meta name=\"twitter:data2\" content=\"2 minutos\" \/>\n<script type=\"application\/ld+json\" class=\"yoast-schema-graph\">{\"@context\":\"https:\\\/\\\/schema.org\",\"@graph\":[{\"@type\":\"Article\",\"@id\":\"https:\\\/\\\/inclusivenews.com.br\\\/?p=2784#article\",\"isPartOf\":{\"@id\":\"https:\\\/\\\/inclusivenews.com.br\\\/?p=2784\"},\"author\":{\"name\":\"Inclusive\",\"@id\":\"https:\\\/\\\/inclusivenews.com.br\\\/#\\\/schema\\\/person\\\/0dab492019871b94abb65fa8ee7c8c44\"},\"headline\":\"Contran regulamenta estacionamento destinado a idosos e portadores de defici\u00eancia\",\"datePublished\":\"2008-12-26T12:08:31+00:00\",\"mainEntityOfPage\":{\"@id\":\"https:\\\/\\\/inclusivenews.com.br\\\/?p=2784\"},\"wordCount\":321,\"commentCount\":0,\"publisher\":{\"@id\":\"https:\\\/\\\/inclusivenews.com.br\\\/#organization\"},\"articleSection\":[\"NOT\u00cdCIAS\"],\"inLanguage\":\"pt-PT\",\"potentialAction\":[{\"@type\":\"CommentAction\",\"name\":\"Comment\",\"target\":[\"https:\\\/\\\/inclusivenews.com.br\\\/?p=2784#respond\"]}]},{\"@type\":\"WebPage\",\"@id\":\"https:\\\/\\\/inclusivenews.com.br\\\/?p=2784\",\"url\":\"https:\\\/\\\/inclusivenews.com.br\\\/?p=2784\",\"name\":\"Contran regulamenta estacionamento destinado a idosos e portadores de defici\u00eancia -\",\"isPartOf\":{\"@id\":\"https:\\\/\\\/inclusivenews.com.br\\\/#website\"},\"datePublished\":\"2008-12-26T12:08:31+00:00\",\"breadcrumb\":{\"@id\":\"https:\\\/\\\/inclusivenews.com.br\\\/?p=2784#breadcrumb\"},\"inLanguage\":\"pt-PT\",\"potentialAction\":[{\"@type\":\"ReadAction\",\"target\":[\"https:\\\/\\\/inclusivenews.com.br\\\/?p=2784\"]}]},{\"@type\":\"BreadcrumbList\",\"@id\":\"https:\\\/\\\/inclusivenews.com.br\\\/?p=2784#breadcrumb\",\"itemListElement\":[{\"@type\":\"ListItem\",\"position\":1,\"name\":\"In\u00edcio\",\"item\":\"https:\\\/\\\/inclusivenews.com.br\\\/\"},{\"@type\":\"ListItem\",\"position\":2,\"name\":\"Contran regulamenta estacionamento destinado a idosos e portadores de defici\u00eancia\"}]},{\"@type\":\"WebSite\",\"@id\":\"https:\\\/\\\/inclusivenews.com.br\\\/#website\",\"url\":\"https:\\\/\\\/inclusivenews.com.br\\\/\",\"name\":\"Inclusive News\",\"description\":\"Inclusive News\",\"publisher\":{\"@id\":\"https:\\\/\\\/inclusivenews.com.br\\\/#organization\"},\"potentialAction\":[{\"@type\":\"SearchAction\",\"target\":{\"@type\":\"EntryPoint\",\"urlTemplate\":\"https:\\\/\\\/inclusivenews.com.br\\\/?s={search_term_string}\"},\"query-input\":{\"@type\":\"PropertyValueSpecification\",\"valueRequired\":true,\"valueName\":\"search_term_string\"}}],\"inLanguage\":\"pt-PT\"},{\"@type\":\"Organization\",\"@id\":\"https:\\\/\\\/inclusivenews.com.br\\\/#organization\",\"name\":\"Inclusive - inclus\u00e3o e cidadania\",\"url\":\"https:\\\/\\\/inclusivenews.com.br\\\/\",\"logo\":{\"@type\":\"ImageObject\",\"inLanguage\":\"pt-PT\",\"@id\":\"https:\\\/\\\/inclusivenews.com.br\\\/#\\\/schema\\\/logo\\\/image\\\/\",\"url\":\"https:\\\/\\\/inclusivenews.com.br\\\/wp-content\\\/uploads\\\/2024\\\/03\\\/@grandesite.png\",\"contentUrl\":\"https:\\\/\\\/inclusivenews.com.br\\\/wp-content\\\/uploads\\\/2024\\\/03\\\/@grandesite.png\",\"width\":1080,\"height\":1080,\"caption\":\"Inclusive - inclus\u00e3o e cidadania\"},\"image\":{\"@id\":\"https:\\\/\\\/inclusivenews.com.br\\\/#\\\/schema\\\/logo\\\/image\\\/\"},\"sameAs\":[\"https:\\\/\\\/www.facebook.com\\\/agenciainclusive\\\/\",\"https:\\\/\\\/www.instagram.com\\\/newsinclusive\\\/\"]},{\"@type\":\"Person\",\"@id\":\"https:\\\/\\\/inclusivenews.com.br\\\/#\\\/schema\\\/person\\\/0dab492019871b94abb65fa8ee7c8c44\",\"name\":\"Inclusive\",\"image\":{\"@type\":\"ImageObject\",\"inLanguage\":\"pt-PT\",\"@id\":\"https:\\\/\\\/secure.gravatar.com\\\/avatar\\\/?s=96&d=mm&r=g\",\"url\":\"https:\\\/\\\/secure.gravatar.com\\\/avatar\\\/?s=96&d=mm&r=g\",\"contentUrl\":\"https:\\\/\\\/secure.gravatar.com\\\/avatar\\\/?s=96&d=mm&r=g\",\"caption\":\"Inclusive\"},\"url\":\"https:\\\/\\\/inclusivenews.com.br\\\/?author=2\"}]}<\/script>\n<!-- \/ Yoast SEO plugin. -->","yoast_head_json":{"title":"Contran regulamenta estacionamento destinado a idosos e portadores de defici\u00eancia -","robots":{"index":"index","follow":"follow","max-snippet":"max-snippet:-1","max-image-preview":"max-image-preview:large","max-video-preview":"max-video-preview:-1"},"canonical":"https:\/\/inclusivenews.com.br\/?p=2784","og_locale":"pt_PT","og_type":"article","og_title":"Contran regulamenta estacionamento destinado a idosos e portadores de defici\u00eancia -","og_description":"O Conselho Nacional de Tr\u00e2nsito (Contran) publicou nesta segunda-feira (22) as Resolu\u00e7\u00f5es 303 e 304 que tratam, respectivamente, da regulamenta\u00e7\u00e3o das vagas de estacionamento de ve\u00edculos destinas ao uso exclusivo de pessoas idosas e portadoras de defici\u00eancia com dificuldade de locomo\u00e7\u00e3o. As Resolu\u00e7\u00f5es padronizam as sinaliza\u00e7\u00f5es (vertical e horizontal) que dever\u00e3o ser utilizadas na identifica\u00e7\u00e3o [&hellip;]","og_url":"https:\/\/inclusivenews.com.br\/?p=2784","article_publisher":"https:\/\/www.facebook.com\/agenciainclusive\/","article_published_time":"2008-12-26T12:08:31+00:00","author":"Inclusive","twitter_card":"summary_large_image","twitter_misc":{"Escrito por":"Inclusive","Tempo estimado de leitura":"2 minutos"},"schema":{"@context":"https:\/\/schema.org","@graph":[{"@type":"Article","@id":"https:\/\/inclusivenews.com.br\/?p=2784#article","isPartOf":{"@id":"https:\/\/inclusivenews.com.br\/?p=2784"},"author":{"name":"Inclusive","@id":"https:\/\/inclusivenews.com.br\/#\/schema\/person\/0dab492019871b94abb65fa8ee7c8c44"},"headline":"Contran regulamenta estacionamento destinado a idosos e portadores de defici\u00eancia","datePublished":"2008-12-26T12:08:31+00:00","mainEntityOfPage":{"@id":"https:\/\/inclusivenews.com.br\/?p=2784"},"wordCount":321,"commentCount":0,"publisher":{"@id":"https:\/\/inclusivenews.com.br\/#organization"},"articleSection":["NOT\u00cdCIAS"],"inLanguage":"pt-PT","potentialAction":[{"@type":"CommentAction","name":"Comment","target":["https:\/\/inclusivenews.com.br\/?p=2784#respond"]}]},{"@type":"WebPage","@id":"https:\/\/inclusivenews.com.br\/?p=2784","url":"https:\/\/inclusivenews.com.br\/?p=2784","name":"Contran regulamenta estacionamento destinado a idosos e portadores de defici\u00eancia -","isPartOf":{"@id":"https:\/\/inclusivenews.com.br\/#website"},"datePublished":"2008-12-26T12:08:31+00:00","breadcrumb":{"@id":"https:\/\/inclusivenews.com.br\/?p=2784#breadcrumb"},"inLanguage":"pt-PT","potentialAction":[{"@type":"ReadAction","target":["https:\/\/inclusivenews.com.br\/?p=2784"]}]},{"@type":"BreadcrumbList","@id":"https:\/\/inclusivenews.com.br\/?p=2784#breadcrumb","itemListElement":[{"@type":"ListItem","position":1,"name":"In\u00edcio","item":"https:\/\/inclusivenews.com.br\/"},{"@type":"ListItem","position":2,"name":"Contran regulamenta estacionamento destinado a idosos e portadores de defici\u00eancia"}]},{"@type":"WebSite","@id":"https:\/\/inclusivenews.com.br\/#website","url":"https:\/\/inclusivenews.com.br\/","name":"Inclusive News","description":"Inclusive News","publisher":{"@id":"https:\/\/inclusivenews.com.br\/#organization"},"potentialAction":[{"@type":"SearchAction","target":{"@type":"EntryPoint","urlTemplate":"https:\/\/inclusivenews.com.br\/?s={search_term_string}"},"query-input":{"@type":"PropertyValueSpecification","valueRequired":true,"valueName":"search_term_string"}}],"inLanguage":"pt-PT"},{"@type":"Organization","@id":"https:\/\/inclusivenews.com.br\/#organization","name":"Inclusive - inclus\u00e3o e cidadania","url":"https:\/\/inclusivenews.com.br\/","logo":{"@type":"ImageObject","inLanguage":"pt-PT","@id":"https:\/\/inclusivenews.com.br\/#\/schema\/logo\/image\/","url":"https:\/\/inclusivenews.com.br\/wp-content\/uploads\/2024\/03\/@grandesite.png","contentUrl":"https:\/\/inclusivenews.com.br\/wp-content\/uploads\/2024\/03\/@grandesite.png","width":1080,"height":1080,"caption":"Inclusive - inclus\u00e3o e cidadania"},"image":{"@id":"https:\/\/inclusivenews.com.br\/#\/schema\/logo\/image\/"},"sameAs":["https:\/\/www.facebook.com\/agenciainclusive\/","https:\/\/www.instagram.com\/newsinclusive\/"]},{"@type":"Person","@id":"https:\/\/inclusivenews.com.br\/#\/schema\/person\/0dab492019871b94abb65fa8ee7c8c44","name":"Inclusive","image":{"@type":"ImageObject","inLanguage":"pt-PT","@id":"https:\/\/secure.gravatar.com\/avatar\/?s=96&d=mm&r=g","url":"https:\/\/secure.gravatar.com\/avatar\/?s=96&d=mm&r=g","contentUrl":"https:\/\/secure.gravatar.com\/avatar\/?s=96&d=mm&r=g","caption":"Inclusive"},"url":"https:\/\/inclusivenews.com.br\/?author=2"}]}},"_links":{"self":[{"href":"https:\/\/inclusivenews.com.br\/index.php?rest_route=\/wp\/v2\/posts\/2784","targetHints":{"allow":["GET"]}}],"collection":[{"href":"https:\/\/inclusivenews.com.br\/index.php?rest_route=\/wp\/v2\/posts"}],"about":[{"href":"https:\/\/inclusivenews.com.br\/index.php?rest_route=\/wp\/v2\/types\/post"}],"author":[{"embeddable":true,"href":"https:\/\/inclusivenews.com.br\/index.php?rest_route=\/wp\/v2\/users\/2"}],"replies":[{"embeddable":true,"href":"https:\/\/inclusivenews.com.br\/index.php?rest_route=%2Fwp%2Fv2%2Fcomments&post=2784"}],"version-history":[{"count":0,"href":"https:\/\/inclusivenews.com.br\/index.php?rest_route=\/wp\/v2\/posts\/2784\/revisions"}],"wp:attachment":[{"href":"https:\/\/inclusivenews.com.br\/index.php?rest_route=%2Fwp%2Fv2%2Fmedia&parent=2784"}],"wp:term":[{"taxonomy":"category","embeddable":true,"href":"https:\/\/inclusivenews.com.br\/index.php?rest_route=%2Fwp%2Fv2%2Fcategories&post=2784"},{"taxonomy":"post_tag","embeddable":true,"href":"https:\/\/inclusivenews.com.br\/index.php?rest_route=%2Fwp%2Fv2%2Ftags&post=2784"}],"curies":[{"name":"wp","href":"https:\/\/api.w.org\/{rel}","templated":true}]}}