{"id":27855,"date":"2015-03-21T11:43:13","date_gmt":"2015-03-21T14:43:13","guid":{"rendered":"http:\/\/www.inclusive.org.br\/?p=27855"},"modified":"2015-03-21T11:43:13","modified_gmt":"2015-03-21T14:43:13","slug":"o-dia-internacional-da-sindrome-de-down-e-a-quebra-de-paradigmas","status":"publish","type":"post","link":"https:\/\/inclusivenews.com.br\/?p=27855","title":{"rendered":"O Dia Internacional da S\u00edndrome de Down  e a quebra de paradigmas"},"content":{"rendered":"<p style=\"text-align: left;\" align=\"right\"><img loading=\"lazy\" decoding=\"async\" class=\"alignnone size-full wp-image-21164\" alt=\"Exclus\u00e3o - um c\u00edrculo de prendedores de roupas iguais deixa de fora um diferente\" src=\"http:\/\/inclusivenews.com.br\/wp-content\/uploads\/exclusao.png\" width=\"225\" height=\"169\" \/><\/p>\n<p style=\"text-align: left;\" align=\"right\"><em>Por Guga Dorea<\/em><\/p>\n<p><em>Colabora\u00e7\u00e3o coletiva; Grupo S\u00e3o Paulo do Boletim do centro Alceu de Amoroso Lima &#8211; Elisa Helena Rocha de Carvalho, Jos\u00e9 Juliano de Carvalho Filho, Thomaz Ferreira Jensen e Silvio Mieli.<\/em><\/p>\n<p>A <i>Down Syndrome International<\/i> prop\u00f4s o dia 21 de mar\u00e7o como sendo o Dia Internacional da S\u00edndrome de Down. Mas comemorar o que, para que e por qu\u00ea? Segundo evid\u00eancias apontadas pela hist\u00f3ria da medicina, a descri\u00e7\u00e3o dessa s\u00edndrome apareceu pela primeira vez em 1862. Foi quando o m\u00e9dico brit\u00e2nico, John Langdon Down, apresentou cientificamente o que ele denominou como doen\u00e7a degenerativa.<\/p>\n<p>Fortemente influenciado pelas teorias racistas da \u00e9poca, Langdon Down apontou para a possibilidade de algumas pessoas estarem retornando a uma condi\u00e7\u00e3o racial concebida como primitiva, muito pr\u00f3xima \u00e0 fisionomia dos Mong\u00f3is que, segundo o cientista, viviam em um \u201cestado regressivo da evolu\u00e7\u00e3o\u201d.<\/p>\n<p>Langdon Down afirmou ainda que os \u201cmongoloides\u201d s\u00f3 conseguiriam sair de sua condi\u00e7\u00e3o de \u201cinacabados\u201d com um treinamento especializado. Pensando no fil\u00f3sofo Michel Foucault, foi no per\u00edodo denominado como modernidade, sobretudo entre o s\u00e9culo XVIII e meados do XX, que pr\u00e1ticas constantes de disciplinaliza\u00e7\u00e3o foram sendo colocadas em pr\u00e1tica contra todos que eram rotulados de \u201cdegenerados\u201d e \u201cdesgarrados\u201d da \u201cboa e coesa\u201d sociedade capitalista.<\/p>\n<p>Essa divis\u00e3o dos seres humanos entre \u201cnormais\u201d e \u201canormais\u201d chegou a seu ponto m\u00e1ximo no per\u00edodo do nazismo. Em um programa chamado Aktion T4, os nazistas passaram a exterminar todas as pessoas concebidas na \u00e9poca como \u201cperigosas\u201d.<\/p>\n<p>Com a derrocada do Nazismo e a vit\u00f3ria dos aliados, tanto na Europa, como nos EUA, come\u00e7ou-se a pensar na inclus\u00e3o social e escolar. No entanto, ainda tendo como pano de fundo o modelo da homogeneidade e n\u00e3o o da heterogeneidade.<\/p>\n<p>Apenas em 1959, o cientista Jerome Lejeune descobriu que a S\u00edndrome de Down \u00e9 causada pela trissomia do cromossomo 21. Da\u00ed a comemora\u00e7\u00e3o nesse dia. Mas para essa justa homenagem n\u00e3o se transformar em mais um enfeite no calend\u00e1rio das infinitas outras comemora\u00e7\u00f5es espalhadas pelo planeta, \u00e9 necess\u00e1rio o rompimento do paradigma que separa as pessoas em iguais e diferentes.<\/p>\n<p>Caso contr\u00e1rio, mesmo que positivemos o \u201cdiferente\u201d, a tarefa dos que n\u00e3o se adequam continuar\u00e1 a de ser uma c\u00f3pia, a mais perfeita poss\u00edvel, desse modo de ser e de se comportar padronizado e \u00fanico. Para estarem aptos a viverem no seleto mundo da normalidade, ainda ter\u00e3o que se adequar a um prot\u00f3tipo excludente da igualdade.<\/p>\n<p>Pensando de outra maneira, para oferecer oportunidades iguais para todos, temos que tratar as pessoas de uma forma diferente. E isso independe da pessoa ter ou n\u00e3o a S\u00edndrome de Down, ou outra das rotuladas como defici\u00eancia.<\/p>\n<p>Temos sim que comemorar os inquestion\u00e1veis avan\u00e7os dos \u00faltimos tempos. Por outro lado, \u00e9 importante enfatizar: continuaremos a exercer uma forma \u2013 muitas vezes s\u00fatil e impercept\u00edvel, de preconceito, enquanto n\u00e3o for quebrado o paradigma de que \u201celes\u201d s\u00e3o diferentes de \u201cn\u00f3s\u201d \u2013 os denominados \u201ciguais\u201d. \u00c9 imaginar tamb\u00e9m que n\u00e3o h\u00e1 diferen\u00e7as entre os chamados \u201csem defici\u00eancia\u201d.<\/p>\n<p>Dessa forma, o estigma do \u201cdiferente\u201d continuar\u00e1 a ser um obst\u00e1culo para que cada pessoa com a S\u00edndrome de Down tenha a sua pr\u00f3pria singularidade, como se n\u00e3o houvesse diferen\u00e7as entre eles. Muitos ainda pensam que todas elas ser\u00e3o \u201ceternas crian\u00e7as\u201d e jamais se tornar\u00e3o adultas. Esse \u00e9 um dos grandes mitos que precisa ser rompido.<\/p>\n<p>\u00c9 o mesmo que dizer: todos os ind\u00edgenas s\u00e3o igualmente \u201cdiferentes\u201d do modelo ideal de sociedade, representado aqui pelo homem branco e \u201ccivilizado\u201d. Essas e muitas outras formas de discrimina\u00e7\u00e3o continuar\u00e3o a existir se n\u00e3o derrubarmos mais esse muro, que separa os seres humanos em dicotomias excludentes, como normal\/anormal; igual\/diferente; civilizado\/selvagem, entre muitas outras.<\/p>\n<p>&nbsp;<\/p>\n","protected":false},"excerpt":{"rendered":"<p>Pensando de outra maneira, para oferecer oportunidades iguais para todos, temos que tratar as pessoas de uma forma diferente. E isso independe da pessoa ter ou n\u00e3o a S\u00edndrome de Down, ou outra das rotuladas como defici\u00eancia. Opini\u00e3o \u00e9 de Guga D\u00f3rea.<\/p>\n","protected":false},"author":1,"featured_media":0,"comment_status":"open","ping_status":"open","sticky":false,"template":"","format":"standard","meta":{"site-container-style":"default","site-container-layout":"default","site-sidebar-layout":"default","disable-article-header":"default","disable-site-header":"default","disable-site-footer":"default","disable-content-area-spacing":"default","footnotes":""},"categories":[8],"tags":[],"class_list":["post-27855","post","type-post","status-publish","format-standard","hentry","category-textos-e-artigos"],"yoast_head":"<!-- This site is optimized with the Yoast SEO plugin v27.4 - https:\/\/yoast.com\/product\/yoast-seo-wordpress\/ -->\n<title>O Dia Internacional da S\u00edndrome de Down e a quebra de paradigmas -<\/title>\n<meta name=\"robots\" content=\"index, follow, max-snippet:-1, max-image-preview:large, max-video-preview:-1\" \/>\n<link rel=\"canonical\" href=\"https:\/\/inclusivenews.com.br\/?p=27855\" \/>\n<meta property=\"og:locale\" content=\"pt_PT\" \/>\n<meta property=\"og:type\" content=\"article\" \/>\n<meta property=\"og:title\" content=\"O Dia Internacional da S\u00edndrome de Down e a quebra de paradigmas -\" \/>\n<meta property=\"og:description\" content=\"Pensando de outra maneira, para oferecer oportunidades iguais para todos, temos que tratar as pessoas de uma forma diferente. E isso independe da pessoa ter ou n\u00e3o a S\u00edndrome de Down, ou outra das rotuladas como defici\u00eancia. Opini\u00e3o \u00e9 de Guga D\u00f3rea.\" \/>\n<meta property=\"og:url\" content=\"https:\/\/inclusivenews.com.br\/?p=27855\" \/>\n<meta property=\"article:publisher\" content=\"https:\/\/www.facebook.com\/agenciainclusive\/\" \/>\n<meta property=\"article:published_time\" content=\"2015-03-21T14:43:13+00:00\" \/>\n<meta property=\"og:image\" content=\"http:\/\/inclusivenews.com.br\/wp-content\/uploads\/exclusao.png\" \/>\n<meta name=\"author\" content=\"inclusivenews2024\" \/>\n<meta name=\"twitter:card\" content=\"summary_large_image\" \/>\n<meta name=\"twitter:label1\" content=\"Escrito por\" \/>\n\t<meta name=\"twitter:data1\" content=\"inclusivenews2024\" \/>\n\t<meta name=\"twitter:label2\" content=\"Tempo estimado de leitura\" \/>\n\t<meta name=\"twitter:data2\" content=\"3 minutos\" \/>\n<script type=\"application\/ld+json\" class=\"yoast-schema-graph\">{\"@context\":\"https:\\\/\\\/schema.org\",\"@graph\":[{\"@type\":\"Article\",\"@id\":\"https:\\\/\\\/inclusivenews.com.br\\\/?p=27855#article\",\"isPartOf\":{\"@id\":\"https:\\\/\\\/inclusivenews.com.br\\\/?p=27855\"},\"author\":{\"name\":\"inclusivenews2024\",\"@id\":\"https:\\\/\\\/inclusivenews.com.br\\\/#\\\/schema\\\/person\\\/ae4ec7087559b8692fb33b6fffd2273b\"},\"headline\":\"O Dia Internacional da S\u00edndrome de Down e a quebra de paradigmas\",\"datePublished\":\"2015-03-21T14:43:13+00:00\",\"mainEntityOfPage\":{\"@id\":\"https:\\\/\\\/inclusivenews.com.br\\\/?p=27855\"},\"wordCount\":673,\"commentCount\":0,\"publisher\":{\"@id\":\"https:\\\/\\\/inclusivenews.com.br\\\/#organization\"},\"image\":{\"@id\":\"https:\\\/\\\/inclusivenews.com.br\\\/?p=27855#primaryimage\"},\"thumbnailUrl\":\"http:\\\/\\\/inclusivenews.com.br\\\/wp-content\\\/uploads\\\/exclusao.png\",\"articleSection\":[\"OPINI\u00c3O\"],\"inLanguage\":\"pt-PT\",\"potentialAction\":[{\"@type\":\"CommentAction\",\"name\":\"Comment\",\"target\":[\"https:\\\/\\\/inclusivenews.com.br\\\/?p=27855#respond\"]}]},{\"@type\":\"WebPage\",\"@id\":\"https:\\\/\\\/inclusivenews.com.br\\\/?p=27855\",\"url\":\"https:\\\/\\\/inclusivenews.com.br\\\/?p=27855\",\"name\":\"O Dia Internacional da S\u00edndrome de Down e a quebra de paradigmas -\",\"isPartOf\":{\"@id\":\"https:\\\/\\\/inclusivenews.com.br\\\/#website\"},\"primaryImageOfPage\":{\"@id\":\"https:\\\/\\\/inclusivenews.com.br\\\/?p=27855#primaryimage\"},\"image\":{\"@id\":\"https:\\\/\\\/inclusivenews.com.br\\\/?p=27855#primaryimage\"},\"thumbnailUrl\":\"http:\\\/\\\/inclusivenews.com.br\\\/wp-content\\\/uploads\\\/exclusao.png\",\"datePublished\":\"2015-03-21T14:43:13+00:00\",\"breadcrumb\":{\"@id\":\"https:\\\/\\\/inclusivenews.com.br\\\/?p=27855#breadcrumb\"},\"inLanguage\":\"pt-PT\",\"potentialAction\":[{\"@type\":\"ReadAction\",\"target\":[\"https:\\\/\\\/inclusivenews.com.br\\\/?p=27855\"]}]},{\"@type\":\"ImageObject\",\"inLanguage\":\"pt-PT\",\"@id\":\"https:\\\/\\\/inclusivenews.com.br\\\/?p=27855#primaryimage\",\"url\":\"\",\"contentUrl\":\"\"},{\"@type\":\"BreadcrumbList\",\"@id\":\"https:\\\/\\\/inclusivenews.com.br\\\/?p=27855#breadcrumb\",\"itemListElement\":[{\"@type\":\"ListItem\",\"position\":1,\"name\":\"In\u00edcio\",\"item\":\"https:\\\/\\\/inclusivenews.com.br\\\/\"},{\"@type\":\"ListItem\",\"position\":2,\"name\":\"O Dia Internacional da S\u00edndrome de Down e a quebra de paradigmas\"}]},{\"@type\":\"WebSite\",\"@id\":\"https:\\\/\\\/inclusivenews.com.br\\\/#website\",\"url\":\"https:\\\/\\\/inclusivenews.com.br\\\/\",\"name\":\"Inclusive News\",\"description\":\"Inclusive News\",\"publisher\":{\"@id\":\"https:\\\/\\\/inclusivenews.com.br\\\/#organization\"},\"potentialAction\":[{\"@type\":\"SearchAction\",\"target\":{\"@type\":\"EntryPoint\",\"urlTemplate\":\"https:\\\/\\\/inclusivenews.com.br\\\/?s={search_term_string}\"},\"query-input\":{\"@type\":\"PropertyValueSpecification\",\"valueRequired\":true,\"valueName\":\"search_term_string\"}}],\"inLanguage\":\"pt-PT\"},{\"@type\":\"Organization\",\"@id\":\"https:\\\/\\\/inclusivenews.com.br\\\/#organization\",\"name\":\"Inclusive - inclus\u00e3o e cidadania\",\"url\":\"https:\\\/\\\/inclusivenews.com.br\\\/\",\"logo\":{\"@type\":\"ImageObject\",\"inLanguage\":\"pt-PT\",\"@id\":\"https:\\\/\\\/inclusivenews.com.br\\\/#\\\/schema\\\/logo\\\/image\\\/\",\"url\":\"https:\\\/\\\/inclusivenews.com.br\\\/wp-content\\\/uploads\\\/2024\\\/03\\\/@grandesite.png\",\"contentUrl\":\"https:\\\/\\\/inclusivenews.com.br\\\/wp-content\\\/uploads\\\/2024\\\/03\\\/@grandesite.png\",\"width\":1080,\"height\":1080,\"caption\":\"Inclusive - inclus\u00e3o e cidadania\"},\"image\":{\"@id\":\"https:\\\/\\\/inclusivenews.com.br\\\/#\\\/schema\\\/logo\\\/image\\\/\"},\"sameAs\":[\"https:\\\/\\\/www.facebook.com\\\/agenciainclusive\\\/\",\"https:\\\/\\\/www.instagram.com\\\/newsinclusive\\\/\"]},{\"@type\":\"Person\",\"@id\":\"https:\\\/\\\/inclusivenews.com.br\\\/#\\\/schema\\\/person\\\/ae4ec7087559b8692fb33b6fffd2273b\",\"name\":\"inclusivenews2024\",\"image\":{\"@type\":\"ImageObject\",\"inLanguage\":\"pt-PT\",\"@id\":\"https:\\\/\\\/secure.gravatar.com\\\/avatar\\\/c5a7ef84c66fa914f55bc4f7ce26cfa275a3b9a1c5568b907bd184fb4dde7b40?s=96&d=mm&r=g\",\"url\":\"https:\\\/\\\/secure.gravatar.com\\\/avatar\\\/c5a7ef84c66fa914f55bc4f7ce26cfa275a3b9a1c5568b907bd184fb4dde7b40?s=96&d=mm&r=g\",\"contentUrl\":\"https:\\\/\\\/secure.gravatar.com\\\/avatar\\\/c5a7ef84c66fa914f55bc4f7ce26cfa275a3b9a1c5568b907bd184fb4dde7b40?s=96&d=mm&r=g\",\"caption\":\"inclusivenews2024\"},\"sameAs\":[\"https:\\\/\\\/inclusivenews.com.br\"],\"url\":\"https:\\\/\\\/inclusivenews.com.br\\\/?author=1\"}]}<\/script>\n<!-- \/ Yoast SEO plugin. -->","yoast_head_json":{"title":"O Dia Internacional da S\u00edndrome de Down e a quebra de paradigmas -","robots":{"index":"index","follow":"follow","max-snippet":"max-snippet:-1","max-image-preview":"max-image-preview:large","max-video-preview":"max-video-preview:-1"},"canonical":"https:\/\/inclusivenews.com.br\/?p=27855","og_locale":"pt_PT","og_type":"article","og_title":"O Dia Internacional da S\u00edndrome de Down e a quebra de paradigmas -","og_description":"Pensando de outra maneira, para oferecer oportunidades iguais para todos, temos que tratar as pessoas de uma forma diferente. E isso independe da pessoa ter ou n\u00e3o a S\u00edndrome de Down, ou outra das rotuladas como defici\u00eancia. Opini\u00e3o \u00e9 de Guga D\u00f3rea.","og_url":"https:\/\/inclusivenews.com.br\/?p=27855","article_publisher":"https:\/\/www.facebook.com\/agenciainclusive\/","article_published_time":"2015-03-21T14:43:13+00:00","og_image":[{"url":"http:\/\/inclusivenews.com.br\/wp-content\/uploads\/exclusao.png","type":"","width":"","height":""}],"author":"inclusivenews2024","twitter_card":"summary_large_image","twitter_misc":{"Escrito por":"inclusivenews2024","Tempo estimado de leitura":"3 minutos"},"schema":{"@context":"https:\/\/schema.org","@graph":[{"@type":"Article","@id":"https:\/\/inclusivenews.com.br\/?p=27855#article","isPartOf":{"@id":"https:\/\/inclusivenews.com.br\/?p=27855"},"author":{"name":"inclusivenews2024","@id":"https:\/\/inclusivenews.com.br\/#\/schema\/person\/ae4ec7087559b8692fb33b6fffd2273b"},"headline":"O Dia Internacional da S\u00edndrome de Down e a quebra de paradigmas","datePublished":"2015-03-21T14:43:13+00:00","mainEntityOfPage":{"@id":"https:\/\/inclusivenews.com.br\/?p=27855"},"wordCount":673,"commentCount":0,"publisher":{"@id":"https:\/\/inclusivenews.com.br\/#organization"},"image":{"@id":"https:\/\/inclusivenews.com.br\/?p=27855#primaryimage"},"thumbnailUrl":"http:\/\/inclusivenews.com.br\/wp-content\/uploads\/exclusao.png","articleSection":["OPINI\u00c3O"],"inLanguage":"pt-PT","potentialAction":[{"@type":"CommentAction","name":"Comment","target":["https:\/\/inclusivenews.com.br\/?p=27855#respond"]}]},{"@type":"WebPage","@id":"https:\/\/inclusivenews.com.br\/?p=27855","url":"https:\/\/inclusivenews.com.br\/?p=27855","name":"O Dia Internacional da S\u00edndrome de Down e a quebra de paradigmas -","isPartOf":{"@id":"https:\/\/inclusivenews.com.br\/#website"},"primaryImageOfPage":{"@id":"https:\/\/inclusivenews.com.br\/?p=27855#primaryimage"},"image":{"@id":"https:\/\/inclusivenews.com.br\/?p=27855#primaryimage"},"thumbnailUrl":"http:\/\/inclusivenews.com.br\/wp-content\/uploads\/exclusao.png","datePublished":"2015-03-21T14:43:13+00:00","breadcrumb":{"@id":"https:\/\/inclusivenews.com.br\/?p=27855#breadcrumb"},"inLanguage":"pt-PT","potentialAction":[{"@type":"ReadAction","target":["https:\/\/inclusivenews.com.br\/?p=27855"]}]},{"@type":"ImageObject","inLanguage":"pt-PT","@id":"https:\/\/inclusivenews.com.br\/?p=27855#primaryimage","url":"","contentUrl":""},{"@type":"BreadcrumbList","@id":"https:\/\/inclusivenews.com.br\/?p=27855#breadcrumb","itemListElement":[{"@type":"ListItem","position":1,"name":"In\u00edcio","item":"https:\/\/inclusivenews.com.br\/"},{"@type":"ListItem","position":2,"name":"O Dia Internacional da S\u00edndrome de Down e a quebra de paradigmas"}]},{"@type":"WebSite","@id":"https:\/\/inclusivenews.com.br\/#website","url":"https:\/\/inclusivenews.com.br\/","name":"Inclusive News","description":"Inclusive News","publisher":{"@id":"https:\/\/inclusivenews.com.br\/#organization"},"potentialAction":[{"@type":"SearchAction","target":{"@type":"EntryPoint","urlTemplate":"https:\/\/inclusivenews.com.br\/?s={search_term_string}"},"query-input":{"@type":"PropertyValueSpecification","valueRequired":true,"valueName":"search_term_string"}}],"inLanguage":"pt-PT"},{"@type":"Organization","@id":"https:\/\/inclusivenews.com.br\/#organization","name":"Inclusive - inclus\u00e3o e cidadania","url":"https:\/\/inclusivenews.com.br\/","logo":{"@type":"ImageObject","inLanguage":"pt-PT","@id":"https:\/\/inclusivenews.com.br\/#\/schema\/logo\/image\/","url":"https:\/\/inclusivenews.com.br\/wp-content\/uploads\/2024\/03\/@grandesite.png","contentUrl":"https:\/\/inclusivenews.com.br\/wp-content\/uploads\/2024\/03\/@grandesite.png","width":1080,"height":1080,"caption":"Inclusive - inclus\u00e3o e cidadania"},"image":{"@id":"https:\/\/inclusivenews.com.br\/#\/schema\/logo\/image\/"},"sameAs":["https:\/\/www.facebook.com\/agenciainclusive\/","https:\/\/www.instagram.com\/newsinclusive\/"]},{"@type":"Person","@id":"https:\/\/inclusivenews.com.br\/#\/schema\/person\/ae4ec7087559b8692fb33b6fffd2273b","name":"inclusivenews2024","image":{"@type":"ImageObject","inLanguage":"pt-PT","@id":"https:\/\/secure.gravatar.com\/avatar\/c5a7ef84c66fa914f55bc4f7ce26cfa275a3b9a1c5568b907bd184fb4dde7b40?s=96&d=mm&r=g","url":"https:\/\/secure.gravatar.com\/avatar\/c5a7ef84c66fa914f55bc4f7ce26cfa275a3b9a1c5568b907bd184fb4dde7b40?s=96&d=mm&r=g","contentUrl":"https:\/\/secure.gravatar.com\/avatar\/c5a7ef84c66fa914f55bc4f7ce26cfa275a3b9a1c5568b907bd184fb4dde7b40?s=96&d=mm&r=g","caption":"inclusivenews2024"},"sameAs":["https:\/\/inclusivenews.com.br"],"url":"https:\/\/inclusivenews.com.br\/?author=1"}]}},"_links":{"self":[{"href":"https:\/\/inclusivenews.com.br\/index.php?rest_route=\/wp\/v2\/posts\/27855","targetHints":{"allow":["GET"]}}],"collection":[{"href":"https:\/\/inclusivenews.com.br\/index.php?rest_route=\/wp\/v2\/posts"}],"about":[{"href":"https:\/\/inclusivenews.com.br\/index.php?rest_route=\/wp\/v2\/types\/post"}],"author":[{"embeddable":true,"href":"https:\/\/inclusivenews.com.br\/index.php?rest_route=\/wp\/v2\/users\/1"}],"replies":[{"embeddable":true,"href":"https:\/\/inclusivenews.com.br\/index.php?rest_route=%2Fwp%2Fv2%2Fcomments&post=27855"}],"version-history":[{"count":0,"href":"https:\/\/inclusivenews.com.br\/index.php?rest_route=\/wp\/v2\/posts\/27855\/revisions"}],"wp:attachment":[{"href":"https:\/\/inclusivenews.com.br\/index.php?rest_route=%2Fwp%2Fv2%2Fmedia&parent=27855"}],"wp:term":[{"taxonomy":"category","embeddable":true,"href":"https:\/\/inclusivenews.com.br\/index.php?rest_route=%2Fwp%2Fv2%2Fcategories&post=27855"},{"taxonomy":"post_tag","embeddable":true,"href":"https:\/\/inclusivenews.com.br\/index.php?rest_route=%2Fwp%2Fv2%2Ftags&post=27855"}],"curies":[{"name":"wp","href":"https:\/\/api.w.org\/{rel}","templated":true}]}}