{"id":27862,"date":"2015-03-25T07:14:24","date_gmt":"2015-03-25T10:14:24","guid":{"rendered":"http:\/\/www.inclusive.org.br\/?p=27862"},"modified":"2015-03-25T07:14:24","modified_gmt":"2015-03-25T10:14:24","slug":"cadeirante-paga-construcao-de-rampas-nas-calcadas-em-salvador","status":"publish","type":"post","link":"https:\/\/inclusivenews.com.br\/?p=27862","title":{"rendered":"Cadeirante paga constru\u00e7\u00e3o de rampas nas cal\u00e7adas em Salvador"},"content":{"rendered":"<p align=\"justify\"><em>Reportagem \u00e9 do G1<\/em><\/p>\n<p><img loading=\"lazy\" decoding=\"async\" class=\" wp-image-20173 alignnone\" title=\"Pessoa em cadeira de rodas (n\u00e3o se pode ver o rosto), passa por cal\u00e7ada esburacada. V\u00ea-se as pernas de mais duas pessoas atr\u00e1s dela.\" alt=\"Pessoa em cadeira de rodas (n\u00e3o se pode ver o rosto), passa por cal\u00e7ada esburacada. V\u00ea-se as pernas de mais duas pessoas atr\u00e1s dela.\" src=\"http:\/\/inclusivenews.com.br\/wp-content\/uploads\/porMobUrbSustvel_3b.jpg\" width=\"300\" height=\"200\" \/><\/p>\n<p align=\"justify\">Menos de 5% das ruas do pa\u00eds t\u00eam rampas de acesso para quem anda de cadeira de rodas. A falta de acessibilidade em Salvador levou um cadeirante a resolver o problema por conta pr\u00f3pria.<\/p>\n<p align=\"justify\">O material de constru\u00e7\u00e3o que Jos\u00e9 Wilson tem comprado n\u00e3o \u00e9 para casa dele. Faz um ano que ele come\u00e7ou a gastar do bolso com areia, brita e cimento para tapar buracos e construir rampas nas cal\u00e7adas, no bairro onde ele mora em Salvador. \u201cTive que construir isso para poder facilitar de andar no passeio. Sen\u00e3o, teria que andar no meio da rua disputando espa\u00e7o com os carros de alta velocidade, correndo risco o tempo inteiro\u201d, afirma o administrador de empresas, Jos\u00e9 Wilson Lago.<\/p>\n<p align=\"justify\">Em um outro ponto Jos\u00e9 Wilson n\u00e3o fez s\u00f3 a rampa. Ele mandou colocar barras para n\u00e3o sofrer com a falta de educa\u00e7\u00e3o de muitos motoristas. Tem gente que estaciona em frente aos acessos para deficientes, e da\u00ed de nada adiantaria todo esse trabalho.<\/p>\n<p align=\"justify\">Ele j\u00e1 gastou mais de R$ 2 mil com servi\u00e7os que, por lei, deveriam ter sido feitos pelos donos dos im\u00f3veis, j\u00e1 que a prefeitura s\u00f3 tem obriga\u00e7\u00e3o de fazer obras de acessibilidade nas pra\u00e7as e outros espa\u00e7os p\u00fablicos. Mas Jos\u00e9 Wilson cansou de esperar. \u201c\u00c9 uma op\u00e7\u00e3o \u00e9 uma falta de op\u00e7\u00e3o. Voc\u00ea tem que fazer se quiser se locomover\u201d, diz Jos\u00e9 Wilson.<\/p>\n<p align=\"justify\">\u00c9 uma barreira a cada esquina para quem vive sobre rodas: buracos, cal\u00e7adas sem rampas e estreitas demais, faixas de pedestres onde os cadeirantes n\u00e3o t\u00eam como descer. A prefeitura diz que nos \u00faltimos dois anos construiu 700 rampas nas pra\u00e7as e que os donos de im\u00f3veis reformaram cal\u00e7adas em 140 quil\u00f4metros de ruas. Mas admite: \u00e9 pouco.<\/p>\n<p align=\"justify\">\u201cSabemos que temos muito a fazer. A ideia nossa \u00e9 fazer 100 quil\u00f4metros por ano, estamos perseguindo esse objetivo e dando \u00eanfase para que nos pr\u00f3ximos anos se amplie esse valor e se chegue a um n\u00famero ideal de acessibilidade na cidade de Salvador\u201d, afirma o secret\u00e1rio municipal de Mobilidade F\u00e1bio Mota.<br \/>\nA Associa\u00e7\u00e3o Baiana dos Deficientes F\u00edsicos n\u00e3o aprova a atitude de Jos\u00e9 Wilson. \u201cDiria a ele at\u00e9 que nos procure para que a gente possa ajudar o poder p\u00fablico. Para transformar essa a\u00e7\u00e3o individual em uma a\u00e7\u00e3o coletiva\u201d, diz a Associa\u00e7\u00e3o Baiana de Deficientes F\u00edsico Luiza C\u00e2mera.<\/p>\n<p align=\"justify\">Mas o administrador n\u00e3o quer parar por a\u00ed. \u201cNos locais mais pr\u00f3ximos, que possa melhorar o m\u00ednimo de acessibilidade para mim, vou fazer com certeza, porque o cadeirante precisa sair de casa, ele n\u00e3o pode ficar preso em casa\u201d, conta Jos\u00e9 Wilson.<\/p>\n","protected":false},"excerpt":{"rendered":"<p>Menos de 5% das ruas do pa\u00eds t\u00eam rampas de acesso para quem anda de cadeira de rodas. A falta de acessibilidade em Salvador levou um cadeirante a resolver o problema por conta pr\u00f3pria. Reportagem \u00e9 do G1.<\/p>\n","protected":false},"author":1,"featured_media":0,"comment_status":"open","ping_status":"open","sticky":false,"template":"","format":"standard","meta":{"site-container-style":"default","site-container-layout":"default","site-sidebar-layout":"default","disable-article-header":"default","disable-site-header":"default","disable-site-footer":"default","disable-content-area-spacing":"default","footnotes":""},"categories":[44,48],"tags":[],"class_list":["post-27862","post","type-post","status-publish","format-standard","hentry","category-acessibilidade","category-inclusao"],"yoast_head":"<!-- This site is optimized with the Yoast SEO plugin v27.4 - https:\/\/yoast.com\/product\/yoast-seo-wordpress\/ -->\n<title>Cadeirante paga constru\u00e7\u00e3o de rampas nas cal\u00e7adas em Salvador -<\/title>\n<meta name=\"robots\" content=\"index, follow, max-snippet:-1, max-image-preview:large, max-video-preview:-1\" \/>\n<link rel=\"canonical\" href=\"https:\/\/inclusivenews.com.br\/?p=27862\" \/>\n<meta property=\"og:locale\" content=\"pt_PT\" \/>\n<meta property=\"og:type\" content=\"article\" \/>\n<meta property=\"og:title\" content=\"Cadeirante paga constru\u00e7\u00e3o de rampas nas cal\u00e7adas em Salvador -\" \/>\n<meta property=\"og:description\" content=\"Menos de 5% das ruas do pa\u00eds t\u00eam rampas de acesso para quem anda de cadeira de rodas. A falta de acessibilidade em Salvador levou um cadeirante a resolver o problema por conta pr\u00f3pria. Reportagem \u00e9 do G1.\" \/>\n<meta property=\"og:url\" content=\"https:\/\/inclusivenews.com.br\/?p=27862\" \/>\n<meta property=\"article:publisher\" content=\"https:\/\/www.facebook.com\/agenciainclusive\/\" \/>\n<meta property=\"article:published_time\" content=\"2015-03-25T10:14:24+00:00\" \/>\n<meta property=\"og:image\" content=\"http:\/\/inclusivenews.com.br\/wp-content\/uploads\/porMobUrbSustvel_3b.jpg\" \/>\n<meta name=\"author\" content=\"inclusivenews2024\" \/>\n<meta name=\"twitter:card\" content=\"summary_large_image\" \/>\n<meta name=\"twitter:label1\" content=\"Escrito por\" \/>\n\t<meta name=\"twitter:data1\" content=\"inclusivenews2024\" \/>\n\t<meta name=\"twitter:label2\" content=\"Tempo estimado de leitura\" \/>\n\t<meta name=\"twitter:data2\" content=\"2 minutos\" \/>\n<script type=\"application\/ld+json\" class=\"yoast-schema-graph\">{\"@context\":\"https:\\\/\\\/schema.org\",\"@graph\":[{\"@type\":\"Article\",\"@id\":\"https:\\\/\\\/inclusivenews.com.br\\\/?p=27862#article\",\"isPartOf\":{\"@id\":\"https:\\\/\\\/inclusivenews.com.br\\\/?p=27862\"},\"author\":{\"name\":\"inclusivenews2024\",\"@id\":\"https:\\\/\\\/inclusivenews.com.br\\\/#\\\/schema\\\/person\\\/ae4ec7087559b8692fb33b6fffd2273b\"},\"headline\":\"Cadeirante paga constru\u00e7\u00e3o de rampas nas cal\u00e7adas em Salvador\",\"datePublished\":\"2015-03-25T10:14:24+00:00\",\"mainEntityOfPage\":{\"@id\":\"https:\\\/\\\/inclusivenews.com.br\\\/?p=27862\"},\"wordCount\":473,\"commentCount\":0,\"publisher\":{\"@id\":\"https:\\\/\\\/inclusivenews.com.br\\\/#organization\"},\"image\":{\"@id\":\"https:\\\/\\\/inclusivenews.com.br\\\/?p=27862#primaryimage\"},\"thumbnailUrl\":\"http:\\\/\\\/inclusivenews.com.br\\\/wp-content\\\/uploads\\\/porMobUrbSustvel_3b.jpg\",\"articleSection\":[\"ACESSIBILIDADE\",\"INCLUS\u00c3O SOCIAL\"],\"inLanguage\":\"pt-PT\",\"potentialAction\":[{\"@type\":\"CommentAction\",\"name\":\"Comment\",\"target\":[\"https:\\\/\\\/inclusivenews.com.br\\\/?p=27862#respond\"]}]},{\"@type\":\"WebPage\",\"@id\":\"https:\\\/\\\/inclusivenews.com.br\\\/?p=27862\",\"url\":\"https:\\\/\\\/inclusivenews.com.br\\\/?p=27862\",\"name\":\"Cadeirante paga constru\u00e7\u00e3o de rampas nas cal\u00e7adas em Salvador -\",\"isPartOf\":{\"@id\":\"https:\\\/\\\/inclusivenews.com.br\\\/#website\"},\"primaryImageOfPage\":{\"@id\":\"https:\\\/\\\/inclusivenews.com.br\\\/?p=27862#primaryimage\"},\"image\":{\"@id\":\"https:\\\/\\\/inclusivenews.com.br\\\/?p=27862#primaryimage\"},\"thumbnailUrl\":\"http:\\\/\\\/inclusivenews.com.br\\\/wp-content\\\/uploads\\\/porMobUrbSustvel_3b.jpg\",\"datePublished\":\"2015-03-25T10:14:24+00:00\",\"breadcrumb\":{\"@id\":\"https:\\\/\\\/inclusivenews.com.br\\\/?p=27862#breadcrumb\"},\"inLanguage\":\"pt-PT\",\"potentialAction\":[{\"@type\":\"ReadAction\",\"target\":[\"https:\\\/\\\/inclusivenews.com.br\\\/?p=27862\"]}]},{\"@type\":\"ImageObject\",\"inLanguage\":\"pt-PT\",\"@id\":\"https:\\\/\\\/inclusivenews.com.br\\\/?p=27862#primaryimage\",\"url\":\"\",\"contentUrl\":\"\"},{\"@type\":\"BreadcrumbList\",\"@id\":\"https:\\\/\\\/inclusivenews.com.br\\\/?p=27862#breadcrumb\",\"itemListElement\":[{\"@type\":\"ListItem\",\"position\":1,\"name\":\"In\u00edcio\",\"item\":\"https:\\\/\\\/inclusivenews.com.br\\\/\"},{\"@type\":\"ListItem\",\"position\":2,\"name\":\"Cadeirante paga constru\u00e7\u00e3o de rampas nas cal\u00e7adas em Salvador\"}]},{\"@type\":\"WebSite\",\"@id\":\"https:\\\/\\\/inclusivenews.com.br\\\/#website\",\"url\":\"https:\\\/\\\/inclusivenews.com.br\\\/\",\"name\":\"Inclusive News\",\"description\":\"Inclusive News\",\"publisher\":{\"@id\":\"https:\\\/\\\/inclusivenews.com.br\\\/#organization\"},\"potentialAction\":[{\"@type\":\"SearchAction\",\"target\":{\"@type\":\"EntryPoint\",\"urlTemplate\":\"https:\\\/\\\/inclusivenews.com.br\\\/?s={search_term_string}\"},\"query-input\":{\"@type\":\"PropertyValueSpecification\",\"valueRequired\":true,\"valueName\":\"search_term_string\"}}],\"inLanguage\":\"pt-PT\"},{\"@type\":\"Organization\",\"@id\":\"https:\\\/\\\/inclusivenews.com.br\\\/#organization\",\"name\":\"Inclusive - inclus\u00e3o e cidadania\",\"url\":\"https:\\\/\\\/inclusivenews.com.br\\\/\",\"logo\":{\"@type\":\"ImageObject\",\"inLanguage\":\"pt-PT\",\"@id\":\"https:\\\/\\\/inclusivenews.com.br\\\/#\\\/schema\\\/logo\\\/image\\\/\",\"url\":\"https:\\\/\\\/inclusivenews.com.br\\\/wp-content\\\/uploads\\\/2024\\\/03\\\/@grandesite.png\",\"contentUrl\":\"https:\\\/\\\/inclusivenews.com.br\\\/wp-content\\\/uploads\\\/2024\\\/03\\\/@grandesite.png\",\"width\":1080,\"height\":1080,\"caption\":\"Inclusive - inclus\u00e3o e cidadania\"},\"image\":{\"@id\":\"https:\\\/\\\/inclusivenews.com.br\\\/#\\\/schema\\\/logo\\\/image\\\/\"},\"sameAs\":[\"https:\\\/\\\/www.facebook.com\\\/agenciainclusive\\\/\",\"https:\\\/\\\/www.instagram.com\\\/newsinclusive\\\/\"]},{\"@type\":\"Person\",\"@id\":\"https:\\\/\\\/inclusivenews.com.br\\\/#\\\/schema\\\/person\\\/ae4ec7087559b8692fb33b6fffd2273b\",\"name\":\"inclusivenews2024\",\"image\":{\"@type\":\"ImageObject\",\"inLanguage\":\"pt-PT\",\"@id\":\"https:\\\/\\\/secure.gravatar.com\\\/avatar\\\/c5a7ef84c66fa914f55bc4f7ce26cfa275a3b9a1c5568b907bd184fb4dde7b40?s=96&d=mm&r=g\",\"url\":\"https:\\\/\\\/secure.gravatar.com\\\/avatar\\\/c5a7ef84c66fa914f55bc4f7ce26cfa275a3b9a1c5568b907bd184fb4dde7b40?s=96&d=mm&r=g\",\"contentUrl\":\"https:\\\/\\\/secure.gravatar.com\\\/avatar\\\/c5a7ef84c66fa914f55bc4f7ce26cfa275a3b9a1c5568b907bd184fb4dde7b40?s=96&d=mm&r=g\",\"caption\":\"inclusivenews2024\"},\"sameAs\":[\"https:\\\/\\\/inclusivenews.com.br\"],\"url\":\"https:\\\/\\\/inclusivenews.com.br\\\/?author=1\"}]}<\/script>\n<!-- \/ Yoast SEO plugin. -->","yoast_head_json":{"title":"Cadeirante paga constru\u00e7\u00e3o de rampas nas cal\u00e7adas em Salvador -","robots":{"index":"index","follow":"follow","max-snippet":"max-snippet:-1","max-image-preview":"max-image-preview:large","max-video-preview":"max-video-preview:-1"},"canonical":"https:\/\/inclusivenews.com.br\/?p=27862","og_locale":"pt_PT","og_type":"article","og_title":"Cadeirante paga constru\u00e7\u00e3o de rampas nas cal\u00e7adas em Salvador -","og_description":"Menos de 5% das ruas do pa\u00eds t\u00eam rampas de acesso para quem anda de cadeira de rodas. A falta de acessibilidade em Salvador levou um cadeirante a resolver o problema por conta pr\u00f3pria. Reportagem \u00e9 do G1.","og_url":"https:\/\/inclusivenews.com.br\/?p=27862","article_publisher":"https:\/\/www.facebook.com\/agenciainclusive\/","article_published_time":"2015-03-25T10:14:24+00:00","og_image":[{"url":"http:\/\/inclusivenews.com.br\/wp-content\/uploads\/porMobUrbSustvel_3b.jpg","type":"","width":"","height":""}],"author":"inclusivenews2024","twitter_card":"summary_large_image","twitter_misc":{"Escrito por":"inclusivenews2024","Tempo estimado de leitura":"2 minutos"},"schema":{"@context":"https:\/\/schema.org","@graph":[{"@type":"Article","@id":"https:\/\/inclusivenews.com.br\/?p=27862#article","isPartOf":{"@id":"https:\/\/inclusivenews.com.br\/?p=27862"},"author":{"name":"inclusivenews2024","@id":"https:\/\/inclusivenews.com.br\/#\/schema\/person\/ae4ec7087559b8692fb33b6fffd2273b"},"headline":"Cadeirante paga constru\u00e7\u00e3o de rampas nas cal\u00e7adas em Salvador","datePublished":"2015-03-25T10:14:24+00:00","mainEntityOfPage":{"@id":"https:\/\/inclusivenews.com.br\/?p=27862"},"wordCount":473,"commentCount":0,"publisher":{"@id":"https:\/\/inclusivenews.com.br\/#organization"},"image":{"@id":"https:\/\/inclusivenews.com.br\/?p=27862#primaryimage"},"thumbnailUrl":"http:\/\/inclusivenews.com.br\/wp-content\/uploads\/porMobUrbSustvel_3b.jpg","articleSection":["ACESSIBILIDADE","INCLUS\u00c3O SOCIAL"],"inLanguage":"pt-PT","potentialAction":[{"@type":"CommentAction","name":"Comment","target":["https:\/\/inclusivenews.com.br\/?p=27862#respond"]}]},{"@type":"WebPage","@id":"https:\/\/inclusivenews.com.br\/?p=27862","url":"https:\/\/inclusivenews.com.br\/?p=27862","name":"Cadeirante paga constru\u00e7\u00e3o de rampas nas cal\u00e7adas em Salvador -","isPartOf":{"@id":"https:\/\/inclusivenews.com.br\/#website"},"primaryImageOfPage":{"@id":"https:\/\/inclusivenews.com.br\/?p=27862#primaryimage"},"image":{"@id":"https:\/\/inclusivenews.com.br\/?p=27862#primaryimage"},"thumbnailUrl":"http:\/\/inclusivenews.com.br\/wp-content\/uploads\/porMobUrbSustvel_3b.jpg","datePublished":"2015-03-25T10:14:24+00:00","breadcrumb":{"@id":"https:\/\/inclusivenews.com.br\/?p=27862#breadcrumb"},"inLanguage":"pt-PT","potentialAction":[{"@type":"ReadAction","target":["https:\/\/inclusivenews.com.br\/?p=27862"]}]},{"@type":"ImageObject","inLanguage":"pt-PT","@id":"https:\/\/inclusivenews.com.br\/?p=27862#primaryimage","url":"","contentUrl":""},{"@type":"BreadcrumbList","@id":"https:\/\/inclusivenews.com.br\/?p=27862#breadcrumb","itemListElement":[{"@type":"ListItem","position":1,"name":"In\u00edcio","item":"https:\/\/inclusivenews.com.br\/"},{"@type":"ListItem","position":2,"name":"Cadeirante paga constru\u00e7\u00e3o de rampas nas cal\u00e7adas em Salvador"}]},{"@type":"WebSite","@id":"https:\/\/inclusivenews.com.br\/#website","url":"https:\/\/inclusivenews.com.br\/","name":"Inclusive News","description":"Inclusive News","publisher":{"@id":"https:\/\/inclusivenews.com.br\/#organization"},"potentialAction":[{"@type":"SearchAction","target":{"@type":"EntryPoint","urlTemplate":"https:\/\/inclusivenews.com.br\/?s={search_term_string}"},"query-input":{"@type":"PropertyValueSpecification","valueRequired":true,"valueName":"search_term_string"}}],"inLanguage":"pt-PT"},{"@type":"Organization","@id":"https:\/\/inclusivenews.com.br\/#organization","name":"Inclusive - inclus\u00e3o e cidadania","url":"https:\/\/inclusivenews.com.br\/","logo":{"@type":"ImageObject","inLanguage":"pt-PT","@id":"https:\/\/inclusivenews.com.br\/#\/schema\/logo\/image\/","url":"https:\/\/inclusivenews.com.br\/wp-content\/uploads\/2024\/03\/@grandesite.png","contentUrl":"https:\/\/inclusivenews.com.br\/wp-content\/uploads\/2024\/03\/@grandesite.png","width":1080,"height":1080,"caption":"Inclusive - inclus\u00e3o e cidadania"},"image":{"@id":"https:\/\/inclusivenews.com.br\/#\/schema\/logo\/image\/"},"sameAs":["https:\/\/www.facebook.com\/agenciainclusive\/","https:\/\/www.instagram.com\/newsinclusive\/"]},{"@type":"Person","@id":"https:\/\/inclusivenews.com.br\/#\/schema\/person\/ae4ec7087559b8692fb33b6fffd2273b","name":"inclusivenews2024","image":{"@type":"ImageObject","inLanguage":"pt-PT","@id":"https:\/\/secure.gravatar.com\/avatar\/c5a7ef84c66fa914f55bc4f7ce26cfa275a3b9a1c5568b907bd184fb4dde7b40?s=96&d=mm&r=g","url":"https:\/\/secure.gravatar.com\/avatar\/c5a7ef84c66fa914f55bc4f7ce26cfa275a3b9a1c5568b907bd184fb4dde7b40?s=96&d=mm&r=g","contentUrl":"https:\/\/secure.gravatar.com\/avatar\/c5a7ef84c66fa914f55bc4f7ce26cfa275a3b9a1c5568b907bd184fb4dde7b40?s=96&d=mm&r=g","caption":"inclusivenews2024"},"sameAs":["https:\/\/inclusivenews.com.br"],"url":"https:\/\/inclusivenews.com.br\/?author=1"}]}},"_links":{"self":[{"href":"https:\/\/inclusivenews.com.br\/index.php?rest_route=\/wp\/v2\/posts\/27862","targetHints":{"allow":["GET"]}}],"collection":[{"href":"https:\/\/inclusivenews.com.br\/index.php?rest_route=\/wp\/v2\/posts"}],"about":[{"href":"https:\/\/inclusivenews.com.br\/index.php?rest_route=\/wp\/v2\/types\/post"}],"author":[{"embeddable":true,"href":"https:\/\/inclusivenews.com.br\/index.php?rest_route=\/wp\/v2\/users\/1"}],"replies":[{"embeddable":true,"href":"https:\/\/inclusivenews.com.br\/index.php?rest_route=%2Fwp%2Fv2%2Fcomments&post=27862"}],"version-history":[{"count":0,"href":"https:\/\/inclusivenews.com.br\/index.php?rest_route=\/wp\/v2\/posts\/27862\/revisions"}],"wp:attachment":[{"href":"https:\/\/inclusivenews.com.br\/index.php?rest_route=%2Fwp%2Fv2%2Fmedia&parent=27862"}],"wp:term":[{"taxonomy":"category","embeddable":true,"href":"https:\/\/inclusivenews.com.br\/index.php?rest_route=%2Fwp%2Fv2%2Fcategories&post=27862"},{"taxonomy":"post_tag","embeddable":true,"href":"https:\/\/inclusivenews.com.br\/index.php?rest_route=%2Fwp%2Fv2%2Ftags&post=27862"}],"curies":[{"name":"wp","href":"https:\/\/api.w.org\/{rel}","templated":true}]}}