{"id":27870,"date":"2015-03-25T10:45:09","date_gmt":"2015-03-25T13:45:09","guid":{"rendered":"http:\/\/www.inclusive.org.br\/?p=27870"},"modified":"2015-03-25T10:45:09","modified_gmt":"2015-03-25T13:45:09","slug":"fala-letramento-e-inclusao-social","status":"publish","type":"post","link":"https:\/\/inclusivenews.com.br\/?p=27870","title":{"rendered":"Fala, letramento e inclus\u00e3o social"},"content":{"rendered":"<p><img loading=\"lazy\" decoding=\"async\" class=\"alignnone\" title=\"A capa do livro, onde l\u00ea-se o t\u00edtulo e consta uma professora em p\u00e9 escrevendo em um quadro negro com um aluno lhe assistindo sentado em sua classe.\" alt=\"A capa do livro, onde l\u00ea-se o t\u00edtulo e consta uma professora em p\u00e9 escrevendo em um quadro negro com um aluno lhe assistindo sentado em sua classe.\" src=\"http:\/\/editoracontexto.com.br\/media\/catalog\/product\/cache\/1\/image\/9df78eab33525d08d6e5fb8d27136e95\/F\/A\/FALA-LETRAMENTO-INCLUSAO_1.jpg\" width=\"196\" height=\"281\" \/><\/p>\n<p>\u00c9 poss\u00edvel encontrar m\u00e9todos pedag\u00f3gicos alternativos no trabalho de apropria\u00e7\u00e3o da l\u00edngua culta? Este livro mostra que sim. Fala, letramento e inclus\u00e3o social dosa teoria e pr\u00e1tica na medida certa. A primeira parte do livro de Maria Cecilia Mollica, publicado pela editora Contexto,\u00a0re\u00fane quatro cap\u00edtulos, que dizem respeito a conceitos te\u00f3ricos gerais, a diretrizes metodol\u00f3gicas indispens\u00e1veis e a resultados oriundos de experimentos em sala de aula. A segunda parte \u00e9 composta de propostas pedag\u00f3gicas e exerc\u00edcios ilustrados, voltados para diferentes n\u00edveis de ensino, que podem ser aplicados pelos professores de acordo com o perfil sociolingu\u00edstico dos alunos. Enfim, um novo e bemvindo instrumento para professores e alunos.<\/p>\n<p><a href=\"http:\/\/editoracontexto.com.br\/downloads\/dl\/file\/id\/749\/fala_letramento_e_inclus_o_social_primeiro_capitulo.pdf\" target=\"_blank\" rel=\"noopener\">Leia o primeiro cap\u00edtulo do livro clicando aqui.<\/a><\/p>\n<p><a href=\"http:\/\/editoracontexto.com.br\/fala-letramento-e-inclusao-social.html\" target=\"_blank\" rel=\"noopener\">Adquira o seu exemplar clicando aqui.<\/a><\/p>\n<p>&nbsp;<\/p>\n","protected":false},"excerpt":{"rendered":"<p>\u00c9 poss\u00edvel encontrar m\u00e9todos pedag\u00f3gicos alternativos no trabalho de apropria\u00e7\u00e3o da l\u00edngua culta? Este livro mostra que sim. Fala, letramento e inclus\u00e3o social dosa teoria e pr\u00e1tica na medida certa. <\/p>\n","protected":false},"author":1,"featured_media":0,"comment_status":"open","ping_status":"open","sticky":false,"template":"","format":"standard","meta":{"site-container-style":"default","site-container-layout":"default","site-sidebar-layout":"default","disable-article-header":"default","disable-site-header":"default","disable-site-footer":"default","disable-content-area-spacing":"default","footnotes":""},"categories":[51,10],"tags":[321,126],"class_list":["post-27870","post","type-post","status-publish","format-standard","hentry","category-livros","category-publicacoes","tag-alfabetizacao","tag-educacao-inclusiva"],"yoast_head":"<!-- This site is optimized with the Yoast SEO plugin v27.4 - https:\/\/yoast.com\/product\/yoast-seo-wordpress\/ -->\n<title>Fala, letramento e inclus\u00e3o social -<\/title>\n<meta name=\"robots\" content=\"index, follow, max-snippet:-1, max-image-preview:large, max-video-preview:-1\" \/>\n<link rel=\"canonical\" href=\"https:\/\/inclusivenews.com.br\/?p=27870\" \/>\n<meta property=\"og:locale\" content=\"pt_PT\" \/>\n<meta property=\"og:type\" content=\"article\" \/>\n<meta property=\"og:title\" content=\"Fala, letramento e inclus\u00e3o social -\" \/>\n<meta property=\"og:description\" content=\"\u00c9 poss\u00edvel encontrar m\u00e9todos pedag\u00f3gicos alternativos no trabalho de apropria\u00e7\u00e3o da l\u00edngua culta? Este livro mostra que sim. Fala, letramento e inclus\u00e3o social dosa teoria e pr\u00e1tica na medida certa.\" \/>\n<meta property=\"og:url\" content=\"https:\/\/inclusivenews.com.br\/?p=27870\" \/>\n<meta property=\"article:publisher\" content=\"https:\/\/www.facebook.com\/agenciainclusive\/\" \/>\n<meta property=\"article:published_time\" content=\"2015-03-25T13:45:09+00:00\" \/>\n<meta property=\"og:image\" content=\"http:\/\/editoracontexto.com.br\/media\/catalog\/product\/cache\/1\/image\/9df78eab33525d08d6e5fb8d27136e95\/F\/A\/FALA-LETRAMENTO-INCLUSAO_1.jpg\" \/>\n<meta name=\"author\" content=\"inclusivenews2024\" \/>\n<meta name=\"twitter:card\" content=\"summary_large_image\" \/>\n<meta name=\"twitter:label1\" content=\"Escrito por\" \/>\n\t<meta name=\"twitter:data1\" content=\"inclusivenews2024\" \/>\n\t<meta name=\"twitter:label2\" content=\"Tempo estimado de leitura\" \/>\n\t<meta name=\"twitter:data2\" content=\"1 minuto\" \/>\n<script type=\"application\/ld+json\" class=\"yoast-schema-graph\">{\"@context\":\"https:\\\/\\\/schema.org\",\"@graph\":[{\"@type\":\"Article\",\"@id\":\"https:\\\/\\\/inclusivenews.com.br\\\/?p=27870#article\",\"isPartOf\":{\"@id\":\"https:\\\/\\\/inclusivenews.com.br\\\/?p=27870\"},\"author\":{\"name\":\"inclusivenews2024\",\"@id\":\"https:\\\/\\\/inclusivenews.com.br\\\/#\\\/schema\\\/person\\\/ae4ec7087559b8692fb33b6fffd2273b\"},\"headline\":\"Fala, letramento e inclus\u00e3o social\",\"datePublished\":\"2015-03-25T13:45:09+00:00\",\"mainEntityOfPage\":{\"@id\":\"https:\\\/\\\/inclusivenews.com.br\\\/?p=27870\"},\"wordCount\":144,\"commentCount\":0,\"publisher\":{\"@id\":\"https:\\\/\\\/inclusivenews.com.br\\\/#organization\"},\"image\":{\"@id\":\"https:\\\/\\\/inclusivenews.com.br\\\/?p=27870#primaryimage\"},\"thumbnailUrl\":\"http:\\\/\\\/editoracontexto.com.br\\\/media\\\/catalog\\\/product\\\/cache\\\/1\\\/image\\\/9df78eab33525d08d6e5fb8d27136e95\\\/F\\\/A\\\/FALA-LETRAMENTO-INCLUSAO_1.jpg\",\"keywords\":[\"alfabetiza\u00e7\u00e3o\",\"Educa\u00e7\u00e3o inclusiva\"],\"articleSection\":[\"Livros\",\"PUBLICA\u00c7\u00d5ES\"],\"inLanguage\":\"pt-PT\",\"potentialAction\":[{\"@type\":\"CommentAction\",\"name\":\"Comment\",\"target\":[\"https:\\\/\\\/inclusivenews.com.br\\\/?p=27870#respond\"]}]},{\"@type\":\"WebPage\",\"@id\":\"https:\\\/\\\/inclusivenews.com.br\\\/?p=27870\",\"url\":\"https:\\\/\\\/inclusivenews.com.br\\\/?p=27870\",\"name\":\"Fala, letramento e inclus\u00e3o social -\",\"isPartOf\":{\"@id\":\"https:\\\/\\\/inclusivenews.com.br\\\/#website\"},\"primaryImageOfPage\":{\"@id\":\"https:\\\/\\\/inclusivenews.com.br\\\/?p=27870#primaryimage\"},\"image\":{\"@id\":\"https:\\\/\\\/inclusivenews.com.br\\\/?p=27870#primaryimage\"},\"thumbnailUrl\":\"http:\\\/\\\/editoracontexto.com.br\\\/media\\\/catalog\\\/product\\\/cache\\\/1\\\/image\\\/9df78eab33525d08d6e5fb8d27136e95\\\/F\\\/A\\\/FALA-LETRAMENTO-INCLUSAO_1.jpg\",\"datePublished\":\"2015-03-25T13:45:09+00:00\",\"breadcrumb\":{\"@id\":\"https:\\\/\\\/inclusivenews.com.br\\\/?p=27870#breadcrumb\"},\"inLanguage\":\"pt-PT\",\"potentialAction\":[{\"@type\":\"ReadAction\",\"target\":[\"https:\\\/\\\/inclusivenews.com.br\\\/?p=27870\"]}]},{\"@type\":\"ImageObject\",\"inLanguage\":\"pt-PT\",\"@id\":\"https:\\\/\\\/inclusivenews.com.br\\\/?p=27870#primaryimage\",\"url\":\"http:\\\/\\\/editoracontexto.com.br\\\/media\\\/catalog\\\/product\\\/cache\\\/1\\\/image\\\/9df78eab33525d08d6e5fb8d27136e95\\\/F\\\/A\\\/FALA-LETRAMENTO-INCLUSAO_1.jpg\",\"contentUrl\":\"http:\\\/\\\/editoracontexto.com.br\\\/media\\\/catalog\\\/product\\\/cache\\\/1\\\/image\\\/9df78eab33525d08d6e5fb8d27136e95\\\/F\\\/A\\\/FALA-LETRAMENTO-INCLUSAO_1.jpg\"},{\"@type\":\"BreadcrumbList\",\"@id\":\"https:\\\/\\\/inclusivenews.com.br\\\/?p=27870#breadcrumb\",\"itemListElement\":[{\"@type\":\"ListItem\",\"position\":1,\"name\":\"In\u00edcio\",\"item\":\"https:\\\/\\\/inclusivenews.com.br\\\/\"},{\"@type\":\"ListItem\",\"position\":2,\"name\":\"Fala, letramento e inclus\u00e3o social\"}]},{\"@type\":\"WebSite\",\"@id\":\"https:\\\/\\\/inclusivenews.com.br\\\/#website\",\"url\":\"https:\\\/\\\/inclusivenews.com.br\\\/\",\"name\":\"Inclusive News\",\"description\":\"Inclusive News\",\"publisher\":{\"@id\":\"https:\\\/\\\/inclusivenews.com.br\\\/#organization\"},\"potentialAction\":[{\"@type\":\"SearchAction\",\"target\":{\"@type\":\"EntryPoint\",\"urlTemplate\":\"https:\\\/\\\/inclusivenews.com.br\\\/?s={search_term_string}\"},\"query-input\":{\"@type\":\"PropertyValueSpecification\",\"valueRequired\":true,\"valueName\":\"search_term_string\"}}],\"inLanguage\":\"pt-PT\"},{\"@type\":\"Organization\",\"@id\":\"https:\\\/\\\/inclusivenews.com.br\\\/#organization\",\"name\":\"Inclusive - inclus\u00e3o e cidadania\",\"url\":\"https:\\\/\\\/inclusivenews.com.br\\\/\",\"logo\":{\"@type\":\"ImageObject\",\"inLanguage\":\"pt-PT\",\"@id\":\"https:\\\/\\\/inclusivenews.com.br\\\/#\\\/schema\\\/logo\\\/image\\\/\",\"url\":\"https:\\\/\\\/inclusivenews.com.br\\\/wp-content\\\/uploads\\\/2024\\\/03\\\/@grandesite.png\",\"contentUrl\":\"https:\\\/\\\/inclusivenews.com.br\\\/wp-content\\\/uploads\\\/2024\\\/03\\\/@grandesite.png\",\"width\":1080,\"height\":1080,\"caption\":\"Inclusive - inclus\u00e3o e cidadania\"},\"image\":{\"@id\":\"https:\\\/\\\/inclusivenews.com.br\\\/#\\\/schema\\\/logo\\\/image\\\/\"},\"sameAs\":[\"https:\\\/\\\/www.facebook.com\\\/agenciainclusive\\\/\",\"https:\\\/\\\/www.instagram.com\\\/newsinclusive\\\/\"]},{\"@type\":\"Person\",\"@id\":\"https:\\\/\\\/inclusivenews.com.br\\\/#\\\/schema\\\/person\\\/ae4ec7087559b8692fb33b6fffd2273b\",\"name\":\"inclusivenews2024\",\"image\":{\"@type\":\"ImageObject\",\"inLanguage\":\"pt-PT\",\"@id\":\"https:\\\/\\\/secure.gravatar.com\\\/avatar\\\/c5a7ef84c66fa914f55bc4f7ce26cfa275a3b9a1c5568b907bd184fb4dde7b40?s=96&d=mm&r=g\",\"url\":\"https:\\\/\\\/secure.gravatar.com\\\/avatar\\\/c5a7ef84c66fa914f55bc4f7ce26cfa275a3b9a1c5568b907bd184fb4dde7b40?s=96&d=mm&r=g\",\"contentUrl\":\"https:\\\/\\\/secure.gravatar.com\\\/avatar\\\/c5a7ef84c66fa914f55bc4f7ce26cfa275a3b9a1c5568b907bd184fb4dde7b40?s=96&d=mm&r=g\",\"caption\":\"inclusivenews2024\"},\"sameAs\":[\"https:\\\/\\\/inclusivenews.com.br\"],\"url\":\"https:\\\/\\\/inclusivenews.com.br\\\/?author=1\"}]}<\/script>\n<!-- \/ Yoast SEO plugin. -->","yoast_head_json":{"title":"Fala, letramento e inclus\u00e3o social -","robots":{"index":"index","follow":"follow","max-snippet":"max-snippet:-1","max-image-preview":"max-image-preview:large","max-video-preview":"max-video-preview:-1"},"canonical":"https:\/\/inclusivenews.com.br\/?p=27870","og_locale":"pt_PT","og_type":"article","og_title":"Fala, letramento e inclus\u00e3o social -","og_description":"\u00c9 poss\u00edvel encontrar m\u00e9todos pedag\u00f3gicos alternativos no trabalho de apropria\u00e7\u00e3o da l\u00edngua culta? Este livro mostra que sim. Fala, letramento e inclus\u00e3o social dosa teoria e pr\u00e1tica na medida certa.","og_url":"https:\/\/inclusivenews.com.br\/?p=27870","article_publisher":"https:\/\/www.facebook.com\/agenciainclusive\/","article_published_time":"2015-03-25T13:45:09+00:00","og_image":[{"url":"http:\/\/editoracontexto.com.br\/media\/catalog\/product\/cache\/1\/image\/9df78eab33525d08d6e5fb8d27136e95\/F\/A\/FALA-LETRAMENTO-INCLUSAO_1.jpg","type":"","width":"","height":""}],"author":"inclusivenews2024","twitter_card":"summary_large_image","twitter_misc":{"Escrito por":"inclusivenews2024","Tempo estimado de leitura":"1 minuto"},"schema":{"@context":"https:\/\/schema.org","@graph":[{"@type":"Article","@id":"https:\/\/inclusivenews.com.br\/?p=27870#article","isPartOf":{"@id":"https:\/\/inclusivenews.com.br\/?p=27870"},"author":{"name":"inclusivenews2024","@id":"https:\/\/inclusivenews.com.br\/#\/schema\/person\/ae4ec7087559b8692fb33b6fffd2273b"},"headline":"Fala, letramento e inclus\u00e3o social","datePublished":"2015-03-25T13:45:09+00:00","mainEntityOfPage":{"@id":"https:\/\/inclusivenews.com.br\/?p=27870"},"wordCount":144,"commentCount":0,"publisher":{"@id":"https:\/\/inclusivenews.com.br\/#organization"},"image":{"@id":"https:\/\/inclusivenews.com.br\/?p=27870#primaryimage"},"thumbnailUrl":"http:\/\/editoracontexto.com.br\/media\/catalog\/product\/cache\/1\/image\/9df78eab33525d08d6e5fb8d27136e95\/F\/A\/FALA-LETRAMENTO-INCLUSAO_1.jpg","keywords":["alfabetiza\u00e7\u00e3o","Educa\u00e7\u00e3o inclusiva"],"articleSection":["Livros","PUBLICA\u00c7\u00d5ES"],"inLanguage":"pt-PT","potentialAction":[{"@type":"CommentAction","name":"Comment","target":["https:\/\/inclusivenews.com.br\/?p=27870#respond"]}]},{"@type":"WebPage","@id":"https:\/\/inclusivenews.com.br\/?p=27870","url":"https:\/\/inclusivenews.com.br\/?p=27870","name":"Fala, letramento e inclus\u00e3o social -","isPartOf":{"@id":"https:\/\/inclusivenews.com.br\/#website"},"primaryImageOfPage":{"@id":"https:\/\/inclusivenews.com.br\/?p=27870#primaryimage"},"image":{"@id":"https:\/\/inclusivenews.com.br\/?p=27870#primaryimage"},"thumbnailUrl":"http:\/\/editoracontexto.com.br\/media\/catalog\/product\/cache\/1\/image\/9df78eab33525d08d6e5fb8d27136e95\/F\/A\/FALA-LETRAMENTO-INCLUSAO_1.jpg","datePublished":"2015-03-25T13:45:09+00:00","breadcrumb":{"@id":"https:\/\/inclusivenews.com.br\/?p=27870#breadcrumb"},"inLanguage":"pt-PT","potentialAction":[{"@type":"ReadAction","target":["https:\/\/inclusivenews.com.br\/?p=27870"]}]},{"@type":"ImageObject","inLanguage":"pt-PT","@id":"https:\/\/inclusivenews.com.br\/?p=27870#primaryimage","url":"http:\/\/editoracontexto.com.br\/media\/catalog\/product\/cache\/1\/image\/9df78eab33525d08d6e5fb8d27136e95\/F\/A\/FALA-LETRAMENTO-INCLUSAO_1.jpg","contentUrl":"http:\/\/editoracontexto.com.br\/media\/catalog\/product\/cache\/1\/image\/9df78eab33525d08d6e5fb8d27136e95\/F\/A\/FALA-LETRAMENTO-INCLUSAO_1.jpg"},{"@type":"BreadcrumbList","@id":"https:\/\/inclusivenews.com.br\/?p=27870#breadcrumb","itemListElement":[{"@type":"ListItem","position":1,"name":"In\u00edcio","item":"https:\/\/inclusivenews.com.br\/"},{"@type":"ListItem","position":2,"name":"Fala, letramento e inclus\u00e3o social"}]},{"@type":"WebSite","@id":"https:\/\/inclusivenews.com.br\/#website","url":"https:\/\/inclusivenews.com.br\/","name":"Inclusive News","description":"Inclusive News","publisher":{"@id":"https:\/\/inclusivenews.com.br\/#organization"},"potentialAction":[{"@type":"SearchAction","target":{"@type":"EntryPoint","urlTemplate":"https:\/\/inclusivenews.com.br\/?s={search_term_string}"},"query-input":{"@type":"PropertyValueSpecification","valueRequired":true,"valueName":"search_term_string"}}],"inLanguage":"pt-PT"},{"@type":"Organization","@id":"https:\/\/inclusivenews.com.br\/#organization","name":"Inclusive - inclus\u00e3o e cidadania","url":"https:\/\/inclusivenews.com.br\/","logo":{"@type":"ImageObject","inLanguage":"pt-PT","@id":"https:\/\/inclusivenews.com.br\/#\/schema\/logo\/image\/","url":"https:\/\/inclusivenews.com.br\/wp-content\/uploads\/2024\/03\/@grandesite.png","contentUrl":"https:\/\/inclusivenews.com.br\/wp-content\/uploads\/2024\/03\/@grandesite.png","width":1080,"height":1080,"caption":"Inclusive - inclus\u00e3o e cidadania"},"image":{"@id":"https:\/\/inclusivenews.com.br\/#\/schema\/logo\/image\/"},"sameAs":["https:\/\/www.facebook.com\/agenciainclusive\/","https:\/\/www.instagram.com\/newsinclusive\/"]},{"@type":"Person","@id":"https:\/\/inclusivenews.com.br\/#\/schema\/person\/ae4ec7087559b8692fb33b6fffd2273b","name":"inclusivenews2024","image":{"@type":"ImageObject","inLanguage":"pt-PT","@id":"https:\/\/secure.gravatar.com\/avatar\/c5a7ef84c66fa914f55bc4f7ce26cfa275a3b9a1c5568b907bd184fb4dde7b40?s=96&d=mm&r=g","url":"https:\/\/secure.gravatar.com\/avatar\/c5a7ef84c66fa914f55bc4f7ce26cfa275a3b9a1c5568b907bd184fb4dde7b40?s=96&d=mm&r=g","contentUrl":"https:\/\/secure.gravatar.com\/avatar\/c5a7ef84c66fa914f55bc4f7ce26cfa275a3b9a1c5568b907bd184fb4dde7b40?s=96&d=mm&r=g","caption":"inclusivenews2024"},"sameAs":["https:\/\/inclusivenews.com.br"],"url":"https:\/\/inclusivenews.com.br\/?author=1"}]}},"_links":{"self":[{"href":"https:\/\/inclusivenews.com.br\/index.php?rest_route=\/wp\/v2\/posts\/27870","targetHints":{"allow":["GET"]}}],"collection":[{"href":"https:\/\/inclusivenews.com.br\/index.php?rest_route=\/wp\/v2\/posts"}],"about":[{"href":"https:\/\/inclusivenews.com.br\/index.php?rest_route=\/wp\/v2\/types\/post"}],"author":[{"embeddable":true,"href":"https:\/\/inclusivenews.com.br\/index.php?rest_route=\/wp\/v2\/users\/1"}],"replies":[{"embeddable":true,"href":"https:\/\/inclusivenews.com.br\/index.php?rest_route=%2Fwp%2Fv2%2Fcomments&post=27870"}],"version-history":[{"count":0,"href":"https:\/\/inclusivenews.com.br\/index.php?rest_route=\/wp\/v2\/posts\/27870\/revisions"}],"wp:attachment":[{"href":"https:\/\/inclusivenews.com.br\/index.php?rest_route=%2Fwp%2Fv2%2Fmedia&parent=27870"}],"wp:term":[{"taxonomy":"category","embeddable":true,"href":"https:\/\/inclusivenews.com.br\/index.php?rest_route=%2Fwp%2Fv2%2Fcategories&post=27870"},{"taxonomy":"post_tag","embeddable":true,"href":"https:\/\/inclusivenews.com.br\/index.php?rest_route=%2Fwp%2Fv2%2Ftags&post=27870"}],"curies":[{"name":"wp","href":"https:\/\/api.w.org\/{rel}","templated":true}]}}