{"id":27874,"date":"2015-03-25T10:49:22","date_gmt":"2015-03-25T13:49:22","guid":{"rendered":"http:\/\/www.inclusive.org.br\/?p=27874"},"modified":"2015-03-25T10:49:22","modified_gmt":"2015-03-25T13:49:22","slug":"reatech-novas-tecnologias-para-pessoas-com-deficiencia-setor-que-cresce-a-cada-dia","status":"publish","type":"post","link":"https:\/\/inclusivenews.com.br\/?p=27874","title":{"rendered":"Reatech: novas tecnologias para pessoas com defici\u00eancia, setor que cresce a cada dia"},"content":{"rendered":"<div><img loading=\"lazy\" decoding=\"async\" class=\"alignnone size-full wp-image-27877\" alt=\"Reatech - logo sem descri\u00e7\u00e3o conforme obtido no site oficial do evento\" src=\"http:\/\/inclusivenews.com.br\/wp-content\/uploads\/reatech.jpeg\" width=\"367\" height=\"137\" \/><\/div>\n<p>Com o objetivo de expandir ainda mais o olhar da ind\u00fastria e da sociedade sobre a realidade dos mais de 46 milh\u00f5es de brasileiros com algum tipo de defici\u00eancia, a REATECH | Feira Internacional de Tecnologias em Reabilita\u00e7\u00e3o, Inclus\u00e3o e Acessibilidade, refor\u00e7a o compromisso de trazer inova\u00e7\u00f5es em solu\u00e7\u00f5es de produtos, equipamentos e servi\u00e7os, refletindo na melhoria da qualidade de vida e integra\u00e7\u00e3o da sociedade e ao trabalho das pessoas com defici\u00eancia e mobilidade reduzida.<\/p>\n<p>Maior evento da Am\u00e9rica Latina dedicado as pessoas com defici\u00eancia (PcD), que acontece de 09 a 12 de abril de 2015, no S\u00e3o Paulo Expo Exhibition &amp; Convention Center, a feira re\u00fane, durante quatro dias, a ind\u00fastria nacional e internacional, representada por 300 marcas expositoras de aplicativos, adapta\u00e7\u00f5es veiculares, cadeiras de rodas el\u00e9tricas, pr\u00f3teses e \u00f3rteses, aparelhos auditivos, produtos ortop\u00e9dicos, materiais hospitalares, distribuidores de produtos, educa\u00e7\u00e3o, entidades p\u00fablicas e privadas, entre outros, numa ampla oportunidade de neg\u00f3cios e relacionamento entre empresas do segmento, profissionais do setor e seus consumidores.<br \/>\nCom entrada gratuita, s\u00e3o esperados cerca de 45 mil profissionais da sa\u00fade, al\u00e9m do consumidor final, usu\u00e1rio deste mercado, que vem crescendo, desde 2002, acima de dois d\u00edgitos, em torno de 15 a 20% ao ano.<\/p>\n<p>Para esta edi\u00e7\u00e3o, a novidade da REATECH ser\u00e1 a inclus\u00e3o dos segmentos de obesos e idosos que tem mobilidade reduzida. O segmento das pessoas com defici\u00eancia tende a ser composto por pessoas mais velhas, refletindo o processo de envelhecimento da popula\u00e7\u00e3o brasileira. Tamb\u00e9m, para atender as necessidades dos visitantes, a feira ter\u00e1 manual em braille, piso podot\u00e1til, maior quantidade de banheiros adaptados e corredores mais largos, facilitando a visita\u00e7\u00e3o de todos que frequentarem o evento.<\/p>\n<p>De acordo com o diretor da Fiera Milano, Marco Ant\u00f4nio Mastrandonakis, h\u00e1 14 anos, a REATECH fortalece todo o segmento que cresce a cada dia. \u201cReafirmamos nosso prop\u00f3sito de trabalhar de forma focada e objetiva pela promo\u00e7\u00e3o desse setor, incentivando a integra\u00e7\u00e3o, a dissemina\u00e7\u00e3o de conhecimento e aporte de novos equipamentos e tecnologias assistivas\u201d.<\/p>\n<p>Eventos simult\u00e2neos<\/p>\n<p>Al\u00e9m da \u00e1rea expositiva, a organiza\u00e7\u00e3o da feira preparou uma lista de atividades culturais e sociais como palco com shows e desfiles, equoterapia, test-drive de carros adaptados e quadras poliesportiva, dentre outras. Diversas empresas do setor de empregabilidade disponibilizam vagas \u00e0s pessoas com defici\u00eancia e mobilidade reduzida, al\u00e9m de receber curr\u00edculos de candidatos.<br \/>\nUm dos principais atrativos da feira \u00e9 a oportunidade de participar da ampla programa\u00e7\u00e3o de semin\u00e1rios, workshops e oficinas, gratuitos e abertos ao p\u00fablico.<\/p>\n<p>De sexta a domingo (10, 11 e 12 de abril) acontece o REASEM \u2013 Semin\u00e1rio de Tecnologias de Reabilita\u00e7\u00e3o e Inclus\u00e3o, gratuito e aberto ao p\u00fablico. Dentre as palestras, o Dr. Zan Mustacchi, geneticista e pediatra, representante da Capacita\u00e7\u00e3o em S\u00edndrome de Down no Brasil, debate a import\u00e2ncia de substratos nutricionais complementares para a sa\u00fade f\u00edsica e especialmente a neuronal na palestra \u201cDesenvolvimento intelectual e abordagem nutricional na s\u00edndrome de down\u201d; j\u00e1 o m\u00e9dico endocrinologista Dr. Jo\u00e3o Ferreira Mattos, membro da ABESO (Associa\u00e7\u00e3o Brasileira para o Estudo da Obesidade e da S\u00edndrome Metab\u00f3lica) e da ABRAN (Associa\u00e7\u00e3o Brasileira de Nutrologia), explicar\u00e1 de que forma as defici\u00eancias podem ser decorrentes da obesidade e como podem levar ou agravar o sobrepeso &#8211; \u201cA obesidade em pessoas com defici\u00eancia e a defici\u00eancia em pessoas com obesidade \u2013 causas e efeitos\u201d e tamb\u00e9m a palestra do Maestro Sidney Lissoni, que desenvolveu uma escrita musical adequada para todos os deficientes atrav\u00e9s do \u201cM\u00e9todo Lissoni\u201d.<\/p>\n<p>No s\u00e1bado, dia 11\/04, das 10 \u00e0s 17h, diversos especialistas abordam temas como: Terapia de integra\u00e7\u00e3o sensorial na Neurologia Infantil (TIS); Estimula\u00e7\u00e3o El\u00e9trica Transcraniana\/ Atualidades (TCI); Theratogs \u2013 Fisioterapia Live-in &#8211; Estrat\u00e9gias de Uso do Theratogs; Aplicabilidade da Tecnologia Assistiva \u2013 Interface: Scatir Utiliza\u00e7\u00e3o de Acionadores por Piscadela, Vocalizadores e Exemplos de Pranchas (softwares), Demonstra\u00e7\u00e3o Pr\u00e1tica; Tratamento dos dist\u00farbios neuromotores baseado no Conceito Bobath; Observa\u00e7\u00e3o da qualidade de movimento de feto a beb\u00eas, enfocando a import\u00e2ncia da interven\u00e7\u00e3o precoce, no TECFISIO \u2013 VI Semin\u00e1rio de Tecnologias Avan\u00e7adas em Fisioterapia.<\/p>\n<p>No domingo, dia 12\/04, das 13h \u00e0s 17h30, o curso PET \u2013 Terapia Assistida por Animais tem como objetivo proporcionar o<\/p>\n<p>conhecimento necess\u00e1rio para o desenvolvimento de sess\u00f5es e implanta\u00e7\u00e3o de projetos em educa\u00e7\u00e3o, atividade e terapias assistidas por c\u00e3es, j\u00e1 que um n\u00famero cada vez maior de profissionais da \u00e1rea da sa\u00fade utilizam c\u00e3es e outros animais para auxiliar no tratamento de doen\u00e7as.<\/p>\n<p>Com ciclo de palestras gratuitas, representantes de empresas que trabalham a inclus\u00e3o da pessoa com defici\u00eancia integram o Semin\u00e1rio dos Expositores \u2013 Reashow. Com a palestra \u201cO que voc\u00ea faz de olhos fechados\u201d?, a LARAMARA aborda o mercado de trabalho para a pessoa com defici\u00eancia e sua inclus\u00e3o social. A institui\u00e7\u00e3o APABB ministra palestra, \u201cDa defici\u00eancia a resili\u00eancia &#8211; um caminho de autoconhecimento e liberdade\u201d sobre como lidar com as adversidades encontradas no dia a dia e como se preparar para desenvolver um filho com algum tipo de defici\u00eancia em grau m\u00e1ximo. Na apresenta\u00e7\u00e3o da CIVIAM, ser\u00e1 debatido como aproveitar as ferramentas virtuais no mundo real \u2013 \u201cTransferindo as habilidades do mundo virtual para o real\u201d.<\/p>\n<p>O Instituto Mara Gabrilli oferece a \u201cOficina Brinquedos e Brincadeiras inclusivos\u201d, ministrado por Andr\u00e9a L\u00facia Ferreira Rossettini (terapeuta ocupacional, formada h\u00e1 mais de 20 anos, com experi\u00eancia no atendimento em neurologia infantil) &#8211; de sexta a domingo (10,11 e 12\/04 , das 15h \u00e0s 16h).<\/p>\n<p>Falando sobre a sexualidade na vida da pessoa com defici\u00eancia, Marcia Gori (formada em Direito, presidente do Conselho Municipal da Pessoa com Defici\u00eancia de S\u00e3o Jos\u00e9 do Rio Preto, palestrante sobre Sexualidade e Inclus\u00e3o da PcD), coordena a roda de debates que ir\u00e1 abordar o tema \u201cPor que a sexualidade da pessoa com defici\u00eancia \u00e9 tabu?\u201d \u2013 (10\/04, das 14h00 \u00e0s 17h). Tamb\u00e9m neste dia, o Espa\u00e7o da Cidadania discutir\u00e1 a qualidade na inclus\u00e3o para que as contrata\u00e7\u00f5es de trabalhadores com defici\u00eancia se pautem por crit\u00e9rios de qualidade. Este tema far\u00e1 parte do F\u00f3rum Lei de Cotas e Trabalho Decente para a Pessoa com Defici\u00eancia* (10\/04, das 10h00 \u00e0s 13h30).<\/p>\n<div>Mais informa\u00e7\u00f5es: <a href=\"http:\/\/www.reatech.tmp.br\" target=\"_blank\" rel=\"noopener\">www.reatech.tmp.br<\/a><\/div>\n<div><\/div>\n<div>*Os interessados em participar do F\u00f3rum devem encaminhar e-mail at\u00e9 o dia 20 de mar\u00e7o ao Espa\u00e7o Cidadania (ecidadania@ecidadania.org.br) para garantir inscri\u00e7\u00e3o.<\/div>\n<div><\/div>\n<div>SERVI\u00c7O<\/div>\n<div><\/div>\n<div>REATECH | Feira Internacional de Tecnologias em Reabilita\u00e7\u00e3o, Inclus\u00e3o e Acessibilidade<\/div>\n<div><\/div>\n<div>09 a 12 de abril de 2015<\/div>\n<div><\/div>\n<div>ENTRADA GRATUITA<\/div>\n<div><\/div>\n<div>Dias: 09 e 10\/04, das 13h \u00e0s 21h<\/div>\n<div><\/div>\n<div>11 e 12\/04, das 10h \u00e0s 19h<\/div>\n<div><\/div>\n<div>Local: S\u00e3o Paulo Expo Exhibition &amp; Convention Center<\/div>\n<div><\/div>\n<div>Rodovia dos Imigrantes, Km 1,5 \u2013 S\u00e3o Paulo \u2013 SP \u2013 Brasil<\/div>\n<div><\/div>\n<div>&#8211; Transporte Gratuito &#8211; Esta\u00e7\u00e3o do Metr\u00f4 Jabaquara &#8211; Sa\u00edda de Vans na Rua Nelson Fernandes, 400<\/div>\n","protected":false},"excerpt":{"rendered":"<p>Maior evento da Am\u00e9rica Latina dedicado as pessoas com defici\u00eancia (PcD), que acontece de 09 a 12 de abril de 2015, no S\u00e3o Paulo Expo Exhibition &#038; Convention Center, a feira re\u00fane, durante quatro dias, a ind\u00fastria nacional e internacional, representada por 300 marcas expositoras de aplicativos, adapta\u00e7\u00f5es veiculares, cadeiras de rodas el\u00e9tricas, pr\u00f3teses e \u00f3rteses, aparelhos auditivos, produtos ortop\u00e9dicos, materiais hospitalares, distribuidores de produtos, educa\u00e7\u00e3o, entidades p\u00fablicas e privadas, entre outros, numa ampla oportunidade de neg\u00f3cios e relacionamento entre empresas do segmento, profissionais do setor e seus consumidores.<\/p>\n","protected":false},"author":1,"featured_media":0,"comment_status":"open","ping_status":"open","sticky":false,"template":"","format":"standard","meta":{"site-container-style":"default","site-container-layout":"default","site-sidebar-layout":"default","disable-article-header":"default","disable-site-header":"default","disable-site-footer":"default","disable-content-area-spacing":"default","footnotes":""},"categories":[12,48],"tags":[],"class_list":["post-27874","post","type-post","status-publish","format-standard","hentry","category-cursos-e-eventos","category-inclusao"],"yoast_head":"<!-- This site is optimized with the Yoast SEO plugin v27.4 - https:\/\/yoast.com\/product\/yoast-seo-wordpress\/ -->\n<title>Reatech: novas tecnologias para pessoas com defici\u00eancia, setor que cresce a cada dia -<\/title>\n<meta name=\"robots\" content=\"index, follow, max-snippet:-1, max-image-preview:large, max-video-preview:-1\" \/>\n<link rel=\"canonical\" href=\"https:\/\/inclusivenews.com.br\/?p=27874\" \/>\n<meta property=\"og:locale\" content=\"pt_PT\" \/>\n<meta property=\"og:type\" content=\"article\" \/>\n<meta property=\"og:title\" content=\"Reatech: novas tecnologias para pessoas com defici\u00eancia, setor que cresce a cada dia -\" \/>\n<meta property=\"og:description\" content=\"Maior evento da Am\u00e9rica Latina dedicado as pessoas com defici\u00eancia (PcD), que acontece de 09 a 12 de abril de 2015, no S\u00e3o Paulo Expo Exhibition &amp; Convention Center, a feira re\u00fane, durante quatro dias, a ind\u00fastria nacional e internacional, representada por 300 marcas expositoras de aplicativos, adapta\u00e7\u00f5es veiculares, cadeiras de rodas el\u00e9tricas, pr\u00f3teses e \u00f3rteses, aparelhos auditivos, produtos ortop\u00e9dicos, materiais hospitalares, distribuidores de produtos, educa\u00e7\u00e3o, entidades p\u00fablicas e privadas, entre outros, numa ampla oportunidade de neg\u00f3cios e relacionamento entre empresas do segmento, profissionais do setor e seus consumidores.\" \/>\n<meta property=\"og:url\" content=\"https:\/\/inclusivenews.com.br\/?p=27874\" \/>\n<meta property=\"article:publisher\" content=\"https:\/\/www.facebook.com\/agenciainclusive\/\" \/>\n<meta property=\"article:published_time\" content=\"2015-03-25T13:49:22+00:00\" \/>\n<meta property=\"og:image\" content=\"http:\/\/inclusivenews.com.br\/wp-content\/uploads\/reatech.jpeg\" \/>\n<meta name=\"author\" content=\"inclusivenews2024\" \/>\n<meta name=\"twitter:card\" content=\"summary_large_image\" \/>\n<meta name=\"twitter:label1\" content=\"Escrito por\" \/>\n\t<meta name=\"twitter:data1\" content=\"inclusivenews2024\" \/>\n\t<meta name=\"twitter:label2\" content=\"Tempo estimado de leitura\" \/>\n\t<meta name=\"twitter:data2\" content=\"6 minutos\" \/>\n<script type=\"application\/ld+json\" class=\"yoast-schema-graph\">{\"@context\":\"https:\\\/\\\/schema.org\",\"@graph\":[{\"@type\":\"Article\",\"@id\":\"https:\\\/\\\/inclusivenews.com.br\\\/?p=27874#article\",\"isPartOf\":{\"@id\":\"https:\\\/\\\/inclusivenews.com.br\\\/?p=27874\"},\"author\":{\"name\":\"inclusivenews2024\",\"@id\":\"https:\\\/\\\/inclusivenews.com.br\\\/#\\\/schema\\\/person\\\/ae4ec7087559b8692fb33b6fffd2273b\"},\"headline\":\"Reatech: novas tecnologias para pessoas com defici\u00eancia, setor que cresce a cada dia\",\"datePublished\":\"2015-03-25T13:49:22+00:00\",\"mainEntityOfPage\":{\"@id\":\"https:\\\/\\\/inclusivenews.com.br\\\/?p=27874\"},\"wordCount\":1195,\"commentCount\":1,\"publisher\":{\"@id\":\"https:\\\/\\\/inclusivenews.com.br\\\/#organization\"},\"image\":{\"@id\":\"https:\\\/\\\/inclusivenews.com.br\\\/?p=27874#primaryimage\"},\"thumbnailUrl\":\"http:\\\/\\\/inclusivenews.com.br\\\/wp-content\\\/uploads\\\/reatech.jpeg\",\"articleSection\":[\"Cursos e eventos\",\"INCLUS\u00c3O SOCIAL\"],\"inLanguage\":\"pt-PT\",\"potentialAction\":[{\"@type\":\"CommentAction\",\"name\":\"Comment\",\"target\":[\"https:\\\/\\\/inclusivenews.com.br\\\/?p=27874#respond\"]}]},{\"@type\":\"WebPage\",\"@id\":\"https:\\\/\\\/inclusivenews.com.br\\\/?p=27874\",\"url\":\"https:\\\/\\\/inclusivenews.com.br\\\/?p=27874\",\"name\":\"Reatech: novas tecnologias para pessoas com defici\u00eancia, setor que cresce a cada dia -\",\"isPartOf\":{\"@id\":\"https:\\\/\\\/inclusivenews.com.br\\\/#website\"},\"primaryImageOfPage\":{\"@id\":\"https:\\\/\\\/inclusivenews.com.br\\\/?p=27874#primaryimage\"},\"image\":{\"@id\":\"https:\\\/\\\/inclusivenews.com.br\\\/?p=27874#primaryimage\"},\"thumbnailUrl\":\"http:\\\/\\\/inclusivenews.com.br\\\/wp-content\\\/uploads\\\/reatech.jpeg\",\"datePublished\":\"2015-03-25T13:49:22+00:00\",\"breadcrumb\":{\"@id\":\"https:\\\/\\\/inclusivenews.com.br\\\/?p=27874#breadcrumb\"},\"inLanguage\":\"pt-PT\",\"potentialAction\":[{\"@type\":\"ReadAction\",\"target\":[\"https:\\\/\\\/inclusivenews.com.br\\\/?p=27874\"]}]},{\"@type\":\"ImageObject\",\"inLanguage\":\"pt-PT\",\"@id\":\"https:\\\/\\\/inclusivenews.com.br\\\/?p=27874#primaryimage\",\"url\":\"\",\"contentUrl\":\"\"},{\"@type\":\"BreadcrumbList\",\"@id\":\"https:\\\/\\\/inclusivenews.com.br\\\/?p=27874#breadcrumb\",\"itemListElement\":[{\"@type\":\"ListItem\",\"position\":1,\"name\":\"In\u00edcio\",\"item\":\"https:\\\/\\\/inclusivenews.com.br\\\/\"},{\"@type\":\"ListItem\",\"position\":2,\"name\":\"Reatech: novas tecnologias para pessoas com defici\u00eancia, setor que cresce a cada dia\"}]},{\"@type\":\"WebSite\",\"@id\":\"https:\\\/\\\/inclusivenews.com.br\\\/#website\",\"url\":\"https:\\\/\\\/inclusivenews.com.br\\\/\",\"name\":\"Inclusive News\",\"description\":\"Inclusive News\",\"publisher\":{\"@id\":\"https:\\\/\\\/inclusivenews.com.br\\\/#organization\"},\"potentialAction\":[{\"@type\":\"SearchAction\",\"target\":{\"@type\":\"EntryPoint\",\"urlTemplate\":\"https:\\\/\\\/inclusivenews.com.br\\\/?s={search_term_string}\"},\"query-input\":{\"@type\":\"PropertyValueSpecification\",\"valueRequired\":true,\"valueName\":\"search_term_string\"}}],\"inLanguage\":\"pt-PT\"},{\"@type\":\"Organization\",\"@id\":\"https:\\\/\\\/inclusivenews.com.br\\\/#organization\",\"name\":\"Inclusive - inclus\u00e3o e cidadania\",\"url\":\"https:\\\/\\\/inclusivenews.com.br\\\/\",\"logo\":{\"@type\":\"ImageObject\",\"inLanguage\":\"pt-PT\",\"@id\":\"https:\\\/\\\/inclusivenews.com.br\\\/#\\\/schema\\\/logo\\\/image\\\/\",\"url\":\"https:\\\/\\\/inclusivenews.com.br\\\/wp-content\\\/uploads\\\/2024\\\/03\\\/@grandesite.png\",\"contentUrl\":\"https:\\\/\\\/inclusivenews.com.br\\\/wp-content\\\/uploads\\\/2024\\\/03\\\/@grandesite.png\",\"width\":1080,\"height\":1080,\"caption\":\"Inclusive - inclus\u00e3o e cidadania\"},\"image\":{\"@id\":\"https:\\\/\\\/inclusivenews.com.br\\\/#\\\/schema\\\/logo\\\/image\\\/\"},\"sameAs\":[\"https:\\\/\\\/www.facebook.com\\\/agenciainclusive\\\/\",\"https:\\\/\\\/www.instagram.com\\\/newsinclusive\\\/\"]},{\"@type\":\"Person\",\"@id\":\"https:\\\/\\\/inclusivenews.com.br\\\/#\\\/schema\\\/person\\\/ae4ec7087559b8692fb33b6fffd2273b\",\"name\":\"inclusivenews2024\",\"image\":{\"@type\":\"ImageObject\",\"inLanguage\":\"pt-PT\",\"@id\":\"https:\\\/\\\/secure.gravatar.com\\\/avatar\\\/c5a7ef84c66fa914f55bc4f7ce26cfa275a3b9a1c5568b907bd184fb4dde7b40?s=96&d=mm&r=g\",\"url\":\"https:\\\/\\\/secure.gravatar.com\\\/avatar\\\/c5a7ef84c66fa914f55bc4f7ce26cfa275a3b9a1c5568b907bd184fb4dde7b40?s=96&d=mm&r=g\",\"contentUrl\":\"https:\\\/\\\/secure.gravatar.com\\\/avatar\\\/c5a7ef84c66fa914f55bc4f7ce26cfa275a3b9a1c5568b907bd184fb4dde7b40?s=96&d=mm&r=g\",\"caption\":\"inclusivenews2024\"},\"sameAs\":[\"https:\\\/\\\/inclusivenews.com.br\"],\"url\":\"https:\\\/\\\/inclusivenews.com.br\\\/?author=1\"}]}<\/script>\n<!-- \/ Yoast SEO plugin. -->","yoast_head_json":{"title":"Reatech: novas tecnologias para pessoas com defici\u00eancia, setor que cresce a cada dia -","robots":{"index":"index","follow":"follow","max-snippet":"max-snippet:-1","max-image-preview":"max-image-preview:large","max-video-preview":"max-video-preview:-1"},"canonical":"https:\/\/inclusivenews.com.br\/?p=27874","og_locale":"pt_PT","og_type":"article","og_title":"Reatech: novas tecnologias para pessoas com defici\u00eancia, setor que cresce a cada dia -","og_description":"Maior evento da Am\u00e9rica Latina dedicado as pessoas com defici\u00eancia (PcD), que acontece de 09 a 12 de abril de 2015, no S\u00e3o Paulo Expo Exhibition & Convention Center, a feira re\u00fane, durante quatro dias, a ind\u00fastria nacional e internacional, representada por 300 marcas expositoras de aplicativos, adapta\u00e7\u00f5es veiculares, cadeiras de rodas el\u00e9tricas, pr\u00f3teses e \u00f3rteses, aparelhos auditivos, produtos ortop\u00e9dicos, materiais hospitalares, distribuidores de produtos, educa\u00e7\u00e3o, entidades p\u00fablicas e privadas, entre outros, numa ampla oportunidade de neg\u00f3cios e relacionamento entre empresas do segmento, profissionais do setor e seus consumidores.","og_url":"https:\/\/inclusivenews.com.br\/?p=27874","article_publisher":"https:\/\/www.facebook.com\/agenciainclusive\/","article_published_time":"2015-03-25T13:49:22+00:00","og_image":[{"url":"http:\/\/inclusivenews.com.br\/wp-content\/uploads\/reatech.jpeg","type":"","width":"","height":""}],"author":"inclusivenews2024","twitter_card":"summary_large_image","twitter_misc":{"Escrito por":"inclusivenews2024","Tempo estimado de leitura":"6 minutos"},"schema":{"@context":"https:\/\/schema.org","@graph":[{"@type":"Article","@id":"https:\/\/inclusivenews.com.br\/?p=27874#article","isPartOf":{"@id":"https:\/\/inclusivenews.com.br\/?p=27874"},"author":{"name":"inclusivenews2024","@id":"https:\/\/inclusivenews.com.br\/#\/schema\/person\/ae4ec7087559b8692fb33b6fffd2273b"},"headline":"Reatech: novas tecnologias para pessoas com defici\u00eancia, setor que cresce a cada dia","datePublished":"2015-03-25T13:49:22+00:00","mainEntityOfPage":{"@id":"https:\/\/inclusivenews.com.br\/?p=27874"},"wordCount":1195,"commentCount":1,"publisher":{"@id":"https:\/\/inclusivenews.com.br\/#organization"},"image":{"@id":"https:\/\/inclusivenews.com.br\/?p=27874#primaryimage"},"thumbnailUrl":"http:\/\/inclusivenews.com.br\/wp-content\/uploads\/reatech.jpeg","articleSection":["Cursos e eventos","INCLUS\u00c3O SOCIAL"],"inLanguage":"pt-PT","potentialAction":[{"@type":"CommentAction","name":"Comment","target":["https:\/\/inclusivenews.com.br\/?p=27874#respond"]}]},{"@type":"WebPage","@id":"https:\/\/inclusivenews.com.br\/?p=27874","url":"https:\/\/inclusivenews.com.br\/?p=27874","name":"Reatech: novas tecnologias para pessoas com defici\u00eancia, setor que cresce a cada dia -","isPartOf":{"@id":"https:\/\/inclusivenews.com.br\/#website"},"primaryImageOfPage":{"@id":"https:\/\/inclusivenews.com.br\/?p=27874#primaryimage"},"image":{"@id":"https:\/\/inclusivenews.com.br\/?p=27874#primaryimage"},"thumbnailUrl":"http:\/\/inclusivenews.com.br\/wp-content\/uploads\/reatech.jpeg","datePublished":"2015-03-25T13:49:22+00:00","breadcrumb":{"@id":"https:\/\/inclusivenews.com.br\/?p=27874#breadcrumb"},"inLanguage":"pt-PT","potentialAction":[{"@type":"ReadAction","target":["https:\/\/inclusivenews.com.br\/?p=27874"]}]},{"@type":"ImageObject","inLanguage":"pt-PT","@id":"https:\/\/inclusivenews.com.br\/?p=27874#primaryimage","url":"","contentUrl":""},{"@type":"BreadcrumbList","@id":"https:\/\/inclusivenews.com.br\/?p=27874#breadcrumb","itemListElement":[{"@type":"ListItem","position":1,"name":"In\u00edcio","item":"https:\/\/inclusivenews.com.br\/"},{"@type":"ListItem","position":2,"name":"Reatech: novas tecnologias para pessoas com defici\u00eancia, setor que cresce a cada dia"}]},{"@type":"WebSite","@id":"https:\/\/inclusivenews.com.br\/#website","url":"https:\/\/inclusivenews.com.br\/","name":"Inclusive News","description":"Inclusive News","publisher":{"@id":"https:\/\/inclusivenews.com.br\/#organization"},"potentialAction":[{"@type":"SearchAction","target":{"@type":"EntryPoint","urlTemplate":"https:\/\/inclusivenews.com.br\/?s={search_term_string}"},"query-input":{"@type":"PropertyValueSpecification","valueRequired":true,"valueName":"search_term_string"}}],"inLanguage":"pt-PT"},{"@type":"Organization","@id":"https:\/\/inclusivenews.com.br\/#organization","name":"Inclusive - inclus\u00e3o e cidadania","url":"https:\/\/inclusivenews.com.br\/","logo":{"@type":"ImageObject","inLanguage":"pt-PT","@id":"https:\/\/inclusivenews.com.br\/#\/schema\/logo\/image\/","url":"https:\/\/inclusivenews.com.br\/wp-content\/uploads\/2024\/03\/@grandesite.png","contentUrl":"https:\/\/inclusivenews.com.br\/wp-content\/uploads\/2024\/03\/@grandesite.png","width":1080,"height":1080,"caption":"Inclusive - inclus\u00e3o e cidadania"},"image":{"@id":"https:\/\/inclusivenews.com.br\/#\/schema\/logo\/image\/"},"sameAs":["https:\/\/www.facebook.com\/agenciainclusive\/","https:\/\/www.instagram.com\/newsinclusive\/"]},{"@type":"Person","@id":"https:\/\/inclusivenews.com.br\/#\/schema\/person\/ae4ec7087559b8692fb33b6fffd2273b","name":"inclusivenews2024","image":{"@type":"ImageObject","inLanguage":"pt-PT","@id":"https:\/\/secure.gravatar.com\/avatar\/c5a7ef84c66fa914f55bc4f7ce26cfa275a3b9a1c5568b907bd184fb4dde7b40?s=96&d=mm&r=g","url":"https:\/\/secure.gravatar.com\/avatar\/c5a7ef84c66fa914f55bc4f7ce26cfa275a3b9a1c5568b907bd184fb4dde7b40?s=96&d=mm&r=g","contentUrl":"https:\/\/secure.gravatar.com\/avatar\/c5a7ef84c66fa914f55bc4f7ce26cfa275a3b9a1c5568b907bd184fb4dde7b40?s=96&d=mm&r=g","caption":"inclusivenews2024"},"sameAs":["https:\/\/inclusivenews.com.br"],"url":"https:\/\/inclusivenews.com.br\/?author=1"}]}},"_links":{"self":[{"href":"https:\/\/inclusivenews.com.br\/index.php?rest_route=\/wp\/v2\/posts\/27874","targetHints":{"allow":["GET"]}}],"collection":[{"href":"https:\/\/inclusivenews.com.br\/index.php?rest_route=\/wp\/v2\/posts"}],"about":[{"href":"https:\/\/inclusivenews.com.br\/index.php?rest_route=\/wp\/v2\/types\/post"}],"author":[{"embeddable":true,"href":"https:\/\/inclusivenews.com.br\/index.php?rest_route=\/wp\/v2\/users\/1"}],"replies":[{"embeddable":true,"href":"https:\/\/inclusivenews.com.br\/index.php?rest_route=%2Fwp%2Fv2%2Fcomments&post=27874"}],"version-history":[{"count":0,"href":"https:\/\/inclusivenews.com.br\/index.php?rest_route=\/wp\/v2\/posts\/27874\/revisions"}],"wp:attachment":[{"href":"https:\/\/inclusivenews.com.br\/index.php?rest_route=%2Fwp%2Fv2%2Fmedia&parent=27874"}],"wp:term":[{"taxonomy":"category","embeddable":true,"href":"https:\/\/inclusivenews.com.br\/index.php?rest_route=%2Fwp%2Fv2%2Fcategories&post=27874"},{"taxonomy":"post_tag","embeddable":true,"href":"https:\/\/inclusivenews.com.br\/index.php?rest_route=%2Fwp%2Fv2%2Ftags&post=27874"}],"curies":[{"name":"wp","href":"https:\/\/api.w.org\/{rel}","templated":true}]}}